{"id":131528,"date":"2024-10-23T05:55:53","date_gmt":"2024-10-23T10:55:53","guid":{"rendered":"https:\/\/lospoliticosveracruz.com.mx\/?p=131528"},"modified":"2024-10-23T05:56:13","modified_gmt":"2024-10-23T10:56:13","slug":"fofo-y-alito-la-dupla-que-sepulta-al-pri-en-veracruz","status":"publish","type":"post","link":"https:\/\/lospoliticosveracruz.com\/?p=131528","title":{"rendered":"FOFO Y ALITO, LA DUPLA QUE SEPULTA AL PRI EN VERACRUZ"},"content":{"rendered":"\n<p><strong>Ricardo Chua<\/strong><\/p>\n\n\n\n<p><em>Sale y Vale<\/em><\/p>\n\n\n\n<p>Comenta \u00abGarganta Profunda\u00bb que el dirigente estatal del PRI en Veracruz, Adolfo Ram\u00edrez Arana, en menos de un a\u00f1o que lleva como l\u00edder de este partido, ha logrado lo que parec\u00eda imposible: Llevar al PRI de esta entidad a una irrelevancia absoluta.. Convirti\u00e9ndose el famoso \u00abFofo\u00bb Ram\u00edrez s\u00f3lo en un mero espectador, mientras el organismo pol\u00edtico se desmorona.. Y nadie puede hacer nada para \u00absalvarlo\u00bb.. S\u00f3lo que \u00e9l mismo se vaya del CDE priista..<\/p>\n\n\n\n<p>Pero todo esto qued\u00f3 m\u00e1s que claro.. En la reciente visita de Ram\u00edrez Arana, que realiz\u00f3 en su calidad de presidente del partido en el sur de la entidad, como parte de una gira de trabajo.. Lo cual dej\u00f3 el claro reflejo de que el \u00abFofo\u00bb es s\u00f3lo un dirigente pol\u00edtico, que s\u00f3lo le gusta simular que trabaja, pero que en realidad en este momento, se encuentra m\u00e1s preocupado por perpetuarse en el poder como presidente de partido.. Que por rescatar a un organismo que agoniza..Todo se derrumba..<\/p>\n\n\n\n<p>Al menos, eso se vio durante su visita a Coatzacoalcos.. Ya que al llegar, el \u00abFofo\u00bb en vez de fortalecer la estructura del PRI y buscar una verdadera re-conexi\u00f3n con las bases.. Ram\u00edrez Arana prefiri\u00f3 reunirse con s\u00f3lo un pu\u00f1ado de personajes que parecen m\u00e1s a \u00abfantasmas\u00bb de un pasado glorioso, que representantes de un partido con futuro. Finalmente, lo que quer\u00eda era tener un AUDITORIO CONTROLADO.. Para que \u00e9l no fuera objeto de cr\u00edticas o ataques pol\u00edticos.. SE CUID\u00d3..<\/p>\n\n\n\n<p>Tambi\u00e9n en esta gira.. Qued\u00f3 patente que Ram\u00edrez Arana y sus allegados prefieren realizar una reuni\u00f3n de trabajo en un sal\u00f3n prestado, que en vez de irlo hacer en la sede del partido tricolor.. Lo cual hasta pareciera que demuestran el desprecio que \u00e9l y su equipo sienten por las siglas que deber\u00edan representar.. Si ni siquiera valoran sus propios espacios.. Con esas caracter\u00edsticas.. Es que salta a la pregunta.. \u00bfC\u00f3mo podr\u00edan inspirar a las bases a luchar por ellos?..<\/p>\n\n\n\n<p>Sin embargo, con todos estos datos y el a\u00f1o que lleva en la dirigencia estatal.. Es demasiado alarmante, lo que respecta, en la complacencia de Alejandro \u201cAlito\u201d Moreno C\u00e1rdenas, quien desde la dirigencia nacional parece mirar hacia otro lado.. Mientras l\u00edderes como Adolfo Ram\u00edrez Arana \u00abhunden\u00bb al PRI en los 212 municipios de Veracruz para la elecci\u00f3n a las alcald\u00edas.. Pero aqu\u00ed la estrategia de ambos parece ser clara: aferrarse a sus cargos, simulando actividad, mientras los municipios veracruzanos caen uno a uno en el olvido.<\/p>\n\n\n\n<p>As\u00ed que tambi\u00e9n en este caso es claro que para \u00abAlito\u00bb Morenos C\u00e1rdenas.. La perpetuaci\u00f3n en el poder de estos personajes.. Le parece m\u00e1s importante que poder rescatar lo que queda del PRI, ya sea en Coatzacoalcos, Minatitl\u00e1n o Agua Dulce.. Ram\u00edrez Arana ha abandonado a su suerte al PRI en todo el estado, permitiendo que los comit\u00e9s municipales sean vac\u00edos monumentos de un partido que alguna vez fue grande..<\/p>\n\n\n\n<p>Mientras tanto, \u00abAlito\u00bb Moreno sigue complaciente, validando a estos dirigentes que solo buscan mantenerse a flote en un mar de mediocridad.. Adolfo Ram\u00edrez no solo est\u00e1 permitiendo que el PRI desaparezca en Veracruz: Est\u00e1 siendo el art\u00edfice de su extinci\u00f3n. Y lo m\u00e1s grave es que cuenta con la venia de la dirigencia nacional, que no dice nada.. Pero, al menos, la historia los recordar\u00e1 no como l\u00edderes, sino como los \u00absepultureros\u00bb del PRI en Veracruz.. REQUIEM.. .<\/p>\n","protected":false},"excerpt":{"rendered":"<p>Ricardo Chua Sale y Vale Comenta \u00abGarganta Profunda\u00bb que el dirigente estatal del PRI en Veracruz, Adolfo Ram\u00edrez Arana, en menos de un a\u00f1o que lleva como l\u00edder de este partido, ha logrado lo que parec\u00eda imposible: Llevar al PRI de esta entidad a una irrelevancia absoluta.. Convirti\u00e9ndose el famoso \u00abFofo\u00bb Ram\u00edrez s\u00f3lo en un [&hellip;]<\/p>\n","protected":false},"author":2,"featured_media":119817,"comment_status":"closed","ping_status":"closed","sticky":false,"template":"","format":"standard","meta":{"tdm_status":"","tdm_grid_status":"","footnotes":""},"categories":[70],"tags":[24359,195],"class_list":{"0":"post-131528","1":"post","2":"type-post","3":"status-publish","4":"format-standard","5":"has-post-thumbnail","7":"category-de-opinion","8":"tag-alito-moreno","9":"tag-veracruz"},"yoast_head":"<!-- This site is optimized with the Yoast SEO plugin v27.4 - https:\/\/yoast.com\/product\/yoast-seo-wordpress\/ -->\n<title>FOFO Y ALITO, LA DUPLA QUE SEPULTA AL PRI EN VERACRUZ - Los pol\u00edticos Veracruz<\/title>\n<meta name=\"robots\" content=\"index, follow, max-snippet:-1, max-image-preview:large, max-video-preview:-1\" \/>\n<link rel=\"canonical\" href=\"https:\/\/lospoliticosveracruz.com\/?p=131528\" \/>\n<meta property=\"og:locale\" content=\"es_ES\" \/>\n<meta property=\"og:type\" content=\"article\" \/>\n<meta property=\"og:title\" content=\"FOFO Y ALITO, LA DUPLA QUE SEPULTA AL PRI EN VERACRUZ - Los pol\u00edticos Veracruz\" \/>\n<meta property=\"og:description\" content=\"Ricardo Chua Sale y Vale Comenta \u00abGarganta Profunda\u00bb que el dirigente estatal del PRI en Veracruz, Adolfo Ram\u00edrez Arana, en menos de un a\u00f1o que lleva como l\u00edder de este partido, ha logrado lo que parec\u00eda imposible: Llevar al PRI de esta entidad a una irrelevancia absoluta.. Convirti\u00e9ndose el famoso \u00abFofo\u00bb Ram\u00edrez s\u00f3lo en un [&hellip;]\" \/>\n<meta property=\"og:url\" content=\"https:\/\/lospoliticosveracruz.com\/?p=131528\" \/>\n<meta property=\"og:site_name\" content=\"Los pol\u00edticos Veracruz\" \/>\n<meta property=\"article:publisher\" content=\"https:\/\/www.facebook.com\/people\/Notimemes-de-los-Polticos\/61565672886568\/\" \/>\n<meta property=\"article:published_time\" content=\"2024-10-23T10:55:53+00:00\" \/>\n<meta property=\"article:modified_time\" content=\"2024-10-23T10:56:13+00:00\" \/>\n<meta property=\"og:image\" content=\"https:\/\/lospoliticosveracruz.com\/wp-content\/uploads\/2024\/03\/Ricardo-Chua.jpg\" \/>\n\t<meta property=\"og:image:width\" content=\"1250\" \/>\n\t<meta property=\"og:image:height\" content=\"667\" \/>\n\t<meta property=\"og:image:type\" content=\"image\/jpeg\" \/>\n<meta name=\"author\" content=\"Lo viste en Los Pol\u00edticos\" \/>\n<meta name=\"twitter:card\" content=\"summary_large_image\" \/>\n<meta name=\"twitter:creator\" content=\"@LosPoliticosVer\" \/>\n<meta name=\"twitter:site\" content=\"@LosPoliticosVer\" \/>\n<meta name=\"twitter:label1\" content=\"Escrito por\" \/>\n\t<meta name=\"twitter:data1\" content=\"Lo viste en Los Pol\u00edticos\" \/>\n\t<meta name=\"twitter:label2\" content=\"Tiempo de lectura\" \/>\n\t<meta name=\"twitter:data2\" content=\"3 minutos\" \/>\n<script type=\"application\/ld+json\" class=\"yoast-schema-graph\">{\"@context\":\"https:\\\/\\\/schema.org\",\"@graph\":[{\"@type\":\"Article\",\"@id\":\"https:\\\/\\\/lospoliticosveracruz.com\\\/?p=131528#article\",\"isPartOf\":{\"@id\":\"https:\\\/\\\/lospoliticosveracruz.com\\\/?p=131528\"},\"author\":{\"name\":\"Lo viste en Los Pol\u00edticos\",\"@id\":\"https:\\\/\\\/lospoliticosveracruz.com\\\/#\\\/schema\\\/person\\\/b8702bb0e538456e6efd07080bf2a4a2\"},\"headline\":\"FOFO Y ALITO, LA DUPLA QUE SEPULTA AL PRI EN VERACRUZ\",\"datePublished\":\"2024-10-23T10:55:53+00:00\",\"dateModified\":\"2024-10-23T10:56:13+00:00\",\"mainEntityOfPage\":{\"@id\":\"https:\\\/\\\/lospoliticosveracruz.com\\\/?p=131528\"},\"wordCount\":621,\"publisher\":{\"@id\":\"https:\\\/\\\/lospoliticosveracruz.com\\\/#organization\"},\"image\":{\"@id\":\"https:\\\/\\\/lospoliticosveracruz.com\\\/?p=131528#primaryimage\"},\"thumbnailUrl\":\"https:\\\/\\\/lospoliticosveracruz.com\\\/wp-content\\\/uploads\\\/2024\\\/03\\\/Ricardo-Chua.jpg\",\"keywords\":[\"Alito Moreno\",\"Veracruz\"],\"articleSection\":[\"De Opini\u00f3n\"],\"inLanguage\":\"es\"},{\"@type\":\"WebPage\",\"@id\":\"https:\\\/\\\/lospoliticosveracruz.com\\\/?p=131528\",\"url\":\"https:\\\/\\\/lospoliticosveracruz.com\\\/?p=131528\",\"name\":\"FOFO Y ALITO, LA DUPLA QUE SEPULTA AL PRI EN VERACRUZ - Los pol\u00edticos Veracruz\",\"isPartOf\":{\"@id\":\"https:\\\/\\\/lospoliticosveracruz.com\\\/#website\"},\"primaryImageOfPage\":{\"@id\":\"https:\\\/\\\/lospoliticosveracruz.com\\\/?p=131528#primaryimage\"},\"image\":{\"@id\":\"https:\\\/\\\/lospoliticosveracruz.com\\\/?p=131528#primaryimage\"},\"thumbnailUrl\":\"https:\\\/\\\/lospoliticosveracruz.com\\\/wp-content\\\/uploads\\\/2024\\\/03\\\/Ricardo-Chua.jpg\",\"datePublished\":\"2024-10-23T10:55:53+00:00\",\"dateModified\":\"2024-10-23T10:56:13+00:00\",\"breadcrumb\":{\"@id\":\"https:\\\/\\\/lospoliticosveracruz.com\\\/?p=131528#breadcrumb\"},\"inLanguage\":\"es\",\"potentialAction\":[{\"@type\":\"ReadAction\",\"target\":[\"https:\\\/\\\/lospoliticosveracruz.com\\\/?p=131528\"]}]},{\"@type\":\"ImageObject\",\"inLanguage\":\"es\",\"@id\":\"https:\\\/\\\/lospoliticosveracruz.com\\\/?p=131528#primaryimage\",\"url\":\"https:\\\/\\\/lospoliticosveracruz.com\\\/wp-content\\\/uploads\\\/2024\\\/03\\\/Ricardo-Chua.jpg\",\"contentUrl\":\"https:\\\/\\\/lospoliticosveracruz.com\\\/wp-content\\\/uploads\\\/2024\\\/03\\\/Ricardo-Chua.jpg\",\"width\":1250,\"height\":667},{\"@type\":\"BreadcrumbList\",\"@id\":\"https:\\\/\\\/lospoliticosveracruz.com\\\/?p=131528#breadcrumb\",\"itemListElement\":[{\"@type\":\"ListItem\",\"position\":1,\"name\":\"Portada\",\"item\":\"https:\\\/\\\/lospoliticosveracruz.com\\\/\"},{\"@type\":\"ListItem\",\"position\":2,\"name\":\"FOFO Y ALITO, LA DUPLA QUE SEPULTA AL PRI EN VERACRUZ\"}]},{\"@type\":\"WebSite\",\"@id\":\"https:\\\/\\\/lospoliticosveracruz.com\\\/#website\",\"url\":\"https:\\\/\\\/lospoliticosveracruz.com\\\/\",\"name\":\"Los pol\u00edticos Veracruz\",\"description\":\"\",\"publisher\":{\"@id\":\"https:\\\/\\\/lospoliticosveracruz.com\\\/#organization\"},\"potentialAction\":[{\"@type\":\"SearchAction\",\"target\":{\"@type\":\"EntryPoint\",\"urlTemplate\":\"https:\\\/\\\/lospoliticosveracruz.com\\\/?s={search_term_string}\"},\"query-input\":{\"@type\":\"PropertyValueSpecification\",\"valueRequired\":true,\"valueName\":\"search_term_string\"}}],\"inLanguage\":\"es\"},{\"@type\":\"Organization\",\"@id\":\"https:\\\/\\\/lospoliticosveracruz.com\\\/#organization\",\"name\":\"Los pol\u00edticos Veracruz\",\"url\":\"https:\\\/\\\/lospoliticosveracruz.com\\\/\",\"logo\":{\"@type\":\"ImageObject\",\"inLanguage\":\"es\",\"@id\":\"https:\\\/\\\/lospoliticosveracruz.com\\\/#\\\/schema\\\/logo\\\/image\\\/\",\"url\":\"https:\\\/\\\/lospoliticosveracruz.com\\\/wp-content\\\/uploads\\\/2025\\\/12\\\/Logo-Nuevo-LOS-POLITICOS-1.jpg\",\"contentUrl\":\"https:\\\/\\\/lospoliticosveracruz.com\\\/wp-content\\\/uploads\\\/2025\\\/12\\\/Logo-Nuevo-LOS-POLITICOS-1.jpg\",\"width\":260,\"height\":70,\"caption\":\"Los pol\u00edticos Veracruz\"},\"image\":{\"@id\":\"https:\\\/\\\/lospoliticosveracruz.com\\\/#\\\/schema\\\/logo\\\/image\\\/\"},\"sameAs\":[\"https:\\\/\\\/www.facebook.com\\\/people\\\/Notimemes-de-los-Polticos\\\/61565672886568\\\/\",\"https:\\\/\\\/x.com\\\/LosPoliticosVer\"]},{\"@type\":\"Person\",\"@id\":\"https:\\\/\\\/lospoliticosveracruz.com\\\/#\\\/schema\\\/person\\\/b8702bb0e538456e6efd07080bf2a4a2\",\"name\":\"Lo viste en Los Pol\u00edticos\",\"image\":{\"@type\":\"ImageObject\",\"inLanguage\":\"es\",\"@id\":\"https:\\\/\\\/secure.gravatar.com\\\/avatar\\\/3a8de04a2656d44082be478bd6c086daa447c4651605818287b9532d3d0bd435?s=96&d=mm&r=g\",\"url\":\"https:\\\/\\\/secure.gravatar.com\\\/avatar\\\/3a8de04a2656d44082be478bd6c086daa447c4651605818287b9532d3d0bd435?s=96&d=mm&r=g\",\"contentUrl\":\"https:\\\/\\\/secure.gravatar.com\\\/avatar\\\/3a8de04a2656d44082be478bd6c086daa447c4651605818287b9532d3d0bd435?s=96&d=mm&r=g\",\"caption\":\"Lo viste en Los Pol\u00edticos\"},\"url\":\"https:\\\/\\\/lospoliticosveracruz.com\\\/?author=2\"}]}<\/script>\n<!-- \/ Yoast SEO plugin. -->","yoast_head_json":{"title":"FOFO Y ALITO, LA DUPLA QUE SEPULTA AL PRI EN VERACRUZ - Los pol\u00edticos Veracruz","robots":{"index":"index","follow":"follow","max-snippet":"max-snippet:-1","max-image-preview":"max-image-preview:large","max-video-preview":"max-video-preview:-1"},"canonical":"https:\/\/lospoliticosveracruz.com\/?p=131528","og_locale":"es_ES","og_type":"article","og_title":"FOFO Y ALITO, LA DUPLA QUE SEPULTA AL PRI EN VERACRUZ - Los pol\u00edticos Veracruz","og_description":"Ricardo Chua Sale y Vale Comenta \u00abGarganta Profunda\u00bb que el dirigente estatal del PRI en Veracruz, Adolfo Ram\u00edrez Arana, en menos de un a\u00f1o que lleva como l\u00edder de este partido, ha logrado lo que parec\u00eda imposible: Llevar al PRI de esta entidad a una irrelevancia absoluta.. Convirti\u00e9ndose el famoso \u00abFofo\u00bb Ram\u00edrez s\u00f3lo en un [&hellip;]","og_url":"https:\/\/lospoliticosveracruz.com\/?p=131528","og_site_name":"Los pol\u00edticos Veracruz","article_publisher":"https:\/\/www.facebook.com\/people\/Notimemes-de-los-Polticos\/61565672886568\/","article_published_time":"2024-10-23T10:55:53+00:00","article_modified_time":"2024-10-23T10:56:13+00:00","og_image":[{"width":1250,"height":667,"url":"https:\/\/lospoliticosveracruz.com\/wp-content\/uploads\/2024\/03\/Ricardo-Chua.jpg","type":"image\/jpeg"}],"author":"Lo viste en Los Pol\u00edticos","twitter_card":"summary_large_image","twitter_creator":"@LosPoliticosVer","twitter_site":"@LosPoliticosVer","twitter_misc":{"Escrito por":"Lo viste en Los Pol\u00edticos","Tiempo de lectura":"3 minutos"},"schema":{"@context":"https:\/\/schema.org","@graph":[{"@type":"Article","@id":"https:\/\/lospoliticosveracruz.com\/?p=131528#article","isPartOf":{"@id":"https:\/\/lospoliticosveracruz.com\/?p=131528"},"author":{"name":"Lo viste en Los Pol\u00edticos","@id":"https:\/\/lospoliticosveracruz.com\/#\/schema\/person\/b8702bb0e538456e6efd07080bf2a4a2"},"headline":"FOFO Y ALITO, LA DUPLA QUE SEPULTA AL PRI EN VERACRUZ","datePublished":"2024-10-23T10:55:53+00:00","dateModified":"2024-10-23T10:56:13+00:00","mainEntityOfPage":{"@id":"https:\/\/lospoliticosveracruz.com\/?p=131528"},"wordCount":621,"publisher":{"@id":"https:\/\/lospoliticosveracruz.com\/#organization"},"image":{"@id":"https:\/\/lospoliticosveracruz.com\/?p=131528#primaryimage"},"thumbnailUrl":"https:\/\/lospoliticosveracruz.com\/wp-content\/uploads\/2024\/03\/Ricardo-Chua.jpg","keywords":["Alito Moreno","Veracruz"],"articleSection":["De Opini\u00f3n"],"inLanguage":"es"},{"@type":"WebPage","@id":"https:\/\/lospoliticosveracruz.com\/?p=131528","url":"https:\/\/lospoliticosveracruz.com\/?p=131528","name":"FOFO Y ALITO, LA DUPLA QUE SEPULTA AL PRI EN VERACRUZ - Los pol\u00edticos Veracruz","isPartOf":{"@id":"https:\/\/lospoliticosveracruz.com\/#website"},"primaryImageOfPage":{"@id":"https:\/\/lospoliticosveracruz.com\/?p=131528#primaryimage"},"image":{"@id":"https:\/\/lospoliticosveracruz.com\/?p=131528#primaryimage"},"thumbnailUrl":"https:\/\/lospoliticosveracruz.com\/wp-content\/uploads\/2024\/03\/Ricardo-Chua.jpg","datePublished":"2024-10-23T10:55:53+00:00","dateModified":"2024-10-23T10:56:13+00:00","breadcrumb":{"@id":"https:\/\/lospoliticosveracruz.com\/?p=131528#breadcrumb"},"inLanguage":"es","potentialAction":[{"@type":"ReadAction","target":["https:\/\/lospoliticosveracruz.com\/?p=131528"]}]},{"@type":"ImageObject","inLanguage":"es","@id":"https:\/\/lospoliticosveracruz.com\/?p=131528#primaryimage","url":"https:\/\/lospoliticosveracruz.com\/wp-content\/uploads\/2024\/03\/Ricardo-Chua.jpg","contentUrl":"https:\/\/lospoliticosveracruz.com\/wp-content\/uploads\/2024\/03\/Ricardo-Chua.jpg","width":1250,"height":667},{"@type":"BreadcrumbList","@id":"https:\/\/lospoliticosveracruz.com\/?p=131528#breadcrumb","itemListElement":[{"@type":"ListItem","position":1,"name":"Portada","item":"https:\/\/lospoliticosveracruz.com\/"},{"@type":"ListItem","position":2,"name":"FOFO Y ALITO, LA DUPLA QUE SEPULTA AL PRI EN VERACRUZ"}]},{"@type":"WebSite","@id":"https:\/\/lospoliticosveracruz.com\/#website","url":"https:\/\/lospoliticosveracruz.com\/","name":"Los pol\u00edticos Veracruz","description":"","publisher":{"@id":"https:\/\/lospoliticosveracruz.com\/#organization"},"potentialAction":[{"@type":"SearchAction","target":{"@type":"EntryPoint","urlTemplate":"https:\/\/lospoliticosveracruz.com\/?s={search_term_string}"},"query-input":{"@type":"PropertyValueSpecification","valueRequired":true,"valueName":"search_term_string"}}],"inLanguage":"es"},{"@type":"Organization","@id":"https:\/\/lospoliticosveracruz.com\/#organization","name":"Los pol\u00edticos Veracruz","url":"https:\/\/lospoliticosveracruz.com\/","logo":{"@type":"ImageObject","inLanguage":"es","@id":"https:\/\/lospoliticosveracruz.com\/#\/schema\/logo\/image\/","url":"https:\/\/lospoliticosveracruz.com\/wp-content\/uploads\/2025\/12\/Logo-Nuevo-LOS-POLITICOS-1.jpg","contentUrl":"https:\/\/lospoliticosveracruz.com\/wp-content\/uploads\/2025\/12\/Logo-Nuevo-LOS-POLITICOS-1.jpg","width":260,"height":70,"caption":"Los pol\u00edticos Veracruz"},"image":{"@id":"https:\/\/lospoliticosveracruz.com\/#\/schema\/logo\/image\/"},"sameAs":["https:\/\/www.facebook.com\/people\/Notimemes-de-los-Polticos\/61565672886568\/","https:\/\/x.com\/LosPoliticosVer"]},{"@type":"Person","@id":"https:\/\/lospoliticosveracruz.com\/#\/schema\/person\/b8702bb0e538456e6efd07080bf2a4a2","name":"Lo viste en Los Pol\u00edticos","image":{"@type":"ImageObject","inLanguage":"es","@id":"https:\/\/secure.gravatar.com\/avatar\/3a8de04a2656d44082be478bd6c086daa447c4651605818287b9532d3d0bd435?s=96&d=mm&r=g","url":"https:\/\/secure.gravatar.com\/avatar\/3a8de04a2656d44082be478bd6c086daa447c4651605818287b9532d3d0bd435?s=96&d=mm&r=g","contentUrl":"https:\/\/secure.gravatar.com\/avatar\/3a8de04a2656d44082be478bd6c086daa447c4651605818287b9532d3d0bd435?s=96&d=mm&r=g","caption":"Lo viste en Los Pol\u00edticos"},"url":"https:\/\/lospoliticosveracruz.com\/?author=2"}]}},"_links":{"self":[{"href":"https:\/\/lospoliticosveracruz.com\/index.php?rest_route=\/wp\/v2\/posts\/131528","targetHints":{"allow":["GET"]}}],"collection":[{"href":"https:\/\/lospoliticosveracruz.com\/index.php?rest_route=\/wp\/v2\/posts"}],"about":[{"href":"https:\/\/lospoliticosveracruz.com\/index.php?rest_route=\/wp\/v2\/types\/post"}],"author":[{"embeddable":true,"href":"https:\/\/lospoliticosveracruz.com\/index.php?rest_route=\/wp\/v2\/users\/2"}],"replies":[{"embeddable":true,"href":"https:\/\/lospoliticosveracruz.com\/index.php?rest_route=%2Fwp%2Fv2%2Fcomments&post=131528"}],"version-history":[{"count":1,"href":"https:\/\/lospoliticosveracruz.com\/index.php?rest_route=\/wp\/v2\/posts\/131528\/revisions"}],"predecessor-version":[{"id":131529,"href":"https:\/\/lospoliticosveracruz.com\/index.php?rest_route=\/wp\/v2\/posts\/131528\/revisions\/131529"}],"wp:featuredmedia":[{"embeddable":true,"href":"https:\/\/lospoliticosveracruz.com\/index.php?rest_route=\/wp\/v2\/media\/119817"}],"wp:attachment":[{"href":"https:\/\/lospoliticosveracruz.com\/index.php?rest_route=%2Fwp%2Fv2%2Fmedia&parent=131528"}],"wp:term":[{"taxonomy":"category","embeddable":true,"href":"https:\/\/lospoliticosveracruz.com\/index.php?rest_route=%2Fwp%2Fv2%2Fcategories&post=131528"},{"taxonomy":"post_tag","embeddable":true,"href":"https:\/\/lospoliticosveracruz.com\/index.php?rest_route=%2Fwp%2Fv2%2Ftags&post=131528"}],"curies":[{"name":"wp","href":"https:\/\/api.w.org\/{rel}","templated":true}]}}