{"id":131530,"date":"2024-10-23T06:03:04","date_gmt":"2024-10-23T11:03:04","guid":{"rendered":"https:\/\/lospoliticosveracruz.com.mx\/?p=131530"},"modified":"2024-10-23T06:03:15","modified_gmt":"2024-10-23T11:03:15","slug":"alla-vamos-todos","status":"publish","type":"post","link":"https:\/\/lospoliticosveracruz.com\/?p=131530","title":{"rendered":"ALL\u00c1 VAMOS TODOS"},"content":{"rendered":"\n<p><br><strong>Bernardo Guti\u00e9rrez Parra<\/strong><\/p>\n\n\n\n<p><em>Desde el Caf\u00e9<\/em><br>Circula un video que es la pura botana y por obvias razones se ha hecho viral. La escena se desarrolla en la Facultad de Derecho de la Universidad de Harvard, a donde fue el ministro Alfredo Guti\u00e9rrez Ortiz Mena. \u00bfA qu\u00e9? qui\u00e9n sabe, pero ah\u00ed estaba; sentado junto a cuatro catedr\u00e1ticos harvadianos.<\/p>\n\n\n\n<p>Todo iba bien hasta que alguien le pregunt\u00f3 sobre los requisitos para obtener un asiento en la Suprema Corte y para ser juez. Y el ministro tuvo el mal tino de contestar.<\/p>\n\n\n\n<p>\u201cTodas las juezas y jueces de los tribunales de distrito tendr\u00e1n que ser elegidos. Ahora, los requisitos para ser elegidos (y no bromeo) es tener un excelente promedio de 8, nuestra Constituci\u00f3n dice eso ahora, y cinco cartas de recomendaci\u00f3n de tus vecinos. Si cumples con esos requisitos te pueden proponer a la Suprema Corte siempre que ganes la elecci\u00f3n\u201d, expuso.<\/p>\n\n\n\n<p>Para cuando dijo lo de las cinco cartas de recomendaci\u00f3n, las risas de los catedr\u00e1ticos hab\u00edan estallado. \u201c\u00a1What a mess! Le preguntamos por los requisitos para ser juez y nos dio los que piden para ser profe en las universidades Benito Ju\u00e1rez\u201d.<\/p>\n\n\n\n<p>Las risas llegaron a o\u00eddos de la Presidenta Claudia Sheinbaum que se envolvi\u00f3 en la bandera\u2026 y se lanz\u00f3 al rid\u00edculo.<\/p>\n\n\n\n<p>\u201cNadie se burla de los mexicanos y las mexicanas. El pueblo de M\u00e9xico tom\u00f3 una decisi\u00f3n y la elecci\u00f3n de jueces y juezas. A mi me toca defender a mi pueblo y a mi pa\u00eds y a mi patria y a todos los mexicanos tambi\u00e9n (sic). Entonces, ser\u00e1 muy reconocida la escuela de Harvard, pero ser\u00eda bueno que hiciera una investigaci\u00f3n sobre la corrupci\u00f3n en el Poder Judicial mexicano. Y c\u00f3mo en M\u00e9xico se toma una decisi\u00f3n que existe en Estados Unidos. Vamos a dar un ejemplo al mundo con la reforma al Poder Judicial, estoy segura. Aunque los de Harvard no est\u00e9n de acuerdo\u201d.<\/p>\n\n\n\n<p>Futa\u2026<\/p>\n\n\n\n<p>De entrada, nadie se est\u00e1 burlando de M\u00e9xico ni de los mexicanos. Los catedr\u00e1ticos harvadianos se rieron al saber que para ser juez en nuestro pa\u00eds, piden los mismos requisitos que para chambear en un OXXO o ser agente de tr\u00e1nsito.<\/p>\n\n\n\n<p>Es falso que \u201cel pueblo\u201d haya tomado la decisi\u00f3n de elegir a juezas y jueces. La decisi\u00f3n la tom\u00f3 Andr\u00e9s Manuel L\u00f3pez Obrador y le hicieron segunda la caterva de leguleyos que le deben la chamba. Y Claudia Sheinbaum le debe la presidencia de la Rep\u00fablica.<\/p>\n\n\n\n<p>La Universidad de Harvard debe tener en los estantes de su envidiable biblioteca, m\u00ednimo cien tesis que hablan sobre la corrupci\u00f3n del Poder Judicial mexicano y su manera de erradicarla; por algo son tesis. Lo mismo que decenas de investigaciones sobre el tema. \u00bfNo lo sabe la Presidenta?<\/p>\n\n\n\n<p>Claudia asegura que los jueces se elegir\u00e1n como se hace en Estados Unidos, pero eso es una mentira y es tomarle el pelo a sus gobernados. Los \u00fanicos togados que se eligen en aquel pa\u00eds son los de los condados que atienden pleitos familiares o robos de poca monta. Los jueces de la Suprema Corte jam\u00e1s han sido votados ni salieron de una t\u00f3mbola ni fueron recomendados por sus vecinos.<\/p>\n\n\n\n<p>\u00bfQue con la reforma judicial daremos un ejemplo al mundo? Ooota\u2026Hasta yo que no soy catedr\u00e1tico de Harvard solt\u00e9 la risa al escuchar semejante barbaridad.<\/p>\n\n\n\n<p>Lo que pretende hacer Claudia no es para un pa\u00eds que es la doceava econom\u00eda mundial.<\/p>\n\n\n\n<p>Pero all\u00e1 vamos, a hacer historia, a ense\u00f1arle a la humanidad c\u00f3mo debe ejercerse la justicia con jueces y magistrados ignorantes pero populares, que tienen 8 de calificaci\u00f3n y cinco cartas de recomendaci\u00f3n.<\/p>\n\n\n\n<p>Siguiendo las ordenes de un tabasque\u00f1o rencoroso y acomplejado que a\u00fan manda en este pa\u00eds, all\u00e1 vamos todos. A apechugar con una reforma judicial que demoler\u00e1 nuestra democracia, y a ser el hazmerre\u00edr del mundo.<\/p>\n\n\n\n<p>bernardogup@hotmail.com<\/p>\n","protected":false},"excerpt":{"rendered":"<p>Bernardo Guti\u00e9rrez Parra Desde el Caf\u00e9Circula un video que es la pura botana y por obvias razones se ha hecho viral. La escena se desarrolla en la Facultad de Derecho de la Universidad de Harvard, a donde fue el ministro Alfredo Guti\u00e9rrez Ortiz Mena. \u00bfA qu\u00e9? qui\u00e9n sabe, pero ah\u00ed estaba; sentado junto a cuatro [&hellip;]<\/p>\n","protected":false},"author":2,"featured_media":119914,"comment_status":"closed","ping_status":"closed","sticky":false,"template":"","format":"standard","meta":{"tdm_status":"","tdm_grid_status":"","footnotes":""},"categories":[70],"tags":[9627,19476,10796,20748],"class_list":{"0":"post-131530","1":"post","2":"type-post","3":"status-publish","4":"format-standard","5":"has-post-thumbnail","7":"category-de-opinion","8":"tag-claudia-sheinbaum","9":"tag-jueces","10":"tag-magistrados","11":"tag-universidad-de-harvard"},"yoast_head":"<!-- This site is optimized with the Yoast SEO plugin v27.4 - https:\/\/yoast.com\/product\/yoast-seo-wordpress\/ -->\n<title>ALL\u00c1 VAMOS TODOS - Los pol\u00edticos Veracruz<\/title>\n<meta name=\"robots\" content=\"index, follow, max-snippet:-1, max-image-preview:large, max-video-preview:-1\" \/>\n<link rel=\"canonical\" href=\"https:\/\/lospoliticosveracruz.com\/?p=131530\" \/>\n<meta property=\"og:locale\" content=\"es_ES\" \/>\n<meta property=\"og:type\" content=\"article\" \/>\n<meta property=\"og:title\" content=\"ALL\u00c1 VAMOS TODOS - Los pol\u00edticos Veracruz\" \/>\n<meta property=\"og:description\" content=\"Bernardo Guti\u00e9rrez Parra Desde el Caf\u00e9Circula un video que es la pura botana y por obvias razones se ha hecho viral. La escena se desarrolla en la Facultad de Derecho de la Universidad de Harvard, a donde fue el ministro Alfredo Guti\u00e9rrez Ortiz Mena. \u00bfA qu\u00e9? qui\u00e9n sabe, pero ah\u00ed estaba; sentado junto a cuatro [&hellip;]\" \/>\n<meta property=\"og:url\" content=\"https:\/\/lospoliticosveracruz.com\/?p=131530\" \/>\n<meta property=\"og:site_name\" content=\"Los pol\u00edticos Veracruz\" \/>\n<meta property=\"article:publisher\" content=\"https:\/\/www.facebook.com\/people\/Notimemes-de-los-Polticos\/61565672886568\/\" \/>\n<meta property=\"article:published_time\" content=\"2024-10-23T11:03:04+00:00\" \/>\n<meta property=\"article:modified_time\" content=\"2024-10-23T11:03:15+00:00\" \/>\n<meta property=\"og:image\" content=\"https:\/\/lospoliticosveracruz.com\/wp-content\/uploads\/2024\/03\/Bernardo.jpg\" \/>\n\t<meta property=\"og:image:width\" content=\"1250\" \/>\n\t<meta property=\"og:image:height\" content=\"667\" \/>\n\t<meta property=\"og:image:type\" content=\"image\/jpeg\" \/>\n<meta name=\"author\" content=\"Lo viste en Los Pol\u00edticos\" \/>\n<meta name=\"twitter:card\" content=\"summary_large_image\" \/>\n<meta name=\"twitter:creator\" content=\"@LosPoliticosVer\" \/>\n<meta name=\"twitter:site\" content=\"@LosPoliticosVer\" \/>\n<meta name=\"twitter:label1\" content=\"Escrito por\" \/>\n\t<meta name=\"twitter:data1\" content=\"Lo viste en Los Pol\u00edticos\" \/>\n\t<meta name=\"twitter:label2\" content=\"Tiempo de lectura\" \/>\n\t<meta name=\"twitter:data2\" content=\"3 minutos\" \/>\n<script type=\"application\/ld+json\" class=\"yoast-schema-graph\">{\"@context\":\"https:\\\/\\\/schema.org\",\"@graph\":[{\"@type\":\"Article\",\"@id\":\"https:\\\/\\\/lospoliticosveracruz.com\\\/?p=131530#article\",\"isPartOf\":{\"@id\":\"https:\\\/\\\/lospoliticosveracruz.com\\\/?p=131530\"},\"author\":{\"name\":\"Lo viste en Los Pol\u00edticos\",\"@id\":\"https:\\\/\\\/lospoliticosveracruz.com\\\/#\\\/schema\\\/person\\\/b8702bb0e538456e6efd07080bf2a4a2\"},\"headline\":\"ALL\u00c1 VAMOS TODOS\",\"datePublished\":\"2024-10-23T11:03:04+00:00\",\"dateModified\":\"2024-10-23T11:03:15+00:00\",\"mainEntityOfPage\":{\"@id\":\"https:\\\/\\\/lospoliticosveracruz.com\\\/?p=131530\"},\"wordCount\":691,\"publisher\":{\"@id\":\"https:\\\/\\\/lospoliticosveracruz.com\\\/#organization\"},\"image\":{\"@id\":\"https:\\\/\\\/lospoliticosveracruz.com\\\/?p=131530#primaryimage\"},\"thumbnailUrl\":\"https:\\\/\\\/lospoliticosveracruz.com\\\/wp-content\\\/uploads\\\/2024\\\/03\\\/Bernardo.jpg\",\"keywords\":[\"Claudia Sheinbaum\",\"jueces\",\"Magistrados\",\"Universidad de Harvard\"],\"articleSection\":[\"De Opini\u00f3n\"],\"inLanguage\":\"es\"},{\"@type\":\"WebPage\",\"@id\":\"https:\\\/\\\/lospoliticosveracruz.com\\\/?p=131530\",\"url\":\"https:\\\/\\\/lospoliticosveracruz.com\\\/?p=131530\",\"name\":\"ALL\u00c1 VAMOS TODOS - Los pol\u00edticos Veracruz\",\"isPartOf\":{\"@id\":\"https:\\\/\\\/lospoliticosveracruz.com\\\/#website\"},\"primaryImageOfPage\":{\"@id\":\"https:\\\/\\\/lospoliticosveracruz.com\\\/?p=131530#primaryimage\"},\"image\":{\"@id\":\"https:\\\/\\\/lospoliticosveracruz.com\\\/?p=131530#primaryimage\"},\"thumbnailUrl\":\"https:\\\/\\\/lospoliticosveracruz.com\\\/wp-content\\\/uploads\\\/2024\\\/03\\\/Bernardo.jpg\",\"datePublished\":\"2024-10-23T11:03:04+00:00\",\"dateModified\":\"2024-10-23T11:03:15+00:00\",\"breadcrumb\":{\"@id\":\"https:\\\/\\\/lospoliticosveracruz.com\\\/?p=131530#breadcrumb\"},\"inLanguage\":\"es\",\"potentialAction\":[{\"@type\":\"ReadAction\",\"target\":[\"https:\\\/\\\/lospoliticosveracruz.com\\\/?p=131530\"]}]},{\"@type\":\"ImageObject\",\"inLanguage\":\"es\",\"@id\":\"https:\\\/\\\/lospoliticosveracruz.com\\\/?p=131530#primaryimage\",\"url\":\"https:\\\/\\\/lospoliticosveracruz.com\\\/wp-content\\\/uploads\\\/2024\\\/03\\\/Bernardo.jpg\",\"contentUrl\":\"https:\\\/\\\/lospoliticosveracruz.com\\\/wp-content\\\/uploads\\\/2024\\\/03\\\/Bernardo.jpg\",\"width\":1250,\"height\":667},{\"@type\":\"BreadcrumbList\",\"@id\":\"https:\\\/\\\/lospoliticosveracruz.com\\\/?p=131530#breadcrumb\",\"itemListElement\":[{\"@type\":\"ListItem\",\"position\":1,\"name\":\"Portada\",\"item\":\"https:\\\/\\\/lospoliticosveracruz.com\\\/\"},{\"@type\":\"ListItem\",\"position\":2,\"name\":\"ALL\u00c1 VAMOS TODOS\"}]},{\"@type\":\"WebSite\",\"@id\":\"https:\\\/\\\/lospoliticosveracruz.com\\\/#website\",\"url\":\"https:\\\/\\\/lospoliticosveracruz.com\\\/\",\"name\":\"Los pol\u00edticos Veracruz\",\"description\":\"\",\"publisher\":{\"@id\":\"https:\\\/\\\/lospoliticosveracruz.com\\\/#organization\"},\"potentialAction\":[{\"@type\":\"SearchAction\",\"target\":{\"@type\":\"EntryPoint\",\"urlTemplate\":\"https:\\\/\\\/lospoliticosveracruz.com\\\/?s={search_term_string}\"},\"query-input\":{\"@type\":\"PropertyValueSpecification\",\"valueRequired\":true,\"valueName\":\"search_term_string\"}}],\"inLanguage\":\"es\"},{\"@type\":\"Organization\",\"@id\":\"https:\\\/\\\/lospoliticosveracruz.com\\\/#organization\",\"name\":\"Los pol\u00edticos Veracruz\",\"url\":\"https:\\\/\\\/lospoliticosveracruz.com\\\/\",\"logo\":{\"@type\":\"ImageObject\",\"inLanguage\":\"es\",\"@id\":\"https:\\\/\\\/lospoliticosveracruz.com\\\/#\\\/schema\\\/logo\\\/image\\\/\",\"url\":\"https:\\\/\\\/lospoliticosveracruz.com\\\/wp-content\\\/uploads\\\/2025\\\/12\\\/Logo-Nuevo-LOS-POLITICOS-1.jpg\",\"contentUrl\":\"https:\\\/\\\/lospoliticosveracruz.com\\\/wp-content\\\/uploads\\\/2025\\\/12\\\/Logo-Nuevo-LOS-POLITICOS-1.jpg\",\"width\":260,\"height\":70,\"caption\":\"Los pol\u00edticos Veracruz\"},\"image\":{\"@id\":\"https:\\\/\\\/lospoliticosveracruz.com\\\/#\\\/schema\\\/logo\\\/image\\\/\"},\"sameAs\":[\"https:\\\/\\\/www.facebook.com\\\/people\\\/Notimemes-de-los-Polticos\\\/61565672886568\\\/\",\"https:\\\/\\\/x.com\\\/LosPoliticosVer\"]},{\"@type\":\"Person\",\"@id\":\"https:\\\/\\\/lospoliticosveracruz.com\\\/#\\\/schema\\\/person\\\/b8702bb0e538456e6efd07080bf2a4a2\",\"name\":\"Lo viste en Los Pol\u00edticos\",\"image\":{\"@type\":\"ImageObject\",\"inLanguage\":\"es\",\"@id\":\"https:\\\/\\\/secure.gravatar.com\\\/avatar\\\/3a8de04a2656d44082be478bd6c086daa447c4651605818287b9532d3d0bd435?s=96&d=mm&r=g\",\"url\":\"https:\\\/\\\/secure.gravatar.com\\\/avatar\\\/3a8de04a2656d44082be478bd6c086daa447c4651605818287b9532d3d0bd435?s=96&d=mm&r=g\",\"contentUrl\":\"https:\\\/\\\/secure.gravatar.com\\\/avatar\\\/3a8de04a2656d44082be478bd6c086daa447c4651605818287b9532d3d0bd435?s=96&d=mm&r=g\",\"caption\":\"Lo viste en Los Pol\u00edticos\"},\"url\":\"https:\\\/\\\/lospoliticosveracruz.com\\\/?author=2\"}]}<\/script>\n<!-- \/ Yoast SEO plugin. -->","yoast_head_json":{"title":"ALL\u00c1 VAMOS TODOS - Los pol\u00edticos Veracruz","robots":{"index":"index","follow":"follow","max-snippet":"max-snippet:-1","max-image-preview":"max-image-preview:large","max-video-preview":"max-video-preview:-1"},"canonical":"https:\/\/lospoliticosveracruz.com\/?p=131530","og_locale":"es_ES","og_type":"article","og_title":"ALL\u00c1 VAMOS TODOS - Los pol\u00edticos Veracruz","og_description":"Bernardo Guti\u00e9rrez Parra Desde el Caf\u00e9Circula un video que es la pura botana y por obvias razones se ha hecho viral. La escena se desarrolla en la Facultad de Derecho de la Universidad de Harvard, a donde fue el ministro Alfredo Guti\u00e9rrez Ortiz Mena. \u00bfA qu\u00e9? qui\u00e9n sabe, pero ah\u00ed estaba; sentado junto a cuatro [&hellip;]","og_url":"https:\/\/lospoliticosveracruz.com\/?p=131530","og_site_name":"Los pol\u00edticos Veracruz","article_publisher":"https:\/\/www.facebook.com\/people\/Notimemes-de-los-Polticos\/61565672886568\/","article_published_time":"2024-10-23T11:03:04+00:00","article_modified_time":"2024-10-23T11:03:15+00:00","og_image":[{"width":1250,"height":667,"url":"https:\/\/lospoliticosveracruz.com\/wp-content\/uploads\/2024\/03\/Bernardo.jpg","type":"image\/jpeg"}],"author":"Lo viste en Los Pol\u00edticos","twitter_card":"summary_large_image","twitter_creator":"@LosPoliticosVer","twitter_site":"@LosPoliticosVer","twitter_misc":{"Escrito por":"Lo viste en Los Pol\u00edticos","Tiempo de lectura":"3 minutos"},"schema":{"@context":"https:\/\/schema.org","@graph":[{"@type":"Article","@id":"https:\/\/lospoliticosveracruz.com\/?p=131530#article","isPartOf":{"@id":"https:\/\/lospoliticosveracruz.com\/?p=131530"},"author":{"name":"Lo viste en Los Pol\u00edticos","@id":"https:\/\/lospoliticosveracruz.com\/#\/schema\/person\/b8702bb0e538456e6efd07080bf2a4a2"},"headline":"ALL\u00c1 VAMOS TODOS","datePublished":"2024-10-23T11:03:04+00:00","dateModified":"2024-10-23T11:03:15+00:00","mainEntityOfPage":{"@id":"https:\/\/lospoliticosveracruz.com\/?p=131530"},"wordCount":691,"publisher":{"@id":"https:\/\/lospoliticosveracruz.com\/#organization"},"image":{"@id":"https:\/\/lospoliticosveracruz.com\/?p=131530#primaryimage"},"thumbnailUrl":"https:\/\/lospoliticosveracruz.com\/wp-content\/uploads\/2024\/03\/Bernardo.jpg","keywords":["Claudia Sheinbaum","jueces","Magistrados","Universidad de Harvard"],"articleSection":["De Opini\u00f3n"],"inLanguage":"es"},{"@type":"WebPage","@id":"https:\/\/lospoliticosveracruz.com\/?p=131530","url":"https:\/\/lospoliticosveracruz.com\/?p=131530","name":"ALL\u00c1 VAMOS TODOS - Los pol\u00edticos Veracruz","isPartOf":{"@id":"https:\/\/lospoliticosveracruz.com\/#website"},"primaryImageOfPage":{"@id":"https:\/\/lospoliticosveracruz.com\/?p=131530#primaryimage"},"image":{"@id":"https:\/\/lospoliticosveracruz.com\/?p=131530#primaryimage"},"thumbnailUrl":"https:\/\/lospoliticosveracruz.com\/wp-content\/uploads\/2024\/03\/Bernardo.jpg","datePublished":"2024-10-23T11:03:04+00:00","dateModified":"2024-10-23T11:03:15+00:00","breadcrumb":{"@id":"https:\/\/lospoliticosveracruz.com\/?p=131530#breadcrumb"},"inLanguage":"es","potentialAction":[{"@type":"ReadAction","target":["https:\/\/lospoliticosveracruz.com\/?p=131530"]}]},{"@type":"ImageObject","inLanguage":"es","@id":"https:\/\/lospoliticosveracruz.com\/?p=131530#primaryimage","url":"https:\/\/lospoliticosveracruz.com\/wp-content\/uploads\/2024\/03\/Bernardo.jpg","contentUrl":"https:\/\/lospoliticosveracruz.com\/wp-content\/uploads\/2024\/03\/Bernardo.jpg","width":1250,"height":667},{"@type":"BreadcrumbList","@id":"https:\/\/lospoliticosveracruz.com\/?p=131530#breadcrumb","itemListElement":[{"@type":"ListItem","position":1,"name":"Portada","item":"https:\/\/lospoliticosveracruz.com\/"},{"@type":"ListItem","position":2,"name":"ALL\u00c1 VAMOS TODOS"}]},{"@type":"WebSite","@id":"https:\/\/lospoliticosveracruz.com\/#website","url":"https:\/\/lospoliticosveracruz.com\/","name":"Los pol\u00edticos Veracruz","description":"","publisher":{"@id":"https:\/\/lospoliticosveracruz.com\/#organization"},"potentialAction":[{"@type":"SearchAction","target":{"@type":"EntryPoint","urlTemplate":"https:\/\/lospoliticosveracruz.com\/?s={search_term_string}"},"query-input":{"@type":"PropertyValueSpecification","valueRequired":true,"valueName":"search_term_string"}}],"inLanguage":"es"},{"@type":"Organization","@id":"https:\/\/lospoliticosveracruz.com\/#organization","name":"Los pol\u00edticos Veracruz","url":"https:\/\/lospoliticosveracruz.com\/","logo":{"@type":"ImageObject","inLanguage":"es","@id":"https:\/\/lospoliticosveracruz.com\/#\/schema\/logo\/image\/","url":"https:\/\/lospoliticosveracruz.com\/wp-content\/uploads\/2025\/12\/Logo-Nuevo-LOS-POLITICOS-1.jpg","contentUrl":"https:\/\/lospoliticosveracruz.com\/wp-content\/uploads\/2025\/12\/Logo-Nuevo-LOS-POLITICOS-1.jpg","width":260,"height":70,"caption":"Los pol\u00edticos Veracruz"},"image":{"@id":"https:\/\/lospoliticosveracruz.com\/#\/schema\/logo\/image\/"},"sameAs":["https:\/\/www.facebook.com\/people\/Notimemes-de-los-Polticos\/61565672886568\/","https:\/\/x.com\/LosPoliticosVer"]},{"@type":"Person","@id":"https:\/\/lospoliticosveracruz.com\/#\/schema\/person\/b8702bb0e538456e6efd07080bf2a4a2","name":"Lo viste en Los Pol\u00edticos","image":{"@type":"ImageObject","inLanguage":"es","@id":"https:\/\/secure.gravatar.com\/avatar\/3a8de04a2656d44082be478bd6c086daa447c4651605818287b9532d3d0bd435?s=96&d=mm&r=g","url":"https:\/\/secure.gravatar.com\/avatar\/3a8de04a2656d44082be478bd6c086daa447c4651605818287b9532d3d0bd435?s=96&d=mm&r=g","contentUrl":"https:\/\/secure.gravatar.com\/avatar\/3a8de04a2656d44082be478bd6c086daa447c4651605818287b9532d3d0bd435?s=96&d=mm&r=g","caption":"Lo viste en Los Pol\u00edticos"},"url":"https:\/\/lospoliticosveracruz.com\/?author=2"}]}},"_links":{"self":[{"href":"https:\/\/lospoliticosveracruz.com\/index.php?rest_route=\/wp\/v2\/posts\/131530","targetHints":{"allow":["GET"]}}],"collection":[{"href":"https:\/\/lospoliticosveracruz.com\/index.php?rest_route=\/wp\/v2\/posts"}],"about":[{"href":"https:\/\/lospoliticosveracruz.com\/index.php?rest_route=\/wp\/v2\/types\/post"}],"author":[{"embeddable":true,"href":"https:\/\/lospoliticosveracruz.com\/index.php?rest_route=\/wp\/v2\/users\/2"}],"replies":[{"embeddable":true,"href":"https:\/\/lospoliticosveracruz.com\/index.php?rest_route=%2Fwp%2Fv2%2Fcomments&post=131530"}],"version-history":[{"count":1,"href":"https:\/\/lospoliticosveracruz.com\/index.php?rest_route=\/wp\/v2\/posts\/131530\/revisions"}],"predecessor-version":[{"id":131531,"href":"https:\/\/lospoliticosveracruz.com\/index.php?rest_route=\/wp\/v2\/posts\/131530\/revisions\/131531"}],"wp:featuredmedia":[{"embeddable":true,"href":"https:\/\/lospoliticosveracruz.com\/index.php?rest_route=\/wp\/v2\/media\/119914"}],"wp:attachment":[{"href":"https:\/\/lospoliticosveracruz.com\/index.php?rest_route=%2Fwp%2Fv2%2Fmedia&parent=131530"}],"wp:term":[{"taxonomy":"category","embeddable":true,"href":"https:\/\/lospoliticosveracruz.com\/index.php?rest_route=%2Fwp%2Fv2%2Fcategories&post=131530"},{"taxonomy":"post_tag","embeddable":true,"href":"https:\/\/lospoliticosveracruz.com\/index.php?rest_route=%2Fwp%2Fv2%2Ftags&post=131530"}],"curies":[{"name":"wp","href":"https:\/\/api.w.org\/{rel}","templated":true}]}}