{"id":131535,"date":"2024-10-23T09:01:53","date_gmt":"2024-10-23T14:01:53","guid":{"rendered":"https:\/\/lospoliticosveracruz.com.mx\/?p=131535"},"modified":"2024-10-23T09:02:00","modified_gmt":"2024-10-23T14:02:00","slug":"la-supremacia-morenista-que-pretenden-los-lopez","status":"publish","type":"post","link":"https:\/\/lospoliticosveracruz.com\/?p=131535","title":{"rendered":"LA \u201cSUPREMAC\u00cdA MORENISTA\u201d QUE PRETENDEN LOS L\u00d3PEZ\u00a0"},"content":{"rendered":"\n<p><strong>Alejandro Aguirre Guerrero<\/strong><\/p>\n\n\n\n<p><em>Al respecto\u2026<\/em><\/p>\n\n\n\n<p>El silencio de AMLO despu\u00e9s de entregar el poder fue pensado para que en lo subsecuente y, por consenso morenista absoluto, sean las voces de la presidenta Sheinbaum y Andy L\u00f3pez Beltr\u00e1n las que m\u00e1s se escuchen y manden, en ese orden jer\u00e1rquico.<\/p>\n\n\n<div class=\"wp-block-image\">\n<figure class=\"alignleft size-medium\"><a href=\"https:\/\/lospoliticosveracruz.com.mx\/wp-content\/uploads\/2021\/10\/Zacauilt.jpg\"><img decoding=\"async\" src=\"https:\/\/lospoliticosveracruz.com.mx\/wp-content\/uploads\/2021\/10\/Zacauilt-150x300.jpg\" alt=\"\" class=\"wp-image-80558\"\/><\/a><\/figure>\n<\/div>\n\n\n<p>Muchos comentan sobre la ausencia del tabasque\u00f1o en cualquier foro (incluso en redes sociales), y es que el exmandatario sab\u00eda que si continuaba mostrando presencia, acabar\u00eda robando foco a quienes de manera exclusiva deben tenerlo: su sucesora y su v\u00e1stago presidenciable.&nbsp;<\/p>\n\n\n\n<p>Sin embargo, fueron Andy L\u00f3pez y su padre quienes dise\u00f1aron la idea de convertir a Morena \u201cen el partido m\u00e1s grande del mundo\u201d, por su n\u00famero de afiliaciones e influencia en el espectro pol\u00edtico continental. Es la primera gran acci\u00f3n del hijo de AMLO rumbo al 2030.&nbsp;<\/p>\n\n\n\n<p>Me comentan que en una de las charlas para dise\u00f1ar la cruzada que pretende llevar (cuando menos) 10 millones de ciudadanos a Morena, L\u00f3pez Obrador afirm\u00f3 que ellos no caer\u00edan en la soberbia que llev\u00f3 al PRI a la obscuridad que es hoy. \u201cAqu\u00ed no habr\u00e1 rueda de la fortuna ni ciclo con principio y fin\u201d, dijo.<\/p>\n\n\n\n<p>Por eso, Andy L\u00f3pez dio a conocer en reuni\u00f3n privada con morenistas el primero de los tres planes para que Morena nunca caiga, mismo que habr\u00e1 de llevarlo (si todo le sale bien) a convertirse en uno de los aspirantes m\u00e1s serios para suceder a Sheinbaum en seis a\u00f1os.<\/p>\n\n\n\n<p>Fueron Sheinbaum, AMLO y Andy L\u00f3pez quienes seleccionaron a los que habr\u00e1n de operar en campo la estrategia titulada \u201csupremac\u00eda morenista\u201d: Ad\u00e1n Augusto L\u00f3pez, Ricardo Monreal, C\u00e9sar Y\u00e1\u00f1ez y Rosa Icela Rodr\u00edguez. \u201cTodos de la mano y sin pisarse los pies\u201d, me comentaron.&nbsp;<\/p>\n\n\n\n<p>Para llevar 10 millones de ciudadanos a Morena en los pr\u00f3ximos a\u00f1os, desplegar\u00e1n un operativo m\u00e1s grande que aquel que involucr\u00f3 a los Servidores de la Naci\u00f3n; ser\u00e1 algo may\u00fasculo, monumental, \u201calgo que honre a mi padre\u201d, dijo Andy L\u00f3pez en aquella reuni\u00f3n privada.&nbsp;<\/p>\n\n\n\n<p>Veremos qu\u00e9 ocurre, y si de verdad ocurre.&nbsp;<\/p>\n\n\n\n<p>X: @aaguirre_g<\/p>\n","protected":false},"excerpt":{"rendered":"<p>Alejandro Aguirre Guerrero Al respecto\u2026 El silencio de AMLO despu\u00e9s de entregar el poder fue pensado para que en lo subsecuente y, por consenso morenista absoluto, sean las voces de la presidenta Sheinbaum y Andy L\u00f3pez Beltr\u00e1n las que m\u00e1s se escuchen y manden, en ese orden jer\u00e1rquico. Muchos comentan sobre la ausencia del tabasque\u00f1o [&hellip;]<\/p>\n","protected":false},"author":2,"featured_media":119938,"comment_status":"closed","ping_status":"closed","sticky":false,"template":"","format":"standard","meta":{"tdm_status":"","tdm_grid_status":"","footnotes":""},"categories":[70],"tags":[41741],"class_list":{"0":"post-131535","1":"post","2":"type-post","3":"status-publish","4":"format-standard","5":"has-post-thumbnail","7":"category-de-opinion","8":"tag-andy-lopez-beltran"},"yoast_head":"<!-- This site is optimized with the Yoast SEO plugin v27.4 - https:\/\/yoast.com\/product\/yoast-seo-wordpress\/ -->\n<title>LA \u201cSUPREMAC\u00cdA MORENISTA\u201d QUE PRETENDEN LOS L\u00d3PEZ\u00a0 - Los pol\u00edticos Veracruz<\/title>\n<meta name=\"robots\" content=\"index, follow, max-snippet:-1, max-image-preview:large, max-video-preview:-1\" \/>\n<link rel=\"canonical\" href=\"https:\/\/lospoliticosveracruz.com\/?p=131535\" \/>\n<meta property=\"og:locale\" content=\"es_ES\" \/>\n<meta property=\"og:type\" content=\"article\" \/>\n<meta property=\"og:title\" content=\"LA \u201cSUPREMAC\u00cdA MORENISTA\u201d QUE PRETENDEN LOS L\u00d3PEZ\u00a0 - Los pol\u00edticos Veracruz\" \/>\n<meta property=\"og:description\" content=\"Alejandro Aguirre Guerrero Al respecto\u2026 El silencio de AMLO despu\u00e9s de entregar el poder fue pensado para que en lo subsecuente y, por consenso morenista absoluto, sean las voces de la presidenta Sheinbaum y Andy L\u00f3pez Beltr\u00e1n las que m\u00e1s se escuchen y manden, en ese orden jer\u00e1rquico. Muchos comentan sobre la ausencia del tabasque\u00f1o [&hellip;]\" \/>\n<meta property=\"og:url\" content=\"https:\/\/lospoliticosveracruz.com\/?p=131535\" \/>\n<meta property=\"og:site_name\" content=\"Los pol\u00edticos Veracruz\" \/>\n<meta property=\"article:publisher\" content=\"https:\/\/www.facebook.com\/people\/Notimemes-de-los-Polticos\/61565672886568\/\" \/>\n<meta property=\"article:published_time\" content=\"2024-10-23T14:01:53+00:00\" \/>\n<meta property=\"article:modified_time\" content=\"2024-10-23T14:02:00+00:00\" \/>\n<meta property=\"og:image\" content=\"https:\/\/lospoliticosveracruz.com\/wp-content\/uploads\/2024\/03\/Alejandro-Aguirre-Guerrero.jpg\" \/>\n\t<meta property=\"og:image:width\" content=\"1250\" \/>\n\t<meta property=\"og:image:height\" content=\"667\" \/>\n\t<meta property=\"og:image:type\" content=\"image\/jpeg\" \/>\n<meta name=\"author\" content=\"Lo viste en Los Pol\u00edticos\" \/>\n<meta name=\"twitter:card\" content=\"summary_large_image\" \/>\n<meta name=\"twitter:creator\" content=\"@LosPoliticosVer\" \/>\n<meta name=\"twitter:site\" content=\"@LosPoliticosVer\" \/>\n<meta name=\"twitter:label1\" content=\"Escrito por\" \/>\n\t<meta name=\"twitter:data1\" content=\"Lo viste en Los Pol\u00edticos\" \/>\n\t<meta name=\"twitter:label2\" content=\"Tiempo de lectura\" \/>\n\t<meta name=\"twitter:data2\" content=\"2 minutos\" \/>\n<script type=\"application\/ld+json\" class=\"yoast-schema-graph\">{\"@context\":\"https:\\\/\\\/schema.org\",\"@graph\":[{\"@type\":\"Article\",\"@id\":\"https:\\\/\\\/lospoliticosveracruz.com\\\/?p=131535#article\",\"isPartOf\":{\"@id\":\"https:\\\/\\\/lospoliticosveracruz.com\\\/?p=131535\"},\"author\":{\"name\":\"Lo viste en Los Pol\u00edticos\",\"@id\":\"https:\\\/\\\/lospoliticosveracruz.com\\\/#\\\/schema\\\/person\\\/b8702bb0e538456e6efd07080bf2a4a2\"},\"headline\":\"LA \u201cSUPREMAC\u00cdA MORENISTA\u201d QUE PRETENDEN LOS L\u00d3PEZ\u00a0\",\"datePublished\":\"2024-10-23T14:01:53+00:00\",\"dateModified\":\"2024-10-23T14:02:00+00:00\",\"mainEntityOfPage\":{\"@id\":\"https:\\\/\\\/lospoliticosveracruz.com\\\/?p=131535\"},\"wordCount\":389,\"publisher\":{\"@id\":\"https:\\\/\\\/lospoliticosveracruz.com\\\/#organization\"},\"image\":{\"@id\":\"https:\\\/\\\/lospoliticosveracruz.com\\\/?p=131535#primaryimage\"},\"thumbnailUrl\":\"https:\\\/\\\/lospoliticosveracruz.com\\\/wp-content\\\/uploads\\\/2024\\\/03\\\/Alejandro-Aguirre-Guerrero.jpg\",\"keywords\":[\"Andy L\u00f3pez Beltr\u00e1n\"],\"articleSection\":[\"De Opini\u00f3n\"],\"inLanguage\":\"es\"},{\"@type\":\"WebPage\",\"@id\":\"https:\\\/\\\/lospoliticosveracruz.com\\\/?p=131535\",\"url\":\"https:\\\/\\\/lospoliticosveracruz.com\\\/?p=131535\",\"name\":\"LA \u201cSUPREMAC\u00cdA MORENISTA\u201d QUE PRETENDEN LOS L\u00d3PEZ\u00a0 - Los pol\u00edticos Veracruz\",\"isPartOf\":{\"@id\":\"https:\\\/\\\/lospoliticosveracruz.com\\\/#website\"},\"primaryImageOfPage\":{\"@id\":\"https:\\\/\\\/lospoliticosveracruz.com\\\/?p=131535#primaryimage\"},\"image\":{\"@id\":\"https:\\\/\\\/lospoliticosveracruz.com\\\/?p=131535#primaryimage\"},\"thumbnailUrl\":\"https:\\\/\\\/lospoliticosveracruz.com\\\/wp-content\\\/uploads\\\/2024\\\/03\\\/Alejandro-Aguirre-Guerrero.jpg\",\"datePublished\":\"2024-10-23T14:01:53+00:00\",\"dateModified\":\"2024-10-23T14:02:00+00:00\",\"breadcrumb\":{\"@id\":\"https:\\\/\\\/lospoliticosveracruz.com\\\/?p=131535#breadcrumb\"},\"inLanguage\":\"es\",\"potentialAction\":[{\"@type\":\"ReadAction\",\"target\":[\"https:\\\/\\\/lospoliticosveracruz.com\\\/?p=131535\"]}]},{\"@type\":\"ImageObject\",\"inLanguage\":\"es\",\"@id\":\"https:\\\/\\\/lospoliticosveracruz.com\\\/?p=131535#primaryimage\",\"url\":\"https:\\\/\\\/lospoliticosveracruz.com\\\/wp-content\\\/uploads\\\/2024\\\/03\\\/Alejandro-Aguirre-Guerrero.jpg\",\"contentUrl\":\"https:\\\/\\\/lospoliticosveracruz.com\\\/wp-content\\\/uploads\\\/2024\\\/03\\\/Alejandro-Aguirre-Guerrero.jpg\",\"width\":1250,\"height\":667},{\"@type\":\"BreadcrumbList\",\"@id\":\"https:\\\/\\\/lospoliticosveracruz.com\\\/?p=131535#breadcrumb\",\"itemListElement\":[{\"@type\":\"ListItem\",\"position\":1,\"name\":\"Portada\",\"item\":\"https:\\\/\\\/lospoliticosveracruz.com\\\/\"},{\"@type\":\"ListItem\",\"position\":2,\"name\":\"LA \u201cSUPREMAC\u00cdA MORENISTA\u201d QUE PRETENDEN LOS L\u00d3PEZ\u00a0\"}]},{\"@type\":\"WebSite\",\"@id\":\"https:\\\/\\\/lospoliticosveracruz.com\\\/#website\",\"url\":\"https:\\\/\\\/lospoliticosveracruz.com\\\/\",\"name\":\"Los pol\u00edticos Veracruz\",\"description\":\"\",\"publisher\":{\"@id\":\"https:\\\/\\\/lospoliticosveracruz.com\\\/#organization\"},\"potentialAction\":[{\"@type\":\"SearchAction\",\"target\":{\"@type\":\"EntryPoint\",\"urlTemplate\":\"https:\\\/\\\/lospoliticosveracruz.com\\\/?s={search_term_string}\"},\"query-input\":{\"@type\":\"PropertyValueSpecification\",\"valueRequired\":true,\"valueName\":\"search_term_string\"}}],\"inLanguage\":\"es\"},{\"@type\":\"Organization\",\"@id\":\"https:\\\/\\\/lospoliticosveracruz.com\\\/#organization\",\"name\":\"Los pol\u00edticos Veracruz\",\"url\":\"https:\\\/\\\/lospoliticosveracruz.com\\\/\",\"logo\":{\"@type\":\"ImageObject\",\"inLanguage\":\"es\",\"@id\":\"https:\\\/\\\/lospoliticosveracruz.com\\\/#\\\/schema\\\/logo\\\/image\\\/\",\"url\":\"https:\\\/\\\/lospoliticosveracruz.com\\\/wp-content\\\/uploads\\\/2025\\\/12\\\/Logo-Nuevo-LOS-POLITICOS-1.jpg\",\"contentUrl\":\"https:\\\/\\\/lospoliticosveracruz.com\\\/wp-content\\\/uploads\\\/2025\\\/12\\\/Logo-Nuevo-LOS-POLITICOS-1.jpg\",\"width\":260,\"height\":70,\"caption\":\"Los pol\u00edticos Veracruz\"},\"image\":{\"@id\":\"https:\\\/\\\/lospoliticosveracruz.com\\\/#\\\/schema\\\/logo\\\/image\\\/\"},\"sameAs\":[\"https:\\\/\\\/www.facebook.com\\\/people\\\/Notimemes-de-los-Polticos\\\/61565672886568\\\/\",\"https:\\\/\\\/x.com\\\/LosPoliticosVer\"]},{\"@type\":\"Person\",\"@id\":\"https:\\\/\\\/lospoliticosveracruz.com\\\/#\\\/schema\\\/person\\\/b8702bb0e538456e6efd07080bf2a4a2\",\"name\":\"Lo viste en Los Pol\u00edticos\",\"image\":{\"@type\":\"ImageObject\",\"inLanguage\":\"es\",\"@id\":\"https:\\\/\\\/secure.gravatar.com\\\/avatar\\\/3a8de04a2656d44082be478bd6c086daa447c4651605818287b9532d3d0bd435?s=96&d=mm&r=g\",\"url\":\"https:\\\/\\\/secure.gravatar.com\\\/avatar\\\/3a8de04a2656d44082be478bd6c086daa447c4651605818287b9532d3d0bd435?s=96&d=mm&r=g\",\"contentUrl\":\"https:\\\/\\\/secure.gravatar.com\\\/avatar\\\/3a8de04a2656d44082be478bd6c086daa447c4651605818287b9532d3d0bd435?s=96&d=mm&r=g\",\"caption\":\"Lo viste en Los Pol\u00edticos\"},\"url\":\"https:\\\/\\\/lospoliticosveracruz.com\\\/?author=2\"}]}<\/script>\n<!-- \/ Yoast SEO plugin. -->","yoast_head_json":{"title":"LA \u201cSUPREMAC\u00cdA MORENISTA\u201d QUE PRETENDEN LOS L\u00d3PEZ\u00a0 - Los pol\u00edticos Veracruz","robots":{"index":"index","follow":"follow","max-snippet":"max-snippet:-1","max-image-preview":"max-image-preview:large","max-video-preview":"max-video-preview:-1"},"canonical":"https:\/\/lospoliticosveracruz.com\/?p=131535","og_locale":"es_ES","og_type":"article","og_title":"LA \u201cSUPREMAC\u00cdA MORENISTA\u201d QUE PRETENDEN LOS L\u00d3PEZ\u00a0 - Los pol\u00edticos Veracruz","og_description":"Alejandro Aguirre Guerrero Al respecto\u2026 El silencio de AMLO despu\u00e9s de entregar el poder fue pensado para que en lo subsecuente y, por consenso morenista absoluto, sean las voces de la presidenta Sheinbaum y Andy L\u00f3pez Beltr\u00e1n las que m\u00e1s se escuchen y manden, en ese orden jer\u00e1rquico. Muchos comentan sobre la ausencia del tabasque\u00f1o [&hellip;]","og_url":"https:\/\/lospoliticosveracruz.com\/?p=131535","og_site_name":"Los pol\u00edticos Veracruz","article_publisher":"https:\/\/www.facebook.com\/people\/Notimemes-de-los-Polticos\/61565672886568\/","article_published_time":"2024-10-23T14:01:53+00:00","article_modified_time":"2024-10-23T14:02:00+00:00","og_image":[{"width":1250,"height":667,"url":"https:\/\/lospoliticosveracruz.com\/wp-content\/uploads\/2024\/03\/Alejandro-Aguirre-Guerrero.jpg","type":"image\/jpeg"}],"author":"Lo viste en Los Pol\u00edticos","twitter_card":"summary_large_image","twitter_creator":"@LosPoliticosVer","twitter_site":"@LosPoliticosVer","twitter_misc":{"Escrito por":"Lo viste en Los Pol\u00edticos","Tiempo de lectura":"2 minutos"},"schema":{"@context":"https:\/\/schema.org","@graph":[{"@type":"Article","@id":"https:\/\/lospoliticosveracruz.com\/?p=131535#article","isPartOf":{"@id":"https:\/\/lospoliticosveracruz.com\/?p=131535"},"author":{"name":"Lo viste en Los Pol\u00edticos","@id":"https:\/\/lospoliticosveracruz.com\/#\/schema\/person\/b8702bb0e538456e6efd07080bf2a4a2"},"headline":"LA \u201cSUPREMAC\u00cdA MORENISTA\u201d QUE PRETENDEN LOS L\u00d3PEZ\u00a0","datePublished":"2024-10-23T14:01:53+00:00","dateModified":"2024-10-23T14:02:00+00:00","mainEntityOfPage":{"@id":"https:\/\/lospoliticosveracruz.com\/?p=131535"},"wordCount":389,"publisher":{"@id":"https:\/\/lospoliticosveracruz.com\/#organization"},"image":{"@id":"https:\/\/lospoliticosveracruz.com\/?p=131535#primaryimage"},"thumbnailUrl":"https:\/\/lospoliticosveracruz.com\/wp-content\/uploads\/2024\/03\/Alejandro-Aguirre-Guerrero.jpg","keywords":["Andy L\u00f3pez Beltr\u00e1n"],"articleSection":["De Opini\u00f3n"],"inLanguage":"es"},{"@type":"WebPage","@id":"https:\/\/lospoliticosveracruz.com\/?p=131535","url":"https:\/\/lospoliticosveracruz.com\/?p=131535","name":"LA \u201cSUPREMAC\u00cdA MORENISTA\u201d QUE PRETENDEN LOS L\u00d3PEZ\u00a0 - Los pol\u00edticos Veracruz","isPartOf":{"@id":"https:\/\/lospoliticosveracruz.com\/#website"},"primaryImageOfPage":{"@id":"https:\/\/lospoliticosveracruz.com\/?p=131535#primaryimage"},"image":{"@id":"https:\/\/lospoliticosveracruz.com\/?p=131535#primaryimage"},"thumbnailUrl":"https:\/\/lospoliticosveracruz.com\/wp-content\/uploads\/2024\/03\/Alejandro-Aguirre-Guerrero.jpg","datePublished":"2024-10-23T14:01:53+00:00","dateModified":"2024-10-23T14:02:00+00:00","breadcrumb":{"@id":"https:\/\/lospoliticosveracruz.com\/?p=131535#breadcrumb"},"inLanguage":"es","potentialAction":[{"@type":"ReadAction","target":["https:\/\/lospoliticosveracruz.com\/?p=131535"]}]},{"@type":"ImageObject","inLanguage":"es","@id":"https:\/\/lospoliticosveracruz.com\/?p=131535#primaryimage","url":"https:\/\/lospoliticosveracruz.com\/wp-content\/uploads\/2024\/03\/Alejandro-Aguirre-Guerrero.jpg","contentUrl":"https:\/\/lospoliticosveracruz.com\/wp-content\/uploads\/2024\/03\/Alejandro-Aguirre-Guerrero.jpg","width":1250,"height":667},{"@type":"BreadcrumbList","@id":"https:\/\/lospoliticosveracruz.com\/?p=131535#breadcrumb","itemListElement":[{"@type":"ListItem","position":1,"name":"Portada","item":"https:\/\/lospoliticosveracruz.com\/"},{"@type":"ListItem","position":2,"name":"LA \u201cSUPREMAC\u00cdA MORENISTA\u201d QUE PRETENDEN LOS L\u00d3PEZ\u00a0"}]},{"@type":"WebSite","@id":"https:\/\/lospoliticosveracruz.com\/#website","url":"https:\/\/lospoliticosveracruz.com\/","name":"Los pol\u00edticos Veracruz","description":"","publisher":{"@id":"https:\/\/lospoliticosveracruz.com\/#organization"},"potentialAction":[{"@type":"SearchAction","target":{"@type":"EntryPoint","urlTemplate":"https:\/\/lospoliticosveracruz.com\/?s={search_term_string}"},"query-input":{"@type":"PropertyValueSpecification","valueRequired":true,"valueName":"search_term_string"}}],"inLanguage":"es"},{"@type":"Organization","@id":"https:\/\/lospoliticosveracruz.com\/#organization","name":"Los pol\u00edticos Veracruz","url":"https:\/\/lospoliticosveracruz.com\/","logo":{"@type":"ImageObject","inLanguage":"es","@id":"https:\/\/lospoliticosveracruz.com\/#\/schema\/logo\/image\/","url":"https:\/\/lospoliticosveracruz.com\/wp-content\/uploads\/2025\/12\/Logo-Nuevo-LOS-POLITICOS-1.jpg","contentUrl":"https:\/\/lospoliticosveracruz.com\/wp-content\/uploads\/2025\/12\/Logo-Nuevo-LOS-POLITICOS-1.jpg","width":260,"height":70,"caption":"Los pol\u00edticos Veracruz"},"image":{"@id":"https:\/\/lospoliticosveracruz.com\/#\/schema\/logo\/image\/"},"sameAs":["https:\/\/www.facebook.com\/people\/Notimemes-de-los-Polticos\/61565672886568\/","https:\/\/x.com\/LosPoliticosVer"]},{"@type":"Person","@id":"https:\/\/lospoliticosveracruz.com\/#\/schema\/person\/b8702bb0e538456e6efd07080bf2a4a2","name":"Lo viste en Los Pol\u00edticos","image":{"@type":"ImageObject","inLanguage":"es","@id":"https:\/\/secure.gravatar.com\/avatar\/3a8de04a2656d44082be478bd6c086daa447c4651605818287b9532d3d0bd435?s=96&d=mm&r=g","url":"https:\/\/secure.gravatar.com\/avatar\/3a8de04a2656d44082be478bd6c086daa447c4651605818287b9532d3d0bd435?s=96&d=mm&r=g","contentUrl":"https:\/\/secure.gravatar.com\/avatar\/3a8de04a2656d44082be478bd6c086daa447c4651605818287b9532d3d0bd435?s=96&d=mm&r=g","caption":"Lo viste en Los Pol\u00edticos"},"url":"https:\/\/lospoliticosveracruz.com\/?author=2"}]}},"_links":{"self":[{"href":"https:\/\/lospoliticosveracruz.com\/index.php?rest_route=\/wp\/v2\/posts\/131535","targetHints":{"allow":["GET"]}}],"collection":[{"href":"https:\/\/lospoliticosveracruz.com\/index.php?rest_route=\/wp\/v2\/posts"}],"about":[{"href":"https:\/\/lospoliticosveracruz.com\/index.php?rest_route=\/wp\/v2\/types\/post"}],"author":[{"embeddable":true,"href":"https:\/\/lospoliticosveracruz.com\/index.php?rest_route=\/wp\/v2\/users\/2"}],"replies":[{"embeddable":true,"href":"https:\/\/lospoliticosveracruz.com\/index.php?rest_route=%2Fwp%2Fv2%2Fcomments&post=131535"}],"version-history":[{"count":1,"href":"https:\/\/lospoliticosveracruz.com\/index.php?rest_route=\/wp\/v2\/posts\/131535\/revisions"}],"predecessor-version":[{"id":131536,"href":"https:\/\/lospoliticosveracruz.com\/index.php?rest_route=\/wp\/v2\/posts\/131535\/revisions\/131536"}],"wp:featuredmedia":[{"embeddable":true,"href":"https:\/\/lospoliticosveracruz.com\/index.php?rest_route=\/wp\/v2\/media\/119938"}],"wp:attachment":[{"href":"https:\/\/lospoliticosveracruz.com\/index.php?rest_route=%2Fwp%2Fv2%2Fmedia&parent=131535"}],"wp:term":[{"taxonomy":"category","embeddable":true,"href":"https:\/\/lospoliticosveracruz.com\/index.php?rest_route=%2Fwp%2Fv2%2Fcategories&post=131535"},{"taxonomy":"post_tag","embeddable":true,"href":"https:\/\/lospoliticosveracruz.com\/index.php?rest_route=%2Fwp%2Fv2%2Ftags&post=131535"}],"curies":[{"name":"wp","href":"https:\/\/api.w.org\/{rel}","templated":true}]}}