{"id":131627,"date":"2024-10-24T21:32:55","date_gmt":"2024-10-25T02:32:55","guid":{"rendered":"https:\/\/lospoliticosveracruz.com.mx\/?p=131627"},"modified":"2024-10-24T21:45:21","modified_gmt":"2024-10-25T02:45:21","slug":"rosa-maria-te-lo-explica","status":"publish","type":"post","link":"https:\/\/lospoliticosveracruz.com\/?p=131627","title":{"rendered":"ROSA MAR\u00cdA TE LO EXPLICA!"},"content":{"rendered":"\n<p><\/p>\n\n\n\n<p><\/p>\n\n\n\n<p><\/p>\n\n\n\n<p><strong>Veracruz<br><\/strong>Las asambleas comunitarias son vitales en la construcci\u00f3n del segundo piso de la cuarta transformaci\u00f3n, ya que a trav\u00e9s de ellas se informa al pueblo sobre las bondades de las reformas reci\u00e9n aprobadas en la c\u00e1mara de diputados, asegur\u00f3 la diputada federal Rosa Mar\u00eda Hern\u00e1ndez Espejo.<\/p>\n\n\n\n<p>En presencia de vecinos de la colonia Heriberto Jara Corona congregados en el parque de la laguna La Ilusi\u00f3n, la legisladora mencion\u00f3 como ejemplo las reformas al Poder Judicial y del Infonavit, las cuales, dijo, son base importante en el crecimiento del pa\u00eds.<\/p>\n\n\n\n<p>En su exposici\u00f3n explic\u00f3 que tras reunirse el pasado lunes con la presidenta nacional de Morena, Luisa Alcalde, y con el secretario territorial, Andr\u00e9s Manuel L\u00f3pez Beltr\u00e1n, el tema fue la realizaci\u00f3n de las asambleas comunitarias para llevar el mensaje de las reformas y todos los beneficios a los 300 distritos del pa\u00eds.<\/p>\n\n\n\n<p>\u201cLas asambleas ser\u00e1n con la gente, con simpatizantes de nuestro movimiento, en las calles, en las casas, a todos vamos a decirles qu\u00e9 es lo que realmente est\u00e1 pasando con las reformas y con qui\u00e9nes se oponen a ellas\u201d.<\/p>\n\n\n\n<p>Sobre la Reforma al Poder Judicial de la Federaci\u00f3n refiri\u00f3 que \u00e9sta es hist\u00f3rica, ya que por primera vez jueces, magistrados y ministros ser\u00e1n elegidos por voto ciudadano.<\/p>\n\n\n\n<p><strong>El pueblo ya mandat\u00f3 la Reforma al Poder Judicial<\/strong><\/p>\n\n\n\n<p>En ese sentido, la legisladora veracruzana hizo un llamado a los magistrados, jueces y ministros a que hagan un an\u00e1lisis de conciencia, de que ellos no est\u00e1n por encima de la Constituci\u00f3n.<\/p>\n\n\n\n<p>\u201cPor encima de la Constituci\u00f3n el \u00fanico es el pueblo, y el pueblo ya mandat\u00f3, el pueblo ya orden\u00f3, el pueblo s\u00ed quiere el plan C, s\u00ed quiere la reforma al Poder Judicial, porque quiere justicia pronta y expedita\u201d, reclam\u00f3.<\/p>\n\n\n\n<p>Con la reforma al Poder Judicial, destac\u00f3, se recobrar\u00e1 la confianza en el sistema judicial; hoy, los togados s\u00f3lo tienen una aceptaci\u00f3n del 30 por ciento, y eso es gracias a sus pr\u00e1cticas corruptas, a sus \u00absabadazos\u00bb, ya hasta los polic\u00edas y pol\u00edticos les ganan en credibilidad.<\/p>\n\n\n\n<p>Con esta reforma tambi\u00e9n se garantiza que haya una justicia aut\u00e9ntica e independiente, se eliminar\u00e1n privilegios, se asegura la excelencia judicial a trav\u00e9s de la evaluaci\u00f3n y desempe\u00f1o, se combatir\u00e1 el influyentismo y nepotismo, se terminar\u00e1n los juicios largos, habr\u00e1 rendici\u00f3n de cuentas, y muy importante, se har\u00e1 valer la divisi\u00f3n de poderes, entre otras bondades, que son las que debe conocer el pueblo.<\/p>\n\n\n\n<p>Celebr\u00f3 que despu\u00e9s de estar en paro laboral los empleados del Poder Judicial por fin se pongan a trabajar, \u201cpues m\u00e1s que un paro laboral eran vacaciones pagadas. Con esta reactivaci\u00f3n, tambi\u00e9n el proceso de la reforma Judicial seguir\u00e1 su curso\u201d.<\/p>\n\n\n\n<p><strong>Infonavit, justicia a trabajadoras y trabajadores del pa\u00eds<\/strong><\/p>\n\n\n\n<p>La diputada federal Rosa Mar\u00eda Hern\u00e1ndez Espejo expres\u00f3 que con la aprobaci\u00f3n de la reforma constitucional al Art\u00edculo 123, en materia de vivienda, se hace justicia a trabajadoras y trabajadores del pa\u00eds.<\/p>\n\n\n\n<p>Explic\u00f3 que el Instituto volver\u00e1 a hacer desarrollos habitacionales con servicios cercanos a los centros de trabajo de la gente, no alejados, como tenemos Colinas de Santa Fe y todas estas unidades habitacionales \u201calejad\u00edsimas de las ciudades, donde abandonaron las casas, carec\u00edan de servicios p\u00fablicos y que a la fecha siguen igual. Eso se acab\u00f3\u00bb.<\/p>\n\n\n\n<p>Destac\u00f3 que tendr\u00e1n que ser viviendas asequibles, baratas, sustentables y, sobre todo, dignas para las trabajadoras y trabajadores.<\/p>\n\n\n\n<p>Y para evitar que se regrese al pasado, se vigilar\u00e1 el presupuesto, con reglas y leyes secundarias.<\/p>\n\n\n\n<p>Adelant\u00f3 que mpara los que no tienen Seguro Social tambi\u00e9n viene un programa de 1 mill\u00f3n de viviendas, que la presidenta Claudia Sheinbaum ya anunci\u00f3. \u00abEste es para este tipo de familias que no tienen acceso al Infonavit o al Fovissste; para ellos, 500 mil viviendas por parte de Sedatu y 500 mil viviendas por parte de la estructura de vivienda, porque es para reparaci\u00f3n, para construcci\u00f3n, para colonias populares, por ejemplo\u00bb.<\/p>\n\n\n\n<p>Por \u00faltimo reiter\u00f3 lo que ha dicho muchas veces, que es una diputada de territorio, no de escritorio. Que lo mismo atiende las sesiones legislativas, pero tambi\u00e9n regresa a su Distrito a informar lo que se hace en la C\u00e1mara de Diputados, como esta vez con las asambleas comunitarias.<\/p>\n","protected":false},"excerpt":{"rendered":"<p>VeracruzLas asambleas comunitarias son vitales en la construcci\u00f3n del segundo piso de la cuarta transformaci\u00f3n, ya que a trav\u00e9s de ellas se informa al pueblo sobre las bondades de las reformas reci\u00e9n aprobadas en la c\u00e1mara de diputados, asegur\u00f3 la diputada federal Rosa Mar\u00eda Hern\u00e1ndez Espejo. En presencia de vecinos de la colonia Heriberto Jara [&hellip;]<\/p>\n","protected":false},"author":2,"featured_media":0,"comment_status":"closed","ping_status":"closed","sticky":false,"template":"","format":"standard","meta":{"tdm_status":"","tdm_grid_status":"","footnotes":""},"categories":[73],"tags":[11900],"class_list":{"0":"post-131627","1":"post","2":"type-post","3":"status-publish","4":"format-standard","6":"category-de-boleto","7":"tag-rosa-maria-hernandez-espejo"},"yoast_head":"<!-- This site is optimized with the Yoast SEO plugin v27.4 - https:\/\/yoast.com\/product\/yoast-seo-wordpress\/ -->\n<title>ROSA MAR\u00cdA TE LO EXPLICA! - Los pol\u00edticos Veracruz<\/title>\n<meta name=\"robots\" content=\"index, follow, max-snippet:-1, max-image-preview:large, max-video-preview:-1\" \/>\n<link rel=\"canonical\" href=\"https:\/\/lospoliticosveracruz.com\/?p=131627\" \/>\n<meta property=\"og:locale\" content=\"es_ES\" \/>\n<meta property=\"og:type\" content=\"article\" \/>\n<meta property=\"og:title\" content=\"ROSA MAR\u00cdA TE LO EXPLICA! - Los pol\u00edticos Veracruz\" \/>\n<meta property=\"og:description\" content=\"VeracruzLas asambleas comunitarias son vitales en la construcci\u00f3n del segundo piso de la cuarta transformaci\u00f3n, ya que a trav\u00e9s de ellas se informa al pueblo sobre las bondades de las reformas reci\u00e9n aprobadas en la c\u00e1mara de diputados, asegur\u00f3 la diputada federal Rosa Mar\u00eda Hern\u00e1ndez Espejo. En presencia de vecinos de la colonia Heriberto Jara [&hellip;]\" \/>\n<meta property=\"og:url\" content=\"https:\/\/lospoliticosveracruz.com\/?p=131627\" \/>\n<meta property=\"og:site_name\" content=\"Los pol\u00edticos Veracruz\" \/>\n<meta property=\"article:publisher\" content=\"https:\/\/www.facebook.com\/people\/Notimemes-de-los-Polticos\/61565672886568\/\" \/>\n<meta property=\"article:published_time\" content=\"2024-10-25T02:32:55+00:00\" \/>\n<meta property=\"article:modified_time\" content=\"2024-10-25T02:45:21+00:00\" \/>\n<meta property=\"og:image\" content=\"https:\/\/lospoliticosveracruz.com\/wp-content\/uploads\/2016\/07\/Logo-Dor.jpg\" \/>\n\t<meta property=\"og:image:width\" content=\"200\" \/>\n\t<meta property=\"og:image:height\" content=\"200\" \/>\n\t<meta property=\"og:image:type\" content=\"image\/jpeg\" \/>\n<meta name=\"author\" content=\"Lo viste en Los Pol\u00edticos\" \/>\n<meta name=\"twitter:card\" content=\"summary_large_image\" \/>\n<meta name=\"twitter:creator\" content=\"@LosPoliticosVer\" \/>\n<meta name=\"twitter:site\" content=\"@LosPoliticosVer\" \/>\n<meta name=\"twitter:label1\" content=\"Escrito por\" \/>\n\t<meta name=\"twitter:data1\" content=\"Lo viste en Los Pol\u00edticos\" \/>\n\t<meta name=\"twitter:label2\" content=\"Tiempo de lectura\" \/>\n\t<meta name=\"twitter:data2\" content=\"4 minutos\" \/>\n<script type=\"application\/ld+json\" class=\"yoast-schema-graph\">{\"@context\":\"https:\\\/\\\/schema.org\",\"@graph\":[{\"@type\":\"Article\",\"@id\":\"https:\\\/\\\/lospoliticosveracruz.com\\\/?p=131627#article\",\"isPartOf\":{\"@id\":\"https:\\\/\\\/lospoliticosveracruz.com\\\/?p=131627\"},\"author\":{\"name\":\"Lo viste en Los Pol\u00edticos\",\"@id\":\"https:\\\/\\\/lospoliticosveracruz.com\\\/#\\\/schema\\\/person\\\/b8702bb0e538456e6efd07080bf2a4a2\"},\"headline\":\"ROSA MAR\u00cdA TE LO EXPLICA!\",\"datePublished\":\"2024-10-25T02:32:55+00:00\",\"dateModified\":\"2024-10-25T02:45:21+00:00\",\"mainEntityOfPage\":{\"@id\":\"https:\\\/\\\/lospoliticosveracruz.com\\\/?p=131627\"},\"wordCount\":752,\"publisher\":{\"@id\":\"https:\\\/\\\/lospoliticosveracruz.com\\\/#organization\"},\"keywords\":[\"Rosa Mar\u00eda Hern\u00e1ndez Espejo\"],\"articleSection\":[\"De Boleto\"],\"inLanguage\":\"es\"},{\"@type\":\"WebPage\",\"@id\":\"https:\\\/\\\/lospoliticosveracruz.com\\\/?p=131627\",\"url\":\"https:\\\/\\\/lospoliticosveracruz.com\\\/?p=131627\",\"name\":\"ROSA MAR\u00cdA TE LO EXPLICA! - Los pol\u00edticos Veracruz\",\"isPartOf\":{\"@id\":\"https:\\\/\\\/lospoliticosveracruz.com\\\/#website\"},\"datePublished\":\"2024-10-25T02:32:55+00:00\",\"dateModified\":\"2024-10-25T02:45:21+00:00\",\"breadcrumb\":{\"@id\":\"https:\\\/\\\/lospoliticosveracruz.com\\\/?p=131627#breadcrumb\"},\"inLanguage\":\"es\",\"potentialAction\":[{\"@type\":\"ReadAction\",\"target\":[\"https:\\\/\\\/lospoliticosveracruz.com\\\/?p=131627\"]}]},{\"@type\":\"BreadcrumbList\",\"@id\":\"https:\\\/\\\/lospoliticosveracruz.com\\\/?p=131627#breadcrumb\",\"itemListElement\":[{\"@type\":\"ListItem\",\"position\":1,\"name\":\"Portada\",\"item\":\"https:\\\/\\\/lospoliticosveracruz.com\\\/\"},{\"@type\":\"ListItem\",\"position\":2,\"name\":\"ROSA MAR\u00cdA TE LO EXPLICA!\"}]},{\"@type\":\"WebSite\",\"@id\":\"https:\\\/\\\/lospoliticosveracruz.com\\\/#website\",\"url\":\"https:\\\/\\\/lospoliticosveracruz.com\\\/\",\"name\":\"Los pol\u00edticos Veracruz\",\"description\":\"\",\"publisher\":{\"@id\":\"https:\\\/\\\/lospoliticosveracruz.com\\\/#organization\"},\"potentialAction\":[{\"@type\":\"SearchAction\",\"target\":{\"@type\":\"EntryPoint\",\"urlTemplate\":\"https:\\\/\\\/lospoliticosveracruz.com\\\/?s={search_term_string}\"},\"query-input\":{\"@type\":\"PropertyValueSpecification\",\"valueRequired\":true,\"valueName\":\"search_term_string\"}}],\"inLanguage\":\"es\"},{\"@type\":\"Organization\",\"@id\":\"https:\\\/\\\/lospoliticosveracruz.com\\\/#organization\",\"name\":\"Los pol\u00edticos Veracruz\",\"url\":\"https:\\\/\\\/lospoliticosveracruz.com\\\/\",\"logo\":{\"@type\":\"ImageObject\",\"inLanguage\":\"es\",\"@id\":\"https:\\\/\\\/lospoliticosveracruz.com\\\/#\\\/schema\\\/logo\\\/image\\\/\",\"url\":\"https:\\\/\\\/lospoliticosveracruz.com\\\/wp-content\\\/uploads\\\/2025\\\/12\\\/Logo-Nuevo-LOS-POLITICOS-1.jpg\",\"contentUrl\":\"https:\\\/\\\/lospoliticosveracruz.com\\\/wp-content\\\/uploads\\\/2025\\\/12\\\/Logo-Nuevo-LOS-POLITICOS-1.jpg\",\"width\":260,\"height\":70,\"caption\":\"Los pol\u00edticos Veracruz\"},\"image\":{\"@id\":\"https:\\\/\\\/lospoliticosveracruz.com\\\/#\\\/schema\\\/logo\\\/image\\\/\"},\"sameAs\":[\"https:\\\/\\\/www.facebook.com\\\/people\\\/Notimemes-de-los-Polticos\\\/61565672886568\\\/\",\"https:\\\/\\\/x.com\\\/LosPoliticosVer\"]},{\"@type\":\"Person\",\"@id\":\"https:\\\/\\\/lospoliticosveracruz.com\\\/#\\\/schema\\\/person\\\/b8702bb0e538456e6efd07080bf2a4a2\",\"name\":\"Lo viste en Los Pol\u00edticos\",\"image\":{\"@type\":\"ImageObject\",\"inLanguage\":\"es\",\"@id\":\"https:\\\/\\\/secure.gravatar.com\\\/avatar\\\/3a8de04a2656d44082be478bd6c086daa447c4651605818287b9532d3d0bd435?s=96&d=mm&r=g\",\"url\":\"https:\\\/\\\/secure.gravatar.com\\\/avatar\\\/3a8de04a2656d44082be478bd6c086daa447c4651605818287b9532d3d0bd435?s=96&d=mm&r=g\",\"contentUrl\":\"https:\\\/\\\/secure.gravatar.com\\\/avatar\\\/3a8de04a2656d44082be478bd6c086daa447c4651605818287b9532d3d0bd435?s=96&d=mm&r=g\",\"caption\":\"Lo viste en Los Pol\u00edticos\"},\"url\":\"https:\\\/\\\/lospoliticosveracruz.com\\\/?author=2\"}]}<\/script>\n<!-- \/ Yoast SEO plugin. -->","yoast_head_json":{"title":"ROSA MAR\u00cdA TE LO EXPLICA! - Los pol\u00edticos Veracruz","robots":{"index":"index","follow":"follow","max-snippet":"max-snippet:-1","max-image-preview":"max-image-preview:large","max-video-preview":"max-video-preview:-1"},"canonical":"https:\/\/lospoliticosveracruz.com\/?p=131627","og_locale":"es_ES","og_type":"article","og_title":"ROSA MAR\u00cdA TE LO EXPLICA! - Los pol\u00edticos Veracruz","og_description":"VeracruzLas asambleas comunitarias son vitales en la construcci\u00f3n del segundo piso de la cuarta transformaci\u00f3n, ya que a trav\u00e9s de ellas se informa al pueblo sobre las bondades de las reformas reci\u00e9n aprobadas en la c\u00e1mara de diputados, asegur\u00f3 la diputada federal Rosa Mar\u00eda Hern\u00e1ndez Espejo. En presencia de vecinos de la colonia Heriberto Jara [&hellip;]","og_url":"https:\/\/lospoliticosveracruz.com\/?p=131627","og_site_name":"Los pol\u00edticos Veracruz","article_publisher":"https:\/\/www.facebook.com\/people\/Notimemes-de-los-Polticos\/61565672886568\/","article_published_time":"2024-10-25T02:32:55+00:00","article_modified_time":"2024-10-25T02:45:21+00:00","og_image":[{"width":200,"height":200,"url":"https:\/\/lospoliticosveracruz.com\/wp-content\/uploads\/2016\/07\/Logo-Dor.jpg","type":"image\/jpeg"}],"author":"Lo viste en Los Pol\u00edticos","twitter_card":"summary_large_image","twitter_creator":"@LosPoliticosVer","twitter_site":"@LosPoliticosVer","twitter_misc":{"Escrito por":"Lo viste en Los Pol\u00edticos","Tiempo de lectura":"4 minutos"},"schema":{"@context":"https:\/\/schema.org","@graph":[{"@type":"Article","@id":"https:\/\/lospoliticosveracruz.com\/?p=131627#article","isPartOf":{"@id":"https:\/\/lospoliticosveracruz.com\/?p=131627"},"author":{"name":"Lo viste en Los Pol\u00edticos","@id":"https:\/\/lospoliticosveracruz.com\/#\/schema\/person\/b8702bb0e538456e6efd07080bf2a4a2"},"headline":"ROSA MAR\u00cdA TE LO EXPLICA!","datePublished":"2024-10-25T02:32:55+00:00","dateModified":"2024-10-25T02:45:21+00:00","mainEntityOfPage":{"@id":"https:\/\/lospoliticosveracruz.com\/?p=131627"},"wordCount":752,"publisher":{"@id":"https:\/\/lospoliticosveracruz.com\/#organization"},"keywords":["Rosa Mar\u00eda Hern\u00e1ndez Espejo"],"articleSection":["De Boleto"],"inLanguage":"es"},{"@type":"WebPage","@id":"https:\/\/lospoliticosveracruz.com\/?p=131627","url":"https:\/\/lospoliticosveracruz.com\/?p=131627","name":"ROSA MAR\u00cdA TE LO EXPLICA! - Los pol\u00edticos Veracruz","isPartOf":{"@id":"https:\/\/lospoliticosveracruz.com\/#website"},"datePublished":"2024-10-25T02:32:55+00:00","dateModified":"2024-10-25T02:45:21+00:00","breadcrumb":{"@id":"https:\/\/lospoliticosveracruz.com\/?p=131627#breadcrumb"},"inLanguage":"es","potentialAction":[{"@type":"ReadAction","target":["https:\/\/lospoliticosveracruz.com\/?p=131627"]}]},{"@type":"BreadcrumbList","@id":"https:\/\/lospoliticosveracruz.com\/?p=131627#breadcrumb","itemListElement":[{"@type":"ListItem","position":1,"name":"Portada","item":"https:\/\/lospoliticosveracruz.com\/"},{"@type":"ListItem","position":2,"name":"ROSA MAR\u00cdA TE LO EXPLICA!"}]},{"@type":"WebSite","@id":"https:\/\/lospoliticosveracruz.com\/#website","url":"https:\/\/lospoliticosveracruz.com\/","name":"Los pol\u00edticos Veracruz","description":"","publisher":{"@id":"https:\/\/lospoliticosveracruz.com\/#organization"},"potentialAction":[{"@type":"SearchAction","target":{"@type":"EntryPoint","urlTemplate":"https:\/\/lospoliticosveracruz.com\/?s={search_term_string}"},"query-input":{"@type":"PropertyValueSpecification","valueRequired":true,"valueName":"search_term_string"}}],"inLanguage":"es"},{"@type":"Organization","@id":"https:\/\/lospoliticosveracruz.com\/#organization","name":"Los pol\u00edticos Veracruz","url":"https:\/\/lospoliticosveracruz.com\/","logo":{"@type":"ImageObject","inLanguage":"es","@id":"https:\/\/lospoliticosveracruz.com\/#\/schema\/logo\/image\/","url":"https:\/\/lospoliticosveracruz.com\/wp-content\/uploads\/2025\/12\/Logo-Nuevo-LOS-POLITICOS-1.jpg","contentUrl":"https:\/\/lospoliticosveracruz.com\/wp-content\/uploads\/2025\/12\/Logo-Nuevo-LOS-POLITICOS-1.jpg","width":260,"height":70,"caption":"Los pol\u00edticos Veracruz"},"image":{"@id":"https:\/\/lospoliticosveracruz.com\/#\/schema\/logo\/image\/"},"sameAs":["https:\/\/www.facebook.com\/people\/Notimemes-de-los-Polticos\/61565672886568\/","https:\/\/x.com\/LosPoliticosVer"]},{"@type":"Person","@id":"https:\/\/lospoliticosveracruz.com\/#\/schema\/person\/b8702bb0e538456e6efd07080bf2a4a2","name":"Lo viste en Los Pol\u00edticos","image":{"@type":"ImageObject","inLanguage":"es","@id":"https:\/\/secure.gravatar.com\/avatar\/3a8de04a2656d44082be478bd6c086daa447c4651605818287b9532d3d0bd435?s=96&d=mm&r=g","url":"https:\/\/secure.gravatar.com\/avatar\/3a8de04a2656d44082be478bd6c086daa447c4651605818287b9532d3d0bd435?s=96&d=mm&r=g","contentUrl":"https:\/\/secure.gravatar.com\/avatar\/3a8de04a2656d44082be478bd6c086daa447c4651605818287b9532d3d0bd435?s=96&d=mm&r=g","caption":"Lo viste en Los Pol\u00edticos"},"url":"https:\/\/lospoliticosveracruz.com\/?author=2"}]}},"_links":{"self":[{"href":"https:\/\/lospoliticosveracruz.com\/index.php?rest_route=\/wp\/v2\/posts\/131627","targetHints":{"allow":["GET"]}}],"collection":[{"href":"https:\/\/lospoliticosveracruz.com\/index.php?rest_route=\/wp\/v2\/posts"}],"about":[{"href":"https:\/\/lospoliticosveracruz.com\/index.php?rest_route=\/wp\/v2\/types\/post"}],"author":[{"embeddable":true,"href":"https:\/\/lospoliticosveracruz.com\/index.php?rest_route=\/wp\/v2\/users\/2"}],"replies":[{"embeddable":true,"href":"https:\/\/lospoliticosveracruz.com\/index.php?rest_route=%2Fwp%2Fv2%2Fcomments&post=131627"}],"version-history":[{"count":3,"href":"https:\/\/lospoliticosveracruz.com\/index.php?rest_route=\/wp\/v2\/posts\/131627\/revisions"}],"predecessor-version":[{"id":131633,"href":"https:\/\/lospoliticosveracruz.com\/index.php?rest_route=\/wp\/v2\/posts\/131627\/revisions\/131633"}],"wp:attachment":[{"href":"https:\/\/lospoliticosveracruz.com\/index.php?rest_route=%2Fwp%2Fv2%2Fmedia&parent=131627"}],"wp:term":[{"taxonomy":"category","embeddable":true,"href":"https:\/\/lospoliticosveracruz.com\/index.php?rest_route=%2Fwp%2Fv2%2Fcategories&post=131627"},{"taxonomy":"post_tag","embeddable":true,"href":"https:\/\/lospoliticosveracruz.com\/index.php?rest_route=%2Fwp%2Fv2%2Ftags&post=131627"}],"curies":[{"name":"wp","href":"https:\/\/api.w.org\/{rel}","templated":true}]}}