{"id":131634,"date":"2024-10-24T21:51:11","date_gmt":"2024-10-25T02:51:11","guid":{"rendered":"https:\/\/lospoliticosveracruz.com.mx\/?p=131634"},"modified":"2024-10-24T21:51:18","modified_gmt":"2024-10-25T02:51:18","slug":"11-propuestas-para-las-nuevas","status":"publish","type":"post","link":"https:\/\/lospoliticosveracruz.com\/?p=131634","title":{"rendered":"11 PROPUESTAS PARA LAS NUEVAS!"},"content":{"rendered":"\n<p><\/p>\n\n\n\n<p>&nbsp;<br>El Cap\u00edtulo Veracruz de la Red Nacional de Mujeres Defensoras de la Paridad en Todo se reunieron para entregar a sus integrantes que ser\u00e1n parte de la LXVII Legislatura, a instalarse el pr\u00f3ximo 5 de noviembre, una propuesta de Agenda Legislativa con perspectiva feminista.<\/p>\n\n\n\n<p>Se trata de un documento construido colegiadamente entre las integrantes del Cap\u00edtulo, que toma como referencia las propuestas presentadas por la presidenta Claudia Sheinbaum Pardo, pero que lo adecuan a la realidad veracruzana a partir de las problem\u00e1ticas espec\u00edficas que se viven en la entidad.<\/p>\n\n\n\n<p>Propuestas en 11 rubros, que son: igualdad sustantiva para las mujeres, autonom\u00eda financiera e igualdad salarial, fortalecimiento de la paridad de g\u00e9nero en la Administraci\u00f3n P\u00fablica; paridad en la elecci\u00f3n de agentes y subagentes municipales;ampliaci\u00f3n de la legislaci\u00f3n en materia de violencia digital y medi\u00e1tica; aprobaci\u00f3n de leyes pendientes para dar mayor protecci\u00f3n a mujeres, adolescentes y ni\u00f1as frente a la violencia \u2013espec\u00edficamente la Ley Vicaria y la Ley Monse-; creaci\u00f3n de refugios para mujeres en situaci\u00f3n de violencia; creaci\u00f3n de la Fiscal\u00eda Especializada en Feminicidio y Violencia contra las Mujeres; fortalecimiento de las instituciones de seguridad p\u00fablica y procuraci\u00f3n de justicia con perspectiva de g\u00e9nero; implementaci\u00f3n de la 3 de 3 contra la violencia; y creaci\u00f3n del sistema estatal de cuidados.<\/p>\n\n\n\n<p>Esta agenda la recibieron las diputadas electas Ana Rosa Vald\u00e9s Salazar del PRI, Montserrat Ortega Ruiz del PAN y Mar\u00eda Elena C\u00f3rdoba Molina de MC, quienes adem\u00e1s firmaron simb\u00f3licamente un compromiso por la paridad. Adicionalmente fue entregado un reconocimiento por su participaci\u00f3n dentro de la Legislatura, a la ex diputada Norma Graciela Trevi\u00f1o Badillo.<\/p>\n\n\n\n<p>Se entregaron reconocimientos tambi\u00e9n a legisladoras federales y locales que han pertenecido al Cap\u00edtulo Veracruz, a las integrantes que participaron en el pasado proceso electoral como candidatas, a las integrantes que encabezan carteras de mujeres en los partidos pol\u00edticos y a funcionarias p\u00fablicas en activo por su desempe\u00f1o p\u00fablico.<\/p>\n\n\n\n<p>En este evento se dio a conocer la renovaci\u00f3n de la presidencia del Cap\u00edtulo Veracruz a cargo de M\u00f3nica Mendoza Madrigal, qui\u00e9n refrend\u00f3 que la vocaci\u00f3n de esta Red es la de integrarse con mujeres pol\u00edticas con presencia en los partidos pol\u00edticos, en posiciones de representaci\u00f3n popular, de la administraci\u00f3n p\u00fablica, el empresariado, la academia, la consultor\u00eda y los medios de comunicaci\u00f3n, en pluralidad, para fortalecerse colectivamente en un liderazgo que signifique el avance para los derechos de las mujeres que viven en Veracruz.<\/p>\n\n\n\n<p>El mensaje central del evento lo comparti\u00f3 EddaArrez Rebolledo, quien convid\u00f3 a reflexionar sobre la importancia de trascender a la paridad y hacer de esa representaci\u00f3n amplia de mujeres una oportunidad para construir la igualdad necesaria para disminuir las brechas que marginan a las mujeres del desarrollo en todos los \u00e1mbitos de la vida.<\/p>\n\n\n\n<p>Recibieron tambi\u00e9n su nombramiento como coordinadoras de cada una de las comisiones que conforman el Cap\u00edtulo: Teresa de Jes\u00fas V\u00e1zquez de los Santos como Secretaria T\u00e9cnica; Leticia Perlasca N\u00fa\u00f1ez en la Comisi\u00f3n de Observatorio; Yolanda Olivares P\u00e9rez en la Comisi\u00f3n de Coeducaci\u00f3n; Myriam Lagunes Mar\u00edn en la Comisi\u00f3n de Vinculaci\u00f3n; Sidney Marcos Escobar en la Comisi\u00f3n de Justicia; y Rosa Valeria Marcial Salamanca en la Comisi\u00f3n de Comunicaci\u00f3n.<\/p>\n","protected":false},"excerpt":{"rendered":"<p>&nbsp;El Cap\u00edtulo Veracruz de la Red Nacional de Mujeres Defensoras de la Paridad en Todo se reunieron para entregar a sus integrantes que ser\u00e1n parte de la LXVII Legislatura, a instalarse el pr\u00f3ximo 5 de noviembre, una propuesta de Agenda Legislativa con perspectiva feminista. Se trata de un documento construido colegiadamente entre las integrantes del [&hellip;]<\/p>\n","protected":false},"author":2,"featured_media":0,"comment_status":"closed","ping_status":"closed","sticky":false,"template":"","format":"standard","meta":{"tdm_status":"","tdm_grid_status":"","footnotes":""},"categories":[73],"tags":[17763,32182],"class_list":{"0":"post-131634","1":"post","2":"type-post","3":"status-publish","4":"format-standard","6":"category-de-boleto","7":"tag-claudia-sheinbaum-pardo","8":"tag-red-nacional-de-mujeres-defensoras-de-la-paridad-en-todo"},"yoast_head":"<!-- This site is optimized with the Yoast SEO plugin v27.4 - https:\/\/yoast.com\/product\/yoast-seo-wordpress\/ -->\n<title>11 PROPUESTAS PARA LAS NUEVAS! - Los pol\u00edticos Veracruz<\/title>\n<meta name=\"robots\" content=\"index, follow, max-snippet:-1, max-image-preview:large, max-video-preview:-1\" \/>\n<link rel=\"canonical\" href=\"https:\/\/lospoliticosveracruz.com\/?p=131634\" \/>\n<meta property=\"og:locale\" content=\"es_ES\" \/>\n<meta property=\"og:type\" content=\"article\" \/>\n<meta property=\"og:title\" content=\"11 PROPUESTAS PARA LAS NUEVAS! - Los pol\u00edticos Veracruz\" \/>\n<meta property=\"og:description\" content=\"&nbsp;El Cap\u00edtulo Veracruz de la Red Nacional de Mujeres Defensoras de la Paridad en Todo se reunieron para entregar a sus integrantes que ser\u00e1n parte de la LXVII Legislatura, a instalarse el pr\u00f3ximo 5 de noviembre, una propuesta de Agenda Legislativa con perspectiva feminista. Se trata de un documento construido colegiadamente entre las integrantes del [&hellip;]\" \/>\n<meta property=\"og:url\" content=\"https:\/\/lospoliticosveracruz.com\/?p=131634\" \/>\n<meta property=\"og:site_name\" content=\"Los pol\u00edticos Veracruz\" \/>\n<meta property=\"article:publisher\" content=\"https:\/\/www.facebook.com\/people\/Notimemes-de-los-Polticos\/61565672886568\/\" \/>\n<meta property=\"article:published_time\" content=\"2024-10-25T02:51:11+00:00\" \/>\n<meta property=\"article:modified_time\" content=\"2024-10-25T02:51:18+00:00\" \/>\n<meta property=\"og:image\" content=\"https:\/\/lospoliticosveracruz.com\/wp-content\/uploads\/2016\/07\/Logo-Dor.jpg\" \/>\n\t<meta property=\"og:image:width\" content=\"200\" \/>\n\t<meta property=\"og:image:height\" content=\"200\" \/>\n\t<meta property=\"og:image:type\" content=\"image\/jpeg\" \/>\n<meta name=\"author\" content=\"Lo viste en Los Pol\u00edticos\" \/>\n<meta name=\"twitter:card\" content=\"summary_large_image\" \/>\n<meta name=\"twitter:creator\" content=\"@LosPoliticosVer\" \/>\n<meta name=\"twitter:site\" content=\"@LosPoliticosVer\" \/>\n<meta name=\"twitter:label1\" content=\"Escrito por\" \/>\n\t<meta name=\"twitter:data1\" content=\"Lo viste en Los Pol\u00edticos\" \/>\n\t<meta name=\"twitter:label2\" content=\"Tiempo de lectura\" \/>\n\t<meta name=\"twitter:data2\" content=\"3 minutos\" \/>\n<script type=\"application\/ld+json\" class=\"yoast-schema-graph\">{\"@context\":\"https:\\\/\\\/schema.org\",\"@graph\":[{\"@type\":\"Article\",\"@id\":\"https:\\\/\\\/lospoliticosveracruz.com\\\/?p=131634#article\",\"isPartOf\":{\"@id\":\"https:\\\/\\\/lospoliticosveracruz.com\\\/?p=131634\"},\"author\":{\"name\":\"Lo viste en Los Pol\u00edticos\",\"@id\":\"https:\\\/\\\/lospoliticosveracruz.com\\\/#\\\/schema\\\/person\\\/b8702bb0e538456e6efd07080bf2a4a2\"},\"headline\":\"11 PROPUESTAS PARA LAS NUEVAS!\",\"datePublished\":\"2024-10-25T02:51:11+00:00\",\"dateModified\":\"2024-10-25T02:51:18+00:00\",\"mainEntityOfPage\":{\"@id\":\"https:\\\/\\\/lospoliticosveracruz.com\\\/?p=131634\"},\"wordCount\":591,\"publisher\":{\"@id\":\"https:\\\/\\\/lospoliticosveracruz.com\\\/#organization\"},\"keywords\":[\"Claudia Sheinbaum Pardo\",\"Red Nacional de Mujeres Defensoras de la Paridad en Todo\"],\"articleSection\":[\"De Boleto\"],\"inLanguage\":\"es\"},{\"@type\":\"WebPage\",\"@id\":\"https:\\\/\\\/lospoliticosveracruz.com\\\/?p=131634\",\"url\":\"https:\\\/\\\/lospoliticosveracruz.com\\\/?p=131634\",\"name\":\"11 PROPUESTAS PARA LAS NUEVAS! - Los pol\u00edticos Veracruz\",\"isPartOf\":{\"@id\":\"https:\\\/\\\/lospoliticosveracruz.com\\\/#website\"},\"datePublished\":\"2024-10-25T02:51:11+00:00\",\"dateModified\":\"2024-10-25T02:51:18+00:00\",\"breadcrumb\":{\"@id\":\"https:\\\/\\\/lospoliticosveracruz.com\\\/?p=131634#breadcrumb\"},\"inLanguage\":\"es\",\"potentialAction\":[{\"@type\":\"ReadAction\",\"target\":[\"https:\\\/\\\/lospoliticosveracruz.com\\\/?p=131634\"]}]},{\"@type\":\"BreadcrumbList\",\"@id\":\"https:\\\/\\\/lospoliticosveracruz.com\\\/?p=131634#breadcrumb\",\"itemListElement\":[{\"@type\":\"ListItem\",\"position\":1,\"name\":\"Portada\",\"item\":\"https:\\\/\\\/lospoliticosveracruz.com\\\/\"},{\"@type\":\"ListItem\",\"position\":2,\"name\":\"11 PROPUESTAS PARA LAS NUEVAS!\"}]},{\"@type\":\"WebSite\",\"@id\":\"https:\\\/\\\/lospoliticosveracruz.com\\\/#website\",\"url\":\"https:\\\/\\\/lospoliticosveracruz.com\\\/\",\"name\":\"Los pol\u00edticos Veracruz\",\"description\":\"\",\"publisher\":{\"@id\":\"https:\\\/\\\/lospoliticosveracruz.com\\\/#organization\"},\"potentialAction\":[{\"@type\":\"SearchAction\",\"target\":{\"@type\":\"EntryPoint\",\"urlTemplate\":\"https:\\\/\\\/lospoliticosveracruz.com\\\/?s={search_term_string}\"},\"query-input\":{\"@type\":\"PropertyValueSpecification\",\"valueRequired\":true,\"valueName\":\"search_term_string\"}}],\"inLanguage\":\"es\"},{\"@type\":\"Organization\",\"@id\":\"https:\\\/\\\/lospoliticosveracruz.com\\\/#organization\",\"name\":\"Los pol\u00edticos Veracruz\",\"url\":\"https:\\\/\\\/lospoliticosveracruz.com\\\/\",\"logo\":{\"@type\":\"ImageObject\",\"inLanguage\":\"es\",\"@id\":\"https:\\\/\\\/lospoliticosveracruz.com\\\/#\\\/schema\\\/logo\\\/image\\\/\",\"url\":\"https:\\\/\\\/lospoliticosveracruz.com\\\/wp-content\\\/uploads\\\/2025\\\/12\\\/Logo-Nuevo-LOS-POLITICOS-1.jpg\",\"contentUrl\":\"https:\\\/\\\/lospoliticosveracruz.com\\\/wp-content\\\/uploads\\\/2025\\\/12\\\/Logo-Nuevo-LOS-POLITICOS-1.jpg\",\"width\":260,\"height\":70,\"caption\":\"Los pol\u00edticos Veracruz\"},\"image\":{\"@id\":\"https:\\\/\\\/lospoliticosveracruz.com\\\/#\\\/schema\\\/logo\\\/image\\\/\"},\"sameAs\":[\"https:\\\/\\\/www.facebook.com\\\/people\\\/Notimemes-de-los-Polticos\\\/61565672886568\\\/\",\"https:\\\/\\\/x.com\\\/LosPoliticosVer\"]},{\"@type\":\"Person\",\"@id\":\"https:\\\/\\\/lospoliticosveracruz.com\\\/#\\\/schema\\\/person\\\/b8702bb0e538456e6efd07080bf2a4a2\",\"name\":\"Lo viste en Los Pol\u00edticos\",\"image\":{\"@type\":\"ImageObject\",\"inLanguage\":\"es\",\"@id\":\"https:\\\/\\\/secure.gravatar.com\\\/avatar\\\/3a8de04a2656d44082be478bd6c086daa447c4651605818287b9532d3d0bd435?s=96&d=mm&r=g\",\"url\":\"https:\\\/\\\/secure.gravatar.com\\\/avatar\\\/3a8de04a2656d44082be478bd6c086daa447c4651605818287b9532d3d0bd435?s=96&d=mm&r=g\",\"contentUrl\":\"https:\\\/\\\/secure.gravatar.com\\\/avatar\\\/3a8de04a2656d44082be478bd6c086daa447c4651605818287b9532d3d0bd435?s=96&d=mm&r=g\",\"caption\":\"Lo viste en Los Pol\u00edticos\"},\"url\":\"https:\\\/\\\/lospoliticosveracruz.com\\\/?author=2\"}]}<\/script>\n<!-- \/ Yoast SEO plugin. -->","yoast_head_json":{"title":"11 PROPUESTAS PARA LAS NUEVAS! - Los pol\u00edticos Veracruz","robots":{"index":"index","follow":"follow","max-snippet":"max-snippet:-1","max-image-preview":"max-image-preview:large","max-video-preview":"max-video-preview:-1"},"canonical":"https:\/\/lospoliticosveracruz.com\/?p=131634","og_locale":"es_ES","og_type":"article","og_title":"11 PROPUESTAS PARA LAS NUEVAS! - Los pol\u00edticos Veracruz","og_description":"&nbsp;El Cap\u00edtulo Veracruz de la Red Nacional de Mujeres Defensoras de la Paridad en Todo se reunieron para entregar a sus integrantes que ser\u00e1n parte de la LXVII Legislatura, a instalarse el pr\u00f3ximo 5 de noviembre, una propuesta de Agenda Legislativa con perspectiva feminista. Se trata de un documento construido colegiadamente entre las integrantes del [&hellip;]","og_url":"https:\/\/lospoliticosveracruz.com\/?p=131634","og_site_name":"Los pol\u00edticos Veracruz","article_publisher":"https:\/\/www.facebook.com\/people\/Notimemes-de-los-Polticos\/61565672886568\/","article_published_time":"2024-10-25T02:51:11+00:00","article_modified_time":"2024-10-25T02:51:18+00:00","og_image":[{"width":200,"height":200,"url":"https:\/\/lospoliticosveracruz.com\/wp-content\/uploads\/2016\/07\/Logo-Dor.jpg","type":"image\/jpeg"}],"author":"Lo viste en Los Pol\u00edticos","twitter_card":"summary_large_image","twitter_creator":"@LosPoliticosVer","twitter_site":"@LosPoliticosVer","twitter_misc":{"Escrito por":"Lo viste en Los Pol\u00edticos","Tiempo de lectura":"3 minutos"},"schema":{"@context":"https:\/\/schema.org","@graph":[{"@type":"Article","@id":"https:\/\/lospoliticosveracruz.com\/?p=131634#article","isPartOf":{"@id":"https:\/\/lospoliticosveracruz.com\/?p=131634"},"author":{"name":"Lo viste en Los Pol\u00edticos","@id":"https:\/\/lospoliticosveracruz.com\/#\/schema\/person\/b8702bb0e538456e6efd07080bf2a4a2"},"headline":"11 PROPUESTAS PARA LAS NUEVAS!","datePublished":"2024-10-25T02:51:11+00:00","dateModified":"2024-10-25T02:51:18+00:00","mainEntityOfPage":{"@id":"https:\/\/lospoliticosveracruz.com\/?p=131634"},"wordCount":591,"publisher":{"@id":"https:\/\/lospoliticosveracruz.com\/#organization"},"keywords":["Claudia Sheinbaum Pardo","Red Nacional de Mujeres Defensoras de la Paridad en Todo"],"articleSection":["De Boleto"],"inLanguage":"es"},{"@type":"WebPage","@id":"https:\/\/lospoliticosveracruz.com\/?p=131634","url":"https:\/\/lospoliticosveracruz.com\/?p=131634","name":"11 PROPUESTAS PARA LAS NUEVAS! - Los pol\u00edticos Veracruz","isPartOf":{"@id":"https:\/\/lospoliticosveracruz.com\/#website"},"datePublished":"2024-10-25T02:51:11+00:00","dateModified":"2024-10-25T02:51:18+00:00","breadcrumb":{"@id":"https:\/\/lospoliticosveracruz.com\/?p=131634#breadcrumb"},"inLanguage":"es","potentialAction":[{"@type":"ReadAction","target":["https:\/\/lospoliticosveracruz.com\/?p=131634"]}]},{"@type":"BreadcrumbList","@id":"https:\/\/lospoliticosveracruz.com\/?p=131634#breadcrumb","itemListElement":[{"@type":"ListItem","position":1,"name":"Portada","item":"https:\/\/lospoliticosveracruz.com\/"},{"@type":"ListItem","position":2,"name":"11 PROPUESTAS PARA LAS NUEVAS!"}]},{"@type":"WebSite","@id":"https:\/\/lospoliticosveracruz.com\/#website","url":"https:\/\/lospoliticosveracruz.com\/","name":"Los pol\u00edticos Veracruz","description":"","publisher":{"@id":"https:\/\/lospoliticosveracruz.com\/#organization"},"potentialAction":[{"@type":"SearchAction","target":{"@type":"EntryPoint","urlTemplate":"https:\/\/lospoliticosveracruz.com\/?s={search_term_string}"},"query-input":{"@type":"PropertyValueSpecification","valueRequired":true,"valueName":"search_term_string"}}],"inLanguage":"es"},{"@type":"Organization","@id":"https:\/\/lospoliticosveracruz.com\/#organization","name":"Los pol\u00edticos Veracruz","url":"https:\/\/lospoliticosveracruz.com\/","logo":{"@type":"ImageObject","inLanguage":"es","@id":"https:\/\/lospoliticosveracruz.com\/#\/schema\/logo\/image\/","url":"https:\/\/lospoliticosveracruz.com\/wp-content\/uploads\/2025\/12\/Logo-Nuevo-LOS-POLITICOS-1.jpg","contentUrl":"https:\/\/lospoliticosveracruz.com\/wp-content\/uploads\/2025\/12\/Logo-Nuevo-LOS-POLITICOS-1.jpg","width":260,"height":70,"caption":"Los pol\u00edticos Veracruz"},"image":{"@id":"https:\/\/lospoliticosveracruz.com\/#\/schema\/logo\/image\/"},"sameAs":["https:\/\/www.facebook.com\/people\/Notimemes-de-los-Polticos\/61565672886568\/","https:\/\/x.com\/LosPoliticosVer"]},{"@type":"Person","@id":"https:\/\/lospoliticosveracruz.com\/#\/schema\/person\/b8702bb0e538456e6efd07080bf2a4a2","name":"Lo viste en Los Pol\u00edticos","image":{"@type":"ImageObject","inLanguage":"es","@id":"https:\/\/secure.gravatar.com\/avatar\/3a8de04a2656d44082be478bd6c086daa447c4651605818287b9532d3d0bd435?s=96&d=mm&r=g","url":"https:\/\/secure.gravatar.com\/avatar\/3a8de04a2656d44082be478bd6c086daa447c4651605818287b9532d3d0bd435?s=96&d=mm&r=g","contentUrl":"https:\/\/secure.gravatar.com\/avatar\/3a8de04a2656d44082be478bd6c086daa447c4651605818287b9532d3d0bd435?s=96&d=mm&r=g","caption":"Lo viste en Los Pol\u00edticos"},"url":"https:\/\/lospoliticosveracruz.com\/?author=2"}]}},"_links":{"self":[{"href":"https:\/\/lospoliticosveracruz.com\/index.php?rest_route=\/wp\/v2\/posts\/131634","targetHints":{"allow":["GET"]}}],"collection":[{"href":"https:\/\/lospoliticosveracruz.com\/index.php?rest_route=\/wp\/v2\/posts"}],"about":[{"href":"https:\/\/lospoliticosveracruz.com\/index.php?rest_route=\/wp\/v2\/types\/post"}],"author":[{"embeddable":true,"href":"https:\/\/lospoliticosveracruz.com\/index.php?rest_route=\/wp\/v2\/users\/2"}],"replies":[{"embeddable":true,"href":"https:\/\/lospoliticosveracruz.com\/index.php?rest_route=%2Fwp%2Fv2%2Fcomments&post=131634"}],"version-history":[{"count":1,"href":"https:\/\/lospoliticosveracruz.com\/index.php?rest_route=\/wp\/v2\/posts\/131634\/revisions"}],"predecessor-version":[{"id":131636,"href":"https:\/\/lospoliticosveracruz.com\/index.php?rest_route=\/wp\/v2\/posts\/131634\/revisions\/131636"}],"wp:attachment":[{"href":"https:\/\/lospoliticosveracruz.com\/index.php?rest_route=%2Fwp%2Fv2%2Fmedia&parent=131634"}],"wp:term":[{"taxonomy":"category","embeddable":true,"href":"https:\/\/lospoliticosveracruz.com\/index.php?rest_route=%2Fwp%2Fv2%2Fcategories&post=131634"},{"taxonomy":"post_tag","embeddable":true,"href":"https:\/\/lospoliticosveracruz.com\/index.php?rest_route=%2Fwp%2Fv2%2Ftags&post=131634"}],"curies":[{"name":"wp","href":"https:\/\/api.w.org\/{rel}","templated":true}]}}