{"id":131661,"date":"2024-10-25T10:45:08","date_gmt":"2024-10-25T15:45:08","guid":{"rendered":"https:\/\/lospoliticosveracruz.com.mx\/?p=131661"},"modified":"2024-10-25T10:45:27","modified_gmt":"2024-10-25T15:45:27","slug":"alto-no-des-click","status":"publish","type":"post","link":"https:\/\/lospoliticosveracruz.com\/?p=131661","title":{"rendered":"\u00a1ALTO, NO DES CLICK!"},"content":{"rendered":"\n<p><strong>Teresa Carbajal<br><\/strong><em>Debo, no niego; pago, lo justo<\/em><\/p>\n\n\n\n<p>Uy, son muchas las historias de personas que al d\u00eda de hoy han perdido dinero v\u00edctimas de alguna estafa, fraude, extorsi\u00f3n o enga\u00f1o publicitario; es m\u00e1s, es raro que alguno de nosotros no haya ca\u00eddo a\u00fan, pues en ese caso es la experiencia de un familiar cercano la referencia para integrarse a una pl\u00e1tica cuyo fin sea compartir el dolor, la indignaci\u00f3n o la molestia por la frecuencia con que ocurren hechos de esta naturaleza.<\/p>\n\n\n<div class=\"wp-block-image\">\n<figure class=\"alignleft size-medium\"><a href=\"https:\/\/lospoliticosveracruz.com.mx\/wp-content\/uploads\/2021\/10\/Zacauilt.jpg\"><img decoding=\"async\" src=\"https:\/\/lospoliticosveracruz.com.mx\/wp-content\/uploads\/2021\/10\/Zacauilt-150x300.jpg\" alt=\"\" class=\"wp-image-80558\"\/><\/a><\/figure>\n<\/div>\n\n\n<p><br>Sobre todo, por la indiferencia con la que se les observa, y el reclamo a quienes han ca\u00eddo; que si, \u00a1\u00bfpor qu\u00e9 no le le\u00edste, que para qu\u00e9 contestaste, o por qu\u00e9 diste el nip, o por qu\u00e9 diste la clave, o por qu\u00e9 confiaste?!<br>Responsabilizando al de por s\u00ed lastimado en su patrimonio y en su moral, de la causa de los hechos. Como si no fuera suficiente con el castigo de perder dinero, o el reproche de la conciencia, que minuto a minuto nos reclama silenciosamente por qu\u00e9 lo hice.<br>Es m\u00e1s, hay quienes asumen las p\u00e9rdidas con tal de recuperar la paz mental al dejar de pensar en cuando van a recuperar lo perdido, o cuanto m\u00e1s les va a costar, o que tendr\u00e1n de andar en envueltas; y es que cada vez que cuentan su historia salen rega\u00f1ados por su confiada o distra\u00edda conducta.<br>As\u00ed, este reproche social es al d\u00eda de hoy, parte del problema del por qu\u00e9 nadie pone manos a la obra para resolver estos eventos cotidianos que lastiman la econom\u00eda de las familias mexicanas.<br>Es momento de reflexionar un poco m\u00e1s all\u00e1 del juicio, -o del enjuiciamiento quiero decir- sobre las causas que dan lugar a estos problemas, no hace falta ponernos en los zapatos de los dem\u00e1s, lo cual de por s\u00ed ya es dif\u00edcil. Porque eso no lo hacemos, hasta que nos pasa.<br>Mire, por ejemplo, en el caso de los fraudes financieros que cometen empresas establecidas con todas las de la ley, se recuperan uno de cada tres pesos de los que llegan a reclamar el reembolso de su dinero.<br>Pero en el caso de los fraudes que cometen las financieras fantasmas, no se recupera un solo peso; pues a donde acudas hay una crisis de incompetencia de las autoridades, entendida como la falta de facultades legales para actuar en contra de los abusos, pues por la sencilla raz\u00f3n de que, si no est\u00e1n en la \u201clista\u201d oficial, pues entonces no se hace nada.<br>\u00bfEntonces, quien se hace cargo de ellos? De quienes operan en los vac\u00edos legales. Pues nadie, porque se consideran delitos cometidos en todo caso, por particulares. Y que por dicho motivo tienen que ser perseguidos conforme a la norma penal. Ok, pero, \u00bfen d\u00f3nde los encuentras? Si tiene nombres ficticios, domicilios fantasmas y cero regulaci\u00f3n, pero m\u00e1xima tolerancia.<br>\u00bfNo le parece absurdo? Pues lo es. Si tenemos que reconocer que el Estado, es incapaz de brindarnos seguridad o protegernos de quienes, haciendo uso de tecnolog\u00edas de la informaci\u00f3n, o de la impunidad se llevan a la bolsa diariamente millones de pesos que son pr\u00e1cticamente irrecuperables, entonces estamos en un serio problema de gobierno.<br>Hay quienes me hacen la pregunta reiterada, sobre qu\u00e9 se puede hacer. La gente, el pueblo, est\u00e1 \u00e1vido de respuestas, y los veo palidecer cuando les cuento los caminos legales cuando los hay, y peor aun cuando les cuento los caminos que a\u00fan no hay.<br>Es cierto, que podemos contribuir a que esta situaci\u00f3n se tome como un asunto serio, y que pasemos de la queja, de la revictimizaci\u00f3n, de la culpa, a la acci\u00f3n; pero eso solo ser\u00e1 posible en el momento en el que todos entendamos que es un problema de falta de justicia, y de marco legal.<br>Y que s\u00ed se puede frenar, y que s\u00ed les corresponde a las autoridades hacerse cargo de resolverlo. Tenemos legisladores cuya funci\u00f3n principal debe ser precisamente eso, la creaci\u00f3n de leyes, tenemos estudiosos del derecho cobrando much\u00edsimo dinero para hacer investigaci\u00f3n jur\u00eddica, tenemos congresos locales que puedan abonar tambi\u00e9n al tema.<br>Todos tiene que entrarle al tema, ya no es momento solo de observar, es momento de actuar. As\u00ed que yo los invito a darle una revisada a este fen\u00f3meno social que nos ha robado la paz en los \u00faltimos a\u00f1os, para darse cuenta por ustedes mismos en que no es para nada justo y sobre todo insuficiente, que se atribuya a las v\u00edctimas la responsabilidad por el descuido.<br>Por mientras si les toca que les manden un link sospechoso, ni de chiste lo abran.<br>\u00danase ya, a la Jornada Estatal para la Defensa del Patrimonio Familiar 2281148502 visite www.elbarzonrc.org Contacte elbarzonrc@yahoo.com.mx, O s\u00edgame en @terecarbajal<\/p>\n","protected":false},"excerpt":{"rendered":"<p>Teresa CarbajalDebo, no niego; pago, lo justo Uy, son muchas las historias de personas que al d\u00eda de hoy han perdido dinero v\u00edctimas de alguna estafa, fraude, extorsi\u00f3n o enga\u00f1o publicitario; es m\u00e1s, es raro que alguno de nosotros no haya ca\u00eddo a\u00fan, pues en ese caso es la experiencia de un familiar cercano la [&hellip;]<\/p>\n","protected":false},"author":2,"featured_media":119935,"comment_status":"closed","ping_status":"closed","sticky":false,"template":"","format":"standard","meta":{"tdm_status":"","tdm_grid_status":"","footnotes":""},"categories":[70],"tags":[22106,627,2178,15570],"class_list":{"0":"post-131661","1":"post","2":"type-post","3":"status-publish","4":"format-standard","5":"has-post-thumbnail","7":"category-de-opinion","8":"tag-estafa","9":"tag-extorsion","10":"tag-fraude","11":"tag-teresa-carbajal"},"yoast_head":"<!-- This site is optimized with the Yoast SEO plugin v27.4 - https:\/\/yoast.com\/product\/yoast-seo-wordpress\/ -->\n<title>\u00a1ALTO, NO DES CLICK! - Los pol\u00edticos Veracruz<\/title>\n<meta name=\"robots\" content=\"index, follow, max-snippet:-1, max-image-preview:large, max-video-preview:-1\" \/>\n<link rel=\"canonical\" href=\"https:\/\/lospoliticosveracruz.com\/?p=131661\" \/>\n<meta property=\"og:locale\" content=\"es_ES\" \/>\n<meta property=\"og:type\" content=\"article\" \/>\n<meta property=\"og:title\" content=\"\u00a1ALTO, NO DES CLICK! - Los pol\u00edticos Veracruz\" \/>\n<meta property=\"og:description\" content=\"Teresa CarbajalDebo, no niego; pago, lo justo Uy, son muchas las historias de personas que al d\u00eda de hoy han perdido dinero v\u00edctimas de alguna estafa, fraude, extorsi\u00f3n o enga\u00f1o publicitario; es m\u00e1s, es raro que alguno de nosotros no haya ca\u00eddo a\u00fan, pues en ese caso es la experiencia de un familiar cercano la [&hellip;]\" \/>\n<meta property=\"og:url\" content=\"https:\/\/lospoliticosveracruz.com\/?p=131661\" \/>\n<meta property=\"og:site_name\" content=\"Los pol\u00edticos Veracruz\" \/>\n<meta property=\"article:publisher\" content=\"https:\/\/www.facebook.com\/people\/Notimemes-de-los-Polticos\/61565672886568\/\" \/>\n<meta property=\"article:published_time\" content=\"2024-10-25T15:45:08+00:00\" \/>\n<meta property=\"article:modified_time\" content=\"2024-10-25T15:45:27+00:00\" \/>\n<meta property=\"og:image\" content=\"https:\/\/lospoliticosveracruz.com\/wp-content\/uploads\/2024\/03\/Teresa-Carbajal.jpg\" \/>\n\t<meta property=\"og:image:width\" content=\"1250\" \/>\n\t<meta property=\"og:image:height\" content=\"667\" \/>\n\t<meta property=\"og:image:type\" content=\"image\/jpeg\" \/>\n<meta name=\"author\" content=\"Lo viste en Los Pol\u00edticos\" \/>\n<meta name=\"twitter:card\" content=\"summary_large_image\" \/>\n<meta name=\"twitter:creator\" content=\"@LosPoliticosVer\" \/>\n<meta name=\"twitter:site\" content=\"@LosPoliticosVer\" \/>\n<meta name=\"twitter:label1\" content=\"Escrito por\" \/>\n\t<meta name=\"twitter:data1\" content=\"Lo viste en Los Pol\u00edticos\" \/>\n\t<meta name=\"twitter:label2\" content=\"Tiempo de lectura\" \/>\n\t<meta name=\"twitter:data2\" content=\"4 minutos\" \/>\n<script type=\"application\/ld+json\" class=\"yoast-schema-graph\">{\"@context\":\"https:\\\/\\\/schema.org\",\"@graph\":[{\"@type\":\"Article\",\"@id\":\"https:\\\/\\\/lospoliticosveracruz.com\\\/?p=131661#article\",\"isPartOf\":{\"@id\":\"https:\\\/\\\/lospoliticosveracruz.com\\\/?p=131661\"},\"author\":{\"name\":\"Lo viste en Los Pol\u00edticos\",\"@id\":\"https:\\\/\\\/lospoliticosveracruz.com\\\/#\\\/schema\\\/person\\\/b8702bb0e538456e6efd07080bf2a4a2\"},\"headline\":\"\u00a1ALTO, NO DES CLICK!\",\"datePublished\":\"2024-10-25T15:45:08+00:00\",\"dateModified\":\"2024-10-25T15:45:27+00:00\",\"mainEntityOfPage\":{\"@id\":\"https:\\\/\\\/lospoliticosveracruz.com\\\/?p=131661\"},\"wordCount\":840,\"publisher\":{\"@id\":\"https:\\\/\\\/lospoliticosveracruz.com\\\/#organization\"},\"image\":{\"@id\":\"https:\\\/\\\/lospoliticosveracruz.com\\\/?p=131661#primaryimage\"},\"thumbnailUrl\":\"https:\\\/\\\/lospoliticosveracruz.com\\\/wp-content\\\/uploads\\\/2024\\\/03\\\/Teresa-Carbajal.jpg\",\"keywords\":[\"Estafa\",\"extorsi\u00f3n\",\"Fraude\",\"Teresa Carbajal\"],\"articleSection\":[\"De Opini\u00f3n\"],\"inLanguage\":\"es\"},{\"@type\":\"WebPage\",\"@id\":\"https:\\\/\\\/lospoliticosveracruz.com\\\/?p=131661\",\"url\":\"https:\\\/\\\/lospoliticosveracruz.com\\\/?p=131661\",\"name\":\"\u00a1ALTO, NO DES CLICK! - Los pol\u00edticos Veracruz\",\"isPartOf\":{\"@id\":\"https:\\\/\\\/lospoliticosveracruz.com\\\/#website\"},\"primaryImageOfPage\":{\"@id\":\"https:\\\/\\\/lospoliticosveracruz.com\\\/?p=131661#primaryimage\"},\"image\":{\"@id\":\"https:\\\/\\\/lospoliticosveracruz.com\\\/?p=131661#primaryimage\"},\"thumbnailUrl\":\"https:\\\/\\\/lospoliticosveracruz.com\\\/wp-content\\\/uploads\\\/2024\\\/03\\\/Teresa-Carbajal.jpg\",\"datePublished\":\"2024-10-25T15:45:08+00:00\",\"dateModified\":\"2024-10-25T15:45:27+00:00\",\"breadcrumb\":{\"@id\":\"https:\\\/\\\/lospoliticosveracruz.com\\\/?p=131661#breadcrumb\"},\"inLanguage\":\"es\",\"potentialAction\":[{\"@type\":\"ReadAction\",\"target\":[\"https:\\\/\\\/lospoliticosveracruz.com\\\/?p=131661\"]}]},{\"@type\":\"ImageObject\",\"inLanguage\":\"es\",\"@id\":\"https:\\\/\\\/lospoliticosveracruz.com\\\/?p=131661#primaryimage\",\"url\":\"https:\\\/\\\/lospoliticosveracruz.com\\\/wp-content\\\/uploads\\\/2024\\\/03\\\/Teresa-Carbajal.jpg\",\"contentUrl\":\"https:\\\/\\\/lospoliticosveracruz.com\\\/wp-content\\\/uploads\\\/2024\\\/03\\\/Teresa-Carbajal.jpg\",\"width\":1250,\"height\":667},{\"@type\":\"BreadcrumbList\",\"@id\":\"https:\\\/\\\/lospoliticosveracruz.com\\\/?p=131661#breadcrumb\",\"itemListElement\":[{\"@type\":\"ListItem\",\"position\":1,\"name\":\"Portada\",\"item\":\"https:\\\/\\\/lospoliticosveracruz.com\\\/\"},{\"@type\":\"ListItem\",\"position\":2,\"name\":\"\u00a1ALTO, NO DES CLICK!\"}]},{\"@type\":\"WebSite\",\"@id\":\"https:\\\/\\\/lospoliticosveracruz.com\\\/#website\",\"url\":\"https:\\\/\\\/lospoliticosveracruz.com\\\/\",\"name\":\"Los pol\u00edticos Veracruz\",\"description\":\"\",\"publisher\":{\"@id\":\"https:\\\/\\\/lospoliticosveracruz.com\\\/#organization\"},\"potentialAction\":[{\"@type\":\"SearchAction\",\"target\":{\"@type\":\"EntryPoint\",\"urlTemplate\":\"https:\\\/\\\/lospoliticosveracruz.com\\\/?s={search_term_string}\"},\"query-input\":{\"@type\":\"PropertyValueSpecification\",\"valueRequired\":true,\"valueName\":\"search_term_string\"}}],\"inLanguage\":\"es\"},{\"@type\":\"Organization\",\"@id\":\"https:\\\/\\\/lospoliticosveracruz.com\\\/#organization\",\"name\":\"Los pol\u00edticos Veracruz\",\"url\":\"https:\\\/\\\/lospoliticosveracruz.com\\\/\",\"logo\":{\"@type\":\"ImageObject\",\"inLanguage\":\"es\",\"@id\":\"https:\\\/\\\/lospoliticosveracruz.com\\\/#\\\/schema\\\/logo\\\/image\\\/\",\"url\":\"https:\\\/\\\/lospoliticosveracruz.com\\\/wp-content\\\/uploads\\\/2025\\\/12\\\/Logo-Nuevo-LOS-POLITICOS-1.jpg\",\"contentUrl\":\"https:\\\/\\\/lospoliticosveracruz.com\\\/wp-content\\\/uploads\\\/2025\\\/12\\\/Logo-Nuevo-LOS-POLITICOS-1.jpg\",\"width\":260,\"height\":70,\"caption\":\"Los pol\u00edticos Veracruz\"},\"image\":{\"@id\":\"https:\\\/\\\/lospoliticosveracruz.com\\\/#\\\/schema\\\/logo\\\/image\\\/\"},\"sameAs\":[\"https:\\\/\\\/www.facebook.com\\\/people\\\/Notimemes-de-los-Polticos\\\/61565672886568\\\/\",\"https:\\\/\\\/x.com\\\/LosPoliticosVer\"]},{\"@type\":\"Person\",\"@id\":\"https:\\\/\\\/lospoliticosveracruz.com\\\/#\\\/schema\\\/person\\\/b8702bb0e538456e6efd07080bf2a4a2\",\"name\":\"Lo viste en Los Pol\u00edticos\",\"image\":{\"@type\":\"ImageObject\",\"inLanguage\":\"es\",\"@id\":\"https:\\\/\\\/secure.gravatar.com\\\/avatar\\\/3a8de04a2656d44082be478bd6c086daa447c4651605818287b9532d3d0bd435?s=96&d=mm&r=g\",\"url\":\"https:\\\/\\\/secure.gravatar.com\\\/avatar\\\/3a8de04a2656d44082be478bd6c086daa447c4651605818287b9532d3d0bd435?s=96&d=mm&r=g\",\"contentUrl\":\"https:\\\/\\\/secure.gravatar.com\\\/avatar\\\/3a8de04a2656d44082be478bd6c086daa447c4651605818287b9532d3d0bd435?s=96&d=mm&r=g\",\"caption\":\"Lo viste en Los Pol\u00edticos\"},\"url\":\"https:\\\/\\\/lospoliticosveracruz.com\\\/?author=2\"}]}<\/script>\n<!-- \/ Yoast SEO plugin. -->","yoast_head_json":{"title":"\u00a1ALTO, NO DES CLICK! - Los pol\u00edticos Veracruz","robots":{"index":"index","follow":"follow","max-snippet":"max-snippet:-1","max-image-preview":"max-image-preview:large","max-video-preview":"max-video-preview:-1"},"canonical":"https:\/\/lospoliticosveracruz.com\/?p=131661","og_locale":"es_ES","og_type":"article","og_title":"\u00a1ALTO, NO DES CLICK! - Los pol\u00edticos Veracruz","og_description":"Teresa CarbajalDebo, no niego; pago, lo justo Uy, son muchas las historias de personas que al d\u00eda de hoy han perdido dinero v\u00edctimas de alguna estafa, fraude, extorsi\u00f3n o enga\u00f1o publicitario; es m\u00e1s, es raro que alguno de nosotros no haya ca\u00eddo a\u00fan, pues en ese caso es la experiencia de un familiar cercano la [&hellip;]","og_url":"https:\/\/lospoliticosveracruz.com\/?p=131661","og_site_name":"Los pol\u00edticos Veracruz","article_publisher":"https:\/\/www.facebook.com\/people\/Notimemes-de-los-Polticos\/61565672886568\/","article_published_time":"2024-10-25T15:45:08+00:00","article_modified_time":"2024-10-25T15:45:27+00:00","og_image":[{"width":1250,"height":667,"url":"https:\/\/lospoliticosveracruz.com\/wp-content\/uploads\/2024\/03\/Teresa-Carbajal.jpg","type":"image\/jpeg"}],"author":"Lo viste en Los Pol\u00edticos","twitter_card":"summary_large_image","twitter_creator":"@LosPoliticosVer","twitter_site":"@LosPoliticosVer","twitter_misc":{"Escrito por":"Lo viste en Los Pol\u00edticos","Tiempo de lectura":"4 minutos"},"schema":{"@context":"https:\/\/schema.org","@graph":[{"@type":"Article","@id":"https:\/\/lospoliticosveracruz.com\/?p=131661#article","isPartOf":{"@id":"https:\/\/lospoliticosveracruz.com\/?p=131661"},"author":{"name":"Lo viste en Los Pol\u00edticos","@id":"https:\/\/lospoliticosveracruz.com\/#\/schema\/person\/b8702bb0e538456e6efd07080bf2a4a2"},"headline":"\u00a1ALTO, NO DES CLICK!","datePublished":"2024-10-25T15:45:08+00:00","dateModified":"2024-10-25T15:45:27+00:00","mainEntityOfPage":{"@id":"https:\/\/lospoliticosveracruz.com\/?p=131661"},"wordCount":840,"publisher":{"@id":"https:\/\/lospoliticosveracruz.com\/#organization"},"image":{"@id":"https:\/\/lospoliticosveracruz.com\/?p=131661#primaryimage"},"thumbnailUrl":"https:\/\/lospoliticosveracruz.com\/wp-content\/uploads\/2024\/03\/Teresa-Carbajal.jpg","keywords":["Estafa","extorsi\u00f3n","Fraude","Teresa Carbajal"],"articleSection":["De Opini\u00f3n"],"inLanguage":"es"},{"@type":"WebPage","@id":"https:\/\/lospoliticosveracruz.com\/?p=131661","url":"https:\/\/lospoliticosveracruz.com\/?p=131661","name":"\u00a1ALTO, NO DES CLICK! - Los pol\u00edticos Veracruz","isPartOf":{"@id":"https:\/\/lospoliticosveracruz.com\/#website"},"primaryImageOfPage":{"@id":"https:\/\/lospoliticosveracruz.com\/?p=131661#primaryimage"},"image":{"@id":"https:\/\/lospoliticosveracruz.com\/?p=131661#primaryimage"},"thumbnailUrl":"https:\/\/lospoliticosveracruz.com\/wp-content\/uploads\/2024\/03\/Teresa-Carbajal.jpg","datePublished":"2024-10-25T15:45:08+00:00","dateModified":"2024-10-25T15:45:27+00:00","breadcrumb":{"@id":"https:\/\/lospoliticosveracruz.com\/?p=131661#breadcrumb"},"inLanguage":"es","potentialAction":[{"@type":"ReadAction","target":["https:\/\/lospoliticosveracruz.com\/?p=131661"]}]},{"@type":"ImageObject","inLanguage":"es","@id":"https:\/\/lospoliticosveracruz.com\/?p=131661#primaryimage","url":"https:\/\/lospoliticosveracruz.com\/wp-content\/uploads\/2024\/03\/Teresa-Carbajal.jpg","contentUrl":"https:\/\/lospoliticosveracruz.com\/wp-content\/uploads\/2024\/03\/Teresa-Carbajal.jpg","width":1250,"height":667},{"@type":"BreadcrumbList","@id":"https:\/\/lospoliticosveracruz.com\/?p=131661#breadcrumb","itemListElement":[{"@type":"ListItem","position":1,"name":"Portada","item":"https:\/\/lospoliticosveracruz.com\/"},{"@type":"ListItem","position":2,"name":"\u00a1ALTO, NO DES CLICK!"}]},{"@type":"WebSite","@id":"https:\/\/lospoliticosveracruz.com\/#website","url":"https:\/\/lospoliticosveracruz.com\/","name":"Los pol\u00edticos Veracruz","description":"","publisher":{"@id":"https:\/\/lospoliticosveracruz.com\/#organization"},"potentialAction":[{"@type":"SearchAction","target":{"@type":"EntryPoint","urlTemplate":"https:\/\/lospoliticosveracruz.com\/?s={search_term_string}"},"query-input":{"@type":"PropertyValueSpecification","valueRequired":true,"valueName":"search_term_string"}}],"inLanguage":"es"},{"@type":"Organization","@id":"https:\/\/lospoliticosveracruz.com\/#organization","name":"Los pol\u00edticos Veracruz","url":"https:\/\/lospoliticosveracruz.com\/","logo":{"@type":"ImageObject","inLanguage":"es","@id":"https:\/\/lospoliticosveracruz.com\/#\/schema\/logo\/image\/","url":"https:\/\/lospoliticosveracruz.com\/wp-content\/uploads\/2025\/12\/Logo-Nuevo-LOS-POLITICOS-1.jpg","contentUrl":"https:\/\/lospoliticosveracruz.com\/wp-content\/uploads\/2025\/12\/Logo-Nuevo-LOS-POLITICOS-1.jpg","width":260,"height":70,"caption":"Los pol\u00edticos Veracruz"},"image":{"@id":"https:\/\/lospoliticosveracruz.com\/#\/schema\/logo\/image\/"},"sameAs":["https:\/\/www.facebook.com\/people\/Notimemes-de-los-Polticos\/61565672886568\/","https:\/\/x.com\/LosPoliticosVer"]},{"@type":"Person","@id":"https:\/\/lospoliticosveracruz.com\/#\/schema\/person\/b8702bb0e538456e6efd07080bf2a4a2","name":"Lo viste en Los Pol\u00edticos","image":{"@type":"ImageObject","inLanguage":"es","@id":"https:\/\/secure.gravatar.com\/avatar\/3a8de04a2656d44082be478bd6c086daa447c4651605818287b9532d3d0bd435?s=96&d=mm&r=g","url":"https:\/\/secure.gravatar.com\/avatar\/3a8de04a2656d44082be478bd6c086daa447c4651605818287b9532d3d0bd435?s=96&d=mm&r=g","contentUrl":"https:\/\/secure.gravatar.com\/avatar\/3a8de04a2656d44082be478bd6c086daa447c4651605818287b9532d3d0bd435?s=96&d=mm&r=g","caption":"Lo viste en Los Pol\u00edticos"},"url":"https:\/\/lospoliticosveracruz.com\/?author=2"}]}},"_links":{"self":[{"href":"https:\/\/lospoliticosveracruz.com\/index.php?rest_route=\/wp\/v2\/posts\/131661","targetHints":{"allow":["GET"]}}],"collection":[{"href":"https:\/\/lospoliticosveracruz.com\/index.php?rest_route=\/wp\/v2\/posts"}],"about":[{"href":"https:\/\/lospoliticosveracruz.com\/index.php?rest_route=\/wp\/v2\/types\/post"}],"author":[{"embeddable":true,"href":"https:\/\/lospoliticosveracruz.com\/index.php?rest_route=\/wp\/v2\/users\/2"}],"replies":[{"embeddable":true,"href":"https:\/\/lospoliticosveracruz.com\/index.php?rest_route=%2Fwp%2Fv2%2Fcomments&post=131661"}],"version-history":[{"count":2,"href":"https:\/\/lospoliticosveracruz.com\/index.php?rest_route=\/wp\/v2\/posts\/131661\/revisions"}],"predecessor-version":[{"id":131663,"href":"https:\/\/lospoliticosveracruz.com\/index.php?rest_route=\/wp\/v2\/posts\/131661\/revisions\/131663"}],"wp:featuredmedia":[{"embeddable":true,"href":"https:\/\/lospoliticosveracruz.com\/index.php?rest_route=\/wp\/v2\/media\/119935"}],"wp:attachment":[{"href":"https:\/\/lospoliticosveracruz.com\/index.php?rest_route=%2Fwp%2Fv2%2Fmedia&parent=131661"}],"wp:term":[{"taxonomy":"category","embeddable":true,"href":"https:\/\/lospoliticosveracruz.com\/index.php?rest_route=%2Fwp%2Fv2%2Fcategories&post=131661"},{"taxonomy":"post_tag","embeddable":true,"href":"https:\/\/lospoliticosveracruz.com\/index.php?rest_route=%2Fwp%2Fv2%2Ftags&post=131661"}],"curies":[{"name":"wp","href":"https:\/\/api.w.org\/{rel}","templated":true}]}}