{"id":131664,"date":"2024-10-25T11:16:18","date_gmt":"2024-10-25T16:16:18","guid":{"rendered":"https:\/\/lospoliticosveracruz.com.mx\/?p=131664"},"modified":"2024-10-25T11:16:29","modified_gmt":"2024-10-25T16:16:29","slug":"2025-en-puerta","status":"publish","type":"post","link":"https:\/\/lospoliticosveracruz.com\/?p=131664","title":{"rendered":"2025, EN PUERTA"},"content":{"rendered":"\n<p><strong>Fanny Y\u00e9pez<\/strong><\/p>\n\n\n\n<p><em>La Columna<br><\/em><\/p>\n\n\n\n<p>Con la ausencia de los partidos de la Revoluci\u00f3n Democr\u00e1tica, Podemos, Todos por Veracruz, Cardenista, Unidad Ciudadana, Encuentro Solidario y Redes Sociales Progresistas, institutos pol\u00edticos que perdieron su oportunidad de participar al no lograr el 3 por ciento de la votaci\u00f3n, el pr\u00f3ximo 7 de noviembre se instalara el Consejo General del OPLE con lo que se pondr\u00e1 en marcha el proceso electoral para la elecci\u00f3n de 212 presidentes municipales, 212 sindicaturas y 630 regidur\u00edas.<\/p>\n\n\n<div class=\"wp-block-image\">\n<figure class=\"alignleft size-medium\"><a href=\"https:\/\/lospoliticosveracruz.com.mx\/wp-content\/uploads\/2021\/10\/Zacauilt.jpg\"><img decoding=\"async\" src=\"https:\/\/lospoliticosveracruz.com.mx\/wp-content\/uploads\/2021\/10\/Zacauilt-150x300.jpg\" alt=\"\" class=\"wp-image-80558\"\/><\/a><\/figure>\n<\/div>\n\n\n<p><br>Los 7 partidos citados en el p\u00e1rrafo anterior perdieron su registro en los \u00faltimos dos a\u00f1os, al no lograr obtener el 3 por ciento de los votos en las pasadas elecciones. Los partidos y candidatas y candidatos que participaran en el pr\u00f3ximo proceso electoral municipal les recomendamos que se vean en el espejo de los partidos que perdieron su registro, les recordamos que los ciudadanos tienen memoria y en las casillas con su voto aprueban o reprueban a los contendientes.<br>Tal parece que los ciudadanos est\u00e1n utilizando las elecciones para expresar su decepci\u00f3n, un fen\u00f3meno denominado \u201cvoto del descontento\u201d o \u201cvoto de castigo\u201d que puede definirse como el rechazo a los partidos pol\u00edticos, las \u00e9lites tradicionales y otras instituciones. La gente vota por nuevas plataformas pol\u00edticas, a menudo creadas en torno a personalidades espec\u00edficas y no a definiciones pol\u00edticas.<br>A m\u00e1s de seis meses de que se celebre el proceso electoral del 1 de junio del a\u00f1o entrante, se espera que el pr\u00f3ximo 7 de noviembre se instale el Consejo General del Organismo P\u00fablico Local Electoral (OPLE), con lo que se podr\u00eda en marcha las elecciones municipales del 2025 cuando 6 millones 80 mil 509 de votantes tendr\u00e1n la oportunidad de elegir a sus ediles.<br>En la entidad veracruzana se elegir\u00e1n mil 054 cargos municipales y se espera que tambi\u00e9n se elijan magistrados, jueces y ministros del Poder Judicial de la Federaci\u00f3n, por lo que en noviembre pr\u00f3ximo la Junta Local del INE y el Organismo P\u00fablico Local Electoral (OPLE) iniciar\u00e1n el proceso de manera formal.<br>Hasta esta fecha la lista nominal de electores en la entidad veracruzana es de 3 millones 23 mil 475, de esta cifra son personas de 35 a 64 a\u00f1os que representan el 49.72 por ciento del total; 2 millones 129 mil 507 son menores de 35 a\u00f1os y representan el 35.02 por ciento, 927 mil 232 son adultos mayores de 65 y hasta los 100 a\u00f1os y 295 son mayores de 100 a\u00f1os.<br>Adem\u00e1s, de ese total, 2 millones 866 mil 368 son hombres que representan el 47.14 por ciento de los electores y 3 millones 214 mil 137 son mujeres que representan el 52.86 por ciento; no binarios son cuatro personas.<br>De la lista nominal de electores, 85 mil 489 j\u00f3venes tienen 18 a\u00f1os que representan el 1.41 por ciento; 122 mil 305 tienen 19 a\u00f1os que representa el 2.01 por ciento; de 20 a 24 a\u00f1os son 672 mil 264 personas que representa el 11.06 por ciento del total; este \u00faltimo el grupo m\u00e1s representativo despu\u00e9s de los adultos mayores.<br>Asimismo, de 25 a 29 a\u00f1os hay 634 mil 015 personas que representan el 10.43 por ciento; de 30 a 34 a\u00f1os, 615 mil 434 que representan el 10.12 por ciento; de 35 a 39 a\u00f1os, 578 mil 019 personas que representan el 9.51 por ciento, mientras que de 40 a 44 a\u00f1os son 555 mil 366 personas que significa el 9.13 por ciento<br>El calendario establece que el inicio de estos procesos electorales ser\u00e1 entre el 1 y el 10 de noviembre en Veracruz, de acuerdo con las disposiciones establecidas en la Legislaci\u00f3n local.<br>Las elecciones para los ayuntamientos ser\u00e1n el 1 de junio de 2025, por lo que los c\u00f3mputos municipales respectivos se desarrollar\u00e1n entre el 4 y el 8 de junio del mismo a\u00f1o.<\/p>\n","protected":false},"excerpt":{"rendered":"<p>Fanny Y\u00e9pez La Columna Con la ausencia de los partidos de la Revoluci\u00f3n Democr\u00e1tica, Podemos, Todos por Veracruz, Cardenista, Unidad Ciudadana, Encuentro Solidario y Redes Sociales Progresistas, institutos pol\u00edticos que perdieron su oportunidad de participar al no lograr el 3 por ciento de la votaci\u00f3n, el pr\u00f3ximo 7 de noviembre se instalara el Consejo General [&hellip;]<\/p>\n","protected":false},"author":2,"featured_media":126076,"comment_status":"closed","ping_status":"closed","sticky":false,"template":"","format":"standard","meta":{"tdm_status":"","tdm_grid_status":"","footnotes":""},"categories":[70],"tags":[4204,19838,3398,13365,14281,24696,16226,18710],"class_list":{"0":"post-131664","1":"post","2":"type-post","3":"status-publish","4":"format-standard","5":"has-post-thumbnail","7":"category-de-opinion","8":"tag-cardenista","9":"tag-encuentro-solidario","10":"tag-fanny-yepez","11":"tag-podemos","12":"tag-redes-sociales-progresistas","13":"tag-revolucion-democratica","14":"tag-todos-por-veracruz","15":"tag-unidad-ciudadana"},"yoast_head":"<!-- This site is optimized with the Yoast SEO plugin v27.4 - https:\/\/yoast.com\/product\/yoast-seo-wordpress\/ -->\n<title>2025, EN PUERTA - Los pol\u00edticos Veracruz<\/title>\n<meta name=\"robots\" content=\"index, follow, max-snippet:-1, max-image-preview:large, max-video-preview:-1\" \/>\n<link rel=\"canonical\" href=\"https:\/\/lospoliticosveracruz.com\/?p=131664\" \/>\n<meta property=\"og:locale\" content=\"es_ES\" \/>\n<meta property=\"og:type\" content=\"article\" \/>\n<meta property=\"og:title\" content=\"2025, EN PUERTA - Los pol\u00edticos Veracruz\" \/>\n<meta property=\"og:description\" content=\"Fanny Y\u00e9pez La Columna Con la ausencia de los partidos de la Revoluci\u00f3n Democr\u00e1tica, Podemos, Todos por Veracruz, Cardenista, Unidad Ciudadana, Encuentro Solidario y Redes Sociales Progresistas, institutos pol\u00edticos que perdieron su oportunidad de participar al no lograr el 3 por ciento de la votaci\u00f3n, el pr\u00f3ximo 7 de noviembre se instalara el Consejo General [&hellip;]\" \/>\n<meta property=\"og:url\" content=\"https:\/\/lospoliticosveracruz.com\/?p=131664\" \/>\n<meta property=\"og:site_name\" content=\"Los pol\u00edticos Veracruz\" \/>\n<meta property=\"article:publisher\" content=\"https:\/\/www.facebook.com\/people\/Notimemes-de-los-Polticos\/61565672886568\/\" \/>\n<meta property=\"article:published_time\" content=\"2024-10-25T16:16:18+00:00\" \/>\n<meta property=\"article:modified_time\" content=\"2024-10-25T16:16:29+00:00\" \/>\n<meta property=\"og:image\" content=\"https:\/\/lospoliticosveracruz.com\/wp-content\/uploads\/2024\/06\/Fanny-Yepez.jpg\" \/>\n\t<meta property=\"og:image:width\" content=\"1250\" \/>\n\t<meta property=\"og:image:height\" content=\"667\" \/>\n\t<meta property=\"og:image:type\" content=\"image\/jpeg\" \/>\n<meta name=\"author\" content=\"Lo viste en Los Pol\u00edticos\" \/>\n<meta name=\"twitter:card\" content=\"summary_large_image\" \/>\n<meta name=\"twitter:creator\" content=\"@LosPoliticosVer\" \/>\n<meta name=\"twitter:site\" content=\"@LosPoliticosVer\" \/>\n<meta name=\"twitter:label1\" content=\"Escrito por\" \/>\n\t<meta name=\"twitter:data1\" content=\"Lo viste en Los Pol\u00edticos\" \/>\n\t<meta name=\"twitter:label2\" content=\"Tiempo de lectura\" \/>\n\t<meta name=\"twitter:data2\" content=\"3 minutos\" \/>\n<script type=\"application\/ld+json\" class=\"yoast-schema-graph\">{\"@context\":\"https:\\\/\\\/schema.org\",\"@graph\":[{\"@type\":\"Article\",\"@id\":\"https:\\\/\\\/lospoliticosveracruz.com\\\/?p=131664#article\",\"isPartOf\":{\"@id\":\"https:\\\/\\\/lospoliticosveracruz.com\\\/?p=131664\"},\"author\":{\"name\":\"Lo viste en Los Pol\u00edticos\",\"@id\":\"https:\\\/\\\/lospoliticosveracruz.com\\\/#\\\/schema\\\/person\\\/b8702bb0e538456e6efd07080bf2a4a2\"},\"headline\":\"2025, EN PUERTA\",\"datePublished\":\"2024-10-25T16:16:18+00:00\",\"dateModified\":\"2024-10-25T16:16:29+00:00\",\"mainEntityOfPage\":{\"@id\":\"https:\\\/\\\/lospoliticosveracruz.com\\\/?p=131664\"},\"wordCount\":607,\"publisher\":{\"@id\":\"https:\\\/\\\/lospoliticosveracruz.com\\\/#organization\"},\"image\":{\"@id\":\"https:\\\/\\\/lospoliticosveracruz.com\\\/?p=131664#primaryimage\"},\"thumbnailUrl\":\"https:\\\/\\\/lospoliticosveracruz.com\\\/wp-content\\\/uploads\\\/2024\\\/06\\\/Fanny-Yepez.jpg\",\"keywords\":[\"Cardenista\",\"Encuentro Solidario\",\"Fanny Y\u00e9pez\",\"Podemos\",\"Redes Sociales Progresistas\",\"Revoluci\u00f3n Democr\u00e1tica\",\"Todos por Veracruz\",\"Unidad Ciudadana\"],\"articleSection\":[\"De Opini\u00f3n\"],\"inLanguage\":\"es\"},{\"@type\":\"WebPage\",\"@id\":\"https:\\\/\\\/lospoliticosveracruz.com\\\/?p=131664\",\"url\":\"https:\\\/\\\/lospoliticosveracruz.com\\\/?p=131664\",\"name\":\"2025, EN PUERTA - Los pol\u00edticos Veracruz\",\"isPartOf\":{\"@id\":\"https:\\\/\\\/lospoliticosveracruz.com\\\/#website\"},\"primaryImageOfPage\":{\"@id\":\"https:\\\/\\\/lospoliticosveracruz.com\\\/?p=131664#primaryimage\"},\"image\":{\"@id\":\"https:\\\/\\\/lospoliticosveracruz.com\\\/?p=131664#primaryimage\"},\"thumbnailUrl\":\"https:\\\/\\\/lospoliticosveracruz.com\\\/wp-content\\\/uploads\\\/2024\\\/06\\\/Fanny-Yepez.jpg\",\"datePublished\":\"2024-10-25T16:16:18+00:00\",\"dateModified\":\"2024-10-25T16:16:29+00:00\",\"breadcrumb\":{\"@id\":\"https:\\\/\\\/lospoliticosveracruz.com\\\/?p=131664#breadcrumb\"},\"inLanguage\":\"es\",\"potentialAction\":[{\"@type\":\"ReadAction\",\"target\":[\"https:\\\/\\\/lospoliticosveracruz.com\\\/?p=131664\"]}]},{\"@type\":\"ImageObject\",\"inLanguage\":\"es\",\"@id\":\"https:\\\/\\\/lospoliticosveracruz.com\\\/?p=131664#primaryimage\",\"url\":\"https:\\\/\\\/lospoliticosveracruz.com\\\/wp-content\\\/uploads\\\/2024\\\/06\\\/Fanny-Yepez.jpg\",\"contentUrl\":\"https:\\\/\\\/lospoliticosveracruz.com\\\/wp-content\\\/uploads\\\/2024\\\/06\\\/Fanny-Yepez.jpg\",\"width\":1250,\"height\":667},{\"@type\":\"BreadcrumbList\",\"@id\":\"https:\\\/\\\/lospoliticosveracruz.com\\\/?p=131664#breadcrumb\",\"itemListElement\":[{\"@type\":\"ListItem\",\"position\":1,\"name\":\"Portada\",\"item\":\"https:\\\/\\\/lospoliticosveracruz.com\\\/\"},{\"@type\":\"ListItem\",\"position\":2,\"name\":\"2025, EN PUERTA\"}]},{\"@type\":\"WebSite\",\"@id\":\"https:\\\/\\\/lospoliticosveracruz.com\\\/#website\",\"url\":\"https:\\\/\\\/lospoliticosveracruz.com\\\/\",\"name\":\"Los pol\u00edticos Veracruz\",\"description\":\"\",\"publisher\":{\"@id\":\"https:\\\/\\\/lospoliticosveracruz.com\\\/#organization\"},\"potentialAction\":[{\"@type\":\"SearchAction\",\"target\":{\"@type\":\"EntryPoint\",\"urlTemplate\":\"https:\\\/\\\/lospoliticosveracruz.com\\\/?s={search_term_string}\"},\"query-input\":{\"@type\":\"PropertyValueSpecification\",\"valueRequired\":true,\"valueName\":\"search_term_string\"}}],\"inLanguage\":\"es\"},{\"@type\":\"Organization\",\"@id\":\"https:\\\/\\\/lospoliticosveracruz.com\\\/#organization\",\"name\":\"Los pol\u00edticos Veracruz\",\"url\":\"https:\\\/\\\/lospoliticosveracruz.com\\\/\",\"logo\":{\"@type\":\"ImageObject\",\"inLanguage\":\"es\",\"@id\":\"https:\\\/\\\/lospoliticosveracruz.com\\\/#\\\/schema\\\/logo\\\/image\\\/\",\"url\":\"https:\\\/\\\/lospoliticosveracruz.com\\\/wp-content\\\/uploads\\\/2025\\\/12\\\/Logo-Nuevo-LOS-POLITICOS-1.jpg\",\"contentUrl\":\"https:\\\/\\\/lospoliticosveracruz.com\\\/wp-content\\\/uploads\\\/2025\\\/12\\\/Logo-Nuevo-LOS-POLITICOS-1.jpg\",\"width\":260,\"height\":70,\"caption\":\"Los pol\u00edticos Veracruz\"},\"image\":{\"@id\":\"https:\\\/\\\/lospoliticosveracruz.com\\\/#\\\/schema\\\/logo\\\/image\\\/\"},\"sameAs\":[\"https:\\\/\\\/www.facebook.com\\\/people\\\/Notimemes-de-los-Polticos\\\/61565672886568\\\/\",\"https:\\\/\\\/x.com\\\/LosPoliticosVer\"]},{\"@type\":\"Person\",\"@id\":\"https:\\\/\\\/lospoliticosveracruz.com\\\/#\\\/schema\\\/person\\\/b8702bb0e538456e6efd07080bf2a4a2\",\"name\":\"Lo viste en Los Pol\u00edticos\",\"image\":{\"@type\":\"ImageObject\",\"inLanguage\":\"es\",\"@id\":\"https:\\\/\\\/secure.gravatar.com\\\/avatar\\\/3a8de04a2656d44082be478bd6c086daa447c4651605818287b9532d3d0bd435?s=96&d=mm&r=g\",\"url\":\"https:\\\/\\\/secure.gravatar.com\\\/avatar\\\/3a8de04a2656d44082be478bd6c086daa447c4651605818287b9532d3d0bd435?s=96&d=mm&r=g\",\"contentUrl\":\"https:\\\/\\\/secure.gravatar.com\\\/avatar\\\/3a8de04a2656d44082be478bd6c086daa447c4651605818287b9532d3d0bd435?s=96&d=mm&r=g\",\"caption\":\"Lo viste en Los Pol\u00edticos\"},\"url\":\"https:\\\/\\\/lospoliticosveracruz.com\\\/?author=2\"}]}<\/script>\n<!-- \/ Yoast SEO plugin. -->","yoast_head_json":{"title":"2025, EN PUERTA - Los pol\u00edticos Veracruz","robots":{"index":"index","follow":"follow","max-snippet":"max-snippet:-1","max-image-preview":"max-image-preview:large","max-video-preview":"max-video-preview:-1"},"canonical":"https:\/\/lospoliticosveracruz.com\/?p=131664","og_locale":"es_ES","og_type":"article","og_title":"2025, EN PUERTA - Los pol\u00edticos Veracruz","og_description":"Fanny Y\u00e9pez La Columna Con la ausencia de los partidos de la Revoluci\u00f3n Democr\u00e1tica, Podemos, Todos por Veracruz, Cardenista, Unidad Ciudadana, Encuentro Solidario y Redes Sociales Progresistas, institutos pol\u00edticos que perdieron su oportunidad de participar al no lograr el 3 por ciento de la votaci\u00f3n, el pr\u00f3ximo 7 de noviembre se instalara el Consejo General [&hellip;]","og_url":"https:\/\/lospoliticosveracruz.com\/?p=131664","og_site_name":"Los pol\u00edticos Veracruz","article_publisher":"https:\/\/www.facebook.com\/people\/Notimemes-de-los-Polticos\/61565672886568\/","article_published_time":"2024-10-25T16:16:18+00:00","article_modified_time":"2024-10-25T16:16:29+00:00","og_image":[{"width":1250,"height":667,"url":"https:\/\/lospoliticosveracruz.com\/wp-content\/uploads\/2024\/06\/Fanny-Yepez.jpg","type":"image\/jpeg"}],"author":"Lo viste en Los Pol\u00edticos","twitter_card":"summary_large_image","twitter_creator":"@LosPoliticosVer","twitter_site":"@LosPoliticosVer","twitter_misc":{"Escrito por":"Lo viste en Los Pol\u00edticos","Tiempo de lectura":"3 minutos"},"schema":{"@context":"https:\/\/schema.org","@graph":[{"@type":"Article","@id":"https:\/\/lospoliticosveracruz.com\/?p=131664#article","isPartOf":{"@id":"https:\/\/lospoliticosveracruz.com\/?p=131664"},"author":{"name":"Lo viste en Los Pol\u00edticos","@id":"https:\/\/lospoliticosveracruz.com\/#\/schema\/person\/b8702bb0e538456e6efd07080bf2a4a2"},"headline":"2025, EN PUERTA","datePublished":"2024-10-25T16:16:18+00:00","dateModified":"2024-10-25T16:16:29+00:00","mainEntityOfPage":{"@id":"https:\/\/lospoliticosveracruz.com\/?p=131664"},"wordCount":607,"publisher":{"@id":"https:\/\/lospoliticosveracruz.com\/#organization"},"image":{"@id":"https:\/\/lospoliticosveracruz.com\/?p=131664#primaryimage"},"thumbnailUrl":"https:\/\/lospoliticosveracruz.com\/wp-content\/uploads\/2024\/06\/Fanny-Yepez.jpg","keywords":["Cardenista","Encuentro Solidario","Fanny Y\u00e9pez","Podemos","Redes Sociales Progresistas","Revoluci\u00f3n Democr\u00e1tica","Todos por Veracruz","Unidad Ciudadana"],"articleSection":["De Opini\u00f3n"],"inLanguage":"es"},{"@type":"WebPage","@id":"https:\/\/lospoliticosveracruz.com\/?p=131664","url":"https:\/\/lospoliticosveracruz.com\/?p=131664","name":"2025, EN PUERTA - Los pol\u00edticos Veracruz","isPartOf":{"@id":"https:\/\/lospoliticosveracruz.com\/#website"},"primaryImageOfPage":{"@id":"https:\/\/lospoliticosveracruz.com\/?p=131664#primaryimage"},"image":{"@id":"https:\/\/lospoliticosveracruz.com\/?p=131664#primaryimage"},"thumbnailUrl":"https:\/\/lospoliticosveracruz.com\/wp-content\/uploads\/2024\/06\/Fanny-Yepez.jpg","datePublished":"2024-10-25T16:16:18+00:00","dateModified":"2024-10-25T16:16:29+00:00","breadcrumb":{"@id":"https:\/\/lospoliticosveracruz.com\/?p=131664#breadcrumb"},"inLanguage":"es","potentialAction":[{"@type":"ReadAction","target":["https:\/\/lospoliticosveracruz.com\/?p=131664"]}]},{"@type":"ImageObject","inLanguage":"es","@id":"https:\/\/lospoliticosveracruz.com\/?p=131664#primaryimage","url":"https:\/\/lospoliticosveracruz.com\/wp-content\/uploads\/2024\/06\/Fanny-Yepez.jpg","contentUrl":"https:\/\/lospoliticosveracruz.com\/wp-content\/uploads\/2024\/06\/Fanny-Yepez.jpg","width":1250,"height":667},{"@type":"BreadcrumbList","@id":"https:\/\/lospoliticosveracruz.com\/?p=131664#breadcrumb","itemListElement":[{"@type":"ListItem","position":1,"name":"Portada","item":"https:\/\/lospoliticosveracruz.com\/"},{"@type":"ListItem","position":2,"name":"2025, EN PUERTA"}]},{"@type":"WebSite","@id":"https:\/\/lospoliticosveracruz.com\/#website","url":"https:\/\/lospoliticosveracruz.com\/","name":"Los pol\u00edticos Veracruz","description":"","publisher":{"@id":"https:\/\/lospoliticosveracruz.com\/#organization"},"potentialAction":[{"@type":"SearchAction","target":{"@type":"EntryPoint","urlTemplate":"https:\/\/lospoliticosveracruz.com\/?s={search_term_string}"},"query-input":{"@type":"PropertyValueSpecification","valueRequired":true,"valueName":"search_term_string"}}],"inLanguage":"es"},{"@type":"Organization","@id":"https:\/\/lospoliticosveracruz.com\/#organization","name":"Los pol\u00edticos Veracruz","url":"https:\/\/lospoliticosveracruz.com\/","logo":{"@type":"ImageObject","inLanguage":"es","@id":"https:\/\/lospoliticosveracruz.com\/#\/schema\/logo\/image\/","url":"https:\/\/lospoliticosveracruz.com\/wp-content\/uploads\/2025\/12\/Logo-Nuevo-LOS-POLITICOS-1.jpg","contentUrl":"https:\/\/lospoliticosveracruz.com\/wp-content\/uploads\/2025\/12\/Logo-Nuevo-LOS-POLITICOS-1.jpg","width":260,"height":70,"caption":"Los pol\u00edticos Veracruz"},"image":{"@id":"https:\/\/lospoliticosveracruz.com\/#\/schema\/logo\/image\/"},"sameAs":["https:\/\/www.facebook.com\/people\/Notimemes-de-los-Polticos\/61565672886568\/","https:\/\/x.com\/LosPoliticosVer"]},{"@type":"Person","@id":"https:\/\/lospoliticosveracruz.com\/#\/schema\/person\/b8702bb0e538456e6efd07080bf2a4a2","name":"Lo viste en Los Pol\u00edticos","image":{"@type":"ImageObject","inLanguage":"es","@id":"https:\/\/secure.gravatar.com\/avatar\/3a8de04a2656d44082be478bd6c086daa447c4651605818287b9532d3d0bd435?s=96&d=mm&r=g","url":"https:\/\/secure.gravatar.com\/avatar\/3a8de04a2656d44082be478bd6c086daa447c4651605818287b9532d3d0bd435?s=96&d=mm&r=g","contentUrl":"https:\/\/secure.gravatar.com\/avatar\/3a8de04a2656d44082be478bd6c086daa447c4651605818287b9532d3d0bd435?s=96&d=mm&r=g","caption":"Lo viste en Los Pol\u00edticos"},"url":"https:\/\/lospoliticosveracruz.com\/?author=2"}]}},"_links":{"self":[{"href":"https:\/\/lospoliticosveracruz.com\/index.php?rest_route=\/wp\/v2\/posts\/131664","targetHints":{"allow":["GET"]}}],"collection":[{"href":"https:\/\/lospoliticosveracruz.com\/index.php?rest_route=\/wp\/v2\/posts"}],"about":[{"href":"https:\/\/lospoliticosveracruz.com\/index.php?rest_route=\/wp\/v2\/types\/post"}],"author":[{"embeddable":true,"href":"https:\/\/lospoliticosveracruz.com\/index.php?rest_route=\/wp\/v2\/users\/2"}],"replies":[{"embeddable":true,"href":"https:\/\/lospoliticosveracruz.com\/index.php?rest_route=%2Fwp%2Fv2%2Fcomments&post=131664"}],"version-history":[{"count":1,"href":"https:\/\/lospoliticosveracruz.com\/index.php?rest_route=\/wp\/v2\/posts\/131664\/revisions"}],"predecessor-version":[{"id":131665,"href":"https:\/\/lospoliticosveracruz.com\/index.php?rest_route=\/wp\/v2\/posts\/131664\/revisions\/131665"}],"wp:featuredmedia":[{"embeddable":true,"href":"https:\/\/lospoliticosveracruz.com\/index.php?rest_route=\/wp\/v2\/media\/126076"}],"wp:attachment":[{"href":"https:\/\/lospoliticosveracruz.com\/index.php?rest_route=%2Fwp%2Fv2%2Fmedia&parent=131664"}],"wp:term":[{"taxonomy":"category","embeddable":true,"href":"https:\/\/lospoliticosveracruz.com\/index.php?rest_route=%2Fwp%2Fv2%2Fcategories&post=131664"},{"taxonomy":"post_tag","embeddable":true,"href":"https:\/\/lospoliticosveracruz.com\/index.php?rest_route=%2Fwp%2Fv2%2Ftags&post=131664"}],"curies":[{"name":"wp","href":"https:\/\/api.w.org\/{rel}","templated":true}]}}