{"id":131781,"date":"2024-10-28T19:52:11","date_gmt":"2024-10-29T01:52:11","guid":{"rendered":"https:\/\/lospoliticosveracruz.com.mx\/?p=131781"},"modified":"2024-10-28T19:52:24","modified_gmt":"2024-10-29T01:52:24","slug":"edificios-abandonados-en-centros-historicos","status":"publish","type":"post","link":"https:\/\/lospoliticosveracruz.com\/?p=131781","title":{"rendered":"EDIFICIOS ABANDONADOS EN CENTROS HIST\u00d3RICOS"},"content":{"rendered":"\n<p><strong>Jos\u00e9 Luis Enr\u00edquez Ambell<br><\/strong><em>Caf\u00e9 de Ma\u00f1ana<br><\/em><\/p>\n\n\n\n<p>En diversos medios de comunicaci\u00f3n de Xalapa, Veracruz, y otras ciudades, as\u00ed como en portales de noticias de amplia difusi\u00f3n social, se ha dado a conocer informaci\u00f3n relevante sobre el abandono de inmuebles ubicados en los centros hist\u00f3ricos de diversas localidades, un tema de gran importancia en muchos sentidos.<\/p>\n\n\n<div class=\"wp-block-image\">\n<figure class=\"alignleft size-medium\"><a href=\"https:\/\/lospoliticosveracruz.com.mx\/wp-content\/uploads\/2021\/10\/WhatsApp-Image-2021-10-02-at-15.20.25.jpeg\"><img loading=\"lazy\" decoding=\"async\" width=\"212\" height=\"300\" src=\"https:\/\/lospoliticosveracruz.com.mx\/wp-content\/uploads\/2021\/10\/WhatsApp-Image-2021-10-02-at-15.20.25-212x300.jpeg\" alt=\"\" class=\"wp-image-80177\" srcset=\"https:\/\/lospoliticosveracruz.com\/wp-content\/uploads\/2021\/10\/WhatsApp-Image-2021-10-02-at-15.20.25-212x300.jpeg 212w, https:\/\/lospoliticosveracruz.com\/wp-content\/uploads\/2021\/10\/WhatsApp-Image-2021-10-02-at-15.20.25-724x1024.jpeg 724w, https:\/\/lospoliticosveracruz.com\/wp-content\/uploads\/2021\/10\/WhatsApp-Image-2021-10-02-at-15.20.25-768x1086.jpeg 768w, https:\/\/lospoliticosveracruz.com\/wp-content\/uploads\/2021\/10\/WhatsApp-Image-2021-10-02-at-15.20.25.jpeg 905w\" sizes=\"auto, (max-width: 212px) 100vw, 212px\" \/><\/a><\/figure>\n<\/div>\n\n\n<p>Este fen\u00f3meno no se limita a asuntos de arquitectura o imagen urbana. Cada inmueble abandonado guarda una historia, y en algunos casos, un misticismo que despierta el inter\u00e9s de diversos actores sociales. Es una realidad que el n\u00famero de sitios abandonados \u2014casas, edificios y terrenos\u2014 contin\u00faa en aumento en los centros hist\u00f3ricos de localidades como Xalapa, Veracruz, Coatzacoalcos, C\u00f3rdoba, Orizaba, y Poza Rica, entre otros. Muchos de estos edificios, de arquitectura monumental, se han dejado deteriorar con el tiempo, y en el mejor de los casos, su uso es m\u00ednimo, quedando reducidos a elementos del paisaje urbano sin orden ni un aprovechamiento tur\u00edstico, por ejemplo.<\/p>\n\n\n\n<p>Lo que es innegable, sin embargo, es la falta de esfuerzo institucional por parte de algunas \u00e1reas municipales \u2014Desarrollo Urbano, Protecci\u00f3n Civil, Catastro, y el Instituto Nacional de Antropolog\u00eda e Historia (INAH)\u2014 para abordar el tema de los inmuebles abandonados o en riesgo. Y es que poco se sabe de algunas acciones espec\u00edficas en este sentido o, en su defecto, se comunica realmente muy poco al respecto.<\/p>\n\n\n\n<p>Durante la administraci\u00f3n de Don Hip\u00f3lito Rodr\u00edguez Herrero, por ejemplo, se observ\u00f3 una marcada inacci\u00f3n en la capital del estado Xalapa, en cuanto a este problema, aunque el fen\u00f3meno se repite en otras localidades. Y cabe destacar que, seg\u00fan se ha informado, los Ayuntamientos, a trav\u00e9s de sus \u00e1reas de Desarrollo Urbano y el INAH, mantienen un registro bien definido de estos inmuebles abandonados. Incluso, el INAH cuenta con un cat\u00e1logo de dichos inmuebles y trabaja junto a Ayuntamientos para mantener una relaci\u00f3n de predios bald\u00edos en las zonas c\u00e9ntricas de las ciudades.<\/p>\n\n\n\n<p>En muchos casos, el abandono de los inmuebles se debe a razones legales, como hipotecas, quiz\u00e1 juicios testamentarios o desinter\u00e9s de los herederos para que se realicen intervenciones. Sin embargo, no deber\u00edan permitirse estas circunstancias y que conduzcan al olvido o la desidia, ya que el deterioro de estos sitios tambi\u00e9n representa un riesgo de accidentes.<\/p>\n\n\n\n<p><strong>DE SOBREMESA<\/strong><\/p>\n\n\n\n<p>Los xentros de localidades y ciudades o las Zonas&nbsp;de&nbsp;Monumentos&nbsp;Hist\u00f3ricos en varios sitios de&nbsp;Veracruz,- creo y pienso,- merecen una revisi\u00f3n integral desde el decreto que los coloca con ese estatus y potenciar la utilidad tur\u00edstica y el desarrollo econ\u00f3mico de nuestro estado a trav\u00e9s de ellos.<\/p>\n\n\n\n<p><strong>UN CAF\u00c9 LECHERO LIGHT<\/strong><\/p>\n\n\n\n<p>Esa revisi\u00f3n llevar\u00eda incluso a la necesidad de considerar presupuesto para evitar un mayor deterioro de los inmuebles que se consideran hist\u00f3ricos, pero tambi\u00e9n buscar el alivio y la reparaci\u00f3n de la infraestructura de esas zonas de los centros de ciudades y localidades en Veracruz.<\/p>\n\n\n\n<p>Y es que en ciudades como Xalapa y Veracruz, por citar dos, son manzanas completas las que cubren los centros hist\u00f3ricos y cuyo valor data incluso del siglo XVII sobre todo los relacionados con el uso religioso<\/p>\n\n\n\n<p><strong>UN CAF\u00c9 CON PILONCILLO<\/strong><\/p>\n\n\n\n<p>Los Centros Hist\u00f3ricos contienen dentro de su per\u00edmetro la memoria colectiva, que<br>se traduce en espacios y arquitectura, que explica nuestra experiencia como<br>sociedad, lo cual implica, reconocer y valorizar todas las etapas de la historia que<br>est\u00e1n representadas, de esta manera, la conservaci\u00f3n de nuestro patrimonio hist\u00f3rico y art\u00edstico juntos &#8211; culturalmente &#8211; que nos dan identidad.<\/p>\n\n\n\n<p>\u00a1ES CUANTO!<\/p>\n\n\n\n<p>enriquezambell@gmail.com;<br>enamjl62@gmail.com<\/p>\n","protected":false},"excerpt":{"rendered":"<p>Jos\u00e9 Luis Enr\u00edquez AmbellCaf\u00e9 de Ma\u00f1ana En diversos medios de comunicaci\u00f3n de Xalapa, Veracruz, y otras ciudades, as\u00ed como en portales de noticias de amplia difusi\u00f3n social, se ha dado a conocer informaci\u00f3n relevante sobre el abandono de inmuebles ubicados en los centros hist\u00f3ricos de diversas localidades, un tema de gran importancia en muchos sentidos. [&hellip;]<\/p>\n","protected":false},"author":2,"featured_media":119814,"comment_status":"closed","ping_status":"closed","sticky":false,"template":"","format":"standard","meta":{"tdm_status":"","tdm_grid_status":"","footnotes":""},"categories":[70],"tags":[6359,8383],"class_list":{"0":"post-131781","1":"post","2":"type-post","3":"status-publish","4":"format-standard","5":"has-post-thumbnail","7":"category-de-opinion","8":"tag-imagen-urbana","9":"tag-jose-luis-enriquez-ambell"},"yoast_head":"<!-- This site is optimized with the Yoast SEO plugin v27.4 - https:\/\/yoast.com\/product\/yoast-seo-wordpress\/ -->\n<title>EDIFICIOS ABANDONADOS EN CENTROS HIST\u00d3RICOS - Los pol\u00edticos Veracruz<\/title>\n<meta name=\"robots\" content=\"index, follow, max-snippet:-1, max-image-preview:large, max-video-preview:-1\" \/>\n<link rel=\"canonical\" href=\"https:\/\/lospoliticosveracruz.com\/?p=131781\" \/>\n<meta property=\"og:locale\" content=\"es_ES\" \/>\n<meta property=\"og:type\" content=\"article\" \/>\n<meta property=\"og:title\" content=\"EDIFICIOS ABANDONADOS EN CENTROS HIST\u00d3RICOS - Los pol\u00edticos Veracruz\" \/>\n<meta property=\"og:description\" content=\"Jos\u00e9 Luis Enr\u00edquez AmbellCaf\u00e9 de Ma\u00f1ana En diversos medios de comunicaci\u00f3n de Xalapa, Veracruz, y otras ciudades, as\u00ed como en portales de noticias de amplia difusi\u00f3n social, se ha dado a conocer informaci\u00f3n relevante sobre el abandono de inmuebles ubicados en los centros hist\u00f3ricos de diversas localidades, un tema de gran importancia en muchos sentidos. [&hellip;]\" \/>\n<meta property=\"og:url\" content=\"https:\/\/lospoliticosveracruz.com\/?p=131781\" \/>\n<meta property=\"og:site_name\" content=\"Los pol\u00edticos Veracruz\" \/>\n<meta property=\"article:publisher\" content=\"https:\/\/www.facebook.com\/people\/Notimemes-de-los-Polticos\/61565672886568\/\" \/>\n<meta property=\"article:published_time\" content=\"2024-10-29T01:52:11+00:00\" \/>\n<meta property=\"article:modified_time\" content=\"2024-10-29T01:52:24+00:00\" \/>\n<meta property=\"og:image\" content=\"https:\/\/lospoliticosveracruz.com\/wp-content\/uploads\/2024\/03\/Ambell.jpg\" \/>\n\t<meta property=\"og:image:width\" content=\"1250\" \/>\n\t<meta property=\"og:image:height\" content=\"667\" \/>\n\t<meta property=\"og:image:type\" content=\"image\/jpeg\" \/>\n<meta name=\"author\" content=\"Lo viste en Los Pol\u00edticos\" \/>\n<meta name=\"twitter:card\" content=\"summary_large_image\" \/>\n<meta name=\"twitter:creator\" content=\"@LosPoliticosVer\" \/>\n<meta name=\"twitter:site\" content=\"@LosPoliticosVer\" \/>\n<meta name=\"twitter:label1\" content=\"Escrito por\" \/>\n\t<meta name=\"twitter:data1\" content=\"Lo viste en Los Pol\u00edticos\" \/>\n\t<meta name=\"twitter:label2\" content=\"Tiempo de lectura\" \/>\n\t<meta name=\"twitter:data2\" content=\"3 minutos\" \/>\n<script type=\"application\/ld+json\" class=\"yoast-schema-graph\">{\"@context\":\"https:\\\/\\\/schema.org\",\"@graph\":[{\"@type\":\"Article\",\"@id\":\"https:\\\/\\\/lospoliticosveracruz.com\\\/?p=131781#article\",\"isPartOf\":{\"@id\":\"https:\\\/\\\/lospoliticosveracruz.com\\\/?p=131781\"},\"author\":{\"name\":\"Lo viste en Los Pol\u00edticos\",\"@id\":\"https:\\\/\\\/lospoliticosveracruz.com\\\/#\\\/schema\\\/person\\\/b8702bb0e538456e6efd07080bf2a4a2\"},\"headline\":\"EDIFICIOS ABANDONADOS EN CENTROS HIST\u00d3RICOS\",\"datePublished\":\"2024-10-29T01:52:11+00:00\",\"dateModified\":\"2024-10-29T01:52:24+00:00\",\"mainEntityOfPage\":{\"@id\":\"https:\\\/\\\/lospoliticosveracruz.com\\\/?p=131781\"},\"wordCount\":641,\"publisher\":{\"@id\":\"https:\\\/\\\/lospoliticosveracruz.com\\\/#organization\"},\"image\":{\"@id\":\"https:\\\/\\\/lospoliticosveracruz.com\\\/?p=131781#primaryimage\"},\"thumbnailUrl\":\"https:\\\/\\\/lospoliticosveracruz.com\\\/wp-content\\\/uploads\\\/2024\\\/03\\\/Ambell.jpg\",\"keywords\":[\"Imagen urbana\",\"Jos\u00e9 Luis Enr\u00edquez Ambell\"],\"articleSection\":[\"De Opini\u00f3n\"],\"inLanguage\":\"es\"},{\"@type\":\"WebPage\",\"@id\":\"https:\\\/\\\/lospoliticosveracruz.com\\\/?p=131781\",\"url\":\"https:\\\/\\\/lospoliticosveracruz.com\\\/?p=131781\",\"name\":\"EDIFICIOS ABANDONADOS EN CENTROS HIST\u00d3RICOS - Los pol\u00edticos Veracruz\",\"isPartOf\":{\"@id\":\"https:\\\/\\\/lospoliticosveracruz.com\\\/#website\"},\"primaryImageOfPage\":{\"@id\":\"https:\\\/\\\/lospoliticosveracruz.com\\\/?p=131781#primaryimage\"},\"image\":{\"@id\":\"https:\\\/\\\/lospoliticosveracruz.com\\\/?p=131781#primaryimage\"},\"thumbnailUrl\":\"https:\\\/\\\/lospoliticosveracruz.com\\\/wp-content\\\/uploads\\\/2024\\\/03\\\/Ambell.jpg\",\"datePublished\":\"2024-10-29T01:52:11+00:00\",\"dateModified\":\"2024-10-29T01:52:24+00:00\",\"breadcrumb\":{\"@id\":\"https:\\\/\\\/lospoliticosveracruz.com\\\/?p=131781#breadcrumb\"},\"inLanguage\":\"es\",\"potentialAction\":[{\"@type\":\"ReadAction\",\"target\":[\"https:\\\/\\\/lospoliticosveracruz.com\\\/?p=131781\"]}]},{\"@type\":\"ImageObject\",\"inLanguage\":\"es\",\"@id\":\"https:\\\/\\\/lospoliticosveracruz.com\\\/?p=131781#primaryimage\",\"url\":\"https:\\\/\\\/lospoliticosveracruz.com\\\/wp-content\\\/uploads\\\/2024\\\/03\\\/Ambell.jpg\",\"contentUrl\":\"https:\\\/\\\/lospoliticosveracruz.com\\\/wp-content\\\/uploads\\\/2024\\\/03\\\/Ambell.jpg\",\"width\":1250,\"height\":667},{\"@type\":\"BreadcrumbList\",\"@id\":\"https:\\\/\\\/lospoliticosveracruz.com\\\/?p=131781#breadcrumb\",\"itemListElement\":[{\"@type\":\"ListItem\",\"position\":1,\"name\":\"Portada\",\"item\":\"https:\\\/\\\/lospoliticosveracruz.com\\\/\"},{\"@type\":\"ListItem\",\"position\":2,\"name\":\"EDIFICIOS ABANDONADOS EN CENTROS HIST\u00d3RICOS\"}]},{\"@type\":\"WebSite\",\"@id\":\"https:\\\/\\\/lospoliticosveracruz.com\\\/#website\",\"url\":\"https:\\\/\\\/lospoliticosveracruz.com\\\/\",\"name\":\"Los pol\u00edticos Veracruz\",\"description\":\"\",\"publisher\":{\"@id\":\"https:\\\/\\\/lospoliticosveracruz.com\\\/#organization\"},\"potentialAction\":[{\"@type\":\"SearchAction\",\"target\":{\"@type\":\"EntryPoint\",\"urlTemplate\":\"https:\\\/\\\/lospoliticosveracruz.com\\\/?s={search_term_string}\"},\"query-input\":{\"@type\":\"PropertyValueSpecification\",\"valueRequired\":true,\"valueName\":\"search_term_string\"}}],\"inLanguage\":\"es\"},{\"@type\":\"Organization\",\"@id\":\"https:\\\/\\\/lospoliticosveracruz.com\\\/#organization\",\"name\":\"Los pol\u00edticos Veracruz\",\"url\":\"https:\\\/\\\/lospoliticosveracruz.com\\\/\",\"logo\":{\"@type\":\"ImageObject\",\"inLanguage\":\"es\",\"@id\":\"https:\\\/\\\/lospoliticosveracruz.com\\\/#\\\/schema\\\/logo\\\/image\\\/\",\"url\":\"https:\\\/\\\/lospoliticosveracruz.com\\\/wp-content\\\/uploads\\\/2025\\\/12\\\/Logo-Nuevo-LOS-POLITICOS-1.jpg\",\"contentUrl\":\"https:\\\/\\\/lospoliticosveracruz.com\\\/wp-content\\\/uploads\\\/2025\\\/12\\\/Logo-Nuevo-LOS-POLITICOS-1.jpg\",\"width\":260,\"height\":70,\"caption\":\"Los pol\u00edticos Veracruz\"},\"image\":{\"@id\":\"https:\\\/\\\/lospoliticosveracruz.com\\\/#\\\/schema\\\/logo\\\/image\\\/\"},\"sameAs\":[\"https:\\\/\\\/www.facebook.com\\\/people\\\/Notimemes-de-los-Polticos\\\/61565672886568\\\/\",\"https:\\\/\\\/x.com\\\/LosPoliticosVer\"]},{\"@type\":\"Person\",\"@id\":\"https:\\\/\\\/lospoliticosveracruz.com\\\/#\\\/schema\\\/person\\\/b8702bb0e538456e6efd07080bf2a4a2\",\"name\":\"Lo viste en Los Pol\u00edticos\",\"image\":{\"@type\":\"ImageObject\",\"inLanguage\":\"es\",\"@id\":\"https:\\\/\\\/secure.gravatar.com\\\/avatar\\\/3a8de04a2656d44082be478bd6c086daa447c4651605818287b9532d3d0bd435?s=96&d=mm&r=g\",\"url\":\"https:\\\/\\\/secure.gravatar.com\\\/avatar\\\/3a8de04a2656d44082be478bd6c086daa447c4651605818287b9532d3d0bd435?s=96&d=mm&r=g\",\"contentUrl\":\"https:\\\/\\\/secure.gravatar.com\\\/avatar\\\/3a8de04a2656d44082be478bd6c086daa447c4651605818287b9532d3d0bd435?s=96&d=mm&r=g\",\"caption\":\"Lo viste en Los Pol\u00edticos\"},\"url\":\"https:\\\/\\\/lospoliticosveracruz.com\\\/?author=2\"}]}<\/script>\n<!-- \/ Yoast SEO plugin. -->","yoast_head_json":{"title":"EDIFICIOS ABANDONADOS EN CENTROS HIST\u00d3RICOS - Los pol\u00edticos Veracruz","robots":{"index":"index","follow":"follow","max-snippet":"max-snippet:-1","max-image-preview":"max-image-preview:large","max-video-preview":"max-video-preview:-1"},"canonical":"https:\/\/lospoliticosveracruz.com\/?p=131781","og_locale":"es_ES","og_type":"article","og_title":"EDIFICIOS ABANDONADOS EN CENTROS HIST\u00d3RICOS - Los pol\u00edticos Veracruz","og_description":"Jos\u00e9 Luis Enr\u00edquez AmbellCaf\u00e9 de Ma\u00f1ana En diversos medios de comunicaci\u00f3n de Xalapa, Veracruz, y otras ciudades, as\u00ed como en portales de noticias de amplia difusi\u00f3n social, se ha dado a conocer informaci\u00f3n relevante sobre el abandono de inmuebles ubicados en los centros hist\u00f3ricos de diversas localidades, un tema de gran importancia en muchos sentidos. [&hellip;]","og_url":"https:\/\/lospoliticosveracruz.com\/?p=131781","og_site_name":"Los pol\u00edticos Veracruz","article_publisher":"https:\/\/www.facebook.com\/people\/Notimemes-de-los-Polticos\/61565672886568\/","article_published_time":"2024-10-29T01:52:11+00:00","article_modified_time":"2024-10-29T01:52:24+00:00","og_image":[{"width":1250,"height":667,"url":"https:\/\/lospoliticosveracruz.com\/wp-content\/uploads\/2024\/03\/Ambell.jpg","type":"image\/jpeg"}],"author":"Lo viste en Los Pol\u00edticos","twitter_card":"summary_large_image","twitter_creator":"@LosPoliticosVer","twitter_site":"@LosPoliticosVer","twitter_misc":{"Escrito por":"Lo viste en Los Pol\u00edticos","Tiempo de lectura":"3 minutos"},"schema":{"@context":"https:\/\/schema.org","@graph":[{"@type":"Article","@id":"https:\/\/lospoliticosveracruz.com\/?p=131781#article","isPartOf":{"@id":"https:\/\/lospoliticosveracruz.com\/?p=131781"},"author":{"name":"Lo viste en Los Pol\u00edticos","@id":"https:\/\/lospoliticosveracruz.com\/#\/schema\/person\/b8702bb0e538456e6efd07080bf2a4a2"},"headline":"EDIFICIOS ABANDONADOS EN CENTROS HIST\u00d3RICOS","datePublished":"2024-10-29T01:52:11+00:00","dateModified":"2024-10-29T01:52:24+00:00","mainEntityOfPage":{"@id":"https:\/\/lospoliticosveracruz.com\/?p=131781"},"wordCount":641,"publisher":{"@id":"https:\/\/lospoliticosveracruz.com\/#organization"},"image":{"@id":"https:\/\/lospoliticosveracruz.com\/?p=131781#primaryimage"},"thumbnailUrl":"https:\/\/lospoliticosveracruz.com\/wp-content\/uploads\/2024\/03\/Ambell.jpg","keywords":["Imagen urbana","Jos\u00e9 Luis Enr\u00edquez Ambell"],"articleSection":["De Opini\u00f3n"],"inLanguage":"es"},{"@type":"WebPage","@id":"https:\/\/lospoliticosveracruz.com\/?p=131781","url":"https:\/\/lospoliticosveracruz.com\/?p=131781","name":"EDIFICIOS ABANDONADOS EN CENTROS HIST\u00d3RICOS - Los pol\u00edticos Veracruz","isPartOf":{"@id":"https:\/\/lospoliticosveracruz.com\/#website"},"primaryImageOfPage":{"@id":"https:\/\/lospoliticosveracruz.com\/?p=131781#primaryimage"},"image":{"@id":"https:\/\/lospoliticosveracruz.com\/?p=131781#primaryimage"},"thumbnailUrl":"https:\/\/lospoliticosveracruz.com\/wp-content\/uploads\/2024\/03\/Ambell.jpg","datePublished":"2024-10-29T01:52:11+00:00","dateModified":"2024-10-29T01:52:24+00:00","breadcrumb":{"@id":"https:\/\/lospoliticosveracruz.com\/?p=131781#breadcrumb"},"inLanguage":"es","potentialAction":[{"@type":"ReadAction","target":["https:\/\/lospoliticosveracruz.com\/?p=131781"]}]},{"@type":"ImageObject","inLanguage":"es","@id":"https:\/\/lospoliticosveracruz.com\/?p=131781#primaryimage","url":"https:\/\/lospoliticosveracruz.com\/wp-content\/uploads\/2024\/03\/Ambell.jpg","contentUrl":"https:\/\/lospoliticosveracruz.com\/wp-content\/uploads\/2024\/03\/Ambell.jpg","width":1250,"height":667},{"@type":"BreadcrumbList","@id":"https:\/\/lospoliticosveracruz.com\/?p=131781#breadcrumb","itemListElement":[{"@type":"ListItem","position":1,"name":"Portada","item":"https:\/\/lospoliticosveracruz.com\/"},{"@type":"ListItem","position":2,"name":"EDIFICIOS ABANDONADOS EN CENTROS HIST\u00d3RICOS"}]},{"@type":"WebSite","@id":"https:\/\/lospoliticosveracruz.com\/#website","url":"https:\/\/lospoliticosveracruz.com\/","name":"Los pol\u00edticos Veracruz","description":"","publisher":{"@id":"https:\/\/lospoliticosveracruz.com\/#organization"},"potentialAction":[{"@type":"SearchAction","target":{"@type":"EntryPoint","urlTemplate":"https:\/\/lospoliticosveracruz.com\/?s={search_term_string}"},"query-input":{"@type":"PropertyValueSpecification","valueRequired":true,"valueName":"search_term_string"}}],"inLanguage":"es"},{"@type":"Organization","@id":"https:\/\/lospoliticosveracruz.com\/#organization","name":"Los pol\u00edticos Veracruz","url":"https:\/\/lospoliticosveracruz.com\/","logo":{"@type":"ImageObject","inLanguage":"es","@id":"https:\/\/lospoliticosveracruz.com\/#\/schema\/logo\/image\/","url":"https:\/\/lospoliticosveracruz.com\/wp-content\/uploads\/2025\/12\/Logo-Nuevo-LOS-POLITICOS-1.jpg","contentUrl":"https:\/\/lospoliticosveracruz.com\/wp-content\/uploads\/2025\/12\/Logo-Nuevo-LOS-POLITICOS-1.jpg","width":260,"height":70,"caption":"Los pol\u00edticos Veracruz"},"image":{"@id":"https:\/\/lospoliticosveracruz.com\/#\/schema\/logo\/image\/"},"sameAs":["https:\/\/www.facebook.com\/people\/Notimemes-de-los-Polticos\/61565672886568\/","https:\/\/x.com\/LosPoliticosVer"]},{"@type":"Person","@id":"https:\/\/lospoliticosveracruz.com\/#\/schema\/person\/b8702bb0e538456e6efd07080bf2a4a2","name":"Lo viste en Los Pol\u00edticos","image":{"@type":"ImageObject","inLanguage":"es","@id":"https:\/\/secure.gravatar.com\/avatar\/3a8de04a2656d44082be478bd6c086daa447c4651605818287b9532d3d0bd435?s=96&d=mm&r=g","url":"https:\/\/secure.gravatar.com\/avatar\/3a8de04a2656d44082be478bd6c086daa447c4651605818287b9532d3d0bd435?s=96&d=mm&r=g","contentUrl":"https:\/\/secure.gravatar.com\/avatar\/3a8de04a2656d44082be478bd6c086daa447c4651605818287b9532d3d0bd435?s=96&d=mm&r=g","caption":"Lo viste en Los Pol\u00edticos"},"url":"https:\/\/lospoliticosveracruz.com\/?author=2"}]}},"_links":{"self":[{"href":"https:\/\/lospoliticosveracruz.com\/index.php?rest_route=\/wp\/v2\/posts\/131781","targetHints":{"allow":["GET"]}}],"collection":[{"href":"https:\/\/lospoliticosveracruz.com\/index.php?rest_route=\/wp\/v2\/posts"}],"about":[{"href":"https:\/\/lospoliticosveracruz.com\/index.php?rest_route=\/wp\/v2\/types\/post"}],"author":[{"embeddable":true,"href":"https:\/\/lospoliticosveracruz.com\/index.php?rest_route=\/wp\/v2\/users\/2"}],"replies":[{"embeddable":true,"href":"https:\/\/lospoliticosveracruz.com\/index.php?rest_route=%2Fwp%2Fv2%2Fcomments&post=131781"}],"version-history":[{"count":1,"href":"https:\/\/lospoliticosveracruz.com\/index.php?rest_route=\/wp\/v2\/posts\/131781\/revisions"}],"predecessor-version":[{"id":131782,"href":"https:\/\/lospoliticosveracruz.com\/index.php?rest_route=\/wp\/v2\/posts\/131781\/revisions\/131782"}],"wp:featuredmedia":[{"embeddable":true,"href":"https:\/\/lospoliticosveracruz.com\/index.php?rest_route=\/wp\/v2\/media\/119814"}],"wp:attachment":[{"href":"https:\/\/lospoliticosveracruz.com\/index.php?rest_route=%2Fwp%2Fv2%2Fmedia&parent=131781"}],"wp:term":[{"taxonomy":"category","embeddable":true,"href":"https:\/\/lospoliticosveracruz.com\/index.php?rest_route=%2Fwp%2Fv2%2Fcategories&post=131781"},{"taxonomy":"post_tag","embeddable":true,"href":"https:\/\/lospoliticosveracruz.com\/index.php?rest_route=%2Fwp%2Fv2%2Ftags&post=131781"}],"curies":[{"name":"wp","href":"https:\/\/api.w.org\/{rel}","templated":true}]}}