{"id":131783,"date":"2024-10-29T04:25:57","date_gmt":"2024-10-29T10:25:57","guid":{"rendered":"https:\/\/lospoliticosveracruz.com.mx\/?p=131783"},"modified":"2024-10-29T04:26:22","modified_gmt":"2024-10-29T10:26:22","slug":"veracruz-la-sucesion-del-2030","status":"publish","type":"post","link":"https:\/\/lospoliticosveracruz.com\/?p=131783","title":{"rendered":"VERACRUZ, LA SUCESI\u00d3N DEL 2030"},"content":{"rendered":"\n<p><strong>Ricardo Chua<\/strong><\/p>\n\n\n\n<p><em>Sale y Vale<\/em><\/p>\n\n\n\n<p>En este espacio comentamos, que hay grupos al interior del Movimiento de la \u00abCuarta Transformaci\u00f3n\u00bb en Veracruz.. De los 3 partidos que la conforman: MORENA-PVEM-PT.. Que como no ha sido incluidos, ni invitados a los pr\u00f3ximos proyectos pol\u00edticos y de gobierno, que encabezar\u00e1 Roc\u00edo Nahle, que iniciar\u00e1 el pr\u00f3ximo 1 de diciembre, es que han decidido empezar a \u00abbuscarle por otro lado\u00bb y est\u00e1n ya gestionando reuniones con quienes podr\u00edan ser sus sucesores en la 4T en a\u00f1o 2030 en la entidad..<\/p>\n\n\n\n<p>As\u00ed como lo leen.. Roc\u00edo Nahle a\u00fan no entra a gobernar en Veracruz. Y muchos simpatizantes de la 4T que no estar\u00e1n en su gabinete o en los proyectos pol\u00edticos de los 3 partidos en 2025, 2027 y 2029 porque est\u00e1n o se sienten \u00abvetados\u00bb.. Buscan la forma de congraciarse con los futuros personajes que podr\u00edan ser los aspirantes a la candidatura a gobernador en 2030 por la alianza \u00abEl lado correcto de la historia\u00bb (siempre y cuando \u00e9sta contin\u00fae vigente para ese a\u00f1o).. Y por lo menos hay dos, con los cuales est\u00e1n buscando reunirse con ellos..<\/p>\n\n\n\n<p>\u00abGarganta Profunda\u00bb menciona que esta situaci\u00f3n se debe a que estos personajes que militan o simpatizan con MORENA-PVEM-PT.. Tienen la CERTEZA que el sucesor de Roc\u00edo Nahle.. Ser\u00e1 el candidato a gobernador en 2030, que elija la Presidenta, Claudia Shienabum y no habr\u00e1 poder humano que lo pueda evitar.. La decisi\u00f3n se tomar\u00e1 en CDMX, ah\u00ed en Palacio Nacional.. Tal como sucedi\u00f3 en 2018 que Andr\u00e9s Manuel L\u00f3pez Obrador tom\u00f3 el poder y decidi\u00f3 que Roc\u00edo Nahle ser\u00eda la candidata en Veracruz y as\u00ed fue.. Y nadie lo pudo evitar..<\/p>\n\n\n\n<p>Hay que recordar que varios funcionarios del gobierno de Cuitl\u00e1huac Garc\u00eda.. Quisieron hacerla a un lado de la candidatura a gobernador.. Hubo otros personajes que buscaron lo mismo desde la CDMX.. Pero L\u00f3pez Obrador ya hab\u00eda decidido que ella fuera la aspirante oficial de MORENA al gobierno de Veracruz.. Y \u00abcontra viento y marea\u00bb Nahle se sostuvo y gan\u00f3 la elecci\u00f3n.. Por eso, hay quienes piensan que con Shienbaum har\u00e1 lo mismo que AMLO.. Y como en el \u00ablocalismo\u00bb no encuentran \u00abacomodo\u00bb.. Ya andan buscando al \u00abfuturo\u00bb pr\u00f3ximo..<\/p>\n\n\n\n<p>Motivo por el cual, \u00abGarganta Profunda\u00bb se\u00f1ala que grupos de simpatizantes de la 4T.. Como tienen la certeza que Shienbaum ha comentado del \u00abrelevo generacional\u00bb y que da ejemplos claros, dejando en la presidencia nacional de MORENA a Maria Luisa Alcalde.. Adem\u00e1s ha quitado el \u00abderecho de veto\u00bb y el \u00abderecho de admisi\u00f3n\u00bb para que todo pol\u00edtico que quiera ser parte de la 4T, se sume sin que ning\u00fan gobernador o alcalde les impida incluirse en el movimiento.. Por eso, estos grupos ven a DOS \u00abGALLOS\u00bb para el 2030 en Veracruz por la 4T..<\/p>\n\n\n\n<p>\u00abGarganta Profunda\u00bb menciona, que tiene informaci\u00f3n, que estos simpatizantes no incluidos en los proyectos de la 4T en Veracruz, tienen la CERTEZA que uno de esos dos personajes (por el momento) que Claudia Shienbaum podr\u00eda tomar en cuenta para la sucesi\u00f3n estatal en 2023.. Es el diputado federal y presidente de la mesa directiva de esta c\u00e1mara de legisladores, el minatitleco, Sergio Guti\u00e9rrez Luna.. Qui\u00e9n adem\u00e1s es apoyado por el ahora coordinador de la bancada de MORENA en el Senado, Ad\u00e1n Augusto L\u00f3pez Hern\u00e1ndez..<\/p>\n\n\n\n<p>El otro de los personajes, del cual tiene informaci\u00f3n \u00abGarganta Profunda\u00bb que est\u00e1n buscando para el tema de la sucesi\u00f3n del 2030 estos simpatizantes de la 4T, es el diputado federal y l\u00edder \u00abmoral\u00bb del PVEM en Veracruz, Javier Herrera Borunda.. Hijo del ex gobernador, Fidel Herrera Beltr\u00e1n.. Y el cual ha retomado mucha fuerza en la c\u00e1mara de diputados con la comisi\u00f3n que tiene en las Auditor\u00edas y que tambi\u00e9n tiene contacto directo con la Presidenta, Shienbaum, v\u00eda Manuel Velasco Coello.. Es decir, lo ven dentro de la \u00abjugada\u00bb..<\/p>\n\n\n\n<p>Esa situaci\u00f3n se debe, seg\u00fan \u00abGarganta Profunda\u00bb, porque Claudia Shienbaum no tiene un pol\u00edtico de preferencia en Veracruz para empezarlo a impulsar, como L\u00f3pez Obrador lo hizo con Nahle desde el 2018.. Pero que se han enterado de que estos dos personajes (Sergio Guti\u00e9rrez y Javier Herrera) han logrado una cercan\u00eda con la Presidenta y sostienen buenas relaciones pol\u00edticas con ella y que ser\u00e1n necesarios para las reformas constitucionales que pretende hacer su gobierno de la 4T.. Y eso puede ser un \u00abpase\u00bb para el 2030..<\/p>\n\n\n\n<p>REFLEXI\u00d3N.. A lo mejor estos simpatizantes de MORENA que no se sienten incluidos en la 4T de Veracruz.. Son muy \u00abfuturistas\u00bb o muy \u00abdesfasados\u00bb por una sucesi\u00f3n de la cual faltan 6 a\u00f1os y muchas cosas pueden ocurrir en ese lapso de tiempo en el partido o su movimiento.. Pero algo si hay congruencia, que es el tema del relevo generacional.. Sergio Guti\u00e9rrez y Javier Herrera si lo representan para la \u00abCuarta Transformaci\u00f3n\u00bb en la entidad.. Y si a esa nos vamos, no pierdan de vista a Miguel \u00c1ngel Yunes M\u00e1rquez.. En este pa\u00eds todo es posible.. AMEN<\/p>\n","protected":false},"excerpt":{"rendered":"<p>Ricardo Chua Sale y Vale En este espacio comentamos, que hay grupos al interior del Movimiento de la \u00abCuarta Transformaci\u00f3n\u00bb en Veracruz.. De los 3 partidos que la conforman: MORENA-PVEM-PT.. Que como no ha sido incluidos, ni invitados a los pr\u00f3ximos proyectos pol\u00edticos y de gobierno, que encabezar\u00e1 Roc\u00edo Nahle, que iniciar\u00e1 el pr\u00f3ximo 1 [&hellip;]<\/p>\n","protected":false},"author":2,"featured_media":119817,"comment_status":"closed","ping_status":"closed","sticky":false,"template":"","format":"standard","meta":{"tdm_status":"","tdm_grid_status":"","footnotes":""},"categories":[70],"tags":[9627,1124,1026,3578,16147,195],"class_list":{"0":"post-131783","1":"post","2":"type-post","3":"status-publish","4":"format-standard","5":"has-post-thumbnail","7":"category-de-opinion","8":"tag-claudia-sheinbaum","9":"tag-javier-herrera-borunda","10":"tag-morena","11":"tag-rocio-nahle","12":"tag-sergio-gutierrez-luna","13":"tag-veracruz"},"yoast_head":"<!-- This site is optimized with the Yoast SEO plugin v27.4 - https:\/\/yoast.com\/product\/yoast-seo-wordpress\/ -->\n<title>VERACRUZ, LA SUCESI\u00d3N DEL 2030 - Los pol\u00edticos Veracruz<\/title>\n<meta name=\"robots\" content=\"index, follow, max-snippet:-1, max-image-preview:large, max-video-preview:-1\" \/>\n<link rel=\"canonical\" href=\"https:\/\/lospoliticosveracruz.com\/?p=131783\" \/>\n<meta property=\"og:locale\" content=\"es_ES\" \/>\n<meta property=\"og:type\" content=\"article\" \/>\n<meta property=\"og:title\" content=\"VERACRUZ, LA SUCESI\u00d3N DEL 2030 - Los pol\u00edticos Veracruz\" \/>\n<meta property=\"og:description\" content=\"Ricardo Chua Sale y Vale En este espacio comentamos, que hay grupos al interior del Movimiento de la \u00abCuarta Transformaci\u00f3n\u00bb en Veracruz.. De los 3 partidos que la conforman: MORENA-PVEM-PT.. Que como no ha sido incluidos, ni invitados a los pr\u00f3ximos proyectos pol\u00edticos y de gobierno, que encabezar\u00e1 Roc\u00edo Nahle, que iniciar\u00e1 el pr\u00f3ximo 1 [&hellip;]\" \/>\n<meta property=\"og:url\" content=\"https:\/\/lospoliticosveracruz.com\/?p=131783\" \/>\n<meta property=\"og:site_name\" content=\"Los pol\u00edticos Veracruz\" \/>\n<meta property=\"article:publisher\" content=\"https:\/\/www.facebook.com\/people\/Notimemes-de-los-Polticos\/61565672886568\/\" \/>\n<meta property=\"article:published_time\" content=\"2024-10-29T10:25:57+00:00\" \/>\n<meta property=\"article:modified_time\" content=\"2024-10-29T10:26:22+00:00\" \/>\n<meta property=\"og:image\" content=\"https:\/\/lospoliticosveracruz.com\/wp-content\/uploads\/2024\/03\/Ricardo-Chua.jpg\" \/>\n\t<meta property=\"og:image:width\" content=\"1250\" \/>\n\t<meta property=\"og:image:height\" content=\"667\" \/>\n\t<meta property=\"og:image:type\" content=\"image\/jpeg\" \/>\n<meta name=\"author\" content=\"Lo viste en Los Pol\u00edticos\" \/>\n<meta name=\"twitter:card\" content=\"summary_large_image\" \/>\n<meta name=\"twitter:creator\" content=\"@LosPoliticosVer\" \/>\n<meta name=\"twitter:site\" content=\"@LosPoliticosVer\" \/>\n<meta name=\"twitter:label1\" content=\"Escrito por\" \/>\n\t<meta name=\"twitter:data1\" content=\"Lo viste en Los Pol\u00edticos\" \/>\n\t<meta name=\"twitter:label2\" content=\"Tiempo de lectura\" \/>\n\t<meta name=\"twitter:data2\" content=\"4 minutos\" \/>\n<script type=\"application\/ld+json\" class=\"yoast-schema-graph\">{\"@context\":\"https:\\\/\\\/schema.org\",\"@graph\":[{\"@type\":\"Article\",\"@id\":\"https:\\\/\\\/lospoliticosveracruz.com\\\/?p=131783#article\",\"isPartOf\":{\"@id\":\"https:\\\/\\\/lospoliticosveracruz.com\\\/?p=131783\"},\"author\":{\"name\":\"Lo viste en Los Pol\u00edticos\",\"@id\":\"https:\\\/\\\/lospoliticosveracruz.com\\\/#\\\/schema\\\/person\\\/b8702bb0e538456e6efd07080bf2a4a2\"},\"headline\":\"VERACRUZ, LA SUCESI\u00d3N DEL 2030\",\"datePublished\":\"2024-10-29T10:25:57+00:00\",\"dateModified\":\"2024-10-29T10:26:22+00:00\",\"mainEntityOfPage\":{\"@id\":\"https:\\\/\\\/lospoliticosveracruz.com\\\/?p=131783\"},\"wordCount\":874,\"publisher\":{\"@id\":\"https:\\\/\\\/lospoliticosveracruz.com\\\/#organization\"},\"image\":{\"@id\":\"https:\\\/\\\/lospoliticosveracruz.com\\\/?p=131783#primaryimage\"},\"thumbnailUrl\":\"https:\\\/\\\/lospoliticosveracruz.com\\\/wp-content\\\/uploads\\\/2024\\\/03\\\/Ricardo-Chua.jpg\",\"keywords\":[\"Claudia Sheinbaum\",\"Javier Herrera Borunda\",\"Morena\",\"Roc\u00edo Nahle\",\"Sergio Guti\u00e9rrez Luna\",\"Veracruz\"],\"articleSection\":[\"De Opini\u00f3n\"],\"inLanguage\":\"es\"},{\"@type\":\"WebPage\",\"@id\":\"https:\\\/\\\/lospoliticosveracruz.com\\\/?p=131783\",\"url\":\"https:\\\/\\\/lospoliticosveracruz.com\\\/?p=131783\",\"name\":\"VERACRUZ, LA SUCESI\u00d3N DEL 2030 - Los pol\u00edticos Veracruz\",\"isPartOf\":{\"@id\":\"https:\\\/\\\/lospoliticosveracruz.com\\\/#website\"},\"primaryImageOfPage\":{\"@id\":\"https:\\\/\\\/lospoliticosveracruz.com\\\/?p=131783#primaryimage\"},\"image\":{\"@id\":\"https:\\\/\\\/lospoliticosveracruz.com\\\/?p=131783#primaryimage\"},\"thumbnailUrl\":\"https:\\\/\\\/lospoliticosveracruz.com\\\/wp-content\\\/uploads\\\/2024\\\/03\\\/Ricardo-Chua.jpg\",\"datePublished\":\"2024-10-29T10:25:57+00:00\",\"dateModified\":\"2024-10-29T10:26:22+00:00\",\"breadcrumb\":{\"@id\":\"https:\\\/\\\/lospoliticosveracruz.com\\\/?p=131783#breadcrumb\"},\"inLanguage\":\"es\",\"potentialAction\":[{\"@type\":\"ReadAction\",\"target\":[\"https:\\\/\\\/lospoliticosveracruz.com\\\/?p=131783\"]}]},{\"@type\":\"ImageObject\",\"inLanguage\":\"es\",\"@id\":\"https:\\\/\\\/lospoliticosveracruz.com\\\/?p=131783#primaryimage\",\"url\":\"https:\\\/\\\/lospoliticosveracruz.com\\\/wp-content\\\/uploads\\\/2024\\\/03\\\/Ricardo-Chua.jpg\",\"contentUrl\":\"https:\\\/\\\/lospoliticosveracruz.com\\\/wp-content\\\/uploads\\\/2024\\\/03\\\/Ricardo-Chua.jpg\",\"width\":1250,\"height\":667},{\"@type\":\"BreadcrumbList\",\"@id\":\"https:\\\/\\\/lospoliticosveracruz.com\\\/?p=131783#breadcrumb\",\"itemListElement\":[{\"@type\":\"ListItem\",\"position\":1,\"name\":\"Portada\",\"item\":\"https:\\\/\\\/lospoliticosveracruz.com\\\/\"},{\"@type\":\"ListItem\",\"position\":2,\"name\":\"VERACRUZ, LA SUCESI\u00d3N DEL 2030\"}]},{\"@type\":\"WebSite\",\"@id\":\"https:\\\/\\\/lospoliticosveracruz.com\\\/#website\",\"url\":\"https:\\\/\\\/lospoliticosveracruz.com\\\/\",\"name\":\"Los pol\u00edticos Veracruz\",\"description\":\"\",\"publisher\":{\"@id\":\"https:\\\/\\\/lospoliticosveracruz.com\\\/#organization\"},\"potentialAction\":[{\"@type\":\"SearchAction\",\"target\":{\"@type\":\"EntryPoint\",\"urlTemplate\":\"https:\\\/\\\/lospoliticosveracruz.com\\\/?s={search_term_string}\"},\"query-input\":{\"@type\":\"PropertyValueSpecification\",\"valueRequired\":true,\"valueName\":\"search_term_string\"}}],\"inLanguage\":\"es\"},{\"@type\":\"Organization\",\"@id\":\"https:\\\/\\\/lospoliticosveracruz.com\\\/#organization\",\"name\":\"Los pol\u00edticos Veracruz\",\"url\":\"https:\\\/\\\/lospoliticosveracruz.com\\\/\",\"logo\":{\"@type\":\"ImageObject\",\"inLanguage\":\"es\",\"@id\":\"https:\\\/\\\/lospoliticosveracruz.com\\\/#\\\/schema\\\/logo\\\/image\\\/\",\"url\":\"https:\\\/\\\/lospoliticosveracruz.com\\\/wp-content\\\/uploads\\\/2025\\\/12\\\/Logo-Nuevo-LOS-POLITICOS-1.jpg\",\"contentUrl\":\"https:\\\/\\\/lospoliticosveracruz.com\\\/wp-content\\\/uploads\\\/2025\\\/12\\\/Logo-Nuevo-LOS-POLITICOS-1.jpg\",\"width\":260,\"height\":70,\"caption\":\"Los pol\u00edticos Veracruz\"},\"image\":{\"@id\":\"https:\\\/\\\/lospoliticosveracruz.com\\\/#\\\/schema\\\/logo\\\/image\\\/\"},\"sameAs\":[\"https:\\\/\\\/www.facebook.com\\\/people\\\/Notimemes-de-los-Polticos\\\/61565672886568\\\/\",\"https:\\\/\\\/x.com\\\/LosPoliticosVer\"]},{\"@type\":\"Person\",\"@id\":\"https:\\\/\\\/lospoliticosveracruz.com\\\/#\\\/schema\\\/person\\\/b8702bb0e538456e6efd07080bf2a4a2\",\"name\":\"Lo viste en Los Pol\u00edticos\",\"image\":{\"@type\":\"ImageObject\",\"inLanguage\":\"es\",\"@id\":\"https:\\\/\\\/secure.gravatar.com\\\/avatar\\\/3a8de04a2656d44082be478bd6c086daa447c4651605818287b9532d3d0bd435?s=96&d=mm&r=g\",\"url\":\"https:\\\/\\\/secure.gravatar.com\\\/avatar\\\/3a8de04a2656d44082be478bd6c086daa447c4651605818287b9532d3d0bd435?s=96&d=mm&r=g\",\"contentUrl\":\"https:\\\/\\\/secure.gravatar.com\\\/avatar\\\/3a8de04a2656d44082be478bd6c086daa447c4651605818287b9532d3d0bd435?s=96&d=mm&r=g\",\"caption\":\"Lo viste en Los Pol\u00edticos\"},\"url\":\"https:\\\/\\\/lospoliticosveracruz.com\\\/?author=2\"}]}<\/script>\n<!-- \/ Yoast SEO plugin. -->","yoast_head_json":{"title":"VERACRUZ, LA SUCESI\u00d3N DEL 2030 - Los pol\u00edticos Veracruz","robots":{"index":"index","follow":"follow","max-snippet":"max-snippet:-1","max-image-preview":"max-image-preview:large","max-video-preview":"max-video-preview:-1"},"canonical":"https:\/\/lospoliticosveracruz.com\/?p=131783","og_locale":"es_ES","og_type":"article","og_title":"VERACRUZ, LA SUCESI\u00d3N DEL 2030 - Los pol\u00edticos Veracruz","og_description":"Ricardo Chua Sale y Vale En este espacio comentamos, que hay grupos al interior del Movimiento de la \u00abCuarta Transformaci\u00f3n\u00bb en Veracruz.. De los 3 partidos que la conforman: MORENA-PVEM-PT.. Que como no ha sido incluidos, ni invitados a los pr\u00f3ximos proyectos pol\u00edticos y de gobierno, que encabezar\u00e1 Roc\u00edo Nahle, que iniciar\u00e1 el pr\u00f3ximo 1 [&hellip;]","og_url":"https:\/\/lospoliticosveracruz.com\/?p=131783","og_site_name":"Los pol\u00edticos Veracruz","article_publisher":"https:\/\/www.facebook.com\/people\/Notimemes-de-los-Polticos\/61565672886568\/","article_published_time":"2024-10-29T10:25:57+00:00","article_modified_time":"2024-10-29T10:26:22+00:00","og_image":[{"width":1250,"height":667,"url":"https:\/\/lospoliticosveracruz.com\/wp-content\/uploads\/2024\/03\/Ricardo-Chua.jpg","type":"image\/jpeg"}],"author":"Lo viste en Los Pol\u00edticos","twitter_card":"summary_large_image","twitter_creator":"@LosPoliticosVer","twitter_site":"@LosPoliticosVer","twitter_misc":{"Escrito por":"Lo viste en Los Pol\u00edticos","Tiempo de lectura":"4 minutos"},"schema":{"@context":"https:\/\/schema.org","@graph":[{"@type":"Article","@id":"https:\/\/lospoliticosveracruz.com\/?p=131783#article","isPartOf":{"@id":"https:\/\/lospoliticosveracruz.com\/?p=131783"},"author":{"name":"Lo viste en Los Pol\u00edticos","@id":"https:\/\/lospoliticosveracruz.com\/#\/schema\/person\/b8702bb0e538456e6efd07080bf2a4a2"},"headline":"VERACRUZ, LA SUCESI\u00d3N DEL 2030","datePublished":"2024-10-29T10:25:57+00:00","dateModified":"2024-10-29T10:26:22+00:00","mainEntityOfPage":{"@id":"https:\/\/lospoliticosveracruz.com\/?p=131783"},"wordCount":874,"publisher":{"@id":"https:\/\/lospoliticosveracruz.com\/#organization"},"image":{"@id":"https:\/\/lospoliticosveracruz.com\/?p=131783#primaryimage"},"thumbnailUrl":"https:\/\/lospoliticosveracruz.com\/wp-content\/uploads\/2024\/03\/Ricardo-Chua.jpg","keywords":["Claudia Sheinbaum","Javier Herrera Borunda","Morena","Roc\u00edo Nahle","Sergio Guti\u00e9rrez Luna","Veracruz"],"articleSection":["De Opini\u00f3n"],"inLanguage":"es"},{"@type":"WebPage","@id":"https:\/\/lospoliticosveracruz.com\/?p=131783","url":"https:\/\/lospoliticosveracruz.com\/?p=131783","name":"VERACRUZ, LA SUCESI\u00d3N DEL 2030 - Los pol\u00edticos Veracruz","isPartOf":{"@id":"https:\/\/lospoliticosveracruz.com\/#website"},"primaryImageOfPage":{"@id":"https:\/\/lospoliticosveracruz.com\/?p=131783#primaryimage"},"image":{"@id":"https:\/\/lospoliticosveracruz.com\/?p=131783#primaryimage"},"thumbnailUrl":"https:\/\/lospoliticosveracruz.com\/wp-content\/uploads\/2024\/03\/Ricardo-Chua.jpg","datePublished":"2024-10-29T10:25:57+00:00","dateModified":"2024-10-29T10:26:22+00:00","breadcrumb":{"@id":"https:\/\/lospoliticosveracruz.com\/?p=131783#breadcrumb"},"inLanguage":"es","potentialAction":[{"@type":"ReadAction","target":["https:\/\/lospoliticosveracruz.com\/?p=131783"]}]},{"@type":"ImageObject","inLanguage":"es","@id":"https:\/\/lospoliticosveracruz.com\/?p=131783#primaryimage","url":"https:\/\/lospoliticosveracruz.com\/wp-content\/uploads\/2024\/03\/Ricardo-Chua.jpg","contentUrl":"https:\/\/lospoliticosveracruz.com\/wp-content\/uploads\/2024\/03\/Ricardo-Chua.jpg","width":1250,"height":667},{"@type":"BreadcrumbList","@id":"https:\/\/lospoliticosveracruz.com\/?p=131783#breadcrumb","itemListElement":[{"@type":"ListItem","position":1,"name":"Portada","item":"https:\/\/lospoliticosveracruz.com\/"},{"@type":"ListItem","position":2,"name":"VERACRUZ, LA SUCESI\u00d3N DEL 2030"}]},{"@type":"WebSite","@id":"https:\/\/lospoliticosveracruz.com\/#website","url":"https:\/\/lospoliticosveracruz.com\/","name":"Los pol\u00edticos Veracruz","description":"","publisher":{"@id":"https:\/\/lospoliticosveracruz.com\/#organization"},"potentialAction":[{"@type":"SearchAction","target":{"@type":"EntryPoint","urlTemplate":"https:\/\/lospoliticosveracruz.com\/?s={search_term_string}"},"query-input":{"@type":"PropertyValueSpecification","valueRequired":true,"valueName":"search_term_string"}}],"inLanguage":"es"},{"@type":"Organization","@id":"https:\/\/lospoliticosveracruz.com\/#organization","name":"Los pol\u00edticos Veracruz","url":"https:\/\/lospoliticosveracruz.com\/","logo":{"@type":"ImageObject","inLanguage":"es","@id":"https:\/\/lospoliticosveracruz.com\/#\/schema\/logo\/image\/","url":"https:\/\/lospoliticosveracruz.com\/wp-content\/uploads\/2025\/12\/Logo-Nuevo-LOS-POLITICOS-1.jpg","contentUrl":"https:\/\/lospoliticosveracruz.com\/wp-content\/uploads\/2025\/12\/Logo-Nuevo-LOS-POLITICOS-1.jpg","width":260,"height":70,"caption":"Los pol\u00edticos Veracruz"},"image":{"@id":"https:\/\/lospoliticosveracruz.com\/#\/schema\/logo\/image\/"},"sameAs":["https:\/\/www.facebook.com\/people\/Notimemes-de-los-Polticos\/61565672886568\/","https:\/\/x.com\/LosPoliticosVer"]},{"@type":"Person","@id":"https:\/\/lospoliticosveracruz.com\/#\/schema\/person\/b8702bb0e538456e6efd07080bf2a4a2","name":"Lo viste en Los Pol\u00edticos","image":{"@type":"ImageObject","inLanguage":"es","@id":"https:\/\/secure.gravatar.com\/avatar\/3a8de04a2656d44082be478bd6c086daa447c4651605818287b9532d3d0bd435?s=96&d=mm&r=g","url":"https:\/\/secure.gravatar.com\/avatar\/3a8de04a2656d44082be478bd6c086daa447c4651605818287b9532d3d0bd435?s=96&d=mm&r=g","contentUrl":"https:\/\/secure.gravatar.com\/avatar\/3a8de04a2656d44082be478bd6c086daa447c4651605818287b9532d3d0bd435?s=96&d=mm&r=g","caption":"Lo viste en Los Pol\u00edticos"},"url":"https:\/\/lospoliticosveracruz.com\/?author=2"}]}},"_links":{"self":[{"href":"https:\/\/lospoliticosveracruz.com\/index.php?rest_route=\/wp\/v2\/posts\/131783","targetHints":{"allow":["GET"]}}],"collection":[{"href":"https:\/\/lospoliticosveracruz.com\/index.php?rest_route=\/wp\/v2\/posts"}],"about":[{"href":"https:\/\/lospoliticosveracruz.com\/index.php?rest_route=\/wp\/v2\/types\/post"}],"author":[{"embeddable":true,"href":"https:\/\/lospoliticosveracruz.com\/index.php?rest_route=\/wp\/v2\/users\/2"}],"replies":[{"embeddable":true,"href":"https:\/\/lospoliticosveracruz.com\/index.php?rest_route=%2Fwp%2Fv2%2Fcomments&post=131783"}],"version-history":[{"count":1,"href":"https:\/\/lospoliticosveracruz.com\/index.php?rest_route=\/wp\/v2\/posts\/131783\/revisions"}],"predecessor-version":[{"id":131784,"href":"https:\/\/lospoliticosveracruz.com\/index.php?rest_route=\/wp\/v2\/posts\/131783\/revisions\/131784"}],"wp:featuredmedia":[{"embeddable":true,"href":"https:\/\/lospoliticosveracruz.com\/index.php?rest_route=\/wp\/v2\/media\/119817"}],"wp:attachment":[{"href":"https:\/\/lospoliticosveracruz.com\/index.php?rest_route=%2Fwp%2Fv2%2Fmedia&parent=131783"}],"wp:term":[{"taxonomy":"category","embeddable":true,"href":"https:\/\/lospoliticosveracruz.com\/index.php?rest_route=%2Fwp%2Fv2%2Fcategories&post=131783"},{"taxonomy":"post_tag","embeddable":true,"href":"https:\/\/lospoliticosveracruz.com\/index.php?rest_route=%2Fwp%2Fv2%2Ftags&post=131783"}],"curies":[{"name":"wp","href":"https:\/\/api.w.org\/{rel}","templated":true}]}}