{"id":131949,"date":"2024-11-01T10:54:51","date_gmt":"2024-11-01T16:54:51","guid":{"rendered":"https:\/\/lospoliticosveracruz.com.mx\/?p=131949"},"modified":"2024-11-01T10:55:02","modified_gmt":"2024-11-01T16:55:02","slug":"el-pelo-en-la-sopa","status":"publish","type":"post","link":"https:\/\/lospoliticosveracruz.com\/?p=131949","title":{"rendered":"EL PELO EN LA SOPA"},"content":{"rendered":"\n<p><strong>&nbsp;Sergio Gonz\u00e1lez Levet<\/strong><\/p>\n\n\n\n<p><em>Sin tacto<\/em><\/p>\n\n\n\n<p>El pr\u00f3ximo jueves 7 de noviembre a mediod\u00eda, el OPLE Veracruz dar\u00e1 inicio formalmente al proceso electoral para renovar las 212 presidencias municipales del estado, al que le llaman graciosamente por sus siglas: PELO (Proceso Electoral Local Ordinario 2024-2025), que esperemos no vaya a ser un pelo en la sopa por eso de las injerencias del partido oficial.<\/p>\n\n\n\n<p>&nbsp;&nbsp; &nbsp;&nbsp;La inauguraci\u00f3n se har\u00e1 durante una sesi\u00f3n solemne en el Auditorio del Museo de Antropolog\u00eda de Xalapa y para tal cosa ya recabaron los permisos y autorizaciones correspondientes.<\/p>\n\n\n\n<p>&nbsp;&nbsp; &nbsp;&nbsp;En un agraciado bolet\u00edn, el organismo electoral informa que ya se integr\u00f3 el Comit\u00e9 T\u00e9cnico Asesor del Programa de Resultados Electorales Preliminares (\u00a1Cotaprep!) y estar\u00e1 integrado por las doctoras Mar\u00eda Teresa Cepero Garc\u00eda y Julia Aurora Montano Rivas, junto con los doctores Luis Fernando Villafuerte Vald\u00e9s, Juan Manuel Guti\u00e9rrez M\u00e9ndez y Guillermo de Jes\u00fas Hoyos Rivera.<\/p>\n\n\n\n<p>&nbsp;&nbsp; &nbsp;&nbsp;Bueno, la Presidenta del OPLE, Marisol Alicia Delgadillo Morales -a quien por cierto la mayor\u00eda de los periodistas veracruzanos no conoce personalmente-, afirma e invita en el comunicado que van a \u201cgarantizar a la ciudadan\u00eda que la documentaci\u00f3n electoral cuente con las medidas de seguridad que garanticen que estas boletas no son clonables, falsificables y que con ello estaremos dando certeza a la ciudadan\u00eda de que su voto cuente y cuente bien, e invitar a la ciudadan\u00eda para que participe como observadora electoral del Proceso Electoral\u201d.<\/p>\n\n\n\n<p>&nbsp;&nbsp; &nbsp;&nbsp;Obvio, tambi\u00e9n seguir\u00e1n todos los protocolos para que no haya lugar a la duda de los ciudadanos y los partidos respecto de la limpieza del proceso.<\/p>\n\n\n\n<p>&nbsp;&nbsp; &nbsp;&nbsp;Tambi\u00e9n se confirma la mala noticia para el Tato Vega de que su partido, Fuerza por M\u00e9xico, perdi\u00f3 el registro porque no alcanz\u00f3 el 3% de los votos, y eso que se hab\u00eda aliado convenientemente con el partido oficial.<\/p>\n\n\n\n<p>&nbsp;&nbsp; &nbsp;&nbsp;Y bueno, no dicen cu\u00e1nto exactamente, pero ya se establecieron las prerrogativas que recibir\u00e1n los partidos pol\u00edticos el a\u00f1o entrante, y est\u00e1n listos para hacer el Sorteo para Determinar el Orden de Asignaci\u00f3n en la Pauta (\u00a1\u00a1Sodep!!, mejor le hubieran llamado \u201ct\u00f3mbola\u201d para seguir la moda cuatrotera) que tendr\u00e1n los partidos en los spots de radio y televisi\u00f3n.<\/p>\n\n\n\n<p>&nbsp;&nbsp; &nbsp;&nbsp;Por \u00faltimo, el OPLE medio informa que se dio respuesta a la solicitud de cambio de fecha de la jornada electoral del PELO 2024-2025, aunque nos quedamos sin saber qui\u00e9n hizo la solicitud ni cu\u00e1l fue la respuesta.<\/p>\n\n\n\n<p>&nbsp;&nbsp; &nbsp;&nbsp;En fin, ya comienza el proceso electoral 24-25 y todos hablaremos mucho de \u00e9l en los pr\u00f3ximos meses.<\/p>\n\n\n\n<p>sglevet@gmail.com<\/p>\n","protected":false},"excerpt":{"rendered":"<p>&nbsp;Sergio Gonz\u00e1lez Levet Sin tacto El pr\u00f3ximo jueves 7 de noviembre a mediod\u00eda, el OPLE Veracruz dar\u00e1 inicio formalmente al proceso electoral para renovar las 212 presidencias municipales del estado, al que le llaman graciosamente por sus siglas: PELO (Proceso Electoral Local Ordinario 2024-2025), que esperemos no vaya a ser un pelo en la sopa [&hellip;]<\/p>\n","protected":false},"author":2,"featured_media":119911,"comment_status":"closed","ping_status":"closed","sticky":false,"template":"","format":"standard","meta":{"tdm_status":"","tdm_grid_status":"","footnotes":""},"categories":[70],"tags":[12446],"class_list":{"0":"post-131949","1":"post","2":"type-post","3":"status-publish","4":"format-standard","5":"has-post-thumbnail","7":"category-de-opinion","8":"tag-ople-veracruz"},"yoast_head":"<!-- This site is optimized with the Yoast SEO plugin v27.4 - https:\/\/yoast.com\/product\/yoast-seo-wordpress\/ -->\n<title>EL PELO EN LA SOPA - Los pol\u00edticos Veracruz<\/title>\n<meta name=\"robots\" content=\"index, follow, max-snippet:-1, max-image-preview:large, max-video-preview:-1\" \/>\n<link rel=\"canonical\" href=\"https:\/\/lospoliticosveracruz.com\/?p=131949\" \/>\n<meta property=\"og:locale\" content=\"es_ES\" \/>\n<meta property=\"og:type\" content=\"article\" \/>\n<meta property=\"og:title\" content=\"EL PELO EN LA SOPA - Los pol\u00edticos Veracruz\" \/>\n<meta property=\"og:description\" content=\"&nbsp;Sergio Gonz\u00e1lez Levet Sin tacto El pr\u00f3ximo jueves 7 de noviembre a mediod\u00eda, el OPLE Veracruz dar\u00e1 inicio formalmente al proceso electoral para renovar las 212 presidencias municipales del estado, al que le llaman graciosamente por sus siglas: PELO (Proceso Electoral Local Ordinario 2024-2025), que esperemos no vaya a ser un pelo en la sopa [&hellip;]\" \/>\n<meta property=\"og:url\" content=\"https:\/\/lospoliticosveracruz.com\/?p=131949\" \/>\n<meta property=\"og:site_name\" content=\"Los pol\u00edticos Veracruz\" \/>\n<meta property=\"article:publisher\" content=\"https:\/\/www.facebook.com\/people\/Notimemes-de-los-Polticos\/61565672886568\/\" \/>\n<meta property=\"article:published_time\" content=\"2024-11-01T16:54:51+00:00\" \/>\n<meta property=\"article:modified_time\" content=\"2024-11-01T16:55:02+00:00\" \/>\n<meta property=\"og:image\" content=\"https:\/\/lospoliticosveracruz.com\/wp-content\/uploads\/2024\/03\/Levet.jpg\" \/>\n\t<meta property=\"og:image:width\" content=\"1250\" \/>\n\t<meta property=\"og:image:height\" content=\"667\" \/>\n\t<meta property=\"og:image:type\" content=\"image\/jpeg\" \/>\n<meta name=\"author\" content=\"Lo viste en Los Pol\u00edticos\" \/>\n<meta name=\"twitter:card\" content=\"summary_large_image\" \/>\n<meta name=\"twitter:creator\" content=\"@LosPoliticosVer\" \/>\n<meta name=\"twitter:site\" content=\"@LosPoliticosVer\" \/>\n<meta name=\"twitter:label1\" content=\"Escrito por\" \/>\n\t<meta name=\"twitter:data1\" content=\"Lo viste en Los Pol\u00edticos\" \/>\n\t<meta name=\"twitter:label2\" content=\"Tiempo de lectura\" \/>\n\t<meta name=\"twitter:data2\" content=\"2 minutos\" \/>\n<script type=\"application\/ld+json\" class=\"yoast-schema-graph\">{\"@context\":\"https:\\\/\\\/schema.org\",\"@graph\":[{\"@type\":\"Article\",\"@id\":\"https:\\\/\\\/lospoliticosveracruz.com\\\/?p=131949#article\",\"isPartOf\":{\"@id\":\"https:\\\/\\\/lospoliticosveracruz.com\\\/?p=131949\"},\"author\":{\"name\":\"Lo viste en Los Pol\u00edticos\",\"@id\":\"https:\\\/\\\/lospoliticosveracruz.com\\\/#\\\/schema\\\/person\\\/b8702bb0e538456e6efd07080bf2a4a2\"},\"headline\":\"EL PELO EN LA SOPA\",\"datePublished\":\"2024-11-01T16:54:51+00:00\",\"dateModified\":\"2024-11-01T16:55:02+00:00\",\"mainEntityOfPage\":{\"@id\":\"https:\\\/\\\/lospoliticosveracruz.com\\\/?p=131949\"},\"wordCount\":486,\"publisher\":{\"@id\":\"https:\\\/\\\/lospoliticosveracruz.com\\\/#organization\"},\"image\":{\"@id\":\"https:\\\/\\\/lospoliticosveracruz.com\\\/?p=131949#primaryimage\"},\"thumbnailUrl\":\"https:\\\/\\\/lospoliticosveracruz.com\\\/wp-content\\\/uploads\\\/2024\\\/03\\\/Levet.jpg\",\"keywords\":[\"OPLE Veracruz\"],\"articleSection\":[\"De Opini\u00f3n\"],\"inLanguage\":\"es\"},{\"@type\":\"WebPage\",\"@id\":\"https:\\\/\\\/lospoliticosveracruz.com\\\/?p=131949\",\"url\":\"https:\\\/\\\/lospoliticosveracruz.com\\\/?p=131949\",\"name\":\"EL PELO EN LA SOPA - Los pol\u00edticos Veracruz\",\"isPartOf\":{\"@id\":\"https:\\\/\\\/lospoliticosveracruz.com\\\/#website\"},\"primaryImageOfPage\":{\"@id\":\"https:\\\/\\\/lospoliticosveracruz.com\\\/?p=131949#primaryimage\"},\"image\":{\"@id\":\"https:\\\/\\\/lospoliticosveracruz.com\\\/?p=131949#primaryimage\"},\"thumbnailUrl\":\"https:\\\/\\\/lospoliticosveracruz.com\\\/wp-content\\\/uploads\\\/2024\\\/03\\\/Levet.jpg\",\"datePublished\":\"2024-11-01T16:54:51+00:00\",\"dateModified\":\"2024-11-01T16:55:02+00:00\",\"breadcrumb\":{\"@id\":\"https:\\\/\\\/lospoliticosveracruz.com\\\/?p=131949#breadcrumb\"},\"inLanguage\":\"es\",\"potentialAction\":[{\"@type\":\"ReadAction\",\"target\":[\"https:\\\/\\\/lospoliticosveracruz.com\\\/?p=131949\"]}]},{\"@type\":\"ImageObject\",\"inLanguage\":\"es\",\"@id\":\"https:\\\/\\\/lospoliticosveracruz.com\\\/?p=131949#primaryimage\",\"url\":\"https:\\\/\\\/lospoliticosveracruz.com\\\/wp-content\\\/uploads\\\/2024\\\/03\\\/Levet.jpg\",\"contentUrl\":\"https:\\\/\\\/lospoliticosveracruz.com\\\/wp-content\\\/uploads\\\/2024\\\/03\\\/Levet.jpg\",\"width\":1250,\"height\":667},{\"@type\":\"BreadcrumbList\",\"@id\":\"https:\\\/\\\/lospoliticosveracruz.com\\\/?p=131949#breadcrumb\",\"itemListElement\":[{\"@type\":\"ListItem\",\"position\":1,\"name\":\"Portada\",\"item\":\"https:\\\/\\\/lospoliticosveracruz.com\\\/\"},{\"@type\":\"ListItem\",\"position\":2,\"name\":\"EL PELO EN LA SOPA\"}]},{\"@type\":\"WebSite\",\"@id\":\"https:\\\/\\\/lospoliticosveracruz.com\\\/#website\",\"url\":\"https:\\\/\\\/lospoliticosveracruz.com\\\/\",\"name\":\"Los pol\u00edticos Veracruz\",\"description\":\"\",\"publisher\":{\"@id\":\"https:\\\/\\\/lospoliticosveracruz.com\\\/#organization\"},\"potentialAction\":[{\"@type\":\"SearchAction\",\"target\":{\"@type\":\"EntryPoint\",\"urlTemplate\":\"https:\\\/\\\/lospoliticosveracruz.com\\\/?s={search_term_string}\"},\"query-input\":{\"@type\":\"PropertyValueSpecification\",\"valueRequired\":true,\"valueName\":\"search_term_string\"}}],\"inLanguage\":\"es\"},{\"@type\":\"Organization\",\"@id\":\"https:\\\/\\\/lospoliticosveracruz.com\\\/#organization\",\"name\":\"Los pol\u00edticos Veracruz\",\"url\":\"https:\\\/\\\/lospoliticosveracruz.com\\\/\",\"logo\":{\"@type\":\"ImageObject\",\"inLanguage\":\"es\",\"@id\":\"https:\\\/\\\/lospoliticosveracruz.com\\\/#\\\/schema\\\/logo\\\/image\\\/\",\"url\":\"https:\\\/\\\/lospoliticosveracruz.com\\\/wp-content\\\/uploads\\\/2025\\\/12\\\/Logo-Nuevo-LOS-POLITICOS-1.jpg\",\"contentUrl\":\"https:\\\/\\\/lospoliticosveracruz.com\\\/wp-content\\\/uploads\\\/2025\\\/12\\\/Logo-Nuevo-LOS-POLITICOS-1.jpg\",\"width\":260,\"height\":70,\"caption\":\"Los pol\u00edticos Veracruz\"},\"image\":{\"@id\":\"https:\\\/\\\/lospoliticosveracruz.com\\\/#\\\/schema\\\/logo\\\/image\\\/\"},\"sameAs\":[\"https:\\\/\\\/www.facebook.com\\\/people\\\/Notimemes-de-los-Polticos\\\/61565672886568\\\/\",\"https:\\\/\\\/x.com\\\/LosPoliticosVer\"]},{\"@type\":\"Person\",\"@id\":\"https:\\\/\\\/lospoliticosveracruz.com\\\/#\\\/schema\\\/person\\\/b8702bb0e538456e6efd07080bf2a4a2\",\"name\":\"Lo viste en Los Pol\u00edticos\",\"image\":{\"@type\":\"ImageObject\",\"inLanguage\":\"es\",\"@id\":\"https:\\\/\\\/secure.gravatar.com\\\/avatar\\\/3a8de04a2656d44082be478bd6c086daa447c4651605818287b9532d3d0bd435?s=96&d=mm&r=g\",\"url\":\"https:\\\/\\\/secure.gravatar.com\\\/avatar\\\/3a8de04a2656d44082be478bd6c086daa447c4651605818287b9532d3d0bd435?s=96&d=mm&r=g\",\"contentUrl\":\"https:\\\/\\\/secure.gravatar.com\\\/avatar\\\/3a8de04a2656d44082be478bd6c086daa447c4651605818287b9532d3d0bd435?s=96&d=mm&r=g\",\"caption\":\"Lo viste en Los Pol\u00edticos\"},\"url\":\"https:\\\/\\\/lospoliticosveracruz.com\\\/?author=2\"}]}<\/script>\n<!-- \/ Yoast SEO plugin. -->","yoast_head_json":{"title":"EL PELO EN LA SOPA - Los pol\u00edticos Veracruz","robots":{"index":"index","follow":"follow","max-snippet":"max-snippet:-1","max-image-preview":"max-image-preview:large","max-video-preview":"max-video-preview:-1"},"canonical":"https:\/\/lospoliticosveracruz.com\/?p=131949","og_locale":"es_ES","og_type":"article","og_title":"EL PELO EN LA SOPA - Los pol\u00edticos Veracruz","og_description":"&nbsp;Sergio Gonz\u00e1lez Levet Sin tacto El pr\u00f3ximo jueves 7 de noviembre a mediod\u00eda, el OPLE Veracruz dar\u00e1 inicio formalmente al proceso electoral para renovar las 212 presidencias municipales del estado, al que le llaman graciosamente por sus siglas: PELO (Proceso Electoral Local Ordinario 2024-2025), que esperemos no vaya a ser un pelo en la sopa [&hellip;]","og_url":"https:\/\/lospoliticosveracruz.com\/?p=131949","og_site_name":"Los pol\u00edticos Veracruz","article_publisher":"https:\/\/www.facebook.com\/people\/Notimemes-de-los-Polticos\/61565672886568\/","article_published_time":"2024-11-01T16:54:51+00:00","article_modified_time":"2024-11-01T16:55:02+00:00","og_image":[{"width":1250,"height":667,"url":"https:\/\/lospoliticosveracruz.com\/wp-content\/uploads\/2024\/03\/Levet.jpg","type":"image\/jpeg"}],"author":"Lo viste en Los Pol\u00edticos","twitter_card":"summary_large_image","twitter_creator":"@LosPoliticosVer","twitter_site":"@LosPoliticosVer","twitter_misc":{"Escrito por":"Lo viste en Los Pol\u00edticos","Tiempo de lectura":"2 minutos"},"schema":{"@context":"https:\/\/schema.org","@graph":[{"@type":"Article","@id":"https:\/\/lospoliticosveracruz.com\/?p=131949#article","isPartOf":{"@id":"https:\/\/lospoliticosveracruz.com\/?p=131949"},"author":{"name":"Lo viste en Los Pol\u00edticos","@id":"https:\/\/lospoliticosveracruz.com\/#\/schema\/person\/b8702bb0e538456e6efd07080bf2a4a2"},"headline":"EL PELO EN LA SOPA","datePublished":"2024-11-01T16:54:51+00:00","dateModified":"2024-11-01T16:55:02+00:00","mainEntityOfPage":{"@id":"https:\/\/lospoliticosveracruz.com\/?p=131949"},"wordCount":486,"publisher":{"@id":"https:\/\/lospoliticosveracruz.com\/#organization"},"image":{"@id":"https:\/\/lospoliticosveracruz.com\/?p=131949#primaryimage"},"thumbnailUrl":"https:\/\/lospoliticosveracruz.com\/wp-content\/uploads\/2024\/03\/Levet.jpg","keywords":["OPLE Veracruz"],"articleSection":["De Opini\u00f3n"],"inLanguage":"es"},{"@type":"WebPage","@id":"https:\/\/lospoliticosveracruz.com\/?p=131949","url":"https:\/\/lospoliticosveracruz.com\/?p=131949","name":"EL PELO EN LA SOPA - Los pol\u00edticos Veracruz","isPartOf":{"@id":"https:\/\/lospoliticosveracruz.com\/#website"},"primaryImageOfPage":{"@id":"https:\/\/lospoliticosveracruz.com\/?p=131949#primaryimage"},"image":{"@id":"https:\/\/lospoliticosveracruz.com\/?p=131949#primaryimage"},"thumbnailUrl":"https:\/\/lospoliticosveracruz.com\/wp-content\/uploads\/2024\/03\/Levet.jpg","datePublished":"2024-11-01T16:54:51+00:00","dateModified":"2024-11-01T16:55:02+00:00","breadcrumb":{"@id":"https:\/\/lospoliticosveracruz.com\/?p=131949#breadcrumb"},"inLanguage":"es","potentialAction":[{"@type":"ReadAction","target":["https:\/\/lospoliticosveracruz.com\/?p=131949"]}]},{"@type":"ImageObject","inLanguage":"es","@id":"https:\/\/lospoliticosveracruz.com\/?p=131949#primaryimage","url":"https:\/\/lospoliticosveracruz.com\/wp-content\/uploads\/2024\/03\/Levet.jpg","contentUrl":"https:\/\/lospoliticosveracruz.com\/wp-content\/uploads\/2024\/03\/Levet.jpg","width":1250,"height":667},{"@type":"BreadcrumbList","@id":"https:\/\/lospoliticosveracruz.com\/?p=131949#breadcrumb","itemListElement":[{"@type":"ListItem","position":1,"name":"Portada","item":"https:\/\/lospoliticosveracruz.com\/"},{"@type":"ListItem","position":2,"name":"EL PELO EN LA SOPA"}]},{"@type":"WebSite","@id":"https:\/\/lospoliticosveracruz.com\/#website","url":"https:\/\/lospoliticosveracruz.com\/","name":"Los pol\u00edticos Veracruz","description":"","publisher":{"@id":"https:\/\/lospoliticosveracruz.com\/#organization"},"potentialAction":[{"@type":"SearchAction","target":{"@type":"EntryPoint","urlTemplate":"https:\/\/lospoliticosveracruz.com\/?s={search_term_string}"},"query-input":{"@type":"PropertyValueSpecification","valueRequired":true,"valueName":"search_term_string"}}],"inLanguage":"es"},{"@type":"Organization","@id":"https:\/\/lospoliticosveracruz.com\/#organization","name":"Los pol\u00edticos Veracruz","url":"https:\/\/lospoliticosveracruz.com\/","logo":{"@type":"ImageObject","inLanguage":"es","@id":"https:\/\/lospoliticosveracruz.com\/#\/schema\/logo\/image\/","url":"https:\/\/lospoliticosveracruz.com\/wp-content\/uploads\/2025\/12\/Logo-Nuevo-LOS-POLITICOS-1.jpg","contentUrl":"https:\/\/lospoliticosveracruz.com\/wp-content\/uploads\/2025\/12\/Logo-Nuevo-LOS-POLITICOS-1.jpg","width":260,"height":70,"caption":"Los pol\u00edticos Veracruz"},"image":{"@id":"https:\/\/lospoliticosveracruz.com\/#\/schema\/logo\/image\/"},"sameAs":["https:\/\/www.facebook.com\/people\/Notimemes-de-los-Polticos\/61565672886568\/","https:\/\/x.com\/LosPoliticosVer"]},{"@type":"Person","@id":"https:\/\/lospoliticosveracruz.com\/#\/schema\/person\/b8702bb0e538456e6efd07080bf2a4a2","name":"Lo viste en Los Pol\u00edticos","image":{"@type":"ImageObject","inLanguage":"es","@id":"https:\/\/secure.gravatar.com\/avatar\/3a8de04a2656d44082be478bd6c086daa447c4651605818287b9532d3d0bd435?s=96&d=mm&r=g","url":"https:\/\/secure.gravatar.com\/avatar\/3a8de04a2656d44082be478bd6c086daa447c4651605818287b9532d3d0bd435?s=96&d=mm&r=g","contentUrl":"https:\/\/secure.gravatar.com\/avatar\/3a8de04a2656d44082be478bd6c086daa447c4651605818287b9532d3d0bd435?s=96&d=mm&r=g","caption":"Lo viste en Los Pol\u00edticos"},"url":"https:\/\/lospoliticosveracruz.com\/?author=2"}]}},"_links":{"self":[{"href":"https:\/\/lospoliticosveracruz.com\/index.php?rest_route=\/wp\/v2\/posts\/131949","targetHints":{"allow":["GET"]}}],"collection":[{"href":"https:\/\/lospoliticosveracruz.com\/index.php?rest_route=\/wp\/v2\/posts"}],"about":[{"href":"https:\/\/lospoliticosveracruz.com\/index.php?rest_route=\/wp\/v2\/types\/post"}],"author":[{"embeddable":true,"href":"https:\/\/lospoliticosveracruz.com\/index.php?rest_route=\/wp\/v2\/users\/2"}],"replies":[{"embeddable":true,"href":"https:\/\/lospoliticosveracruz.com\/index.php?rest_route=%2Fwp%2Fv2%2Fcomments&post=131949"}],"version-history":[{"count":2,"href":"https:\/\/lospoliticosveracruz.com\/index.php?rest_route=\/wp\/v2\/posts\/131949\/revisions"}],"predecessor-version":[{"id":131951,"href":"https:\/\/lospoliticosveracruz.com\/index.php?rest_route=\/wp\/v2\/posts\/131949\/revisions\/131951"}],"wp:featuredmedia":[{"embeddable":true,"href":"https:\/\/lospoliticosveracruz.com\/index.php?rest_route=\/wp\/v2\/media\/119911"}],"wp:attachment":[{"href":"https:\/\/lospoliticosveracruz.com\/index.php?rest_route=%2Fwp%2Fv2%2Fmedia&parent=131949"}],"wp:term":[{"taxonomy":"category","embeddable":true,"href":"https:\/\/lospoliticosveracruz.com\/index.php?rest_route=%2Fwp%2Fv2%2Fcategories&post=131949"},{"taxonomy":"post_tag","embeddable":true,"href":"https:\/\/lospoliticosveracruz.com\/index.php?rest_route=%2Fwp%2Fv2%2Ftags&post=131949"}],"curies":[{"name":"wp","href":"https:\/\/api.w.org\/{rel}","templated":true}]}}