{"id":131964,"date":"2024-11-01T13:55:33","date_gmt":"2024-11-01T19:55:33","guid":{"rendered":"https:\/\/lospoliticosveracruz.com.mx\/?p=131964"},"modified":"2024-11-01T13:55:40","modified_gmt":"2024-11-01T19:55:40","slug":"ni-un-voto-al-pri-no-somos-pri","status":"publish","type":"post","link":"https:\/\/lospoliticosveracruz.com\/?p=131964","title":{"rendered":"NI UN VOTO AL PRI; NO SOMOS PRI"},"content":{"rendered":"\n<p><\/p>\n\n\n\n<p><strong>Inocencio Y\u00e1\u00f1ez Vicencio<\/strong><\/p>\n\n\n\n<p>No dudo que partidos como PVEM, PT, Movimiento Ciudadano, PAN&#8230; est\u00e9n m\u00e1s degradados que el Partido Revolucionario institucional, pero, lo menos que podemos hacer es darle nuestro voto a un partido que ha sido secuestrado por la mafia gobernante y que su dirigencia, para salvar su pellejo,\u00a0\u00a0\u00a0permite que desde fuera le impongan su agenda y su jefatura y lo que es peor, sus militantes callen ante esta burla a su voluntad.<\/p>\n\n\n<div class=\"wp-block-image\">\n<figure class=\"alignleft size-medium\"><a href=\"https:\/\/lospoliticosveracruz.com.mx\/wp-content\/uploads\/2021\/10\/Zacauilt.jpg\"><img decoding=\"async\" src=\"https:\/\/lospoliticosveracruz.com.mx\/wp-content\/uploads\/2021\/10\/Zacauilt-150x300.jpg\" alt=\"\" class=\"wp-image-80558\"\/><\/a><\/figure>\n<\/div>\n\n\n<p>Al eliminarme del padr\u00f3n de afiliados me evitan la necedidad de una renuncia p\u00fablica, que no me colocar\u00eda fuera, porque, aunque formalmente durante varias d\u00e9cadas porte la credencial del tricolor, en infinidad de ocasiones mi postura me distanci\u00f3 de \u00e9l. La vez que siendo director juvenil sub\u00ed a una tribuna, donde estaban sus sectores y las autoridades civiles y militares, para condenar la represi\u00f3n contra la Universidad Nicola\u00edta, mi amigo Demetrio Ru\u00edz Malerva me sentenci\u00f3: lo \u00fanico que te advierto es que as\u00ed no cabes en el PRI. No se equivoc\u00f3. No fui ni siquiera suplente de regidor. Fui cabeza en mis escuelas, delegado a congresos estudiantiles en Europa, pero nunca acced\u00ed a un cargo de representaci\u00f3n popular. Nadie puede decir que dejo al PRI, porque no me dio una postulaci\u00f3n. Lo dejo porque no quiere fingir diciendo que trabajo para el PRI cuando en realidad trabaje para los morenistas, que hoy est\u00e1n destruyendo la Rep\u00fablica y la democracia en M\u00e9xico.&nbsp;<\/p>\n\n\n\n<p>El PRI, como todos los partidos que se dicen opositores, est\u00e1n actuando a reacci\u00f3n, no tienen agenda propia, se las ponen los v\u00e1ndalos que est\u00e1n hoy en el gobierno. Para avanzar en la lucha pac\u00edfica y legal, lo primero que hay que hacer es construir una agenda com\u00fan entre todas las fuerzas que pueden ser alternativa al proyectp autocr\u00e1tico de los seguidores de Amlo y Claudia&nbsp;&nbsp;y esa agenda debe pasar por trabajar para convencer para vencer. Lo que quiere decir, como bien lo expresa Antonio Gramsci: hay que oponerle nuestra hegemon\u00eda a la hegemon\u00eda dominante. Lo que no est\u00e1 ocurriendo. Tan claro que no es as\u00ed, que en la cultura y la academia liberal y constitucional,&nbsp;&nbsp;Supremac\u00eda Constitucional significa que los poderes constituidos no pueden modificar la voluntad del poder constituyente y aqu\u00ed precisamente se resliza una reforma por los poderes constituidos para que el poder judicial no vigile que eso suceda, es decir, para que se acabe y anule la posibilidad de que se ejerza la revisi\u00f3n constitucional para que lo que hagan los poderes constituidos no contradigan lo que s\u00f3lo puede realizar una asamblea constituyente.&nbsp;&nbsp;No s\u00f3lo partidos secundan la distorsi\u00f3n sino tambi\u00e9n la prensa y medios de difusi\u00f3n.&nbsp;&nbsp;Eso es grave, porque nos condena a lamer cadenas.<\/p>\n\n\n\n<p>Hoy, los medios impresos y electr\u00f3nicos reproducen las sandeces de Claudia Sheinbaum, en el sentido de que la Reforma del Poder Judicial, es republicana, cuando todo lo que pretende y hace es destruir la autonom\u00eda y la independencia de la impartici\u00f3n de justicia para hacerla depender del estado de humor del Ejecutivo.&nbsp;<\/p>\n\n\n\n<p>Lo he dicho y lo repito una vez m\u00e1s.&nbsp;&nbsp;Todo lo que hace Morena es para perpetuarse en el poder y destruir la libertad de los poderes y \u00f3rganos aut\u00f3nomos para que nadie les pida cuentas de las sinverg\u00fcenzadas que vienen realizando desde el 2018.<\/p>\n\n\n\n<p>Para trabajar por una agenda republicana y democr\u00e1tica no necesito partido, aunque reafirmo mi convicci\u00f3n de su necesidad en la democracia, pero en mi caso, creo que se puede ayudar a consensuar esa agenda, tarea que pasa por combatir a partidos, como el PRI, que en estos momentos, son comparsas de Morena.<\/p>\n","protected":false},"excerpt":{"rendered":"<p>Inocencio Y\u00e1\u00f1ez Vicencio No dudo que partidos como PVEM, PT, Movimiento Ciudadano, PAN&#8230; est\u00e9n m\u00e1s degradados que el Partido Revolucionario institucional, pero, lo menos que podemos hacer es darle nuestro voto a un partido que ha sido secuestrado por la mafia gobernante y que su dirigencia, para salvar su pellejo,\u00a0\u00a0\u00a0permite que desde fuera le impongan [&hellip;]<\/p>\n","protected":false},"author":2,"featured_media":120033,"comment_status":"closed","ping_status":"closed","sticky":false,"template":"","format":"standard","meta":{"tdm_status":"","tdm_grid_status":"","footnotes":""},"categories":[70],"tags":[2327,266,2289,264],"class_list":{"0":"post-131964","1":"post","2":"type-post","3":"status-publish","4":"format-standard","5":"has-post-thumbnail","7":"category-de-opinion","8":"tag-movimiento-ciudadano","9":"tag-pan","10":"tag-pt","11":"tag-pvem"},"yoast_head":"<!-- This site is optimized with the Yoast SEO plugin v27.4 - https:\/\/yoast.com\/product\/yoast-seo-wordpress\/ -->\n<title>NI UN VOTO AL PRI; NO SOMOS PRI - Los pol\u00edticos Veracruz<\/title>\n<meta name=\"robots\" content=\"index, follow, max-snippet:-1, max-image-preview:large, max-video-preview:-1\" \/>\n<link rel=\"canonical\" href=\"https:\/\/lospoliticosveracruz.com\/?p=131964\" \/>\n<meta property=\"og:locale\" content=\"es_ES\" \/>\n<meta property=\"og:type\" content=\"article\" \/>\n<meta property=\"og:title\" content=\"NI UN VOTO AL PRI; NO SOMOS PRI - Los pol\u00edticos Veracruz\" \/>\n<meta property=\"og:description\" content=\"Inocencio Y\u00e1\u00f1ez Vicencio No dudo que partidos como PVEM, PT, Movimiento Ciudadano, PAN&#8230; est\u00e9n m\u00e1s degradados que el Partido Revolucionario institucional, pero, lo menos que podemos hacer es darle nuestro voto a un partido que ha sido secuestrado por la mafia gobernante y que su dirigencia, para salvar su pellejo,\u00a0\u00a0\u00a0permite que desde fuera le impongan [&hellip;]\" \/>\n<meta property=\"og:url\" content=\"https:\/\/lospoliticosveracruz.com\/?p=131964\" \/>\n<meta property=\"og:site_name\" content=\"Los pol\u00edticos Veracruz\" \/>\n<meta property=\"article:publisher\" content=\"https:\/\/www.facebook.com\/people\/Notimemes-de-los-Polticos\/61565672886568\/\" \/>\n<meta property=\"article:published_time\" content=\"2024-11-01T19:55:33+00:00\" \/>\n<meta property=\"article:modified_time\" content=\"2024-11-01T19:55:40+00:00\" \/>\n<meta property=\"og:image\" content=\"https:\/\/lospoliticosveracruz.com\/wp-content\/uploads\/2024\/03\/Inocencio-Yanez-Vicencio.jpg\" \/>\n\t<meta property=\"og:image:width\" content=\"1250\" \/>\n\t<meta property=\"og:image:height\" content=\"667\" \/>\n\t<meta property=\"og:image:type\" content=\"image\/jpeg\" \/>\n<meta name=\"author\" content=\"Lo viste en Los Pol\u00edticos\" \/>\n<meta name=\"twitter:card\" content=\"summary_large_image\" \/>\n<meta name=\"twitter:creator\" content=\"@LosPoliticosVer\" \/>\n<meta name=\"twitter:site\" content=\"@LosPoliticosVer\" \/>\n<meta name=\"twitter:label1\" content=\"Escrito por\" \/>\n\t<meta name=\"twitter:data1\" content=\"Lo viste en Los Pol\u00edticos\" \/>\n\t<meta name=\"twitter:label2\" content=\"Tiempo de lectura\" \/>\n\t<meta name=\"twitter:data2\" content=\"3 minutos\" \/>\n<script type=\"application\/ld+json\" class=\"yoast-schema-graph\">{\"@context\":\"https:\\\/\\\/schema.org\",\"@graph\":[{\"@type\":\"Article\",\"@id\":\"https:\\\/\\\/lospoliticosveracruz.com\\\/?p=131964#article\",\"isPartOf\":{\"@id\":\"https:\\\/\\\/lospoliticosveracruz.com\\\/?p=131964\"},\"author\":{\"name\":\"Lo viste en Los Pol\u00edticos\",\"@id\":\"https:\\\/\\\/lospoliticosveracruz.com\\\/#\\\/schema\\\/person\\\/b8702bb0e538456e6efd07080bf2a4a2\"},\"headline\":\"NI UN VOTO AL PRI; NO SOMOS PRI\",\"datePublished\":\"2024-11-01T19:55:33+00:00\",\"dateModified\":\"2024-11-01T19:55:40+00:00\",\"mainEntityOfPage\":{\"@id\":\"https:\\\/\\\/lospoliticosveracruz.com\\\/?p=131964\"},\"wordCount\":654,\"publisher\":{\"@id\":\"https:\\\/\\\/lospoliticosveracruz.com\\\/#organization\"},\"image\":{\"@id\":\"https:\\\/\\\/lospoliticosveracruz.com\\\/?p=131964#primaryimage\"},\"thumbnailUrl\":\"https:\\\/\\\/lospoliticosveracruz.com\\\/wp-content\\\/uploads\\\/2024\\\/03\\\/Inocencio-Yanez-Vicencio.jpg\",\"keywords\":[\"Movimiento Ciudadano\",\"PAN\",\"PT\",\"PVEM\"],\"articleSection\":[\"De Opini\u00f3n\"],\"inLanguage\":\"es\"},{\"@type\":\"WebPage\",\"@id\":\"https:\\\/\\\/lospoliticosveracruz.com\\\/?p=131964\",\"url\":\"https:\\\/\\\/lospoliticosveracruz.com\\\/?p=131964\",\"name\":\"NI UN VOTO AL PRI; NO SOMOS PRI - Los pol\u00edticos Veracruz\",\"isPartOf\":{\"@id\":\"https:\\\/\\\/lospoliticosveracruz.com\\\/#website\"},\"primaryImageOfPage\":{\"@id\":\"https:\\\/\\\/lospoliticosveracruz.com\\\/?p=131964#primaryimage\"},\"image\":{\"@id\":\"https:\\\/\\\/lospoliticosveracruz.com\\\/?p=131964#primaryimage\"},\"thumbnailUrl\":\"https:\\\/\\\/lospoliticosveracruz.com\\\/wp-content\\\/uploads\\\/2024\\\/03\\\/Inocencio-Yanez-Vicencio.jpg\",\"datePublished\":\"2024-11-01T19:55:33+00:00\",\"dateModified\":\"2024-11-01T19:55:40+00:00\",\"breadcrumb\":{\"@id\":\"https:\\\/\\\/lospoliticosveracruz.com\\\/?p=131964#breadcrumb\"},\"inLanguage\":\"es\",\"potentialAction\":[{\"@type\":\"ReadAction\",\"target\":[\"https:\\\/\\\/lospoliticosveracruz.com\\\/?p=131964\"]}]},{\"@type\":\"ImageObject\",\"inLanguage\":\"es\",\"@id\":\"https:\\\/\\\/lospoliticosveracruz.com\\\/?p=131964#primaryimage\",\"url\":\"https:\\\/\\\/lospoliticosveracruz.com\\\/wp-content\\\/uploads\\\/2024\\\/03\\\/Inocencio-Yanez-Vicencio.jpg\",\"contentUrl\":\"https:\\\/\\\/lospoliticosveracruz.com\\\/wp-content\\\/uploads\\\/2024\\\/03\\\/Inocencio-Yanez-Vicencio.jpg\",\"width\":1250,\"height\":667},{\"@type\":\"BreadcrumbList\",\"@id\":\"https:\\\/\\\/lospoliticosveracruz.com\\\/?p=131964#breadcrumb\",\"itemListElement\":[{\"@type\":\"ListItem\",\"position\":1,\"name\":\"Portada\",\"item\":\"https:\\\/\\\/lospoliticosveracruz.com\\\/\"},{\"@type\":\"ListItem\",\"position\":2,\"name\":\"NI UN VOTO AL PRI; NO SOMOS PRI\"}]},{\"@type\":\"WebSite\",\"@id\":\"https:\\\/\\\/lospoliticosveracruz.com\\\/#website\",\"url\":\"https:\\\/\\\/lospoliticosveracruz.com\\\/\",\"name\":\"Los pol\u00edticos Veracruz\",\"description\":\"\",\"publisher\":{\"@id\":\"https:\\\/\\\/lospoliticosveracruz.com\\\/#organization\"},\"potentialAction\":[{\"@type\":\"SearchAction\",\"target\":{\"@type\":\"EntryPoint\",\"urlTemplate\":\"https:\\\/\\\/lospoliticosveracruz.com\\\/?s={search_term_string}\"},\"query-input\":{\"@type\":\"PropertyValueSpecification\",\"valueRequired\":true,\"valueName\":\"search_term_string\"}}],\"inLanguage\":\"es\"},{\"@type\":\"Organization\",\"@id\":\"https:\\\/\\\/lospoliticosveracruz.com\\\/#organization\",\"name\":\"Los pol\u00edticos Veracruz\",\"url\":\"https:\\\/\\\/lospoliticosveracruz.com\\\/\",\"logo\":{\"@type\":\"ImageObject\",\"inLanguage\":\"es\",\"@id\":\"https:\\\/\\\/lospoliticosveracruz.com\\\/#\\\/schema\\\/logo\\\/image\\\/\",\"url\":\"https:\\\/\\\/lospoliticosveracruz.com\\\/wp-content\\\/uploads\\\/2025\\\/12\\\/Logo-Nuevo-LOS-POLITICOS-1.jpg\",\"contentUrl\":\"https:\\\/\\\/lospoliticosveracruz.com\\\/wp-content\\\/uploads\\\/2025\\\/12\\\/Logo-Nuevo-LOS-POLITICOS-1.jpg\",\"width\":260,\"height\":70,\"caption\":\"Los pol\u00edticos Veracruz\"},\"image\":{\"@id\":\"https:\\\/\\\/lospoliticosveracruz.com\\\/#\\\/schema\\\/logo\\\/image\\\/\"},\"sameAs\":[\"https:\\\/\\\/www.facebook.com\\\/people\\\/Notimemes-de-los-Polticos\\\/61565672886568\\\/\",\"https:\\\/\\\/x.com\\\/LosPoliticosVer\"]},{\"@type\":\"Person\",\"@id\":\"https:\\\/\\\/lospoliticosveracruz.com\\\/#\\\/schema\\\/person\\\/b8702bb0e538456e6efd07080bf2a4a2\",\"name\":\"Lo viste en Los Pol\u00edticos\",\"image\":{\"@type\":\"ImageObject\",\"inLanguage\":\"es\",\"@id\":\"https:\\\/\\\/secure.gravatar.com\\\/avatar\\\/3a8de04a2656d44082be478bd6c086daa447c4651605818287b9532d3d0bd435?s=96&d=mm&r=g\",\"url\":\"https:\\\/\\\/secure.gravatar.com\\\/avatar\\\/3a8de04a2656d44082be478bd6c086daa447c4651605818287b9532d3d0bd435?s=96&d=mm&r=g\",\"contentUrl\":\"https:\\\/\\\/secure.gravatar.com\\\/avatar\\\/3a8de04a2656d44082be478bd6c086daa447c4651605818287b9532d3d0bd435?s=96&d=mm&r=g\",\"caption\":\"Lo viste en Los Pol\u00edticos\"},\"url\":\"https:\\\/\\\/lospoliticosveracruz.com\\\/?author=2\"}]}<\/script>\n<!-- \/ Yoast SEO plugin. -->","yoast_head_json":{"title":"NI UN VOTO AL PRI; NO SOMOS PRI - Los pol\u00edticos Veracruz","robots":{"index":"index","follow":"follow","max-snippet":"max-snippet:-1","max-image-preview":"max-image-preview:large","max-video-preview":"max-video-preview:-1"},"canonical":"https:\/\/lospoliticosveracruz.com\/?p=131964","og_locale":"es_ES","og_type":"article","og_title":"NI UN VOTO AL PRI; NO SOMOS PRI - Los pol\u00edticos Veracruz","og_description":"Inocencio Y\u00e1\u00f1ez Vicencio No dudo que partidos como PVEM, PT, Movimiento Ciudadano, PAN&#8230; est\u00e9n m\u00e1s degradados que el Partido Revolucionario institucional, pero, lo menos que podemos hacer es darle nuestro voto a un partido que ha sido secuestrado por la mafia gobernante y que su dirigencia, para salvar su pellejo,\u00a0\u00a0\u00a0permite que desde fuera le impongan [&hellip;]","og_url":"https:\/\/lospoliticosveracruz.com\/?p=131964","og_site_name":"Los pol\u00edticos Veracruz","article_publisher":"https:\/\/www.facebook.com\/people\/Notimemes-de-los-Polticos\/61565672886568\/","article_published_time":"2024-11-01T19:55:33+00:00","article_modified_time":"2024-11-01T19:55:40+00:00","og_image":[{"width":1250,"height":667,"url":"https:\/\/lospoliticosveracruz.com\/wp-content\/uploads\/2024\/03\/Inocencio-Yanez-Vicencio.jpg","type":"image\/jpeg"}],"author":"Lo viste en Los Pol\u00edticos","twitter_card":"summary_large_image","twitter_creator":"@LosPoliticosVer","twitter_site":"@LosPoliticosVer","twitter_misc":{"Escrito por":"Lo viste en Los Pol\u00edticos","Tiempo de lectura":"3 minutos"},"schema":{"@context":"https:\/\/schema.org","@graph":[{"@type":"Article","@id":"https:\/\/lospoliticosveracruz.com\/?p=131964#article","isPartOf":{"@id":"https:\/\/lospoliticosveracruz.com\/?p=131964"},"author":{"name":"Lo viste en Los Pol\u00edticos","@id":"https:\/\/lospoliticosveracruz.com\/#\/schema\/person\/b8702bb0e538456e6efd07080bf2a4a2"},"headline":"NI UN VOTO AL PRI; NO SOMOS PRI","datePublished":"2024-11-01T19:55:33+00:00","dateModified":"2024-11-01T19:55:40+00:00","mainEntityOfPage":{"@id":"https:\/\/lospoliticosveracruz.com\/?p=131964"},"wordCount":654,"publisher":{"@id":"https:\/\/lospoliticosveracruz.com\/#organization"},"image":{"@id":"https:\/\/lospoliticosveracruz.com\/?p=131964#primaryimage"},"thumbnailUrl":"https:\/\/lospoliticosveracruz.com\/wp-content\/uploads\/2024\/03\/Inocencio-Yanez-Vicencio.jpg","keywords":["Movimiento Ciudadano","PAN","PT","PVEM"],"articleSection":["De Opini\u00f3n"],"inLanguage":"es"},{"@type":"WebPage","@id":"https:\/\/lospoliticosveracruz.com\/?p=131964","url":"https:\/\/lospoliticosveracruz.com\/?p=131964","name":"NI UN VOTO AL PRI; NO SOMOS PRI - Los pol\u00edticos Veracruz","isPartOf":{"@id":"https:\/\/lospoliticosveracruz.com\/#website"},"primaryImageOfPage":{"@id":"https:\/\/lospoliticosveracruz.com\/?p=131964#primaryimage"},"image":{"@id":"https:\/\/lospoliticosveracruz.com\/?p=131964#primaryimage"},"thumbnailUrl":"https:\/\/lospoliticosveracruz.com\/wp-content\/uploads\/2024\/03\/Inocencio-Yanez-Vicencio.jpg","datePublished":"2024-11-01T19:55:33+00:00","dateModified":"2024-11-01T19:55:40+00:00","breadcrumb":{"@id":"https:\/\/lospoliticosveracruz.com\/?p=131964#breadcrumb"},"inLanguage":"es","potentialAction":[{"@type":"ReadAction","target":["https:\/\/lospoliticosveracruz.com\/?p=131964"]}]},{"@type":"ImageObject","inLanguage":"es","@id":"https:\/\/lospoliticosveracruz.com\/?p=131964#primaryimage","url":"https:\/\/lospoliticosveracruz.com\/wp-content\/uploads\/2024\/03\/Inocencio-Yanez-Vicencio.jpg","contentUrl":"https:\/\/lospoliticosveracruz.com\/wp-content\/uploads\/2024\/03\/Inocencio-Yanez-Vicencio.jpg","width":1250,"height":667},{"@type":"BreadcrumbList","@id":"https:\/\/lospoliticosveracruz.com\/?p=131964#breadcrumb","itemListElement":[{"@type":"ListItem","position":1,"name":"Portada","item":"https:\/\/lospoliticosveracruz.com\/"},{"@type":"ListItem","position":2,"name":"NI UN VOTO AL PRI; NO SOMOS PRI"}]},{"@type":"WebSite","@id":"https:\/\/lospoliticosveracruz.com\/#website","url":"https:\/\/lospoliticosveracruz.com\/","name":"Los pol\u00edticos Veracruz","description":"","publisher":{"@id":"https:\/\/lospoliticosveracruz.com\/#organization"},"potentialAction":[{"@type":"SearchAction","target":{"@type":"EntryPoint","urlTemplate":"https:\/\/lospoliticosveracruz.com\/?s={search_term_string}"},"query-input":{"@type":"PropertyValueSpecification","valueRequired":true,"valueName":"search_term_string"}}],"inLanguage":"es"},{"@type":"Organization","@id":"https:\/\/lospoliticosveracruz.com\/#organization","name":"Los pol\u00edticos Veracruz","url":"https:\/\/lospoliticosveracruz.com\/","logo":{"@type":"ImageObject","inLanguage":"es","@id":"https:\/\/lospoliticosveracruz.com\/#\/schema\/logo\/image\/","url":"https:\/\/lospoliticosveracruz.com\/wp-content\/uploads\/2025\/12\/Logo-Nuevo-LOS-POLITICOS-1.jpg","contentUrl":"https:\/\/lospoliticosveracruz.com\/wp-content\/uploads\/2025\/12\/Logo-Nuevo-LOS-POLITICOS-1.jpg","width":260,"height":70,"caption":"Los pol\u00edticos Veracruz"},"image":{"@id":"https:\/\/lospoliticosveracruz.com\/#\/schema\/logo\/image\/"},"sameAs":["https:\/\/www.facebook.com\/people\/Notimemes-de-los-Polticos\/61565672886568\/","https:\/\/x.com\/LosPoliticosVer"]},{"@type":"Person","@id":"https:\/\/lospoliticosveracruz.com\/#\/schema\/person\/b8702bb0e538456e6efd07080bf2a4a2","name":"Lo viste en Los Pol\u00edticos","image":{"@type":"ImageObject","inLanguage":"es","@id":"https:\/\/secure.gravatar.com\/avatar\/3a8de04a2656d44082be478bd6c086daa447c4651605818287b9532d3d0bd435?s=96&d=mm&r=g","url":"https:\/\/secure.gravatar.com\/avatar\/3a8de04a2656d44082be478bd6c086daa447c4651605818287b9532d3d0bd435?s=96&d=mm&r=g","contentUrl":"https:\/\/secure.gravatar.com\/avatar\/3a8de04a2656d44082be478bd6c086daa447c4651605818287b9532d3d0bd435?s=96&d=mm&r=g","caption":"Lo viste en Los Pol\u00edticos"},"url":"https:\/\/lospoliticosveracruz.com\/?author=2"}]}},"_links":{"self":[{"href":"https:\/\/lospoliticosveracruz.com\/index.php?rest_route=\/wp\/v2\/posts\/131964","targetHints":{"allow":["GET"]}}],"collection":[{"href":"https:\/\/lospoliticosveracruz.com\/index.php?rest_route=\/wp\/v2\/posts"}],"about":[{"href":"https:\/\/lospoliticosveracruz.com\/index.php?rest_route=\/wp\/v2\/types\/post"}],"author":[{"embeddable":true,"href":"https:\/\/lospoliticosveracruz.com\/index.php?rest_route=\/wp\/v2\/users\/2"}],"replies":[{"embeddable":true,"href":"https:\/\/lospoliticosveracruz.com\/index.php?rest_route=%2Fwp%2Fv2%2Fcomments&post=131964"}],"version-history":[{"count":1,"href":"https:\/\/lospoliticosveracruz.com\/index.php?rest_route=\/wp\/v2\/posts\/131964\/revisions"}],"predecessor-version":[{"id":131965,"href":"https:\/\/lospoliticosveracruz.com\/index.php?rest_route=\/wp\/v2\/posts\/131964\/revisions\/131965"}],"wp:featuredmedia":[{"embeddable":true,"href":"https:\/\/lospoliticosveracruz.com\/index.php?rest_route=\/wp\/v2\/media\/120033"}],"wp:attachment":[{"href":"https:\/\/lospoliticosveracruz.com\/index.php?rest_route=%2Fwp%2Fv2%2Fmedia&parent=131964"}],"wp:term":[{"taxonomy":"category","embeddable":true,"href":"https:\/\/lospoliticosveracruz.com\/index.php?rest_route=%2Fwp%2Fv2%2Fcategories&post=131964"},{"taxonomy":"post_tag","embeddable":true,"href":"https:\/\/lospoliticosveracruz.com\/index.php?rest_route=%2Fwp%2Fv2%2Ftags&post=131964"}],"curies":[{"name":"wp","href":"https:\/\/api.w.org\/{rel}","templated":true}]}}