{"id":131970,"date":"2024-11-02T06:24:21","date_gmt":"2024-11-02T12:24:21","guid":{"rendered":"https:\/\/lospoliticosveracruz.com.mx\/?p=131970"},"modified":"2024-11-02T06:24:31","modified_gmt":"2024-11-02T12:24:31","slug":"se-la-rifaron-las-catrinas-boquenas","status":"publish","type":"post","link":"https:\/\/lospoliticosveracruz.com\/?p=131970","title":{"rendered":"SE LA RIFARON LAS CATRINAS BOQUE\u00d1AS!"},"content":{"rendered":"\n<p>La noche de este viernes, el misticismo, excelentes trabajos de maquillaje y vestuario, fueron presentados en la \u201cPasarela de Catrinas\u201d como parte del programa del \u201cD\u00eda de Muertos en Boca\u201d.<\/p>\n\n\n\n<p>El alcalde de Boca del R\u00edo, Juan Manuel Un\u00e1nue Abascal, acompa\u00f1ado por la Presidenta del DIF Municipal, Melina Rivera de Un\u00e1nue y su peque\u00f1a hija Aitana, resalt\u00f3 la participaci\u00f3n de los boque\u00f1os en esta fiesta, as\u00ed como de los cientos de visitantes que se han dado cita en las distintas actividades.<\/p>\n\n\n\n<p>\u201cSeguimos con las actividades este s\u00e1bado con un programa muy bonito, tenemos la presencia de mucha gente, mucho movimiento en la cabecera municipal, hay mucho turista, y esto qu\u00e9 implica, derrama econ\u00f3mica y generaci\u00f3n de empleo\u201d, expres\u00f3 el edil.<\/p>\n\n\n\n<p>Se cont\u00f3 con la participaci\u00f3n de 18 participantes en la pasarela de Catrinas y Catrines, peque\u00f1os y adultos que fueron la alegr\u00eda de los presentes con sus extraordinarias representaciones, premi\u00e1ndose a los tres primeros lugares.<\/p>\n\n\n\n<p>Previamente, se realiz\u00f3 una verbena popular con la presencia de un mercadito de expositores con distintas propuestas gastron\u00f3micas, y como parte del programa art\u00edstico se present\u00f3 el Ballet Folcl\u00f3rico Infantil de la Casa de la Cultura, el Grupo Folclor de Boca y la Compa\u00f1\u00eda de artes esc\u00e9nicas MalabareArte.<\/p>\n\n\n\n<p><em>ALTAR BOQUE\u00d1OS DE ORIGEN<\/em><\/p>\n\n\n\n<p>Cabe recordar que el d\u00eda inici\u00f3 con la inauguraci\u00f3n y bendici\u00f3n del altar \u201cBoque\u00f1os de Origen\u201d, celebraci\u00f3n que se realiza cada a\u00f1o en conjunto con los restauranteros de Boca del R\u00edo.<\/p>\n\n\n\n<p>Dicho altar se integr\u00f3 con casi 400 rostros, sum\u00e1ndose este 2024 a 38, quienes fallecieron durante este a\u00f1o, la bendici\u00f3n estuvo a cargo del Padre Guillermo Arturo Mart\u00ednez, P\u00e1rroco de la Iglesia de Santa Ana.<\/p>\n\n\n\n<p>El alcalde Juan Manuel Un\u00e1nue Abascal, se dijo muy contento de participar con los ciudadanos de la cabecera municipal, no solo en esta actividad, sino en otras m\u00e1s que se realizan continuamente en el coraz\u00f3n boque\u00f1o.<\/p>\n\n\n\n<p><em>PROGRAMA DE ACTIVIDADES<\/em><br>S\u00c1BADO 02 DE NOVIEMBRE<\/p>\n\n\n\n<p>8 a.m. Misa de difuntos en Pante\u00f3n Municipal.<br>7 p.m. Misa de difuntos en la Iglesia de Nuestra Se\u00f1ora de Santa Ana.<br>8 p.m. Procesi\u00f3n por el D\u00eda de Muertos de Casa de Cultura al altar de \u201cBoque\u00f1os de Origen\u201d (andador Revoluci\u00f3n).<br>9 p.m. \u201cEnciende una luz a tu difunto\u201d, a un costado del altar de \u201cBoque\u00f1os de Origen\u201d (andador Revoluci\u00f3n).<\/p>\n","protected":false},"excerpt":{"rendered":"<p>La noche de este viernes, el misticismo, excelentes trabajos de maquillaje y vestuario, fueron presentados en la \u201cPasarela de Catrinas\u201d como parte del programa del \u201cD\u00eda de Muertos en Boca\u201d. El alcalde de Boca del R\u00edo, Juan Manuel Un\u00e1nue Abascal, acompa\u00f1ado por la Presidenta del DIF Municipal, Melina Rivera de Un\u00e1nue y su peque\u00f1a hija [&hellip;]<\/p>\n","protected":false},"author":2,"featured_media":0,"comment_status":"closed","ping_status":"closed","sticky":false,"template":"","format":"standard","meta":{"tdm_status":"","tdm_grid_status":"","footnotes":""},"categories":[73],"tags":[560,6732,42146,42145],"class_list":{"0":"post-131970","1":"post","2":"type-post","3":"status-publish","4":"format-standard","6":"category-de-boleto","7":"tag-dia-de-muertos","8":"tag-juan-manuel-de-unanue","9":"tag-pasarela-de","10":"tag-pasarela-de-catrinas"},"yoast_head":"<!-- This site is optimized with the Yoast SEO plugin v27.4 - https:\/\/yoast.com\/product\/yoast-seo-wordpress\/ -->\n<title>SE LA RIFARON LAS CATRINAS BOQUE\u00d1AS! - Los pol\u00edticos Veracruz<\/title>\n<meta name=\"robots\" content=\"index, follow, max-snippet:-1, max-image-preview:large, max-video-preview:-1\" \/>\n<link rel=\"canonical\" href=\"https:\/\/lospoliticosveracruz.com\/?p=131970\" \/>\n<meta property=\"og:locale\" content=\"es_ES\" \/>\n<meta property=\"og:type\" content=\"article\" \/>\n<meta property=\"og:title\" content=\"SE LA RIFARON LAS CATRINAS BOQUE\u00d1AS! - Los pol\u00edticos Veracruz\" \/>\n<meta property=\"og:description\" content=\"La noche de este viernes, el misticismo, excelentes trabajos de maquillaje y vestuario, fueron presentados en la \u201cPasarela de Catrinas\u201d como parte del programa del \u201cD\u00eda de Muertos en Boca\u201d. El alcalde de Boca del R\u00edo, Juan Manuel Un\u00e1nue Abascal, acompa\u00f1ado por la Presidenta del DIF Municipal, Melina Rivera de Un\u00e1nue y su peque\u00f1a hija [&hellip;]\" \/>\n<meta property=\"og:url\" content=\"https:\/\/lospoliticosveracruz.com\/?p=131970\" \/>\n<meta property=\"og:site_name\" content=\"Los pol\u00edticos Veracruz\" \/>\n<meta property=\"article:publisher\" content=\"https:\/\/www.facebook.com\/people\/Notimemes-de-los-Polticos\/61565672886568\/\" \/>\n<meta property=\"article:published_time\" content=\"2024-11-02T12:24:21+00:00\" \/>\n<meta property=\"article:modified_time\" content=\"2024-11-02T12:24:31+00:00\" \/>\n<meta property=\"og:image\" content=\"https:\/\/lospoliticosveracruz.com\/wp-content\/uploads\/2016\/07\/Logo-Dor.jpg\" \/>\n\t<meta property=\"og:image:width\" content=\"200\" \/>\n\t<meta property=\"og:image:height\" content=\"200\" \/>\n\t<meta property=\"og:image:type\" content=\"image\/jpeg\" \/>\n<meta name=\"author\" content=\"Lo viste en Los Pol\u00edticos\" \/>\n<meta name=\"twitter:card\" content=\"summary_large_image\" \/>\n<meta name=\"twitter:creator\" content=\"@LosPoliticosVer\" \/>\n<meta name=\"twitter:site\" content=\"@LosPoliticosVer\" \/>\n<meta name=\"twitter:label1\" content=\"Escrito por\" \/>\n\t<meta name=\"twitter:data1\" content=\"Lo viste en Los Pol\u00edticos\" \/>\n\t<meta name=\"twitter:label2\" content=\"Tiempo de lectura\" \/>\n\t<meta name=\"twitter:data2\" content=\"2 minutos\" \/>\n<script type=\"application\/ld+json\" class=\"yoast-schema-graph\">{\"@context\":\"https:\\\/\\\/schema.org\",\"@graph\":[{\"@type\":\"Article\",\"@id\":\"https:\\\/\\\/lospoliticosveracruz.com\\\/?p=131970#article\",\"isPartOf\":{\"@id\":\"https:\\\/\\\/lospoliticosveracruz.com\\\/?p=131970\"},\"author\":{\"name\":\"Lo viste en Los Pol\u00edticos\",\"@id\":\"https:\\\/\\\/lospoliticosveracruz.com\\\/#\\\/schema\\\/person\\\/b8702bb0e538456e6efd07080bf2a4a2\"},\"headline\":\"SE LA RIFARON LAS CATRINAS BOQUE\u00d1AS!\",\"datePublished\":\"2024-11-02T12:24:21+00:00\",\"dateModified\":\"2024-11-02T12:24:31+00:00\",\"mainEntityOfPage\":{\"@id\":\"https:\\\/\\\/lospoliticosveracruz.com\\\/?p=131970\"},\"wordCount\":425,\"publisher\":{\"@id\":\"https:\\\/\\\/lospoliticosveracruz.com\\\/#organization\"},\"keywords\":[\"D\u00eda de Muertos\",\"Juan Manuel de Unanue\",\"Pasarela de\",\"Pasarela de Catrinas\"],\"articleSection\":[\"De Boleto\"],\"inLanguage\":\"es\"},{\"@type\":\"WebPage\",\"@id\":\"https:\\\/\\\/lospoliticosveracruz.com\\\/?p=131970\",\"url\":\"https:\\\/\\\/lospoliticosveracruz.com\\\/?p=131970\",\"name\":\"SE LA RIFARON LAS CATRINAS BOQUE\u00d1AS! - Los pol\u00edticos Veracruz\",\"isPartOf\":{\"@id\":\"https:\\\/\\\/lospoliticosveracruz.com\\\/#website\"},\"datePublished\":\"2024-11-02T12:24:21+00:00\",\"dateModified\":\"2024-11-02T12:24:31+00:00\",\"breadcrumb\":{\"@id\":\"https:\\\/\\\/lospoliticosveracruz.com\\\/?p=131970#breadcrumb\"},\"inLanguage\":\"es\",\"potentialAction\":[{\"@type\":\"ReadAction\",\"target\":[\"https:\\\/\\\/lospoliticosveracruz.com\\\/?p=131970\"]}]},{\"@type\":\"BreadcrumbList\",\"@id\":\"https:\\\/\\\/lospoliticosveracruz.com\\\/?p=131970#breadcrumb\",\"itemListElement\":[{\"@type\":\"ListItem\",\"position\":1,\"name\":\"Portada\",\"item\":\"https:\\\/\\\/lospoliticosveracruz.com\\\/\"},{\"@type\":\"ListItem\",\"position\":2,\"name\":\"SE LA RIFARON LAS CATRINAS BOQUE\u00d1AS!\"}]},{\"@type\":\"WebSite\",\"@id\":\"https:\\\/\\\/lospoliticosveracruz.com\\\/#website\",\"url\":\"https:\\\/\\\/lospoliticosveracruz.com\\\/\",\"name\":\"Los pol\u00edticos Veracruz\",\"description\":\"\",\"publisher\":{\"@id\":\"https:\\\/\\\/lospoliticosveracruz.com\\\/#organization\"},\"potentialAction\":[{\"@type\":\"SearchAction\",\"target\":{\"@type\":\"EntryPoint\",\"urlTemplate\":\"https:\\\/\\\/lospoliticosveracruz.com\\\/?s={search_term_string}\"},\"query-input\":{\"@type\":\"PropertyValueSpecification\",\"valueRequired\":true,\"valueName\":\"search_term_string\"}}],\"inLanguage\":\"es\"},{\"@type\":\"Organization\",\"@id\":\"https:\\\/\\\/lospoliticosveracruz.com\\\/#organization\",\"name\":\"Los pol\u00edticos Veracruz\",\"url\":\"https:\\\/\\\/lospoliticosveracruz.com\\\/\",\"logo\":{\"@type\":\"ImageObject\",\"inLanguage\":\"es\",\"@id\":\"https:\\\/\\\/lospoliticosveracruz.com\\\/#\\\/schema\\\/logo\\\/image\\\/\",\"url\":\"https:\\\/\\\/lospoliticosveracruz.com\\\/wp-content\\\/uploads\\\/2025\\\/12\\\/Logo-Nuevo-LOS-POLITICOS-1.jpg\",\"contentUrl\":\"https:\\\/\\\/lospoliticosveracruz.com\\\/wp-content\\\/uploads\\\/2025\\\/12\\\/Logo-Nuevo-LOS-POLITICOS-1.jpg\",\"width\":260,\"height\":70,\"caption\":\"Los pol\u00edticos Veracruz\"},\"image\":{\"@id\":\"https:\\\/\\\/lospoliticosveracruz.com\\\/#\\\/schema\\\/logo\\\/image\\\/\"},\"sameAs\":[\"https:\\\/\\\/www.facebook.com\\\/people\\\/Notimemes-de-los-Polticos\\\/61565672886568\\\/\",\"https:\\\/\\\/x.com\\\/LosPoliticosVer\"]},{\"@type\":\"Person\",\"@id\":\"https:\\\/\\\/lospoliticosveracruz.com\\\/#\\\/schema\\\/person\\\/b8702bb0e538456e6efd07080bf2a4a2\",\"name\":\"Lo viste en Los Pol\u00edticos\",\"image\":{\"@type\":\"ImageObject\",\"inLanguage\":\"es\",\"@id\":\"https:\\\/\\\/secure.gravatar.com\\\/avatar\\\/3a8de04a2656d44082be478bd6c086daa447c4651605818287b9532d3d0bd435?s=96&d=mm&r=g\",\"url\":\"https:\\\/\\\/secure.gravatar.com\\\/avatar\\\/3a8de04a2656d44082be478bd6c086daa447c4651605818287b9532d3d0bd435?s=96&d=mm&r=g\",\"contentUrl\":\"https:\\\/\\\/secure.gravatar.com\\\/avatar\\\/3a8de04a2656d44082be478bd6c086daa447c4651605818287b9532d3d0bd435?s=96&d=mm&r=g\",\"caption\":\"Lo viste en Los Pol\u00edticos\"},\"url\":\"https:\\\/\\\/lospoliticosveracruz.com\\\/?author=2\"}]}<\/script>\n<!-- \/ Yoast SEO plugin. -->","yoast_head_json":{"title":"SE LA RIFARON LAS CATRINAS BOQUE\u00d1AS! - Los pol\u00edticos Veracruz","robots":{"index":"index","follow":"follow","max-snippet":"max-snippet:-1","max-image-preview":"max-image-preview:large","max-video-preview":"max-video-preview:-1"},"canonical":"https:\/\/lospoliticosveracruz.com\/?p=131970","og_locale":"es_ES","og_type":"article","og_title":"SE LA RIFARON LAS CATRINAS BOQUE\u00d1AS! - Los pol\u00edticos Veracruz","og_description":"La noche de este viernes, el misticismo, excelentes trabajos de maquillaje y vestuario, fueron presentados en la \u201cPasarela de Catrinas\u201d como parte del programa del \u201cD\u00eda de Muertos en Boca\u201d. El alcalde de Boca del R\u00edo, Juan Manuel Un\u00e1nue Abascal, acompa\u00f1ado por la Presidenta del DIF Municipal, Melina Rivera de Un\u00e1nue y su peque\u00f1a hija [&hellip;]","og_url":"https:\/\/lospoliticosveracruz.com\/?p=131970","og_site_name":"Los pol\u00edticos Veracruz","article_publisher":"https:\/\/www.facebook.com\/people\/Notimemes-de-los-Polticos\/61565672886568\/","article_published_time":"2024-11-02T12:24:21+00:00","article_modified_time":"2024-11-02T12:24:31+00:00","og_image":[{"width":200,"height":200,"url":"https:\/\/lospoliticosveracruz.com\/wp-content\/uploads\/2016\/07\/Logo-Dor.jpg","type":"image\/jpeg"}],"author":"Lo viste en Los Pol\u00edticos","twitter_card":"summary_large_image","twitter_creator":"@LosPoliticosVer","twitter_site":"@LosPoliticosVer","twitter_misc":{"Escrito por":"Lo viste en Los Pol\u00edticos","Tiempo de lectura":"2 minutos"},"schema":{"@context":"https:\/\/schema.org","@graph":[{"@type":"Article","@id":"https:\/\/lospoliticosveracruz.com\/?p=131970#article","isPartOf":{"@id":"https:\/\/lospoliticosveracruz.com\/?p=131970"},"author":{"name":"Lo viste en Los Pol\u00edticos","@id":"https:\/\/lospoliticosveracruz.com\/#\/schema\/person\/b8702bb0e538456e6efd07080bf2a4a2"},"headline":"SE LA RIFARON LAS CATRINAS BOQUE\u00d1AS!","datePublished":"2024-11-02T12:24:21+00:00","dateModified":"2024-11-02T12:24:31+00:00","mainEntityOfPage":{"@id":"https:\/\/lospoliticosveracruz.com\/?p=131970"},"wordCount":425,"publisher":{"@id":"https:\/\/lospoliticosveracruz.com\/#organization"},"keywords":["D\u00eda de Muertos","Juan Manuel de Unanue","Pasarela de","Pasarela de Catrinas"],"articleSection":["De Boleto"],"inLanguage":"es"},{"@type":"WebPage","@id":"https:\/\/lospoliticosveracruz.com\/?p=131970","url":"https:\/\/lospoliticosveracruz.com\/?p=131970","name":"SE LA RIFARON LAS CATRINAS BOQUE\u00d1AS! - Los pol\u00edticos Veracruz","isPartOf":{"@id":"https:\/\/lospoliticosveracruz.com\/#website"},"datePublished":"2024-11-02T12:24:21+00:00","dateModified":"2024-11-02T12:24:31+00:00","breadcrumb":{"@id":"https:\/\/lospoliticosveracruz.com\/?p=131970#breadcrumb"},"inLanguage":"es","potentialAction":[{"@type":"ReadAction","target":["https:\/\/lospoliticosveracruz.com\/?p=131970"]}]},{"@type":"BreadcrumbList","@id":"https:\/\/lospoliticosveracruz.com\/?p=131970#breadcrumb","itemListElement":[{"@type":"ListItem","position":1,"name":"Portada","item":"https:\/\/lospoliticosveracruz.com\/"},{"@type":"ListItem","position":2,"name":"SE LA RIFARON LAS CATRINAS BOQUE\u00d1AS!"}]},{"@type":"WebSite","@id":"https:\/\/lospoliticosveracruz.com\/#website","url":"https:\/\/lospoliticosveracruz.com\/","name":"Los pol\u00edticos Veracruz","description":"","publisher":{"@id":"https:\/\/lospoliticosveracruz.com\/#organization"},"potentialAction":[{"@type":"SearchAction","target":{"@type":"EntryPoint","urlTemplate":"https:\/\/lospoliticosveracruz.com\/?s={search_term_string}"},"query-input":{"@type":"PropertyValueSpecification","valueRequired":true,"valueName":"search_term_string"}}],"inLanguage":"es"},{"@type":"Organization","@id":"https:\/\/lospoliticosveracruz.com\/#organization","name":"Los pol\u00edticos Veracruz","url":"https:\/\/lospoliticosveracruz.com\/","logo":{"@type":"ImageObject","inLanguage":"es","@id":"https:\/\/lospoliticosveracruz.com\/#\/schema\/logo\/image\/","url":"https:\/\/lospoliticosveracruz.com\/wp-content\/uploads\/2025\/12\/Logo-Nuevo-LOS-POLITICOS-1.jpg","contentUrl":"https:\/\/lospoliticosveracruz.com\/wp-content\/uploads\/2025\/12\/Logo-Nuevo-LOS-POLITICOS-1.jpg","width":260,"height":70,"caption":"Los pol\u00edticos Veracruz"},"image":{"@id":"https:\/\/lospoliticosveracruz.com\/#\/schema\/logo\/image\/"},"sameAs":["https:\/\/www.facebook.com\/people\/Notimemes-de-los-Polticos\/61565672886568\/","https:\/\/x.com\/LosPoliticosVer"]},{"@type":"Person","@id":"https:\/\/lospoliticosveracruz.com\/#\/schema\/person\/b8702bb0e538456e6efd07080bf2a4a2","name":"Lo viste en Los Pol\u00edticos","image":{"@type":"ImageObject","inLanguage":"es","@id":"https:\/\/secure.gravatar.com\/avatar\/3a8de04a2656d44082be478bd6c086daa447c4651605818287b9532d3d0bd435?s=96&d=mm&r=g","url":"https:\/\/secure.gravatar.com\/avatar\/3a8de04a2656d44082be478bd6c086daa447c4651605818287b9532d3d0bd435?s=96&d=mm&r=g","contentUrl":"https:\/\/secure.gravatar.com\/avatar\/3a8de04a2656d44082be478bd6c086daa447c4651605818287b9532d3d0bd435?s=96&d=mm&r=g","caption":"Lo viste en Los Pol\u00edticos"},"url":"https:\/\/lospoliticosveracruz.com\/?author=2"}]}},"_links":{"self":[{"href":"https:\/\/lospoliticosveracruz.com\/index.php?rest_route=\/wp\/v2\/posts\/131970","targetHints":{"allow":["GET"]}}],"collection":[{"href":"https:\/\/lospoliticosveracruz.com\/index.php?rest_route=\/wp\/v2\/posts"}],"about":[{"href":"https:\/\/lospoliticosveracruz.com\/index.php?rest_route=\/wp\/v2\/types\/post"}],"author":[{"embeddable":true,"href":"https:\/\/lospoliticosveracruz.com\/index.php?rest_route=\/wp\/v2\/users\/2"}],"replies":[{"embeddable":true,"href":"https:\/\/lospoliticosveracruz.com\/index.php?rest_route=%2Fwp%2Fv2%2Fcomments&post=131970"}],"version-history":[{"count":1,"href":"https:\/\/lospoliticosveracruz.com\/index.php?rest_route=\/wp\/v2\/posts\/131970\/revisions"}],"predecessor-version":[{"id":131973,"href":"https:\/\/lospoliticosveracruz.com\/index.php?rest_route=\/wp\/v2\/posts\/131970\/revisions\/131973"}],"wp:attachment":[{"href":"https:\/\/lospoliticosveracruz.com\/index.php?rest_route=%2Fwp%2Fv2%2Fmedia&parent=131970"}],"wp:term":[{"taxonomy":"category","embeddable":true,"href":"https:\/\/lospoliticosveracruz.com\/index.php?rest_route=%2Fwp%2Fv2%2Fcategories&post=131970"},{"taxonomy":"post_tag","embeddable":true,"href":"https:\/\/lospoliticosveracruz.com\/index.php?rest_route=%2Fwp%2Fv2%2Ftags&post=131970"}],"curies":[{"name":"wp","href":"https:\/\/api.w.org\/{rel}","templated":true}]}}