{"id":132008,"date":"2024-11-04T00:56:37","date_gmt":"2024-11-04T06:56:37","guid":{"rendered":"https:\/\/lospoliticosveracruz.com.mx\/?p=132008"},"modified":"2024-11-04T00:56:53","modified_gmt":"2024-11-04T06:56:53","slug":"la-iglesia-y-la-4t","status":"publish","type":"post","link":"https:\/\/lospoliticosveracruz.com\/?p=132008","title":{"rendered":"LA IGLESIA Y LA 4T"},"content":{"rendered":"\n<p><strong>Ricardo Chua<\/strong><\/p>\n\n\n\n<p><em>Sale y Vale<\/em><\/p>\n\n\n\n<p>La iglesia cat\u00f3lica en M\u00e9xico y en Veracruz, no tiene porque ser diferente, est\u00e1 muy cr\u00edtica contra el gobierno de la 4T y de los estados donde gobierna MORENA.. Independientemente de los se\u00f1alamientos por los temas sociales y econ\u00f3micos que viven sus feligreses y que esta segunda administraci\u00f3n federal del movimiento que empez\u00f3 Andr\u00e9s Manuel L\u00f3pez Obrador, no ha podido resolver en el pa\u00eds.. Las principales cr\u00edticas de los obispos y prelados son por el tema de la inseguridad.. Y son muy fuertes como nunca antes..<\/p>\n\n\n\n<p>Se han escuchado en las homil\u00edas dominicales de la iglesia cat\u00f3lica.. Las cr\u00edticas son fuertes porque la inseguridad ya no s\u00f3lo le est\u00e1 golpeando a cierto sector de la poblaci\u00f3n.. Sino que esto es un conflicto que est\u00e1 da\u00f1ando a todos.. No s\u00f3lo a las clases econ\u00f3micamente altas, que son objeto de cualquier delito, sino tambi\u00e9n que esto ya les \u00abpega\u00bb a la poblaci\u00f3n vulnerable.. A la que supuestamente no le pueden quitar nada porque no tienen nada.. Y que el gobierno de la 4T \u00abprotege\u00bb con ese discurso de \u00abprimero los pobres\u00bb..<\/p>\n\n\n\n<p>Los se\u00f1alamientos son directos porque adem\u00e1s el crimen, ya se deja tambi\u00e9n sentir contra los miembros de la iglesia cat\u00f3lica.. Se sienten vulnerables y est\u00e1n alzando la voz para que el gobierno federal y los estatales emanados de la 4T.. Pongan atenci\u00f3n en estos temas.. Que por lo general, lo evitan comentar cuando sucede un hecho violento, como el caso del asesinato del sacerdote en Chiapas.. Los prelados est\u00e1n muy molestos y ya no se est\u00e1n deteniendo en las cr\u00edticas y eso puede ser peligroso para MORENA.. AL C\u00c9SAR LO QUE ES DEL C\u00c9SAR..<\/p>\n\n\n\n<p>ELIZABETH O VICENTE, HOY SE DECIDE.. Hoy debe ser el d\u00eda, si es que no sali\u00f3 el dictamen esta madrugada del lunes, cuando la Sala Superior del Tribunal Electoral del Poder Judicial de la Federaci\u00f3n (TEPJF) de su fallo, sobre qui\u00e9n se quedar\u00e1 con la \u00faltima diputaci\u00f3n local que a\u00fan falta por definir para que ma\u00f1ana, se tome protesta al nuevo Congreso del Estado en Veracruz.. Es la curul que le pertenece al PT pero que tanto el dirigente estatal, Vicente Aguilar y la ex alcaldesa de Xalapa, Elizabeth Morales, la tienen a\u00fan en disputa ante los tribunales..<\/p>\n\n\n\n<p>Hay que recordar que hace unos d\u00edas el Tribunal Electoral de Veracruz (TEV) votaron para que a Elizabeth Morales Garc\u00eda, le retiraran la diputaci\u00f3n local plurinominal del PT, que el OPLE le otorg\u00f3 la constancia que la acreditaba como legisladora.. Pero al quitarsela se la dieron al dirigente estatal petista, Vicente Aguilar Aguilar, que hab\u00eda impugnado esta resoluci\u00f3n .. Pero el viernes pasado la Sala Regional del TEPJF con sede en Xalapa, resolvi\u00f3 devolverla a Morales Garc\u00eda y retirarsela al l\u00edder del PT..<\/p>\n\n\n\n<p>Ahora hoy debe ser el d\u00eda que la Sala Superior del TEPJF con sede en CDMX resuelva este caso.. Cuyo fall\u00f3 es inapelable, para saber ma\u00f1ana qui\u00e9n toma protesta en el Congreso Local, como el diputado n\u00famero 50.. Ya hay 49 curules con sus propietarios listos.. S\u00f3lo falta definir el del PT.. Todos dicen que se le respetar\u00e1 a Elizabeth Morales el cargo.. Pero en estos temas legales electorales.. Ya nadie puede estar seguro.. HAGAN SUS APUESTAS.. Estamos a horas de saber, si es que no se decidi\u00f3 nada en la madrugada.. AMEN..<\/p>\n\n\n\n<p>LA SSP EN VERACRUZ DE NAHLE.. Cuenta \u00abGarganta Profunda\u00bb que la gobernadora electa de Veracruz, Roc\u00edo Nahle Garc\u00eda s\u00f3lo est\u00e1 a d\u00edas de dar a conocer, qui\u00e9n ser\u00e1 el personaje que ocupar\u00e1 el cargo de titular de la Secretar\u00eda de Seguridad P\u00fablica del Estado.. Pero hay que recordar que este nombramiento lo har\u00e1 en conjunto con el actual titular de la Secretar\u00eda de Seguridad P\u00fablica federal, Omar Garc\u00eda Harfuch, quien, al parecer, solicit\u00f3 a la futura mandataria que el cargo lo ocupar\u00e1 un alto mando de la Secretar\u00eda de la Defensa Nacional..<\/p>\n\n\n\n<p>Se dice que la propuesta fue avalada y aceptada por Roc\u00edo Nahle.. Ya que entre los acuerdos en los temas de seguridad.. La Presidenta de M\u00e9xico, Claudia Shienbaum, ha pedido a los gobernadores, que gran parte de la estrategia que trae para combatir a la inseguridad.. Es que se deben colocar efectivos de la SEDENA o Secretar\u00eda de Marina para combatir el crimen y la violencia los estados en coordinaci\u00f3n con la Secretar\u00eda de Seguridad P\u00fablica Federal.. Y todo indica que en Veracruz colocar\u00e1n un alto mando del Ej\u00e9rcito Mexicano..<\/p>\n\n\n\n<p>Nos dice \u00abGarganta Profunda\u00bb que la propuesta hecha a Roc\u00edo Nahle.. No pareci\u00f3 mala idea que sean Marinos o Militares de alto rango.. Los que lleguen a las distintas secretar\u00edas de seguridad p\u00fablica en los estados.. Mismos que tendr\u00e1n comunicaci\u00f3n directa con Harfuch para que no se violenten los municipios en M\u00e9xico por la \u00abguerra\u00bb de grupos fuera de la ley.. Omar Garc\u00eda Harfuch quiere evitar que se presenten m\u00e1s casos como Culiac\u00e1n.. As\u00ed que no les queda de otra.. M\u00e1s que actuar de esa manera.. AMEN.. de verlo.. AMEN..<\/p>\n","protected":false},"excerpt":{"rendered":"<p>Ricardo Chua Sale y Vale La iglesia cat\u00f3lica en M\u00e9xico y en Veracruz, no tiene porque ser diferente, est\u00e1 muy cr\u00edtica contra el gobierno de la 4T y de los estados donde gobierna MORENA.. Independientemente de los se\u00f1alamientos por los temas sociales y econ\u00f3micos que viven sus feligreses y que esta segunda administraci\u00f3n federal del [&hellip;]<\/p>\n","protected":false},"author":2,"featured_media":119817,"comment_status":"closed","ping_status":"closed","sticky":false,"template":"","format":"standard","meta":{"tdm_status":"","tdm_grid_status":"","footnotes":""},"categories":[70],"tags":[133,319,196,1026,14775,2289,3578,195,20254,463],"class_list":{"0":"post-132008","1":"post","2":"type-post","3":"status-publish","4":"format-standard","5":"has-post-thumbnail","7":"category-de-opinion","8":"tag-elizabeth-morales","9":"tag-iglesia","10":"tag-inseguridad","11":"tag-morena","12":"tag-omar-garcia-harfuch","13":"tag-pt","14":"tag-rocio-nahle","15":"tag-veracruz","16":"tag-vicente-aguilar-aguilar","17":"tag-violencia"},"yoast_head":"<!-- This site is optimized with the Yoast SEO plugin v27.4 - https:\/\/yoast.com\/product\/yoast-seo-wordpress\/ -->\n<title>LA IGLESIA Y LA 4T - Los pol\u00edticos Veracruz<\/title>\n<meta name=\"robots\" content=\"index, follow, max-snippet:-1, max-image-preview:large, max-video-preview:-1\" \/>\n<link rel=\"canonical\" href=\"https:\/\/lospoliticosveracruz.com\/?p=132008\" \/>\n<meta property=\"og:locale\" content=\"es_ES\" \/>\n<meta property=\"og:type\" content=\"article\" \/>\n<meta property=\"og:title\" content=\"LA IGLESIA Y LA 4T - Los pol\u00edticos Veracruz\" \/>\n<meta property=\"og:description\" content=\"Ricardo Chua Sale y Vale La iglesia cat\u00f3lica en M\u00e9xico y en Veracruz, no tiene porque ser diferente, est\u00e1 muy cr\u00edtica contra el gobierno de la 4T y de los estados donde gobierna MORENA.. Independientemente de los se\u00f1alamientos por los temas sociales y econ\u00f3micos que viven sus feligreses y que esta segunda administraci\u00f3n federal del [&hellip;]\" \/>\n<meta property=\"og:url\" content=\"https:\/\/lospoliticosveracruz.com\/?p=132008\" \/>\n<meta property=\"og:site_name\" content=\"Los pol\u00edticos Veracruz\" \/>\n<meta property=\"article:publisher\" content=\"https:\/\/www.facebook.com\/people\/Notimemes-de-los-Polticos\/61565672886568\/\" \/>\n<meta property=\"article:published_time\" content=\"2024-11-04T06:56:37+00:00\" \/>\n<meta property=\"article:modified_time\" content=\"2024-11-04T06:56:53+00:00\" \/>\n<meta property=\"og:image\" content=\"https:\/\/lospoliticosveracruz.com\/wp-content\/uploads\/2024\/03\/Ricardo-Chua.jpg\" \/>\n\t<meta property=\"og:image:width\" content=\"1250\" \/>\n\t<meta property=\"og:image:height\" content=\"667\" \/>\n\t<meta property=\"og:image:type\" content=\"image\/jpeg\" \/>\n<meta name=\"author\" content=\"Lo viste en Los Pol\u00edticos\" \/>\n<meta name=\"twitter:card\" content=\"summary_large_image\" \/>\n<meta name=\"twitter:creator\" content=\"@LosPoliticosVer\" \/>\n<meta name=\"twitter:site\" content=\"@LosPoliticosVer\" \/>\n<meta name=\"twitter:label1\" content=\"Escrito por\" \/>\n\t<meta name=\"twitter:data1\" content=\"Lo viste en Los Pol\u00edticos\" \/>\n\t<meta name=\"twitter:label2\" content=\"Tiempo de lectura\" \/>\n\t<meta name=\"twitter:data2\" content=\"5 minutos\" \/>\n<script type=\"application\/ld+json\" class=\"yoast-schema-graph\">{\"@context\":\"https:\\\/\\\/schema.org\",\"@graph\":[{\"@type\":\"Article\",\"@id\":\"https:\\\/\\\/lospoliticosveracruz.com\\\/?p=132008#article\",\"isPartOf\":{\"@id\":\"https:\\\/\\\/lospoliticosveracruz.com\\\/?p=132008\"},\"author\":{\"name\":\"Lo viste en Los Pol\u00edticos\",\"@id\":\"https:\\\/\\\/lospoliticosveracruz.com\\\/#\\\/schema\\\/person\\\/b8702bb0e538456e6efd07080bf2a4a2\"},\"headline\":\"LA IGLESIA Y LA 4T\",\"datePublished\":\"2024-11-04T06:56:37+00:00\",\"dateModified\":\"2024-11-04T06:56:53+00:00\",\"mainEntityOfPage\":{\"@id\":\"https:\\\/\\\/lospoliticosveracruz.com\\\/?p=132008\"},\"wordCount\":905,\"publisher\":{\"@id\":\"https:\\\/\\\/lospoliticosveracruz.com\\\/#organization\"},\"image\":{\"@id\":\"https:\\\/\\\/lospoliticosveracruz.com\\\/?p=132008#primaryimage\"},\"thumbnailUrl\":\"https:\\\/\\\/lospoliticosveracruz.com\\\/wp-content\\\/uploads\\\/2024\\\/03\\\/Ricardo-Chua.jpg\",\"keywords\":[\"Elizabeth Morales\",\"Iglesia\",\"inseguridad\",\"Morena\",\"Omar Garc\u00eda Harfuch\",\"PT\",\"Roc\u00edo Nahle\",\"Veracruz\",\"Vicente Aguilar Aguilar\",\"violencia\"],\"articleSection\":[\"De Opini\u00f3n\"],\"inLanguage\":\"es\"},{\"@type\":\"WebPage\",\"@id\":\"https:\\\/\\\/lospoliticosveracruz.com\\\/?p=132008\",\"url\":\"https:\\\/\\\/lospoliticosveracruz.com\\\/?p=132008\",\"name\":\"LA IGLESIA Y LA 4T - Los pol\u00edticos Veracruz\",\"isPartOf\":{\"@id\":\"https:\\\/\\\/lospoliticosveracruz.com\\\/#website\"},\"primaryImageOfPage\":{\"@id\":\"https:\\\/\\\/lospoliticosveracruz.com\\\/?p=132008#primaryimage\"},\"image\":{\"@id\":\"https:\\\/\\\/lospoliticosveracruz.com\\\/?p=132008#primaryimage\"},\"thumbnailUrl\":\"https:\\\/\\\/lospoliticosveracruz.com\\\/wp-content\\\/uploads\\\/2024\\\/03\\\/Ricardo-Chua.jpg\",\"datePublished\":\"2024-11-04T06:56:37+00:00\",\"dateModified\":\"2024-11-04T06:56:53+00:00\",\"breadcrumb\":{\"@id\":\"https:\\\/\\\/lospoliticosveracruz.com\\\/?p=132008#breadcrumb\"},\"inLanguage\":\"es\",\"potentialAction\":[{\"@type\":\"ReadAction\",\"target\":[\"https:\\\/\\\/lospoliticosveracruz.com\\\/?p=132008\"]}]},{\"@type\":\"ImageObject\",\"inLanguage\":\"es\",\"@id\":\"https:\\\/\\\/lospoliticosveracruz.com\\\/?p=132008#primaryimage\",\"url\":\"https:\\\/\\\/lospoliticosveracruz.com\\\/wp-content\\\/uploads\\\/2024\\\/03\\\/Ricardo-Chua.jpg\",\"contentUrl\":\"https:\\\/\\\/lospoliticosveracruz.com\\\/wp-content\\\/uploads\\\/2024\\\/03\\\/Ricardo-Chua.jpg\",\"width\":1250,\"height\":667},{\"@type\":\"BreadcrumbList\",\"@id\":\"https:\\\/\\\/lospoliticosveracruz.com\\\/?p=132008#breadcrumb\",\"itemListElement\":[{\"@type\":\"ListItem\",\"position\":1,\"name\":\"Portada\",\"item\":\"https:\\\/\\\/lospoliticosveracruz.com\\\/\"},{\"@type\":\"ListItem\",\"position\":2,\"name\":\"LA IGLESIA Y LA 4T\"}]},{\"@type\":\"WebSite\",\"@id\":\"https:\\\/\\\/lospoliticosveracruz.com\\\/#website\",\"url\":\"https:\\\/\\\/lospoliticosveracruz.com\\\/\",\"name\":\"Los pol\u00edticos Veracruz\",\"description\":\"\",\"publisher\":{\"@id\":\"https:\\\/\\\/lospoliticosveracruz.com\\\/#organization\"},\"potentialAction\":[{\"@type\":\"SearchAction\",\"target\":{\"@type\":\"EntryPoint\",\"urlTemplate\":\"https:\\\/\\\/lospoliticosveracruz.com\\\/?s={search_term_string}\"},\"query-input\":{\"@type\":\"PropertyValueSpecification\",\"valueRequired\":true,\"valueName\":\"search_term_string\"}}],\"inLanguage\":\"es\"},{\"@type\":\"Organization\",\"@id\":\"https:\\\/\\\/lospoliticosveracruz.com\\\/#organization\",\"name\":\"Los pol\u00edticos Veracruz\",\"url\":\"https:\\\/\\\/lospoliticosveracruz.com\\\/\",\"logo\":{\"@type\":\"ImageObject\",\"inLanguage\":\"es\",\"@id\":\"https:\\\/\\\/lospoliticosveracruz.com\\\/#\\\/schema\\\/logo\\\/image\\\/\",\"url\":\"https:\\\/\\\/lospoliticosveracruz.com\\\/wp-content\\\/uploads\\\/2025\\\/12\\\/Logo-Nuevo-LOS-POLITICOS-1.jpg\",\"contentUrl\":\"https:\\\/\\\/lospoliticosveracruz.com\\\/wp-content\\\/uploads\\\/2025\\\/12\\\/Logo-Nuevo-LOS-POLITICOS-1.jpg\",\"width\":260,\"height\":70,\"caption\":\"Los pol\u00edticos Veracruz\"},\"image\":{\"@id\":\"https:\\\/\\\/lospoliticosveracruz.com\\\/#\\\/schema\\\/logo\\\/image\\\/\"},\"sameAs\":[\"https:\\\/\\\/www.facebook.com\\\/people\\\/Notimemes-de-los-Polticos\\\/61565672886568\\\/\",\"https:\\\/\\\/x.com\\\/LosPoliticosVer\"]},{\"@type\":\"Person\",\"@id\":\"https:\\\/\\\/lospoliticosveracruz.com\\\/#\\\/schema\\\/person\\\/b8702bb0e538456e6efd07080bf2a4a2\",\"name\":\"Lo viste en Los Pol\u00edticos\",\"image\":{\"@type\":\"ImageObject\",\"inLanguage\":\"es\",\"@id\":\"https:\\\/\\\/secure.gravatar.com\\\/avatar\\\/3a8de04a2656d44082be478bd6c086daa447c4651605818287b9532d3d0bd435?s=96&d=mm&r=g\",\"url\":\"https:\\\/\\\/secure.gravatar.com\\\/avatar\\\/3a8de04a2656d44082be478bd6c086daa447c4651605818287b9532d3d0bd435?s=96&d=mm&r=g\",\"contentUrl\":\"https:\\\/\\\/secure.gravatar.com\\\/avatar\\\/3a8de04a2656d44082be478bd6c086daa447c4651605818287b9532d3d0bd435?s=96&d=mm&r=g\",\"caption\":\"Lo viste en Los Pol\u00edticos\"},\"url\":\"https:\\\/\\\/lospoliticosveracruz.com\\\/?author=2\"}]}<\/script>\n<!-- \/ Yoast SEO plugin. -->","yoast_head_json":{"title":"LA IGLESIA Y LA 4T - Los pol\u00edticos Veracruz","robots":{"index":"index","follow":"follow","max-snippet":"max-snippet:-1","max-image-preview":"max-image-preview:large","max-video-preview":"max-video-preview:-1"},"canonical":"https:\/\/lospoliticosveracruz.com\/?p=132008","og_locale":"es_ES","og_type":"article","og_title":"LA IGLESIA Y LA 4T - Los pol\u00edticos Veracruz","og_description":"Ricardo Chua Sale y Vale La iglesia cat\u00f3lica en M\u00e9xico y en Veracruz, no tiene porque ser diferente, est\u00e1 muy cr\u00edtica contra el gobierno de la 4T y de los estados donde gobierna MORENA.. Independientemente de los se\u00f1alamientos por los temas sociales y econ\u00f3micos que viven sus feligreses y que esta segunda administraci\u00f3n federal del [&hellip;]","og_url":"https:\/\/lospoliticosveracruz.com\/?p=132008","og_site_name":"Los pol\u00edticos Veracruz","article_publisher":"https:\/\/www.facebook.com\/people\/Notimemes-de-los-Polticos\/61565672886568\/","article_published_time":"2024-11-04T06:56:37+00:00","article_modified_time":"2024-11-04T06:56:53+00:00","og_image":[{"width":1250,"height":667,"url":"https:\/\/lospoliticosveracruz.com\/wp-content\/uploads\/2024\/03\/Ricardo-Chua.jpg","type":"image\/jpeg"}],"author":"Lo viste en Los Pol\u00edticos","twitter_card":"summary_large_image","twitter_creator":"@LosPoliticosVer","twitter_site":"@LosPoliticosVer","twitter_misc":{"Escrito por":"Lo viste en Los Pol\u00edticos","Tiempo de lectura":"5 minutos"},"schema":{"@context":"https:\/\/schema.org","@graph":[{"@type":"Article","@id":"https:\/\/lospoliticosveracruz.com\/?p=132008#article","isPartOf":{"@id":"https:\/\/lospoliticosveracruz.com\/?p=132008"},"author":{"name":"Lo viste en Los Pol\u00edticos","@id":"https:\/\/lospoliticosveracruz.com\/#\/schema\/person\/b8702bb0e538456e6efd07080bf2a4a2"},"headline":"LA IGLESIA Y LA 4T","datePublished":"2024-11-04T06:56:37+00:00","dateModified":"2024-11-04T06:56:53+00:00","mainEntityOfPage":{"@id":"https:\/\/lospoliticosveracruz.com\/?p=132008"},"wordCount":905,"publisher":{"@id":"https:\/\/lospoliticosveracruz.com\/#organization"},"image":{"@id":"https:\/\/lospoliticosveracruz.com\/?p=132008#primaryimage"},"thumbnailUrl":"https:\/\/lospoliticosveracruz.com\/wp-content\/uploads\/2024\/03\/Ricardo-Chua.jpg","keywords":["Elizabeth Morales","Iglesia","inseguridad","Morena","Omar Garc\u00eda Harfuch","PT","Roc\u00edo Nahle","Veracruz","Vicente Aguilar Aguilar","violencia"],"articleSection":["De Opini\u00f3n"],"inLanguage":"es"},{"@type":"WebPage","@id":"https:\/\/lospoliticosveracruz.com\/?p=132008","url":"https:\/\/lospoliticosveracruz.com\/?p=132008","name":"LA IGLESIA Y LA 4T - Los pol\u00edticos Veracruz","isPartOf":{"@id":"https:\/\/lospoliticosveracruz.com\/#website"},"primaryImageOfPage":{"@id":"https:\/\/lospoliticosveracruz.com\/?p=132008#primaryimage"},"image":{"@id":"https:\/\/lospoliticosveracruz.com\/?p=132008#primaryimage"},"thumbnailUrl":"https:\/\/lospoliticosveracruz.com\/wp-content\/uploads\/2024\/03\/Ricardo-Chua.jpg","datePublished":"2024-11-04T06:56:37+00:00","dateModified":"2024-11-04T06:56:53+00:00","breadcrumb":{"@id":"https:\/\/lospoliticosveracruz.com\/?p=132008#breadcrumb"},"inLanguage":"es","potentialAction":[{"@type":"ReadAction","target":["https:\/\/lospoliticosveracruz.com\/?p=132008"]}]},{"@type":"ImageObject","inLanguage":"es","@id":"https:\/\/lospoliticosveracruz.com\/?p=132008#primaryimage","url":"https:\/\/lospoliticosveracruz.com\/wp-content\/uploads\/2024\/03\/Ricardo-Chua.jpg","contentUrl":"https:\/\/lospoliticosveracruz.com\/wp-content\/uploads\/2024\/03\/Ricardo-Chua.jpg","width":1250,"height":667},{"@type":"BreadcrumbList","@id":"https:\/\/lospoliticosveracruz.com\/?p=132008#breadcrumb","itemListElement":[{"@type":"ListItem","position":1,"name":"Portada","item":"https:\/\/lospoliticosveracruz.com\/"},{"@type":"ListItem","position":2,"name":"LA IGLESIA Y LA 4T"}]},{"@type":"WebSite","@id":"https:\/\/lospoliticosveracruz.com\/#website","url":"https:\/\/lospoliticosveracruz.com\/","name":"Los pol\u00edticos Veracruz","description":"","publisher":{"@id":"https:\/\/lospoliticosveracruz.com\/#organization"},"potentialAction":[{"@type":"SearchAction","target":{"@type":"EntryPoint","urlTemplate":"https:\/\/lospoliticosveracruz.com\/?s={search_term_string}"},"query-input":{"@type":"PropertyValueSpecification","valueRequired":true,"valueName":"search_term_string"}}],"inLanguage":"es"},{"@type":"Organization","@id":"https:\/\/lospoliticosveracruz.com\/#organization","name":"Los pol\u00edticos Veracruz","url":"https:\/\/lospoliticosveracruz.com\/","logo":{"@type":"ImageObject","inLanguage":"es","@id":"https:\/\/lospoliticosveracruz.com\/#\/schema\/logo\/image\/","url":"https:\/\/lospoliticosveracruz.com\/wp-content\/uploads\/2025\/12\/Logo-Nuevo-LOS-POLITICOS-1.jpg","contentUrl":"https:\/\/lospoliticosveracruz.com\/wp-content\/uploads\/2025\/12\/Logo-Nuevo-LOS-POLITICOS-1.jpg","width":260,"height":70,"caption":"Los pol\u00edticos Veracruz"},"image":{"@id":"https:\/\/lospoliticosveracruz.com\/#\/schema\/logo\/image\/"},"sameAs":["https:\/\/www.facebook.com\/people\/Notimemes-de-los-Polticos\/61565672886568\/","https:\/\/x.com\/LosPoliticosVer"]},{"@type":"Person","@id":"https:\/\/lospoliticosveracruz.com\/#\/schema\/person\/b8702bb0e538456e6efd07080bf2a4a2","name":"Lo viste en Los Pol\u00edticos","image":{"@type":"ImageObject","inLanguage":"es","@id":"https:\/\/secure.gravatar.com\/avatar\/3a8de04a2656d44082be478bd6c086daa447c4651605818287b9532d3d0bd435?s=96&d=mm&r=g","url":"https:\/\/secure.gravatar.com\/avatar\/3a8de04a2656d44082be478bd6c086daa447c4651605818287b9532d3d0bd435?s=96&d=mm&r=g","contentUrl":"https:\/\/secure.gravatar.com\/avatar\/3a8de04a2656d44082be478bd6c086daa447c4651605818287b9532d3d0bd435?s=96&d=mm&r=g","caption":"Lo viste en Los Pol\u00edticos"},"url":"https:\/\/lospoliticosveracruz.com\/?author=2"}]}},"_links":{"self":[{"href":"https:\/\/lospoliticosveracruz.com\/index.php?rest_route=\/wp\/v2\/posts\/132008","targetHints":{"allow":["GET"]}}],"collection":[{"href":"https:\/\/lospoliticosveracruz.com\/index.php?rest_route=\/wp\/v2\/posts"}],"about":[{"href":"https:\/\/lospoliticosveracruz.com\/index.php?rest_route=\/wp\/v2\/types\/post"}],"author":[{"embeddable":true,"href":"https:\/\/lospoliticosveracruz.com\/index.php?rest_route=\/wp\/v2\/users\/2"}],"replies":[{"embeddable":true,"href":"https:\/\/lospoliticosveracruz.com\/index.php?rest_route=%2Fwp%2Fv2%2Fcomments&post=132008"}],"version-history":[{"count":1,"href":"https:\/\/lospoliticosveracruz.com\/index.php?rest_route=\/wp\/v2\/posts\/132008\/revisions"}],"predecessor-version":[{"id":132009,"href":"https:\/\/lospoliticosveracruz.com\/index.php?rest_route=\/wp\/v2\/posts\/132008\/revisions\/132009"}],"wp:featuredmedia":[{"embeddable":true,"href":"https:\/\/lospoliticosveracruz.com\/index.php?rest_route=\/wp\/v2\/media\/119817"}],"wp:attachment":[{"href":"https:\/\/lospoliticosveracruz.com\/index.php?rest_route=%2Fwp%2Fv2%2Fmedia&parent=132008"}],"wp:term":[{"taxonomy":"category","embeddable":true,"href":"https:\/\/lospoliticosveracruz.com\/index.php?rest_route=%2Fwp%2Fv2%2Fcategories&post=132008"},{"taxonomy":"post_tag","embeddable":true,"href":"https:\/\/lospoliticosveracruz.com\/index.php?rest_route=%2Fwp%2Fv2%2Ftags&post=132008"}],"curies":[{"name":"wp","href":"https:\/\/api.w.org\/{rel}","templated":true}]}}