{"id":132010,"date":"2024-11-04T07:44:45","date_gmt":"2024-11-04T13:44:45","guid":{"rendered":"https:\/\/lospoliticosveracruz.com.mx\/?p=132010"},"modified":"2024-11-04T07:44:58","modified_gmt":"2024-11-04T13:44:58","slug":"el-veinticinco","status":"publish","type":"post","link":"https:\/\/lospoliticosveracruz.com\/?p=132010","title":{"rendered":"EL VEINTICINCO"},"content":{"rendered":"\n<p><strong>Oved Contreras<\/strong><br><em>Secas Mecas<\/em><\/p>\n\n\n\n<p>El caballo se llama \u201cTormenta\u201d, es un pura sangre\u2026el consentido de \u201cEl Veinticinco\u201d, un rancho asentado en alg\u00fan sitio de la llanura del sur de Veracruz y l\u00edmites con Tabasco. Son tierras bendecidas para la cr\u00eda de ganado\u2026en \u201cEl Veinticinco\u201d son criadores de ganado \u201cBrahman\u201d\u2026pero no todos tienen la bendici\u00f3n de ser funcionarios de la 4T en Veracruz y de ser avispados para el negocio: ser secretario de despacho pocos, y no pueden dejar pasar la oportunidad de hacerse de un patrimonio<\/p>\n\n\n\n<p>Dicen que el ranchito es propiedad del tabasque\u00f1o Carlos Alberto Ju\u00e1rez Gil quien fue nombrado secretario de Gobierno cuando Patros\u00edsmico Cisneros enloqueci\u00f3 por la candidatura a la gubernatura\u2026y que desde entonces, la vida fue pura bonanza para Carlos Gil\u2026la Cuarta Transformaci\u00f3n le hizo justicia a manos llenas y de funcionario de medio pelo, dicen que se convirti\u00f3 en pr\u00f3spero ganadero\u2026rico y sabroso de la noche a la ma\u00f1ana\u2026aunque sus malquerientes aseguran que su prosperidad tiene un origen bien identificado: se dedic\u00f3 a hacer negocios extorsionando dependencias a nombre del gobernador Cuitl\u00e1huac Garc\u00eda\u2026pero el tabasque\u00f1o dice que son puras injurias, envidias de quienes no toleran que a alguien le vaya bien con su modesto salario de secretario o que haya recibido una herencia.<\/p>\n\n\n\n<p>As\u00ed como el Malvado Doctor Tocino so\u00f1\u00f3 alg\u00fan d\u00eda con una casita de retiro como \u201cEl Faunito\u201d all\u00e1 por Fort\u00edn de las Flores, Carlos Gil tiene para entretenerse con \u201cEl Veinticinco\u201d en los l\u00edmites de Veracruz y Tabasco cuando deje de ser funcionario p\u00fablico\u2026hay muertos que no hacen ruido y Carlitos se la llev\u00f3 pian pianito\u2026all\u00e1 el Ku\u00edkaras si quiere salir inmaculado de su sexenio.<\/p>\n\n\n\n<p>El chismoso nos dice que la t\u00eda Ch\u00edo y el primer damo don Pepe Pe\u00f1a ya saben de los negocios que hicieron muchos cuitlahuistas y que habr\u00e1 \u201cv\u00f3mito negro\u201d\u2026a ver si es cierto que no habr\u00e1 impunidad para quienes ejercieron mal la funci\u00f3n p\u00fablica y se enriquecieron a costa del erario. Tan tan.<\/p>\n\n\n\n<p>REFORZAR\u00c1N SEGURIDAD\u2026En los pasillos de la Presidencia, se cocina una estrategia de seguridad que promete transformar la manera en que se protege a la naci\u00f3n. La iniciativa de la Secretar\u00eda de Seguridad y Protecci\u00f3n Ciudadana (SSPC), enviada ayer a la C\u00e1mara de Diputados, est\u00e1 llena de innovaciones y cambios significativos.<\/p>\n\n\n\n<p>Nuevas Tareas de Coordinaci\u00f3n para la Vigilancia y Protecci\u00f3n de Instalaciones Estrat\u00e9gicas: La SSPC asumir\u00e1 la responsabilidad de coordinar acciones espec\u00edficas para la vigilancia y protecci\u00f3n de instalaciones estrat\u00e9gicas, asegurando que los puntos neur\u00e1lgicos del pa\u00eds est\u00e9n siempre bajo un manto de seguridad.<\/p>\n\n\n\n<p>Direcci\u00f3n y Supervisi\u00f3n en Investigaci\u00f3n y Persecuci\u00f3n de Delitos: La SSPC organizar\u00e1, dirigir\u00e1 y supervisar\u00e1 a las instituciones en la investigaci\u00f3n y persecuci\u00f3n de delitos, utilizando inteligencia, informaci\u00f3n estrat\u00e9gica y tecnolog\u00eda avanzada. Esto garantizar\u00e1 que las pruebas recabadas sean admisibles en procesos judiciales, fortaleciendo as\u00ed el sistema de justicia.<\/p>\n\n\n\n<p>Pleno Respeto a los Derechos Humanos y Libertades Fundamentales: En cada paso, la SSPC trabajar\u00e1 en coordinaci\u00f3n con la Fiscal\u00eda General de la Rep\u00fablica (FGR), asegurando que todas las acciones respeten los derechos humanos y las libertades fundamentales. Capacidad para Coordinar Polic\u00edas Estatales: La SSPC podr\u00e1 coordinar a las polic\u00edas estatales cuando sea necesario, facilitando una respuesta m\u00e1s efectiva en todo el territorio nacional.<\/p>\n\n\n\n<p>Colaboraci\u00f3n con los Poderes Judiciales y Fiscal\u00edas Estatales:* La SSPC se coordinar\u00e1 con los Poderes Judiciales y las Fiscal\u00edas estatales, reforzando su papel en el \u00e1mbito judicial y coadyuvando en diligencias ministeriales y judiciales. Operaci\u00f3n del Centro Nacional de Inteligencia (CNI): Las tareas del CNI estar\u00e1n alineadas con la Ley de Seguridad Nacional, con el objetivo principal de contribuir a alcanzar la paz social.<\/p>\n\n\n\n<p>Subsecretar\u00eda de Inteligencia e Investigaci\u00f3n Policial: Se crear\u00e1 una nueva subsecretar\u00eda dentro de la SSPC para mejorar las capacidades de an\u00e1lisis criminal y desarticulaci\u00f3n de redes delictivas, integrando equipos especializados en inteligencia. Sistema Nacional de Investigaci\u00f3n e Inteligencia en Seguridad P\u00fablica: Este sistema coordinar\u00e1 a la SSPC, FGR, fiscal\u00edas estatales y polic\u00edas locales en la recopilaci\u00f3n y an\u00e1lisis de informaci\u00f3n en seguridad p\u00fablica. Entre otras estrategias que dicen servir\u00e1n para poner a salvo a la ciudadan\u00eda.<\/p>\n\n\n\n<p>LA \u00daLTIMA BATALLA\u2026Trabajadores del&nbsp;Poder Judicial&nbsp;encabezados por la&nbsp;jueza Reyna L\u00f3pez Rodr\u00edguez, se manifestaron en el&nbsp;\u00c1ngel de la Independencia&nbsp;de la Ciudad de M\u00e9xico. La juzgadora asever\u00f3 que este&nbsp;5 de noviembre, la Suprema Corte de Justicia de la Naci\u00f3n (SCJN) \u201cdar\u00e1 la&nbsp;\u00faltima batalla\u201d al hacer el an\u00e1lisis de las acciones de inconstitucionalidad de la&nbsp;reforma judicial.<\/p>\n\n\n\n<p>La juzgadora, quien en los \u00faltimos meses ha hecho&nbsp;acto de presencia&nbsp;en diversas&nbsp;plazas p\u00fablicas del pa\u00eds, invit\u00f3 a la&nbsp;ciudadan\u00eda&nbsp;a asistir a las&nbsp;9:30 horas&nbsp;a las afueras de la&nbsp;SCJN&nbsp;para manifestarse en contra de la&nbsp;reforma judicial, mientras en el pleno se analiza el proyecto del ministro&nbsp;Juan Luis Gonz\u00e1lez Alc\u00e1ntara Carranc\u00e1.<\/p>\n","protected":false},"excerpt":{"rendered":"<p>Oved ContrerasSecas Mecas El caballo se llama \u201cTormenta\u201d, es un pura sangre\u2026el consentido de \u201cEl Veinticinco\u201d, un rancho asentado en alg\u00fan sitio de la llanura del sur de Veracruz y l\u00edmites con Tabasco. Son tierras bendecidas para la cr\u00eda de ganado\u2026en \u201cEl Veinticinco\u201d son criadores de ganado \u201cBrahman\u201d\u2026pero no todos tienen la bendici\u00f3n de ser [&hellip;]<\/p>\n","protected":false},"author":2,"featured_media":119816,"comment_status":"closed","ping_status":"closed","sticky":false,"template":"","format":"standard","meta":{"tdm_status":"","tdm_grid_status":"","footnotes":""},"categories":[70],"tags":[16345,1563,6553,42162,260,1026,195],"class_list":{"0":"post-132010","1":"post","2":"type-post","3":"status-publish","4":"format-standard","5":"has-post-thumbnail","7":"category-de-opinion","8":"tag-carlos-juarez-gil","9":"tag-cuitlahuac-garcia-jimenez","10":"tag-el-faunito","11":"tag-el-veinticinco","12":"tag-javier-duarte-de-ochoa","13":"tag-morena","14":"tag-veracruz"},"yoast_head":"<!-- This site is optimized with the Yoast SEO plugin v27.4 - https:\/\/yoast.com\/product\/yoast-seo-wordpress\/ -->\n<title>EL VEINTICINCO - Los pol\u00edticos Veracruz<\/title>\n<meta name=\"robots\" content=\"index, follow, max-snippet:-1, max-image-preview:large, max-video-preview:-1\" \/>\n<link rel=\"canonical\" href=\"https:\/\/lospoliticosveracruz.com\/?p=132010\" \/>\n<meta property=\"og:locale\" content=\"es_ES\" \/>\n<meta property=\"og:type\" content=\"article\" \/>\n<meta property=\"og:title\" content=\"EL VEINTICINCO - Los pol\u00edticos Veracruz\" \/>\n<meta property=\"og:description\" content=\"Oved ContrerasSecas Mecas El caballo se llama \u201cTormenta\u201d, es un pura sangre\u2026el consentido de \u201cEl Veinticinco\u201d, un rancho asentado en alg\u00fan sitio de la llanura del sur de Veracruz y l\u00edmites con Tabasco. Son tierras bendecidas para la cr\u00eda de ganado\u2026en \u201cEl Veinticinco\u201d son criadores de ganado \u201cBrahman\u201d\u2026pero no todos tienen la bendici\u00f3n de ser [&hellip;]\" \/>\n<meta property=\"og:url\" content=\"https:\/\/lospoliticosveracruz.com\/?p=132010\" \/>\n<meta property=\"og:site_name\" content=\"Los pol\u00edticos Veracruz\" \/>\n<meta property=\"article:publisher\" content=\"https:\/\/www.facebook.com\/people\/Notimemes-de-los-Polticos\/61565672886568\/\" \/>\n<meta property=\"article:published_time\" content=\"2024-11-04T13:44:45+00:00\" \/>\n<meta property=\"article:modified_time\" content=\"2024-11-04T13:44:58+00:00\" \/>\n<meta property=\"og:image\" content=\"https:\/\/lospoliticosveracruz.com\/wp-content\/uploads\/2024\/03\/Oved-Contreras.jpg\" \/>\n\t<meta property=\"og:image:width\" content=\"1250\" \/>\n\t<meta property=\"og:image:height\" content=\"667\" \/>\n\t<meta property=\"og:image:type\" content=\"image\/jpeg\" \/>\n<meta name=\"author\" content=\"Lo viste en Los Pol\u00edticos\" \/>\n<meta name=\"twitter:card\" content=\"summary_large_image\" \/>\n<meta name=\"twitter:creator\" content=\"@LosPoliticosVer\" \/>\n<meta name=\"twitter:site\" content=\"@LosPoliticosVer\" \/>\n<meta name=\"twitter:label1\" content=\"Escrito por\" \/>\n\t<meta name=\"twitter:data1\" content=\"Lo viste en Los Pol\u00edticos\" \/>\n\t<meta name=\"twitter:label2\" content=\"Tiempo de lectura\" \/>\n\t<meta name=\"twitter:data2\" content=\"5 minutos\" \/>\n<script type=\"application\/ld+json\" class=\"yoast-schema-graph\">{\"@context\":\"https:\\\/\\\/schema.org\",\"@graph\":[{\"@type\":\"Article\",\"@id\":\"https:\\\/\\\/lospoliticosveracruz.com\\\/?p=132010#article\",\"isPartOf\":{\"@id\":\"https:\\\/\\\/lospoliticosveracruz.com\\\/?p=132010\"},\"author\":{\"name\":\"Lo viste en Los Pol\u00edticos\",\"@id\":\"https:\\\/\\\/lospoliticosveracruz.com\\\/#\\\/schema\\\/person\\\/b8702bb0e538456e6efd07080bf2a4a2\"},\"headline\":\"EL VEINTICINCO\",\"datePublished\":\"2024-11-04T13:44:45+00:00\",\"dateModified\":\"2024-11-04T13:44:58+00:00\",\"mainEntityOfPage\":{\"@id\":\"https:\\\/\\\/lospoliticosveracruz.com\\\/?p=132010\"},\"wordCount\":905,\"publisher\":{\"@id\":\"https:\\\/\\\/lospoliticosveracruz.com\\\/#organization\"},\"image\":{\"@id\":\"https:\\\/\\\/lospoliticosveracruz.com\\\/?p=132010#primaryimage\"},\"thumbnailUrl\":\"https:\\\/\\\/lospoliticosveracruz.com\\\/wp-content\\\/uploads\\\/2024\\\/03\\\/Oved-Contreras.jpg\",\"keywords\":[\"Carlos Ju\u00e1rez Gil\",\"Cuitl\u00e1huac Garc\u00eda Jim\u00e9nez\",\"El Faunito\",\"El Veinticinco\",\"Javier Duarte de Ochoa\",\"Morena\",\"Veracruz\"],\"articleSection\":[\"De Opini\u00f3n\"],\"inLanguage\":\"es\"},{\"@type\":\"WebPage\",\"@id\":\"https:\\\/\\\/lospoliticosveracruz.com\\\/?p=132010\",\"url\":\"https:\\\/\\\/lospoliticosveracruz.com\\\/?p=132010\",\"name\":\"EL VEINTICINCO - Los pol\u00edticos Veracruz\",\"isPartOf\":{\"@id\":\"https:\\\/\\\/lospoliticosveracruz.com\\\/#website\"},\"primaryImageOfPage\":{\"@id\":\"https:\\\/\\\/lospoliticosveracruz.com\\\/?p=132010#primaryimage\"},\"image\":{\"@id\":\"https:\\\/\\\/lospoliticosveracruz.com\\\/?p=132010#primaryimage\"},\"thumbnailUrl\":\"https:\\\/\\\/lospoliticosveracruz.com\\\/wp-content\\\/uploads\\\/2024\\\/03\\\/Oved-Contreras.jpg\",\"datePublished\":\"2024-11-04T13:44:45+00:00\",\"dateModified\":\"2024-11-04T13:44:58+00:00\",\"breadcrumb\":{\"@id\":\"https:\\\/\\\/lospoliticosveracruz.com\\\/?p=132010#breadcrumb\"},\"inLanguage\":\"es\",\"potentialAction\":[{\"@type\":\"ReadAction\",\"target\":[\"https:\\\/\\\/lospoliticosveracruz.com\\\/?p=132010\"]}]},{\"@type\":\"ImageObject\",\"inLanguage\":\"es\",\"@id\":\"https:\\\/\\\/lospoliticosveracruz.com\\\/?p=132010#primaryimage\",\"url\":\"https:\\\/\\\/lospoliticosveracruz.com\\\/wp-content\\\/uploads\\\/2024\\\/03\\\/Oved-Contreras.jpg\",\"contentUrl\":\"https:\\\/\\\/lospoliticosveracruz.com\\\/wp-content\\\/uploads\\\/2024\\\/03\\\/Oved-Contreras.jpg\",\"width\":1250,\"height\":667},{\"@type\":\"BreadcrumbList\",\"@id\":\"https:\\\/\\\/lospoliticosveracruz.com\\\/?p=132010#breadcrumb\",\"itemListElement\":[{\"@type\":\"ListItem\",\"position\":1,\"name\":\"Portada\",\"item\":\"https:\\\/\\\/lospoliticosveracruz.com\\\/\"},{\"@type\":\"ListItem\",\"position\":2,\"name\":\"EL VEINTICINCO\"}]},{\"@type\":\"WebSite\",\"@id\":\"https:\\\/\\\/lospoliticosveracruz.com\\\/#website\",\"url\":\"https:\\\/\\\/lospoliticosveracruz.com\\\/\",\"name\":\"Los pol\u00edticos Veracruz\",\"description\":\"\",\"publisher\":{\"@id\":\"https:\\\/\\\/lospoliticosveracruz.com\\\/#organization\"},\"potentialAction\":[{\"@type\":\"SearchAction\",\"target\":{\"@type\":\"EntryPoint\",\"urlTemplate\":\"https:\\\/\\\/lospoliticosveracruz.com\\\/?s={search_term_string}\"},\"query-input\":{\"@type\":\"PropertyValueSpecification\",\"valueRequired\":true,\"valueName\":\"search_term_string\"}}],\"inLanguage\":\"es\"},{\"@type\":\"Organization\",\"@id\":\"https:\\\/\\\/lospoliticosveracruz.com\\\/#organization\",\"name\":\"Los pol\u00edticos Veracruz\",\"url\":\"https:\\\/\\\/lospoliticosveracruz.com\\\/\",\"logo\":{\"@type\":\"ImageObject\",\"inLanguage\":\"es\",\"@id\":\"https:\\\/\\\/lospoliticosveracruz.com\\\/#\\\/schema\\\/logo\\\/image\\\/\",\"url\":\"https:\\\/\\\/lospoliticosveracruz.com\\\/wp-content\\\/uploads\\\/2025\\\/12\\\/Logo-Nuevo-LOS-POLITICOS-1.jpg\",\"contentUrl\":\"https:\\\/\\\/lospoliticosveracruz.com\\\/wp-content\\\/uploads\\\/2025\\\/12\\\/Logo-Nuevo-LOS-POLITICOS-1.jpg\",\"width\":260,\"height\":70,\"caption\":\"Los pol\u00edticos Veracruz\"},\"image\":{\"@id\":\"https:\\\/\\\/lospoliticosveracruz.com\\\/#\\\/schema\\\/logo\\\/image\\\/\"},\"sameAs\":[\"https:\\\/\\\/www.facebook.com\\\/people\\\/Notimemes-de-los-Polticos\\\/61565672886568\\\/\",\"https:\\\/\\\/x.com\\\/LosPoliticosVer\"]},{\"@type\":\"Person\",\"@id\":\"https:\\\/\\\/lospoliticosveracruz.com\\\/#\\\/schema\\\/person\\\/b8702bb0e538456e6efd07080bf2a4a2\",\"name\":\"Lo viste en Los Pol\u00edticos\",\"image\":{\"@type\":\"ImageObject\",\"inLanguage\":\"es\",\"@id\":\"https:\\\/\\\/secure.gravatar.com\\\/avatar\\\/3a8de04a2656d44082be478bd6c086daa447c4651605818287b9532d3d0bd435?s=96&d=mm&r=g\",\"url\":\"https:\\\/\\\/secure.gravatar.com\\\/avatar\\\/3a8de04a2656d44082be478bd6c086daa447c4651605818287b9532d3d0bd435?s=96&d=mm&r=g\",\"contentUrl\":\"https:\\\/\\\/secure.gravatar.com\\\/avatar\\\/3a8de04a2656d44082be478bd6c086daa447c4651605818287b9532d3d0bd435?s=96&d=mm&r=g\",\"caption\":\"Lo viste en Los Pol\u00edticos\"},\"url\":\"https:\\\/\\\/lospoliticosveracruz.com\\\/?author=2\"}]}<\/script>\n<!-- \/ Yoast SEO plugin. -->","yoast_head_json":{"title":"EL VEINTICINCO - Los pol\u00edticos Veracruz","robots":{"index":"index","follow":"follow","max-snippet":"max-snippet:-1","max-image-preview":"max-image-preview:large","max-video-preview":"max-video-preview:-1"},"canonical":"https:\/\/lospoliticosveracruz.com\/?p=132010","og_locale":"es_ES","og_type":"article","og_title":"EL VEINTICINCO - Los pol\u00edticos Veracruz","og_description":"Oved ContrerasSecas Mecas El caballo se llama \u201cTormenta\u201d, es un pura sangre\u2026el consentido de \u201cEl Veinticinco\u201d, un rancho asentado en alg\u00fan sitio de la llanura del sur de Veracruz y l\u00edmites con Tabasco. Son tierras bendecidas para la cr\u00eda de ganado\u2026en \u201cEl Veinticinco\u201d son criadores de ganado \u201cBrahman\u201d\u2026pero no todos tienen la bendici\u00f3n de ser [&hellip;]","og_url":"https:\/\/lospoliticosveracruz.com\/?p=132010","og_site_name":"Los pol\u00edticos Veracruz","article_publisher":"https:\/\/www.facebook.com\/people\/Notimemes-de-los-Polticos\/61565672886568\/","article_published_time":"2024-11-04T13:44:45+00:00","article_modified_time":"2024-11-04T13:44:58+00:00","og_image":[{"width":1250,"height":667,"url":"https:\/\/lospoliticosveracruz.com\/wp-content\/uploads\/2024\/03\/Oved-Contreras.jpg","type":"image\/jpeg"}],"author":"Lo viste en Los Pol\u00edticos","twitter_card":"summary_large_image","twitter_creator":"@LosPoliticosVer","twitter_site":"@LosPoliticosVer","twitter_misc":{"Escrito por":"Lo viste en Los Pol\u00edticos","Tiempo de lectura":"5 minutos"},"schema":{"@context":"https:\/\/schema.org","@graph":[{"@type":"Article","@id":"https:\/\/lospoliticosveracruz.com\/?p=132010#article","isPartOf":{"@id":"https:\/\/lospoliticosveracruz.com\/?p=132010"},"author":{"name":"Lo viste en Los Pol\u00edticos","@id":"https:\/\/lospoliticosveracruz.com\/#\/schema\/person\/b8702bb0e538456e6efd07080bf2a4a2"},"headline":"EL VEINTICINCO","datePublished":"2024-11-04T13:44:45+00:00","dateModified":"2024-11-04T13:44:58+00:00","mainEntityOfPage":{"@id":"https:\/\/lospoliticosveracruz.com\/?p=132010"},"wordCount":905,"publisher":{"@id":"https:\/\/lospoliticosveracruz.com\/#organization"},"image":{"@id":"https:\/\/lospoliticosveracruz.com\/?p=132010#primaryimage"},"thumbnailUrl":"https:\/\/lospoliticosveracruz.com\/wp-content\/uploads\/2024\/03\/Oved-Contreras.jpg","keywords":["Carlos Ju\u00e1rez Gil","Cuitl\u00e1huac Garc\u00eda Jim\u00e9nez","El Faunito","El Veinticinco","Javier Duarte de Ochoa","Morena","Veracruz"],"articleSection":["De Opini\u00f3n"],"inLanguage":"es"},{"@type":"WebPage","@id":"https:\/\/lospoliticosveracruz.com\/?p=132010","url":"https:\/\/lospoliticosveracruz.com\/?p=132010","name":"EL VEINTICINCO - Los pol\u00edticos Veracruz","isPartOf":{"@id":"https:\/\/lospoliticosveracruz.com\/#website"},"primaryImageOfPage":{"@id":"https:\/\/lospoliticosveracruz.com\/?p=132010#primaryimage"},"image":{"@id":"https:\/\/lospoliticosveracruz.com\/?p=132010#primaryimage"},"thumbnailUrl":"https:\/\/lospoliticosveracruz.com\/wp-content\/uploads\/2024\/03\/Oved-Contreras.jpg","datePublished":"2024-11-04T13:44:45+00:00","dateModified":"2024-11-04T13:44:58+00:00","breadcrumb":{"@id":"https:\/\/lospoliticosveracruz.com\/?p=132010#breadcrumb"},"inLanguage":"es","potentialAction":[{"@type":"ReadAction","target":["https:\/\/lospoliticosveracruz.com\/?p=132010"]}]},{"@type":"ImageObject","inLanguage":"es","@id":"https:\/\/lospoliticosveracruz.com\/?p=132010#primaryimage","url":"https:\/\/lospoliticosveracruz.com\/wp-content\/uploads\/2024\/03\/Oved-Contreras.jpg","contentUrl":"https:\/\/lospoliticosveracruz.com\/wp-content\/uploads\/2024\/03\/Oved-Contreras.jpg","width":1250,"height":667},{"@type":"BreadcrumbList","@id":"https:\/\/lospoliticosveracruz.com\/?p=132010#breadcrumb","itemListElement":[{"@type":"ListItem","position":1,"name":"Portada","item":"https:\/\/lospoliticosveracruz.com\/"},{"@type":"ListItem","position":2,"name":"EL VEINTICINCO"}]},{"@type":"WebSite","@id":"https:\/\/lospoliticosveracruz.com\/#website","url":"https:\/\/lospoliticosveracruz.com\/","name":"Los pol\u00edticos Veracruz","description":"","publisher":{"@id":"https:\/\/lospoliticosveracruz.com\/#organization"},"potentialAction":[{"@type":"SearchAction","target":{"@type":"EntryPoint","urlTemplate":"https:\/\/lospoliticosveracruz.com\/?s={search_term_string}"},"query-input":{"@type":"PropertyValueSpecification","valueRequired":true,"valueName":"search_term_string"}}],"inLanguage":"es"},{"@type":"Organization","@id":"https:\/\/lospoliticosveracruz.com\/#organization","name":"Los pol\u00edticos Veracruz","url":"https:\/\/lospoliticosveracruz.com\/","logo":{"@type":"ImageObject","inLanguage":"es","@id":"https:\/\/lospoliticosveracruz.com\/#\/schema\/logo\/image\/","url":"https:\/\/lospoliticosveracruz.com\/wp-content\/uploads\/2025\/12\/Logo-Nuevo-LOS-POLITICOS-1.jpg","contentUrl":"https:\/\/lospoliticosveracruz.com\/wp-content\/uploads\/2025\/12\/Logo-Nuevo-LOS-POLITICOS-1.jpg","width":260,"height":70,"caption":"Los pol\u00edticos Veracruz"},"image":{"@id":"https:\/\/lospoliticosveracruz.com\/#\/schema\/logo\/image\/"},"sameAs":["https:\/\/www.facebook.com\/people\/Notimemes-de-los-Polticos\/61565672886568\/","https:\/\/x.com\/LosPoliticosVer"]},{"@type":"Person","@id":"https:\/\/lospoliticosveracruz.com\/#\/schema\/person\/b8702bb0e538456e6efd07080bf2a4a2","name":"Lo viste en Los Pol\u00edticos","image":{"@type":"ImageObject","inLanguage":"es","@id":"https:\/\/secure.gravatar.com\/avatar\/3a8de04a2656d44082be478bd6c086daa447c4651605818287b9532d3d0bd435?s=96&d=mm&r=g","url":"https:\/\/secure.gravatar.com\/avatar\/3a8de04a2656d44082be478bd6c086daa447c4651605818287b9532d3d0bd435?s=96&d=mm&r=g","contentUrl":"https:\/\/secure.gravatar.com\/avatar\/3a8de04a2656d44082be478bd6c086daa447c4651605818287b9532d3d0bd435?s=96&d=mm&r=g","caption":"Lo viste en Los Pol\u00edticos"},"url":"https:\/\/lospoliticosveracruz.com\/?author=2"}]}},"_links":{"self":[{"href":"https:\/\/lospoliticosveracruz.com\/index.php?rest_route=\/wp\/v2\/posts\/132010","targetHints":{"allow":["GET"]}}],"collection":[{"href":"https:\/\/lospoliticosveracruz.com\/index.php?rest_route=\/wp\/v2\/posts"}],"about":[{"href":"https:\/\/lospoliticosveracruz.com\/index.php?rest_route=\/wp\/v2\/types\/post"}],"author":[{"embeddable":true,"href":"https:\/\/lospoliticosveracruz.com\/index.php?rest_route=\/wp\/v2\/users\/2"}],"replies":[{"embeddable":true,"href":"https:\/\/lospoliticosveracruz.com\/index.php?rest_route=%2Fwp%2Fv2%2Fcomments&post=132010"}],"version-history":[{"count":1,"href":"https:\/\/lospoliticosveracruz.com\/index.php?rest_route=\/wp\/v2\/posts\/132010\/revisions"}],"predecessor-version":[{"id":132011,"href":"https:\/\/lospoliticosveracruz.com\/index.php?rest_route=\/wp\/v2\/posts\/132010\/revisions\/132011"}],"wp:featuredmedia":[{"embeddable":true,"href":"https:\/\/lospoliticosveracruz.com\/index.php?rest_route=\/wp\/v2\/media\/119816"}],"wp:attachment":[{"href":"https:\/\/lospoliticosveracruz.com\/index.php?rest_route=%2Fwp%2Fv2%2Fmedia&parent=132010"}],"wp:term":[{"taxonomy":"category","embeddable":true,"href":"https:\/\/lospoliticosveracruz.com\/index.php?rest_route=%2Fwp%2Fv2%2Fcategories&post=132010"},{"taxonomy":"post_tag","embeddable":true,"href":"https:\/\/lospoliticosveracruz.com\/index.php?rest_route=%2Fwp%2Fv2%2Ftags&post=132010"}],"curies":[{"name":"wp","href":"https:\/\/api.w.org\/{rel}","templated":true}]}}