{"id":132014,"date":"2024-11-04T08:57:34","date_gmt":"2024-11-04T14:57:34","guid":{"rendered":"https:\/\/lospoliticosveracruz.com.mx\/?p=132014"},"modified":"2024-11-04T08:57:47","modified_gmt":"2024-11-04T14:57:47","slug":"anilu-siempre-sirviendo-a-los-veracruzanos","status":"publish","type":"post","link":"https:\/\/lospoliticosveracruz.com\/?p=132014","title":{"rendered":"ANIL\u00da SIEMPRE SIRVIENDO A LOS VERACRUZANOS!"},"content":{"rendered":"\n<p><\/p>\n\n\n\n<p>En tres a\u00f1os como diputada local, Anil\u00fa Ingram Vallines present\u00f3 15 iniciativas propias, 6 iniciativas en conjunto y 5 puntos de acuerdo para beneficiar a las y los veracruzanos, adem\u00e1s de visitar las colonias de la ciudad de Veracruz, tocando puerta por puerta y hablando cara a cara con el pueblo, al que le llev\u00f3 muchos apoyos.<br>Sus propuestas de ley fueron para atender muchos de los desaf\u00edos que enfrenta la entidad, entre \u00e9stas la ley para la creaci\u00f3n de un Registro de Agresores Sexuales y diversas reformas al C\u00f3digo Penal del Estado para hacer m\u00e1s eficiente la tipificaci\u00f3n de los delitos de abuso sexual, acoso y hostigamiento, e incorporar el acoso callejero como delito, por citar un ejemplo.<br>Tan solo durante su primer a\u00f1o en la LXVI Legislatura, la diputada porte\u00f1a elabor\u00f3 seis iniciativas de decreto para la atenci\u00f3n al c\u00e1ncer de mama, paridad de g\u00e9nero, empoderamiento de la mujer rural, derechos humanos y el derecho al agua. Especial \u00e9nfasis se dio a la iniciativa conocida como \u00abLey Monse\u00bb, enfocada en combatir el encubrimiento de feminicidios, la cual ha contado con el apoyo de colectivos feministas.<br>Programas de apoyo a la econom\u00eda familiar, fueron permanentes, como el de la venta de carne de buena calidad a muy bajo precio, para beneficiar a las familias jarochas. Al mismo tiempo tambi\u00e9n hizo funcionar una red de atenci\u00f3n a mujeres violentadas, de las que existen testimonios de agradecimiento a Anil\u00fa, por su apoyo y solidaridad.<br>En su segundo a\u00f1o, Anil\u00fa Ingram present\u00f3 junto con otros compa\u00f1eros diputados un total de cinco iniciativas de decreto enfocadas en temas clave para el estado como el proponer incentivos fiscales para quienes instalen captadores pluviales; en la Ley de Acceso de las Mujeres a una Vida Libre de Violencia, Modificaciones para incluir nuevos patrones de violencia y la instalaci\u00f3n de unidades de atenci\u00f3n a quejas en centros laborales. Propuso la creaci\u00f3n de la presea anual \u201cJes\u00fas Reyes Heroles\u201d en honor a historiadores y dem\u00f3cratas destacados, adem\u00e1s de votar a favor de reformas a la Constituci\u00f3n Pol\u00edtica del Estado para establecer un marco jur\u00eddico para los gobiernos de coalici\u00f3n y promovi\u00f3 los \u00abPuntos Violeta\u00bb, enfocados en la capacitaci\u00f3n para la igualdad de g\u00e9nero.<br>Y en el tercer a\u00f1o de ejercicio constitucional, propuso la creaci\u00f3n de un registro de agresores sexuales, una modificaci\u00f3n del C\u00f3digo Penal del Estado para mejorar la tipificaci\u00f3n de delitos como el abuso sexual y el acoso callejero, as\u00ed como incluir medidas de reparaci\u00f3n del da\u00f1o, as\u00ed como una reforma para la creaci\u00f3n del Defensor Municipal de Derechos Humanos en la Ley Org\u00e1nica del Municipio Libre.<br>Ingram Vallines tambi\u00e9n present\u00f3 reformas para integrar a los ayuntamientos en el Consejo Estatal y ofrecer est\u00edmulos fiscales a quienes realicen acciones de mitigaci\u00f3n en sus predios y una propuesta para garantizar la accesibilidad en los espacios p\u00fablicos y entornos f\u00edsicos para personas con discapacidad.<br>En su papel como presidenta de la Comisi\u00f3n Permanente de Derechos Humanos y Atenci\u00f3n a Grupos Vulnerables, la diputada Ingram lider\u00f3 varias iniciativas y consultas, destacando la realizada con personas con discapacidad, en particular aquellas de talla baja. Esta consulta dio lugar a reformas a la Ley para la Integraci\u00f3n de las Personas con Discapacidad del Estado. A la par, particip\u00f3 activamente en las comparecencias de los titulares de diversas dependencias, destacando su papel en el seguimiento a la agenda de derechos humanos en el Estado.<br>Tambi\u00e9n destac\u00f3 su participaci\u00f3n en la Comisi\u00f3n para el Seguimiento de la Agenda 2030, donde trabaj\u00f3 en pro del medio ambiente y el cumplimiento de los compromisos globales asumidos por M\u00e9xico.<br>Durante los tres a\u00f1os, la hoy exdiputada visit\u00f3 m\u00faltiples municipios de la entidad, como las sierras de Chicontepec, Papantla, Zongolica y Soteapan, donde sostuvo reuniones con representantes de diferentes sectores sociales y empresariales, atendiendo las necesidades de sus habitantes y promoviendo iniciativas de impacto social. Adem\u00e1s, se realizaron reuniones con instituciones educativas, entre ellas la Universidad de Xalapa y la Universidad An\u00e1huac, donde se establecieron compromisos para apoyar a los estudiantes.<br>En total, se libraron m\u00e1s de mil oficios relacionados con las actividades legislativas y de gesti\u00f3n llevadas a cabo por la Diputada durante el a\u00f1o.<br>Anil\u00fa Ingram concluy\u00f3 su informe reiterando su compromiso de continuar trabajando por el bienestar de las personas de Veracruz y por el fortalecimiento de los derechos humanos, la igualdad y el desarrollo social, as\u00ed como sumar con trabajo al segundo piso de la transformaci\u00f3n en Veracruz y en M\u00e9xico.<br>\u201cMi compromiso con el pueblo veracruzano se mantuvo firme durante tres a\u00f1os ejercicio. Seguir\u00e9 trabajando para garantizar un estado m\u00e1s justo, accesible y seguro para todas y todos\u201d, remat\u00f3.<\/p>\n","protected":false},"excerpt":{"rendered":"<p>En tres a\u00f1os como diputada local, Anil\u00fa Ingram Vallines present\u00f3 15 iniciativas propias, 6 iniciativas en conjunto y 5 puntos de acuerdo para beneficiar a las y los veracruzanos, adem\u00e1s de visitar las colonias de la ciudad de Veracruz, tocando puerta por puerta y hablando cara a cara con el pueblo, al que le llev\u00f3 [&hellip;]<\/p>\n","protected":false},"author":2,"featured_media":0,"comment_status":"closed","ping_status":"closed","sticky":false,"template":"","format":"standard","meta":{"tdm_status":"","tdm_grid_status":"","footnotes":""},"categories":[73],"tags":[],"class_list":{"0":"post-132014","1":"post","2":"type-post","3":"status-publish","4":"format-standard","6":"category-de-boleto"},"yoast_head":"<!-- This site is optimized with the Yoast SEO plugin v27.4 - https:\/\/yoast.com\/product\/yoast-seo-wordpress\/ -->\n<title>ANIL\u00da SIEMPRE SIRVIENDO A LOS VERACRUZANOS! - Los pol\u00edticos Veracruz<\/title>\n<meta name=\"robots\" content=\"index, follow, max-snippet:-1, max-image-preview:large, max-video-preview:-1\" \/>\n<link rel=\"canonical\" href=\"https:\/\/lospoliticosveracruz.com\/?p=132014\" \/>\n<meta property=\"og:locale\" content=\"es_ES\" \/>\n<meta property=\"og:type\" content=\"article\" \/>\n<meta property=\"og:title\" content=\"ANIL\u00da SIEMPRE SIRVIENDO A LOS VERACRUZANOS! - Los pol\u00edticos Veracruz\" \/>\n<meta property=\"og:description\" content=\"En tres a\u00f1os como diputada local, Anil\u00fa Ingram Vallines present\u00f3 15 iniciativas propias, 6 iniciativas en conjunto y 5 puntos de acuerdo para beneficiar a las y los veracruzanos, adem\u00e1s de visitar las colonias de la ciudad de Veracruz, tocando puerta por puerta y hablando cara a cara con el pueblo, al que le llev\u00f3 [&hellip;]\" \/>\n<meta property=\"og:url\" content=\"https:\/\/lospoliticosveracruz.com\/?p=132014\" \/>\n<meta property=\"og:site_name\" content=\"Los pol\u00edticos Veracruz\" \/>\n<meta property=\"article:publisher\" content=\"https:\/\/www.facebook.com\/people\/Notimemes-de-los-Polticos\/61565672886568\/\" \/>\n<meta property=\"article:published_time\" content=\"2024-11-04T14:57:34+00:00\" \/>\n<meta property=\"article:modified_time\" content=\"2024-11-04T14:57:47+00:00\" \/>\n<meta property=\"og:image\" content=\"https:\/\/lospoliticosveracruz.com\/wp-content\/uploads\/2016\/07\/Logo-Dor.jpg\" \/>\n\t<meta property=\"og:image:width\" content=\"200\" \/>\n\t<meta property=\"og:image:height\" content=\"200\" \/>\n\t<meta property=\"og:image:type\" content=\"image\/jpeg\" \/>\n<meta name=\"author\" content=\"Lo viste en Los Pol\u00edticos\" \/>\n<meta name=\"twitter:card\" content=\"summary_large_image\" \/>\n<meta name=\"twitter:creator\" content=\"@LosPoliticosVer\" \/>\n<meta name=\"twitter:site\" content=\"@LosPoliticosVer\" \/>\n<meta name=\"twitter:label1\" content=\"Escrito por\" \/>\n\t<meta name=\"twitter:data1\" content=\"Lo viste en Los Pol\u00edticos\" \/>\n\t<meta name=\"twitter:label2\" content=\"Tiempo de lectura\" \/>\n\t<meta name=\"twitter:data2\" content=\"4 minutos\" \/>\n<script type=\"application\/ld+json\" class=\"yoast-schema-graph\">{\"@context\":\"https:\\\/\\\/schema.org\",\"@graph\":[{\"@type\":\"Article\",\"@id\":\"https:\\\/\\\/lospoliticosveracruz.com\\\/?p=132014#article\",\"isPartOf\":{\"@id\":\"https:\\\/\\\/lospoliticosveracruz.com\\\/?p=132014\"},\"author\":{\"name\":\"Lo viste en Los Pol\u00edticos\",\"@id\":\"https:\\\/\\\/lospoliticosveracruz.com\\\/#\\\/schema\\\/person\\\/b8702bb0e538456e6efd07080bf2a4a2\"},\"headline\":\"ANIL\u00da SIEMPRE SIRVIENDO A LOS VERACRUZANOS!\",\"datePublished\":\"2024-11-04T14:57:34+00:00\",\"dateModified\":\"2024-11-04T14:57:47+00:00\",\"mainEntityOfPage\":{\"@id\":\"https:\\\/\\\/lospoliticosveracruz.com\\\/?p=132014\"},\"wordCount\":831,\"publisher\":{\"@id\":\"https:\\\/\\\/lospoliticosveracruz.com\\\/#organization\"},\"articleSection\":[\"De Boleto\"],\"inLanguage\":\"es\"},{\"@type\":\"WebPage\",\"@id\":\"https:\\\/\\\/lospoliticosveracruz.com\\\/?p=132014\",\"url\":\"https:\\\/\\\/lospoliticosveracruz.com\\\/?p=132014\",\"name\":\"ANIL\u00da SIEMPRE SIRVIENDO A LOS VERACRUZANOS! - Los pol\u00edticos Veracruz\",\"isPartOf\":{\"@id\":\"https:\\\/\\\/lospoliticosveracruz.com\\\/#website\"},\"datePublished\":\"2024-11-04T14:57:34+00:00\",\"dateModified\":\"2024-11-04T14:57:47+00:00\",\"breadcrumb\":{\"@id\":\"https:\\\/\\\/lospoliticosveracruz.com\\\/?p=132014#breadcrumb\"},\"inLanguage\":\"es\",\"potentialAction\":[{\"@type\":\"ReadAction\",\"target\":[\"https:\\\/\\\/lospoliticosveracruz.com\\\/?p=132014\"]}]},{\"@type\":\"BreadcrumbList\",\"@id\":\"https:\\\/\\\/lospoliticosveracruz.com\\\/?p=132014#breadcrumb\",\"itemListElement\":[{\"@type\":\"ListItem\",\"position\":1,\"name\":\"Portada\",\"item\":\"https:\\\/\\\/lospoliticosveracruz.com\\\/\"},{\"@type\":\"ListItem\",\"position\":2,\"name\":\"ANIL\u00da SIEMPRE SIRVIENDO A LOS VERACRUZANOS!\"}]},{\"@type\":\"WebSite\",\"@id\":\"https:\\\/\\\/lospoliticosveracruz.com\\\/#website\",\"url\":\"https:\\\/\\\/lospoliticosveracruz.com\\\/\",\"name\":\"Los pol\u00edticos Veracruz\",\"description\":\"\",\"publisher\":{\"@id\":\"https:\\\/\\\/lospoliticosveracruz.com\\\/#organization\"},\"potentialAction\":[{\"@type\":\"SearchAction\",\"target\":{\"@type\":\"EntryPoint\",\"urlTemplate\":\"https:\\\/\\\/lospoliticosveracruz.com\\\/?s={search_term_string}\"},\"query-input\":{\"@type\":\"PropertyValueSpecification\",\"valueRequired\":true,\"valueName\":\"search_term_string\"}}],\"inLanguage\":\"es\"},{\"@type\":\"Organization\",\"@id\":\"https:\\\/\\\/lospoliticosveracruz.com\\\/#organization\",\"name\":\"Los pol\u00edticos Veracruz\",\"url\":\"https:\\\/\\\/lospoliticosveracruz.com\\\/\",\"logo\":{\"@type\":\"ImageObject\",\"inLanguage\":\"es\",\"@id\":\"https:\\\/\\\/lospoliticosveracruz.com\\\/#\\\/schema\\\/logo\\\/image\\\/\",\"url\":\"https:\\\/\\\/lospoliticosveracruz.com\\\/wp-content\\\/uploads\\\/2025\\\/12\\\/Logo-Nuevo-LOS-POLITICOS-1.jpg\",\"contentUrl\":\"https:\\\/\\\/lospoliticosveracruz.com\\\/wp-content\\\/uploads\\\/2025\\\/12\\\/Logo-Nuevo-LOS-POLITICOS-1.jpg\",\"width\":260,\"height\":70,\"caption\":\"Los pol\u00edticos Veracruz\"},\"image\":{\"@id\":\"https:\\\/\\\/lospoliticosveracruz.com\\\/#\\\/schema\\\/logo\\\/image\\\/\"},\"sameAs\":[\"https:\\\/\\\/www.facebook.com\\\/people\\\/Notimemes-de-los-Polticos\\\/61565672886568\\\/\",\"https:\\\/\\\/x.com\\\/LosPoliticosVer\"]},{\"@type\":\"Person\",\"@id\":\"https:\\\/\\\/lospoliticosveracruz.com\\\/#\\\/schema\\\/person\\\/b8702bb0e538456e6efd07080bf2a4a2\",\"name\":\"Lo viste en Los Pol\u00edticos\",\"image\":{\"@type\":\"ImageObject\",\"inLanguage\":\"es\",\"@id\":\"https:\\\/\\\/secure.gravatar.com\\\/avatar\\\/3a8de04a2656d44082be478bd6c086daa447c4651605818287b9532d3d0bd435?s=96&d=mm&r=g\",\"url\":\"https:\\\/\\\/secure.gravatar.com\\\/avatar\\\/3a8de04a2656d44082be478bd6c086daa447c4651605818287b9532d3d0bd435?s=96&d=mm&r=g\",\"contentUrl\":\"https:\\\/\\\/secure.gravatar.com\\\/avatar\\\/3a8de04a2656d44082be478bd6c086daa447c4651605818287b9532d3d0bd435?s=96&d=mm&r=g\",\"caption\":\"Lo viste en Los Pol\u00edticos\"},\"url\":\"https:\\\/\\\/lospoliticosveracruz.com\\\/?author=2\"}]}<\/script>\n<!-- \/ Yoast SEO plugin. -->","yoast_head_json":{"title":"ANIL\u00da SIEMPRE SIRVIENDO A LOS VERACRUZANOS! - Los pol\u00edticos Veracruz","robots":{"index":"index","follow":"follow","max-snippet":"max-snippet:-1","max-image-preview":"max-image-preview:large","max-video-preview":"max-video-preview:-1"},"canonical":"https:\/\/lospoliticosveracruz.com\/?p=132014","og_locale":"es_ES","og_type":"article","og_title":"ANIL\u00da SIEMPRE SIRVIENDO A LOS VERACRUZANOS! - Los pol\u00edticos Veracruz","og_description":"En tres a\u00f1os como diputada local, Anil\u00fa Ingram Vallines present\u00f3 15 iniciativas propias, 6 iniciativas en conjunto y 5 puntos de acuerdo para beneficiar a las y los veracruzanos, adem\u00e1s de visitar las colonias de la ciudad de Veracruz, tocando puerta por puerta y hablando cara a cara con el pueblo, al que le llev\u00f3 [&hellip;]","og_url":"https:\/\/lospoliticosveracruz.com\/?p=132014","og_site_name":"Los pol\u00edticos Veracruz","article_publisher":"https:\/\/www.facebook.com\/people\/Notimemes-de-los-Polticos\/61565672886568\/","article_published_time":"2024-11-04T14:57:34+00:00","article_modified_time":"2024-11-04T14:57:47+00:00","og_image":[{"width":200,"height":200,"url":"https:\/\/lospoliticosveracruz.com\/wp-content\/uploads\/2016\/07\/Logo-Dor.jpg","type":"image\/jpeg"}],"author":"Lo viste en Los Pol\u00edticos","twitter_card":"summary_large_image","twitter_creator":"@LosPoliticosVer","twitter_site":"@LosPoliticosVer","twitter_misc":{"Escrito por":"Lo viste en Los Pol\u00edticos","Tiempo de lectura":"4 minutos"},"schema":{"@context":"https:\/\/schema.org","@graph":[{"@type":"Article","@id":"https:\/\/lospoliticosveracruz.com\/?p=132014#article","isPartOf":{"@id":"https:\/\/lospoliticosveracruz.com\/?p=132014"},"author":{"name":"Lo viste en Los Pol\u00edticos","@id":"https:\/\/lospoliticosveracruz.com\/#\/schema\/person\/b8702bb0e538456e6efd07080bf2a4a2"},"headline":"ANIL\u00da SIEMPRE SIRVIENDO A LOS VERACRUZANOS!","datePublished":"2024-11-04T14:57:34+00:00","dateModified":"2024-11-04T14:57:47+00:00","mainEntityOfPage":{"@id":"https:\/\/lospoliticosveracruz.com\/?p=132014"},"wordCount":831,"publisher":{"@id":"https:\/\/lospoliticosveracruz.com\/#organization"},"articleSection":["De Boleto"],"inLanguage":"es"},{"@type":"WebPage","@id":"https:\/\/lospoliticosveracruz.com\/?p=132014","url":"https:\/\/lospoliticosveracruz.com\/?p=132014","name":"ANIL\u00da SIEMPRE SIRVIENDO A LOS VERACRUZANOS! - Los pol\u00edticos Veracruz","isPartOf":{"@id":"https:\/\/lospoliticosveracruz.com\/#website"},"datePublished":"2024-11-04T14:57:34+00:00","dateModified":"2024-11-04T14:57:47+00:00","breadcrumb":{"@id":"https:\/\/lospoliticosveracruz.com\/?p=132014#breadcrumb"},"inLanguage":"es","potentialAction":[{"@type":"ReadAction","target":["https:\/\/lospoliticosveracruz.com\/?p=132014"]}]},{"@type":"BreadcrumbList","@id":"https:\/\/lospoliticosveracruz.com\/?p=132014#breadcrumb","itemListElement":[{"@type":"ListItem","position":1,"name":"Portada","item":"https:\/\/lospoliticosveracruz.com\/"},{"@type":"ListItem","position":2,"name":"ANIL\u00da SIEMPRE SIRVIENDO A LOS VERACRUZANOS!"}]},{"@type":"WebSite","@id":"https:\/\/lospoliticosveracruz.com\/#website","url":"https:\/\/lospoliticosveracruz.com\/","name":"Los pol\u00edticos Veracruz","description":"","publisher":{"@id":"https:\/\/lospoliticosveracruz.com\/#organization"},"potentialAction":[{"@type":"SearchAction","target":{"@type":"EntryPoint","urlTemplate":"https:\/\/lospoliticosveracruz.com\/?s={search_term_string}"},"query-input":{"@type":"PropertyValueSpecification","valueRequired":true,"valueName":"search_term_string"}}],"inLanguage":"es"},{"@type":"Organization","@id":"https:\/\/lospoliticosveracruz.com\/#organization","name":"Los pol\u00edticos Veracruz","url":"https:\/\/lospoliticosveracruz.com\/","logo":{"@type":"ImageObject","inLanguage":"es","@id":"https:\/\/lospoliticosveracruz.com\/#\/schema\/logo\/image\/","url":"https:\/\/lospoliticosveracruz.com\/wp-content\/uploads\/2025\/12\/Logo-Nuevo-LOS-POLITICOS-1.jpg","contentUrl":"https:\/\/lospoliticosveracruz.com\/wp-content\/uploads\/2025\/12\/Logo-Nuevo-LOS-POLITICOS-1.jpg","width":260,"height":70,"caption":"Los pol\u00edticos Veracruz"},"image":{"@id":"https:\/\/lospoliticosveracruz.com\/#\/schema\/logo\/image\/"},"sameAs":["https:\/\/www.facebook.com\/people\/Notimemes-de-los-Polticos\/61565672886568\/","https:\/\/x.com\/LosPoliticosVer"]},{"@type":"Person","@id":"https:\/\/lospoliticosveracruz.com\/#\/schema\/person\/b8702bb0e538456e6efd07080bf2a4a2","name":"Lo viste en Los Pol\u00edticos","image":{"@type":"ImageObject","inLanguage":"es","@id":"https:\/\/secure.gravatar.com\/avatar\/3a8de04a2656d44082be478bd6c086daa447c4651605818287b9532d3d0bd435?s=96&d=mm&r=g","url":"https:\/\/secure.gravatar.com\/avatar\/3a8de04a2656d44082be478bd6c086daa447c4651605818287b9532d3d0bd435?s=96&d=mm&r=g","contentUrl":"https:\/\/secure.gravatar.com\/avatar\/3a8de04a2656d44082be478bd6c086daa447c4651605818287b9532d3d0bd435?s=96&d=mm&r=g","caption":"Lo viste en Los Pol\u00edticos"},"url":"https:\/\/lospoliticosveracruz.com\/?author=2"}]}},"_links":{"self":[{"href":"https:\/\/lospoliticosveracruz.com\/index.php?rest_route=\/wp\/v2\/posts\/132014","targetHints":{"allow":["GET"]}}],"collection":[{"href":"https:\/\/lospoliticosveracruz.com\/index.php?rest_route=\/wp\/v2\/posts"}],"about":[{"href":"https:\/\/lospoliticosveracruz.com\/index.php?rest_route=\/wp\/v2\/types\/post"}],"author":[{"embeddable":true,"href":"https:\/\/lospoliticosveracruz.com\/index.php?rest_route=\/wp\/v2\/users\/2"}],"replies":[{"embeddable":true,"href":"https:\/\/lospoliticosveracruz.com\/index.php?rest_route=%2Fwp%2Fv2%2Fcomments&post=132014"}],"version-history":[{"count":1,"href":"https:\/\/lospoliticosveracruz.com\/index.php?rest_route=\/wp\/v2\/posts\/132014\/revisions"}],"predecessor-version":[{"id":132016,"href":"https:\/\/lospoliticosveracruz.com\/index.php?rest_route=\/wp\/v2\/posts\/132014\/revisions\/132016"}],"wp:attachment":[{"href":"https:\/\/lospoliticosveracruz.com\/index.php?rest_route=%2Fwp%2Fv2%2Fmedia&parent=132014"}],"wp:term":[{"taxonomy":"category","embeddable":true,"href":"https:\/\/lospoliticosveracruz.com\/index.php?rest_route=%2Fwp%2Fv2%2Fcategories&post=132014"},{"taxonomy":"post_tag","embeddable":true,"href":"https:\/\/lospoliticosveracruz.com\/index.php?rest_route=%2Fwp%2Fv2%2Ftags&post=132014"}],"curies":[{"name":"wp","href":"https:\/\/api.w.org\/{rel}","templated":true}]}}