{"id":132071,"date":"2024-11-05T09:00:36","date_gmt":"2024-11-05T15:00:36","guid":{"rendered":"https:\/\/lospoliticosveracruz.com.mx\/?p=132071"},"modified":"2024-11-05T09:00:42","modified_gmt":"2024-11-05T15:00:42","slug":"elme-diputade","status":"publish","type":"post","link":"https:\/\/lospoliticosveracruz.com\/?p=132071","title":{"rendered":"ELME DIPUTADE"},"content":{"rendered":"\n<p><strong>Oved Contreras&nbsp;<\/strong><\/p>\n\n\n\n<p><em>Secas Mecas&nbsp;<\/em><\/p>\n\n\n\n<p>Por m\u00e1s lloriqueos que hizo el Chente chill\u00f3n del PT, la Sala Superior del Tribunal Electoral del Poder Judicial de la Federaci\u00f3n (TEPJF) desech\u00f3, por mayor\u00eda de votos, las demandas contra la resoluci\u00f3n de la Sala Regional Xalapa que modific\u00f3 la asignaci\u00f3n de diputaciones por el principio de Representaci\u00f3n Proporcional\u2026eso confirma la diputaci\u00f3n plurinominal para la ex pri\u00edsta El\u00edzabeth Morales quien de inmediato se puso a las \u00f3rdenes de la t\u00eda Ch\u00edo.<\/p>\n\n\n<div class=\"wp-block-image\">\n<figure class=\"alignleft size-medium\"><a href=\"https:\/\/lospoliticosveracruz.com.mx\/wp-content\/uploads\/2021\/10\/Zacauilt.jpg\"><img decoding=\"async\" src=\"https:\/\/lospoliticosveracruz.com.mx\/wp-content\/uploads\/2021\/10\/Zacauilt-150x300.jpg\" alt=\"\" class=\"wp-image-80558\"\/><\/a><\/figure>\n<\/div>\n\n\n<p>La Sala Regional del tribunal electoral dej\u00f3 sin efectos la revocaci\u00f3n que realiz\u00f3 el Tribunal Electoral de Veracruz del acuerdo emitido por el Instituto Electoral de Veracruz, respecto de los ajustes realizados a las listas de las candidaturas de diputaciones plurinominales del Partido del Trabajo (PT) y confirm\u00f3 la asignaci\u00f3n hecha por el Organismo P\u00fablico Local de Veracruz (OPLEV) a favor de la f\u00f3rmula de candidaturas por el principio de RP postulada por el PT, integrada por Elizabeth Morales Garc\u00eda y Karla Edith S\u00e1nchez P\u00e9rez, como propietaria y suplente.<\/p>\n\n\n\n<p>Ello, al considerar que fue incorrecta la actuaci\u00f3n del Tribunal local al revocar la asignaci\u00f3n de una diputaci\u00f3n plurinominal\u2026se la hab\u00eda quitado a ELMO para d\u00e1rsela a Chente y as\u00ed perfilar qu\u00e9 padre e hijo ser\u00edan diputados en el Congreso que inicia funciones este martes bajo la batuta del Tebi-Bautista.<\/p>\n\n\n\n<p>Luego de que la Sala Regional hab\u00eda confirmado a ELMO como diputada plurinominal, el Chente chill\u00f3n impugn\u00f3 la resoluci\u00f3n al considerar, entre otras cuestiones que, en su concepto, subsiste una problem\u00e1tica de constitucionalidad respecto del art\u00edculo 41 de la Carta Magna, en torno al alcance del principio de paridad y alternancia por periodo electivo y su implementaci\u00f3n en el proceso electoral en curso.<\/p>\n\n\n\n<p>Al final de cuentas, la Sala Superior del tribunal electoral desech\u00f3 los reclamos y confirm\u00f3 a la exdirigente estatal priista Elizabeth Morales como diputada local del bloque oficialista\u2026la propia Elizabeth Morales difundi\u00f3 en sus redes sociales que se fue a poner a las \u00f3rdenes de la gobernadora electa Roc\u00edo Nahle\u2026se acab\u00f3 la era del Car\u00f3n Cazar\u00edn y sus agachados pero llegaron otros a suplirlos.<\/p>\n\n\n\n<p><strong>SE RE\u00daNEN CON LA T\u00cdA<\/strong>\u2026A trav\u00e9s de sus redes sociales, la Gobernadora electa de Veracruz, Roc\u00edo Nahle Garc\u00eda, anunci\u00f3 que este lunes sostuvo una reuni\u00f3n en Boca del R\u00edo con los diputados locales del Verde Ecologista y del PT que este martes rinden protesta para integrar la LXVII Legislatura\u2026el testigo de honor fue el Tebi-Bautista, presidente de la Jucopo en el naciente congreso.<\/p>\n\n\n\n<p>Nahle inform\u00f3 que eran los integrantes de las bancadas del Partido Verde Ecologista (PVEM) conformada por 6 Diputados Locales, as\u00ed como la bancada del Partido del Trabajo (PT) conformada por 5 integrantes.<\/p>\n\n\n\n<p>A la reuni\u00f3n acudi\u00f3 dentro de la bancada del PT, la ex alcaldesa de Xalapa, Elizabet Morales, a quien la Sala Superior del TRIFE ratific\u00f3 en dicha posici\u00f3n la tarde de este lunes, por lo que en dicha reuni\u00f3n con Roc\u00edo Nahle y Esteban Bautista ya estuvo presente como Diputada Local del PT.<\/p>\n\n\n\n<p><strong>DE QUI\u00c9N ES EL NEGOCIO<\/strong>\u2026un asiduo lector de NOTIVER nos hizo llegar la siguiente informaci\u00f3n\u2026en el a\u00f1o de Hidalgo y como \u00faltima estocada para los veracruzanos, el gober saliente\u00a0\u00a0Cuitl\u00e1huac Garc\u00eda Jim\u00e9nez, autoriz\u00f3 la apertura de los verificentros en todo el estado que hab\u00edan amarrado contrato con Javier Duarte pero a la llegada de Cuitl\u00e1huac, frenaron sus aperturas.<\/p>\n\n\n\n<p>Antes de dejar la silla en palacio de Gobierno, el Ku\u00edkaras autoriz\u00f3 sus aperturas en todo el estado pero no se sabe c\u00f3mo fue autorizado a estas alturas\u2026le deja una bronca a la Gobernadora Rocio Nahle, pues el contrato ya est\u00e1 firmado y seg\u00fan ya est\u00e1n en funciones.<\/p>\n\n\n\n<p>C\u00f3mo siempre negocio de Gobierno para particulares y aqu\u00ed bien vale preguntar de a c\u00f3mo fue el ca\u00f1onazo para que esos verificentros operen y entre quienes se reparti\u00f3 el pastel.<\/p>\n\n\n\n<p>Otra bombita que le heredan a la t\u00eda Ch\u00edo es el negocio que se traen en Xalapa gr\u00faas, polic\u00edas y Fiscal\u00eda de Veracruz que hacen negocio con veh\u00edculos robados\u2026cuando recuperan unidades, Fiscal\u00eda dice no tener espacio y las env\u00eda a corralones de empresas privadas donde las v\u00edctimas deben desembolsar fuertes cantidades para recuperar sus veh\u00edculos.<\/p>\n\n\n\n<p>V\u00edctimas de robos de veh\u00edculos, as\u00ed como repartidores, se manifestaron frente a la Fiscal\u00eda General del Estado (FGE) para denunciar presuntos abusos cometidos por empresas de gr\u00faas, elementos de la Secretar\u00eda de Seguridad P\u00fablica (SSP) y el propio organismo aut\u00f3nomo\u2026los afectados denunciaron que la Fiscal\u00eda est\u00e1 enviando veh\u00edculos robados que son recuperados, a corralones de empresas privadas, las cuales cobran m\u00e1s de 10 mil pesos para liberar las unidades.<\/p>\n\n\n\n<p>Los repartidores denuncian adem\u00e1s que elementos de la Secretar\u00eda de Seguridad P\u00fablica (SSP) y de la Polic\u00eda Vial est\u00e1n deteniendo a motociclistas sin justificaci\u00f3n, remiti\u00e9ndolos al cuartel \u201cHeriberto Jara Corona\u201d y enviando sus motocicletas a los corralones de empresas concesionadas. Por la infracci\u00f3n y la liberaci\u00f3n de sus motocicletas, los repartidores deben pagar m\u00e1s de 5 mil pesos.<\/p>\n","protected":false},"excerpt":{"rendered":"<p>Oved Contreras&nbsp; Secas Mecas&nbsp; Por m\u00e1s lloriqueos que hizo el Chente chill\u00f3n del PT, la Sala Superior del Tribunal Electoral del Poder Judicial de la Federaci\u00f3n (TEPJF) desech\u00f3, por mayor\u00eda de votos, las demandas contra la resoluci\u00f3n de la Sala Regional Xalapa que modific\u00f3 la asignaci\u00f3n de diputaciones por el principio de Representaci\u00f3n Proporcional\u2026eso confirma [&hellip;]<\/p>\n","protected":false},"author":2,"featured_media":119816,"comment_status":"closed","ping_status":"closed","sticky":false,"template":"","format":"standard","meta":{"tdm_status":"","tdm_grid_status":"","footnotes":""},"categories":[70],"tags":[28859,14196],"class_list":{"0":"post-132071","1":"post","2":"type-post","3":"status-publish","4":"format-standard","5":"has-post-thumbnail","7":"category-de-opinion","8":"tag-elizabeth-morales-2","9":"tag-tepjf"},"yoast_head":"<!-- This site is optimized with the Yoast SEO plugin v27.4 - https:\/\/yoast.com\/product\/yoast-seo-wordpress\/ -->\n<title>ELME DIPUTADE - Los pol\u00edticos Veracruz<\/title>\n<meta name=\"robots\" content=\"index, follow, max-snippet:-1, max-image-preview:large, max-video-preview:-1\" \/>\n<link rel=\"canonical\" href=\"https:\/\/lospoliticosveracruz.com\/?p=132071\" \/>\n<meta property=\"og:locale\" content=\"es_ES\" \/>\n<meta property=\"og:type\" content=\"article\" \/>\n<meta property=\"og:title\" content=\"ELME DIPUTADE - Los pol\u00edticos Veracruz\" \/>\n<meta property=\"og:description\" content=\"Oved Contreras&nbsp; Secas Mecas&nbsp; Por m\u00e1s lloriqueos que hizo el Chente chill\u00f3n del PT, la Sala Superior del Tribunal Electoral del Poder Judicial de la Federaci\u00f3n (TEPJF) desech\u00f3, por mayor\u00eda de votos, las demandas contra la resoluci\u00f3n de la Sala Regional Xalapa que modific\u00f3 la asignaci\u00f3n de diputaciones por el principio de Representaci\u00f3n Proporcional\u2026eso confirma [&hellip;]\" \/>\n<meta property=\"og:url\" content=\"https:\/\/lospoliticosveracruz.com\/?p=132071\" \/>\n<meta property=\"og:site_name\" content=\"Los pol\u00edticos Veracruz\" \/>\n<meta property=\"article:publisher\" content=\"https:\/\/www.facebook.com\/people\/Notimemes-de-los-Polticos\/61565672886568\/\" \/>\n<meta property=\"article:published_time\" content=\"2024-11-05T15:00:36+00:00\" \/>\n<meta property=\"article:modified_time\" content=\"2024-11-05T15:00:42+00:00\" \/>\n<meta property=\"og:image\" content=\"https:\/\/lospoliticosveracruz.com\/wp-content\/uploads\/2024\/03\/Oved-Contreras.jpg\" \/>\n\t<meta property=\"og:image:width\" content=\"1250\" \/>\n\t<meta property=\"og:image:height\" content=\"667\" \/>\n\t<meta property=\"og:image:type\" content=\"image\/jpeg\" \/>\n<meta name=\"author\" content=\"Lo viste en Los Pol\u00edticos\" \/>\n<meta name=\"twitter:card\" content=\"summary_large_image\" \/>\n<meta name=\"twitter:creator\" content=\"@LosPoliticosVer\" \/>\n<meta name=\"twitter:site\" content=\"@LosPoliticosVer\" \/>\n<meta name=\"twitter:label1\" content=\"Escrito por\" \/>\n\t<meta name=\"twitter:data1\" content=\"Lo viste en Los Pol\u00edticos\" \/>\n\t<meta name=\"twitter:label2\" content=\"Tiempo de lectura\" \/>\n\t<meta name=\"twitter:data2\" content=\"5 minutos\" \/>\n<script type=\"application\/ld+json\" class=\"yoast-schema-graph\">{\"@context\":\"https:\\\/\\\/schema.org\",\"@graph\":[{\"@type\":\"Article\",\"@id\":\"https:\\\/\\\/lospoliticosveracruz.com\\\/?p=132071#article\",\"isPartOf\":{\"@id\":\"https:\\\/\\\/lospoliticosveracruz.com\\\/?p=132071\"},\"author\":{\"name\":\"Lo viste en Los Pol\u00edticos\",\"@id\":\"https:\\\/\\\/lospoliticosveracruz.com\\\/#\\\/schema\\\/person\\\/b8702bb0e538456e6efd07080bf2a4a2\"},\"headline\":\"ELME DIPUTADE\",\"datePublished\":\"2024-11-05T15:00:36+00:00\",\"dateModified\":\"2024-11-05T15:00:42+00:00\",\"mainEntityOfPage\":{\"@id\":\"https:\\\/\\\/lospoliticosveracruz.com\\\/?p=132071\"},\"wordCount\":908,\"publisher\":{\"@id\":\"https:\\\/\\\/lospoliticosveracruz.com\\\/#organization\"},\"image\":{\"@id\":\"https:\\\/\\\/lospoliticosveracruz.com\\\/?p=132071#primaryimage\"},\"thumbnailUrl\":\"https:\\\/\\\/lospoliticosveracruz.com\\\/wp-content\\\/uploads\\\/2024\\\/03\\\/Oved-Contreras.jpg\",\"keywords\":[\"El\u00edzabeth Morales\",\"TEPJF\"],\"articleSection\":[\"De Opini\u00f3n\"],\"inLanguage\":\"es\"},{\"@type\":\"WebPage\",\"@id\":\"https:\\\/\\\/lospoliticosveracruz.com\\\/?p=132071\",\"url\":\"https:\\\/\\\/lospoliticosveracruz.com\\\/?p=132071\",\"name\":\"ELME DIPUTADE - Los pol\u00edticos Veracruz\",\"isPartOf\":{\"@id\":\"https:\\\/\\\/lospoliticosveracruz.com\\\/#website\"},\"primaryImageOfPage\":{\"@id\":\"https:\\\/\\\/lospoliticosveracruz.com\\\/?p=132071#primaryimage\"},\"image\":{\"@id\":\"https:\\\/\\\/lospoliticosveracruz.com\\\/?p=132071#primaryimage\"},\"thumbnailUrl\":\"https:\\\/\\\/lospoliticosveracruz.com\\\/wp-content\\\/uploads\\\/2024\\\/03\\\/Oved-Contreras.jpg\",\"datePublished\":\"2024-11-05T15:00:36+00:00\",\"dateModified\":\"2024-11-05T15:00:42+00:00\",\"breadcrumb\":{\"@id\":\"https:\\\/\\\/lospoliticosveracruz.com\\\/?p=132071#breadcrumb\"},\"inLanguage\":\"es\",\"potentialAction\":[{\"@type\":\"ReadAction\",\"target\":[\"https:\\\/\\\/lospoliticosveracruz.com\\\/?p=132071\"]}]},{\"@type\":\"ImageObject\",\"inLanguage\":\"es\",\"@id\":\"https:\\\/\\\/lospoliticosveracruz.com\\\/?p=132071#primaryimage\",\"url\":\"https:\\\/\\\/lospoliticosveracruz.com\\\/wp-content\\\/uploads\\\/2024\\\/03\\\/Oved-Contreras.jpg\",\"contentUrl\":\"https:\\\/\\\/lospoliticosveracruz.com\\\/wp-content\\\/uploads\\\/2024\\\/03\\\/Oved-Contreras.jpg\",\"width\":1250,\"height\":667},{\"@type\":\"BreadcrumbList\",\"@id\":\"https:\\\/\\\/lospoliticosveracruz.com\\\/?p=132071#breadcrumb\",\"itemListElement\":[{\"@type\":\"ListItem\",\"position\":1,\"name\":\"Portada\",\"item\":\"https:\\\/\\\/lospoliticosveracruz.com\\\/\"},{\"@type\":\"ListItem\",\"position\":2,\"name\":\"ELME DIPUTADE\"}]},{\"@type\":\"WebSite\",\"@id\":\"https:\\\/\\\/lospoliticosveracruz.com\\\/#website\",\"url\":\"https:\\\/\\\/lospoliticosveracruz.com\\\/\",\"name\":\"Los pol\u00edticos Veracruz\",\"description\":\"\",\"publisher\":{\"@id\":\"https:\\\/\\\/lospoliticosveracruz.com\\\/#organization\"},\"potentialAction\":[{\"@type\":\"SearchAction\",\"target\":{\"@type\":\"EntryPoint\",\"urlTemplate\":\"https:\\\/\\\/lospoliticosveracruz.com\\\/?s={search_term_string}\"},\"query-input\":{\"@type\":\"PropertyValueSpecification\",\"valueRequired\":true,\"valueName\":\"search_term_string\"}}],\"inLanguage\":\"es\"},{\"@type\":\"Organization\",\"@id\":\"https:\\\/\\\/lospoliticosveracruz.com\\\/#organization\",\"name\":\"Los pol\u00edticos Veracruz\",\"url\":\"https:\\\/\\\/lospoliticosveracruz.com\\\/\",\"logo\":{\"@type\":\"ImageObject\",\"inLanguage\":\"es\",\"@id\":\"https:\\\/\\\/lospoliticosveracruz.com\\\/#\\\/schema\\\/logo\\\/image\\\/\",\"url\":\"https:\\\/\\\/lospoliticosveracruz.com\\\/wp-content\\\/uploads\\\/2025\\\/12\\\/Logo-Nuevo-LOS-POLITICOS-1.jpg\",\"contentUrl\":\"https:\\\/\\\/lospoliticosveracruz.com\\\/wp-content\\\/uploads\\\/2025\\\/12\\\/Logo-Nuevo-LOS-POLITICOS-1.jpg\",\"width\":260,\"height\":70,\"caption\":\"Los pol\u00edticos Veracruz\"},\"image\":{\"@id\":\"https:\\\/\\\/lospoliticosveracruz.com\\\/#\\\/schema\\\/logo\\\/image\\\/\"},\"sameAs\":[\"https:\\\/\\\/www.facebook.com\\\/people\\\/Notimemes-de-los-Polticos\\\/61565672886568\\\/\",\"https:\\\/\\\/x.com\\\/LosPoliticosVer\"]},{\"@type\":\"Person\",\"@id\":\"https:\\\/\\\/lospoliticosveracruz.com\\\/#\\\/schema\\\/person\\\/b8702bb0e538456e6efd07080bf2a4a2\",\"name\":\"Lo viste en Los Pol\u00edticos\",\"image\":{\"@type\":\"ImageObject\",\"inLanguage\":\"es\",\"@id\":\"https:\\\/\\\/secure.gravatar.com\\\/avatar\\\/3a8de04a2656d44082be478bd6c086daa447c4651605818287b9532d3d0bd435?s=96&d=mm&r=g\",\"url\":\"https:\\\/\\\/secure.gravatar.com\\\/avatar\\\/3a8de04a2656d44082be478bd6c086daa447c4651605818287b9532d3d0bd435?s=96&d=mm&r=g\",\"contentUrl\":\"https:\\\/\\\/secure.gravatar.com\\\/avatar\\\/3a8de04a2656d44082be478bd6c086daa447c4651605818287b9532d3d0bd435?s=96&d=mm&r=g\",\"caption\":\"Lo viste en Los Pol\u00edticos\"},\"url\":\"https:\\\/\\\/lospoliticosveracruz.com\\\/?author=2\"}]}<\/script>\n<!-- \/ Yoast SEO plugin. -->","yoast_head_json":{"title":"ELME DIPUTADE - Los pol\u00edticos Veracruz","robots":{"index":"index","follow":"follow","max-snippet":"max-snippet:-1","max-image-preview":"max-image-preview:large","max-video-preview":"max-video-preview:-1"},"canonical":"https:\/\/lospoliticosveracruz.com\/?p=132071","og_locale":"es_ES","og_type":"article","og_title":"ELME DIPUTADE - Los pol\u00edticos Veracruz","og_description":"Oved Contreras&nbsp; Secas Mecas&nbsp; Por m\u00e1s lloriqueos que hizo el Chente chill\u00f3n del PT, la Sala Superior del Tribunal Electoral del Poder Judicial de la Federaci\u00f3n (TEPJF) desech\u00f3, por mayor\u00eda de votos, las demandas contra la resoluci\u00f3n de la Sala Regional Xalapa que modific\u00f3 la asignaci\u00f3n de diputaciones por el principio de Representaci\u00f3n Proporcional\u2026eso confirma [&hellip;]","og_url":"https:\/\/lospoliticosveracruz.com\/?p=132071","og_site_name":"Los pol\u00edticos Veracruz","article_publisher":"https:\/\/www.facebook.com\/people\/Notimemes-de-los-Polticos\/61565672886568\/","article_published_time":"2024-11-05T15:00:36+00:00","article_modified_time":"2024-11-05T15:00:42+00:00","og_image":[{"width":1250,"height":667,"url":"https:\/\/lospoliticosveracruz.com\/wp-content\/uploads\/2024\/03\/Oved-Contreras.jpg","type":"image\/jpeg"}],"author":"Lo viste en Los Pol\u00edticos","twitter_card":"summary_large_image","twitter_creator":"@LosPoliticosVer","twitter_site":"@LosPoliticosVer","twitter_misc":{"Escrito por":"Lo viste en Los Pol\u00edticos","Tiempo de lectura":"5 minutos"},"schema":{"@context":"https:\/\/schema.org","@graph":[{"@type":"Article","@id":"https:\/\/lospoliticosveracruz.com\/?p=132071#article","isPartOf":{"@id":"https:\/\/lospoliticosveracruz.com\/?p=132071"},"author":{"name":"Lo viste en Los Pol\u00edticos","@id":"https:\/\/lospoliticosveracruz.com\/#\/schema\/person\/b8702bb0e538456e6efd07080bf2a4a2"},"headline":"ELME DIPUTADE","datePublished":"2024-11-05T15:00:36+00:00","dateModified":"2024-11-05T15:00:42+00:00","mainEntityOfPage":{"@id":"https:\/\/lospoliticosveracruz.com\/?p=132071"},"wordCount":908,"publisher":{"@id":"https:\/\/lospoliticosveracruz.com\/#organization"},"image":{"@id":"https:\/\/lospoliticosveracruz.com\/?p=132071#primaryimage"},"thumbnailUrl":"https:\/\/lospoliticosveracruz.com\/wp-content\/uploads\/2024\/03\/Oved-Contreras.jpg","keywords":["El\u00edzabeth Morales","TEPJF"],"articleSection":["De Opini\u00f3n"],"inLanguage":"es"},{"@type":"WebPage","@id":"https:\/\/lospoliticosveracruz.com\/?p=132071","url":"https:\/\/lospoliticosveracruz.com\/?p=132071","name":"ELME DIPUTADE - Los pol\u00edticos Veracruz","isPartOf":{"@id":"https:\/\/lospoliticosveracruz.com\/#website"},"primaryImageOfPage":{"@id":"https:\/\/lospoliticosveracruz.com\/?p=132071#primaryimage"},"image":{"@id":"https:\/\/lospoliticosveracruz.com\/?p=132071#primaryimage"},"thumbnailUrl":"https:\/\/lospoliticosveracruz.com\/wp-content\/uploads\/2024\/03\/Oved-Contreras.jpg","datePublished":"2024-11-05T15:00:36+00:00","dateModified":"2024-11-05T15:00:42+00:00","breadcrumb":{"@id":"https:\/\/lospoliticosveracruz.com\/?p=132071#breadcrumb"},"inLanguage":"es","potentialAction":[{"@type":"ReadAction","target":["https:\/\/lospoliticosveracruz.com\/?p=132071"]}]},{"@type":"ImageObject","inLanguage":"es","@id":"https:\/\/lospoliticosveracruz.com\/?p=132071#primaryimage","url":"https:\/\/lospoliticosveracruz.com\/wp-content\/uploads\/2024\/03\/Oved-Contreras.jpg","contentUrl":"https:\/\/lospoliticosveracruz.com\/wp-content\/uploads\/2024\/03\/Oved-Contreras.jpg","width":1250,"height":667},{"@type":"BreadcrumbList","@id":"https:\/\/lospoliticosveracruz.com\/?p=132071#breadcrumb","itemListElement":[{"@type":"ListItem","position":1,"name":"Portada","item":"https:\/\/lospoliticosveracruz.com\/"},{"@type":"ListItem","position":2,"name":"ELME DIPUTADE"}]},{"@type":"WebSite","@id":"https:\/\/lospoliticosveracruz.com\/#website","url":"https:\/\/lospoliticosveracruz.com\/","name":"Los pol\u00edticos Veracruz","description":"","publisher":{"@id":"https:\/\/lospoliticosveracruz.com\/#organization"},"potentialAction":[{"@type":"SearchAction","target":{"@type":"EntryPoint","urlTemplate":"https:\/\/lospoliticosveracruz.com\/?s={search_term_string}"},"query-input":{"@type":"PropertyValueSpecification","valueRequired":true,"valueName":"search_term_string"}}],"inLanguage":"es"},{"@type":"Organization","@id":"https:\/\/lospoliticosveracruz.com\/#organization","name":"Los pol\u00edticos Veracruz","url":"https:\/\/lospoliticosveracruz.com\/","logo":{"@type":"ImageObject","inLanguage":"es","@id":"https:\/\/lospoliticosveracruz.com\/#\/schema\/logo\/image\/","url":"https:\/\/lospoliticosveracruz.com\/wp-content\/uploads\/2025\/12\/Logo-Nuevo-LOS-POLITICOS-1.jpg","contentUrl":"https:\/\/lospoliticosveracruz.com\/wp-content\/uploads\/2025\/12\/Logo-Nuevo-LOS-POLITICOS-1.jpg","width":260,"height":70,"caption":"Los pol\u00edticos Veracruz"},"image":{"@id":"https:\/\/lospoliticosveracruz.com\/#\/schema\/logo\/image\/"},"sameAs":["https:\/\/www.facebook.com\/people\/Notimemes-de-los-Polticos\/61565672886568\/","https:\/\/x.com\/LosPoliticosVer"]},{"@type":"Person","@id":"https:\/\/lospoliticosveracruz.com\/#\/schema\/person\/b8702bb0e538456e6efd07080bf2a4a2","name":"Lo viste en Los Pol\u00edticos","image":{"@type":"ImageObject","inLanguage":"es","@id":"https:\/\/secure.gravatar.com\/avatar\/3a8de04a2656d44082be478bd6c086daa447c4651605818287b9532d3d0bd435?s=96&d=mm&r=g","url":"https:\/\/secure.gravatar.com\/avatar\/3a8de04a2656d44082be478bd6c086daa447c4651605818287b9532d3d0bd435?s=96&d=mm&r=g","contentUrl":"https:\/\/secure.gravatar.com\/avatar\/3a8de04a2656d44082be478bd6c086daa447c4651605818287b9532d3d0bd435?s=96&d=mm&r=g","caption":"Lo viste en Los Pol\u00edticos"},"url":"https:\/\/lospoliticosveracruz.com\/?author=2"}]}},"_links":{"self":[{"href":"https:\/\/lospoliticosveracruz.com\/index.php?rest_route=\/wp\/v2\/posts\/132071","targetHints":{"allow":["GET"]}}],"collection":[{"href":"https:\/\/lospoliticosveracruz.com\/index.php?rest_route=\/wp\/v2\/posts"}],"about":[{"href":"https:\/\/lospoliticosveracruz.com\/index.php?rest_route=\/wp\/v2\/types\/post"}],"author":[{"embeddable":true,"href":"https:\/\/lospoliticosveracruz.com\/index.php?rest_route=\/wp\/v2\/users\/2"}],"replies":[{"embeddable":true,"href":"https:\/\/lospoliticosveracruz.com\/index.php?rest_route=%2Fwp%2Fv2%2Fcomments&post=132071"}],"version-history":[{"count":1,"href":"https:\/\/lospoliticosveracruz.com\/index.php?rest_route=\/wp\/v2\/posts\/132071\/revisions"}],"predecessor-version":[{"id":132072,"href":"https:\/\/lospoliticosveracruz.com\/index.php?rest_route=\/wp\/v2\/posts\/132071\/revisions\/132072"}],"wp:featuredmedia":[{"embeddable":true,"href":"https:\/\/lospoliticosveracruz.com\/index.php?rest_route=\/wp\/v2\/media\/119816"}],"wp:attachment":[{"href":"https:\/\/lospoliticosveracruz.com\/index.php?rest_route=%2Fwp%2Fv2%2Fmedia&parent=132071"}],"wp:term":[{"taxonomy":"category","embeddable":true,"href":"https:\/\/lospoliticosveracruz.com\/index.php?rest_route=%2Fwp%2Fv2%2Fcategories&post=132071"},{"taxonomy":"post_tag","embeddable":true,"href":"https:\/\/lospoliticosveracruz.com\/index.php?rest_route=%2Fwp%2Fv2%2Ftags&post=132071"}],"curies":[{"name":"wp","href":"https:\/\/api.w.org\/{rel}","templated":true}]}}