{"id":13220,"date":"2014-11-03T12:55:35","date_gmt":"2014-11-03T18:55:35","guid":{"rendered":"http:\/\/www.lospoliticosveracruz.com.mx\/?p=13220"},"modified":"2014-11-03T12:55:35","modified_gmt":"2014-11-03T18:55:35","slug":"festival-de-el-flaco-de-oro","status":"publish","type":"post","link":"https:\/\/lospoliticosveracruz.com\/?p=13220","title":{"rendered":"Festival de El Flaco de Oro"},"content":{"rendered":"<p><img loading=\"lazy\" decoding=\"async\" class=\"alignnone size-medium wp-image-13222\" src=\"http:\/\/www.lospoliticosveracruz.com.mx\/wp-content\/uploads\/2014\/11\/Agustin-Lara2-600-300x236.jpg\" alt=\"Ara\u00f1atipoback 2.90x2.30\" width=\"300\" height=\"236\" \/><\/p>\n<p>&nbsp;<\/p>\n<p>En esta edici\u00f3n del Festival Agust\u00edn Lara se pretende que los j\u00f3venes se involucren, dado que algunos de los artistas son personajes que activan una perspectiva cr\u00edtica, una manera distinta de ver la m\u00fasica popular, afirm\u00f3 Josu\u00e9 Mart\u00ednez Rodr\u00edguez, subdirector de Educaci\u00f3n e Investigaci\u00f3n Art\u00edstica sobre el arranque del festejo que ser\u00e1 este martes 4 de noviembre en el puerto de Veracruz y Xalapa, y el jueves 6, en Tlacotalpan.<\/p>\n<p>El Festival Agust\u00edn Lara 2014, es organizado por el Gobierno del Estado de Veracruz, a trav\u00e9s de la Secretar\u00eda de Turismo, Cultura y Cinematograf\u00eda y del Instituto Veracruzano de la Cultura (IVEC), en coordinaci\u00f3n con el Consejo Nacional para la Cultura y las Artes (CONACULTA) y con el apoyo de los Ayuntamientos de Veracruz y Tlacotalpan.<\/p>\n<p>En Xalapa, empieza el festival este martes 4 de noviembre, a las 18:00 horas, en el \u00c1gora de la Ciudad, con \u201cCine de Lara\u201d, una proyecci\u00f3n cinematogr\u00e1fica precedida por una charla con Magno Garcimarrero, donde se hablar\u00e1 acerca de la importancia de Lara en el cine.<\/p>\n<p>En el Teatro Clavijero en Veracruz, el mi\u00e9rcoles 5 del mismo mes, a las 20:00 horas, se podr\u00e1 disfrutar de un repertorio Larista con el grupo Nuages, Nostalgia en jazz.<br \/>\nEn el Teatro Nezahualcoyotl de Tlacotalpan, el jueves 6, a las 19:00 horas,<br \/>\nNuages tambi\u00e9n ofrecer\u00e1 su espect\u00e1culo.<\/p>\n<p>En el puerto de Veracruz, el festival inicia con \u201cUn caf\u00e9 con Lara\u201d, charla y m\u00fasica en la que integrantes del Circulo Larista de Veracruz abordar\u00e1n an\u00e9cdotas y vivencias del homenajeado, moderados por Pavel Granados y Rafael Figueroa, a las 19:00 horas en el Gran Caf\u00e9 de la Parroquia, atendiendo el objetivo de \u201csalirse de los espacios institucionales, para entrar espacios populares muy queridos por los porte\u00f1os\u201d, seg\u00fan Mart\u00ednez Rodr\u00edguez.<\/p>\n<p>El mi\u00e9rcoles 5 de noviembre, a las 19:00 horas, la danza tiene un sitio privilegiado en el festival, pues el Ballet Royal Xalapa presentar\u00e1 Luna de Plata, en la Sala Emilio Carballido del Teatro del Estado, en Xalapa.<\/p>\n<p>El concierto de piano, \u201cLara por Abraham Barrera\u201d, es otro de los platos fuertes del Festival Agustin Lara, para el mi\u00e9rcoles 5 de noviembre a las 21:00 horas en la sala Emilio Carballido del Teatro del Estado en Xalapa; el jueves 6 a las 21:00 horas en el Teatro de la Reforma en Veracruz, y el viernes 7 de noviembre, a las 19:00 horas en el Teatro Nezahualcoyotl, en Tlacotalpan.<\/p>\n<p>La noche del viernes, a las 20:00 horas, en el Teatro de la Reforma, Regina Orozco presentar\u00e1 \u201cRegina en Div\u00e1n\u201d, espect\u00e1culo con perfil Larista que favorecer\u00e1 la interacci\u00f3n a partir de las peticiones del p\u00fablico.<\/p>\n<p>De manera paralela, en mismo d\u00eda y horario, Astrid Hadad ofrecer\u00e1 a su vez, \u201cA gusto con Agust\u00edn\u201d, en la Sala Emilio Carballido del Teatro del Estado en Xalapa. Un d\u00eda antes, el jueves 6 de noviembre, a las 20:00 horas, en el mismo recinto, H\u00e9ctor Bonilla ofrecer\u00e1 por primera vez, \u201cCada quien su Lara\u201d, evento que \u201cel actor hizo especialmente para este festival, enfocado a desentra\u00f1ar una figura de Agust\u00edn Lara mucho m\u00e1s compleja\u201d, coment\u00f3 Mart\u00ednez Rodr\u00edguez.<\/p>\n<p>El s\u00e1bado 8 de noviembre, a las 20:00 horas, la Danzonera Tres Generaciones ofrecer\u00e1 uno de los cierres del festival en Xalapa, con \u201cTres generaciones a tiempo de danz\u00f3n\u201d, en el Foro abierto del \u00c1gora de la Ciudad.<\/p>\n<p>Otro de los cierres ser\u00e1 en la plazuela de la Campana, en Veracruz, donde el grupo Sociedad An\u00f3nima ofrecer\u00e1 Son montuno, a las 21:00 horas del mismo s\u00e1bado, d\u00eda en que la Orquesta Tradicional Moscovita presentar\u00e1 Serenata a Lara, en la Plaza Miguel Hidalgo de Tlacotalpan, a las 20:00 horas.<\/p>\n<p>Del 4 al 8 de noviembre, las entradas a todos los eventos son gratuitas y ya se pueden adquirir en las sedes donde se presentar\u00e1n.<\/p>\n<p><img loading=\"lazy\" decoding=\"async\" class=\"alignnone size-medium wp-image-13221\" src=\"http:\/\/www.lospoliticosveracruz.com.mx\/wp-content\/uploads\/2014\/11\/Tongolele-300x195.jpg\" alt=\"Tongolele\" width=\"300\" height=\"195\" \/><\/p>\n","protected":false},"excerpt":{"rendered":"<p>&nbsp; En esta edici\u00f3n del Festival Agust\u00edn Lara se pretende que los j\u00f3venes se involucren, dado que algunos de los artistas son personajes que activan una perspectiva cr\u00edtica, una manera distinta de ver la m\u00fasica popular, afirm\u00f3 Josu\u00e9 Mart\u00ednez Rodr\u00edguez, subdirector de Educaci\u00f3n e Investigaci\u00f3n Art\u00edstica sobre el arranque del festejo que ser\u00e1 este martes [&hellip;]<\/p>\n","protected":false},"author":2,"featured_media":0,"comment_status":"open","ping_status":"open","sticky":false,"template":"","format":"standard","meta":{"tdm_status":"","tdm_grid_status":"","footnotes":""},"categories":[73],"tags":[675,674,316,677,680,679,676,195,96],"class_list":{"0":"post-13220","1":"post","2":"type-post","3":"status-publish","4":"format-standard","6":"category-de-boleto","7":"tag-conaculta","8":"tag-festival","9":"tag-ivec","10":"tag-luna-de-plata","11":"tag-magno-garcimarrero","12":"tag-regina-orozco","13":"tag-tlacotalpan","14":"tag-veracruz","15":"tag-xalapa"},"yoast_head":"<!-- This site is optimized with the Yoast SEO plugin v27.4 - https:\/\/yoast.com\/product\/yoast-seo-wordpress\/ -->\n<title>Festival de El Flaco de Oro - Los pol\u00edticos Veracruz<\/title>\n<meta name=\"robots\" content=\"index, follow, max-snippet:-1, max-image-preview:large, max-video-preview:-1\" \/>\n<link rel=\"canonical\" href=\"https:\/\/lospoliticosveracruz.com\/?p=13220\" \/>\n<meta property=\"og:locale\" content=\"es_ES\" \/>\n<meta property=\"og:type\" content=\"article\" \/>\n<meta property=\"og:title\" content=\"Festival de El Flaco de Oro - Los pol\u00edticos Veracruz\" \/>\n<meta property=\"og:description\" content=\"&nbsp; En esta edici\u00f3n del Festival Agust\u00edn Lara se pretende que los j\u00f3venes se involucren, dado que algunos de los artistas son personajes que activan una perspectiva cr\u00edtica, una manera distinta de ver la m\u00fasica popular, afirm\u00f3 Josu\u00e9 Mart\u00ednez Rodr\u00edguez, subdirector de Educaci\u00f3n e Investigaci\u00f3n Art\u00edstica sobre el arranque del festejo que ser\u00e1 este martes [&hellip;]\" \/>\n<meta property=\"og:url\" content=\"https:\/\/lospoliticosveracruz.com\/?p=13220\" \/>\n<meta property=\"og:site_name\" content=\"Los pol\u00edticos Veracruz\" \/>\n<meta property=\"article:publisher\" content=\"https:\/\/www.facebook.com\/people\/Notimemes-de-los-Polticos\/61565672886568\/\" \/>\n<meta property=\"article:published_time\" content=\"2014-11-03T18:55:35+00:00\" \/>\n<meta property=\"og:image\" content=\"http:\/\/www.lospoliticosveracruz.com.mx\/wp-content\/uploads\/2014\/11\/Agustin-Lara2-600-300x236.jpg\" \/>\n<meta name=\"author\" content=\"Lo viste en Los Pol\u00edticos\" \/>\n<meta name=\"twitter:card\" content=\"summary_large_image\" \/>\n<meta name=\"twitter:creator\" content=\"@LosPoliticosVer\" \/>\n<meta name=\"twitter:site\" content=\"@LosPoliticosVer\" \/>\n<meta name=\"twitter:label1\" content=\"Escrito por\" \/>\n\t<meta name=\"twitter:data1\" content=\"Lo viste en Los Pol\u00edticos\" \/>\n\t<meta name=\"twitter:label2\" content=\"Tiempo de lectura\" \/>\n\t<meta name=\"twitter:data2\" content=\"3 minutos\" \/>\n<script type=\"application\/ld+json\" class=\"yoast-schema-graph\">{\"@context\":\"https:\\\/\\\/schema.org\",\"@graph\":[{\"@type\":\"Article\",\"@id\":\"https:\\\/\\\/lospoliticosveracruz.com\\\/?p=13220#article\",\"isPartOf\":{\"@id\":\"https:\\\/\\\/lospoliticosveracruz.com\\\/?p=13220\"},\"author\":{\"name\":\"Lo viste en Los Pol\u00edticos\",\"@id\":\"https:\\\/\\\/lospoliticosveracruz.com\\\/#\\\/schema\\\/person\\\/b8702bb0e538456e6efd07080bf2a4a2\"},\"headline\":\"Festival de El Flaco de Oro\",\"datePublished\":\"2014-11-03T18:55:35+00:00\",\"mainEntityOfPage\":{\"@id\":\"https:\\\/\\\/lospoliticosveracruz.com\\\/?p=13220\"},\"wordCount\":652,\"commentCount\":0,\"publisher\":{\"@id\":\"https:\\\/\\\/lospoliticosveracruz.com\\\/#organization\"},\"image\":{\"@id\":\"https:\\\/\\\/lospoliticosveracruz.com\\\/?p=13220#primaryimage\"},\"thumbnailUrl\":\"http:\\\/\\\/www.lospoliticosveracruz.com.mx\\\/wp-content\\\/uploads\\\/2014\\\/11\\\/Agustin-Lara2-600-300x236.jpg\",\"keywords\":[\"Conaculta\",\"Festival\",\"IVEC\",\"Luna de Plata\",\"Magno Garcimarrero\",\"Regina Orozco\",\"Tlacotalpan\",\"Veracruz\",\"Xalapa\"],\"articleSection\":[\"De Boleto\"],\"inLanguage\":\"es\",\"potentialAction\":[{\"@type\":\"CommentAction\",\"name\":\"Comment\",\"target\":[\"https:\\\/\\\/lospoliticosveracruz.com\\\/?p=13220#respond\"]}]},{\"@type\":\"WebPage\",\"@id\":\"https:\\\/\\\/lospoliticosveracruz.com\\\/?p=13220\",\"url\":\"https:\\\/\\\/lospoliticosveracruz.com\\\/?p=13220\",\"name\":\"Festival de El Flaco de Oro - Los pol\u00edticos Veracruz\",\"isPartOf\":{\"@id\":\"https:\\\/\\\/lospoliticosveracruz.com\\\/#website\"},\"primaryImageOfPage\":{\"@id\":\"https:\\\/\\\/lospoliticosveracruz.com\\\/?p=13220#primaryimage\"},\"image\":{\"@id\":\"https:\\\/\\\/lospoliticosveracruz.com\\\/?p=13220#primaryimage\"},\"thumbnailUrl\":\"http:\\\/\\\/www.lospoliticosveracruz.com.mx\\\/wp-content\\\/uploads\\\/2014\\\/11\\\/Agustin-Lara2-600-300x236.jpg\",\"datePublished\":\"2014-11-03T18:55:35+00:00\",\"breadcrumb\":{\"@id\":\"https:\\\/\\\/lospoliticosveracruz.com\\\/?p=13220#breadcrumb\"},\"inLanguage\":\"es\",\"potentialAction\":[{\"@type\":\"ReadAction\",\"target\":[\"https:\\\/\\\/lospoliticosveracruz.com\\\/?p=13220\"]}]},{\"@type\":\"ImageObject\",\"inLanguage\":\"es\",\"@id\":\"https:\\\/\\\/lospoliticosveracruz.com\\\/?p=13220#primaryimage\",\"url\":\"http:\\\/\\\/www.lospoliticosveracruz.com.mx\\\/wp-content\\\/uploads\\\/2014\\\/11\\\/Agustin-Lara2-600-300x236.jpg\",\"contentUrl\":\"http:\\\/\\\/www.lospoliticosveracruz.com.mx\\\/wp-content\\\/uploads\\\/2014\\\/11\\\/Agustin-Lara2-600-300x236.jpg\"},{\"@type\":\"BreadcrumbList\",\"@id\":\"https:\\\/\\\/lospoliticosveracruz.com\\\/?p=13220#breadcrumb\",\"itemListElement\":[{\"@type\":\"ListItem\",\"position\":1,\"name\":\"Portada\",\"item\":\"https:\\\/\\\/lospoliticosveracruz.com\\\/\"},{\"@type\":\"ListItem\",\"position\":2,\"name\":\"Festival de El Flaco de Oro\"}]},{\"@type\":\"WebSite\",\"@id\":\"https:\\\/\\\/lospoliticosveracruz.com\\\/#website\",\"url\":\"https:\\\/\\\/lospoliticosveracruz.com\\\/\",\"name\":\"Los pol\u00edticos Veracruz\",\"description\":\"\",\"publisher\":{\"@id\":\"https:\\\/\\\/lospoliticosveracruz.com\\\/#organization\"},\"potentialAction\":[{\"@type\":\"SearchAction\",\"target\":{\"@type\":\"EntryPoint\",\"urlTemplate\":\"https:\\\/\\\/lospoliticosveracruz.com\\\/?s={search_term_string}\"},\"query-input\":{\"@type\":\"PropertyValueSpecification\",\"valueRequired\":true,\"valueName\":\"search_term_string\"}}],\"inLanguage\":\"es\"},{\"@type\":\"Organization\",\"@id\":\"https:\\\/\\\/lospoliticosveracruz.com\\\/#organization\",\"name\":\"Los pol\u00edticos Veracruz\",\"url\":\"https:\\\/\\\/lospoliticosveracruz.com\\\/\",\"logo\":{\"@type\":\"ImageObject\",\"inLanguage\":\"es\",\"@id\":\"https:\\\/\\\/lospoliticosveracruz.com\\\/#\\\/schema\\\/logo\\\/image\\\/\",\"url\":\"https:\\\/\\\/lospoliticosveracruz.com\\\/wp-content\\\/uploads\\\/2025\\\/12\\\/Logo-Nuevo-LOS-POLITICOS-1.jpg\",\"contentUrl\":\"https:\\\/\\\/lospoliticosveracruz.com\\\/wp-content\\\/uploads\\\/2025\\\/12\\\/Logo-Nuevo-LOS-POLITICOS-1.jpg\",\"width\":260,\"height\":70,\"caption\":\"Los pol\u00edticos Veracruz\"},\"image\":{\"@id\":\"https:\\\/\\\/lospoliticosveracruz.com\\\/#\\\/schema\\\/logo\\\/image\\\/\"},\"sameAs\":[\"https:\\\/\\\/www.facebook.com\\\/people\\\/Notimemes-de-los-Polticos\\\/61565672886568\\\/\",\"https:\\\/\\\/x.com\\\/LosPoliticosVer\"]},{\"@type\":\"Person\",\"@id\":\"https:\\\/\\\/lospoliticosveracruz.com\\\/#\\\/schema\\\/person\\\/b8702bb0e538456e6efd07080bf2a4a2\",\"name\":\"Lo viste en Los Pol\u00edticos\",\"image\":{\"@type\":\"ImageObject\",\"inLanguage\":\"es\",\"@id\":\"https:\\\/\\\/secure.gravatar.com\\\/avatar\\\/3a8de04a2656d44082be478bd6c086daa447c4651605818287b9532d3d0bd435?s=96&d=mm&r=g\",\"url\":\"https:\\\/\\\/secure.gravatar.com\\\/avatar\\\/3a8de04a2656d44082be478bd6c086daa447c4651605818287b9532d3d0bd435?s=96&d=mm&r=g\",\"contentUrl\":\"https:\\\/\\\/secure.gravatar.com\\\/avatar\\\/3a8de04a2656d44082be478bd6c086daa447c4651605818287b9532d3d0bd435?s=96&d=mm&r=g\",\"caption\":\"Lo viste en Los Pol\u00edticos\"},\"url\":\"https:\\\/\\\/lospoliticosveracruz.com\\\/?author=2\"}]}<\/script>\n<!-- \/ Yoast SEO plugin. -->","yoast_head_json":{"title":"Festival de El Flaco de Oro - Los pol\u00edticos Veracruz","robots":{"index":"index","follow":"follow","max-snippet":"max-snippet:-1","max-image-preview":"max-image-preview:large","max-video-preview":"max-video-preview:-1"},"canonical":"https:\/\/lospoliticosveracruz.com\/?p=13220","og_locale":"es_ES","og_type":"article","og_title":"Festival de El Flaco de Oro - Los pol\u00edticos Veracruz","og_description":"&nbsp; En esta edici\u00f3n del Festival Agust\u00edn Lara se pretende que los j\u00f3venes se involucren, dado que algunos de los artistas son personajes que activan una perspectiva cr\u00edtica, una manera distinta de ver la m\u00fasica popular, afirm\u00f3 Josu\u00e9 Mart\u00ednez Rodr\u00edguez, subdirector de Educaci\u00f3n e Investigaci\u00f3n Art\u00edstica sobre el arranque del festejo que ser\u00e1 este martes [&hellip;]","og_url":"https:\/\/lospoliticosveracruz.com\/?p=13220","og_site_name":"Los pol\u00edticos Veracruz","article_publisher":"https:\/\/www.facebook.com\/people\/Notimemes-de-los-Polticos\/61565672886568\/","article_published_time":"2014-11-03T18:55:35+00:00","og_image":[{"url":"http:\/\/www.lospoliticosveracruz.com.mx\/wp-content\/uploads\/2014\/11\/Agustin-Lara2-600-300x236.jpg","type":"","width":"","height":""}],"author":"Lo viste en Los Pol\u00edticos","twitter_card":"summary_large_image","twitter_creator":"@LosPoliticosVer","twitter_site":"@LosPoliticosVer","twitter_misc":{"Escrito por":"Lo viste en Los Pol\u00edticos","Tiempo de lectura":"3 minutos"},"schema":{"@context":"https:\/\/schema.org","@graph":[{"@type":"Article","@id":"https:\/\/lospoliticosveracruz.com\/?p=13220#article","isPartOf":{"@id":"https:\/\/lospoliticosveracruz.com\/?p=13220"},"author":{"name":"Lo viste en Los Pol\u00edticos","@id":"https:\/\/lospoliticosveracruz.com\/#\/schema\/person\/b8702bb0e538456e6efd07080bf2a4a2"},"headline":"Festival de El Flaco de Oro","datePublished":"2014-11-03T18:55:35+00:00","mainEntityOfPage":{"@id":"https:\/\/lospoliticosveracruz.com\/?p=13220"},"wordCount":652,"commentCount":0,"publisher":{"@id":"https:\/\/lospoliticosveracruz.com\/#organization"},"image":{"@id":"https:\/\/lospoliticosveracruz.com\/?p=13220#primaryimage"},"thumbnailUrl":"http:\/\/www.lospoliticosveracruz.com.mx\/wp-content\/uploads\/2014\/11\/Agustin-Lara2-600-300x236.jpg","keywords":["Conaculta","Festival","IVEC","Luna de Plata","Magno Garcimarrero","Regina Orozco","Tlacotalpan","Veracruz","Xalapa"],"articleSection":["De Boleto"],"inLanguage":"es","potentialAction":[{"@type":"CommentAction","name":"Comment","target":["https:\/\/lospoliticosveracruz.com\/?p=13220#respond"]}]},{"@type":"WebPage","@id":"https:\/\/lospoliticosveracruz.com\/?p=13220","url":"https:\/\/lospoliticosveracruz.com\/?p=13220","name":"Festival de El Flaco de Oro - Los pol\u00edticos Veracruz","isPartOf":{"@id":"https:\/\/lospoliticosveracruz.com\/#website"},"primaryImageOfPage":{"@id":"https:\/\/lospoliticosveracruz.com\/?p=13220#primaryimage"},"image":{"@id":"https:\/\/lospoliticosveracruz.com\/?p=13220#primaryimage"},"thumbnailUrl":"http:\/\/www.lospoliticosveracruz.com.mx\/wp-content\/uploads\/2014\/11\/Agustin-Lara2-600-300x236.jpg","datePublished":"2014-11-03T18:55:35+00:00","breadcrumb":{"@id":"https:\/\/lospoliticosveracruz.com\/?p=13220#breadcrumb"},"inLanguage":"es","potentialAction":[{"@type":"ReadAction","target":["https:\/\/lospoliticosveracruz.com\/?p=13220"]}]},{"@type":"ImageObject","inLanguage":"es","@id":"https:\/\/lospoliticosveracruz.com\/?p=13220#primaryimage","url":"http:\/\/www.lospoliticosveracruz.com.mx\/wp-content\/uploads\/2014\/11\/Agustin-Lara2-600-300x236.jpg","contentUrl":"http:\/\/www.lospoliticosveracruz.com.mx\/wp-content\/uploads\/2014\/11\/Agustin-Lara2-600-300x236.jpg"},{"@type":"BreadcrumbList","@id":"https:\/\/lospoliticosveracruz.com\/?p=13220#breadcrumb","itemListElement":[{"@type":"ListItem","position":1,"name":"Portada","item":"https:\/\/lospoliticosveracruz.com\/"},{"@type":"ListItem","position":2,"name":"Festival de El Flaco de Oro"}]},{"@type":"WebSite","@id":"https:\/\/lospoliticosveracruz.com\/#website","url":"https:\/\/lospoliticosveracruz.com\/","name":"Los pol\u00edticos Veracruz","description":"","publisher":{"@id":"https:\/\/lospoliticosveracruz.com\/#organization"},"potentialAction":[{"@type":"SearchAction","target":{"@type":"EntryPoint","urlTemplate":"https:\/\/lospoliticosveracruz.com\/?s={search_term_string}"},"query-input":{"@type":"PropertyValueSpecification","valueRequired":true,"valueName":"search_term_string"}}],"inLanguage":"es"},{"@type":"Organization","@id":"https:\/\/lospoliticosveracruz.com\/#organization","name":"Los pol\u00edticos Veracruz","url":"https:\/\/lospoliticosveracruz.com\/","logo":{"@type":"ImageObject","inLanguage":"es","@id":"https:\/\/lospoliticosveracruz.com\/#\/schema\/logo\/image\/","url":"https:\/\/lospoliticosveracruz.com\/wp-content\/uploads\/2025\/12\/Logo-Nuevo-LOS-POLITICOS-1.jpg","contentUrl":"https:\/\/lospoliticosveracruz.com\/wp-content\/uploads\/2025\/12\/Logo-Nuevo-LOS-POLITICOS-1.jpg","width":260,"height":70,"caption":"Los pol\u00edticos Veracruz"},"image":{"@id":"https:\/\/lospoliticosveracruz.com\/#\/schema\/logo\/image\/"},"sameAs":["https:\/\/www.facebook.com\/people\/Notimemes-de-los-Polticos\/61565672886568\/","https:\/\/x.com\/LosPoliticosVer"]},{"@type":"Person","@id":"https:\/\/lospoliticosveracruz.com\/#\/schema\/person\/b8702bb0e538456e6efd07080bf2a4a2","name":"Lo viste en Los Pol\u00edticos","image":{"@type":"ImageObject","inLanguage":"es","@id":"https:\/\/secure.gravatar.com\/avatar\/3a8de04a2656d44082be478bd6c086daa447c4651605818287b9532d3d0bd435?s=96&d=mm&r=g","url":"https:\/\/secure.gravatar.com\/avatar\/3a8de04a2656d44082be478bd6c086daa447c4651605818287b9532d3d0bd435?s=96&d=mm&r=g","contentUrl":"https:\/\/secure.gravatar.com\/avatar\/3a8de04a2656d44082be478bd6c086daa447c4651605818287b9532d3d0bd435?s=96&d=mm&r=g","caption":"Lo viste en Los Pol\u00edticos"},"url":"https:\/\/lospoliticosveracruz.com\/?author=2"}]}},"_links":{"self":[{"href":"https:\/\/lospoliticosveracruz.com\/index.php?rest_route=\/wp\/v2\/posts\/13220","targetHints":{"allow":["GET"]}}],"collection":[{"href":"https:\/\/lospoliticosveracruz.com\/index.php?rest_route=\/wp\/v2\/posts"}],"about":[{"href":"https:\/\/lospoliticosveracruz.com\/index.php?rest_route=\/wp\/v2\/types\/post"}],"author":[{"embeddable":true,"href":"https:\/\/lospoliticosveracruz.com\/index.php?rest_route=\/wp\/v2\/users\/2"}],"replies":[{"embeddable":true,"href":"https:\/\/lospoliticosveracruz.com\/index.php?rest_route=%2Fwp%2Fv2%2Fcomments&post=13220"}],"version-history":[{"count":1,"href":"https:\/\/lospoliticosveracruz.com\/index.php?rest_route=\/wp\/v2\/posts\/13220\/revisions"}],"predecessor-version":[{"id":13223,"href":"https:\/\/lospoliticosveracruz.com\/index.php?rest_route=\/wp\/v2\/posts\/13220\/revisions\/13223"}],"wp:attachment":[{"href":"https:\/\/lospoliticosveracruz.com\/index.php?rest_route=%2Fwp%2Fv2%2Fmedia&parent=13220"}],"wp:term":[{"taxonomy":"category","embeddable":true,"href":"https:\/\/lospoliticosveracruz.com\/index.php?rest_route=%2Fwp%2Fv2%2Fcategories&post=13220"},{"taxonomy":"post_tag","embeddable":true,"href":"https:\/\/lospoliticosveracruz.com\/index.php?rest_route=%2Fwp%2Fv2%2Ftags&post=13220"}],"curies":[{"name":"wp","href":"https:\/\/api.w.org\/{rel}","templated":true}]}}