{"id":132231,"date":"2024-11-08T06:36:06","date_gmt":"2024-11-08T12:36:06","guid":{"rendered":"https:\/\/lospoliticosveracruz.com.mx\/?p=132231"},"modified":"2024-11-08T06:36:14","modified_gmt":"2024-11-08T12:36:14","slug":"retiran-ley-organica-de-la-uv","status":"publish","type":"post","link":"https:\/\/lospoliticosveracruz.com\/?p=132231","title":{"rendered":"RETIRAN LEY ORG\u00c1NICA DE LA UV"},"content":{"rendered":"\n<p><strong>Omar Z\u00fa\u00f1iga<\/strong><\/p>\n\n\n\n<p><em>De Primera Mano<\/em> <\/p>\n\n\n\n<p>Pues nada\u2026, resulta que luego de que en este espacio les comentamos que el rectorcito de la Universidad Veracruzana,&nbsp;<strong>Gerardo Mart\u00edn Aguilar<\/strong>, ya se hab\u00eda tardado en enviar su Ley Org\u00e1nica al Congreso del Estado, la que le abre la puerta a la reelecci\u00f3n por asunto de edad, nos enteramos, como un portazo en la cara, que finalmente la present\u00f3 el 24 de octubre pasado, en sesi\u00f3n de la Comisi\u00f3n Permanente de la Legislatura que termin\u00f3 su trabajo el lunes pasado.<\/p>\n\n\n\n<p>Entonces vinieron las conjeturas sobre que quiz\u00e1 habr\u00eda acuerdo con el&nbsp;exdiputado&nbsp;<strong>Juan Javier G\u00f3mez&nbsp;<\/strong><strong>Cazar\u00edn<\/strong><strong>&nbsp;<\/strong>para sacarla de manera expr\u00e9s, pues tambi\u00e9n comentamos que,&nbsp;a manera de probabilidad, no la hab\u00eda enviado&nbsp;antes&nbsp;pues no exist\u00eda la ven\u00eda de la hoy gobernadora electa&nbsp;<strong>Roc\u00edo&nbsp;<\/strong><strong>Nahle<\/strong>.<\/p>\n\n\n\n<p>As\u00ed las cosas, esta versi\u00f3n vuelve a tomar fuerza, pues conforme fueron pasando los d\u00edas, finalmente el cuestionado G\u00f3mez&nbsp;Cazar\u00edn&nbsp;se fue y no hubo nada de la tambi\u00e9n cuestionada Ley Org\u00e1nica de la Universidad Veracruzana, que fue aprobada en medio de muchas inc\u00f3gnitas por parte de la comunidad universitaria.<\/p>\n\n\n\n<p>S\u00f3lo fue presentada en la Permanente y ya\u2026, la euforia dur\u00f3 lo mismo que un pedo en una hamaca.<\/p>\n\n\n\n<p>Y adem\u00e1s de esta circunstancia, la versi\u00f3n de que&nbsp;Martincillo&nbsp;se fue por la libre se refuerza, pues sin m\u00e1s ni m\u00e1s, y a trav\u00e9s del respectivo oficio, muy comedido por cierto, el rectorcito pidi\u00f3 a la LXVII Legislatura del Estado Libre y Soberano de Veracruz de Ignacio de la Llave, que retiren la Ley Org\u00e1nica de la UV para que no sea sometida al escrutinio de los diputados.<\/p>\n\n\n\n<p>As\u00ed es. A trav\u00e9s del oficio REC\/505-2024 con fecha 4 de noviembre del a\u00f1o de&nbsp;Dios y Mar\u00eda Sant\u00edsima de 2024,&nbsp;firmado por el rector de la Universidad Veracruzana&nbsp;y recibido en el Congreso,&nbsp;\u201cse solicita se suspenda el proceso legislativo de la iniciativa de Ley Org\u00e1nica de la Universidad veracruzana, presentada en sesi\u00f3n celebrada el 24 de octubre del A\u00f1o en curso (\u2026)\u201d.<\/p>\n\n\n\n<p>Aunque los te\u00f3ricos de la comunicaci\u00f3n dicen que no hay nada obvio, obviamente esta situaci\u00f3n levanta m\u00e1s dudas que certezas sobre la situaci\u00f3n que priva en la Universidad Veracruzana, pues es un hecho, como lo hemos&nbsp;venido documentando, que las cosas en la M\u00e1xima Casa de Estudios del estado est\u00e1n&nbsp;para llorar.<\/p>\n\n\n\n<p>El descontento entre el claustro acad\u00e9mico, comunidad estudiantil incluso los mismos trabajadores adheridos al otrora combativo SETSUV, va in crescendo y muchos aseguran que es cuesti\u00f3n de tiempo que estalle como una olla de presi\u00f3n.<\/p>\n\n\n\n<p>*****<\/p>\n\n\n\n<p>Para documentar el optimismo\u2026, el pasado 24 de octubre, un empleado de la misma UV, cuyo nombre corresponde a las iniciales CS, empez\u00f3 a sentirse mal, el hombre con una cardiopat\u00eda.<\/p>\n\n\n\n<p>Sus compa\u00f1eros lo llevaron al Servicio M\u00e9dico de la Universidad, donde anteriormente se encontraba el que una vez fuera el muy reconocido Hospital de Ginecolog\u00eda, all\u00e1 por el rumbo de la Estaci\u00f3n Central de Bomberos en Xalapa, es decir, distante unos seis kil\u00f3metros de su centro de trabajo.<\/p>\n\n\n\n<p>Entre par\u00e9ntesis, el Servicio M\u00e9dico de la UV es actualmente quiz\u00e1 lo m\u00e1s codiciado de trabajar para la UV, pues el prestigio de lo ha llevado&nbsp;Martincillocon \u00e9l.<\/p>\n\n\n\n<p>Ya en el lugar, a CS le negaron la atenci\u00f3n \u00a1por no llevar cita!; le dijeron que gracias, no gracias y obligaron los responsables en ese momento a los acompa\u00f1antes de CS a pedir una ambulancia.<\/p>\n\n\n\n<p>Cuando la ambulancia, el trabajador universitario ya hab\u00eda muerto.<\/p>\n\n\n\n<p>De esta situaci\u00f3n por supuesto nada fue informado, lo sabemos De Primera Mano, gracias a su confianza.<\/p>\n\n\n\n<p>Lo menos que esperan sus familiares es que haya justicia y se tomen medidas para que este tipo de situaciones no vuelvan a repetirse.<\/p>\n\n\n\n<p>Ahora le dicen a&nbsp;Martincillo, los muertos que vos mat\u00e1is\u2026, trabajan en la misma UV.<\/p>\n\n\n\n<p>\u00a1Qu\u00e9 barbaridad!<\/p>\n\n\n\n<p>deprimera.mano@gmail.com<\/p>\n","protected":false},"excerpt":{"rendered":"<p>Omar Z\u00fa\u00f1iga De Primera Mano Pues nada\u2026, resulta que luego de que en este espacio les comentamos que el rectorcito de la Universidad Veracruzana,&nbsp;Gerardo Mart\u00edn Aguilar, ya se hab\u00eda tardado en enviar su Ley Org\u00e1nica al Congreso del Estado, la que le abre la puerta a la reelecci\u00f3n por asunto de edad, nos enteramos, como [&hellip;]<\/p>\n","protected":false},"author":2,"featured_media":119918,"comment_status":"closed","ping_status":"closed","sticky":false,"template":"","format":"standard","meta":{"tdm_status":"","tdm_grid_status":"","footnotes":""},"categories":[70],"tags":[39430,12695,42205,3578,172,195],"class_list":{"0":"post-132231","1":"post","2":"type-post","3":"status-publish","4":"format-standard","5":"has-post-thumbnail","7":"category-de-opinion","8":"tag-gerardo-martin-aguilar","9":"tag-juan-javier-gomez-cazarin","10":"tag-ley-organica-de-la-uv","11":"tag-rocio-nahle","12":"tag-uv","13":"tag-veracruz"},"yoast_head":"<!-- This site is optimized with the Yoast SEO plugin v27.4 - https:\/\/yoast.com\/product\/yoast-seo-wordpress\/ -->\n<title>RETIRAN LEY ORG\u00c1NICA DE LA UV - Los pol\u00edticos Veracruz<\/title>\n<meta name=\"robots\" content=\"index, follow, max-snippet:-1, max-image-preview:large, max-video-preview:-1\" \/>\n<link rel=\"canonical\" href=\"https:\/\/lospoliticosveracruz.com\/?p=132231\" \/>\n<meta property=\"og:locale\" content=\"es_ES\" \/>\n<meta property=\"og:type\" content=\"article\" \/>\n<meta property=\"og:title\" content=\"RETIRAN LEY ORG\u00c1NICA DE LA UV - Los pol\u00edticos Veracruz\" \/>\n<meta property=\"og:description\" content=\"Omar Z\u00fa\u00f1iga De Primera Mano Pues nada\u2026, resulta que luego de que en este espacio les comentamos que el rectorcito de la Universidad Veracruzana,&nbsp;Gerardo Mart\u00edn Aguilar, ya se hab\u00eda tardado en enviar su Ley Org\u00e1nica al Congreso del Estado, la que le abre la puerta a la reelecci\u00f3n por asunto de edad, nos enteramos, como [&hellip;]\" \/>\n<meta property=\"og:url\" content=\"https:\/\/lospoliticosveracruz.com\/?p=132231\" \/>\n<meta property=\"og:site_name\" content=\"Los pol\u00edticos Veracruz\" \/>\n<meta property=\"article:publisher\" content=\"https:\/\/www.facebook.com\/people\/Notimemes-de-los-Polticos\/61565672886568\/\" \/>\n<meta property=\"article:published_time\" content=\"2024-11-08T12:36:06+00:00\" \/>\n<meta property=\"article:modified_time\" content=\"2024-11-08T12:36:14+00:00\" \/>\n<meta property=\"og:image\" content=\"https:\/\/lospoliticosveracruz.com\/wp-content\/uploads\/2024\/03\/Omar-Zuniga.jpg\" \/>\n\t<meta property=\"og:image:width\" content=\"1250\" \/>\n\t<meta property=\"og:image:height\" content=\"667\" \/>\n\t<meta property=\"og:image:type\" content=\"image\/jpeg\" \/>\n<meta name=\"author\" content=\"Lo viste en Los Pol\u00edticos\" \/>\n<meta name=\"twitter:card\" content=\"summary_large_image\" \/>\n<meta name=\"twitter:creator\" content=\"@LosPoliticosVer\" \/>\n<meta name=\"twitter:site\" content=\"@LosPoliticosVer\" \/>\n<meta name=\"twitter:label1\" content=\"Escrito por\" \/>\n\t<meta name=\"twitter:data1\" content=\"Lo viste en Los Pol\u00edticos\" \/>\n\t<meta name=\"twitter:label2\" content=\"Tiempo de lectura\" \/>\n\t<meta name=\"twitter:data2\" content=\"4 minutos\" \/>\n<script type=\"application\/ld+json\" class=\"yoast-schema-graph\">{\"@context\":\"https:\\\/\\\/schema.org\",\"@graph\":[{\"@type\":\"Article\",\"@id\":\"https:\\\/\\\/lospoliticosveracruz.com\\\/?p=132231#article\",\"isPartOf\":{\"@id\":\"https:\\\/\\\/lospoliticosveracruz.com\\\/?p=132231\"},\"author\":{\"name\":\"Lo viste en Los Pol\u00edticos\",\"@id\":\"https:\\\/\\\/lospoliticosveracruz.com\\\/#\\\/schema\\\/person\\\/b8702bb0e538456e6efd07080bf2a4a2\"},\"headline\":\"RETIRAN LEY ORG\u00c1NICA DE LA UV\",\"datePublished\":\"2024-11-08T12:36:06+00:00\",\"dateModified\":\"2024-11-08T12:36:14+00:00\",\"mainEntityOfPage\":{\"@id\":\"https:\\\/\\\/lospoliticosveracruz.com\\\/?p=132231\"},\"wordCount\":720,\"publisher\":{\"@id\":\"https:\\\/\\\/lospoliticosveracruz.com\\\/#organization\"},\"image\":{\"@id\":\"https:\\\/\\\/lospoliticosveracruz.com\\\/?p=132231#primaryimage\"},\"thumbnailUrl\":\"https:\\\/\\\/lospoliticosveracruz.com\\\/wp-content\\\/uploads\\\/2024\\\/03\\\/Omar-Zuniga.jpg\",\"keywords\":[\"Gerardo Mart\u00edn Aguilar\",\"Juan Javier G\u00f3mez Cazar\u00edn\",\"Ley Org\u00e1nica de la UV\",\"Roc\u00edo Nahle\",\"UV\",\"Veracruz\"],\"articleSection\":[\"De Opini\u00f3n\"],\"inLanguage\":\"es\"},{\"@type\":\"WebPage\",\"@id\":\"https:\\\/\\\/lospoliticosveracruz.com\\\/?p=132231\",\"url\":\"https:\\\/\\\/lospoliticosveracruz.com\\\/?p=132231\",\"name\":\"RETIRAN LEY ORG\u00c1NICA DE LA UV - Los pol\u00edticos Veracruz\",\"isPartOf\":{\"@id\":\"https:\\\/\\\/lospoliticosveracruz.com\\\/#website\"},\"primaryImageOfPage\":{\"@id\":\"https:\\\/\\\/lospoliticosveracruz.com\\\/?p=132231#primaryimage\"},\"image\":{\"@id\":\"https:\\\/\\\/lospoliticosveracruz.com\\\/?p=132231#primaryimage\"},\"thumbnailUrl\":\"https:\\\/\\\/lospoliticosveracruz.com\\\/wp-content\\\/uploads\\\/2024\\\/03\\\/Omar-Zuniga.jpg\",\"datePublished\":\"2024-11-08T12:36:06+00:00\",\"dateModified\":\"2024-11-08T12:36:14+00:00\",\"breadcrumb\":{\"@id\":\"https:\\\/\\\/lospoliticosveracruz.com\\\/?p=132231#breadcrumb\"},\"inLanguage\":\"es\",\"potentialAction\":[{\"@type\":\"ReadAction\",\"target\":[\"https:\\\/\\\/lospoliticosveracruz.com\\\/?p=132231\"]}]},{\"@type\":\"ImageObject\",\"inLanguage\":\"es\",\"@id\":\"https:\\\/\\\/lospoliticosveracruz.com\\\/?p=132231#primaryimage\",\"url\":\"https:\\\/\\\/lospoliticosveracruz.com\\\/wp-content\\\/uploads\\\/2024\\\/03\\\/Omar-Zuniga.jpg\",\"contentUrl\":\"https:\\\/\\\/lospoliticosveracruz.com\\\/wp-content\\\/uploads\\\/2024\\\/03\\\/Omar-Zuniga.jpg\",\"width\":1250,\"height\":667},{\"@type\":\"BreadcrumbList\",\"@id\":\"https:\\\/\\\/lospoliticosveracruz.com\\\/?p=132231#breadcrumb\",\"itemListElement\":[{\"@type\":\"ListItem\",\"position\":1,\"name\":\"Portada\",\"item\":\"https:\\\/\\\/lospoliticosveracruz.com\\\/\"},{\"@type\":\"ListItem\",\"position\":2,\"name\":\"RETIRAN LEY ORG\u00c1NICA DE LA UV\"}]},{\"@type\":\"WebSite\",\"@id\":\"https:\\\/\\\/lospoliticosveracruz.com\\\/#website\",\"url\":\"https:\\\/\\\/lospoliticosveracruz.com\\\/\",\"name\":\"Los pol\u00edticos Veracruz\",\"description\":\"\",\"publisher\":{\"@id\":\"https:\\\/\\\/lospoliticosveracruz.com\\\/#organization\"},\"potentialAction\":[{\"@type\":\"SearchAction\",\"target\":{\"@type\":\"EntryPoint\",\"urlTemplate\":\"https:\\\/\\\/lospoliticosveracruz.com\\\/?s={search_term_string}\"},\"query-input\":{\"@type\":\"PropertyValueSpecification\",\"valueRequired\":true,\"valueName\":\"search_term_string\"}}],\"inLanguage\":\"es\"},{\"@type\":\"Organization\",\"@id\":\"https:\\\/\\\/lospoliticosveracruz.com\\\/#organization\",\"name\":\"Los pol\u00edticos Veracruz\",\"url\":\"https:\\\/\\\/lospoliticosveracruz.com\\\/\",\"logo\":{\"@type\":\"ImageObject\",\"inLanguage\":\"es\",\"@id\":\"https:\\\/\\\/lospoliticosveracruz.com\\\/#\\\/schema\\\/logo\\\/image\\\/\",\"url\":\"https:\\\/\\\/lospoliticosveracruz.com\\\/wp-content\\\/uploads\\\/2025\\\/12\\\/Logo-Nuevo-LOS-POLITICOS-1.jpg\",\"contentUrl\":\"https:\\\/\\\/lospoliticosveracruz.com\\\/wp-content\\\/uploads\\\/2025\\\/12\\\/Logo-Nuevo-LOS-POLITICOS-1.jpg\",\"width\":260,\"height\":70,\"caption\":\"Los pol\u00edticos Veracruz\"},\"image\":{\"@id\":\"https:\\\/\\\/lospoliticosveracruz.com\\\/#\\\/schema\\\/logo\\\/image\\\/\"},\"sameAs\":[\"https:\\\/\\\/www.facebook.com\\\/people\\\/Notimemes-de-los-Polticos\\\/61565672886568\\\/\",\"https:\\\/\\\/x.com\\\/LosPoliticosVer\"]},{\"@type\":\"Person\",\"@id\":\"https:\\\/\\\/lospoliticosveracruz.com\\\/#\\\/schema\\\/person\\\/b8702bb0e538456e6efd07080bf2a4a2\",\"name\":\"Lo viste en Los Pol\u00edticos\",\"image\":{\"@type\":\"ImageObject\",\"inLanguage\":\"es\",\"@id\":\"https:\\\/\\\/secure.gravatar.com\\\/avatar\\\/3a8de04a2656d44082be478bd6c086daa447c4651605818287b9532d3d0bd435?s=96&d=mm&r=g\",\"url\":\"https:\\\/\\\/secure.gravatar.com\\\/avatar\\\/3a8de04a2656d44082be478bd6c086daa447c4651605818287b9532d3d0bd435?s=96&d=mm&r=g\",\"contentUrl\":\"https:\\\/\\\/secure.gravatar.com\\\/avatar\\\/3a8de04a2656d44082be478bd6c086daa447c4651605818287b9532d3d0bd435?s=96&d=mm&r=g\",\"caption\":\"Lo viste en Los Pol\u00edticos\"},\"url\":\"https:\\\/\\\/lospoliticosveracruz.com\\\/?author=2\"}]}<\/script>\n<!-- \/ Yoast SEO plugin. -->","yoast_head_json":{"title":"RETIRAN LEY ORG\u00c1NICA DE LA UV - Los pol\u00edticos Veracruz","robots":{"index":"index","follow":"follow","max-snippet":"max-snippet:-1","max-image-preview":"max-image-preview:large","max-video-preview":"max-video-preview:-1"},"canonical":"https:\/\/lospoliticosveracruz.com\/?p=132231","og_locale":"es_ES","og_type":"article","og_title":"RETIRAN LEY ORG\u00c1NICA DE LA UV - Los pol\u00edticos Veracruz","og_description":"Omar Z\u00fa\u00f1iga De Primera Mano Pues nada\u2026, resulta que luego de que en este espacio les comentamos que el rectorcito de la Universidad Veracruzana,&nbsp;Gerardo Mart\u00edn Aguilar, ya se hab\u00eda tardado en enviar su Ley Org\u00e1nica al Congreso del Estado, la que le abre la puerta a la reelecci\u00f3n por asunto de edad, nos enteramos, como [&hellip;]","og_url":"https:\/\/lospoliticosveracruz.com\/?p=132231","og_site_name":"Los pol\u00edticos Veracruz","article_publisher":"https:\/\/www.facebook.com\/people\/Notimemes-de-los-Polticos\/61565672886568\/","article_published_time":"2024-11-08T12:36:06+00:00","article_modified_time":"2024-11-08T12:36:14+00:00","og_image":[{"width":1250,"height":667,"url":"https:\/\/lospoliticosveracruz.com\/wp-content\/uploads\/2024\/03\/Omar-Zuniga.jpg","type":"image\/jpeg"}],"author":"Lo viste en Los Pol\u00edticos","twitter_card":"summary_large_image","twitter_creator":"@LosPoliticosVer","twitter_site":"@LosPoliticosVer","twitter_misc":{"Escrito por":"Lo viste en Los Pol\u00edticos","Tiempo de lectura":"4 minutos"},"schema":{"@context":"https:\/\/schema.org","@graph":[{"@type":"Article","@id":"https:\/\/lospoliticosveracruz.com\/?p=132231#article","isPartOf":{"@id":"https:\/\/lospoliticosveracruz.com\/?p=132231"},"author":{"name":"Lo viste en Los Pol\u00edticos","@id":"https:\/\/lospoliticosveracruz.com\/#\/schema\/person\/b8702bb0e538456e6efd07080bf2a4a2"},"headline":"RETIRAN LEY ORG\u00c1NICA DE LA UV","datePublished":"2024-11-08T12:36:06+00:00","dateModified":"2024-11-08T12:36:14+00:00","mainEntityOfPage":{"@id":"https:\/\/lospoliticosveracruz.com\/?p=132231"},"wordCount":720,"publisher":{"@id":"https:\/\/lospoliticosveracruz.com\/#organization"},"image":{"@id":"https:\/\/lospoliticosveracruz.com\/?p=132231#primaryimage"},"thumbnailUrl":"https:\/\/lospoliticosveracruz.com\/wp-content\/uploads\/2024\/03\/Omar-Zuniga.jpg","keywords":["Gerardo Mart\u00edn Aguilar","Juan Javier G\u00f3mez Cazar\u00edn","Ley Org\u00e1nica de la UV","Roc\u00edo Nahle","UV","Veracruz"],"articleSection":["De Opini\u00f3n"],"inLanguage":"es"},{"@type":"WebPage","@id":"https:\/\/lospoliticosveracruz.com\/?p=132231","url":"https:\/\/lospoliticosveracruz.com\/?p=132231","name":"RETIRAN LEY ORG\u00c1NICA DE LA UV - Los pol\u00edticos Veracruz","isPartOf":{"@id":"https:\/\/lospoliticosveracruz.com\/#website"},"primaryImageOfPage":{"@id":"https:\/\/lospoliticosveracruz.com\/?p=132231#primaryimage"},"image":{"@id":"https:\/\/lospoliticosveracruz.com\/?p=132231#primaryimage"},"thumbnailUrl":"https:\/\/lospoliticosveracruz.com\/wp-content\/uploads\/2024\/03\/Omar-Zuniga.jpg","datePublished":"2024-11-08T12:36:06+00:00","dateModified":"2024-11-08T12:36:14+00:00","breadcrumb":{"@id":"https:\/\/lospoliticosveracruz.com\/?p=132231#breadcrumb"},"inLanguage":"es","potentialAction":[{"@type":"ReadAction","target":["https:\/\/lospoliticosveracruz.com\/?p=132231"]}]},{"@type":"ImageObject","inLanguage":"es","@id":"https:\/\/lospoliticosveracruz.com\/?p=132231#primaryimage","url":"https:\/\/lospoliticosveracruz.com\/wp-content\/uploads\/2024\/03\/Omar-Zuniga.jpg","contentUrl":"https:\/\/lospoliticosveracruz.com\/wp-content\/uploads\/2024\/03\/Omar-Zuniga.jpg","width":1250,"height":667},{"@type":"BreadcrumbList","@id":"https:\/\/lospoliticosveracruz.com\/?p=132231#breadcrumb","itemListElement":[{"@type":"ListItem","position":1,"name":"Portada","item":"https:\/\/lospoliticosveracruz.com\/"},{"@type":"ListItem","position":2,"name":"RETIRAN LEY ORG\u00c1NICA DE LA UV"}]},{"@type":"WebSite","@id":"https:\/\/lospoliticosveracruz.com\/#website","url":"https:\/\/lospoliticosveracruz.com\/","name":"Los pol\u00edticos Veracruz","description":"","publisher":{"@id":"https:\/\/lospoliticosveracruz.com\/#organization"},"potentialAction":[{"@type":"SearchAction","target":{"@type":"EntryPoint","urlTemplate":"https:\/\/lospoliticosveracruz.com\/?s={search_term_string}"},"query-input":{"@type":"PropertyValueSpecification","valueRequired":true,"valueName":"search_term_string"}}],"inLanguage":"es"},{"@type":"Organization","@id":"https:\/\/lospoliticosveracruz.com\/#organization","name":"Los pol\u00edticos Veracruz","url":"https:\/\/lospoliticosveracruz.com\/","logo":{"@type":"ImageObject","inLanguage":"es","@id":"https:\/\/lospoliticosveracruz.com\/#\/schema\/logo\/image\/","url":"https:\/\/lospoliticosveracruz.com\/wp-content\/uploads\/2025\/12\/Logo-Nuevo-LOS-POLITICOS-1.jpg","contentUrl":"https:\/\/lospoliticosveracruz.com\/wp-content\/uploads\/2025\/12\/Logo-Nuevo-LOS-POLITICOS-1.jpg","width":260,"height":70,"caption":"Los pol\u00edticos Veracruz"},"image":{"@id":"https:\/\/lospoliticosveracruz.com\/#\/schema\/logo\/image\/"},"sameAs":["https:\/\/www.facebook.com\/people\/Notimemes-de-los-Polticos\/61565672886568\/","https:\/\/x.com\/LosPoliticosVer"]},{"@type":"Person","@id":"https:\/\/lospoliticosveracruz.com\/#\/schema\/person\/b8702bb0e538456e6efd07080bf2a4a2","name":"Lo viste en Los Pol\u00edticos","image":{"@type":"ImageObject","inLanguage":"es","@id":"https:\/\/secure.gravatar.com\/avatar\/3a8de04a2656d44082be478bd6c086daa447c4651605818287b9532d3d0bd435?s=96&d=mm&r=g","url":"https:\/\/secure.gravatar.com\/avatar\/3a8de04a2656d44082be478bd6c086daa447c4651605818287b9532d3d0bd435?s=96&d=mm&r=g","contentUrl":"https:\/\/secure.gravatar.com\/avatar\/3a8de04a2656d44082be478bd6c086daa447c4651605818287b9532d3d0bd435?s=96&d=mm&r=g","caption":"Lo viste en Los Pol\u00edticos"},"url":"https:\/\/lospoliticosveracruz.com\/?author=2"}]}},"_links":{"self":[{"href":"https:\/\/lospoliticosveracruz.com\/index.php?rest_route=\/wp\/v2\/posts\/132231","targetHints":{"allow":["GET"]}}],"collection":[{"href":"https:\/\/lospoliticosveracruz.com\/index.php?rest_route=\/wp\/v2\/posts"}],"about":[{"href":"https:\/\/lospoliticosveracruz.com\/index.php?rest_route=\/wp\/v2\/types\/post"}],"author":[{"embeddable":true,"href":"https:\/\/lospoliticosveracruz.com\/index.php?rest_route=\/wp\/v2\/users\/2"}],"replies":[{"embeddable":true,"href":"https:\/\/lospoliticosveracruz.com\/index.php?rest_route=%2Fwp%2Fv2%2Fcomments&post=132231"}],"version-history":[{"count":1,"href":"https:\/\/lospoliticosveracruz.com\/index.php?rest_route=\/wp\/v2\/posts\/132231\/revisions"}],"predecessor-version":[{"id":132232,"href":"https:\/\/lospoliticosveracruz.com\/index.php?rest_route=\/wp\/v2\/posts\/132231\/revisions\/132232"}],"wp:featuredmedia":[{"embeddable":true,"href":"https:\/\/lospoliticosveracruz.com\/index.php?rest_route=\/wp\/v2\/media\/119918"}],"wp:attachment":[{"href":"https:\/\/lospoliticosveracruz.com\/index.php?rest_route=%2Fwp%2Fv2%2Fmedia&parent=132231"}],"wp:term":[{"taxonomy":"category","embeddable":true,"href":"https:\/\/lospoliticosveracruz.com\/index.php?rest_route=%2Fwp%2Fv2%2Fcategories&post=132231"},{"taxonomy":"post_tag","embeddable":true,"href":"https:\/\/lospoliticosveracruz.com\/index.php?rest_route=%2Fwp%2Fv2%2Ftags&post=132231"}],"curies":[{"name":"wp","href":"https:\/\/api.w.org\/{rel}","templated":true}]}}