{"id":13235,"date":"2014-11-03T20:31:59","date_gmt":"2014-11-04T02:31:59","guid":{"rendered":"http:\/\/www.lospoliticosveracruz.com.mx\/?p=13235"},"modified":"2014-11-03T20:31:59","modified_gmt":"2014-11-04T02:31:59","slug":"derrames-y-danos-ambientales","status":"publish","type":"post","link":"https:\/\/lospoliticosveracruz.com\/?p=13235","title":{"rendered":"Derrames y da\u00f1os ambientales"},"content":{"rendered":"<p><a href=\"http:\/\/www.lospoliticosveracruz.com.mx\/wp-content\/uploads\/2014\/11\/pemex.jpg\"><img loading=\"lazy\" decoding=\"async\" class=\"alignnone size-medium wp-image-13236\" src=\"http:\/\/www.lospoliticosveracruz.com.mx\/wp-content\/uploads\/2014\/11\/pemex-300x228.jpg\" alt=\"pemex\" width=\"300\" height=\"228\" \/><\/a><\/p>\n<p>&nbsp;<\/p>\n<p><strong>Luis Alberto Romero<\/strong><\/p>\n<p><em>Hora Cero<\/em><\/p>\n<p>&nbsp;<\/p>\n<p>Hace poco m\u00e1s de un a\u00f1o, en Juan Rodr\u00edguez Clara, muy cerca de los l\u00edmites territoriales entre Veracruz y Oaxaca, ocurri\u00f3 un lamentable accidente al incendiarse un ducto de Petr\u00f3leos Mexicanos, parte de la l\u00ednea que va de Minatitl\u00e1n a la ciudad de M\u00e9xico. De acuerdo con versiones extraoficiales, los hechos causaron la muerte de tres personas.<\/p>\n<p>Un a\u00f1o despu\u00e9s, en Coatzintla, municipio enclavado en la zona norte de Veracruz, muy cerca de Poza Rica, se registr\u00f3 un derrame de hidrocarburo que caus\u00f3 fuertes da\u00f1os al entorno ambiental; la fuga contamin\u00f3 los mantos y el petr\u00f3leo afect\u00f3 a los cuerpos de agua en toda la zona, con el r\u00edo Cazones, incluido. Se trata de un da\u00f1o de dimensiones incalculables que de acuerdo con los vecinos del lugar y con organizaciones ambientalistas no ha sido atendido y mucho menos resuelto.<\/p>\n<p>El problema es que no se trata de uno, sino de dos derrames en una misma zona: el d\u00eda 22 de octubre ocurri\u00f3 la primera fuga en la comunidad El Tronconal, de Coatzintla; el segundo se registr\u00f3 cuatro d\u00edas despu\u00e9s, el 26 del mismo mes, en Miguel Hidalgo, asentamiento ubicado en el mismo municipio, justo en el pozo petrolero \u201cPoza Rica 226.\u201d<\/p>\n<p>En ambos casos, el da\u00f1o fue desestimado por Petr\u00f3leos Mexicanos, que tiene como pol\u00edtica no reconocer los pasivos ambientales; la dependencia inform\u00f3 que 650 mil litros fueron recolectados en el arroyo Cocineros y rechaz\u00f3 la mortandad de especies. Sin embargo, los datos contrastan con la informaci\u00f3n de instancias estatales, que hablaban de una recuperaci\u00f3n de 300 mil litros de petr\u00f3leo.<\/p>\n<p>De cualquier manera, sean 300 mil o 650 mil litros recolectados, se trata de una cantidad menor porque de acuerdo con estimaciones extraoficiales, el derrame fue de m\u00e1s de 2 millones 300 mil litros de crudo.<\/p>\n<p>A eso se debe la desesperaci\u00f3n de quienes habitan en la zona norte de Veracruz, donde la situaci\u00f3n se complica porque no hay quien responda por los da\u00f1os ocasionados. Por otro lado, las fotograf\u00edas de peces y mam\u00edferos muertos en los cuerpos de agua de Coatzintla y Poza Rica derrumban la declaraci\u00f3n oficial que descarta los da\u00f1os ambientales.<\/p>\n<p>Por desgracia, la informaci\u00f3n que se genera entorno a los derrames de hidrocarburo es frecuente: este 3 de noviembre, una toma clandestina en Ixtaczoquitl\u00e1n provoc\u00f3 una fuga que afect\u00f3 mil 500 metros lineales de cultivos de ca\u00f1a y contamin\u00f3 un arroyo temporal. El d\u00eda 26 del mes pasado ocurrieron dos derrames provocados por el mismo motivo en territorio veracruzano, uno en Tihuatl\u00e1n y otro en Omealca. Igual ocurri\u00f3 en 21 de octubre en la comunidad Los Sardos, municipio de Isla, donde una toma clandestina provoc\u00f3 una fuga en el poliducto Minatitl\u00e1n-M\u00e9xico.<\/p>\n<p>Pr\u00e1cticamente no hay semana en que no ocurra un derrame de crudo en el territorio estatal, donde cruzan 2 mil 500 kil\u00f3metros de ductos activos, lo que sumado a la extensi\u00f3n territorial de Veracruz, vuelve complejo el trabajo para evitar accidentes, como el ocurrido este lunes 3 de noviembre, cuando un incendio en el Activo de Producci\u00f3n Aceite Terciario del Golfo, tuvo como saldo 3 trabajadores lesionados. @luisromero85<\/p>\n","protected":false},"excerpt":{"rendered":"<p>&nbsp; Luis Alberto Romero Hora Cero &nbsp; Hace poco m\u00e1s de un a\u00f1o, en Juan Rodr\u00edguez Clara, muy cerca de los l\u00edmites territoriales entre Veracruz y Oaxaca, ocurri\u00f3 un lamentable accidente al incendiarse un ducto de Petr\u00f3leos Mexicanos, parte de la l\u00ednea que va de Minatitl\u00e1n a la ciudad de M\u00e9xico. De acuerdo con versiones [&hellip;]<\/p>\n","protected":false},"author":2,"featured_media":0,"comment_status":"open","ping_status":"open","sticky":false,"template":"","format":"standard","meta":{"tdm_status":"","tdm_grid_status":"","footnotes":""},"categories":[70],"tags":[690,691,689,195],"class_list":{"0":"post-13235","1":"post","2":"type-post","3":"status-publish","4":"format-standard","6":"category-de-opinion","7":"tag-derrames","8":"tag-ductos","9":"tag-petroleos-mexicanos","10":"tag-veracruz"},"yoast_head":"<!-- This site is optimized with the Yoast SEO plugin v27.4 - https:\/\/yoast.com\/product\/yoast-seo-wordpress\/ -->\n<title>Derrames y da\u00f1os ambientales - Los pol\u00edticos Veracruz<\/title>\n<meta name=\"robots\" content=\"index, follow, max-snippet:-1, max-image-preview:large, max-video-preview:-1\" \/>\n<link rel=\"canonical\" href=\"https:\/\/lospoliticosveracruz.com\/?p=13235\" \/>\n<meta property=\"og:locale\" content=\"es_ES\" \/>\n<meta property=\"og:type\" content=\"article\" \/>\n<meta property=\"og:title\" content=\"Derrames y da\u00f1os ambientales - Los pol\u00edticos Veracruz\" \/>\n<meta property=\"og:description\" content=\"&nbsp; Luis Alberto Romero Hora Cero &nbsp; Hace poco m\u00e1s de un a\u00f1o, en Juan Rodr\u00edguez Clara, muy cerca de los l\u00edmites territoriales entre Veracruz y Oaxaca, ocurri\u00f3 un lamentable accidente al incendiarse un ducto de Petr\u00f3leos Mexicanos, parte de la l\u00ednea que va de Minatitl\u00e1n a la ciudad de M\u00e9xico. De acuerdo con versiones [&hellip;]\" \/>\n<meta property=\"og:url\" content=\"https:\/\/lospoliticosveracruz.com\/?p=13235\" \/>\n<meta property=\"og:site_name\" content=\"Los pol\u00edticos Veracruz\" \/>\n<meta property=\"article:publisher\" content=\"https:\/\/www.facebook.com\/people\/Notimemes-de-los-Polticos\/61565672886568\/\" \/>\n<meta property=\"article:published_time\" content=\"2014-11-04T02:31:59+00:00\" \/>\n<meta property=\"og:image\" content=\"http:\/\/www.lospoliticosveracruz.com.mx\/wp-content\/uploads\/2014\/11\/pemex-300x228.jpg\" \/>\n<meta name=\"author\" content=\"Lo viste en Los Pol\u00edticos\" \/>\n<meta name=\"twitter:card\" content=\"summary_large_image\" \/>\n<meta name=\"twitter:creator\" content=\"@LosPoliticosVer\" \/>\n<meta name=\"twitter:site\" content=\"@LosPoliticosVer\" \/>\n<meta name=\"twitter:label1\" content=\"Escrito por\" \/>\n\t<meta name=\"twitter:data1\" content=\"Lo viste en Los Pol\u00edticos\" \/>\n\t<meta name=\"twitter:label2\" content=\"Tiempo de lectura\" \/>\n\t<meta name=\"twitter:data2\" content=\"3 minutos\" \/>\n<script type=\"application\/ld+json\" class=\"yoast-schema-graph\">{\"@context\":\"https:\\\/\\\/schema.org\",\"@graph\":[{\"@type\":\"Article\",\"@id\":\"https:\\\/\\\/lospoliticosveracruz.com\\\/?p=13235#article\",\"isPartOf\":{\"@id\":\"https:\\\/\\\/lospoliticosveracruz.com\\\/?p=13235\"},\"author\":{\"name\":\"Lo viste en Los Pol\u00edticos\",\"@id\":\"https:\\\/\\\/lospoliticosveracruz.com\\\/#\\\/schema\\\/person\\\/b8702bb0e538456e6efd07080bf2a4a2\"},\"headline\":\"Derrames y da\u00f1os ambientales\",\"datePublished\":\"2014-11-04T02:31:59+00:00\",\"mainEntityOfPage\":{\"@id\":\"https:\\\/\\\/lospoliticosveracruz.com\\\/?p=13235\"},\"wordCount\":551,\"commentCount\":0,\"publisher\":{\"@id\":\"https:\\\/\\\/lospoliticosveracruz.com\\\/#organization\"},\"image\":{\"@id\":\"https:\\\/\\\/lospoliticosveracruz.com\\\/?p=13235#primaryimage\"},\"thumbnailUrl\":\"http:\\\/\\\/www.lospoliticosveracruz.com.mx\\\/wp-content\\\/uploads\\\/2014\\\/11\\\/pemex-300x228.jpg\",\"keywords\":[\"derrames\",\"ductos\",\"Petr\u00f3leos Mexicanos\",\"Veracruz\"],\"articleSection\":[\"De Opini\u00f3n\"],\"inLanguage\":\"es\",\"potentialAction\":[{\"@type\":\"CommentAction\",\"name\":\"Comment\",\"target\":[\"https:\\\/\\\/lospoliticosveracruz.com\\\/?p=13235#respond\"]}]},{\"@type\":\"WebPage\",\"@id\":\"https:\\\/\\\/lospoliticosveracruz.com\\\/?p=13235\",\"url\":\"https:\\\/\\\/lospoliticosveracruz.com\\\/?p=13235\",\"name\":\"Derrames y da\u00f1os ambientales - Los pol\u00edticos Veracruz\",\"isPartOf\":{\"@id\":\"https:\\\/\\\/lospoliticosveracruz.com\\\/#website\"},\"primaryImageOfPage\":{\"@id\":\"https:\\\/\\\/lospoliticosveracruz.com\\\/?p=13235#primaryimage\"},\"image\":{\"@id\":\"https:\\\/\\\/lospoliticosveracruz.com\\\/?p=13235#primaryimage\"},\"thumbnailUrl\":\"http:\\\/\\\/www.lospoliticosveracruz.com.mx\\\/wp-content\\\/uploads\\\/2014\\\/11\\\/pemex-300x228.jpg\",\"datePublished\":\"2014-11-04T02:31:59+00:00\",\"breadcrumb\":{\"@id\":\"https:\\\/\\\/lospoliticosveracruz.com\\\/?p=13235#breadcrumb\"},\"inLanguage\":\"es\",\"potentialAction\":[{\"@type\":\"ReadAction\",\"target\":[\"https:\\\/\\\/lospoliticosveracruz.com\\\/?p=13235\"]}]},{\"@type\":\"ImageObject\",\"inLanguage\":\"es\",\"@id\":\"https:\\\/\\\/lospoliticosveracruz.com\\\/?p=13235#primaryimage\",\"url\":\"http:\\\/\\\/www.lospoliticosveracruz.com.mx\\\/wp-content\\\/uploads\\\/2014\\\/11\\\/pemex-300x228.jpg\",\"contentUrl\":\"http:\\\/\\\/www.lospoliticosveracruz.com.mx\\\/wp-content\\\/uploads\\\/2014\\\/11\\\/pemex-300x228.jpg\"},{\"@type\":\"BreadcrumbList\",\"@id\":\"https:\\\/\\\/lospoliticosveracruz.com\\\/?p=13235#breadcrumb\",\"itemListElement\":[{\"@type\":\"ListItem\",\"position\":1,\"name\":\"Portada\",\"item\":\"https:\\\/\\\/lospoliticosveracruz.com\\\/\"},{\"@type\":\"ListItem\",\"position\":2,\"name\":\"Derrames y da\u00f1os ambientales\"}]},{\"@type\":\"WebSite\",\"@id\":\"https:\\\/\\\/lospoliticosveracruz.com\\\/#website\",\"url\":\"https:\\\/\\\/lospoliticosveracruz.com\\\/\",\"name\":\"Los pol\u00edticos Veracruz\",\"description\":\"\",\"publisher\":{\"@id\":\"https:\\\/\\\/lospoliticosveracruz.com\\\/#organization\"},\"potentialAction\":[{\"@type\":\"SearchAction\",\"target\":{\"@type\":\"EntryPoint\",\"urlTemplate\":\"https:\\\/\\\/lospoliticosveracruz.com\\\/?s={search_term_string}\"},\"query-input\":{\"@type\":\"PropertyValueSpecification\",\"valueRequired\":true,\"valueName\":\"search_term_string\"}}],\"inLanguage\":\"es\"},{\"@type\":\"Organization\",\"@id\":\"https:\\\/\\\/lospoliticosveracruz.com\\\/#organization\",\"name\":\"Los pol\u00edticos Veracruz\",\"url\":\"https:\\\/\\\/lospoliticosveracruz.com\\\/\",\"logo\":{\"@type\":\"ImageObject\",\"inLanguage\":\"es\",\"@id\":\"https:\\\/\\\/lospoliticosveracruz.com\\\/#\\\/schema\\\/logo\\\/image\\\/\",\"url\":\"https:\\\/\\\/lospoliticosveracruz.com\\\/wp-content\\\/uploads\\\/2025\\\/12\\\/Logo-Nuevo-LOS-POLITICOS-1.jpg\",\"contentUrl\":\"https:\\\/\\\/lospoliticosveracruz.com\\\/wp-content\\\/uploads\\\/2025\\\/12\\\/Logo-Nuevo-LOS-POLITICOS-1.jpg\",\"width\":260,\"height\":70,\"caption\":\"Los pol\u00edticos Veracruz\"},\"image\":{\"@id\":\"https:\\\/\\\/lospoliticosveracruz.com\\\/#\\\/schema\\\/logo\\\/image\\\/\"},\"sameAs\":[\"https:\\\/\\\/www.facebook.com\\\/people\\\/Notimemes-de-los-Polticos\\\/61565672886568\\\/\",\"https:\\\/\\\/x.com\\\/LosPoliticosVer\"]},{\"@type\":\"Person\",\"@id\":\"https:\\\/\\\/lospoliticosveracruz.com\\\/#\\\/schema\\\/person\\\/b8702bb0e538456e6efd07080bf2a4a2\",\"name\":\"Lo viste en Los Pol\u00edticos\",\"image\":{\"@type\":\"ImageObject\",\"inLanguage\":\"es\",\"@id\":\"https:\\\/\\\/secure.gravatar.com\\\/avatar\\\/3a8de04a2656d44082be478bd6c086daa447c4651605818287b9532d3d0bd435?s=96&d=mm&r=g\",\"url\":\"https:\\\/\\\/secure.gravatar.com\\\/avatar\\\/3a8de04a2656d44082be478bd6c086daa447c4651605818287b9532d3d0bd435?s=96&d=mm&r=g\",\"contentUrl\":\"https:\\\/\\\/secure.gravatar.com\\\/avatar\\\/3a8de04a2656d44082be478bd6c086daa447c4651605818287b9532d3d0bd435?s=96&d=mm&r=g\",\"caption\":\"Lo viste en Los Pol\u00edticos\"},\"url\":\"https:\\\/\\\/lospoliticosveracruz.com\\\/?author=2\"}]}<\/script>\n<!-- \/ Yoast SEO plugin. -->","yoast_head_json":{"title":"Derrames y da\u00f1os ambientales - Los pol\u00edticos Veracruz","robots":{"index":"index","follow":"follow","max-snippet":"max-snippet:-1","max-image-preview":"max-image-preview:large","max-video-preview":"max-video-preview:-1"},"canonical":"https:\/\/lospoliticosveracruz.com\/?p=13235","og_locale":"es_ES","og_type":"article","og_title":"Derrames y da\u00f1os ambientales - Los pol\u00edticos Veracruz","og_description":"&nbsp; Luis Alberto Romero Hora Cero &nbsp; Hace poco m\u00e1s de un a\u00f1o, en Juan Rodr\u00edguez Clara, muy cerca de los l\u00edmites territoriales entre Veracruz y Oaxaca, ocurri\u00f3 un lamentable accidente al incendiarse un ducto de Petr\u00f3leos Mexicanos, parte de la l\u00ednea que va de Minatitl\u00e1n a la ciudad de M\u00e9xico. De acuerdo con versiones [&hellip;]","og_url":"https:\/\/lospoliticosveracruz.com\/?p=13235","og_site_name":"Los pol\u00edticos Veracruz","article_publisher":"https:\/\/www.facebook.com\/people\/Notimemes-de-los-Polticos\/61565672886568\/","article_published_time":"2014-11-04T02:31:59+00:00","og_image":[{"url":"http:\/\/www.lospoliticosveracruz.com.mx\/wp-content\/uploads\/2014\/11\/pemex-300x228.jpg","type":"","width":"","height":""}],"author":"Lo viste en Los Pol\u00edticos","twitter_card":"summary_large_image","twitter_creator":"@LosPoliticosVer","twitter_site":"@LosPoliticosVer","twitter_misc":{"Escrito por":"Lo viste en Los Pol\u00edticos","Tiempo de lectura":"3 minutos"},"schema":{"@context":"https:\/\/schema.org","@graph":[{"@type":"Article","@id":"https:\/\/lospoliticosveracruz.com\/?p=13235#article","isPartOf":{"@id":"https:\/\/lospoliticosveracruz.com\/?p=13235"},"author":{"name":"Lo viste en Los Pol\u00edticos","@id":"https:\/\/lospoliticosveracruz.com\/#\/schema\/person\/b8702bb0e538456e6efd07080bf2a4a2"},"headline":"Derrames y da\u00f1os ambientales","datePublished":"2014-11-04T02:31:59+00:00","mainEntityOfPage":{"@id":"https:\/\/lospoliticosveracruz.com\/?p=13235"},"wordCount":551,"commentCount":0,"publisher":{"@id":"https:\/\/lospoliticosveracruz.com\/#organization"},"image":{"@id":"https:\/\/lospoliticosveracruz.com\/?p=13235#primaryimage"},"thumbnailUrl":"http:\/\/www.lospoliticosveracruz.com.mx\/wp-content\/uploads\/2014\/11\/pemex-300x228.jpg","keywords":["derrames","ductos","Petr\u00f3leos Mexicanos","Veracruz"],"articleSection":["De Opini\u00f3n"],"inLanguage":"es","potentialAction":[{"@type":"CommentAction","name":"Comment","target":["https:\/\/lospoliticosveracruz.com\/?p=13235#respond"]}]},{"@type":"WebPage","@id":"https:\/\/lospoliticosveracruz.com\/?p=13235","url":"https:\/\/lospoliticosveracruz.com\/?p=13235","name":"Derrames y da\u00f1os ambientales - Los pol\u00edticos Veracruz","isPartOf":{"@id":"https:\/\/lospoliticosveracruz.com\/#website"},"primaryImageOfPage":{"@id":"https:\/\/lospoliticosveracruz.com\/?p=13235#primaryimage"},"image":{"@id":"https:\/\/lospoliticosveracruz.com\/?p=13235#primaryimage"},"thumbnailUrl":"http:\/\/www.lospoliticosveracruz.com.mx\/wp-content\/uploads\/2014\/11\/pemex-300x228.jpg","datePublished":"2014-11-04T02:31:59+00:00","breadcrumb":{"@id":"https:\/\/lospoliticosveracruz.com\/?p=13235#breadcrumb"},"inLanguage":"es","potentialAction":[{"@type":"ReadAction","target":["https:\/\/lospoliticosveracruz.com\/?p=13235"]}]},{"@type":"ImageObject","inLanguage":"es","@id":"https:\/\/lospoliticosveracruz.com\/?p=13235#primaryimage","url":"http:\/\/www.lospoliticosveracruz.com.mx\/wp-content\/uploads\/2014\/11\/pemex-300x228.jpg","contentUrl":"http:\/\/www.lospoliticosveracruz.com.mx\/wp-content\/uploads\/2014\/11\/pemex-300x228.jpg"},{"@type":"BreadcrumbList","@id":"https:\/\/lospoliticosveracruz.com\/?p=13235#breadcrumb","itemListElement":[{"@type":"ListItem","position":1,"name":"Portada","item":"https:\/\/lospoliticosveracruz.com\/"},{"@type":"ListItem","position":2,"name":"Derrames y da\u00f1os ambientales"}]},{"@type":"WebSite","@id":"https:\/\/lospoliticosveracruz.com\/#website","url":"https:\/\/lospoliticosveracruz.com\/","name":"Los pol\u00edticos Veracruz","description":"","publisher":{"@id":"https:\/\/lospoliticosveracruz.com\/#organization"},"potentialAction":[{"@type":"SearchAction","target":{"@type":"EntryPoint","urlTemplate":"https:\/\/lospoliticosveracruz.com\/?s={search_term_string}"},"query-input":{"@type":"PropertyValueSpecification","valueRequired":true,"valueName":"search_term_string"}}],"inLanguage":"es"},{"@type":"Organization","@id":"https:\/\/lospoliticosveracruz.com\/#organization","name":"Los pol\u00edticos Veracruz","url":"https:\/\/lospoliticosveracruz.com\/","logo":{"@type":"ImageObject","inLanguage":"es","@id":"https:\/\/lospoliticosveracruz.com\/#\/schema\/logo\/image\/","url":"https:\/\/lospoliticosveracruz.com\/wp-content\/uploads\/2025\/12\/Logo-Nuevo-LOS-POLITICOS-1.jpg","contentUrl":"https:\/\/lospoliticosveracruz.com\/wp-content\/uploads\/2025\/12\/Logo-Nuevo-LOS-POLITICOS-1.jpg","width":260,"height":70,"caption":"Los pol\u00edticos Veracruz"},"image":{"@id":"https:\/\/lospoliticosveracruz.com\/#\/schema\/logo\/image\/"},"sameAs":["https:\/\/www.facebook.com\/people\/Notimemes-de-los-Polticos\/61565672886568\/","https:\/\/x.com\/LosPoliticosVer"]},{"@type":"Person","@id":"https:\/\/lospoliticosveracruz.com\/#\/schema\/person\/b8702bb0e538456e6efd07080bf2a4a2","name":"Lo viste en Los Pol\u00edticos","image":{"@type":"ImageObject","inLanguage":"es","@id":"https:\/\/secure.gravatar.com\/avatar\/3a8de04a2656d44082be478bd6c086daa447c4651605818287b9532d3d0bd435?s=96&d=mm&r=g","url":"https:\/\/secure.gravatar.com\/avatar\/3a8de04a2656d44082be478bd6c086daa447c4651605818287b9532d3d0bd435?s=96&d=mm&r=g","contentUrl":"https:\/\/secure.gravatar.com\/avatar\/3a8de04a2656d44082be478bd6c086daa447c4651605818287b9532d3d0bd435?s=96&d=mm&r=g","caption":"Lo viste en Los Pol\u00edticos"},"url":"https:\/\/lospoliticosveracruz.com\/?author=2"}]}},"_links":{"self":[{"href":"https:\/\/lospoliticosveracruz.com\/index.php?rest_route=\/wp\/v2\/posts\/13235","targetHints":{"allow":["GET"]}}],"collection":[{"href":"https:\/\/lospoliticosveracruz.com\/index.php?rest_route=\/wp\/v2\/posts"}],"about":[{"href":"https:\/\/lospoliticosveracruz.com\/index.php?rest_route=\/wp\/v2\/types\/post"}],"author":[{"embeddable":true,"href":"https:\/\/lospoliticosveracruz.com\/index.php?rest_route=\/wp\/v2\/users\/2"}],"replies":[{"embeddable":true,"href":"https:\/\/lospoliticosveracruz.com\/index.php?rest_route=%2Fwp%2Fv2%2Fcomments&post=13235"}],"version-history":[{"count":1,"href":"https:\/\/lospoliticosveracruz.com\/index.php?rest_route=\/wp\/v2\/posts\/13235\/revisions"}],"predecessor-version":[{"id":13237,"href":"https:\/\/lospoliticosveracruz.com\/index.php?rest_route=\/wp\/v2\/posts\/13235\/revisions\/13237"}],"wp:attachment":[{"href":"https:\/\/lospoliticosveracruz.com\/index.php?rest_route=%2Fwp%2Fv2%2Fmedia&parent=13235"}],"wp:term":[{"taxonomy":"category","embeddable":true,"href":"https:\/\/lospoliticosveracruz.com\/index.php?rest_route=%2Fwp%2Fv2%2Fcategories&post=13235"},{"taxonomy":"post_tag","embeddable":true,"href":"https:\/\/lospoliticosveracruz.com\/index.php?rest_route=%2Fwp%2Fv2%2Ftags&post=13235"}],"curies":[{"name":"wp","href":"https:\/\/api.w.org\/{rel}","templated":true}]}}