{"id":132371,"date":"2024-11-11T14:09:29","date_gmt":"2024-11-11T20:09:29","guid":{"rendered":"https:\/\/lospoliticosveracruz.com.mx\/?p=132371"},"modified":"2024-11-11T14:09:36","modified_gmt":"2024-11-11T20:09:36","slug":"el-hoy-que-construimos","status":"publish","type":"post","link":"https:\/\/lospoliticosveracruz.com\/?p=132371","title":{"rendered":"EL HOY QUE CONSTRUIMOS"},"content":{"rendered":"\n<p><br><strong>Jorge Arturo Rodr\u00edguez<\/strong><\/p>\n\n\n\n<p><em>Tierra de Babel<\/em><\/p>\n\n\n\n<p>Aperitivo: \u201cConsideremos la forma en que pasamos nuestras vidas\u201d. (Henry David Thoreau). \u00bfY c\u00f3mo pasa su vida? \u00bfNom\u00e1s milando?<\/p>\n\n\n\n<p>A pesar de lo que afirma el cineasta y productor Edgar San Juan, que en M\u00e9xico \u201cparece que entre m\u00e1s corrupto seas, m\u00e1s lejos puedes llegar\u201d, y de lo que sostiene Martin Scorsese: \u201cUno sabe c\u00f3mo es su pa\u00eds por c\u00f3mo trata a los pobres y los enfermos, estamos en tiempos dif\u00edciles\u201d, creo firmemente a\u00fan en el futuro presente, en el pasado futuro, en el pasado presente, en el hoy que construimos.<\/p>\n\n\n<div class=\"wp-block-image\">\n<figure class=\"alignleft size-medium\"><a href=\"https:\/\/lospoliticosveracruz.com.mx\/wp-content\/uploads\/2021\/10\/WhatsApp-Image-2021-10-02-at-15.20.25.jpeg\"><img loading=\"lazy\" decoding=\"async\" width=\"212\" height=\"300\" src=\"https:\/\/lospoliticosveracruz.com.mx\/wp-content\/uploads\/2021\/10\/WhatsApp-Image-2021-10-02-at-15.20.25-212x300.jpeg\" alt=\"\" class=\"wp-image-80177\" srcset=\"https:\/\/lospoliticosveracruz.com\/wp-content\/uploads\/2021\/10\/WhatsApp-Image-2021-10-02-at-15.20.25-212x300.jpeg 212w, https:\/\/lospoliticosveracruz.com\/wp-content\/uploads\/2021\/10\/WhatsApp-Image-2021-10-02-at-15.20.25-724x1024.jpeg 724w, https:\/\/lospoliticosveracruz.com\/wp-content\/uploads\/2021\/10\/WhatsApp-Image-2021-10-02-at-15.20.25-768x1086.jpeg 768w, https:\/\/lospoliticosveracruz.com\/wp-content\/uploads\/2021\/10\/WhatsApp-Image-2021-10-02-at-15.20.25.jpeg 905w\" sizes=\"auto, (max-width: 212px) 100vw, 212px\" \/><\/a><\/figure>\n<\/div>\n\n\n<p>Voy a creer en la palabra de nuestra Presidenta Claudia Sheinbaum: \u201cNuestro pa\u00eds est\u00e1 en un muy buen momento de desarrollo y estabilidad econ\u00f3mica, muestra de ello es la fortaleza del peso. El modelo de la Cuarta Transformaci\u00f3n funciona con Humanismo Mexicano y Econom\u00eda Moral.\u201d As\u00ed sea.<\/p>\n\n\n\n<p>Voy a creer en la palabra de la pr\u00f3xima Gobernadora Roc\u00edo Nahle: \u201cLas y los veracruzanos estamos unidos para enfrentar los retos que se presentan, por eso seguimos adelante con la misma pasi\u00f3n y dedicaci\u00f3n con la que enfrentamos desaf\u00edos y celebramos logros que reflejan nuestro esfuerzo y compromiso. \u00a1Vamos a seguir trabajando con resultados!\u201d Eso, eso, eso: resultados positivos, resultados para los m\u00e1s necesitados, resultados para los enfermos, resultados para todo nuestro Veracruz.<\/p>\n\n\n\n<p>La escuchamos Roc\u00edo Nahle: \u201c\u00a1No les voy a fallar!\u201d<\/p>\n\n\n\n<p>Pero eso s\u00ed, creo en M\u00e9xico.<\/p>\n\n\n\n<p>Los d\u00edas y los temas<\/p>\n\n\n\n<p>No soy proclive a la lectura de libros de autoayuda, quiz\u00e1s porque no me gusta enfrascarme en una preocupaci\u00f3n, sino en montones de interrogantes que de sobra s\u00e9 que no tienen respuestas, tanto las preguntas venidas de afuera como las que incursionan en mi interior cual demonios al acecho.<\/p>\n\n\n\n<p>Un d\u00eda -de esos d\u00edas que no deseas nadita de nada saber nada del mundo ni de ti mismo-, me adentr\u00e9 en un centro comercial pa\u2019 sentir lo que sienten los dem\u00e1s que nom\u00e1s van a \u201cbobear\u201d y no compran nada; digo, un d\u00eda me encontr\u00e9 en la secci\u00f3n de libros, \u00a1pos d\u00f3nde m\u00e1s!\u201d, con el t\u00edtulo Rel\u00e1jate un chingo, de Sarah Knight.<\/p>\n\n\n\n<p>Como era uno de esos d\u00edas en los que no tienes ni un pinche quinto -son los d\u00edas m\u00e1s frecuentes, al menos para m\u00ed-, me detuve y entretuve con el mencionado libro, para relajarme un poco, y como un ladr\u00f3n de libros que no lo fui, sino como un ladr\u00f3n actualizado, escane\u00e9 unas cuantas p\u00e1ginas y las le\u00ed luego, en la comodidad p\u00fablica de un parque donde abundan vendedores ambulantes, limosneros, pordioseros, vagabundos, menesterosos, indigentes -que no es lo mismo, pero es igual-, cre\u00eddos y soberbios, personas autoproclamadas cultas, familias adorablemente antip\u00e1ticas, nada emp\u00e1ticas, dulce vivir de la ni\u00f1ez corriendo, gritando y sonriendo, p\u00e1jaros en su canto, un sol sublime, all\u00e1 en la calle el ruido ruidoso del tr\u00e1fico vehicular y de pl\u00e1ticas insustanciales aderezadas de sonrisas y carcajadas diplom\u00e1ticas prontas a la hipocres\u00edas\u2026&nbsp;<\/p>\n\n\n\n<p>En fin, que autoayuda no necesito, pero Sarah Knight dice en la Introducci\u00f3n del libro: \u201cMe gustar\u00eda comenzar con algunas preguntas:\u201d Uta suerte, empieza amargando la vida con preguntas. En fin, ella contin\u00faa: \u201c\u00bfCu\u00e1nto tiempo pasas preocup\u00e1ndote por algo que ni siquiera ha sucedido todav\u00eda? \u00bfY cu\u00e1ntas horas has perdido trastornado por algo que ya sucedi\u00f3 (o evadi\u00e9ndolo, dado que un p\u00e1nico silencioso infesta tu alma), en lugar de tan solo lidiar con ello?\u201d<\/p>\n\n\n\n<p>Estaba pas\u00e1ndola bien ch\u00e9vere, ching\u00f3n, antes de estas preguntas tan profundas y ahora heme aqu\u00ed, martillando mi mente enloquecida de despreocupaciones -si esto es posible- y pronto al suicidio, al menos imaginario. Pero en el cap\u00edtulo \u201cLa mierda sucede\u201d leo: \u201cVaya que sucede. Y cuando pienso en toda la mierda que podr\u00eda o probablemente me pasar\u00e1 un d\u00eda cualquiera, recuerdo la letra de una canci\u00f3n escrita por un genio musical y gangsta espiritual, ya fallecido: el \u00fanico e inconfundible Prince (q.e.p.d.): \u201cQueridos amigos, estamos reunidos hoy en este lugar para superar esta cosa llamada vida\u201d.<\/p>\n\n\n\n<p>Entonces me anim\u00e9 y no compr\u00e9 el libro, desde luego, sino que me lament\u00e9 de tanto lamento. Maldita sea, me dije, y me pregunt\u00e9 qu\u00e9 fue primero el huevo o la gallina, a lo cual un estudio cient\u00edfico afirma que fue el huevo. Ta g\u00fceno. El chiste es lidiar con la cuadratura del c\u00edrculo, porque si no, nom\u00e1s no estamos contentos. Como preguntan expertos: \u00bfla inteligencia artificial podr\u00eda llevar a la extinci\u00f3n de la humanidad?<\/p>\n\n\n\n<p>Yo con el dramaturgo Juan Claudio Retes Campesino: \u201cLa vida es un gran teatro y nos metemos en el drama y nos encanta vivir en el drama en esta vida, que llamamos real\u201d. Y me quedo con el poema \u201cEn tus ojos\u201d, de Delmira Agustini:<\/p>\n\n\n\n<p>\u201c\u00bfSabes todas las cosas palpitantes,<\/p>\n\n\n\n<p>inanimadas, claras, tenebrosas,<\/p>\n\n\n\n<p>dulces, horrendas, juntas o distantes,<\/p>\n\n\n\n<p>que pueden ser tus ojos?&#8230; Tantas cosas\u201d.<\/p>\n\n\n\n<p>De cinismo y anexas<\/p>\n\n\n\n<p>Escribi\u00f3 Haruki Murakami: \u201cNo podemos quedarnos sentados mirando nuestras heridas para siempre\u201d.&nbsp;<\/p>\n\n\n\n<p>Hasta la pr\u00f3xima.<\/p>\n","protected":false},"excerpt":{"rendered":"<p>Jorge Arturo Rodr\u00edguez Tierra de Babel Aperitivo: \u201cConsideremos la forma en que pasamos nuestras vidas\u201d. (Henry David Thoreau). \u00bfY c\u00f3mo pasa su vida? \u00bfNom\u00e1s milando? A pesar de lo que afirma el cineasta y productor Edgar San Juan, que en M\u00e9xico \u201cparece que entre m\u00e1s corrupto seas, m\u00e1s lejos puedes llegar\u201d, y de lo que [&hellip;]<\/p>\n","protected":false},"author":2,"featured_media":119939,"comment_status":"closed","ping_status":"closed","sticky":false,"template":"","format":"standard","meta":{"tdm_status":"","tdm_grid_status":"","footnotes":""},"categories":[70],"tags":[42238],"class_list":{"0":"post-132371","1":"post","2":"type-post","3":"status-publish","4":"format-standard","5":"has-post-thumbnail","7":"category-de-opinion","8":"tag-henry-david-thoreau"},"yoast_head":"<!-- This site is optimized with the Yoast SEO plugin v27.4 - https:\/\/yoast.com\/product\/yoast-seo-wordpress\/ -->\n<title>EL HOY QUE CONSTRUIMOS - Los pol\u00edticos Veracruz<\/title>\n<meta name=\"robots\" content=\"index, follow, max-snippet:-1, max-image-preview:large, max-video-preview:-1\" \/>\n<link rel=\"canonical\" href=\"https:\/\/lospoliticosveracruz.com\/?p=132371\" \/>\n<meta property=\"og:locale\" content=\"es_ES\" \/>\n<meta property=\"og:type\" content=\"article\" \/>\n<meta property=\"og:title\" content=\"EL HOY QUE CONSTRUIMOS - Los pol\u00edticos Veracruz\" \/>\n<meta property=\"og:description\" content=\"Jorge Arturo Rodr\u00edguez Tierra de Babel Aperitivo: \u201cConsideremos la forma en que pasamos nuestras vidas\u201d. (Henry David Thoreau). \u00bfY c\u00f3mo pasa su vida? \u00bfNom\u00e1s milando? A pesar de lo que afirma el cineasta y productor Edgar San Juan, que en M\u00e9xico \u201cparece que entre m\u00e1s corrupto seas, m\u00e1s lejos puedes llegar\u201d, y de lo que [&hellip;]\" \/>\n<meta property=\"og:url\" content=\"https:\/\/lospoliticosveracruz.com\/?p=132371\" \/>\n<meta property=\"og:site_name\" content=\"Los pol\u00edticos Veracruz\" \/>\n<meta property=\"article:publisher\" content=\"https:\/\/www.facebook.com\/people\/Notimemes-de-los-Polticos\/61565672886568\/\" \/>\n<meta property=\"article:published_time\" content=\"2024-11-11T20:09:29+00:00\" \/>\n<meta property=\"article:modified_time\" content=\"2024-11-11T20:09:36+00:00\" \/>\n<meta property=\"og:image\" content=\"https:\/\/lospoliticosveracruz.com\/wp-content\/uploads\/2024\/03\/Jorge-Arturo-Rodriguez.jpg\" \/>\n\t<meta property=\"og:image:width\" content=\"1250\" \/>\n\t<meta property=\"og:image:height\" content=\"667\" \/>\n\t<meta property=\"og:image:type\" content=\"image\/jpeg\" \/>\n<meta name=\"author\" content=\"Lo viste en Los Pol\u00edticos\" \/>\n<meta name=\"twitter:card\" content=\"summary_large_image\" \/>\n<meta name=\"twitter:creator\" content=\"@LosPoliticosVer\" \/>\n<meta name=\"twitter:site\" content=\"@LosPoliticosVer\" \/>\n<meta name=\"twitter:label1\" content=\"Escrito por\" \/>\n\t<meta name=\"twitter:data1\" content=\"Lo viste en Los Pol\u00edticos\" \/>\n\t<meta name=\"twitter:label2\" content=\"Tiempo de lectura\" \/>\n\t<meta name=\"twitter:data2\" content=\"4 minutos\" \/>\n<script type=\"application\/ld+json\" class=\"yoast-schema-graph\">{\"@context\":\"https:\\\/\\\/schema.org\",\"@graph\":[{\"@type\":\"Article\",\"@id\":\"https:\\\/\\\/lospoliticosveracruz.com\\\/?p=132371#article\",\"isPartOf\":{\"@id\":\"https:\\\/\\\/lospoliticosveracruz.com\\\/?p=132371\"},\"author\":{\"name\":\"Lo viste en Los Pol\u00edticos\",\"@id\":\"https:\\\/\\\/lospoliticosveracruz.com\\\/#\\\/schema\\\/person\\\/b8702bb0e538456e6efd07080bf2a4a2\"},\"headline\":\"EL HOY QUE CONSTRUIMOS\",\"datePublished\":\"2024-11-11T20:09:29+00:00\",\"dateModified\":\"2024-11-11T20:09:36+00:00\",\"mainEntityOfPage\":{\"@id\":\"https:\\\/\\\/lospoliticosveracruz.com\\\/?p=132371\"},\"wordCount\":897,\"publisher\":{\"@id\":\"https:\\\/\\\/lospoliticosveracruz.com\\\/#organization\"},\"image\":{\"@id\":\"https:\\\/\\\/lospoliticosveracruz.com\\\/?p=132371#primaryimage\"},\"thumbnailUrl\":\"https:\\\/\\\/lospoliticosveracruz.com\\\/wp-content\\\/uploads\\\/2024\\\/03\\\/Jorge-Arturo-Rodriguez.jpg\",\"keywords\":[\"Henry David Thoreau\"],\"articleSection\":[\"De Opini\u00f3n\"],\"inLanguage\":\"es\"},{\"@type\":\"WebPage\",\"@id\":\"https:\\\/\\\/lospoliticosveracruz.com\\\/?p=132371\",\"url\":\"https:\\\/\\\/lospoliticosveracruz.com\\\/?p=132371\",\"name\":\"EL HOY QUE CONSTRUIMOS - Los pol\u00edticos Veracruz\",\"isPartOf\":{\"@id\":\"https:\\\/\\\/lospoliticosveracruz.com\\\/#website\"},\"primaryImageOfPage\":{\"@id\":\"https:\\\/\\\/lospoliticosveracruz.com\\\/?p=132371#primaryimage\"},\"image\":{\"@id\":\"https:\\\/\\\/lospoliticosveracruz.com\\\/?p=132371#primaryimage\"},\"thumbnailUrl\":\"https:\\\/\\\/lospoliticosveracruz.com\\\/wp-content\\\/uploads\\\/2024\\\/03\\\/Jorge-Arturo-Rodriguez.jpg\",\"datePublished\":\"2024-11-11T20:09:29+00:00\",\"dateModified\":\"2024-11-11T20:09:36+00:00\",\"breadcrumb\":{\"@id\":\"https:\\\/\\\/lospoliticosveracruz.com\\\/?p=132371#breadcrumb\"},\"inLanguage\":\"es\",\"potentialAction\":[{\"@type\":\"ReadAction\",\"target\":[\"https:\\\/\\\/lospoliticosveracruz.com\\\/?p=132371\"]}]},{\"@type\":\"ImageObject\",\"inLanguage\":\"es\",\"@id\":\"https:\\\/\\\/lospoliticosveracruz.com\\\/?p=132371#primaryimage\",\"url\":\"https:\\\/\\\/lospoliticosveracruz.com\\\/wp-content\\\/uploads\\\/2024\\\/03\\\/Jorge-Arturo-Rodriguez.jpg\",\"contentUrl\":\"https:\\\/\\\/lospoliticosveracruz.com\\\/wp-content\\\/uploads\\\/2024\\\/03\\\/Jorge-Arturo-Rodriguez.jpg\",\"width\":1250,\"height\":667},{\"@type\":\"BreadcrumbList\",\"@id\":\"https:\\\/\\\/lospoliticosveracruz.com\\\/?p=132371#breadcrumb\",\"itemListElement\":[{\"@type\":\"ListItem\",\"position\":1,\"name\":\"Portada\",\"item\":\"https:\\\/\\\/lospoliticosveracruz.com\\\/\"},{\"@type\":\"ListItem\",\"position\":2,\"name\":\"EL HOY QUE CONSTRUIMOS\"}]},{\"@type\":\"WebSite\",\"@id\":\"https:\\\/\\\/lospoliticosveracruz.com\\\/#website\",\"url\":\"https:\\\/\\\/lospoliticosveracruz.com\\\/\",\"name\":\"Los pol\u00edticos Veracruz\",\"description\":\"\",\"publisher\":{\"@id\":\"https:\\\/\\\/lospoliticosveracruz.com\\\/#organization\"},\"potentialAction\":[{\"@type\":\"SearchAction\",\"target\":{\"@type\":\"EntryPoint\",\"urlTemplate\":\"https:\\\/\\\/lospoliticosveracruz.com\\\/?s={search_term_string}\"},\"query-input\":{\"@type\":\"PropertyValueSpecification\",\"valueRequired\":true,\"valueName\":\"search_term_string\"}}],\"inLanguage\":\"es\"},{\"@type\":\"Organization\",\"@id\":\"https:\\\/\\\/lospoliticosveracruz.com\\\/#organization\",\"name\":\"Los pol\u00edticos Veracruz\",\"url\":\"https:\\\/\\\/lospoliticosveracruz.com\\\/\",\"logo\":{\"@type\":\"ImageObject\",\"inLanguage\":\"es\",\"@id\":\"https:\\\/\\\/lospoliticosveracruz.com\\\/#\\\/schema\\\/logo\\\/image\\\/\",\"url\":\"https:\\\/\\\/lospoliticosveracruz.com\\\/wp-content\\\/uploads\\\/2025\\\/12\\\/Logo-Nuevo-LOS-POLITICOS-1.jpg\",\"contentUrl\":\"https:\\\/\\\/lospoliticosveracruz.com\\\/wp-content\\\/uploads\\\/2025\\\/12\\\/Logo-Nuevo-LOS-POLITICOS-1.jpg\",\"width\":260,\"height\":70,\"caption\":\"Los pol\u00edticos Veracruz\"},\"image\":{\"@id\":\"https:\\\/\\\/lospoliticosveracruz.com\\\/#\\\/schema\\\/logo\\\/image\\\/\"},\"sameAs\":[\"https:\\\/\\\/www.facebook.com\\\/people\\\/Notimemes-de-los-Polticos\\\/61565672886568\\\/\",\"https:\\\/\\\/x.com\\\/LosPoliticosVer\"]},{\"@type\":\"Person\",\"@id\":\"https:\\\/\\\/lospoliticosveracruz.com\\\/#\\\/schema\\\/person\\\/b8702bb0e538456e6efd07080bf2a4a2\",\"name\":\"Lo viste en Los Pol\u00edticos\",\"image\":{\"@type\":\"ImageObject\",\"inLanguage\":\"es\",\"@id\":\"https:\\\/\\\/secure.gravatar.com\\\/avatar\\\/3a8de04a2656d44082be478bd6c086daa447c4651605818287b9532d3d0bd435?s=96&d=mm&r=g\",\"url\":\"https:\\\/\\\/secure.gravatar.com\\\/avatar\\\/3a8de04a2656d44082be478bd6c086daa447c4651605818287b9532d3d0bd435?s=96&d=mm&r=g\",\"contentUrl\":\"https:\\\/\\\/secure.gravatar.com\\\/avatar\\\/3a8de04a2656d44082be478bd6c086daa447c4651605818287b9532d3d0bd435?s=96&d=mm&r=g\",\"caption\":\"Lo viste en Los Pol\u00edticos\"},\"url\":\"https:\\\/\\\/lospoliticosveracruz.com\\\/?author=2\"}]}<\/script>\n<!-- \/ Yoast SEO plugin. -->","yoast_head_json":{"title":"EL HOY QUE CONSTRUIMOS - Los pol\u00edticos Veracruz","robots":{"index":"index","follow":"follow","max-snippet":"max-snippet:-1","max-image-preview":"max-image-preview:large","max-video-preview":"max-video-preview:-1"},"canonical":"https:\/\/lospoliticosveracruz.com\/?p=132371","og_locale":"es_ES","og_type":"article","og_title":"EL HOY QUE CONSTRUIMOS - Los pol\u00edticos Veracruz","og_description":"Jorge Arturo Rodr\u00edguez Tierra de Babel Aperitivo: \u201cConsideremos la forma en que pasamos nuestras vidas\u201d. (Henry David Thoreau). \u00bfY c\u00f3mo pasa su vida? \u00bfNom\u00e1s milando? A pesar de lo que afirma el cineasta y productor Edgar San Juan, que en M\u00e9xico \u201cparece que entre m\u00e1s corrupto seas, m\u00e1s lejos puedes llegar\u201d, y de lo que [&hellip;]","og_url":"https:\/\/lospoliticosveracruz.com\/?p=132371","og_site_name":"Los pol\u00edticos Veracruz","article_publisher":"https:\/\/www.facebook.com\/people\/Notimemes-de-los-Polticos\/61565672886568\/","article_published_time":"2024-11-11T20:09:29+00:00","article_modified_time":"2024-11-11T20:09:36+00:00","og_image":[{"width":1250,"height":667,"url":"https:\/\/lospoliticosveracruz.com\/wp-content\/uploads\/2024\/03\/Jorge-Arturo-Rodriguez.jpg","type":"image\/jpeg"}],"author":"Lo viste en Los Pol\u00edticos","twitter_card":"summary_large_image","twitter_creator":"@LosPoliticosVer","twitter_site":"@LosPoliticosVer","twitter_misc":{"Escrito por":"Lo viste en Los Pol\u00edticos","Tiempo de lectura":"4 minutos"},"schema":{"@context":"https:\/\/schema.org","@graph":[{"@type":"Article","@id":"https:\/\/lospoliticosveracruz.com\/?p=132371#article","isPartOf":{"@id":"https:\/\/lospoliticosveracruz.com\/?p=132371"},"author":{"name":"Lo viste en Los Pol\u00edticos","@id":"https:\/\/lospoliticosveracruz.com\/#\/schema\/person\/b8702bb0e538456e6efd07080bf2a4a2"},"headline":"EL HOY QUE CONSTRUIMOS","datePublished":"2024-11-11T20:09:29+00:00","dateModified":"2024-11-11T20:09:36+00:00","mainEntityOfPage":{"@id":"https:\/\/lospoliticosveracruz.com\/?p=132371"},"wordCount":897,"publisher":{"@id":"https:\/\/lospoliticosveracruz.com\/#organization"},"image":{"@id":"https:\/\/lospoliticosveracruz.com\/?p=132371#primaryimage"},"thumbnailUrl":"https:\/\/lospoliticosveracruz.com\/wp-content\/uploads\/2024\/03\/Jorge-Arturo-Rodriguez.jpg","keywords":["Henry David Thoreau"],"articleSection":["De Opini\u00f3n"],"inLanguage":"es"},{"@type":"WebPage","@id":"https:\/\/lospoliticosveracruz.com\/?p=132371","url":"https:\/\/lospoliticosveracruz.com\/?p=132371","name":"EL HOY QUE CONSTRUIMOS - Los pol\u00edticos Veracruz","isPartOf":{"@id":"https:\/\/lospoliticosveracruz.com\/#website"},"primaryImageOfPage":{"@id":"https:\/\/lospoliticosveracruz.com\/?p=132371#primaryimage"},"image":{"@id":"https:\/\/lospoliticosveracruz.com\/?p=132371#primaryimage"},"thumbnailUrl":"https:\/\/lospoliticosveracruz.com\/wp-content\/uploads\/2024\/03\/Jorge-Arturo-Rodriguez.jpg","datePublished":"2024-11-11T20:09:29+00:00","dateModified":"2024-11-11T20:09:36+00:00","breadcrumb":{"@id":"https:\/\/lospoliticosveracruz.com\/?p=132371#breadcrumb"},"inLanguage":"es","potentialAction":[{"@type":"ReadAction","target":["https:\/\/lospoliticosveracruz.com\/?p=132371"]}]},{"@type":"ImageObject","inLanguage":"es","@id":"https:\/\/lospoliticosveracruz.com\/?p=132371#primaryimage","url":"https:\/\/lospoliticosveracruz.com\/wp-content\/uploads\/2024\/03\/Jorge-Arturo-Rodriguez.jpg","contentUrl":"https:\/\/lospoliticosveracruz.com\/wp-content\/uploads\/2024\/03\/Jorge-Arturo-Rodriguez.jpg","width":1250,"height":667},{"@type":"BreadcrumbList","@id":"https:\/\/lospoliticosveracruz.com\/?p=132371#breadcrumb","itemListElement":[{"@type":"ListItem","position":1,"name":"Portada","item":"https:\/\/lospoliticosveracruz.com\/"},{"@type":"ListItem","position":2,"name":"EL HOY QUE CONSTRUIMOS"}]},{"@type":"WebSite","@id":"https:\/\/lospoliticosveracruz.com\/#website","url":"https:\/\/lospoliticosveracruz.com\/","name":"Los pol\u00edticos Veracruz","description":"","publisher":{"@id":"https:\/\/lospoliticosveracruz.com\/#organization"},"potentialAction":[{"@type":"SearchAction","target":{"@type":"EntryPoint","urlTemplate":"https:\/\/lospoliticosveracruz.com\/?s={search_term_string}"},"query-input":{"@type":"PropertyValueSpecification","valueRequired":true,"valueName":"search_term_string"}}],"inLanguage":"es"},{"@type":"Organization","@id":"https:\/\/lospoliticosveracruz.com\/#organization","name":"Los pol\u00edticos Veracruz","url":"https:\/\/lospoliticosveracruz.com\/","logo":{"@type":"ImageObject","inLanguage":"es","@id":"https:\/\/lospoliticosveracruz.com\/#\/schema\/logo\/image\/","url":"https:\/\/lospoliticosveracruz.com\/wp-content\/uploads\/2025\/12\/Logo-Nuevo-LOS-POLITICOS-1.jpg","contentUrl":"https:\/\/lospoliticosveracruz.com\/wp-content\/uploads\/2025\/12\/Logo-Nuevo-LOS-POLITICOS-1.jpg","width":260,"height":70,"caption":"Los pol\u00edticos Veracruz"},"image":{"@id":"https:\/\/lospoliticosveracruz.com\/#\/schema\/logo\/image\/"},"sameAs":["https:\/\/www.facebook.com\/people\/Notimemes-de-los-Polticos\/61565672886568\/","https:\/\/x.com\/LosPoliticosVer"]},{"@type":"Person","@id":"https:\/\/lospoliticosveracruz.com\/#\/schema\/person\/b8702bb0e538456e6efd07080bf2a4a2","name":"Lo viste en Los Pol\u00edticos","image":{"@type":"ImageObject","inLanguage":"es","@id":"https:\/\/secure.gravatar.com\/avatar\/3a8de04a2656d44082be478bd6c086daa447c4651605818287b9532d3d0bd435?s=96&d=mm&r=g","url":"https:\/\/secure.gravatar.com\/avatar\/3a8de04a2656d44082be478bd6c086daa447c4651605818287b9532d3d0bd435?s=96&d=mm&r=g","contentUrl":"https:\/\/secure.gravatar.com\/avatar\/3a8de04a2656d44082be478bd6c086daa447c4651605818287b9532d3d0bd435?s=96&d=mm&r=g","caption":"Lo viste en Los Pol\u00edticos"},"url":"https:\/\/lospoliticosveracruz.com\/?author=2"}]}},"_links":{"self":[{"href":"https:\/\/lospoliticosveracruz.com\/index.php?rest_route=\/wp\/v2\/posts\/132371","targetHints":{"allow":["GET"]}}],"collection":[{"href":"https:\/\/lospoliticosveracruz.com\/index.php?rest_route=\/wp\/v2\/posts"}],"about":[{"href":"https:\/\/lospoliticosveracruz.com\/index.php?rest_route=\/wp\/v2\/types\/post"}],"author":[{"embeddable":true,"href":"https:\/\/lospoliticosveracruz.com\/index.php?rest_route=\/wp\/v2\/users\/2"}],"replies":[{"embeddable":true,"href":"https:\/\/lospoliticosveracruz.com\/index.php?rest_route=%2Fwp%2Fv2%2Fcomments&post=132371"}],"version-history":[{"count":1,"href":"https:\/\/lospoliticosveracruz.com\/index.php?rest_route=\/wp\/v2\/posts\/132371\/revisions"}],"predecessor-version":[{"id":132372,"href":"https:\/\/lospoliticosveracruz.com\/index.php?rest_route=\/wp\/v2\/posts\/132371\/revisions\/132372"}],"wp:featuredmedia":[{"embeddable":true,"href":"https:\/\/lospoliticosveracruz.com\/index.php?rest_route=\/wp\/v2\/media\/119939"}],"wp:attachment":[{"href":"https:\/\/lospoliticosveracruz.com\/index.php?rest_route=%2Fwp%2Fv2%2Fmedia&parent=132371"}],"wp:term":[{"taxonomy":"category","embeddable":true,"href":"https:\/\/lospoliticosveracruz.com\/index.php?rest_route=%2Fwp%2Fv2%2Fcategories&post=132371"},{"taxonomy":"post_tag","embeddable":true,"href":"https:\/\/lospoliticosveracruz.com\/index.php?rest_route=%2Fwp%2Fv2%2Ftags&post=132371"}],"curies":[{"name":"wp","href":"https:\/\/api.w.org\/{rel}","templated":true}]}}