{"id":132379,"date":"2024-11-11T18:35:06","date_gmt":"2024-11-12T00:35:06","guid":{"rendered":"https:\/\/lospoliticosveracruz.com.mx\/?p=132379"},"modified":"2024-11-11T18:35:20","modified_gmt":"2024-11-12T00:35:20","slug":"sin-respeto-a-las-formas","status":"publish","type":"post","link":"https:\/\/lospoliticosveracruz.com\/?p=132379","title":{"rendered":"SIN RESPETO A LAS FORMAS"},"content":{"rendered":"\n<p><strong>Manolo Victorio<\/strong><\/p>\n\n\n\n<p><em>Carpe Diem<\/em><\/p>\n\n\n\n<p>El banderazo oficial que onde\u00f3 el Organismo P\u00fablico Local Electoral de Veracruz el jueves 7 de noviembre en el Museo de Antropolog\u00eda, que abri\u00f3 la ventana legal para la elecci\u00f3n del domingo 1 de junio de 2025, donde los veracruzanos podr\u00e1n elegir a pie de urna a mil 54 cargos: 212 alcald\u00edas, 212 sindicaturas y 630 regidur\u00edas, vino a provocar aceleres desbocados y la falta de respeto a las formas y al fondo del ideario pol\u00edtico del Movimiento de Regeneraci\u00f3n Nacional (Morena).<\/p>\n\n\n<div class=\"wp-block-image\">\n<figure class=\"alignleft size-medium\"><a href=\"https:\/\/lospoliticosveracruz.com.mx\/wp-content\/uploads\/2021\/10\/WhatsApp-Image-2021-10-02-at-15.20.25.jpeg\"><img loading=\"lazy\" decoding=\"async\" width=\"212\" height=\"300\" src=\"https:\/\/lospoliticosveracruz.com.mx\/wp-content\/uploads\/2021\/10\/WhatsApp-Image-2021-10-02-at-15.20.25-212x300.jpeg\" alt=\"\" class=\"wp-image-80177\" srcset=\"https:\/\/lospoliticosveracruz.com\/wp-content\/uploads\/2021\/10\/WhatsApp-Image-2021-10-02-at-15.20.25-212x300.jpeg 212w, https:\/\/lospoliticosveracruz.com\/wp-content\/uploads\/2021\/10\/WhatsApp-Image-2021-10-02-at-15.20.25-724x1024.jpeg 724w, https:\/\/lospoliticosveracruz.com\/wp-content\/uploads\/2021\/10\/WhatsApp-Image-2021-10-02-at-15.20.25-768x1086.jpeg 768w, https:\/\/lospoliticosveracruz.com\/wp-content\/uploads\/2021\/10\/WhatsApp-Image-2021-10-02-at-15.20.25.jpeg 905w\" sizes=\"auto, (max-width: 212px) 100vw, 212px\" \/><\/a><\/figure>\n<\/div>\n\n\n<p>La lectura del s\u00e1bado, en el desarrollo de la Asamblea Informativa de Morena, donde los asistentes votaron a mano alzada, con una convicci\u00f3n en sus rostros quiz\u00e1 vista en los tiempos avasalladores del priismo nacional; por un nuevo dec\u00e1logo que las autoridades, funcionariado y legisladores de Morena deben traer como el libro rojo de Mao bajo el sobaco, pero que se viola a la m\u00ednima provocaci\u00f3n del poder, qued\u00f3 claro que el ideario ah\u00ed est\u00e1, escrito en tronco de ixtle tabasque\u00f1o, que deben ser diez principios ejercidos con dedicaci\u00f3n asc\u00e9tica e incorruptible para la propia sobrevivencia del movimiento.<\/p>\n\n\n\n<p>La oradora m\u00e1s vitoreada en la asamblea morenista del s\u00e1bado en el WTC, fue Norma Roc\u00edo Nahle Garc\u00eda, gobernadora electa de los veracruzanos, sobre todo de la base morenista de la conurbaci\u00f3n Veracruz-Boca del R\u00edo-Alvarado-Medell\u00edn de Bravo, quienes seg\u00fan encuesta de la casa Demotecnia De las Heras, siete de cada diez tienen confianza en que la situaci\u00f3n cambiar\u00e1 a partir del domingo 1 de diciembre, cuando proteste como gobernadora constitucional.<\/p>\n\n\n\n<p>El 70 por ciento de los veracruzanos, veracruzanas, tienen la convicci\u00f3n que Nahle ser\u00e1 buena gobernadora, a quien, si se confronta en evaluaci\u00f3n popular contra Cuitl\u00e1huac Garc\u00eda Jim\u00e9nez, trae ya una ventaja arrolladora a\u00fan sin firmar un solo decreto o enviar una sola iniciativa a la LXVII legislatura.<\/p>\n\n\n\n<p>Una abrumadora mayor\u00eda que conf\u00eda en que llegar\u00e1n mejores d\u00edas en el bien com\u00fan gracias a la pol\u00edtica gubernamental, desde los precios de garant\u00eda de los productos agropecuarias hasta la seguridad de transitar por carreteras equipadas con el m\u00ednimo asfalto que proporcione dignidad a la red de caminos veracruzanos.<\/p>\n\n\n\n<p>Eso se espera. Que cambien las cosas, que Veracruz deje de causar l\u00e1stima y recupere el lugar que le corresponde como estado importante.<\/p>\n\n\n\n<p>Tambi\u00e9n se espera que los actores pol\u00edticos que se mueven en Morena, Partido del Trabajo y Verde Ecologista, respeten las directrices marcadas por la gobernadora electa, verbi gracia, la excusa diplom\u00e1tica por su inasistencia a la instalaci\u00f3n de la LXVII Legislatura veracruzana, el martes 5 de noviembre \u201c(\u2026) con el debido respeto no voy a asistir, porque yo estar\u00e9 en funciones hasta el 1 de diciembre\u00bb, dijo en capotazo suave, respetando las formas y el fondo de la pol\u00edtica.<\/p>\n\n\n\n<p>\u201cCuidando las formas, siempre hay que cuidar las formas, y en pol\u00edtica m\u00e1s. Porque cuando hay respeto e institucionalidad las cosas van mejor\u201d, declar\u00f3 la gobernadora electa a los reporteros en la v\u00edspera.<\/p>\n\n\n\n<p>De ah\u00ed que los aspirantes a las 212 alcald\u00edas deben conducirse bajo las reglas no escritas, pero ya cantadas con antelaci\u00f3n, de no desbocarse en pasiones adelantadas ni erigirse como \u00fanicos salvadores de la patria chica en estas demarcaciones territoriales, con miras a la elecci\u00f3n del primer domingo de junio de 2025, a base de encuestas a modo, \u201ccuchareadas\u201d, dir\u00eda el tatiasca en retiro.<\/p>\n\n\n\n<p>En el Puerto de Veracruz, epicentro de la lucha por el poder municipal, en el municipio m\u00e1s antiguo de la cartograf\u00eda veracruzana, las formas pol\u00edticas son violentadas a pleno sol, sin el m\u00e1s respeto a las formas que preconiza la gobernadora electa.<\/p>\n\n\n\n<p>Sin el m\u00e1s m\u00ednimo recato y con el sello patentado por el PRI, del avasallamiento del adversario interno, Jos\u00e9 Ricardo Ruiz Carmona, en la desesperaci\u00f3n de ser tomado en cuenta, pag\u00f3 una encuesta a la casa De las Heras Demotecnia, que lo ubica en primer lugar en esta carrera hacia la nominaci\u00f3n morenista a la alcald\u00eda porte\u00f1a.<\/p>\n\n\n\n<p>Seg\u00fan la medici\u00f3n realizada en 600 viviendas cara a cara del municipio porte\u00f1o, Pep\u00edn Ruiz encabeza las preferencias ciudadanas con el 39.7 por ciento, seguido de la diputada federal, Rosa Mar\u00eda Hern\u00e1ndez Espejo, con el 15.8 por ciento, y en tercer lugar se encuentra Anil\u00fa Ingram, con el 9.1 por ciento.<\/p>\n\n\n\n<p>En el levantamiento, la encuesta levantada en la primera quincena de octubre, midi\u00f3 tambi\u00e9n en 4\u00ba lugar al senador Miguel \u00c1ngel Yunes M\u00e1rquez, seguido por Ricardo Exsome con el 6.2 y la diputada local Bertha Ahued Malpica con el 4.5 por ciento, quien ser\u00eda la sexta aspirante en el ajo sucesorio de la presidencia municipal de Veracruz.<\/p>\n\n\n\n<p>El diputado local por el distrito XV, no descansa un d\u00eda, quiere ir por la alcald\u00eda de Veracruz sin el m\u00e1s m\u00ednimo respeto a la trayectoria de los militantes de Morena que abrieron el dique panista a golpe de suela, de la mano de personajes clave como Rosa Mar\u00eda Hern\u00e1ndez Espejo y Ricardo Exsome Zapata.<\/p>\n\n\n\n<p>Estas actitudes aprendidas en el fidelato que blanden el agandalle como estrategia pol\u00edtica no permean la ideolog\u00eda morenista.<\/p>\n\n\n\n<p>Ya lo dijo Luisa Mar\u00eda Alcalde Luj\u00e1n, lideresa de Morena. Los candidatos y candidatas saldr\u00e1n de la base morenista en encuestas hechas por el partido, que no atiende calenturas adelantadas.<\/p>\n\n\n\n<p>Quiz\u00e1 Pep\u00edn Ruiz lance flechas a la luna, en presi\u00f3n para que Morena lo env\u00ede a Boca del R\u00edo como candidato a la alcald\u00eda, lo que ser\u00eda un buen premio de consolaci\u00f3n, claro, si los dem\u00e1s aspirantes del partido guinda lo aceptan.<\/p>\n\n\n\n<p>En Boca del R\u00edo el abanico se ampl\u00eda con los aspirantes de los dem\u00e1s partidos que traen tambi\u00e9n el factor de la competitividad como el PAN, partido bien posicionado gracias al trabajo constante del alcalde Juan Manuel de Unanue Abascal, que tiene listas a dos mujeres, a saber, Indira Rosales San Rom\u00e1n y\/o&nbsp;&nbsp;Mar\u00eda Josefina Gamboa Torales, como aspirantes con m\u00e9ritos a la presidencia municipal que el albiazul tratar\u00e1 de salvar del naufragio y el partido Movimiento Ciudadano, que tiene en la persona del actual diputado local Adri\u00e1n Sigfrido \u00c1vila Estrada a un buen candidato en ciernes, dada la experiencia que tiene por haber gobernado bajo las siglas panistas el municipio boque\u00f1o.<\/p>\n\n\n\n<p>Aun con este escenario, los operadores de Morena le apuestan a llevarse el carro completo en Veracruz y Boca del R\u00edo, enviando al basurero de la historia al panismo del estero.<\/p>\n\n\n\n<p>El escenario est\u00e1 listo, s\u00f3lo faltan los actores y actrices en la escena, claro est\u00e1, una vez que Roc\u00edo Nahle Garc\u00eda empiece a despachar desde Palacio de Gobierno, frente al parque Ju\u00e1rez, en Xalapa de Enr\u00edquez.<\/p>\n\n\n\n<p>columnacarpediem@gmail.com<\/p>\n","protected":false},"excerpt":{"rendered":"<p>Manolo Victorio Carpe Diem El banderazo oficial que onde\u00f3 el Organismo P\u00fablico Local Electoral de Veracruz el jueves 7 de noviembre en el Museo de Antropolog\u00eda, que abri\u00f3 la ventana legal para la elecci\u00f3n del domingo 1 de junio de 2025, donde los veracruzanos podr\u00e1n elegir a pie de urna a mil 54 cargos: 212 [&hellip;]<\/p>\n","protected":false},"author":2,"featured_media":119925,"comment_status":"closed","ping_status":"closed","sticky":false,"template":"","format":"standard","meta":{"tdm_status":"","tdm_grid_status":"","footnotes":""},"categories":[70],"tags":[24396],"class_list":{"0":"post-132379","1":"post","2":"type-post","3":"status-publish","4":"format-standard","5":"has-post-thumbnail","7":"category-de-opinion","8":"tag-organismo-publico-local-electoral-de-veracruz"},"yoast_head":"<!-- This site is optimized with the Yoast SEO plugin v27.4 - https:\/\/yoast.com\/product\/yoast-seo-wordpress\/ -->\n<title>SIN RESPETO A LAS FORMAS - Los pol\u00edticos Veracruz<\/title>\n<meta name=\"robots\" content=\"index, follow, max-snippet:-1, max-image-preview:large, max-video-preview:-1\" \/>\n<link rel=\"canonical\" href=\"https:\/\/lospoliticosveracruz.com\/?p=132379\" \/>\n<meta property=\"og:locale\" content=\"es_ES\" \/>\n<meta property=\"og:type\" content=\"article\" \/>\n<meta property=\"og:title\" content=\"SIN RESPETO A LAS FORMAS - Los pol\u00edticos Veracruz\" \/>\n<meta property=\"og:description\" content=\"Manolo Victorio Carpe Diem El banderazo oficial que onde\u00f3 el Organismo P\u00fablico Local Electoral de Veracruz el jueves 7 de noviembre en el Museo de Antropolog\u00eda, que abri\u00f3 la ventana legal para la elecci\u00f3n del domingo 1 de junio de 2025, donde los veracruzanos podr\u00e1n elegir a pie de urna a mil 54 cargos: 212 [&hellip;]\" \/>\n<meta property=\"og:url\" content=\"https:\/\/lospoliticosveracruz.com\/?p=132379\" \/>\n<meta property=\"og:site_name\" content=\"Los pol\u00edticos Veracruz\" \/>\n<meta property=\"article:publisher\" content=\"https:\/\/www.facebook.com\/people\/Notimemes-de-los-Polticos\/61565672886568\/\" \/>\n<meta property=\"article:published_time\" content=\"2024-11-12T00:35:06+00:00\" \/>\n<meta property=\"article:modified_time\" content=\"2024-11-12T00:35:20+00:00\" \/>\n<meta property=\"og:image\" content=\"https:\/\/lospoliticosveracruz.com\/wp-content\/uploads\/2024\/03\/Manolo-Victorio.jpg\" \/>\n\t<meta property=\"og:image:width\" content=\"1250\" \/>\n\t<meta property=\"og:image:height\" content=\"667\" \/>\n\t<meta property=\"og:image:type\" content=\"image\/jpeg\" \/>\n<meta name=\"author\" content=\"Lo viste en Los Pol\u00edticos\" \/>\n<meta name=\"twitter:card\" content=\"summary_large_image\" \/>\n<meta name=\"twitter:creator\" content=\"@LosPoliticosVer\" \/>\n<meta name=\"twitter:site\" content=\"@LosPoliticosVer\" \/>\n<meta name=\"twitter:label1\" content=\"Escrito por\" \/>\n\t<meta name=\"twitter:data1\" content=\"Lo viste en Los Pol\u00edticos\" \/>\n\t<meta name=\"twitter:label2\" content=\"Tiempo de lectura\" \/>\n\t<meta name=\"twitter:data2\" content=\"6 minutos\" \/>\n<script type=\"application\/ld+json\" class=\"yoast-schema-graph\">{\"@context\":\"https:\\\/\\\/schema.org\",\"@graph\":[{\"@type\":\"Article\",\"@id\":\"https:\\\/\\\/lospoliticosveracruz.com\\\/?p=132379#article\",\"isPartOf\":{\"@id\":\"https:\\\/\\\/lospoliticosveracruz.com\\\/?p=132379\"},\"author\":{\"name\":\"Lo viste en Los Pol\u00edticos\",\"@id\":\"https:\\\/\\\/lospoliticosveracruz.com\\\/#\\\/schema\\\/person\\\/b8702bb0e538456e6efd07080bf2a4a2\"},\"headline\":\"SIN RESPETO A LAS FORMAS\",\"datePublished\":\"2024-11-12T00:35:06+00:00\",\"dateModified\":\"2024-11-12T00:35:20+00:00\",\"mainEntityOfPage\":{\"@id\":\"https:\\\/\\\/lospoliticosveracruz.com\\\/?p=132379\"},\"wordCount\":1176,\"publisher\":{\"@id\":\"https:\\\/\\\/lospoliticosveracruz.com\\\/#organization\"},\"image\":{\"@id\":\"https:\\\/\\\/lospoliticosveracruz.com\\\/?p=132379#primaryimage\"},\"thumbnailUrl\":\"https:\\\/\\\/lospoliticosveracruz.com\\\/wp-content\\\/uploads\\\/2024\\\/03\\\/Manolo-Victorio.jpg\",\"keywords\":[\"Organismo P\u00fablico Local Electoral de Veracruz\"],\"articleSection\":[\"De Opini\u00f3n\"],\"inLanguage\":\"es\"},{\"@type\":\"WebPage\",\"@id\":\"https:\\\/\\\/lospoliticosveracruz.com\\\/?p=132379\",\"url\":\"https:\\\/\\\/lospoliticosveracruz.com\\\/?p=132379\",\"name\":\"SIN RESPETO A LAS FORMAS - Los pol\u00edticos Veracruz\",\"isPartOf\":{\"@id\":\"https:\\\/\\\/lospoliticosveracruz.com\\\/#website\"},\"primaryImageOfPage\":{\"@id\":\"https:\\\/\\\/lospoliticosveracruz.com\\\/?p=132379#primaryimage\"},\"image\":{\"@id\":\"https:\\\/\\\/lospoliticosveracruz.com\\\/?p=132379#primaryimage\"},\"thumbnailUrl\":\"https:\\\/\\\/lospoliticosveracruz.com\\\/wp-content\\\/uploads\\\/2024\\\/03\\\/Manolo-Victorio.jpg\",\"datePublished\":\"2024-11-12T00:35:06+00:00\",\"dateModified\":\"2024-11-12T00:35:20+00:00\",\"breadcrumb\":{\"@id\":\"https:\\\/\\\/lospoliticosveracruz.com\\\/?p=132379#breadcrumb\"},\"inLanguage\":\"es\",\"potentialAction\":[{\"@type\":\"ReadAction\",\"target\":[\"https:\\\/\\\/lospoliticosveracruz.com\\\/?p=132379\"]}]},{\"@type\":\"ImageObject\",\"inLanguage\":\"es\",\"@id\":\"https:\\\/\\\/lospoliticosveracruz.com\\\/?p=132379#primaryimage\",\"url\":\"https:\\\/\\\/lospoliticosveracruz.com\\\/wp-content\\\/uploads\\\/2024\\\/03\\\/Manolo-Victorio.jpg\",\"contentUrl\":\"https:\\\/\\\/lospoliticosveracruz.com\\\/wp-content\\\/uploads\\\/2024\\\/03\\\/Manolo-Victorio.jpg\",\"width\":1250,\"height\":667},{\"@type\":\"BreadcrumbList\",\"@id\":\"https:\\\/\\\/lospoliticosveracruz.com\\\/?p=132379#breadcrumb\",\"itemListElement\":[{\"@type\":\"ListItem\",\"position\":1,\"name\":\"Portada\",\"item\":\"https:\\\/\\\/lospoliticosveracruz.com\\\/\"},{\"@type\":\"ListItem\",\"position\":2,\"name\":\"SIN RESPETO A LAS FORMAS\"}]},{\"@type\":\"WebSite\",\"@id\":\"https:\\\/\\\/lospoliticosveracruz.com\\\/#website\",\"url\":\"https:\\\/\\\/lospoliticosveracruz.com\\\/\",\"name\":\"Los pol\u00edticos Veracruz\",\"description\":\"\",\"publisher\":{\"@id\":\"https:\\\/\\\/lospoliticosveracruz.com\\\/#organization\"},\"potentialAction\":[{\"@type\":\"SearchAction\",\"target\":{\"@type\":\"EntryPoint\",\"urlTemplate\":\"https:\\\/\\\/lospoliticosveracruz.com\\\/?s={search_term_string}\"},\"query-input\":{\"@type\":\"PropertyValueSpecification\",\"valueRequired\":true,\"valueName\":\"search_term_string\"}}],\"inLanguage\":\"es\"},{\"@type\":\"Organization\",\"@id\":\"https:\\\/\\\/lospoliticosveracruz.com\\\/#organization\",\"name\":\"Los pol\u00edticos Veracruz\",\"url\":\"https:\\\/\\\/lospoliticosveracruz.com\\\/\",\"logo\":{\"@type\":\"ImageObject\",\"inLanguage\":\"es\",\"@id\":\"https:\\\/\\\/lospoliticosveracruz.com\\\/#\\\/schema\\\/logo\\\/image\\\/\",\"url\":\"https:\\\/\\\/lospoliticosveracruz.com\\\/wp-content\\\/uploads\\\/2025\\\/12\\\/Logo-Nuevo-LOS-POLITICOS-1.jpg\",\"contentUrl\":\"https:\\\/\\\/lospoliticosveracruz.com\\\/wp-content\\\/uploads\\\/2025\\\/12\\\/Logo-Nuevo-LOS-POLITICOS-1.jpg\",\"width\":260,\"height\":70,\"caption\":\"Los pol\u00edticos Veracruz\"},\"image\":{\"@id\":\"https:\\\/\\\/lospoliticosveracruz.com\\\/#\\\/schema\\\/logo\\\/image\\\/\"},\"sameAs\":[\"https:\\\/\\\/www.facebook.com\\\/people\\\/Notimemes-de-los-Polticos\\\/61565672886568\\\/\",\"https:\\\/\\\/x.com\\\/LosPoliticosVer\"]},{\"@type\":\"Person\",\"@id\":\"https:\\\/\\\/lospoliticosveracruz.com\\\/#\\\/schema\\\/person\\\/b8702bb0e538456e6efd07080bf2a4a2\",\"name\":\"Lo viste en Los Pol\u00edticos\",\"image\":{\"@type\":\"ImageObject\",\"inLanguage\":\"es\",\"@id\":\"https:\\\/\\\/secure.gravatar.com\\\/avatar\\\/3a8de04a2656d44082be478bd6c086daa447c4651605818287b9532d3d0bd435?s=96&d=mm&r=g\",\"url\":\"https:\\\/\\\/secure.gravatar.com\\\/avatar\\\/3a8de04a2656d44082be478bd6c086daa447c4651605818287b9532d3d0bd435?s=96&d=mm&r=g\",\"contentUrl\":\"https:\\\/\\\/secure.gravatar.com\\\/avatar\\\/3a8de04a2656d44082be478bd6c086daa447c4651605818287b9532d3d0bd435?s=96&d=mm&r=g\",\"caption\":\"Lo viste en Los Pol\u00edticos\"},\"url\":\"https:\\\/\\\/lospoliticosveracruz.com\\\/?author=2\"}]}<\/script>\n<!-- \/ Yoast SEO plugin. -->","yoast_head_json":{"title":"SIN RESPETO A LAS FORMAS - Los pol\u00edticos Veracruz","robots":{"index":"index","follow":"follow","max-snippet":"max-snippet:-1","max-image-preview":"max-image-preview:large","max-video-preview":"max-video-preview:-1"},"canonical":"https:\/\/lospoliticosveracruz.com\/?p=132379","og_locale":"es_ES","og_type":"article","og_title":"SIN RESPETO A LAS FORMAS - Los pol\u00edticos Veracruz","og_description":"Manolo Victorio Carpe Diem El banderazo oficial que onde\u00f3 el Organismo P\u00fablico Local Electoral de Veracruz el jueves 7 de noviembre en el Museo de Antropolog\u00eda, que abri\u00f3 la ventana legal para la elecci\u00f3n del domingo 1 de junio de 2025, donde los veracruzanos podr\u00e1n elegir a pie de urna a mil 54 cargos: 212 [&hellip;]","og_url":"https:\/\/lospoliticosveracruz.com\/?p=132379","og_site_name":"Los pol\u00edticos Veracruz","article_publisher":"https:\/\/www.facebook.com\/people\/Notimemes-de-los-Polticos\/61565672886568\/","article_published_time":"2024-11-12T00:35:06+00:00","article_modified_time":"2024-11-12T00:35:20+00:00","og_image":[{"width":1250,"height":667,"url":"https:\/\/lospoliticosveracruz.com\/wp-content\/uploads\/2024\/03\/Manolo-Victorio.jpg","type":"image\/jpeg"}],"author":"Lo viste en Los Pol\u00edticos","twitter_card":"summary_large_image","twitter_creator":"@LosPoliticosVer","twitter_site":"@LosPoliticosVer","twitter_misc":{"Escrito por":"Lo viste en Los Pol\u00edticos","Tiempo de lectura":"6 minutos"},"schema":{"@context":"https:\/\/schema.org","@graph":[{"@type":"Article","@id":"https:\/\/lospoliticosveracruz.com\/?p=132379#article","isPartOf":{"@id":"https:\/\/lospoliticosveracruz.com\/?p=132379"},"author":{"name":"Lo viste en Los Pol\u00edticos","@id":"https:\/\/lospoliticosveracruz.com\/#\/schema\/person\/b8702bb0e538456e6efd07080bf2a4a2"},"headline":"SIN RESPETO A LAS FORMAS","datePublished":"2024-11-12T00:35:06+00:00","dateModified":"2024-11-12T00:35:20+00:00","mainEntityOfPage":{"@id":"https:\/\/lospoliticosveracruz.com\/?p=132379"},"wordCount":1176,"publisher":{"@id":"https:\/\/lospoliticosveracruz.com\/#organization"},"image":{"@id":"https:\/\/lospoliticosveracruz.com\/?p=132379#primaryimage"},"thumbnailUrl":"https:\/\/lospoliticosveracruz.com\/wp-content\/uploads\/2024\/03\/Manolo-Victorio.jpg","keywords":["Organismo P\u00fablico Local Electoral de Veracruz"],"articleSection":["De Opini\u00f3n"],"inLanguage":"es"},{"@type":"WebPage","@id":"https:\/\/lospoliticosveracruz.com\/?p=132379","url":"https:\/\/lospoliticosveracruz.com\/?p=132379","name":"SIN RESPETO A LAS FORMAS - Los pol\u00edticos Veracruz","isPartOf":{"@id":"https:\/\/lospoliticosveracruz.com\/#website"},"primaryImageOfPage":{"@id":"https:\/\/lospoliticosveracruz.com\/?p=132379#primaryimage"},"image":{"@id":"https:\/\/lospoliticosveracruz.com\/?p=132379#primaryimage"},"thumbnailUrl":"https:\/\/lospoliticosveracruz.com\/wp-content\/uploads\/2024\/03\/Manolo-Victorio.jpg","datePublished":"2024-11-12T00:35:06+00:00","dateModified":"2024-11-12T00:35:20+00:00","breadcrumb":{"@id":"https:\/\/lospoliticosveracruz.com\/?p=132379#breadcrumb"},"inLanguage":"es","potentialAction":[{"@type":"ReadAction","target":["https:\/\/lospoliticosveracruz.com\/?p=132379"]}]},{"@type":"ImageObject","inLanguage":"es","@id":"https:\/\/lospoliticosveracruz.com\/?p=132379#primaryimage","url":"https:\/\/lospoliticosveracruz.com\/wp-content\/uploads\/2024\/03\/Manolo-Victorio.jpg","contentUrl":"https:\/\/lospoliticosveracruz.com\/wp-content\/uploads\/2024\/03\/Manolo-Victorio.jpg","width":1250,"height":667},{"@type":"BreadcrumbList","@id":"https:\/\/lospoliticosveracruz.com\/?p=132379#breadcrumb","itemListElement":[{"@type":"ListItem","position":1,"name":"Portada","item":"https:\/\/lospoliticosveracruz.com\/"},{"@type":"ListItem","position":2,"name":"SIN RESPETO A LAS FORMAS"}]},{"@type":"WebSite","@id":"https:\/\/lospoliticosveracruz.com\/#website","url":"https:\/\/lospoliticosveracruz.com\/","name":"Los pol\u00edticos Veracruz","description":"","publisher":{"@id":"https:\/\/lospoliticosveracruz.com\/#organization"},"potentialAction":[{"@type":"SearchAction","target":{"@type":"EntryPoint","urlTemplate":"https:\/\/lospoliticosveracruz.com\/?s={search_term_string}"},"query-input":{"@type":"PropertyValueSpecification","valueRequired":true,"valueName":"search_term_string"}}],"inLanguage":"es"},{"@type":"Organization","@id":"https:\/\/lospoliticosveracruz.com\/#organization","name":"Los pol\u00edticos Veracruz","url":"https:\/\/lospoliticosveracruz.com\/","logo":{"@type":"ImageObject","inLanguage":"es","@id":"https:\/\/lospoliticosveracruz.com\/#\/schema\/logo\/image\/","url":"https:\/\/lospoliticosveracruz.com\/wp-content\/uploads\/2025\/12\/Logo-Nuevo-LOS-POLITICOS-1.jpg","contentUrl":"https:\/\/lospoliticosveracruz.com\/wp-content\/uploads\/2025\/12\/Logo-Nuevo-LOS-POLITICOS-1.jpg","width":260,"height":70,"caption":"Los pol\u00edticos Veracruz"},"image":{"@id":"https:\/\/lospoliticosveracruz.com\/#\/schema\/logo\/image\/"},"sameAs":["https:\/\/www.facebook.com\/people\/Notimemes-de-los-Polticos\/61565672886568\/","https:\/\/x.com\/LosPoliticosVer"]},{"@type":"Person","@id":"https:\/\/lospoliticosveracruz.com\/#\/schema\/person\/b8702bb0e538456e6efd07080bf2a4a2","name":"Lo viste en Los Pol\u00edticos","image":{"@type":"ImageObject","inLanguage":"es","@id":"https:\/\/secure.gravatar.com\/avatar\/3a8de04a2656d44082be478bd6c086daa447c4651605818287b9532d3d0bd435?s=96&d=mm&r=g","url":"https:\/\/secure.gravatar.com\/avatar\/3a8de04a2656d44082be478bd6c086daa447c4651605818287b9532d3d0bd435?s=96&d=mm&r=g","contentUrl":"https:\/\/secure.gravatar.com\/avatar\/3a8de04a2656d44082be478bd6c086daa447c4651605818287b9532d3d0bd435?s=96&d=mm&r=g","caption":"Lo viste en Los Pol\u00edticos"},"url":"https:\/\/lospoliticosveracruz.com\/?author=2"}]}},"_links":{"self":[{"href":"https:\/\/lospoliticosveracruz.com\/index.php?rest_route=\/wp\/v2\/posts\/132379","targetHints":{"allow":["GET"]}}],"collection":[{"href":"https:\/\/lospoliticosveracruz.com\/index.php?rest_route=\/wp\/v2\/posts"}],"about":[{"href":"https:\/\/lospoliticosveracruz.com\/index.php?rest_route=\/wp\/v2\/types\/post"}],"author":[{"embeddable":true,"href":"https:\/\/lospoliticosveracruz.com\/index.php?rest_route=\/wp\/v2\/users\/2"}],"replies":[{"embeddable":true,"href":"https:\/\/lospoliticosveracruz.com\/index.php?rest_route=%2Fwp%2Fv2%2Fcomments&post=132379"}],"version-history":[{"count":1,"href":"https:\/\/lospoliticosveracruz.com\/index.php?rest_route=\/wp\/v2\/posts\/132379\/revisions"}],"predecessor-version":[{"id":132380,"href":"https:\/\/lospoliticosveracruz.com\/index.php?rest_route=\/wp\/v2\/posts\/132379\/revisions\/132380"}],"wp:featuredmedia":[{"embeddable":true,"href":"https:\/\/lospoliticosveracruz.com\/index.php?rest_route=\/wp\/v2\/media\/119925"}],"wp:attachment":[{"href":"https:\/\/lospoliticosveracruz.com\/index.php?rest_route=%2Fwp%2Fv2%2Fmedia&parent=132379"}],"wp:term":[{"taxonomy":"category","embeddable":true,"href":"https:\/\/lospoliticosveracruz.com\/index.php?rest_route=%2Fwp%2Fv2%2Fcategories&post=132379"},{"taxonomy":"post_tag","embeddable":true,"href":"https:\/\/lospoliticosveracruz.com\/index.php?rest_route=%2Fwp%2Fv2%2Ftags&post=132379"}],"curies":[{"name":"wp","href":"https:\/\/api.w.org\/{rel}","templated":true}]}}