{"id":13238,"date":"2014-11-03T21:27:49","date_gmt":"2014-11-04T03:27:49","guid":{"rendered":"http:\/\/www.lospoliticosveracruz.com.mx\/?p=13238"},"modified":"2014-11-03T21:28:21","modified_gmt":"2014-11-04T03:28:21","slug":"tuxpan-viaje-al-centro-del-libro","status":"publish","type":"post","link":"https:\/\/lospoliticosveracruz.com\/?p=13238","title":{"rendered":"Tuxpan, viaje al centro del libro"},"content":{"rendered":"<p><a href=\"http:\/\/www.lospoliticosveracruz.com.mx\/wp-content\/uploads\/2014\/11\/Alberto-Silva.jpg\"><img loading=\"lazy\" decoding=\"async\" class=\"alignnone size-medium wp-image-13240\" src=\"http:\/\/www.lospoliticosveracruz.com.mx\/wp-content\/uploads\/2014\/11\/Alberto-Silva-300x225.jpg\" alt=\"Alberto Silva\" width=\"300\" height=\"225\" srcset=\"https:\/\/lospoliticosveracruz.com\/wp-content\/uploads\/2014\/11\/Alberto-Silva-300x225.jpg 300w, https:\/\/lospoliticosveracruz.com\/wp-content\/uploads\/2014\/11\/Alberto-Silva-1024x768.jpg 1024w, https:\/\/lospoliticosveracruz.com\/wp-content\/uploads\/2014\/11\/Alberto-Silva.jpg 1632w\" sizes=\"auto, (max-width: 300px) 100vw, 300px\" \/><\/a><\/p>\n<p><strong>Armando Ortiz<\/strong><\/p>\n<p><em>El Hijo Pr\u00f3digo<\/em><\/p>\n<p>&nbsp;<\/p>\n<p>La primera vez que visit\u00e9 Tuxpan fue acompa\u00f1ando a mi amigo Roberto Williams. Hab\u00edamos acudido a la primera Cumbre Taj\u00edn que en ese entonces se llamaba la Primavera del Milenio; era el a\u00f1o 2000, y el mundo no se hab\u00eda acabado. El viaje lo recuerdo bien porque todo el trayecto fue una infatigable charla sobre algunos de los libros que hab\u00edan enriquecido la vida del inolvidable Roberto. Pero tambi\u00e9n fue un recorrido tur\u00edstico ya que Williams era un gran conocedor de la zona de Costa Esmeralda.<br \/>\nEn Tuxpan nos hospedamos en un hotel cerca del parque donde los domingos las familias salen a dar vueltas, a escuchar m\u00fasica y a comerse alg\u00fan antojito. Yo desayun\u00e9 unas ricas empipianadas y unos bocoles rellenos de chorizo. Por la tarde cruzamos hacia Santiago de la Pe\u00f1a, donde Roberto Williams pas\u00f3 buena parte de su infancia. Recorrer los caminos con \u00e9l era como detenerse en el tiempo. Las calles eran las mismas, me dec\u00eda, las casas estaban un poco cambiadas, pero el entorno le parec\u00eda el mismo. Claro, no era el mismo, hab\u00eda cosas que hab\u00edan cambiado, \u00abpero si cierras los ojos y caminas a ciegas, entonces sentir\u00e1s el mismo aire, los mismos sonidos, los mismos olores; en Santiago de la Pe\u00f1a el tiempo se mueve con m\u00e1s lentitud\u00bb, me dec\u00eda Williams.<br \/>\nRoberto me llev\u00f3 al museo donde se destaca la historia del lugar y la relevancia que Santiago de la Pe\u00f1a tiene para el pueblo cubano. Resulta que en ese lugar, Fidel Castro, junto con su hermano Ra\u00fal, el Che Guevara y Camilo Cienfuegos, acompa\u00f1ados de 78 expedicionarios, zarparon en noviembre de 1956 en el famoso yate Granma hacia la isla de Cuba, donde terminaron derrocando con su revoluci\u00f3n al entonces presidente Fulgencio Batista.<br \/>\nDespu\u00e9s de esa expedici\u00f3n, Roberto no regres\u00f3 a ese lugar donde pas\u00f3 su infancia; pero estoy seguro que cuando yo vaya, lo primero que har\u00e9 ser\u00e1 cerrar los ojos, para cerciorarme de que en Santiago de la Pe\u00f1a, como dec\u00eda Roberto, \u00abel tiempo se mueve con m\u00e1s lentitud\u00bb.<\/p>\n<p><strong>Tuxpan y los libros<\/strong><\/p>\n<p><img loading=\"lazy\" decoding=\"async\" class=\"alignnone size-medium wp-image-13239\" src=\"http:\/\/www.lospoliticosveracruz.com.mx\/wp-content\/uploads\/2014\/11\/Alberto-Silva2-300x225.jpg\" alt=\"Alberto Silva2\" width=\"300\" height=\"225\" srcset=\"https:\/\/lospoliticosveracruz.com\/wp-content\/uploads\/2014\/11\/Alberto-Silva2-300x225.jpg 300w, https:\/\/lospoliticosveracruz.com\/wp-content\/uploads\/2014\/11\/Alberto-Silva2-1024x768.jpg 1024w, https:\/\/lospoliticosveracruz.com\/wp-content\/uploads\/2014\/11\/Alberto-Silva2.jpg 1632w\" sizes=\"auto, (max-width: 300px) 100vw, 300px\" \/><\/p>\n<p>Alberto Silva Ramos, quien fue presidente municipal de Tuxpan, y que hoy es coordinador de Comunicaci\u00f3n Social del Gobierno de Veracruz, me mostr\u00f3 hace unos d\u00edas los dos vol\u00famenes en piel de El pr\u00edncipe de Maquiavelo, comentado por Napole\u00f3n Bonaparte, en una edici\u00f3n de 1827 impreso por la Librer\u00eda F. Rosa. Los tom\u00e9 en mis manos como si se tratar\u00e1 de dos cachorros reci\u00e9n nacidos. Abr\u00ed el primer tomo y cuando vi la fecha de 1827, seis a\u00f1os despu\u00e9s de la muerte de Bonaparte, sent\u00ed un gran estremecimiento, por lo que con respeto deposit\u00e9 el volumen en su cofre.<br \/>\nCuenta la historia que esas anotaciones fueron encontradas en el coche de Napole\u00f3n en 1815 despu\u00e9s de la batalla del Monte San Juan. En una de esas anotaciones Napole\u00f3n se\u00f1ala que no es f\u00e1cil el triunfo contra \u00abun pr\u00edncipe que tiene bien fortificada su ciudad, y no est\u00e1 aborrecido de su pueblo\u00bb.<br \/>\nY es que mi segundo viaje a Tuxpan, tiene que ver con los libros. Esa vez viaj\u00e9 con mi amigo Fernando Morales y con Raciel Mart\u00ednez. Hab\u00edamos sido invitados para dar unas charlas en la Feria del libro; Raciel sobre cine y yo sobre literatura. Nos hospedaron en un buen hotel cerca del centro, pero por alguna raz\u00f3n que no recuerdo, se suspendi\u00f3 tanto la charla sobre cine como la de literatura, de modo que nos quedamos de visita como simples turistas. Como \u00edbamos con los gastos pagados ni nos preocup\u00f3.<br \/>\nEra una feria del libro y justo era que al d\u00eda siguiente acudi\u00e9ramos a la feria comprar libros. Llevaba pocas expectativas y menos dinero. No cre\u00ed que esa \u201cferia de pueblo\u201d se pudiera comparar con las ferias de Xalapa. Cu\u00e1l no ser\u00eda mi sorpresa cuando llegu\u00e9 y me encontr\u00e9 con una cantidad de libros expuestos que en Xalapa no hab\u00eda visto. Primero las ofertas s\u00ed lo eran, de modo que adquir\u00ed varios libros de Seix Barral, particularmente Los pr\u00edncipes nubios, Premio Biblioteca Breve de 2003. Pero entre los libreros de viejo encontr\u00e9 verdaderas joyas. Libros antiguos impresos en pasta dura. Estaba El Quijote en dos tomos con grabados de Dor\u00e9; me lo dejaban en 700 pesos, pero mi presupuesto no llegaba a eso. Encontr\u00e9 Las Mil y una noches, tambi\u00e9n con grabados de Dor\u00e9; seguramente un ejemplar similar al que entusiasmo tanto a Borges y que por llegar pronto a su departamento a hojearlo en la intimidad no se dio cuenta de la batiente abierta de una ventana y se hizo una herida que casi lo lleva a la muerte.<br \/>\nHab\u00eda muchos libros, libros inalcanzables para mi presupuesto, hermosos ejemplares de aquellos tiempos en que los libros en verdad eran un verdadero tesoro, tanto por la hechura de las ediciones como por lo que \u00e9stos contienen.<br \/>\nPor cierto, una de las anotaciones que hace Napole\u00f3n sobre la obra de Maquiavelo es la siguiente: \u00abO el principado es bastante grande para que en \u00e9l se halle al pr\u00edncipe, en caso necesario, con qu\u00e9 sostenerse sobre s\u00ed mismo; o es tal que, en semejante caso, se ve precisado a implorar el auxilio de los otros\u00bb. Poco conozco a Alberto Silva Ramos, me dicen que es un gran lector. S\u00f3lo puedo imaginar al pol\u00edtico que hay en \u00e9l, si es que ya ha le\u00eddo El pr\u00edncipe de Maquiavelo y los comentarios de Napole\u00f3n.<\/p>\n<p>*Texto publicado en la revista M2X (Metros Cuadrados Xalapa) del mes de octubre.<\/p>\n<p>aortiz52@hotmail.com<\/p>\n","protected":false},"excerpt":{"rendered":"<p>Armando Ortiz El Hijo Pr\u00f3digo &nbsp; La primera vez que visit\u00e9 Tuxpan fue acompa\u00f1ando a mi amigo Roberto Williams. Hab\u00edamos acudido a la primera Cumbre Taj\u00edn que en ese entonces se llamaba la Primavera del Milenio; era el a\u00f1o 2000, y el mundo no se hab\u00eda acabado. El viaje lo recuerdo bien porque todo el [&hellip;]<\/p>\n","protected":false},"author":2,"featured_media":0,"comment_status":"open","ping_status":"open","sticky":false,"template":"","format":"standard","meta":{"tdm_status":"","tdm_grid_status":"","footnotes":""},"categories":[75],"tags":[695,694,692,693,203],"class_list":{"0":"post-13238","1":"post","2":"type-post","3":"status-publish","4":"format-standard","6":"category-cine-libros-y-mas","7":"tag-el-principe-de-maquiavelo","8":"tag-napoleon","9":"tag-roberto-williams","10":"tag-santiago-de-la-pena","11":"tag-tuxpan"},"yoast_head":"<!-- This site is optimized with the Yoast SEO plugin v27.4 - https:\/\/yoast.com\/product\/yoast-seo-wordpress\/ -->\n<title>Tuxpan, viaje al centro del libro - Los pol\u00edticos Veracruz<\/title>\n<meta name=\"robots\" content=\"index, follow, max-snippet:-1, max-image-preview:large, max-video-preview:-1\" \/>\n<link rel=\"canonical\" href=\"https:\/\/lospoliticosveracruz.com\/?p=13238\" \/>\n<meta property=\"og:locale\" content=\"es_ES\" \/>\n<meta property=\"og:type\" content=\"article\" \/>\n<meta property=\"og:title\" content=\"Tuxpan, viaje al centro del libro - Los pol\u00edticos Veracruz\" \/>\n<meta property=\"og:description\" content=\"Armando Ortiz El Hijo Pr\u00f3digo &nbsp; La primera vez que visit\u00e9 Tuxpan fue acompa\u00f1ando a mi amigo Roberto Williams. Hab\u00edamos acudido a la primera Cumbre Taj\u00edn que en ese entonces se llamaba la Primavera del Milenio; era el a\u00f1o 2000, y el mundo no se hab\u00eda acabado. El viaje lo recuerdo bien porque todo el [&hellip;]\" \/>\n<meta property=\"og:url\" content=\"https:\/\/lospoliticosveracruz.com\/?p=13238\" \/>\n<meta property=\"og:site_name\" content=\"Los pol\u00edticos Veracruz\" \/>\n<meta property=\"article:publisher\" content=\"https:\/\/www.facebook.com\/people\/Notimemes-de-los-Polticos\/61565672886568\/\" \/>\n<meta property=\"article:published_time\" content=\"2014-11-04T03:27:49+00:00\" \/>\n<meta property=\"article:modified_time\" content=\"2014-11-04T03:28:21+00:00\" \/>\n<meta property=\"og:image\" content=\"http:\/\/www.lospoliticosveracruz.com.mx\/wp-content\/uploads\/2014\/11\/Alberto-Silva-300x225.jpg\" \/>\n<meta name=\"author\" content=\"Lo viste en Los Pol\u00edticos\" \/>\n<meta name=\"twitter:card\" content=\"summary_large_image\" \/>\n<meta name=\"twitter:creator\" content=\"@LosPoliticosVer\" \/>\n<meta name=\"twitter:site\" content=\"@LosPoliticosVer\" \/>\n<meta name=\"twitter:label1\" content=\"Escrito por\" \/>\n\t<meta name=\"twitter:data1\" content=\"Lo viste en Los Pol\u00edticos\" \/>\n\t<meta name=\"twitter:label2\" content=\"Tiempo de lectura\" \/>\n\t<meta name=\"twitter:data2\" content=\"5 minutos\" \/>\n<script type=\"application\/ld+json\" class=\"yoast-schema-graph\">{\"@context\":\"https:\\\/\\\/schema.org\",\"@graph\":[{\"@type\":\"Article\",\"@id\":\"https:\\\/\\\/lospoliticosveracruz.com\\\/?p=13238#article\",\"isPartOf\":{\"@id\":\"https:\\\/\\\/lospoliticosveracruz.com\\\/?p=13238\"},\"author\":{\"name\":\"Lo viste en Los Pol\u00edticos\",\"@id\":\"https:\\\/\\\/lospoliticosveracruz.com\\\/#\\\/schema\\\/person\\\/b8702bb0e538456e6efd07080bf2a4a2\"},\"headline\":\"Tuxpan, viaje al centro del libro\",\"datePublished\":\"2014-11-04T03:27:49+00:00\",\"dateModified\":\"2014-11-04T03:28:21+00:00\",\"mainEntityOfPage\":{\"@id\":\"https:\\\/\\\/lospoliticosveracruz.com\\\/?p=13238\"},\"wordCount\":979,\"commentCount\":0,\"publisher\":{\"@id\":\"https:\\\/\\\/lospoliticosveracruz.com\\\/#organization\"},\"image\":{\"@id\":\"https:\\\/\\\/lospoliticosveracruz.com\\\/?p=13238#primaryimage\"},\"thumbnailUrl\":\"http:\\\/\\\/www.lospoliticosveracruz.com.mx\\\/wp-content\\\/uploads\\\/2014\\\/11\\\/Alberto-Silva-300x225.jpg\",\"keywords\":[\"El pr\u00edncipe de Maquiavelo\",\"Napole\u00f3n\",\"Roberto Williams\",\"Santiago de la Pe\u00f1a\",\"Tuxpan\"],\"articleSection\":[\"Cine, Libros y m\u00e1s\"],\"inLanguage\":\"es\",\"potentialAction\":[{\"@type\":\"CommentAction\",\"name\":\"Comment\",\"target\":[\"https:\\\/\\\/lospoliticosveracruz.com\\\/?p=13238#respond\"]}]},{\"@type\":\"WebPage\",\"@id\":\"https:\\\/\\\/lospoliticosveracruz.com\\\/?p=13238\",\"url\":\"https:\\\/\\\/lospoliticosveracruz.com\\\/?p=13238\",\"name\":\"Tuxpan, viaje al centro del libro - Los pol\u00edticos Veracruz\",\"isPartOf\":{\"@id\":\"https:\\\/\\\/lospoliticosveracruz.com\\\/#website\"},\"primaryImageOfPage\":{\"@id\":\"https:\\\/\\\/lospoliticosveracruz.com\\\/?p=13238#primaryimage\"},\"image\":{\"@id\":\"https:\\\/\\\/lospoliticosveracruz.com\\\/?p=13238#primaryimage\"},\"thumbnailUrl\":\"http:\\\/\\\/www.lospoliticosveracruz.com.mx\\\/wp-content\\\/uploads\\\/2014\\\/11\\\/Alberto-Silva-300x225.jpg\",\"datePublished\":\"2014-11-04T03:27:49+00:00\",\"dateModified\":\"2014-11-04T03:28:21+00:00\",\"breadcrumb\":{\"@id\":\"https:\\\/\\\/lospoliticosveracruz.com\\\/?p=13238#breadcrumb\"},\"inLanguage\":\"es\",\"potentialAction\":[{\"@type\":\"ReadAction\",\"target\":[\"https:\\\/\\\/lospoliticosveracruz.com\\\/?p=13238\"]}]},{\"@type\":\"ImageObject\",\"inLanguage\":\"es\",\"@id\":\"https:\\\/\\\/lospoliticosveracruz.com\\\/?p=13238#primaryimage\",\"url\":\"http:\\\/\\\/www.lospoliticosveracruz.com.mx\\\/wp-content\\\/uploads\\\/2014\\\/11\\\/Alberto-Silva-300x225.jpg\",\"contentUrl\":\"http:\\\/\\\/www.lospoliticosveracruz.com.mx\\\/wp-content\\\/uploads\\\/2014\\\/11\\\/Alberto-Silva-300x225.jpg\"},{\"@type\":\"BreadcrumbList\",\"@id\":\"https:\\\/\\\/lospoliticosveracruz.com\\\/?p=13238#breadcrumb\",\"itemListElement\":[{\"@type\":\"ListItem\",\"position\":1,\"name\":\"Portada\",\"item\":\"https:\\\/\\\/lospoliticosveracruz.com\\\/\"},{\"@type\":\"ListItem\",\"position\":2,\"name\":\"Tuxpan, viaje al centro del libro\"}]},{\"@type\":\"WebSite\",\"@id\":\"https:\\\/\\\/lospoliticosveracruz.com\\\/#website\",\"url\":\"https:\\\/\\\/lospoliticosveracruz.com\\\/\",\"name\":\"Los pol\u00edticos Veracruz\",\"description\":\"\",\"publisher\":{\"@id\":\"https:\\\/\\\/lospoliticosveracruz.com\\\/#organization\"},\"potentialAction\":[{\"@type\":\"SearchAction\",\"target\":{\"@type\":\"EntryPoint\",\"urlTemplate\":\"https:\\\/\\\/lospoliticosveracruz.com\\\/?s={search_term_string}\"},\"query-input\":{\"@type\":\"PropertyValueSpecification\",\"valueRequired\":true,\"valueName\":\"search_term_string\"}}],\"inLanguage\":\"es\"},{\"@type\":\"Organization\",\"@id\":\"https:\\\/\\\/lospoliticosveracruz.com\\\/#organization\",\"name\":\"Los pol\u00edticos Veracruz\",\"url\":\"https:\\\/\\\/lospoliticosveracruz.com\\\/\",\"logo\":{\"@type\":\"ImageObject\",\"inLanguage\":\"es\",\"@id\":\"https:\\\/\\\/lospoliticosveracruz.com\\\/#\\\/schema\\\/logo\\\/image\\\/\",\"url\":\"https:\\\/\\\/lospoliticosveracruz.com\\\/wp-content\\\/uploads\\\/2025\\\/12\\\/Logo-Nuevo-LOS-POLITICOS-1.jpg\",\"contentUrl\":\"https:\\\/\\\/lospoliticosveracruz.com\\\/wp-content\\\/uploads\\\/2025\\\/12\\\/Logo-Nuevo-LOS-POLITICOS-1.jpg\",\"width\":260,\"height\":70,\"caption\":\"Los pol\u00edticos Veracruz\"},\"image\":{\"@id\":\"https:\\\/\\\/lospoliticosveracruz.com\\\/#\\\/schema\\\/logo\\\/image\\\/\"},\"sameAs\":[\"https:\\\/\\\/www.facebook.com\\\/people\\\/Notimemes-de-los-Polticos\\\/61565672886568\\\/\",\"https:\\\/\\\/x.com\\\/LosPoliticosVer\"]},{\"@type\":\"Person\",\"@id\":\"https:\\\/\\\/lospoliticosveracruz.com\\\/#\\\/schema\\\/person\\\/b8702bb0e538456e6efd07080bf2a4a2\",\"name\":\"Lo viste en Los Pol\u00edticos\",\"image\":{\"@type\":\"ImageObject\",\"inLanguage\":\"es\",\"@id\":\"https:\\\/\\\/secure.gravatar.com\\\/avatar\\\/3a8de04a2656d44082be478bd6c086daa447c4651605818287b9532d3d0bd435?s=96&d=mm&r=g\",\"url\":\"https:\\\/\\\/secure.gravatar.com\\\/avatar\\\/3a8de04a2656d44082be478bd6c086daa447c4651605818287b9532d3d0bd435?s=96&d=mm&r=g\",\"contentUrl\":\"https:\\\/\\\/secure.gravatar.com\\\/avatar\\\/3a8de04a2656d44082be478bd6c086daa447c4651605818287b9532d3d0bd435?s=96&d=mm&r=g\",\"caption\":\"Lo viste en Los Pol\u00edticos\"},\"url\":\"https:\\\/\\\/lospoliticosveracruz.com\\\/?author=2\"}]}<\/script>\n<!-- \/ Yoast SEO plugin. -->","yoast_head_json":{"title":"Tuxpan, viaje al centro del libro - Los pol\u00edticos Veracruz","robots":{"index":"index","follow":"follow","max-snippet":"max-snippet:-1","max-image-preview":"max-image-preview:large","max-video-preview":"max-video-preview:-1"},"canonical":"https:\/\/lospoliticosveracruz.com\/?p=13238","og_locale":"es_ES","og_type":"article","og_title":"Tuxpan, viaje al centro del libro - Los pol\u00edticos Veracruz","og_description":"Armando Ortiz El Hijo Pr\u00f3digo &nbsp; La primera vez que visit\u00e9 Tuxpan fue acompa\u00f1ando a mi amigo Roberto Williams. Hab\u00edamos acudido a la primera Cumbre Taj\u00edn que en ese entonces se llamaba la Primavera del Milenio; era el a\u00f1o 2000, y el mundo no se hab\u00eda acabado. El viaje lo recuerdo bien porque todo el [&hellip;]","og_url":"https:\/\/lospoliticosveracruz.com\/?p=13238","og_site_name":"Los pol\u00edticos Veracruz","article_publisher":"https:\/\/www.facebook.com\/people\/Notimemes-de-los-Polticos\/61565672886568\/","article_published_time":"2014-11-04T03:27:49+00:00","article_modified_time":"2014-11-04T03:28:21+00:00","og_image":[{"url":"http:\/\/www.lospoliticosveracruz.com.mx\/wp-content\/uploads\/2014\/11\/Alberto-Silva-300x225.jpg","type":"","width":"","height":""}],"author":"Lo viste en Los Pol\u00edticos","twitter_card":"summary_large_image","twitter_creator":"@LosPoliticosVer","twitter_site":"@LosPoliticosVer","twitter_misc":{"Escrito por":"Lo viste en Los Pol\u00edticos","Tiempo de lectura":"5 minutos"},"schema":{"@context":"https:\/\/schema.org","@graph":[{"@type":"Article","@id":"https:\/\/lospoliticosveracruz.com\/?p=13238#article","isPartOf":{"@id":"https:\/\/lospoliticosveracruz.com\/?p=13238"},"author":{"name":"Lo viste en Los Pol\u00edticos","@id":"https:\/\/lospoliticosveracruz.com\/#\/schema\/person\/b8702bb0e538456e6efd07080bf2a4a2"},"headline":"Tuxpan, viaje al centro del libro","datePublished":"2014-11-04T03:27:49+00:00","dateModified":"2014-11-04T03:28:21+00:00","mainEntityOfPage":{"@id":"https:\/\/lospoliticosveracruz.com\/?p=13238"},"wordCount":979,"commentCount":0,"publisher":{"@id":"https:\/\/lospoliticosveracruz.com\/#organization"},"image":{"@id":"https:\/\/lospoliticosveracruz.com\/?p=13238#primaryimage"},"thumbnailUrl":"http:\/\/www.lospoliticosveracruz.com.mx\/wp-content\/uploads\/2014\/11\/Alberto-Silva-300x225.jpg","keywords":["El pr\u00edncipe de Maquiavelo","Napole\u00f3n","Roberto Williams","Santiago de la Pe\u00f1a","Tuxpan"],"articleSection":["Cine, Libros y m\u00e1s"],"inLanguage":"es","potentialAction":[{"@type":"CommentAction","name":"Comment","target":["https:\/\/lospoliticosveracruz.com\/?p=13238#respond"]}]},{"@type":"WebPage","@id":"https:\/\/lospoliticosveracruz.com\/?p=13238","url":"https:\/\/lospoliticosveracruz.com\/?p=13238","name":"Tuxpan, viaje al centro del libro - Los pol\u00edticos Veracruz","isPartOf":{"@id":"https:\/\/lospoliticosveracruz.com\/#website"},"primaryImageOfPage":{"@id":"https:\/\/lospoliticosveracruz.com\/?p=13238#primaryimage"},"image":{"@id":"https:\/\/lospoliticosveracruz.com\/?p=13238#primaryimage"},"thumbnailUrl":"http:\/\/www.lospoliticosveracruz.com.mx\/wp-content\/uploads\/2014\/11\/Alberto-Silva-300x225.jpg","datePublished":"2014-11-04T03:27:49+00:00","dateModified":"2014-11-04T03:28:21+00:00","breadcrumb":{"@id":"https:\/\/lospoliticosveracruz.com\/?p=13238#breadcrumb"},"inLanguage":"es","potentialAction":[{"@type":"ReadAction","target":["https:\/\/lospoliticosveracruz.com\/?p=13238"]}]},{"@type":"ImageObject","inLanguage":"es","@id":"https:\/\/lospoliticosveracruz.com\/?p=13238#primaryimage","url":"http:\/\/www.lospoliticosveracruz.com.mx\/wp-content\/uploads\/2014\/11\/Alberto-Silva-300x225.jpg","contentUrl":"http:\/\/www.lospoliticosveracruz.com.mx\/wp-content\/uploads\/2014\/11\/Alberto-Silva-300x225.jpg"},{"@type":"BreadcrumbList","@id":"https:\/\/lospoliticosveracruz.com\/?p=13238#breadcrumb","itemListElement":[{"@type":"ListItem","position":1,"name":"Portada","item":"https:\/\/lospoliticosveracruz.com\/"},{"@type":"ListItem","position":2,"name":"Tuxpan, viaje al centro del libro"}]},{"@type":"WebSite","@id":"https:\/\/lospoliticosveracruz.com\/#website","url":"https:\/\/lospoliticosveracruz.com\/","name":"Los pol\u00edticos Veracruz","description":"","publisher":{"@id":"https:\/\/lospoliticosveracruz.com\/#organization"},"potentialAction":[{"@type":"SearchAction","target":{"@type":"EntryPoint","urlTemplate":"https:\/\/lospoliticosveracruz.com\/?s={search_term_string}"},"query-input":{"@type":"PropertyValueSpecification","valueRequired":true,"valueName":"search_term_string"}}],"inLanguage":"es"},{"@type":"Organization","@id":"https:\/\/lospoliticosveracruz.com\/#organization","name":"Los pol\u00edticos Veracruz","url":"https:\/\/lospoliticosveracruz.com\/","logo":{"@type":"ImageObject","inLanguage":"es","@id":"https:\/\/lospoliticosveracruz.com\/#\/schema\/logo\/image\/","url":"https:\/\/lospoliticosveracruz.com\/wp-content\/uploads\/2025\/12\/Logo-Nuevo-LOS-POLITICOS-1.jpg","contentUrl":"https:\/\/lospoliticosveracruz.com\/wp-content\/uploads\/2025\/12\/Logo-Nuevo-LOS-POLITICOS-1.jpg","width":260,"height":70,"caption":"Los pol\u00edticos Veracruz"},"image":{"@id":"https:\/\/lospoliticosveracruz.com\/#\/schema\/logo\/image\/"},"sameAs":["https:\/\/www.facebook.com\/people\/Notimemes-de-los-Polticos\/61565672886568\/","https:\/\/x.com\/LosPoliticosVer"]},{"@type":"Person","@id":"https:\/\/lospoliticosveracruz.com\/#\/schema\/person\/b8702bb0e538456e6efd07080bf2a4a2","name":"Lo viste en Los Pol\u00edticos","image":{"@type":"ImageObject","inLanguage":"es","@id":"https:\/\/secure.gravatar.com\/avatar\/3a8de04a2656d44082be478bd6c086daa447c4651605818287b9532d3d0bd435?s=96&d=mm&r=g","url":"https:\/\/secure.gravatar.com\/avatar\/3a8de04a2656d44082be478bd6c086daa447c4651605818287b9532d3d0bd435?s=96&d=mm&r=g","contentUrl":"https:\/\/secure.gravatar.com\/avatar\/3a8de04a2656d44082be478bd6c086daa447c4651605818287b9532d3d0bd435?s=96&d=mm&r=g","caption":"Lo viste en Los Pol\u00edticos"},"url":"https:\/\/lospoliticosveracruz.com\/?author=2"}]}},"_links":{"self":[{"href":"https:\/\/lospoliticosveracruz.com\/index.php?rest_route=\/wp\/v2\/posts\/13238","targetHints":{"allow":["GET"]}}],"collection":[{"href":"https:\/\/lospoliticosveracruz.com\/index.php?rest_route=\/wp\/v2\/posts"}],"about":[{"href":"https:\/\/lospoliticosveracruz.com\/index.php?rest_route=\/wp\/v2\/types\/post"}],"author":[{"embeddable":true,"href":"https:\/\/lospoliticosveracruz.com\/index.php?rest_route=\/wp\/v2\/users\/2"}],"replies":[{"embeddable":true,"href":"https:\/\/lospoliticosveracruz.com\/index.php?rest_route=%2Fwp%2Fv2%2Fcomments&post=13238"}],"version-history":[{"count":1,"href":"https:\/\/lospoliticosveracruz.com\/index.php?rest_route=\/wp\/v2\/posts\/13238\/revisions"}],"predecessor-version":[{"id":13241,"href":"https:\/\/lospoliticosveracruz.com\/index.php?rest_route=\/wp\/v2\/posts\/13238\/revisions\/13241"}],"wp:attachment":[{"href":"https:\/\/lospoliticosveracruz.com\/index.php?rest_route=%2Fwp%2Fv2%2Fmedia&parent=13238"}],"wp:term":[{"taxonomy":"category","embeddable":true,"href":"https:\/\/lospoliticosveracruz.com\/index.php?rest_route=%2Fwp%2Fv2%2Fcategories&post=13238"},{"taxonomy":"post_tag","embeddable":true,"href":"https:\/\/lospoliticosveracruz.com\/index.php?rest_route=%2Fwp%2Fv2%2Ftags&post=13238"}],"curies":[{"name":"wp","href":"https:\/\/api.w.org\/{rel}","templated":true}]}}