{"id":132389,"date":"2024-11-12T07:29:44","date_gmt":"2024-11-12T13:29:44","guid":{"rendered":"https:\/\/lospoliticosveracruz.com.mx\/?p=132389"},"modified":"2024-11-12T07:29:52","modified_gmt":"2024-11-12T13:29:52","slug":"achairum","status":"publish","type":"post","link":"https:\/\/lospoliticosveracruz.com\/?p=132389","title":{"rendered":"ACHAIRUM\u2026"},"content":{"rendered":"\n<p><strong>Oved Contreras<\/strong><\/p>\n\n\n\n<p><em>Secas Mecas<\/em><\/p>\n\n\n\n<p>No me lo crean\u2026ni me llamen a declarar\u2026porque aplic\u00f3 lo que dec\u00eda la maestra Marcela Prado\u2026seg\u00fan nos platicaba el otro maestro Miguel \u00c1ngel Barrag\u00e1n\u2026\u00bben careo lo niego toduuuuuu\u2026!!\u2026juar juar \u2026pero les paso el chisme tal como me lo contaron\u2026all\u00e1 si lo creen y van a registrar pa comprobarlo\u2026<\/p>\n\n\n\n<p>Dicen los metiches que est\u00e1n bien enterados\u2026que no solo encontraron c\u00e1maras y mic\u00f3fonos esp\u00edas en las oficinas del Tebi Bautista del congreso local\u2026en las salas de juntas y en otros despachos de los nuevos diputeibols\u2026sino tambi\u00e9n en los ba\u00f1osssss\u2026.s\u00ed\u00ed\u00ed\u2026as\u00ed como se oye\u2026bien pervertidos que salieron los se fueron\u2026comenzando por el Chaparro Car\u00f3n que orden\u00f3 colocar esos aparatejos\u2026pa estar bien enterado de lo que hacen los nuevos \u2026.ora se sabe que hasta pa su gozo personal\u2026.<\/p>\n\n\n\n<p>Y no solo en los tocadores de las damas sino que grababan hasta los caballeros\u2026porque el gusto de rompe en g\u00e9neros\u2026.y por gustos no paraban los que estaban antes\u2026.qui\u00e9n iba a decir que el g\u00fcelito Mingo Berenjena era bien pervertido\u2026y que reverdec\u00eda cada vez que miraba los videos grabados en esos ba\u00f1osss\u2026. Ser\u00e1 de a devis????.. mejor que interroguen al Tortassss\u2026.pa saber bien\u2026!!!\u2026\u00e9l era el huele-empeines del Car\u00f3n\u2026.tons ta bien enterado\u2026<\/p>\n\n\n\n<p>Si se comprueba\u2026est\u00e1 ca\u00f1\u00f3n\u2026que encuentren las c\u00e1maras en los inodoros de la legissss\u2026.por lo pronto que se cuiden las nachas los y las nuevas deputeibols\u2026.que mejor lleven su bacinica privada \u2026y eviten ir a los sanitarios a hacer pipi y pop\u00f3\u2026pa no arriesgar que aparezcan en el Big Brother Carot\u00f3n\u2026no sea que les graben sus verg\u00fcenzas\u2026.y luego los videos sirvan para la diversi\u00f3n privada del g\u00fcelito y del Car\u00f3n de Hueyapan\u2026.s\u00e1quense la mano de all\u00ed\u00ed\u00ed\u00ed\u2026!!!!<\/p>\n\n\n\n<p>VA LA PRIMERA\u2026el exgobernador de Veracruz\u2026Dante Alfonso Delgado Rannauro\u2026ya pas\u00f3 su primera sesi\u00f3n de quimioterapia\u2026seg\u00fan informa \u00abBajo Reserva\u00bb del diario El Universal\u2026el fundador y dirigente de Movimiento Ciudadano estuvo el fin de semana en Puebla para atestiguar la tercera convenci\u00f3n estatal y tomar protesta a varios dirigentes emecistas.<\/p>\n\n\n\n<p>\u00abNos cuentan que don Dante revel\u00f3 que esta semana recibi\u00f3 su primera quimioterapia despu\u00e9s de que le diagnosticaron c\u00e1ncer de est\u00f3mago. Se le vio de buen \u00e1nimo y ligeramente disminuido f\u00edsicamente, pero dijo que ya le quitaron el mal y espera que no regrese. El l\u00edder naranja agradeci\u00f3 a sus compa\u00f1eros de partido el que lo acompa\u00f1aran durante estos d\u00edas complicados. Que venga una recuperaci\u00f3n plena\u00bb, publica \u00abBajo Reserva\u00bb.<\/p>\n\n\n\n<p>Ojal\u00e1 y todo salga bien para el exmandatario y por lo mientras que no venga a Veracruz p0rque se pondr\u00e1 mal al ver el despapaye que est\u00e1n haciendo con el Acuario de Veracruz una de las obras magnas que hizo cuando fue goberneitor\u2026est\u00e1 del nabo\u2026cuando no se caen las estructuras de su ampliaci\u00f3n se pierde o muere la mitad de las especies o lo agarran de sal\u00f3n de fiesta\u2026<\/p>\n\n\n\n<p>DEGRADADO\u2026.el Acuario de Dante que ahora se llama \u00abAchairum\u00bb porque recibe a puros chairos\u2026si no vean la lista de los municipios que traen ni\u00f1os y gente de la tercera edad\u2026todos son gobernados por Morena\u2026.y no es que haya mala leche contra los chiquillos y chiquillas ni los abuelitos y abuelitas\u2026sino que el Acuario lo usaron en este a\u00f1o como chantaje electoral\u2026pos los alcaldes chairos le dec\u00edan a la gente que el viaje gratis al puerto era cortes\u00eda del partido\u2026<\/p>\n\n\n\n<p>En eso termin\u00f3 la obra de Dante Delgado\u2026.adem\u00e1s de que ya dej\u00f3 de ser el acuario m\u00e1s grande e importante de Am\u00e9rica Latina como fue planeado y como dur\u00f3 varios a\u00f1os..ahora no es ni el mejor de M\u00e9xico\u2026ya lo rebasaron varios centro acu\u00e1ticos donde s\u00ed han invertido en ampliaciones serias no solo para justificar los moches del presupuesto y llevarse tajadas\u2026como lo hace el Cheko Rodr\u00edguez que tiene un negociazo con el lugar\u2026<\/p>\n\n\n\n<p>Seg\u00fan el ranking de \u00abM\u00e9xico Desconocido\u00bb\u2026.al \u00abAchairum\u00bb lo desplaz\u00f3 el Acuario Inbursa del Carlos Slim\u2026el hombre m\u00e1s ricardo del pa\u00eds\u2026.y que se encuentra en Polanco\u2026en la capirucha\u2026dicen que est\u00e1 de peluche\u2026que ah\u00ed ni se pierden los peces ni se mueren las medusas ni se cae el techo\u2026..hay que irrrrrrrr.<\/p>\n\n\n\n<p>HASTA LOS PIPOPES\u2026.El \u00abAchairum\u00bb se qued\u00f3 en segundo lugar\u2026peroooooooo\u2026.la plataforma Tripadvisor\u2026que es de las m\u00e1s populares e influyentes en cuanto a turismo\u2026 reporta que el \u00abAcharium\u00bb que se agenci\u00f3 el Cuicaras y el Cheko\u2026se cay\u00f3 al quinto lugar en este tipo de centros de diversi\u00f3n y conservaci\u00f3n de la fauna marina\u2026.<\/p>\n\n\n\n<p>Por arriba est\u00e1n los acuarios Michin de Guadalajara, Ciudad de M\u00e9xico y Puebla\u2026.qu\u00e9eeee????\u2026hasta los pipopes que no tienen mar nos ganaron en peceras\u2026!!!!\u2026y el cuarto sitio es para el Acuario Interactivo de Canc\u00fan\u2026<\/p>\n\n\n\n<p>El de Veracruz est\u00e1 mal atendido\u2026los encargados les hacen gestos y tienen mal modo con los visitantes\u2026hay lugares sucios y otros sin peces\u2026.todo va pa pior\u2026seg\u00fan las opiniones de Tripadvisor\u2026.desde que se lo agandall\u00f3 el gobierno estatal\u2026todo se ech\u00f3 a perder y en una de esas hasta puede terminar como carpa de feria pueblerina\u2026sino al tiempo\u2026\u2026.<\/p>\n\n\n\n<p>SOMBRERO AJENO\u2026ya no falta mucho\u2026.. pa empezar el Cheko Rodr\u00edguez ya anunci\u00f3 unos conciertazos pal pr\u00f3ximo fin de semana..quesque pa celebrar los 35 a\u00f1os de su apertura y de paso la reinauguraci\u00f3n con las mejoras que le hicieron \u2026.cu\u00e1lessss???\u2026y por eso todos a mover el bote con la banda Afrojack y el colombiano \u2026.Manuel Turizo\u2026que es la versi\u00f3n de Maluma pero comprada en Temu\u2026juar juar juar\u2026<\/p>\n\n\n\n<p>Quesque todo va a ser gratis y ah\u00ed estar\u00e1 presente otra banda\u2026musical???\u2026 Nooooo\u2026la banda del Cuicar\u00e1s\u2026el Cheko\u2026y el hermano de pila Iv\u00e1n Mart\u00ednez de Turismo\u2026o sea una barracuda\u2026.un manat\u00ed y un cangrejo de mar\u2026.pa que nadie extra\u00f1e a los animalejos que se perdieron en este \u00faltimo a\u00f1o\u2026juar juar juar\u2026.y adem\u00e1s bailar\u00e1n hasta que se le acabe la suela al guarache\u2026..pusss!!!<\/p>\n\n\n\n<p>Ese concierto ser\u00e1 en el WTC\u2026de Boca\u2026osease en otra obra magna de Dante Delgado\u2026.puro presumir con sombrero ajeno\u2026porque los morenacos no hicieron nada..al contrario\u2026tienen manitas de estomago porque todo lo que tocan lo desbaratan\u2026pobre T\u00edo Dante\u2026si llega a ver lo que est\u00e1n haciendo con su legado\u2026de segurito se pondr\u00e1 m\u00e1s enfermo\u2026snif\u2026snif\u2026snif\u2026como dice la licenciada Melchi.<\/p>\n","protected":false},"excerpt":{"rendered":"<p>Oved Contreras Secas Mecas No me lo crean\u2026ni me llamen a declarar\u2026porque aplic\u00f3 lo que dec\u00eda la maestra Marcela Prado\u2026seg\u00fan nos platicaba el otro maestro Miguel \u00c1ngel Barrag\u00e1n\u2026\u00bben careo lo niego toduuuuuu\u2026!!\u2026juar juar \u2026pero les paso el chisme tal como me lo contaron\u2026all\u00e1 si lo creen y van a registrar pa comprobarlo\u2026 Dicen los metiches [&hellip;]<\/p>\n","protected":false},"author":2,"featured_media":119816,"comment_status":"closed","ping_status":"closed","sticky":false,"template":"","format":"standard","meta":{"tdm_status":"","tdm_grid_status":"","footnotes":""},"categories":[70],"tags":[1563,807,195],"class_list":{"0":"post-132389","1":"post","2":"type-post","3":"status-publish","4":"format-standard","5":"has-post-thumbnail","7":"category-de-opinion","8":"tag-cuitlahuac-garcia-jimenez","9":"tag-sergio-rodriguez-cortes","10":"tag-veracruz"},"yoast_head":"<!-- This site is optimized with the Yoast SEO plugin v27.4 - https:\/\/yoast.com\/product\/yoast-seo-wordpress\/ -->\n<title>ACHAIRUM\u2026 - Los pol\u00edticos Veracruz<\/title>\n<meta name=\"robots\" content=\"index, follow, max-snippet:-1, max-image-preview:large, max-video-preview:-1\" \/>\n<link rel=\"canonical\" href=\"https:\/\/lospoliticosveracruz.com\/?p=132389\" \/>\n<meta property=\"og:locale\" content=\"es_ES\" \/>\n<meta property=\"og:type\" content=\"article\" \/>\n<meta property=\"og:title\" content=\"ACHAIRUM\u2026 - Los pol\u00edticos Veracruz\" \/>\n<meta property=\"og:description\" content=\"Oved Contreras Secas Mecas No me lo crean\u2026ni me llamen a declarar\u2026porque aplic\u00f3 lo que dec\u00eda la maestra Marcela Prado\u2026seg\u00fan nos platicaba el otro maestro Miguel \u00c1ngel Barrag\u00e1n\u2026\u00bben careo lo niego toduuuuuu\u2026!!\u2026juar juar \u2026pero les paso el chisme tal como me lo contaron\u2026all\u00e1 si lo creen y van a registrar pa comprobarlo\u2026 Dicen los metiches [&hellip;]\" \/>\n<meta property=\"og:url\" content=\"https:\/\/lospoliticosveracruz.com\/?p=132389\" \/>\n<meta property=\"og:site_name\" content=\"Los pol\u00edticos Veracruz\" \/>\n<meta property=\"article:publisher\" content=\"https:\/\/www.facebook.com\/people\/Notimemes-de-los-Polticos\/61565672886568\/\" \/>\n<meta property=\"article:published_time\" content=\"2024-11-12T13:29:44+00:00\" \/>\n<meta property=\"article:modified_time\" content=\"2024-11-12T13:29:52+00:00\" \/>\n<meta property=\"og:image\" content=\"https:\/\/lospoliticosveracruz.com\/wp-content\/uploads\/2024\/03\/Oved-Contreras.jpg\" \/>\n\t<meta property=\"og:image:width\" content=\"1250\" \/>\n\t<meta property=\"og:image:height\" content=\"667\" \/>\n\t<meta property=\"og:image:type\" content=\"image\/jpeg\" \/>\n<meta name=\"author\" content=\"Lo viste en Los Pol\u00edticos\" \/>\n<meta name=\"twitter:card\" content=\"summary_large_image\" \/>\n<meta name=\"twitter:creator\" content=\"@LosPoliticosVer\" \/>\n<meta name=\"twitter:site\" content=\"@LosPoliticosVer\" \/>\n<meta name=\"twitter:label1\" content=\"Escrito por\" \/>\n\t<meta name=\"twitter:data1\" content=\"Lo viste en Los Pol\u00edticos\" \/>\n\t<meta name=\"twitter:label2\" content=\"Tiempo de lectura\" \/>\n\t<meta name=\"twitter:data2\" content=\"6 minutos\" \/>\n<script type=\"application\/ld+json\" class=\"yoast-schema-graph\">{\"@context\":\"https:\\\/\\\/schema.org\",\"@graph\":[{\"@type\":\"Article\",\"@id\":\"https:\\\/\\\/lospoliticosveracruz.com\\\/?p=132389#article\",\"isPartOf\":{\"@id\":\"https:\\\/\\\/lospoliticosveracruz.com\\\/?p=132389\"},\"author\":{\"name\":\"Lo viste en Los Pol\u00edticos\",\"@id\":\"https:\\\/\\\/lospoliticosveracruz.com\\\/#\\\/schema\\\/person\\\/b8702bb0e538456e6efd07080bf2a4a2\"},\"headline\":\"ACHAIRUM\u2026\",\"datePublished\":\"2024-11-12T13:29:44+00:00\",\"dateModified\":\"2024-11-12T13:29:52+00:00\",\"mainEntityOfPage\":{\"@id\":\"https:\\\/\\\/lospoliticosveracruz.com\\\/?p=132389\"},\"wordCount\":1156,\"publisher\":{\"@id\":\"https:\\\/\\\/lospoliticosveracruz.com\\\/#organization\"},\"image\":{\"@id\":\"https:\\\/\\\/lospoliticosveracruz.com\\\/?p=132389#primaryimage\"},\"thumbnailUrl\":\"https:\\\/\\\/lospoliticosveracruz.com\\\/wp-content\\\/uploads\\\/2024\\\/03\\\/Oved-Contreras.jpg\",\"keywords\":[\"Cuitl\u00e1huac Garc\u00eda Jim\u00e9nez\",\"Sergio Rodr\u00edguez Cort\u00e9s\",\"Veracruz\"],\"articleSection\":[\"De Opini\u00f3n\"],\"inLanguage\":\"es\"},{\"@type\":\"WebPage\",\"@id\":\"https:\\\/\\\/lospoliticosveracruz.com\\\/?p=132389\",\"url\":\"https:\\\/\\\/lospoliticosveracruz.com\\\/?p=132389\",\"name\":\"ACHAIRUM\u2026 - Los pol\u00edticos Veracruz\",\"isPartOf\":{\"@id\":\"https:\\\/\\\/lospoliticosveracruz.com\\\/#website\"},\"primaryImageOfPage\":{\"@id\":\"https:\\\/\\\/lospoliticosveracruz.com\\\/?p=132389#primaryimage\"},\"image\":{\"@id\":\"https:\\\/\\\/lospoliticosveracruz.com\\\/?p=132389#primaryimage\"},\"thumbnailUrl\":\"https:\\\/\\\/lospoliticosveracruz.com\\\/wp-content\\\/uploads\\\/2024\\\/03\\\/Oved-Contreras.jpg\",\"datePublished\":\"2024-11-12T13:29:44+00:00\",\"dateModified\":\"2024-11-12T13:29:52+00:00\",\"breadcrumb\":{\"@id\":\"https:\\\/\\\/lospoliticosveracruz.com\\\/?p=132389#breadcrumb\"},\"inLanguage\":\"es\",\"potentialAction\":[{\"@type\":\"ReadAction\",\"target\":[\"https:\\\/\\\/lospoliticosveracruz.com\\\/?p=132389\"]}]},{\"@type\":\"ImageObject\",\"inLanguage\":\"es\",\"@id\":\"https:\\\/\\\/lospoliticosveracruz.com\\\/?p=132389#primaryimage\",\"url\":\"https:\\\/\\\/lospoliticosveracruz.com\\\/wp-content\\\/uploads\\\/2024\\\/03\\\/Oved-Contreras.jpg\",\"contentUrl\":\"https:\\\/\\\/lospoliticosveracruz.com\\\/wp-content\\\/uploads\\\/2024\\\/03\\\/Oved-Contreras.jpg\",\"width\":1250,\"height\":667},{\"@type\":\"BreadcrumbList\",\"@id\":\"https:\\\/\\\/lospoliticosveracruz.com\\\/?p=132389#breadcrumb\",\"itemListElement\":[{\"@type\":\"ListItem\",\"position\":1,\"name\":\"Portada\",\"item\":\"https:\\\/\\\/lospoliticosveracruz.com\\\/\"},{\"@type\":\"ListItem\",\"position\":2,\"name\":\"ACHAIRUM\u2026\"}]},{\"@type\":\"WebSite\",\"@id\":\"https:\\\/\\\/lospoliticosveracruz.com\\\/#website\",\"url\":\"https:\\\/\\\/lospoliticosveracruz.com\\\/\",\"name\":\"Los pol\u00edticos Veracruz\",\"description\":\"\",\"publisher\":{\"@id\":\"https:\\\/\\\/lospoliticosveracruz.com\\\/#organization\"},\"potentialAction\":[{\"@type\":\"SearchAction\",\"target\":{\"@type\":\"EntryPoint\",\"urlTemplate\":\"https:\\\/\\\/lospoliticosveracruz.com\\\/?s={search_term_string}\"},\"query-input\":{\"@type\":\"PropertyValueSpecification\",\"valueRequired\":true,\"valueName\":\"search_term_string\"}}],\"inLanguage\":\"es\"},{\"@type\":\"Organization\",\"@id\":\"https:\\\/\\\/lospoliticosveracruz.com\\\/#organization\",\"name\":\"Los pol\u00edticos Veracruz\",\"url\":\"https:\\\/\\\/lospoliticosveracruz.com\\\/\",\"logo\":{\"@type\":\"ImageObject\",\"inLanguage\":\"es\",\"@id\":\"https:\\\/\\\/lospoliticosveracruz.com\\\/#\\\/schema\\\/logo\\\/image\\\/\",\"url\":\"https:\\\/\\\/lospoliticosveracruz.com\\\/wp-content\\\/uploads\\\/2025\\\/12\\\/Logo-Nuevo-LOS-POLITICOS-1.jpg\",\"contentUrl\":\"https:\\\/\\\/lospoliticosveracruz.com\\\/wp-content\\\/uploads\\\/2025\\\/12\\\/Logo-Nuevo-LOS-POLITICOS-1.jpg\",\"width\":260,\"height\":70,\"caption\":\"Los pol\u00edticos Veracruz\"},\"image\":{\"@id\":\"https:\\\/\\\/lospoliticosveracruz.com\\\/#\\\/schema\\\/logo\\\/image\\\/\"},\"sameAs\":[\"https:\\\/\\\/www.facebook.com\\\/people\\\/Notimemes-de-los-Polticos\\\/61565672886568\\\/\",\"https:\\\/\\\/x.com\\\/LosPoliticosVer\"]},{\"@type\":\"Person\",\"@id\":\"https:\\\/\\\/lospoliticosveracruz.com\\\/#\\\/schema\\\/person\\\/b8702bb0e538456e6efd07080bf2a4a2\",\"name\":\"Lo viste en Los Pol\u00edticos\",\"image\":{\"@type\":\"ImageObject\",\"inLanguage\":\"es\",\"@id\":\"https:\\\/\\\/secure.gravatar.com\\\/avatar\\\/3a8de04a2656d44082be478bd6c086daa447c4651605818287b9532d3d0bd435?s=96&d=mm&r=g\",\"url\":\"https:\\\/\\\/secure.gravatar.com\\\/avatar\\\/3a8de04a2656d44082be478bd6c086daa447c4651605818287b9532d3d0bd435?s=96&d=mm&r=g\",\"contentUrl\":\"https:\\\/\\\/secure.gravatar.com\\\/avatar\\\/3a8de04a2656d44082be478bd6c086daa447c4651605818287b9532d3d0bd435?s=96&d=mm&r=g\",\"caption\":\"Lo viste en Los Pol\u00edticos\"},\"url\":\"https:\\\/\\\/lospoliticosveracruz.com\\\/?author=2\"}]}<\/script>\n<!-- \/ Yoast SEO plugin. -->","yoast_head_json":{"title":"ACHAIRUM\u2026 - Los pol\u00edticos Veracruz","robots":{"index":"index","follow":"follow","max-snippet":"max-snippet:-1","max-image-preview":"max-image-preview:large","max-video-preview":"max-video-preview:-1"},"canonical":"https:\/\/lospoliticosveracruz.com\/?p=132389","og_locale":"es_ES","og_type":"article","og_title":"ACHAIRUM\u2026 - Los pol\u00edticos Veracruz","og_description":"Oved Contreras Secas Mecas No me lo crean\u2026ni me llamen a declarar\u2026porque aplic\u00f3 lo que dec\u00eda la maestra Marcela Prado\u2026seg\u00fan nos platicaba el otro maestro Miguel \u00c1ngel Barrag\u00e1n\u2026\u00bben careo lo niego toduuuuuu\u2026!!\u2026juar juar \u2026pero les paso el chisme tal como me lo contaron\u2026all\u00e1 si lo creen y van a registrar pa comprobarlo\u2026 Dicen los metiches [&hellip;]","og_url":"https:\/\/lospoliticosveracruz.com\/?p=132389","og_site_name":"Los pol\u00edticos Veracruz","article_publisher":"https:\/\/www.facebook.com\/people\/Notimemes-de-los-Polticos\/61565672886568\/","article_published_time":"2024-11-12T13:29:44+00:00","article_modified_time":"2024-11-12T13:29:52+00:00","og_image":[{"width":1250,"height":667,"url":"https:\/\/lospoliticosveracruz.com\/wp-content\/uploads\/2024\/03\/Oved-Contreras.jpg","type":"image\/jpeg"}],"author":"Lo viste en Los Pol\u00edticos","twitter_card":"summary_large_image","twitter_creator":"@LosPoliticosVer","twitter_site":"@LosPoliticosVer","twitter_misc":{"Escrito por":"Lo viste en Los Pol\u00edticos","Tiempo de lectura":"6 minutos"},"schema":{"@context":"https:\/\/schema.org","@graph":[{"@type":"Article","@id":"https:\/\/lospoliticosveracruz.com\/?p=132389#article","isPartOf":{"@id":"https:\/\/lospoliticosveracruz.com\/?p=132389"},"author":{"name":"Lo viste en Los Pol\u00edticos","@id":"https:\/\/lospoliticosveracruz.com\/#\/schema\/person\/b8702bb0e538456e6efd07080bf2a4a2"},"headline":"ACHAIRUM\u2026","datePublished":"2024-11-12T13:29:44+00:00","dateModified":"2024-11-12T13:29:52+00:00","mainEntityOfPage":{"@id":"https:\/\/lospoliticosveracruz.com\/?p=132389"},"wordCount":1156,"publisher":{"@id":"https:\/\/lospoliticosveracruz.com\/#organization"},"image":{"@id":"https:\/\/lospoliticosveracruz.com\/?p=132389#primaryimage"},"thumbnailUrl":"https:\/\/lospoliticosveracruz.com\/wp-content\/uploads\/2024\/03\/Oved-Contreras.jpg","keywords":["Cuitl\u00e1huac Garc\u00eda Jim\u00e9nez","Sergio Rodr\u00edguez Cort\u00e9s","Veracruz"],"articleSection":["De Opini\u00f3n"],"inLanguage":"es"},{"@type":"WebPage","@id":"https:\/\/lospoliticosveracruz.com\/?p=132389","url":"https:\/\/lospoliticosveracruz.com\/?p=132389","name":"ACHAIRUM\u2026 - Los pol\u00edticos Veracruz","isPartOf":{"@id":"https:\/\/lospoliticosveracruz.com\/#website"},"primaryImageOfPage":{"@id":"https:\/\/lospoliticosveracruz.com\/?p=132389#primaryimage"},"image":{"@id":"https:\/\/lospoliticosveracruz.com\/?p=132389#primaryimage"},"thumbnailUrl":"https:\/\/lospoliticosveracruz.com\/wp-content\/uploads\/2024\/03\/Oved-Contreras.jpg","datePublished":"2024-11-12T13:29:44+00:00","dateModified":"2024-11-12T13:29:52+00:00","breadcrumb":{"@id":"https:\/\/lospoliticosveracruz.com\/?p=132389#breadcrumb"},"inLanguage":"es","potentialAction":[{"@type":"ReadAction","target":["https:\/\/lospoliticosveracruz.com\/?p=132389"]}]},{"@type":"ImageObject","inLanguage":"es","@id":"https:\/\/lospoliticosveracruz.com\/?p=132389#primaryimage","url":"https:\/\/lospoliticosveracruz.com\/wp-content\/uploads\/2024\/03\/Oved-Contreras.jpg","contentUrl":"https:\/\/lospoliticosveracruz.com\/wp-content\/uploads\/2024\/03\/Oved-Contreras.jpg","width":1250,"height":667},{"@type":"BreadcrumbList","@id":"https:\/\/lospoliticosveracruz.com\/?p=132389#breadcrumb","itemListElement":[{"@type":"ListItem","position":1,"name":"Portada","item":"https:\/\/lospoliticosveracruz.com\/"},{"@type":"ListItem","position":2,"name":"ACHAIRUM\u2026"}]},{"@type":"WebSite","@id":"https:\/\/lospoliticosveracruz.com\/#website","url":"https:\/\/lospoliticosveracruz.com\/","name":"Los pol\u00edticos Veracruz","description":"","publisher":{"@id":"https:\/\/lospoliticosveracruz.com\/#organization"},"potentialAction":[{"@type":"SearchAction","target":{"@type":"EntryPoint","urlTemplate":"https:\/\/lospoliticosveracruz.com\/?s={search_term_string}"},"query-input":{"@type":"PropertyValueSpecification","valueRequired":true,"valueName":"search_term_string"}}],"inLanguage":"es"},{"@type":"Organization","@id":"https:\/\/lospoliticosveracruz.com\/#organization","name":"Los pol\u00edticos Veracruz","url":"https:\/\/lospoliticosveracruz.com\/","logo":{"@type":"ImageObject","inLanguage":"es","@id":"https:\/\/lospoliticosveracruz.com\/#\/schema\/logo\/image\/","url":"https:\/\/lospoliticosveracruz.com\/wp-content\/uploads\/2025\/12\/Logo-Nuevo-LOS-POLITICOS-1.jpg","contentUrl":"https:\/\/lospoliticosveracruz.com\/wp-content\/uploads\/2025\/12\/Logo-Nuevo-LOS-POLITICOS-1.jpg","width":260,"height":70,"caption":"Los pol\u00edticos Veracruz"},"image":{"@id":"https:\/\/lospoliticosveracruz.com\/#\/schema\/logo\/image\/"},"sameAs":["https:\/\/www.facebook.com\/people\/Notimemes-de-los-Polticos\/61565672886568\/","https:\/\/x.com\/LosPoliticosVer"]},{"@type":"Person","@id":"https:\/\/lospoliticosveracruz.com\/#\/schema\/person\/b8702bb0e538456e6efd07080bf2a4a2","name":"Lo viste en Los Pol\u00edticos","image":{"@type":"ImageObject","inLanguage":"es","@id":"https:\/\/secure.gravatar.com\/avatar\/3a8de04a2656d44082be478bd6c086daa447c4651605818287b9532d3d0bd435?s=96&d=mm&r=g","url":"https:\/\/secure.gravatar.com\/avatar\/3a8de04a2656d44082be478bd6c086daa447c4651605818287b9532d3d0bd435?s=96&d=mm&r=g","contentUrl":"https:\/\/secure.gravatar.com\/avatar\/3a8de04a2656d44082be478bd6c086daa447c4651605818287b9532d3d0bd435?s=96&d=mm&r=g","caption":"Lo viste en Los Pol\u00edticos"},"url":"https:\/\/lospoliticosveracruz.com\/?author=2"}]}},"_links":{"self":[{"href":"https:\/\/lospoliticosveracruz.com\/index.php?rest_route=\/wp\/v2\/posts\/132389","targetHints":{"allow":["GET"]}}],"collection":[{"href":"https:\/\/lospoliticosveracruz.com\/index.php?rest_route=\/wp\/v2\/posts"}],"about":[{"href":"https:\/\/lospoliticosveracruz.com\/index.php?rest_route=\/wp\/v2\/types\/post"}],"author":[{"embeddable":true,"href":"https:\/\/lospoliticosveracruz.com\/index.php?rest_route=\/wp\/v2\/users\/2"}],"replies":[{"embeddable":true,"href":"https:\/\/lospoliticosveracruz.com\/index.php?rest_route=%2Fwp%2Fv2%2Fcomments&post=132389"}],"version-history":[{"count":1,"href":"https:\/\/lospoliticosveracruz.com\/index.php?rest_route=\/wp\/v2\/posts\/132389\/revisions"}],"predecessor-version":[{"id":132390,"href":"https:\/\/lospoliticosveracruz.com\/index.php?rest_route=\/wp\/v2\/posts\/132389\/revisions\/132390"}],"wp:featuredmedia":[{"embeddable":true,"href":"https:\/\/lospoliticosveracruz.com\/index.php?rest_route=\/wp\/v2\/media\/119816"}],"wp:attachment":[{"href":"https:\/\/lospoliticosveracruz.com\/index.php?rest_route=%2Fwp%2Fv2%2Fmedia&parent=132389"}],"wp:term":[{"taxonomy":"category","embeddable":true,"href":"https:\/\/lospoliticosveracruz.com\/index.php?rest_route=%2Fwp%2Fv2%2Fcategories&post=132389"},{"taxonomy":"post_tag","embeddable":true,"href":"https:\/\/lospoliticosveracruz.com\/index.php?rest_route=%2Fwp%2Fv2%2Ftags&post=132389"}],"curies":[{"name":"wp","href":"https:\/\/api.w.org\/{rel}","templated":true}]}}