{"id":132670,"date":"2024-11-18T08:51:57","date_gmt":"2024-11-18T14:51:57","guid":{"rendered":"https:\/\/lospoliticosveracruz.com.mx\/?p=132670"},"modified":"2024-11-18T08:52:06","modified_gmt":"2024-11-18T14:52:06","slug":"colaborador-bajo-sospecha","status":"publish","type":"post","link":"https:\/\/lospoliticosveracruz.com\/?p=132670","title":{"rendered":"COLABORADOR BAJO SOSPECHA"},"content":{"rendered":"\n<p><strong>Oved Contreras&nbsp;<\/strong><\/p>\n\n\n\n<p><em>Secas Mecas&nbsp;<\/em><\/p>\n\n\n\n<p><strong>HASTA SIEMPRE PROFE<\/strong>\u2026ayer domingo por la ma\u00f1ana nos enteramos del fallecimiento del querido profesor V\u00edctor Manuel Paz Cinta, un hombre que no solo dedic\u00f3 su vida a formar generaciones de atletas y a promover el deporte en Veracruz, sino que fue un luchador social de una sola pieza y no como ahora que cambian de chaqueta a conveniencia.<\/p>\n\n\n<div class=\"wp-block-image\">\n<figure class=\"alignleft size-medium\"><a href=\"https:\/\/lospoliticosveracruz.com.mx\/wp-content\/uploads\/2021\/10\/WhatsApp-Image-2021-10-02-at-15.20.25.jpeg\"><img loading=\"lazy\" decoding=\"async\" width=\"212\" height=\"300\" src=\"https:\/\/lospoliticosveracruz.com.mx\/wp-content\/uploads\/2021\/10\/WhatsApp-Image-2021-10-02-at-15.20.25-212x300.jpeg\" alt=\"\" class=\"wp-image-80177\" srcset=\"https:\/\/lospoliticosveracruz.com\/wp-content\/uploads\/2021\/10\/WhatsApp-Image-2021-10-02-at-15.20.25-212x300.jpeg 212w, https:\/\/lospoliticosveracruz.com\/wp-content\/uploads\/2021\/10\/WhatsApp-Image-2021-10-02-at-15.20.25-724x1024.jpeg 724w, https:\/\/lospoliticosveracruz.com\/wp-content\/uploads\/2021\/10\/WhatsApp-Image-2021-10-02-at-15.20.25-768x1086.jpeg 768w, https:\/\/lospoliticosveracruz.com\/wp-content\/uploads\/2021\/10\/WhatsApp-Image-2021-10-02-at-15.20.25.jpeg 905w\" sizes=\"auto, (max-width: 212px) 100vw, 212px\" \/><\/a><\/figure>\n<\/div>\n\n\n<p>Su pasi\u00f3n por el deporte y su compromiso con la formaci\u00f3n integral de sus alumnos lo convirtieron en un referente en el \u00e1mbito deportivo veracruzano. Pero m\u00e1s all\u00e1 de su destacada trayectoria como entrenador de atletismo, V\u00edctor Paz Cinta fue un luchador social que encarn\u00f3 los valores de la lucha y la solidaridad, y que siempre estuvo al lado de los m\u00e1s necesitados. Abrazo fuerte para su familia y amigos que hoy sienten su partida. Buen viaje, Profe.<\/p>\n\n\n\n<p><strong>COLABORADOR BAJO SOSPECHA<\/strong>\u2026Sabr\u00e1 el pr\u00f3ximo secretario de la SEDARPA y ex\u00a0\u00a0alcalde de Mart\u00ednez de la Torre, Rodrigo Calderon Salas, que el gran responsable del fraude que se orquest\u00f3 en el Congreso del Estado de Veracruz es Carlos G\u00e1mez Paredes, a\u00fan Jefe de Servicios Generales de dicho poder, que fue \u00e9l quien\u00a0\u00a0facilit\u00f3 todo para que se hicieran los negocios oscuros de servicios de limpieza, Jardiner\u00eda, c\u00f3mputo y el \u00faltimo, el fraude de la supuesta remodelaci\u00f3n que realizaron a las oficinas de las y los nuevos inquilinos del Palacio Legislativo\u2026Ahora m, Rodrigo Calderon lo trae como parte de su equipo cercano en la entrega recepci\u00f3n de la SEDARPA,m.<\/p>\n\n\n\n<p>Si sabr\u00e1 la t\u00eda Ch\u00edo que estos fulanos se despacharon con la cuchara grande desde la Jucopo en la pasada Legislatura y que ahora se est\u00e1n colando a su futura administraci\u00f3n.<\/p>\n\n\n\n<p>Y qu\u00e9 dir\u00e1 el presidente de la JUCOPO, Esteban Bautista de que uno de los responsables de las 14 leyes que le ech\u00f3 abajo la SCJN al pasado Congreso, es Marco Lara Quiroz, flamante \u201casesor\u201d de la Presidencia del Congreso, gente muy cercana a G\u00f3mez Cazarin y al guelito Mingo Berenjena, quienes adem\u00e1s de ser responsables del robo millonario que solaparon en 6 a\u00f1os durante la administraci\u00f3n de recursos del Poder Legislativo, de crear empresas fantasmas y que el propio Lara Quiroz era el responsable de la elaboraci\u00f3n y validaci\u00f3n de los contratos con dichas&nbsp;&nbsp;\u201cempresas\u201d fantasmas.&nbsp;<\/p>\n\n\n\n<p>A estas alturas, el Tebi Bautista ya debe saber que Marco Lara trabaja en dos bandos y que sigue report\u00e1ndose con G\u00f3mez Cazarin quien le sigue mandando \u00f3rdenes a trav\u00e9s de Mingo Berenjena, y que Lara Quiroz es el jefe de una banda de Asesores (F\u00c9LIX, D\u00c9BORA, DAMARIS, Christian Toral y Jos\u00e9 Manuel Camarillo de Diario de los Debates entre otros) que cobran jugosas cantidades de dinero y que se dedican a \u201casesorar\u201d a las y los nuevos Legisladores.<\/p>\n\n\n\n<p>El chambero del Congreso asegura que es el caso del asesor F\u00e9lix que se dedica a asesorar a la Comisi\u00f3n de Hacienda Municipal y que a cambio de los dict\u00e1menes, pide d\u00e1divas que son entregadas a Lara Quiroz.<\/p>\n\n\n\n<p><strong>C\u00d3MO EL T\u00cdO LOLO<\/strong>\u2026ahora resulta que el gobernador Cuitl\u00e1huac Garc\u00eda se hace el sorprendido por la absoluci\u00f3n del Duartocho en las acusaciones por desaparici\u00f3n forzada y que eso le dejar\u00eda la puerta abierta para que salga de prisi\u00f3n\u2026y asegura el Ku\u00edkaras que tras dicha resoluci\u00f3n judicial, el Duartocho y la Corte \u201cno se saldr\u00e1n con la suya\u201d, pero resulta que el juez que desech\u00f3 imputaci\u00f3n de FGE es del Tribunal Superior de Justicia de Veracruz.<\/p>\n\n\n\n<p>\u201cA\u00fan no est\u00e1 dicha la \u00faltima palabra, no se saldr\u00e1n con la suya\u201d, public\u00f3 el gobernador Cuitl\u00e1huac Garc\u00eda Jim\u00e9nez al retuitear un mensaje en X de una cuenta trol-obradorista, que atribuy\u00f3 el sobreseimiento de la imputaci\u00f3n a Javier Duarte por desaparici\u00f3n forzada al Poder Judicial federal.<\/p>\n\n\n\n<p>Un juez desech\u00f3 el pasado 16 de noviembre las acusaciones de la Fiscal\u00eda General del Estado de Veracruz (FGE) contra el exgobernador Javier Duarte de Ochoa por la desaparici\u00f3n forzada de un polic\u00eda en enero de 2016,<\/p>\n\n\n\n<p>La cuenta @catrina_nortena \u2013conocida propagadora de desinformaci\u00f3n y propaganda en favor del obradorismo- public\u00f3 que se trataba de un \u201cSABADAZO de Norma Pi\u00f1a y su Pandilla que siguen Facturando. Un Juez de Veracruz absuelve al Exgobernador Priista, Javier Duarte por el delito de desaparici\u00f3n forzada con lo cual cada d\u00eda se acerca m\u00e1s a salir de la c\u00e1rcel por el delito de Lavado de Dinero. As\u00ed es como trabaja la Mafia del Poder Judicial\u2026\u201d<\/p>\n\n\n\n<p>El todav\u00eda gobernador de Veracruz, Cuitl\u00e1huac Garc\u00eda, comparti\u00f3 la publicaci\u00f3n de la cuenta propagandista, dando por bueno su contenido y le agreg\u00f3 un comentario: \u201cA\u00fan no est\u00e1 dicha la \u00faltima palabra, no se saldr\u00e1n con la suya\u201d. Sin embargo, quien absolvi\u00f3 a Duarte de esa imputaci\u00f3n fue un juez de control del penal de Pacho Viejo, congregaci\u00f3n del municipio de Coatepec, mismo que no forma parte del Poder Judicial de la Federaci\u00f3n, sino que depende del Tribunal Superior de Justicia del Estado de Veracruz, que est\u00e1 sometido al Poder Ejecutivo veracruzano, o sea, al propio Cuitl\u00e1huac. Bola de c\u00ednicos. Ellos tambi\u00e9n soltaron a Arturo Berm\u00fadez y al fiscul\u00edn que igual estaban procesados por los mismos delitos.<\/p>\n","protected":false},"excerpt":{"rendered":"<p>Oved Contreras&nbsp; Secas Mecas&nbsp; HASTA SIEMPRE PROFE\u2026ayer domingo por la ma\u00f1ana nos enteramos del fallecimiento del querido profesor V\u00edctor Manuel Paz Cinta, un hombre que no solo dedic\u00f3 su vida a formar generaciones de atletas y a promover el deporte en Veracruz, sino que fue un luchador social de una sola pieza y no como [&hellip;]<\/p>\n","protected":false},"author":2,"featured_media":119816,"comment_status":"closed","ping_status":"closed","sticky":false,"template":"","format":"standard","meta":{"tdm_status":"","tdm_grid_status":"","footnotes":""},"categories":[70],"tags":[42291,1563,963,1026,42290],"class_list":{"0":"post-132670","1":"post","2":"type-post","3":"status-publish","4":"format-standard","5":"has-post-thumbnail","7":"category-de-opinion","8":"tag-carlos-gamez-paredes","9":"tag-cuitlahuac-garcia-jimenez","10":"tag-martinez-de-la-torre","11":"tag-morena","12":"tag-rodrigo-calderon-salas-2"},"yoast_head":"<!-- This site is optimized with the Yoast SEO plugin v27.4 - https:\/\/yoast.com\/product\/yoast-seo-wordpress\/ -->\n<title>COLABORADOR BAJO SOSPECHA - Los pol\u00edticos Veracruz<\/title>\n<meta name=\"robots\" content=\"index, follow, max-snippet:-1, max-image-preview:large, max-video-preview:-1\" \/>\n<link rel=\"canonical\" href=\"https:\/\/lospoliticosveracruz.com\/?p=132670\" \/>\n<meta property=\"og:locale\" content=\"es_ES\" \/>\n<meta property=\"og:type\" content=\"article\" \/>\n<meta property=\"og:title\" content=\"COLABORADOR BAJO SOSPECHA - Los pol\u00edticos Veracruz\" \/>\n<meta property=\"og:description\" content=\"Oved Contreras&nbsp; Secas Mecas&nbsp; HASTA SIEMPRE PROFE\u2026ayer domingo por la ma\u00f1ana nos enteramos del fallecimiento del querido profesor V\u00edctor Manuel Paz Cinta, un hombre que no solo dedic\u00f3 su vida a formar generaciones de atletas y a promover el deporte en Veracruz, sino que fue un luchador social de una sola pieza y no como [&hellip;]\" \/>\n<meta property=\"og:url\" content=\"https:\/\/lospoliticosveracruz.com\/?p=132670\" \/>\n<meta property=\"og:site_name\" content=\"Los pol\u00edticos Veracruz\" \/>\n<meta property=\"article:publisher\" content=\"https:\/\/www.facebook.com\/people\/Notimemes-de-los-Polticos\/61565672886568\/\" \/>\n<meta property=\"article:published_time\" content=\"2024-11-18T14:51:57+00:00\" \/>\n<meta property=\"article:modified_time\" content=\"2024-11-18T14:52:06+00:00\" \/>\n<meta property=\"og:image\" content=\"https:\/\/lospoliticosveracruz.com\/wp-content\/uploads\/2024\/03\/Oved-Contreras.jpg\" \/>\n\t<meta property=\"og:image:width\" content=\"1250\" \/>\n\t<meta property=\"og:image:height\" content=\"667\" \/>\n\t<meta property=\"og:image:type\" content=\"image\/jpeg\" \/>\n<meta name=\"author\" content=\"Lo viste en Los Pol\u00edticos\" \/>\n<meta name=\"twitter:card\" content=\"summary_large_image\" \/>\n<meta name=\"twitter:creator\" content=\"@LosPoliticosVer\" \/>\n<meta name=\"twitter:site\" content=\"@LosPoliticosVer\" \/>\n<meta name=\"twitter:label1\" content=\"Escrito por\" \/>\n\t<meta name=\"twitter:data1\" content=\"Lo viste en Los Pol\u00edticos\" \/>\n\t<meta name=\"twitter:label2\" content=\"Tiempo de lectura\" \/>\n\t<meta name=\"twitter:data2\" content=\"5 minutos\" \/>\n<script type=\"application\/ld+json\" class=\"yoast-schema-graph\">{\"@context\":\"https:\\\/\\\/schema.org\",\"@graph\":[{\"@type\":\"Article\",\"@id\":\"https:\\\/\\\/lospoliticosveracruz.com\\\/?p=132670#article\",\"isPartOf\":{\"@id\":\"https:\\\/\\\/lospoliticosveracruz.com\\\/?p=132670\"},\"author\":{\"name\":\"Lo viste en Los Pol\u00edticos\",\"@id\":\"https:\\\/\\\/lospoliticosveracruz.com\\\/#\\\/schema\\\/person\\\/b8702bb0e538456e6efd07080bf2a4a2\"},\"headline\":\"COLABORADOR BAJO SOSPECHA\",\"datePublished\":\"2024-11-18T14:51:57+00:00\",\"dateModified\":\"2024-11-18T14:52:06+00:00\",\"mainEntityOfPage\":{\"@id\":\"https:\\\/\\\/lospoliticosveracruz.com\\\/?p=132670\"},\"wordCount\":928,\"publisher\":{\"@id\":\"https:\\\/\\\/lospoliticosveracruz.com\\\/#organization\"},\"image\":{\"@id\":\"https:\\\/\\\/lospoliticosveracruz.com\\\/?p=132670#primaryimage\"},\"thumbnailUrl\":\"https:\\\/\\\/lospoliticosveracruz.com\\\/wp-content\\\/uploads\\\/2024\\\/03\\\/Oved-Contreras.jpg\",\"keywords\":[\"Carlos G\u00e1mez Paredes\",\"Cuitl\u00e1huac Garc\u00eda Jim\u00e9nez\",\"Mart\u00ednez de la Torre\",\"Morena\",\"Rodrigo Calderon Salas\"],\"articleSection\":[\"De Opini\u00f3n\"],\"inLanguage\":\"es\"},{\"@type\":\"WebPage\",\"@id\":\"https:\\\/\\\/lospoliticosveracruz.com\\\/?p=132670\",\"url\":\"https:\\\/\\\/lospoliticosveracruz.com\\\/?p=132670\",\"name\":\"COLABORADOR BAJO SOSPECHA - Los pol\u00edticos Veracruz\",\"isPartOf\":{\"@id\":\"https:\\\/\\\/lospoliticosveracruz.com\\\/#website\"},\"primaryImageOfPage\":{\"@id\":\"https:\\\/\\\/lospoliticosveracruz.com\\\/?p=132670#primaryimage\"},\"image\":{\"@id\":\"https:\\\/\\\/lospoliticosveracruz.com\\\/?p=132670#primaryimage\"},\"thumbnailUrl\":\"https:\\\/\\\/lospoliticosveracruz.com\\\/wp-content\\\/uploads\\\/2024\\\/03\\\/Oved-Contreras.jpg\",\"datePublished\":\"2024-11-18T14:51:57+00:00\",\"dateModified\":\"2024-11-18T14:52:06+00:00\",\"breadcrumb\":{\"@id\":\"https:\\\/\\\/lospoliticosveracruz.com\\\/?p=132670#breadcrumb\"},\"inLanguage\":\"es\",\"potentialAction\":[{\"@type\":\"ReadAction\",\"target\":[\"https:\\\/\\\/lospoliticosveracruz.com\\\/?p=132670\"]}]},{\"@type\":\"ImageObject\",\"inLanguage\":\"es\",\"@id\":\"https:\\\/\\\/lospoliticosveracruz.com\\\/?p=132670#primaryimage\",\"url\":\"https:\\\/\\\/lospoliticosveracruz.com\\\/wp-content\\\/uploads\\\/2024\\\/03\\\/Oved-Contreras.jpg\",\"contentUrl\":\"https:\\\/\\\/lospoliticosveracruz.com\\\/wp-content\\\/uploads\\\/2024\\\/03\\\/Oved-Contreras.jpg\",\"width\":1250,\"height\":667},{\"@type\":\"BreadcrumbList\",\"@id\":\"https:\\\/\\\/lospoliticosveracruz.com\\\/?p=132670#breadcrumb\",\"itemListElement\":[{\"@type\":\"ListItem\",\"position\":1,\"name\":\"Portada\",\"item\":\"https:\\\/\\\/lospoliticosveracruz.com\\\/\"},{\"@type\":\"ListItem\",\"position\":2,\"name\":\"COLABORADOR BAJO SOSPECHA\"}]},{\"@type\":\"WebSite\",\"@id\":\"https:\\\/\\\/lospoliticosveracruz.com\\\/#website\",\"url\":\"https:\\\/\\\/lospoliticosveracruz.com\\\/\",\"name\":\"Los pol\u00edticos Veracruz\",\"description\":\"\",\"publisher\":{\"@id\":\"https:\\\/\\\/lospoliticosveracruz.com\\\/#organization\"},\"potentialAction\":[{\"@type\":\"SearchAction\",\"target\":{\"@type\":\"EntryPoint\",\"urlTemplate\":\"https:\\\/\\\/lospoliticosveracruz.com\\\/?s={search_term_string}\"},\"query-input\":{\"@type\":\"PropertyValueSpecification\",\"valueRequired\":true,\"valueName\":\"search_term_string\"}}],\"inLanguage\":\"es\"},{\"@type\":\"Organization\",\"@id\":\"https:\\\/\\\/lospoliticosveracruz.com\\\/#organization\",\"name\":\"Los pol\u00edticos Veracruz\",\"url\":\"https:\\\/\\\/lospoliticosveracruz.com\\\/\",\"logo\":{\"@type\":\"ImageObject\",\"inLanguage\":\"es\",\"@id\":\"https:\\\/\\\/lospoliticosveracruz.com\\\/#\\\/schema\\\/logo\\\/image\\\/\",\"url\":\"https:\\\/\\\/lospoliticosveracruz.com\\\/wp-content\\\/uploads\\\/2025\\\/12\\\/Logo-Nuevo-LOS-POLITICOS-1.jpg\",\"contentUrl\":\"https:\\\/\\\/lospoliticosveracruz.com\\\/wp-content\\\/uploads\\\/2025\\\/12\\\/Logo-Nuevo-LOS-POLITICOS-1.jpg\",\"width\":260,\"height\":70,\"caption\":\"Los pol\u00edticos Veracruz\"},\"image\":{\"@id\":\"https:\\\/\\\/lospoliticosveracruz.com\\\/#\\\/schema\\\/logo\\\/image\\\/\"},\"sameAs\":[\"https:\\\/\\\/www.facebook.com\\\/people\\\/Notimemes-de-los-Polticos\\\/61565672886568\\\/\",\"https:\\\/\\\/x.com\\\/LosPoliticosVer\"]},{\"@type\":\"Person\",\"@id\":\"https:\\\/\\\/lospoliticosveracruz.com\\\/#\\\/schema\\\/person\\\/b8702bb0e538456e6efd07080bf2a4a2\",\"name\":\"Lo viste en Los Pol\u00edticos\",\"image\":{\"@type\":\"ImageObject\",\"inLanguage\":\"es\",\"@id\":\"https:\\\/\\\/secure.gravatar.com\\\/avatar\\\/3a8de04a2656d44082be478bd6c086daa447c4651605818287b9532d3d0bd435?s=96&d=mm&r=g\",\"url\":\"https:\\\/\\\/secure.gravatar.com\\\/avatar\\\/3a8de04a2656d44082be478bd6c086daa447c4651605818287b9532d3d0bd435?s=96&d=mm&r=g\",\"contentUrl\":\"https:\\\/\\\/secure.gravatar.com\\\/avatar\\\/3a8de04a2656d44082be478bd6c086daa447c4651605818287b9532d3d0bd435?s=96&d=mm&r=g\",\"caption\":\"Lo viste en Los Pol\u00edticos\"},\"url\":\"https:\\\/\\\/lospoliticosveracruz.com\\\/?author=2\"}]}<\/script>\n<!-- \/ Yoast SEO plugin. -->","yoast_head_json":{"title":"COLABORADOR BAJO SOSPECHA - Los pol\u00edticos Veracruz","robots":{"index":"index","follow":"follow","max-snippet":"max-snippet:-1","max-image-preview":"max-image-preview:large","max-video-preview":"max-video-preview:-1"},"canonical":"https:\/\/lospoliticosveracruz.com\/?p=132670","og_locale":"es_ES","og_type":"article","og_title":"COLABORADOR BAJO SOSPECHA - Los pol\u00edticos Veracruz","og_description":"Oved Contreras&nbsp; Secas Mecas&nbsp; HASTA SIEMPRE PROFE\u2026ayer domingo por la ma\u00f1ana nos enteramos del fallecimiento del querido profesor V\u00edctor Manuel Paz Cinta, un hombre que no solo dedic\u00f3 su vida a formar generaciones de atletas y a promover el deporte en Veracruz, sino que fue un luchador social de una sola pieza y no como [&hellip;]","og_url":"https:\/\/lospoliticosveracruz.com\/?p=132670","og_site_name":"Los pol\u00edticos Veracruz","article_publisher":"https:\/\/www.facebook.com\/people\/Notimemes-de-los-Polticos\/61565672886568\/","article_published_time":"2024-11-18T14:51:57+00:00","article_modified_time":"2024-11-18T14:52:06+00:00","og_image":[{"width":1250,"height":667,"url":"https:\/\/lospoliticosveracruz.com\/wp-content\/uploads\/2024\/03\/Oved-Contreras.jpg","type":"image\/jpeg"}],"author":"Lo viste en Los Pol\u00edticos","twitter_card":"summary_large_image","twitter_creator":"@LosPoliticosVer","twitter_site":"@LosPoliticosVer","twitter_misc":{"Escrito por":"Lo viste en Los Pol\u00edticos","Tiempo de lectura":"5 minutos"},"schema":{"@context":"https:\/\/schema.org","@graph":[{"@type":"Article","@id":"https:\/\/lospoliticosveracruz.com\/?p=132670#article","isPartOf":{"@id":"https:\/\/lospoliticosveracruz.com\/?p=132670"},"author":{"name":"Lo viste en Los Pol\u00edticos","@id":"https:\/\/lospoliticosveracruz.com\/#\/schema\/person\/b8702bb0e538456e6efd07080bf2a4a2"},"headline":"COLABORADOR BAJO SOSPECHA","datePublished":"2024-11-18T14:51:57+00:00","dateModified":"2024-11-18T14:52:06+00:00","mainEntityOfPage":{"@id":"https:\/\/lospoliticosveracruz.com\/?p=132670"},"wordCount":928,"publisher":{"@id":"https:\/\/lospoliticosveracruz.com\/#organization"},"image":{"@id":"https:\/\/lospoliticosveracruz.com\/?p=132670#primaryimage"},"thumbnailUrl":"https:\/\/lospoliticosveracruz.com\/wp-content\/uploads\/2024\/03\/Oved-Contreras.jpg","keywords":["Carlos G\u00e1mez Paredes","Cuitl\u00e1huac Garc\u00eda Jim\u00e9nez","Mart\u00ednez de la Torre","Morena","Rodrigo Calderon Salas"],"articleSection":["De Opini\u00f3n"],"inLanguage":"es"},{"@type":"WebPage","@id":"https:\/\/lospoliticosveracruz.com\/?p=132670","url":"https:\/\/lospoliticosveracruz.com\/?p=132670","name":"COLABORADOR BAJO SOSPECHA - Los pol\u00edticos Veracruz","isPartOf":{"@id":"https:\/\/lospoliticosveracruz.com\/#website"},"primaryImageOfPage":{"@id":"https:\/\/lospoliticosveracruz.com\/?p=132670#primaryimage"},"image":{"@id":"https:\/\/lospoliticosveracruz.com\/?p=132670#primaryimage"},"thumbnailUrl":"https:\/\/lospoliticosveracruz.com\/wp-content\/uploads\/2024\/03\/Oved-Contreras.jpg","datePublished":"2024-11-18T14:51:57+00:00","dateModified":"2024-11-18T14:52:06+00:00","breadcrumb":{"@id":"https:\/\/lospoliticosveracruz.com\/?p=132670#breadcrumb"},"inLanguage":"es","potentialAction":[{"@type":"ReadAction","target":["https:\/\/lospoliticosveracruz.com\/?p=132670"]}]},{"@type":"ImageObject","inLanguage":"es","@id":"https:\/\/lospoliticosveracruz.com\/?p=132670#primaryimage","url":"https:\/\/lospoliticosveracruz.com\/wp-content\/uploads\/2024\/03\/Oved-Contreras.jpg","contentUrl":"https:\/\/lospoliticosveracruz.com\/wp-content\/uploads\/2024\/03\/Oved-Contreras.jpg","width":1250,"height":667},{"@type":"BreadcrumbList","@id":"https:\/\/lospoliticosveracruz.com\/?p=132670#breadcrumb","itemListElement":[{"@type":"ListItem","position":1,"name":"Portada","item":"https:\/\/lospoliticosveracruz.com\/"},{"@type":"ListItem","position":2,"name":"COLABORADOR BAJO SOSPECHA"}]},{"@type":"WebSite","@id":"https:\/\/lospoliticosveracruz.com\/#website","url":"https:\/\/lospoliticosveracruz.com\/","name":"Los pol\u00edticos Veracruz","description":"","publisher":{"@id":"https:\/\/lospoliticosveracruz.com\/#organization"},"potentialAction":[{"@type":"SearchAction","target":{"@type":"EntryPoint","urlTemplate":"https:\/\/lospoliticosveracruz.com\/?s={search_term_string}"},"query-input":{"@type":"PropertyValueSpecification","valueRequired":true,"valueName":"search_term_string"}}],"inLanguage":"es"},{"@type":"Organization","@id":"https:\/\/lospoliticosveracruz.com\/#organization","name":"Los pol\u00edticos Veracruz","url":"https:\/\/lospoliticosveracruz.com\/","logo":{"@type":"ImageObject","inLanguage":"es","@id":"https:\/\/lospoliticosveracruz.com\/#\/schema\/logo\/image\/","url":"https:\/\/lospoliticosveracruz.com\/wp-content\/uploads\/2025\/12\/Logo-Nuevo-LOS-POLITICOS-1.jpg","contentUrl":"https:\/\/lospoliticosveracruz.com\/wp-content\/uploads\/2025\/12\/Logo-Nuevo-LOS-POLITICOS-1.jpg","width":260,"height":70,"caption":"Los pol\u00edticos Veracruz"},"image":{"@id":"https:\/\/lospoliticosveracruz.com\/#\/schema\/logo\/image\/"},"sameAs":["https:\/\/www.facebook.com\/people\/Notimemes-de-los-Polticos\/61565672886568\/","https:\/\/x.com\/LosPoliticosVer"]},{"@type":"Person","@id":"https:\/\/lospoliticosveracruz.com\/#\/schema\/person\/b8702bb0e538456e6efd07080bf2a4a2","name":"Lo viste en Los Pol\u00edticos","image":{"@type":"ImageObject","inLanguage":"es","@id":"https:\/\/secure.gravatar.com\/avatar\/3a8de04a2656d44082be478bd6c086daa447c4651605818287b9532d3d0bd435?s=96&d=mm&r=g","url":"https:\/\/secure.gravatar.com\/avatar\/3a8de04a2656d44082be478bd6c086daa447c4651605818287b9532d3d0bd435?s=96&d=mm&r=g","contentUrl":"https:\/\/secure.gravatar.com\/avatar\/3a8de04a2656d44082be478bd6c086daa447c4651605818287b9532d3d0bd435?s=96&d=mm&r=g","caption":"Lo viste en Los Pol\u00edticos"},"url":"https:\/\/lospoliticosveracruz.com\/?author=2"}]}},"_links":{"self":[{"href":"https:\/\/lospoliticosveracruz.com\/index.php?rest_route=\/wp\/v2\/posts\/132670","targetHints":{"allow":["GET"]}}],"collection":[{"href":"https:\/\/lospoliticosveracruz.com\/index.php?rest_route=\/wp\/v2\/posts"}],"about":[{"href":"https:\/\/lospoliticosveracruz.com\/index.php?rest_route=\/wp\/v2\/types\/post"}],"author":[{"embeddable":true,"href":"https:\/\/lospoliticosveracruz.com\/index.php?rest_route=\/wp\/v2\/users\/2"}],"replies":[{"embeddable":true,"href":"https:\/\/lospoliticosveracruz.com\/index.php?rest_route=%2Fwp%2Fv2%2Fcomments&post=132670"}],"version-history":[{"count":1,"href":"https:\/\/lospoliticosveracruz.com\/index.php?rest_route=\/wp\/v2\/posts\/132670\/revisions"}],"predecessor-version":[{"id":132671,"href":"https:\/\/lospoliticosveracruz.com\/index.php?rest_route=\/wp\/v2\/posts\/132670\/revisions\/132671"}],"wp:featuredmedia":[{"embeddable":true,"href":"https:\/\/lospoliticosveracruz.com\/index.php?rest_route=\/wp\/v2\/media\/119816"}],"wp:attachment":[{"href":"https:\/\/lospoliticosveracruz.com\/index.php?rest_route=%2Fwp%2Fv2%2Fmedia&parent=132670"}],"wp:term":[{"taxonomy":"category","embeddable":true,"href":"https:\/\/lospoliticosveracruz.com\/index.php?rest_route=%2Fwp%2Fv2%2Fcategories&post=132670"},{"taxonomy":"post_tag","embeddable":true,"href":"https:\/\/lospoliticosveracruz.com\/index.php?rest_route=%2Fwp%2Fv2%2Ftags&post=132670"}],"curies":[{"name":"wp","href":"https:\/\/api.w.org\/{rel}","templated":true}]}}