{"id":132672,"date":"2024-11-18T10:50:02","date_gmt":"2024-11-18T16:50:02","guid":{"rendered":"https:\/\/lospoliticosveracruz.com.mx\/?p=132672"},"modified":"2024-11-18T10:50:21","modified_gmt":"2024-11-18T16:50:21","slug":"veracruz-tendra-nivel-politico-nahle","status":"publish","type":"post","link":"https:\/\/lospoliticosveracruz.com\/?p=132672","title":{"rendered":"VERACRUZ TENDR\u00c1 NIVEL POL\u00cdTICO: NAHLE"},"content":{"rendered":"\n<p><\/p>\n\n\n\n<p><strong>Boca del R\u00edo<\/strong><br>Todo est\u00e1 listo para asumir la gubernatura de Veracruz el pr\u00f3ximo 1 de diciembre en sesi\u00f3n solemne ante la LXVII Legislatura Local, asegur\u00f3 la gobernadora electa, Roc\u00edo Nahle Garc\u00eda.<\/p>\n\n\n\n<p>Destac\u00f3 que la ceremonia ser\u00e1 en punto de las 11:00 a.m., en tanto que en Plaza Lerdo, dar\u00e1 un mensaje posterior a los veracruzanos y veracruzanas alrededor de las 13:00 horas.<\/p>\n\n\n\n<p>Ah\u00ed, dijo, va a informar sobre las obras y acciones que pondr\u00e1 en marcha los primeros 100 d\u00edas de su gesti\u00f3n en materia de salud, educaci\u00f3n, econom\u00eda, campo, ganader\u00eda y pesca \u201ccada sector en los ejes que propuse en mi campa\u00f1a\u201d, enfatiz\u00f3.<\/p>\n\n\n\n<p>Ese mismo d\u00eda, precis\u00f3, har\u00e1 la toma de protesta a los integrantes del gabinete legal que la acompa\u00f1ar\u00e1 en su administraci\u00f3n.<\/p>\n\n\n\n<p>\u201cEl primero de diciembre estaremos protestando ante los veracruzanos y veracruzanas, el hacer cumplir la ley y el servicio en los pr\u00f3ximos seis a\u00f1os, va a ser un evento en la C\u00e1mara de Diputados del Congreso Local as\u00ed lo mandata la ley y se va a hacer como se tiene que hacer, una sesi\u00f3n solemne con la importancia que se debe de tomar, con la seriedad, pero tambi\u00e9n darle a Veracruz el nivel pol\u00edtico\u201d, subray\u00f3.<\/p>\n\n\n\n<p>Veracruz es la tercera entidad federativa con mayor poblaci\u00f3n en M\u00e9xico, de los m\u00e1s importantes \u201cy as\u00ed hay que tomarlo, as\u00ed hay que hacerlo y hay que cre\u00e9rnosla, Veracruz es muy importante y por eso vamos a tener una sesi\u00f3n solemne digna de todos los veracruzanas y veracruzanos\u201d, abund\u00f3 en entrevista en Quatromedia Comunicaciones Xalapa.<\/p>\n\n\n\n<p>Recalc\u00f3 que el aforo ser\u00e1 organizado y limitado en el Congreso Local dado que \u00fanicamente hay espacio para alrededor de 300 personas, en tanto, el mitin ser\u00e1 abierto para todo el pueblo veracruzano.<\/p>\n\n\n\n<p>\u201cVa a ser una sesi\u00f3n solemne, el Congreso tiene un aforo nada m\u00e1s para 300 personas, posterior a eso estaremos en la Plaza Lerdo, con los veracruzanos y veracruzanas que nos quieran acompa\u00f1ar, en eso estamos trabajando y eso es lo m\u00e1s importante\u201d, destac\u00f3.<\/p>\n\n\n\n<p>Reiter\u00f3 que la entrega- recepci\u00f3n avanza de manera formal y puntual \u201cse ha ido recibiendo y revisando concluyendo esta cuarta etapa el 30 de noviembre\u201d, precis\u00f3.<\/p>\n\n\n\n<p>El 1 de diciembre iniciar\u00e1 una nueva etapa donde prevalecer\u00e1 el di\u00e1logo, con unidad, con respeto, con cada decisi\u00f3n pensada, y con trabajo \u201cesos han sido los ejes de trabajo en los que le he desarrollado toda mi vida\u201d, explic\u00f3<\/p>\n\n\n\n<p>Roc\u00edo Nahle agreg\u00f3 que emana de un movimiento transformador, de Morena \u201cpero a partir del 1 de diciembre tengo que ser plural y respetuosa\u201d, reiter\u00f3.<\/p>\n","protected":false},"excerpt":{"rendered":"<p>Boca del R\u00edoTodo est\u00e1 listo para asumir la gubernatura de Veracruz el pr\u00f3ximo 1 de diciembre en sesi\u00f3n solemne ante la LXVII Legislatura Local, asegur\u00f3 la gobernadora electa, Roc\u00edo Nahle Garc\u00eda. Destac\u00f3 que la ceremonia ser\u00e1 en punto de las 11:00 a.m., en tanto que en Plaza Lerdo, dar\u00e1 un mensaje posterior a los veracruzanos [&hellip;]<\/p>\n","protected":false},"author":2,"featured_media":0,"comment_status":"closed","ping_status":"closed","sticky":false,"template":"","format":"standard","meta":{"tdm_status":"","tdm_grid_status":"","footnotes":""},"categories":[73],"tags":[1026,3578,195],"class_list":{"0":"post-132672","1":"post","2":"type-post","3":"status-publish","4":"format-standard","6":"category-de-boleto","7":"tag-morena","8":"tag-rocio-nahle","9":"tag-veracruz"},"yoast_head":"<!-- This site is optimized with the Yoast SEO plugin v27.4 - https:\/\/yoast.com\/product\/yoast-seo-wordpress\/ -->\n<title>VERACRUZ TENDR\u00c1 NIVEL POL\u00cdTICO: NAHLE - Los pol\u00edticos Veracruz<\/title>\n<meta name=\"robots\" content=\"index, follow, max-snippet:-1, max-image-preview:large, max-video-preview:-1\" \/>\n<link rel=\"canonical\" href=\"https:\/\/lospoliticosveracruz.com\/?p=132672\" \/>\n<meta property=\"og:locale\" content=\"es_ES\" \/>\n<meta property=\"og:type\" content=\"article\" \/>\n<meta property=\"og:title\" content=\"VERACRUZ TENDR\u00c1 NIVEL POL\u00cdTICO: NAHLE - Los pol\u00edticos Veracruz\" \/>\n<meta property=\"og:description\" content=\"Boca del R\u00edoTodo est\u00e1 listo para asumir la gubernatura de Veracruz el pr\u00f3ximo 1 de diciembre en sesi\u00f3n solemne ante la LXVII Legislatura Local, asegur\u00f3 la gobernadora electa, Roc\u00edo Nahle Garc\u00eda. Destac\u00f3 que la ceremonia ser\u00e1 en punto de las 11:00 a.m., en tanto que en Plaza Lerdo, dar\u00e1 un mensaje posterior a los veracruzanos [&hellip;]\" \/>\n<meta property=\"og:url\" content=\"https:\/\/lospoliticosveracruz.com\/?p=132672\" \/>\n<meta property=\"og:site_name\" content=\"Los pol\u00edticos Veracruz\" \/>\n<meta property=\"article:publisher\" content=\"https:\/\/www.facebook.com\/people\/Notimemes-de-los-Polticos\/61565672886568\/\" \/>\n<meta property=\"article:published_time\" content=\"2024-11-18T16:50:02+00:00\" \/>\n<meta property=\"article:modified_time\" content=\"2024-11-18T16:50:21+00:00\" \/>\n<meta property=\"og:image\" content=\"https:\/\/lospoliticosveracruz.com\/wp-content\/uploads\/2016\/07\/Logo-Dor.jpg\" \/>\n\t<meta property=\"og:image:width\" content=\"200\" \/>\n\t<meta property=\"og:image:height\" content=\"200\" \/>\n\t<meta property=\"og:image:type\" content=\"image\/jpeg\" \/>\n<meta name=\"author\" content=\"Lo viste en Los Pol\u00edticos\" \/>\n<meta name=\"twitter:card\" content=\"summary_large_image\" \/>\n<meta name=\"twitter:creator\" content=\"@LosPoliticosVer\" \/>\n<meta name=\"twitter:site\" content=\"@LosPoliticosVer\" \/>\n<meta name=\"twitter:label1\" content=\"Escrito por\" \/>\n\t<meta name=\"twitter:data1\" content=\"Lo viste en Los Pol\u00edticos\" \/>\n\t<meta name=\"twitter:label2\" content=\"Tiempo de lectura\" \/>\n\t<meta name=\"twitter:data2\" content=\"2 minutos\" \/>\n<script type=\"application\/ld+json\" class=\"yoast-schema-graph\">{\"@context\":\"https:\\\/\\\/schema.org\",\"@graph\":[{\"@type\":\"Article\",\"@id\":\"https:\\\/\\\/lospoliticosveracruz.com\\\/?p=132672#article\",\"isPartOf\":{\"@id\":\"https:\\\/\\\/lospoliticosveracruz.com\\\/?p=132672\"},\"author\":{\"name\":\"Lo viste en Los Pol\u00edticos\",\"@id\":\"https:\\\/\\\/lospoliticosveracruz.com\\\/#\\\/schema\\\/person\\\/b8702bb0e538456e6efd07080bf2a4a2\"},\"headline\":\"VERACRUZ TENDR\u00c1 NIVEL POL\u00cdTICO: NAHLE\",\"datePublished\":\"2024-11-18T16:50:02+00:00\",\"dateModified\":\"2024-11-18T16:50:21+00:00\",\"mainEntityOfPage\":{\"@id\":\"https:\\\/\\\/lospoliticosveracruz.com\\\/?p=132672\"},\"wordCount\":455,\"publisher\":{\"@id\":\"https:\\\/\\\/lospoliticosveracruz.com\\\/#organization\"},\"keywords\":[\"Morena\",\"Roc\u00edo Nahle\",\"Veracruz\"],\"articleSection\":[\"De Boleto\"],\"inLanguage\":\"es\"},{\"@type\":\"WebPage\",\"@id\":\"https:\\\/\\\/lospoliticosveracruz.com\\\/?p=132672\",\"url\":\"https:\\\/\\\/lospoliticosveracruz.com\\\/?p=132672\",\"name\":\"VERACRUZ TENDR\u00c1 NIVEL POL\u00cdTICO: NAHLE - Los pol\u00edticos Veracruz\",\"isPartOf\":{\"@id\":\"https:\\\/\\\/lospoliticosveracruz.com\\\/#website\"},\"datePublished\":\"2024-11-18T16:50:02+00:00\",\"dateModified\":\"2024-11-18T16:50:21+00:00\",\"breadcrumb\":{\"@id\":\"https:\\\/\\\/lospoliticosveracruz.com\\\/?p=132672#breadcrumb\"},\"inLanguage\":\"es\",\"potentialAction\":[{\"@type\":\"ReadAction\",\"target\":[\"https:\\\/\\\/lospoliticosveracruz.com\\\/?p=132672\"]}]},{\"@type\":\"BreadcrumbList\",\"@id\":\"https:\\\/\\\/lospoliticosveracruz.com\\\/?p=132672#breadcrumb\",\"itemListElement\":[{\"@type\":\"ListItem\",\"position\":1,\"name\":\"Portada\",\"item\":\"https:\\\/\\\/lospoliticosveracruz.com\\\/\"},{\"@type\":\"ListItem\",\"position\":2,\"name\":\"VERACRUZ TENDR\u00c1 NIVEL POL\u00cdTICO: NAHLE\"}]},{\"@type\":\"WebSite\",\"@id\":\"https:\\\/\\\/lospoliticosveracruz.com\\\/#website\",\"url\":\"https:\\\/\\\/lospoliticosveracruz.com\\\/\",\"name\":\"Los pol\u00edticos Veracruz\",\"description\":\"\",\"publisher\":{\"@id\":\"https:\\\/\\\/lospoliticosveracruz.com\\\/#organization\"},\"potentialAction\":[{\"@type\":\"SearchAction\",\"target\":{\"@type\":\"EntryPoint\",\"urlTemplate\":\"https:\\\/\\\/lospoliticosveracruz.com\\\/?s={search_term_string}\"},\"query-input\":{\"@type\":\"PropertyValueSpecification\",\"valueRequired\":true,\"valueName\":\"search_term_string\"}}],\"inLanguage\":\"es\"},{\"@type\":\"Organization\",\"@id\":\"https:\\\/\\\/lospoliticosveracruz.com\\\/#organization\",\"name\":\"Los pol\u00edticos Veracruz\",\"url\":\"https:\\\/\\\/lospoliticosveracruz.com\\\/\",\"logo\":{\"@type\":\"ImageObject\",\"inLanguage\":\"es\",\"@id\":\"https:\\\/\\\/lospoliticosveracruz.com\\\/#\\\/schema\\\/logo\\\/image\\\/\",\"url\":\"https:\\\/\\\/lospoliticosveracruz.com\\\/wp-content\\\/uploads\\\/2025\\\/12\\\/Logo-Nuevo-LOS-POLITICOS-1.jpg\",\"contentUrl\":\"https:\\\/\\\/lospoliticosveracruz.com\\\/wp-content\\\/uploads\\\/2025\\\/12\\\/Logo-Nuevo-LOS-POLITICOS-1.jpg\",\"width\":260,\"height\":70,\"caption\":\"Los pol\u00edticos Veracruz\"},\"image\":{\"@id\":\"https:\\\/\\\/lospoliticosveracruz.com\\\/#\\\/schema\\\/logo\\\/image\\\/\"},\"sameAs\":[\"https:\\\/\\\/www.facebook.com\\\/people\\\/Notimemes-de-los-Polticos\\\/61565672886568\\\/\",\"https:\\\/\\\/x.com\\\/LosPoliticosVer\"]},{\"@type\":\"Person\",\"@id\":\"https:\\\/\\\/lospoliticosveracruz.com\\\/#\\\/schema\\\/person\\\/b8702bb0e538456e6efd07080bf2a4a2\",\"name\":\"Lo viste en Los Pol\u00edticos\",\"image\":{\"@type\":\"ImageObject\",\"inLanguage\":\"es\",\"@id\":\"https:\\\/\\\/secure.gravatar.com\\\/avatar\\\/3a8de04a2656d44082be478bd6c086daa447c4651605818287b9532d3d0bd435?s=96&d=mm&r=g\",\"url\":\"https:\\\/\\\/secure.gravatar.com\\\/avatar\\\/3a8de04a2656d44082be478bd6c086daa447c4651605818287b9532d3d0bd435?s=96&d=mm&r=g\",\"contentUrl\":\"https:\\\/\\\/secure.gravatar.com\\\/avatar\\\/3a8de04a2656d44082be478bd6c086daa447c4651605818287b9532d3d0bd435?s=96&d=mm&r=g\",\"caption\":\"Lo viste en Los Pol\u00edticos\"},\"url\":\"https:\\\/\\\/lospoliticosveracruz.com\\\/?author=2\"}]}<\/script>\n<!-- \/ Yoast SEO plugin. -->","yoast_head_json":{"title":"VERACRUZ TENDR\u00c1 NIVEL POL\u00cdTICO: NAHLE - Los pol\u00edticos Veracruz","robots":{"index":"index","follow":"follow","max-snippet":"max-snippet:-1","max-image-preview":"max-image-preview:large","max-video-preview":"max-video-preview:-1"},"canonical":"https:\/\/lospoliticosveracruz.com\/?p=132672","og_locale":"es_ES","og_type":"article","og_title":"VERACRUZ TENDR\u00c1 NIVEL POL\u00cdTICO: NAHLE - Los pol\u00edticos Veracruz","og_description":"Boca del R\u00edoTodo est\u00e1 listo para asumir la gubernatura de Veracruz el pr\u00f3ximo 1 de diciembre en sesi\u00f3n solemne ante la LXVII Legislatura Local, asegur\u00f3 la gobernadora electa, Roc\u00edo Nahle Garc\u00eda. Destac\u00f3 que la ceremonia ser\u00e1 en punto de las 11:00 a.m., en tanto que en Plaza Lerdo, dar\u00e1 un mensaje posterior a los veracruzanos [&hellip;]","og_url":"https:\/\/lospoliticosveracruz.com\/?p=132672","og_site_name":"Los pol\u00edticos Veracruz","article_publisher":"https:\/\/www.facebook.com\/people\/Notimemes-de-los-Polticos\/61565672886568\/","article_published_time":"2024-11-18T16:50:02+00:00","article_modified_time":"2024-11-18T16:50:21+00:00","og_image":[{"width":200,"height":200,"url":"https:\/\/lospoliticosveracruz.com\/wp-content\/uploads\/2016\/07\/Logo-Dor.jpg","type":"image\/jpeg"}],"author":"Lo viste en Los Pol\u00edticos","twitter_card":"summary_large_image","twitter_creator":"@LosPoliticosVer","twitter_site":"@LosPoliticosVer","twitter_misc":{"Escrito por":"Lo viste en Los Pol\u00edticos","Tiempo de lectura":"2 minutos"},"schema":{"@context":"https:\/\/schema.org","@graph":[{"@type":"Article","@id":"https:\/\/lospoliticosveracruz.com\/?p=132672#article","isPartOf":{"@id":"https:\/\/lospoliticosveracruz.com\/?p=132672"},"author":{"name":"Lo viste en Los Pol\u00edticos","@id":"https:\/\/lospoliticosveracruz.com\/#\/schema\/person\/b8702bb0e538456e6efd07080bf2a4a2"},"headline":"VERACRUZ TENDR\u00c1 NIVEL POL\u00cdTICO: NAHLE","datePublished":"2024-11-18T16:50:02+00:00","dateModified":"2024-11-18T16:50:21+00:00","mainEntityOfPage":{"@id":"https:\/\/lospoliticosveracruz.com\/?p=132672"},"wordCount":455,"publisher":{"@id":"https:\/\/lospoliticosveracruz.com\/#organization"},"keywords":["Morena","Roc\u00edo Nahle","Veracruz"],"articleSection":["De Boleto"],"inLanguage":"es"},{"@type":"WebPage","@id":"https:\/\/lospoliticosveracruz.com\/?p=132672","url":"https:\/\/lospoliticosveracruz.com\/?p=132672","name":"VERACRUZ TENDR\u00c1 NIVEL POL\u00cdTICO: NAHLE - Los pol\u00edticos Veracruz","isPartOf":{"@id":"https:\/\/lospoliticosveracruz.com\/#website"},"datePublished":"2024-11-18T16:50:02+00:00","dateModified":"2024-11-18T16:50:21+00:00","breadcrumb":{"@id":"https:\/\/lospoliticosveracruz.com\/?p=132672#breadcrumb"},"inLanguage":"es","potentialAction":[{"@type":"ReadAction","target":["https:\/\/lospoliticosveracruz.com\/?p=132672"]}]},{"@type":"BreadcrumbList","@id":"https:\/\/lospoliticosveracruz.com\/?p=132672#breadcrumb","itemListElement":[{"@type":"ListItem","position":1,"name":"Portada","item":"https:\/\/lospoliticosveracruz.com\/"},{"@type":"ListItem","position":2,"name":"VERACRUZ TENDR\u00c1 NIVEL POL\u00cdTICO: NAHLE"}]},{"@type":"WebSite","@id":"https:\/\/lospoliticosveracruz.com\/#website","url":"https:\/\/lospoliticosveracruz.com\/","name":"Los pol\u00edticos Veracruz","description":"","publisher":{"@id":"https:\/\/lospoliticosveracruz.com\/#organization"},"potentialAction":[{"@type":"SearchAction","target":{"@type":"EntryPoint","urlTemplate":"https:\/\/lospoliticosveracruz.com\/?s={search_term_string}"},"query-input":{"@type":"PropertyValueSpecification","valueRequired":true,"valueName":"search_term_string"}}],"inLanguage":"es"},{"@type":"Organization","@id":"https:\/\/lospoliticosveracruz.com\/#organization","name":"Los pol\u00edticos Veracruz","url":"https:\/\/lospoliticosveracruz.com\/","logo":{"@type":"ImageObject","inLanguage":"es","@id":"https:\/\/lospoliticosveracruz.com\/#\/schema\/logo\/image\/","url":"https:\/\/lospoliticosveracruz.com\/wp-content\/uploads\/2025\/12\/Logo-Nuevo-LOS-POLITICOS-1.jpg","contentUrl":"https:\/\/lospoliticosveracruz.com\/wp-content\/uploads\/2025\/12\/Logo-Nuevo-LOS-POLITICOS-1.jpg","width":260,"height":70,"caption":"Los pol\u00edticos Veracruz"},"image":{"@id":"https:\/\/lospoliticosveracruz.com\/#\/schema\/logo\/image\/"},"sameAs":["https:\/\/www.facebook.com\/people\/Notimemes-de-los-Polticos\/61565672886568\/","https:\/\/x.com\/LosPoliticosVer"]},{"@type":"Person","@id":"https:\/\/lospoliticosveracruz.com\/#\/schema\/person\/b8702bb0e538456e6efd07080bf2a4a2","name":"Lo viste en Los Pol\u00edticos","image":{"@type":"ImageObject","inLanguage":"es","@id":"https:\/\/secure.gravatar.com\/avatar\/3a8de04a2656d44082be478bd6c086daa447c4651605818287b9532d3d0bd435?s=96&d=mm&r=g","url":"https:\/\/secure.gravatar.com\/avatar\/3a8de04a2656d44082be478bd6c086daa447c4651605818287b9532d3d0bd435?s=96&d=mm&r=g","contentUrl":"https:\/\/secure.gravatar.com\/avatar\/3a8de04a2656d44082be478bd6c086daa447c4651605818287b9532d3d0bd435?s=96&d=mm&r=g","caption":"Lo viste en Los Pol\u00edticos"},"url":"https:\/\/lospoliticosveracruz.com\/?author=2"}]}},"_links":{"self":[{"href":"https:\/\/lospoliticosveracruz.com\/index.php?rest_route=\/wp\/v2\/posts\/132672","targetHints":{"allow":["GET"]}}],"collection":[{"href":"https:\/\/lospoliticosveracruz.com\/index.php?rest_route=\/wp\/v2\/posts"}],"about":[{"href":"https:\/\/lospoliticosveracruz.com\/index.php?rest_route=\/wp\/v2\/types\/post"}],"author":[{"embeddable":true,"href":"https:\/\/lospoliticosveracruz.com\/index.php?rest_route=\/wp\/v2\/users\/2"}],"replies":[{"embeddable":true,"href":"https:\/\/lospoliticosveracruz.com\/index.php?rest_route=%2Fwp%2Fv2%2Fcomments&post=132672"}],"version-history":[{"count":1,"href":"https:\/\/lospoliticosveracruz.com\/index.php?rest_route=\/wp\/v2\/posts\/132672\/revisions"}],"predecessor-version":[{"id":132674,"href":"https:\/\/lospoliticosveracruz.com\/index.php?rest_route=\/wp\/v2\/posts\/132672\/revisions\/132674"}],"wp:attachment":[{"href":"https:\/\/lospoliticosveracruz.com\/index.php?rest_route=%2Fwp%2Fv2%2Fmedia&parent=132672"}],"wp:term":[{"taxonomy":"category","embeddable":true,"href":"https:\/\/lospoliticosveracruz.com\/index.php?rest_route=%2Fwp%2Fv2%2Fcategories&post=132672"},{"taxonomy":"post_tag","embeddable":true,"href":"https:\/\/lospoliticosveracruz.com\/index.php?rest_route=%2Fwp%2Fv2%2Ftags&post=132672"}],"curies":[{"name":"wp","href":"https:\/\/api.w.org\/{rel}","templated":true}]}}