{"id":132675,"date":"2024-11-18T19:47:00","date_gmt":"2024-11-19T01:47:00","guid":{"rendered":"https:\/\/lospoliticosveracruz.com.mx\/?p=132675"},"modified":"2024-11-18T11:52:12","modified_gmt":"2024-11-18T17:52:12","slug":"el-chinoaloense","status":"publish","type":"post","link":"https:\/\/lospoliticosveracruz.com\/?p=132675","title":{"rendered":"EL CHINOALOENSE"},"content":{"rendered":"\n<p><strong>Salvador Mu\u00f1oz<\/strong><\/p>\n\n\n\n<p><em>Los Pol\u00edticos<\/em><\/p>\n\n\n\n<p>Al diputado por Movimiento Ciudadano Adri\u00e1n \u00c1vila Estrada le toca presidir la Comisi\u00f3n de Seguridad P\u00fablica en el Congreso local de Veracruz. Pasa entonces de \u00c9l Chino \u00c1vila al Polic\u00eda Chino.<\/p>\n\n\n<div class=\"wp-block-image\">\n<figure class=\"alignleft size-thumbnail\"><a href=\"https:\/\/lospoliticosveracruz.com.mx\/wp-content\/uploads\/2024\/05\/IMG_0341-e1716950925234.jpeg\"><img loading=\"lazy\" decoding=\"async\" width=\"150\" height=\"150\" src=\"https:\/\/lospoliticosveracruz.com.mx\/wp-content\/uploads\/2024\/05\/IMG_0341-150x150.jpeg\" alt=\"\" class=\"wp-image-125332\"\/><\/a><\/figure>\n<\/div>\n\n\n<p>Aunque realmente el apodo original de Adri\u00e1n \u00c1vila Estrada era \u201cEl Chinoaloense\u201d\u2026 y fue el maestro de los motes quien se lo puso: Fidel Herrera Beltr\u00e1n.<\/p>\n\n\n\n<p>Todo empez\u00f3 all\u00e1 en el 1997. Se disputaban las elecciones a Diputados Federales y en Boca del R\u00edo compet\u00eda don Alfonso Guti\u00e9rrez de Velasco. As\u00ed, con esa enorme figura panista, el entonces secretario de Gobierno, Miguel \u00c1ngel Yunes Linares manda a Fidel Herrera Beltr\u00e1n a competir por ese distrito\u2026 a ciencia cierta no se sabe si lo manda a competir o a perder, pero lo manda.<\/p>\n\n\n\n<p>Adri\u00e1n era el coordinador de la campa\u00f1a de Don Alfonso, dirigente del PAN en Boca del R\u00edo y adem\u00e1s compa\u00f1ero de f\u00f3rmula. La relaci\u00f3n entre los dos panistas era muy fuerte, de afecto, de cari\u00f1o.<\/p>\n\n\n\n<p>Siempre con sus buenas puntadas, Fidel Herrera empez\u00f3 la contracampa\u00f1a aduciendo que el suplente ni siquiera era mexicano \u00a1sino Chinoaloense! S\u00ed, el de Nopaltepec sacaba a relucir que Adri\u00e1n \u00c1vila era nativo de Mazatl\u00e1n, Sinaloa, y a la vez, asociaba sus rasgos faciales para hacer ese atinado mote: Chinoaloense!<\/p>\n\n\n\n<p>(\u00bfLes recuerda algo esa historia con nuestra pol\u00edtica contempor\u00e1nea?)<\/p>\n\n\n\n<p>El apodo fue recibido por la oposici\u00f3n con gusto y m\u00e1s por la Opini\u00f3n P\u00fablica, a tal grado que al tiempo, en el 2001, el Chino (ya corto el apodo) se vuelve el primer alcalde panista de Boca del R\u00edo por cuatro a\u00f1os.<\/p>\n\n\n\n<p>El Chino \u00c1vila era identificado como el l\u00edder del Grupo Boca (GB), lo que de un modo u otro, lo confrontaba con la capital y la dirigencia de Pipo V\u00e1zquez, Abel Cuevas Melo, Agust\u00edn Basilio, por citar algunos\u2026 vamos, eran los Estatales contra los Boque\u00f1os\u2026 la diferencia era que los del Chino ganaban elecciones hasta en el Puerto\u2026 El Flamer, \u00c1ngel Deschamps, y la hegemon\u00eda del GB se extendi\u00f3 a Manlio Fabio Altamirano y Jamapa as\u00ed como Medell\u00edn, Ignacio de la Llave, La Antigua, Alvarado\u2026 El GB en s\u00ed, era un PAN regional que nunca estaba de acuerdo con las directrices del Centro\u2026 eran los rebeldones. Quiz\u00e1s es la raz\u00f3n por la que el PAN se \u201cdivorcia\u201d del Chino \u00c1vila quien deja de ser azul all\u00e1 por el 2006\u2026<\/p>\n\n\n\n<p>Entonces es cuando se acerca a \u00e9l Convergencia, PRD y PT, siendo espec\u00edficos, con la invitaci\u00f3n directa de Andr\u00e9s Manuel L\u00f3pez Obrador, a ser candidato a diputado federal por la coalici\u00f3n Por el Bien de Todos Primero los Pobres.<\/p>\n\n\n\n<p>Al t\u00e9rmino de la elecci\u00f3n, Convergencia, PRD y PT se disputaban sus amores para incorporarlo a sus siglas. En ese tiempo, por el Sol Azteca estaba Rogelio Franco; Alfredo Tress y Dante Delgado, en Convergencia, y no recuerdo qui\u00e9n por el PT (\u00bfEzequiel Flores?)\u2026 al final, se va con Dante.<\/p>\n\n\n\n<p>Y se acuerdan del \u201cCopelas o Cuellos\u201d?<\/p>\n\n\n\n<p>Cuando fue candidato de Movimiento Ciudadano por la alcald\u00eda de Boca del R\u00edo, por esos tiempos el tema nacional era Zhenli Ye Gon, empresario asi\u00e1tico que se hizo famoso por la frase \u201cCoopelas o cuellos\u201d. Un publicista de MC tuvo la ocurrencia de hilar esos hechos con la campa\u00f1a del Chino Avila y con un solo espectacular en el Boulevard Avila Camacho y Costa Verde, se volvi\u00f3 noticia nacional. Viral dir\u00edan en estos d\u00edas. El espectacular estuvo solo una semana pero fue suficiente para hacerlo memorable a tal grado que se cuenta que un d\u00eda, Adri\u00e1n lleg\u00f3 a una casa y sale un se\u00f1or muy serio y se le queda viendo por varios segundos y le dice: \u201c\u00bfQu\u00e9? copelas o cuellos?\u201d y lo abraza.<\/p>\n\n\n\n<p>Si bien, es su primera ocasi\u00f3n como diputado local por Movimiento Ciudadano y con dos semanas en el cargo, su nombre ya suena como candidato a la presidencia municipal de Boca del R\u00edo por los naranjas\u2026 hasta donde se sabe, el Chino no le hace feo a la idea de ser de nuevo candidato en este 2025 y m\u00e1s en la confianza que tiene de que la gente recuerde que en su paso por el Ayuntamiento, hubo urbanizaci\u00f3n al 100%, se dio servicio a todas las colonias y fraccionamientos; se rehabilit\u00f3 unidades deportivas; se atendi\u00f3 el tema de las playas; se trabaj\u00f3 en materia de seguridad aunque en esos tiempos no eran de su competencia\u2026 es diputado, pero dicen sus cercanos y en MC que analiza seriamente la posibilidad de presentar su candidatura\u2026 pero hay que esperar, Luis Carbonell, hay que esperar\u2026<\/p>\n","protected":false},"excerpt":{"rendered":"<p>Salvador Mu\u00f1oz Los Pol\u00edticos Al diputado por Movimiento Ciudadano Adri\u00e1n \u00c1vila Estrada le toca presidir la Comisi\u00f3n de Seguridad P\u00fablica en el Congreso local de Veracruz. Pasa entonces de \u00c9l Chino \u00c1vila al Polic\u00eda Chino. Aunque realmente el apodo original de Adri\u00e1n \u00c1vila Estrada era \u201cEl Chinoaloense\u201d\u2026 y fue el maestro de los motes quien [&hellip;]<\/p>\n","protected":false},"author":2,"featured_media":119941,"comment_status":"closed","ping_status":"closed","sticky":false,"template":"","format":"standard","meta":{"tdm_status":"","tdm_grid_status":"","footnotes":""},"categories":[70],"tags":[42292,2327],"class_list":{"0":"post-132675","1":"post","2":"type-post","3":"status-publish","4":"format-standard","5":"has-post-thumbnail","7":"category-de-opinion","8":"tag-el-chino-avila","9":"tag-movimiento-ciudadano"},"yoast_head":"<!-- This site is optimized with the Yoast SEO plugin v27.4 - https:\/\/yoast.com\/product\/yoast-seo-wordpress\/ -->\n<title>EL CHINOALOENSE - Los pol\u00edticos Veracruz<\/title>\n<meta name=\"robots\" content=\"index, follow, max-snippet:-1, max-image-preview:large, max-video-preview:-1\" \/>\n<link rel=\"canonical\" href=\"https:\/\/lospoliticosveracruz.com\/?p=132675\" \/>\n<meta property=\"og:locale\" content=\"es_ES\" \/>\n<meta property=\"og:type\" content=\"article\" \/>\n<meta property=\"og:title\" content=\"EL CHINOALOENSE - Los pol\u00edticos Veracruz\" \/>\n<meta property=\"og:description\" content=\"Salvador Mu\u00f1oz Los Pol\u00edticos Al diputado por Movimiento Ciudadano Adri\u00e1n \u00c1vila Estrada le toca presidir la Comisi\u00f3n de Seguridad P\u00fablica en el Congreso local de Veracruz. Pasa entonces de \u00c9l Chino \u00c1vila al Polic\u00eda Chino. Aunque realmente el apodo original de Adri\u00e1n \u00c1vila Estrada era \u201cEl Chinoaloense\u201d\u2026 y fue el maestro de los motes quien [&hellip;]\" \/>\n<meta property=\"og:url\" content=\"https:\/\/lospoliticosveracruz.com\/?p=132675\" \/>\n<meta property=\"og:site_name\" content=\"Los pol\u00edticos Veracruz\" \/>\n<meta property=\"article:publisher\" content=\"https:\/\/www.facebook.com\/people\/Notimemes-de-los-Polticos\/61565672886568\/\" \/>\n<meta property=\"article:published_time\" content=\"2024-11-19T01:47:00+00:00\" \/>\n<meta property=\"og:image\" content=\"https:\/\/lospoliticosveracruz.com\/wp-content\/uploads\/2024\/03\/Salvador-Munoz.jpg\" \/>\n\t<meta property=\"og:image:width\" content=\"1250\" \/>\n\t<meta property=\"og:image:height\" content=\"667\" \/>\n\t<meta property=\"og:image:type\" content=\"image\/jpeg\" \/>\n<meta name=\"author\" content=\"Lo viste en Los Pol\u00edticos\" \/>\n<meta name=\"twitter:card\" content=\"summary_large_image\" \/>\n<meta name=\"twitter:creator\" content=\"@LosPoliticosVer\" \/>\n<meta name=\"twitter:site\" content=\"@LosPoliticosVer\" \/>\n<meta name=\"twitter:label1\" content=\"Escrito por\" \/>\n\t<meta name=\"twitter:data1\" content=\"Lo viste en Los Pol\u00edticos\" \/>\n\t<meta name=\"twitter:label2\" content=\"Tiempo de lectura\" \/>\n\t<meta name=\"twitter:data2\" content=\"4 minutos\" \/>\n<script type=\"application\/ld+json\" class=\"yoast-schema-graph\">{\"@context\":\"https:\\\/\\\/schema.org\",\"@graph\":[{\"@type\":\"Article\",\"@id\":\"https:\\\/\\\/lospoliticosveracruz.com\\\/?p=132675#article\",\"isPartOf\":{\"@id\":\"https:\\\/\\\/lospoliticosveracruz.com\\\/?p=132675\"},\"author\":{\"name\":\"Lo viste en Los Pol\u00edticos\",\"@id\":\"https:\\\/\\\/lospoliticosveracruz.com\\\/#\\\/schema\\\/person\\\/b8702bb0e538456e6efd07080bf2a4a2\"},\"headline\":\"EL CHINOALOENSE\",\"datePublished\":\"2024-11-19T01:47:00+00:00\",\"mainEntityOfPage\":{\"@id\":\"https:\\\/\\\/lospoliticosveracruz.com\\\/?p=132675\"},\"wordCount\":811,\"publisher\":{\"@id\":\"https:\\\/\\\/lospoliticosveracruz.com\\\/#organization\"},\"image\":{\"@id\":\"https:\\\/\\\/lospoliticosveracruz.com\\\/?p=132675#primaryimage\"},\"thumbnailUrl\":\"https:\\\/\\\/lospoliticosveracruz.com\\\/wp-content\\\/uploads\\\/2024\\\/03\\\/Salvador-Munoz.jpg\",\"keywords\":[\"\u00c9l Chino \u00c1vila\",\"Movimiento Ciudadano\"],\"articleSection\":[\"De Opini\u00f3n\"],\"inLanguage\":\"es\"},{\"@type\":\"WebPage\",\"@id\":\"https:\\\/\\\/lospoliticosveracruz.com\\\/?p=132675\",\"url\":\"https:\\\/\\\/lospoliticosveracruz.com\\\/?p=132675\",\"name\":\"EL CHINOALOENSE - Los pol\u00edticos Veracruz\",\"isPartOf\":{\"@id\":\"https:\\\/\\\/lospoliticosveracruz.com\\\/#website\"},\"primaryImageOfPage\":{\"@id\":\"https:\\\/\\\/lospoliticosveracruz.com\\\/?p=132675#primaryimage\"},\"image\":{\"@id\":\"https:\\\/\\\/lospoliticosveracruz.com\\\/?p=132675#primaryimage\"},\"thumbnailUrl\":\"https:\\\/\\\/lospoliticosveracruz.com\\\/wp-content\\\/uploads\\\/2024\\\/03\\\/Salvador-Munoz.jpg\",\"datePublished\":\"2024-11-19T01:47:00+00:00\",\"breadcrumb\":{\"@id\":\"https:\\\/\\\/lospoliticosveracruz.com\\\/?p=132675#breadcrumb\"},\"inLanguage\":\"es\",\"potentialAction\":[{\"@type\":\"ReadAction\",\"target\":[\"https:\\\/\\\/lospoliticosveracruz.com\\\/?p=132675\"]}]},{\"@type\":\"ImageObject\",\"inLanguage\":\"es\",\"@id\":\"https:\\\/\\\/lospoliticosveracruz.com\\\/?p=132675#primaryimage\",\"url\":\"https:\\\/\\\/lospoliticosveracruz.com\\\/wp-content\\\/uploads\\\/2024\\\/03\\\/Salvador-Munoz.jpg\",\"contentUrl\":\"https:\\\/\\\/lospoliticosveracruz.com\\\/wp-content\\\/uploads\\\/2024\\\/03\\\/Salvador-Munoz.jpg\",\"width\":1250,\"height\":667},{\"@type\":\"BreadcrumbList\",\"@id\":\"https:\\\/\\\/lospoliticosveracruz.com\\\/?p=132675#breadcrumb\",\"itemListElement\":[{\"@type\":\"ListItem\",\"position\":1,\"name\":\"Portada\",\"item\":\"https:\\\/\\\/lospoliticosveracruz.com\\\/\"},{\"@type\":\"ListItem\",\"position\":2,\"name\":\"EL CHINOALOENSE\"}]},{\"@type\":\"WebSite\",\"@id\":\"https:\\\/\\\/lospoliticosveracruz.com\\\/#website\",\"url\":\"https:\\\/\\\/lospoliticosveracruz.com\\\/\",\"name\":\"Los pol\u00edticos Veracruz\",\"description\":\"\",\"publisher\":{\"@id\":\"https:\\\/\\\/lospoliticosveracruz.com\\\/#organization\"},\"potentialAction\":[{\"@type\":\"SearchAction\",\"target\":{\"@type\":\"EntryPoint\",\"urlTemplate\":\"https:\\\/\\\/lospoliticosveracruz.com\\\/?s={search_term_string}\"},\"query-input\":{\"@type\":\"PropertyValueSpecification\",\"valueRequired\":true,\"valueName\":\"search_term_string\"}}],\"inLanguage\":\"es\"},{\"@type\":\"Organization\",\"@id\":\"https:\\\/\\\/lospoliticosveracruz.com\\\/#organization\",\"name\":\"Los pol\u00edticos Veracruz\",\"url\":\"https:\\\/\\\/lospoliticosveracruz.com\\\/\",\"logo\":{\"@type\":\"ImageObject\",\"inLanguage\":\"es\",\"@id\":\"https:\\\/\\\/lospoliticosveracruz.com\\\/#\\\/schema\\\/logo\\\/image\\\/\",\"url\":\"https:\\\/\\\/lospoliticosveracruz.com\\\/wp-content\\\/uploads\\\/2025\\\/12\\\/Logo-Nuevo-LOS-POLITICOS-1.jpg\",\"contentUrl\":\"https:\\\/\\\/lospoliticosveracruz.com\\\/wp-content\\\/uploads\\\/2025\\\/12\\\/Logo-Nuevo-LOS-POLITICOS-1.jpg\",\"width\":260,\"height\":70,\"caption\":\"Los pol\u00edticos Veracruz\"},\"image\":{\"@id\":\"https:\\\/\\\/lospoliticosveracruz.com\\\/#\\\/schema\\\/logo\\\/image\\\/\"},\"sameAs\":[\"https:\\\/\\\/www.facebook.com\\\/people\\\/Notimemes-de-los-Polticos\\\/61565672886568\\\/\",\"https:\\\/\\\/x.com\\\/LosPoliticosVer\"]},{\"@type\":\"Person\",\"@id\":\"https:\\\/\\\/lospoliticosveracruz.com\\\/#\\\/schema\\\/person\\\/b8702bb0e538456e6efd07080bf2a4a2\",\"name\":\"Lo viste en Los Pol\u00edticos\",\"image\":{\"@type\":\"ImageObject\",\"inLanguage\":\"es\",\"@id\":\"https:\\\/\\\/secure.gravatar.com\\\/avatar\\\/3a8de04a2656d44082be478bd6c086daa447c4651605818287b9532d3d0bd435?s=96&d=mm&r=g\",\"url\":\"https:\\\/\\\/secure.gravatar.com\\\/avatar\\\/3a8de04a2656d44082be478bd6c086daa447c4651605818287b9532d3d0bd435?s=96&d=mm&r=g\",\"contentUrl\":\"https:\\\/\\\/secure.gravatar.com\\\/avatar\\\/3a8de04a2656d44082be478bd6c086daa447c4651605818287b9532d3d0bd435?s=96&d=mm&r=g\",\"caption\":\"Lo viste en Los Pol\u00edticos\"},\"url\":\"https:\\\/\\\/lospoliticosveracruz.com\\\/?author=2\"}]}<\/script>\n<!-- \/ Yoast SEO plugin. -->","yoast_head_json":{"title":"EL CHINOALOENSE - Los pol\u00edticos Veracruz","robots":{"index":"index","follow":"follow","max-snippet":"max-snippet:-1","max-image-preview":"max-image-preview:large","max-video-preview":"max-video-preview:-1"},"canonical":"https:\/\/lospoliticosveracruz.com\/?p=132675","og_locale":"es_ES","og_type":"article","og_title":"EL CHINOALOENSE - Los pol\u00edticos Veracruz","og_description":"Salvador Mu\u00f1oz Los Pol\u00edticos Al diputado por Movimiento Ciudadano Adri\u00e1n \u00c1vila Estrada le toca presidir la Comisi\u00f3n de Seguridad P\u00fablica en el Congreso local de Veracruz. Pasa entonces de \u00c9l Chino \u00c1vila al Polic\u00eda Chino. Aunque realmente el apodo original de Adri\u00e1n \u00c1vila Estrada era \u201cEl Chinoaloense\u201d\u2026 y fue el maestro de los motes quien [&hellip;]","og_url":"https:\/\/lospoliticosveracruz.com\/?p=132675","og_site_name":"Los pol\u00edticos Veracruz","article_publisher":"https:\/\/www.facebook.com\/people\/Notimemes-de-los-Polticos\/61565672886568\/","article_published_time":"2024-11-19T01:47:00+00:00","og_image":[{"width":1250,"height":667,"url":"https:\/\/lospoliticosveracruz.com\/wp-content\/uploads\/2024\/03\/Salvador-Munoz.jpg","type":"image\/jpeg"}],"author":"Lo viste en Los Pol\u00edticos","twitter_card":"summary_large_image","twitter_creator":"@LosPoliticosVer","twitter_site":"@LosPoliticosVer","twitter_misc":{"Escrito por":"Lo viste en Los Pol\u00edticos","Tiempo de lectura":"4 minutos"},"schema":{"@context":"https:\/\/schema.org","@graph":[{"@type":"Article","@id":"https:\/\/lospoliticosveracruz.com\/?p=132675#article","isPartOf":{"@id":"https:\/\/lospoliticosveracruz.com\/?p=132675"},"author":{"name":"Lo viste en Los Pol\u00edticos","@id":"https:\/\/lospoliticosveracruz.com\/#\/schema\/person\/b8702bb0e538456e6efd07080bf2a4a2"},"headline":"EL CHINOALOENSE","datePublished":"2024-11-19T01:47:00+00:00","mainEntityOfPage":{"@id":"https:\/\/lospoliticosveracruz.com\/?p=132675"},"wordCount":811,"publisher":{"@id":"https:\/\/lospoliticosveracruz.com\/#organization"},"image":{"@id":"https:\/\/lospoliticosveracruz.com\/?p=132675#primaryimage"},"thumbnailUrl":"https:\/\/lospoliticosveracruz.com\/wp-content\/uploads\/2024\/03\/Salvador-Munoz.jpg","keywords":["\u00c9l Chino \u00c1vila","Movimiento Ciudadano"],"articleSection":["De Opini\u00f3n"],"inLanguage":"es"},{"@type":"WebPage","@id":"https:\/\/lospoliticosveracruz.com\/?p=132675","url":"https:\/\/lospoliticosveracruz.com\/?p=132675","name":"EL CHINOALOENSE - Los pol\u00edticos Veracruz","isPartOf":{"@id":"https:\/\/lospoliticosveracruz.com\/#website"},"primaryImageOfPage":{"@id":"https:\/\/lospoliticosveracruz.com\/?p=132675#primaryimage"},"image":{"@id":"https:\/\/lospoliticosveracruz.com\/?p=132675#primaryimage"},"thumbnailUrl":"https:\/\/lospoliticosveracruz.com\/wp-content\/uploads\/2024\/03\/Salvador-Munoz.jpg","datePublished":"2024-11-19T01:47:00+00:00","breadcrumb":{"@id":"https:\/\/lospoliticosveracruz.com\/?p=132675#breadcrumb"},"inLanguage":"es","potentialAction":[{"@type":"ReadAction","target":["https:\/\/lospoliticosveracruz.com\/?p=132675"]}]},{"@type":"ImageObject","inLanguage":"es","@id":"https:\/\/lospoliticosveracruz.com\/?p=132675#primaryimage","url":"https:\/\/lospoliticosveracruz.com\/wp-content\/uploads\/2024\/03\/Salvador-Munoz.jpg","contentUrl":"https:\/\/lospoliticosveracruz.com\/wp-content\/uploads\/2024\/03\/Salvador-Munoz.jpg","width":1250,"height":667},{"@type":"BreadcrumbList","@id":"https:\/\/lospoliticosveracruz.com\/?p=132675#breadcrumb","itemListElement":[{"@type":"ListItem","position":1,"name":"Portada","item":"https:\/\/lospoliticosveracruz.com\/"},{"@type":"ListItem","position":2,"name":"EL CHINOALOENSE"}]},{"@type":"WebSite","@id":"https:\/\/lospoliticosveracruz.com\/#website","url":"https:\/\/lospoliticosveracruz.com\/","name":"Los pol\u00edticos Veracruz","description":"","publisher":{"@id":"https:\/\/lospoliticosveracruz.com\/#organization"},"potentialAction":[{"@type":"SearchAction","target":{"@type":"EntryPoint","urlTemplate":"https:\/\/lospoliticosveracruz.com\/?s={search_term_string}"},"query-input":{"@type":"PropertyValueSpecification","valueRequired":true,"valueName":"search_term_string"}}],"inLanguage":"es"},{"@type":"Organization","@id":"https:\/\/lospoliticosveracruz.com\/#organization","name":"Los pol\u00edticos Veracruz","url":"https:\/\/lospoliticosveracruz.com\/","logo":{"@type":"ImageObject","inLanguage":"es","@id":"https:\/\/lospoliticosveracruz.com\/#\/schema\/logo\/image\/","url":"https:\/\/lospoliticosveracruz.com\/wp-content\/uploads\/2025\/12\/Logo-Nuevo-LOS-POLITICOS-1.jpg","contentUrl":"https:\/\/lospoliticosveracruz.com\/wp-content\/uploads\/2025\/12\/Logo-Nuevo-LOS-POLITICOS-1.jpg","width":260,"height":70,"caption":"Los pol\u00edticos Veracruz"},"image":{"@id":"https:\/\/lospoliticosveracruz.com\/#\/schema\/logo\/image\/"},"sameAs":["https:\/\/www.facebook.com\/people\/Notimemes-de-los-Polticos\/61565672886568\/","https:\/\/x.com\/LosPoliticosVer"]},{"@type":"Person","@id":"https:\/\/lospoliticosveracruz.com\/#\/schema\/person\/b8702bb0e538456e6efd07080bf2a4a2","name":"Lo viste en Los Pol\u00edticos","image":{"@type":"ImageObject","inLanguage":"es","@id":"https:\/\/secure.gravatar.com\/avatar\/3a8de04a2656d44082be478bd6c086daa447c4651605818287b9532d3d0bd435?s=96&d=mm&r=g","url":"https:\/\/secure.gravatar.com\/avatar\/3a8de04a2656d44082be478bd6c086daa447c4651605818287b9532d3d0bd435?s=96&d=mm&r=g","contentUrl":"https:\/\/secure.gravatar.com\/avatar\/3a8de04a2656d44082be478bd6c086daa447c4651605818287b9532d3d0bd435?s=96&d=mm&r=g","caption":"Lo viste en Los Pol\u00edticos"},"url":"https:\/\/lospoliticosveracruz.com\/?author=2"}]}},"_links":{"self":[{"href":"https:\/\/lospoliticosveracruz.com\/index.php?rest_route=\/wp\/v2\/posts\/132675","targetHints":{"allow":["GET"]}}],"collection":[{"href":"https:\/\/lospoliticosveracruz.com\/index.php?rest_route=\/wp\/v2\/posts"}],"about":[{"href":"https:\/\/lospoliticosveracruz.com\/index.php?rest_route=\/wp\/v2\/types\/post"}],"author":[{"embeddable":true,"href":"https:\/\/lospoliticosveracruz.com\/index.php?rest_route=\/wp\/v2\/users\/2"}],"replies":[{"embeddable":true,"href":"https:\/\/lospoliticosveracruz.com\/index.php?rest_route=%2Fwp%2Fv2%2Fcomments&post=132675"}],"version-history":[{"count":1,"href":"https:\/\/lospoliticosveracruz.com\/index.php?rest_route=\/wp\/v2\/posts\/132675\/revisions"}],"predecessor-version":[{"id":132676,"href":"https:\/\/lospoliticosveracruz.com\/index.php?rest_route=\/wp\/v2\/posts\/132675\/revisions\/132676"}],"wp:featuredmedia":[{"embeddable":true,"href":"https:\/\/lospoliticosveracruz.com\/index.php?rest_route=\/wp\/v2\/media\/119941"}],"wp:attachment":[{"href":"https:\/\/lospoliticosveracruz.com\/index.php?rest_route=%2Fwp%2Fv2%2Fmedia&parent=132675"}],"wp:term":[{"taxonomy":"category","embeddable":true,"href":"https:\/\/lospoliticosveracruz.com\/index.php?rest_route=%2Fwp%2Fv2%2Fcategories&post=132675"},{"taxonomy":"post_tag","embeddable":true,"href":"https:\/\/lospoliticosveracruz.com\/index.php?rest_route=%2Fwp%2Fv2%2Ftags&post=132675"}],"curies":[{"name":"wp","href":"https:\/\/api.w.org\/{rel}","templated":true}]}}