{"id":132795,"date":"2024-11-20T16:40:04","date_gmt":"2024-11-20T22:40:04","guid":{"rendered":"https:\/\/lospoliticosveracruz.com.mx\/?p=132795"},"modified":"2024-11-20T16:40:17","modified_gmt":"2024-11-20T22:40:17","slug":"hector-y-concepcion","status":"publish","type":"post","link":"https:\/\/lospoliticosveracruz.com\/?p=132795","title":{"rendered":"H\u00c9CTOR Y CONCEPCI\u00d3N"},"content":{"rendered":"\n<p><strong>Salvador Mu\u00f1oz<\/strong><\/p>\n\n\n\n<p><em>Los Pol\u00edticos<\/em><\/p>\n\n\n\n<p>Tres d\u00edas de comparecencias y si hay un diputado de la Oposici\u00f3n inc\u00f3modo para los miembros del Gabinete de Cuitl\u00e1huac Garc\u00eda, \u00e9se es H\u00e9ctor Yunes Landa.<\/p>\n\n\n\n<figure class=\"wp-block-gallery has-nested-images columns-default is-cropped wp-block-gallery-1 is-layout-flex wp-block-gallery-is-layout-flex\"><div class=\"wp-block-image\">\n<figure class=\"alignleft size-thumbnail\"><a href=\"https:\/\/lospoliticosveracruz.com.mx\/wp-content\/uploads\/2024\/11\/Sebastian-N-2.jpg\"><img decoding=\"async\" data-id=\"132796\" src=\"https:\/\/lospoliticosveracruz.com.mx\/wp-content\/uploads\/2024\/11\/Sebastian-N-2-150x150.jpg\" alt=\"\" class=\"wp-image-132796\"\/><\/a><\/figure>\n<\/div>\n\n\n<figure class=\"wp-block-image size-large\"><a href=\"https:\/\/lospoliticosveracruz.com.mx\/wp-content\/uploads\/2024\/11\/Sebastian-N-1.jpg\"><img decoding=\"async\" data-id=\"132797\" src=\"https:\/\/lospoliticosveracruz.com.mx\/wp-content\/uploads\/2024\/11\/Sebastian-N-1-1024x823.jpg\" alt=\"\" class=\"wp-image-132797\"\/><\/a><\/figure>\n\n\n\n<figure class=\"wp-block-image size-large\"><a href=\"https:\/\/lospoliticosveracruz.com.mx\/wp-content\/uploads\/2024\/11\/Sebastian-N.jpg\"><img decoding=\"async\" data-id=\"132798\" src=\"https:\/\/lospoliticosveracruz.com.mx\/wp-content\/uploads\/2024\/11\/Sebastian-N.jpg\" alt=\"\" class=\"wp-image-132798\"\/><\/a><\/figure>\n<\/figure>\n\n\n\n<p>Colmillo largo y retorcido, h\u00e1bil en el manejo del sarcasmo, de los tiempos, con toda la experiencia acumulada, hace y deshace tanto con los presidentes de las Comisiones con las que ha interactuado, como con los secretarios.<\/p>\n\n\n\n<p>Puede que est\u00e9 equivocado, pero la presencia de Sebasti\u00e1n N en el recinto oficial de las comparecencias, ten\u00eda un objetivo: H\u00e9ctor Yunes.<\/p>\n\n\n\n<p>Est\u00e1 dem\u00e1s comentar qui\u00e9n se lo envi\u00f3 porque es obvio, muy obvio\u2026 las respuestas de H\u00e9ctor a los insultos hablan de la habilidad pol\u00edtica del chole\u00f1o\u2026 y la respuesta del presidente de la Comisi\u00f3n de Seguridad P\u00fablica, el Chino Avila, fue acertada: pedir el desalojo de los rijosos del auditorio Sebasti\u00e1n Lerdo de Tejada.<\/p>\n\n\n\n<p>De nombre Sebasti\u00e1n, el principal hostigador, pues aparentemente lo acompa\u00f1aban otras dos personas, fue invitado a salir del Congreso local pero a la vez era seguido por un grupo de reporteros que ten\u00edan en claro qu\u00e9 preguntarle: \u201c\u00bfQui\u00e9n te envi\u00f3?\u201d<\/p>\n\n\n\n<p>Con el celular en la mano, la reportera Concepci\u00f3n S\u00e1nchez se le acerc\u00f3 y el sujeto se lo arrebata. Al intentar detenerlo, el sujeto hace caer al suelo a la reportera mientras el celular va al pavimento.<\/p>\n\n\n\n<p>Tuvo que intervenir Aylan Contreras, elemento de Seguridad del Congreso local para detener al agresor que era rodeada por reporteras.<\/p>\n\n\n\n<p>Al final, Sebasti\u00e1n N, como fue identificado, fue trasladado a la Fiscal\u00eda por el cargo de Lesiones.<\/p>\n\n\n\n<p>El asunto no para ah\u00ed.<\/p>\n\n\n\n<p>Cuando es detenido Sebasti\u00e1n N, un joven de camisa azul trata de calmarlo con dos \u201cTranquilo, tranquilo\u2026\u201d, como si lo conociera, a tal grado que las reporteras lo interrogan por eso. \u00bfSospechoso? S\u00ed\u2026<\/p>\n\n\n\n<p>Y m\u00e1s cuando un Supervisor de Seguridad P\u00fablica es quien se lleva al agresor\u2026 s\u00ed, en la batea, esposado\u2026 pero quien se lo lleva es un Supervisor\u2026<\/p>\n\n\n\n<p>S\u00ed bien, el Congreso local es la Casa del Pueblo, este doble hecho debe ser un llamado de alerta para nuestros diputados.<\/p>\n\n\n\n<p>La manifestaci\u00f3n de Sebasti\u00e1n N contra H\u00e9ctor Yunes, no buscaba respuesta a alg\u00fan problema, no hablaba de injusticia, no era la demanda contra las autoridades\u2026 era un ataque directo hacia un diputado\u2026 un diputado que hasta ahora ha resultado bastante inc\u00f3modo para los secretarios del Gabinete\u2026<\/p>\n\n\n\n<p>\u00bfQui\u00e9n lo mand\u00f3 a agredir a H\u00e9ctor?<\/p>\n\n\n\n<p>Ahora, el embate contra la reportera fue por los nervios\u2026 Sebasti\u00e1n se puso nervioso ante la c\u00e1mara, ante los celulares, ante las reporteras, pero no por eso deja de ser agresi\u00f3n.<\/p>\n\n\n\n<p>Es claro que todos tenemos derecho a ingresar al Palacio Legislativo y ser tambi\u00e9n testigos de las sesiones y comparecencias; pero es claro que tambi\u00e9n hay funcionarios interesados en denostar a quienes representan el Poder Legislativo, en este caso a H\u00e9ctor Yunes, y no les importa que el ataque sea vulgar, burdo, bajo\u2026 a ese nivel es su trabajo\u2026 y mucho menos les importa losa da\u00f1os colaterales, como la agresi\u00f3n a la reportera Concepci\u00f3n\u2026<\/p>\n\n\n\n<p>Hoy, se pudiera decir que la secretar\u00eda de Seguridad P\u00fablica \u201cle hizo el favor\u201d al Congreso local de ser expuesto, de ser exhibido, de verse endeble en su seguridad\u2026 dos agresiones que s\u00f3lo \u201cse salvan\u201d (as\u00ed, entre comillas) por la intervenci\u00f3n del Chino \u00c1vila, al pedir el desalojo de los rijosos (Sebasti\u00e1n N y compa\u00f1\u00eda) y por parte del Congreso, por la acci\u00f3n del elemento de Seguridad interna, Aylan Contreras, deteniendo al agresor de la reportera.<\/p>\n","protected":false},"excerpt":{"rendered":"<p>Salvador Mu\u00f1oz Los Pol\u00edticos Tres d\u00edas de comparecencias y si hay un diputado de la Oposici\u00f3n inc\u00f3modo para los miembros del Gabinete de Cuitl\u00e1huac Garc\u00eda, \u00e9se es H\u00e9ctor Yunes Landa. Colmillo largo y retorcido, h\u00e1bil en el manejo del sarcasmo, de los tiempos, con toda la experiencia acumulada, hace y deshace tanto con los presidentes [&hellip;]<\/p>\n","protected":false},"author":2,"featured_media":119941,"comment_status":"closed","ping_status":"closed","sticky":false,"template":"","format":"standard","meta":{"tdm_status":"","tdm_grid_status":"","footnotes":""},"categories":[70],"tags":[348],"class_list":{"0":"post-132795","1":"post","2":"type-post","3":"status-publish","4":"format-standard","5":"has-post-thumbnail","7":"category-de-opinion","8":"tag-hector-yunes-landa"},"yoast_head":"<!-- This site is optimized with the Yoast SEO plugin v27.4 - https:\/\/yoast.com\/product\/yoast-seo-wordpress\/ -->\n<title>H\u00c9CTOR Y CONCEPCI\u00d3N - Los pol\u00edticos Veracruz<\/title>\n<meta name=\"robots\" content=\"index, follow, max-snippet:-1, max-image-preview:large, max-video-preview:-1\" \/>\n<link rel=\"canonical\" href=\"https:\/\/lospoliticosveracruz.com\/?p=132795\" \/>\n<meta property=\"og:locale\" content=\"es_ES\" \/>\n<meta property=\"og:type\" content=\"article\" \/>\n<meta property=\"og:title\" content=\"H\u00c9CTOR Y CONCEPCI\u00d3N - Los pol\u00edticos Veracruz\" \/>\n<meta property=\"og:description\" content=\"Salvador Mu\u00f1oz Los Pol\u00edticos Tres d\u00edas de comparecencias y si hay un diputado de la Oposici\u00f3n inc\u00f3modo para los miembros del Gabinete de Cuitl\u00e1huac Garc\u00eda, \u00e9se es H\u00e9ctor Yunes Landa. Colmillo largo y retorcido, h\u00e1bil en el manejo del sarcasmo, de los tiempos, con toda la experiencia acumulada, hace y deshace tanto con los presidentes [&hellip;]\" \/>\n<meta property=\"og:url\" content=\"https:\/\/lospoliticosveracruz.com\/?p=132795\" \/>\n<meta property=\"og:site_name\" content=\"Los pol\u00edticos Veracruz\" \/>\n<meta property=\"article:publisher\" content=\"https:\/\/www.facebook.com\/people\/Notimemes-de-los-Polticos\/61565672886568\/\" \/>\n<meta property=\"article:published_time\" content=\"2024-11-20T22:40:04+00:00\" \/>\n<meta property=\"article:modified_time\" content=\"2024-11-20T22:40:17+00:00\" \/>\n<meta property=\"og:image\" content=\"https:\/\/lospoliticosveracruz.com\/wp-content\/uploads\/2024\/03\/Salvador-Munoz.jpg\" \/>\n\t<meta property=\"og:image:width\" content=\"1250\" \/>\n\t<meta property=\"og:image:height\" content=\"667\" \/>\n\t<meta property=\"og:image:type\" content=\"image\/jpeg\" \/>\n<meta name=\"author\" content=\"Lo viste en Los Pol\u00edticos\" \/>\n<meta name=\"twitter:card\" content=\"summary_large_image\" \/>\n<meta name=\"twitter:creator\" content=\"@LosPoliticosVer\" \/>\n<meta name=\"twitter:site\" content=\"@LosPoliticosVer\" \/>\n<meta name=\"twitter:label1\" content=\"Escrito por\" \/>\n\t<meta name=\"twitter:data1\" content=\"Lo viste en Los Pol\u00edticos\" \/>\n\t<meta name=\"twitter:label2\" content=\"Tiempo de lectura\" \/>\n\t<meta name=\"twitter:data2\" content=\"3 minutos\" \/>\n<script type=\"application\/ld+json\" class=\"yoast-schema-graph\">{\"@context\":\"https:\\\/\\\/schema.org\",\"@graph\":[{\"@type\":\"Article\",\"@id\":\"https:\\\/\\\/lospoliticosveracruz.com\\\/?p=132795#article\",\"isPartOf\":{\"@id\":\"https:\\\/\\\/lospoliticosveracruz.com\\\/?p=132795\"},\"author\":{\"name\":\"Lo viste en Los Pol\u00edticos\",\"@id\":\"https:\\\/\\\/lospoliticosveracruz.com\\\/#\\\/schema\\\/person\\\/b8702bb0e538456e6efd07080bf2a4a2\"},\"headline\":\"H\u00c9CTOR Y CONCEPCI\u00d3N\",\"datePublished\":\"2024-11-20T22:40:04+00:00\",\"dateModified\":\"2024-11-20T22:40:17+00:00\",\"mainEntityOfPage\":{\"@id\":\"https:\\\/\\\/lospoliticosveracruz.com\\\/?p=132795\"},\"wordCount\":637,\"publisher\":{\"@id\":\"https:\\\/\\\/lospoliticosveracruz.com\\\/#organization\"},\"image\":{\"@id\":\"https:\\\/\\\/lospoliticosveracruz.com\\\/?p=132795#primaryimage\"},\"thumbnailUrl\":\"https:\\\/\\\/lospoliticosveracruz.com\\\/wp-content\\\/uploads\\\/2024\\\/03\\\/Salvador-Munoz.jpg\",\"keywords\":[\"H\u00e9ctor Yunes Landa\"],\"articleSection\":[\"De Opini\u00f3n\"],\"inLanguage\":\"es\"},{\"@type\":\"WebPage\",\"@id\":\"https:\\\/\\\/lospoliticosveracruz.com\\\/?p=132795\",\"url\":\"https:\\\/\\\/lospoliticosveracruz.com\\\/?p=132795\",\"name\":\"H\u00c9CTOR Y CONCEPCI\u00d3N - Los pol\u00edticos Veracruz\",\"isPartOf\":{\"@id\":\"https:\\\/\\\/lospoliticosveracruz.com\\\/#website\"},\"primaryImageOfPage\":{\"@id\":\"https:\\\/\\\/lospoliticosveracruz.com\\\/?p=132795#primaryimage\"},\"image\":{\"@id\":\"https:\\\/\\\/lospoliticosveracruz.com\\\/?p=132795#primaryimage\"},\"thumbnailUrl\":\"https:\\\/\\\/lospoliticosveracruz.com\\\/wp-content\\\/uploads\\\/2024\\\/03\\\/Salvador-Munoz.jpg\",\"datePublished\":\"2024-11-20T22:40:04+00:00\",\"dateModified\":\"2024-11-20T22:40:17+00:00\",\"breadcrumb\":{\"@id\":\"https:\\\/\\\/lospoliticosveracruz.com\\\/?p=132795#breadcrumb\"},\"inLanguage\":\"es\",\"potentialAction\":[{\"@type\":\"ReadAction\",\"target\":[\"https:\\\/\\\/lospoliticosveracruz.com\\\/?p=132795\"]}]},{\"@type\":\"ImageObject\",\"inLanguage\":\"es\",\"@id\":\"https:\\\/\\\/lospoliticosveracruz.com\\\/?p=132795#primaryimage\",\"url\":\"https:\\\/\\\/lospoliticosveracruz.com\\\/wp-content\\\/uploads\\\/2024\\\/03\\\/Salvador-Munoz.jpg\",\"contentUrl\":\"https:\\\/\\\/lospoliticosveracruz.com\\\/wp-content\\\/uploads\\\/2024\\\/03\\\/Salvador-Munoz.jpg\",\"width\":1250,\"height\":667},{\"@type\":\"BreadcrumbList\",\"@id\":\"https:\\\/\\\/lospoliticosveracruz.com\\\/?p=132795#breadcrumb\",\"itemListElement\":[{\"@type\":\"ListItem\",\"position\":1,\"name\":\"Portada\",\"item\":\"https:\\\/\\\/lospoliticosveracruz.com\\\/\"},{\"@type\":\"ListItem\",\"position\":2,\"name\":\"H\u00c9CTOR Y CONCEPCI\u00d3N\"}]},{\"@type\":\"WebSite\",\"@id\":\"https:\\\/\\\/lospoliticosveracruz.com\\\/#website\",\"url\":\"https:\\\/\\\/lospoliticosveracruz.com\\\/\",\"name\":\"Los pol\u00edticos Veracruz\",\"description\":\"\",\"publisher\":{\"@id\":\"https:\\\/\\\/lospoliticosveracruz.com\\\/#organization\"},\"potentialAction\":[{\"@type\":\"SearchAction\",\"target\":{\"@type\":\"EntryPoint\",\"urlTemplate\":\"https:\\\/\\\/lospoliticosveracruz.com\\\/?s={search_term_string}\"},\"query-input\":{\"@type\":\"PropertyValueSpecification\",\"valueRequired\":true,\"valueName\":\"search_term_string\"}}],\"inLanguage\":\"es\"},{\"@type\":\"Organization\",\"@id\":\"https:\\\/\\\/lospoliticosveracruz.com\\\/#organization\",\"name\":\"Los pol\u00edticos Veracruz\",\"url\":\"https:\\\/\\\/lospoliticosveracruz.com\\\/\",\"logo\":{\"@type\":\"ImageObject\",\"inLanguage\":\"es\",\"@id\":\"https:\\\/\\\/lospoliticosveracruz.com\\\/#\\\/schema\\\/logo\\\/image\\\/\",\"url\":\"https:\\\/\\\/lospoliticosveracruz.com\\\/wp-content\\\/uploads\\\/2025\\\/12\\\/Logo-Nuevo-LOS-POLITICOS-1.jpg\",\"contentUrl\":\"https:\\\/\\\/lospoliticosveracruz.com\\\/wp-content\\\/uploads\\\/2025\\\/12\\\/Logo-Nuevo-LOS-POLITICOS-1.jpg\",\"width\":260,\"height\":70,\"caption\":\"Los pol\u00edticos Veracruz\"},\"image\":{\"@id\":\"https:\\\/\\\/lospoliticosveracruz.com\\\/#\\\/schema\\\/logo\\\/image\\\/\"},\"sameAs\":[\"https:\\\/\\\/www.facebook.com\\\/people\\\/Notimemes-de-los-Polticos\\\/61565672886568\\\/\",\"https:\\\/\\\/x.com\\\/LosPoliticosVer\"]},{\"@type\":\"Person\",\"@id\":\"https:\\\/\\\/lospoliticosveracruz.com\\\/#\\\/schema\\\/person\\\/b8702bb0e538456e6efd07080bf2a4a2\",\"name\":\"Lo viste en Los Pol\u00edticos\",\"image\":{\"@type\":\"ImageObject\",\"inLanguage\":\"es\",\"@id\":\"https:\\\/\\\/secure.gravatar.com\\\/avatar\\\/3a8de04a2656d44082be478bd6c086daa447c4651605818287b9532d3d0bd435?s=96&d=mm&r=g\",\"url\":\"https:\\\/\\\/secure.gravatar.com\\\/avatar\\\/3a8de04a2656d44082be478bd6c086daa447c4651605818287b9532d3d0bd435?s=96&d=mm&r=g\",\"contentUrl\":\"https:\\\/\\\/secure.gravatar.com\\\/avatar\\\/3a8de04a2656d44082be478bd6c086daa447c4651605818287b9532d3d0bd435?s=96&d=mm&r=g\",\"caption\":\"Lo viste en Los Pol\u00edticos\"},\"url\":\"https:\\\/\\\/lospoliticosveracruz.com\\\/?author=2\"}]}<\/script>\n<!-- \/ Yoast SEO plugin. -->","yoast_head_json":{"title":"H\u00c9CTOR Y CONCEPCI\u00d3N - Los pol\u00edticos Veracruz","robots":{"index":"index","follow":"follow","max-snippet":"max-snippet:-1","max-image-preview":"max-image-preview:large","max-video-preview":"max-video-preview:-1"},"canonical":"https:\/\/lospoliticosveracruz.com\/?p=132795","og_locale":"es_ES","og_type":"article","og_title":"H\u00c9CTOR Y CONCEPCI\u00d3N - Los pol\u00edticos Veracruz","og_description":"Salvador Mu\u00f1oz Los Pol\u00edticos Tres d\u00edas de comparecencias y si hay un diputado de la Oposici\u00f3n inc\u00f3modo para los miembros del Gabinete de Cuitl\u00e1huac Garc\u00eda, \u00e9se es H\u00e9ctor Yunes Landa. Colmillo largo y retorcido, h\u00e1bil en el manejo del sarcasmo, de los tiempos, con toda la experiencia acumulada, hace y deshace tanto con los presidentes [&hellip;]","og_url":"https:\/\/lospoliticosveracruz.com\/?p=132795","og_site_name":"Los pol\u00edticos Veracruz","article_publisher":"https:\/\/www.facebook.com\/people\/Notimemes-de-los-Polticos\/61565672886568\/","article_published_time":"2024-11-20T22:40:04+00:00","article_modified_time":"2024-11-20T22:40:17+00:00","og_image":[{"width":1250,"height":667,"url":"https:\/\/lospoliticosveracruz.com\/wp-content\/uploads\/2024\/03\/Salvador-Munoz.jpg","type":"image\/jpeg"}],"author":"Lo viste en Los Pol\u00edticos","twitter_card":"summary_large_image","twitter_creator":"@LosPoliticosVer","twitter_site":"@LosPoliticosVer","twitter_misc":{"Escrito por":"Lo viste en Los Pol\u00edticos","Tiempo de lectura":"3 minutos"},"schema":{"@context":"https:\/\/schema.org","@graph":[{"@type":"Article","@id":"https:\/\/lospoliticosveracruz.com\/?p=132795#article","isPartOf":{"@id":"https:\/\/lospoliticosveracruz.com\/?p=132795"},"author":{"name":"Lo viste en Los Pol\u00edticos","@id":"https:\/\/lospoliticosveracruz.com\/#\/schema\/person\/b8702bb0e538456e6efd07080bf2a4a2"},"headline":"H\u00c9CTOR Y CONCEPCI\u00d3N","datePublished":"2024-11-20T22:40:04+00:00","dateModified":"2024-11-20T22:40:17+00:00","mainEntityOfPage":{"@id":"https:\/\/lospoliticosveracruz.com\/?p=132795"},"wordCount":637,"publisher":{"@id":"https:\/\/lospoliticosveracruz.com\/#organization"},"image":{"@id":"https:\/\/lospoliticosveracruz.com\/?p=132795#primaryimage"},"thumbnailUrl":"https:\/\/lospoliticosveracruz.com\/wp-content\/uploads\/2024\/03\/Salvador-Munoz.jpg","keywords":["H\u00e9ctor Yunes Landa"],"articleSection":["De Opini\u00f3n"],"inLanguage":"es"},{"@type":"WebPage","@id":"https:\/\/lospoliticosveracruz.com\/?p=132795","url":"https:\/\/lospoliticosveracruz.com\/?p=132795","name":"H\u00c9CTOR Y CONCEPCI\u00d3N - Los pol\u00edticos Veracruz","isPartOf":{"@id":"https:\/\/lospoliticosveracruz.com\/#website"},"primaryImageOfPage":{"@id":"https:\/\/lospoliticosveracruz.com\/?p=132795#primaryimage"},"image":{"@id":"https:\/\/lospoliticosveracruz.com\/?p=132795#primaryimage"},"thumbnailUrl":"https:\/\/lospoliticosveracruz.com\/wp-content\/uploads\/2024\/03\/Salvador-Munoz.jpg","datePublished":"2024-11-20T22:40:04+00:00","dateModified":"2024-11-20T22:40:17+00:00","breadcrumb":{"@id":"https:\/\/lospoliticosveracruz.com\/?p=132795#breadcrumb"},"inLanguage":"es","potentialAction":[{"@type":"ReadAction","target":["https:\/\/lospoliticosveracruz.com\/?p=132795"]}]},{"@type":"ImageObject","inLanguage":"es","@id":"https:\/\/lospoliticosveracruz.com\/?p=132795#primaryimage","url":"https:\/\/lospoliticosveracruz.com\/wp-content\/uploads\/2024\/03\/Salvador-Munoz.jpg","contentUrl":"https:\/\/lospoliticosveracruz.com\/wp-content\/uploads\/2024\/03\/Salvador-Munoz.jpg","width":1250,"height":667},{"@type":"BreadcrumbList","@id":"https:\/\/lospoliticosveracruz.com\/?p=132795#breadcrumb","itemListElement":[{"@type":"ListItem","position":1,"name":"Portada","item":"https:\/\/lospoliticosveracruz.com\/"},{"@type":"ListItem","position":2,"name":"H\u00c9CTOR Y CONCEPCI\u00d3N"}]},{"@type":"WebSite","@id":"https:\/\/lospoliticosveracruz.com\/#website","url":"https:\/\/lospoliticosveracruz.com\/","name":"Los pol\u00edticos Veracruz","description":"","publisher":{"@id":"https:\/\/lospoliticosveracruz.com\/#organization"},"potentialAction":[{"@type":"SearchAction","target":{"@type":"EntryPoint","urlTemplate":"https:\/\/lospoliticosveracruz.com\/?s={search_term_string}"},"query-input":{"@type":"PropertyValueSpecification","valueRequired":true,"valueName":"search_term_string"}}],"inLanguage":"es"},{"@type":"Organization","@id":"https:\/\/lospoliticosveracruz.com\/#organization","name":"Los pol\u00edticos Veracruz","url":"https:\/\/lospoliticosveracruz.com\/","logo":{"@type":"ImageObject","inLanguage":"es","@id":"https:\/\/lospoliticosveracruz.com\/#\/schema\/logo\/image\/","url":"https:\/\/lospoliticosveracruz.com\/wp-content\/uploads\/2025\/12\/Logo-Nuevo-LOS-POLITICOS-1.jpg","contentUrl":"https:\/\/lospoliticosveracruz.com\/wp-content\/uploads\/2025\/12\/Logo-Nuevo-LOS-POLITICOS-1.jpg","width":260,"height":70,"caption":"Los pol\u00edticos Veracruz"},"image":{"@id":"https:\/\/lospoliticosveracruz.com\/#\/schema\/logo\/image\/"},"sameAs":["https:\/\/www.facebook.com\/people\/Notimemes-de-los-Polticos\/61565672886568\/","https:\/\/x.com\/LosPoliticosVer"]},{"@type":"Person","@id":"https:\/\/lospoliticosveracruz.com\/#\/schema\/person\/b8702bb0e538456e6efd07080bf2a4a2","name":"Lo viste en Los Pol\u00edticos","image":{"@type":"ImageObject","inLanguage":"es","@id":"https:\/\/secure.gravatar.com\/avatar\/3a8de04a2656d44082be478bd6c086daa447c4651605818287b9532d3d0bd435?s=96&d=mm&r=g","url":"https:\/\/secure.gravatar.com\/avatar\/3a8de04a2656d44082be478bd6c086daa447c4651605818287b9532d3d0bd435?s=96&d=mm&r=g","contentUrl":"https:\/\/secure.gravatar.com\/avatar\/3a8de04a2656d44082be478bd6c086daa447c4651605818287b9532d3d0bd435?s=96&d=mm&r=g","caption":"Lo viste en Los Pol\u00edticos"},"url":"https:\/\/lospoliticosveracruz.com\/?author=2"}]}},"_links":{"self":[{"href":"https:\/\/lospoliticosveracruz.com\/index.php?rest_route=\/wp\/v2\/posts\/132795","targetHints":{"allow":["GET"]}}],"collection":[{"href":"https:\/\/lospoliticosveracruz.com\/index.php?rest_route=\/wp\/v2\/posts"}],"about":[{"href":"https:\/\/lospoliticosveracruz.com\/index.php?rest_route=\/wp\/v2\/types\/post"}],"author":[{"embeddable":true,"href":"https:\/\/lospoliticosveracruz.com\/index.php?rest_route=\/wp\/v2\/users\/2"}],"replies":[{"embeddable":true,"href":"https:\/\/lospoliticosveracruz.com\/index.php?rest_route=%2Fwp%2Fv2%2Fcomments&post=132795"}],"version-history":[{"count":1,"href":"https:\/\/lospoliticosveracruz.com\/index.php?rest_route=\/wp\/v2\/posts\/132795\/revisions"}],"predecessor-version":[{"id":132799,"href":"https:\/\/lospoliticosveracruz.com\/index.php?rest_route=\/wp\/v2\/posts\/132795\/revisions\/132799"}],"wp:featuredmedia":[{"embeddable":true,"href":"https:\/\/lospoliticosveracruz.com\/index.php?rest_route=\/wp\/v2\/media\/119941"}],"wp:attachment":[{"href":"https:\/\/lospoliticosveracruz.com\/index.php?rest_route=%2Fwp%2Fv2%2Fmedia&parent=132795"}],"wp:term":[{"taxonomy":"category","embeddable":true,"href":"https:\/\/lospoliticosveracruz.com\/index.php?rest_route=%2Fwp%2Fv2%2Fcategories&post=132795"},{"taxonomy":"post_tag","embeddable":true,"href":"https:\/\/lospoliticosveracruz.com\/index.php?rest_route=%2Fwp%2Fv2%2Ftags&post=132795"}],"curies":[{"name":"wp","href":"https:\/\/api.w.org\/{rel}","templated":true}]}}