{"id":132853,"date":"2024-11-21T18:37:26","date_gmt":"2024-11-22T00:37:26","guid":{"rendered":"https:\/\/lospoliticosveracruz.com.mx\/?p=132853"},"modified":"2024-11-21T18:37:43","modified_gmt":"2024-11-22T00:37:43","slug":"regresa-la-caravana","status":"publish","type":"post","link":"https:\/\/lospoliticosveracruz.com\/?p=132853","title":{"rendered":"REGRESA LA CARAVANA!"},"content":{"rendered":"\n<p><\/p>\n\n\n\n<p>El alcalde de Boca del R\u00edo, Juan Manuel Un\u00e1nue Abascal, dio la bienvenida a la \u201cCaravana Coca-Cola\u201d 2024, un desfile navide\u00f1o que se realizar\u00e1 en el bulevar Manuel \u00c1vila Camacho el pr\u00f3ximo 27 de noviembre.<\/p>\n\n\n\n<p>\u201cEste tipo de eventos le viene a la zona conurbada previo a la \u00e9poca decembrina, y qu\u00e9 mejor para los turistas que a estas alturas van llegando para pasar estas fechas tan especiales tanto en Veracruz como en Boca del R\u00edo\u201d, dijo el presidente municipal.<\/p>\n\n\n\n<p>Junto a la alcaldesa de Veracruz, Patricia Lobeira Rodr\u00edguez y autoridades de la empresa refresquera, dieron a conocer los pormenores del magno evento que espera aglutinar a m\u00e1s de 150 mil personas lo largo del recorrido y romper el r\u00e9cord de asistencia que tiene la Ciudad de M\u00e9xico.<\/p>\n\n\n\n<p>Dicho desfile iniciar\u00e1 en punto de las 19 horas teniendo como punto de inicio de norte a sur (de Veracruz a Boca del R\u00edo) sobre el bulevar Manuel \u00c1vila Camacho, a la altura de la calle Francisco Hern\u00e1ndez y Hern\u00e1ndez, hasta llegar al bulevar Adolfo Ruiz Cortines, girando a la derecha para finalizar en la calzada Juan Pablo II.<\/p>\n\n\n\n<p>Tras 16 a\u00f1os de no realizarse en la conurbaci\u00f3n, este 2024 retorna con un contingente de 24 elementos y una longitud de 200 metros de largo, as\u00ed como 300 personas en escena.<\/p>\n\n\n\n<p>Samuel Ferrer Mijangos, Gerente de Asuntos Corporativos y Gubernamentales de Coca Cola-Femsa, inform\u00f3 que la empresa invierte alrededor de ocho millones de pesos para realizaci\u00f3n del desfile.<\/p>\n\n\n\n<p>\u201cLo digo de nuevo y lo reafirmo, esto no ser\u00eda posible si no fuera gracias al apoyo y coordinaci\u00f3n que tenemos tanto con el Ayuntamiento de Veracruz como con el Ayuntamiento de Boca del R\u00edo, presidenta, presidente muchas gracias\u201d, expres\u00f3 Ferrar Mijangos.<\/p>\n\n\n\n<p>Ambos mun\u00edcipes coincidieron que este evento resulta una nueva oportunidad para impulsar la reactivaci\u00f3n econ\u00f3mica de la zona, pues al ser la \u00fanica sede en el estado que visitar\u00e1 la \u201cCaravana Navide\u00f1a Coca-Cola\u201d, se espera el arribo de visitantes de otros municipios de la entidad veracruzana, generando una importante derrama econ\u00f3mica, as\u00ed como ocupaci\u00f3n hotelera.<\/p>\n\n\n\n<p>Por \u00faltimo, Un\u00e1nue Abascal reiter\u00f3 la invitaci\u00f3n para este evento familiar y seguro, donde se implementar\u00e1 un operativo preventivo integrado por la Polic\u00eda Municipal de Boca del R\u00edo, Tr\u00e1nsito Municipal, as\u00ed como Protecci\u00f3n Civil boque\u00f1o.<\/p>\n","protected":false},"excerpt":{"rendered":"<p>El alcalde de Boca del R\u00edo, Juan Manuel Un\u00e1nue Abascal, dio la bienvenida a la \u201cCaravana Coca-Cola\u201d 2024, un desfile navide\u00f1o que se realizar\u00e1 en el bulevar Manuel \u00c1vila Camacho el pr\u00f3ximo 27 de noviembre. \u201cEste tipo de eventos le viene a la zona conurbada previo a la \u00e9poca decembrina, y qu\u00e9 mejor para los [&hellip;]<\/p>\n","protected":false},"author":2,"featured_media":0,"comment_status":"closed","ping_status":"closed","sticky":false,"template":"","format":"standard","meta":{"tdm_status":"","tdm_grid_status":"","footnotes":""},"categories":[73],"tags":[12535],"class_list":{"0":"post-132853","1":"post","2":"type-post","3":"status-publish","4":"format-standard","6":"category-de-boleto","7":"tag-juan-manuel-unanue-abascal"},"yoast_head":"<!-- This site is optimized with the Yoast SEO plugin v27.4 - https:\/\/yoast.com\/product\/yoast-seo-wordpress\/ -->\n<title>REGRESA LA CARAVANA! - Los pol\u00edticos Veracruz<\/title>\n<meta name=\"robots\" content=\"index, follow, max-snippet:-1, max-image-preview:large, max-video-preview:-1\" \/>\n<link rel=\"canonical\" href=\"https:\/\/lospoliticosveracruz.com\/?p=132853\" \/>\n<meta property=\"og:locale\" content=\"es_ES\" \/>\n<meta property=\"og:type\" content=\"article\" \/>\n<meta property=\"og:title\" content=\"REGRESA LA CARAVANA! - Los pol\u00edticos Veracruz\" \/>\n<meta property=\"og:description\" content=\"El alcalde de Boca del R\u00edo, Juan Manuel Un\u00e1nue Abascal, dio la bienvenida a la \u201cCaravana Coca-Cola\u201d 2024, un desfile navide\u00f1o que se realizar\u00e1 en el bulevar Manuel \u00c1vila Camacho el pr\u00f3ximo 27 de noviembre. \u201cEste tipo de eventos le viene a la zona conurbada previo a la \u00e9poca decembrina, y qu\u00e9 mejor para los [&hellip;]\" \/>\n<meta property=\"og:url\" content=\"https:\/\/lospoliticosveracruz.com\/?p=132853\" \/>\n<meta property=\"og:site_name\" content=\"Los pol\u00edticos Veracruz\" \/>\n<meta property=\"article:publisher\" content=\"https:\/\/www.facebook.com\/people\/Notimemes-de-los-Polticos\/61565672886568\/\" \/>\n<meta property=\"article:published_time\" content=\"2024-11-22T00:37:26+00:00\" \/>\n<meta property=\"article:modified_time\" content=\"2024-11-22T00:37:43+00:00\" \/>\n<meta property=\"og:image\" content=\"https:\/\/lospoliticosveracruz.com\/wp-content\/uploads\/2016\/07\/Logo-Dor.jpg\" \/>\n\t<meta property=\"og:image:width\" content=\"200\" \/>\n\t<meta property=\"og:image:height\" content=\"200\" \/>\n\t<meta property=\"og:image:type\" content=\"image\/jpeg\" \/>\n<meta name=\"author\" content=\"Lo viste en Los Pol\u00edticos\" \/>\n<meta name=\"twitter:card\" content=\"summary_large_image\" \/>\n<meta name=\"twitter:creator\" content=\"@LosPoliticosVer\" \/>\n<meta name=\"twitter:site\" content=\"@LosPoliticosVer\" \/>\n<meta name=\"twitter:label1\" content=\"Escrito por\" \/>\n\t<meta name=\"twitter:data1\" content=\"Lo viste en Los Pol\u00edticos\" \/>\n\t<meta name=\"twitter:label2\" content=\"Tiempo de lectura\" \/>\n\t<meta name=\"twitter:data2\" content=\"2 minutos\" \/>\n<script type=\"application\/ld+json\" class=\"yoast-schema-graph\">{\"@context\":\"https:\\\/\\\/schema.org\",\"@graph\":[{\"@type\":\"Article\",\"@id\":\"https:\\\/\\\/lospoliticosveracruz.com\\\/?p=132853#article\",\"isPartOf\":{\"@id\":\"https:\\\/\\\/lospoliticosveracruz.com\\\/?p=132853\"},\"author\":{\"name\":\"Lo viste en Los Pol\u00edticos\",\"@id\":\"https:\\\/\\\/lospoliticosveracruz.com\\\/#\\\/schema\\\/person\\\/b8702bb0e538456e6efd07080bf2a4a2\"},\"headline\":\"REGRESA LA CARAVANA!\",\"datePublished\":\"2024-11-22T00:37:26+00:00\",\"dateModified\":\"2024-11-22T00:37:43+00:00\",\"mainEntityOfPage\":{\"@id\":\"https:\\\/\\\/lospoliticosveracruz.com\\\/?p=132853\"},\"wordCount\":403,\"publisher\":{\"@id\":\"https:\\\/\\\/lospoliticosveracruz.com\\\/#organization\"},\"keywords\":[\"Juan Manuel Un\u00e1nue Abascal\"],\"articleSection\":[\"De Boleto\"],\"inLanguage\":\"es\"},{\"@type\":\"WebPage\",\"@id\":\"https:\\\/\\\/lospoliticosveracruz.com\\\/?p=132853\",\"url\":\"https:\\\/\\\/lospoliticosveracruz.com\\\/?p=132853\",\"name\":\"REGRESA LA CARAVANA! - Los pol\u00edticos Veracruz\",\"isPartOf\":{\"@id\":\"https:\\\/\\\/lospoliticosveracruz.com\\\/#website\"},\"datePublished\":\"2024-11-22T00:37:26+00:00\",\"dateModified\":\"2024-11-22T00:37:43+00:00\",\"breadcrumb\":{\"@id\":\"https:\\\/\\\/lospoliticosveracruz.com\\\/?p=132853#breadcrumb\"},\"inLanguage\":\"es\",\"potentialAction\":[{\"@type\":\"ReadAction\",\"target\":[\"https:\\\/\\\/lospoliticosveracruz.com\\\/?p=132853\"]}]},{\"@type\":\"BreadcrumbList\",\"@id\":\"https:\\\/\\\/lospoliticosveracruz.com\\\/?p=132853#breadcrumb\",\"itemListElement\":[{\"@type\":\"ListItem\",\"position\":1,\"name\":\"Portada\",\"item\":\"https:\\\/\\\/lospoliticosveracruz.com\\\/\"},{\"@type\":\"ListItem\",\"position\":2,\"name\":\"REGRESA LA CARAVANA!\"}]},{\"@type\":\"WebSite\",\"@id\":\"https:\\\/\\\/lospoliticosveracruz.com\\\/#website\",\"url\":\"https:\\\/\\\/lospoliticosveracruz.com\\\/\",\"name\":\"Los pol\u00edticos Veracruz\",\"description\":\"\",\"publisher\":{\"@id\":\"https:\\\/\\\/lospoliticosveracruz.com\\\/#organization\"},\"potentialAction\":[{\"@type\":\"SearchAction\",\"target\":{\"@type\":\"EntryPoint\",\"urlTemplate\":\"https:\\\/\\\/lospoliticosveracruz.com\\\/?s={search_term_string}\"},\"query-input\":{\"@type\":\"PropertyValueSpecification\",\"valueRequired\":true,\"valueName\":\"search_term_string\"}}],\"inLanguage\":\"es\"},{\"@type\":\"Organization\",\"@id\":\"https:\\\/\\\/lospoliticosveracruz.com\\\/#organization\",\"name\":\"Los pol\u00edticos Veracruz\",\"url\":\"https:\\\/\\\/lospoliticosveracruz.com\\\/\",\"logo\":{\"@type\":\"ImageObject\",\"inLanguage\":\"es\",\"@id\":\"https:\\\/\\\/lospoliticosveracruz.com\\\/#\\\/schema\\\/logo\\\/image\\\/\",\"url\":\"https:\\\/\\\/lospoliticosveracruz.com\\\/wp-content\\\/uploads\\\/2025\\\/12\\\/Logo-Nuevo-LOS-POLITICOS-1.jpg\",\"contentUrl\":\"https:\\\/\\\/lospoliticosveracruz.com\\\/wp-content\\\/uploads\\\/2025\\\/12\\\/Logo-Nuevo-LOS-POLITICOS-1.jpg\",\"width\":260,\"height\":70,\"caption\":\"Los pol\u00edticos Veracruz\"},\"image\":{\"@id\":\"https:\\\/\\\/lospoliticosveracruz.com\\\/#\\\/schema\\\/logo\\\/image\\\/\"},\"sameAs\":[\"https:\\\/\\\/www.facebook.com\\\/people\\\/Notimemes-de-los-Polticos\\\/61565672886568\\\/\",\"https:\\\/\\\/x.com\\\/LosPoliticosVer\"]},{\"@type\":\"Person\",\"@id\":\"https:\\\/\\\/lospoliticosveracruz.com\\\/#\\\/schema\\\/person\\\/b8702bb0e538456e6efd07080bf2a4a2\",\"name\":\"Lo viste en Los Pol\u00edticos\",\"image\":{\"@type\":\"ImageObject\",\"inLanguage\":\"es\",\"@id\":\"https:\\\/\\\/secure.gravatar.com\\\/avatar\\\/3a8de04a2656d44082be478bd6c086daa447c4651605818287b9532d3d0bd435?s=96&d=mm&r=g\",\"url\":\"https:\\\/\\\/secure.gravatar.com\\\/avatar\\\/3a8de04a2656d44082be478bd6c086daa447c4651605818287b9532d3d0bd435?s=96&d=mm&r=g\",\"contentUrl\":\"https:\\\/\\\/secure.gravatar.com\\\/avatar\\\/3a8de04a2656d44082be478bd6c086daa447c4651605818287b9532d3d0bd435?s=96&d=mm&r=g\",\"caption\":\"Lo viste en Los Pol\u00edticos\"},\"url\":\"https:\\\/\\\/lospoliticosveracruz.com\\\/?author=2\"}]}<\/script>\n<!-- \/ Yoast SEO plugin. -->","yoast_head_json":{"title":"REGRESA LA CARAVANA! - Los pol\u00edticos Veracruz","robots":{"index":"index","follow":"follow","max-snippet":"max-snippet:-1","max-image-preview":"max-image-preview:large","max-video-preview":"max-video-preview:-1"},"canonical":"https:\/\/lospoliticosveracruz.com\/?p=132853","og_locale":"es_ES","og_type":"article","og_title":"REGRESA LA CARAVANA! - Los pol\u00edticos Veracruz","og_description":"El alcalde de Boca del R\u00edo, Juan Manuel Un\u00e1nue Abascal, dio la bienvenida a la \u201cCaravana Coca-Cola\u201d 2024, un desfile navide\u00f1o que se realizar\u00e1 en el bulevar Manuel \u00c1vila Camacho el pr\u00f3ximo 27 de noviembre. \u201cEste tipo de eventos le viene a la zona conurbada previo a la \u00e9poca decembrina, y qu\u00e9 mejor para los [&hellip;]","og_url":"https:\/\/lospoliticosveracruz.com\/?p=132853","og_site_name":"Los pol\u00edticos Veracruz","article_publisher":"https:\/\/www.facebook.com\/people\/Notimemes-de-los-Polticos\/61565672886568\/","article_published_time":"2024-11-22T00:37:26+00:00","article_modified_time":"2024-11-22T00:37:43+00:00","og_image":[{"width":200,"height":200,"url":"https:\/\/lospoliticosveracruz.com\/wp-content\/uploads\/2016\/07\/Logo-Dor.jpg","type":"image\/jpeg"}],"author":"Lo viste en Los Pol\u00edticos","twitter_card":"summary_large_image","twitter_creator":"@LosPoliticosVer","twitter_site":"@LosPoliticosVer","twitter_misc":{"Escrito por":"Lo viste en Los Pol\u00edticos","Tiempo de lectura":"2 minutos"},"schema":{"@context":"https:\/\/schema.org","@graph":[{"@type":"Article","@id":"https:\/\/lospoliticosveracruz.com\/?p=132853#article","isPartOf":{"@id":"https:\/\/lospoliticosveracruz.com\/?p=132853"},"author":{"name":"Lo viste en Los Pol\u00edticos","@id":"https:\/\/lospoliticosveracruz.com\/#\/schema\/person\/b8702bb0e538456e6efd07080bf2a4a2"},"headline":"REGRESA LA CARAVANA!","datePublished":"2024-11-22T00:37:26+00:00","dateModified":"2024-11-22T00:37:43+00:00","mainEntityOfPage":{"@id":"https:\/\/lospoliticosveracruz.com\/?p=132853"},"wordCount":403,"publisher":{"@id":"https:\/\/lospoliticosveracruz.com\/#organization"},"keywords":["Juan Manuel Un\u00e1nue Abascal"],"articleSection":["De Boleto"],"inLanguage":"es"},{"@type":"WebPage","@id":"https:\/\/lospoliticosveracruz.com\/?p=132853","url":"https:\/\/lospoliticosveracruz.com\/?p=132853","name":"REGRESA LA CARAVANA! - Los pol\u00edticos Veracruz","isPartOf":{"@id":"https:\/\/lospoliticosveracruz.com\/#website"},"datePublished":"2024-11-22T00:37:26+00:00","dateModified":"2024-11-22T00:37:43+00:00","breadcrumb":{"@id":"https:\/\/lospoliticosveracruz.com\/?p=132853#breadcrumb"},"inLanguage":"es","potentialAction":[{"@type":"ReadAction","target":["https:\/\/lospoliticosveracruz.com\/?p=132853"]}]},{"@type":"BreadcrumbList","@id":"https:\/\/lospoliticosveracruz.com\/?p=132853#breadcrumb","itemListElement":[{"@type":"ListItem","position":1,"name":"Portada","item":"https:\/\/lospoliticosveracruz.com\/"},{"@type":"ListItem","position":2,"name":"REGRESA LA CARAVANA!"}]},{"@type":"WebSite","@id":"https:\/\/lospoliticosveracruz.com\/#website","url":"https:\/\/lospoliticosveracruz.com\/","name":"Los pol\u00edticos Veracruz","description":"","publisher":{"@id":"https:\/\/lospoliticosveracruz.com\/#organization"},"potentialAction":[{"@type":"SearchAction","target":{"@type":"EntryPoint","urlTemplate":"https:\/\/lospoliticosveracruz.com\/?s={search_term_string}"},"query-input":{"@type":"PropertyValueSpecification","valueRequired":true,"valueName":"search_term_string"}}],"inLanguage":"es"},{"@type":"Organization","@id":"https:\/\/lospoliticosveracruz.com\/#organization","name":"Los pol\u00edticos Veracruz","url":"https:\/\/lospoliticosveracruz.com\/","logo":{"@type":"ImageObject","inLanguage":"es","@id":"https:\/\/lospoliticosveracruz.com\/#\/schema\/logo\/image\/","url":"https:\/\/lospoliticosveracruz.com\/wp-content\/uploads\/2025\/12\/Logo-Nuevo-LOS-POLITICOS-1.jpg","contentUrl":"https:\/\/lospoliticosveracruz.com\/wp-content\/uploads\/2025\/12\/Logo-Nuevo-LOS-POLITICOS-1.jpg","width":260,"height":70,"caption":"Los pol\u00edticos Veracruz"},"image":{"@id":"https:\/\/lospoliticosveracruz.com\/#\/schema\/logo\/image\/"},"sameAs":["https:\/\/www.facebook.com\/people\/Notimemes-de-los-Polticos\/61565672886568\/","https:\/\/x.com\/LosPoliticosVer"]},{"@type":"Person","@id":"https:\/\/lospoliticosveracruz.com\/#\/schema\/person\/b8702bb0e538456e6efd07080bf2a4a2","name":"Lo viste en Los Pol\u00edticos","image":{"@type":"ImageObject","inLanguage":"es","@id":"https:\/\/secure.gravatar.com\/avatar\/3a8de04a2656d44082be478bd6c086daa447c4651605818287b9532d3d0bd435?s=96&d=mm&r=g","url":"https:\/\/secure.gravatar.com\/avatar\/3a8de04a2656d44082be478bd6c086daa447c4651605818287b9532d3d0bd435?s=96&d=mm&r=g","contentUrl":"https:\/\/secure.gravatar.com\/avatar\/3a8de04a2656d44082be478bd6c086daa447c4651605818287b9532d3d0bd435?s=96&d=mm&r=g","caption":"Lo viste en Los Pol\u00edticos"},"url":"https:\/\/lospoliticosveracruz.com\/?author=2"}]}},"_links":{"self":[{"href":"https:\/\/lospoliticosveracruz.com\/index.php?rest_route=\/wp\/v2\/posts\/132853","targetHints":{"allow":["GET"]}}],"collection":[{"href":"https:\/\/lospoliticosveracruz.com\/index.php?rest_route=\/wp\/v2\/posts"}],"about":[{"href":"https:\/\/lospoliticosveracruz.com\/index.php?rest_route=\/wp\/v2\/types\/post"}],"author":[{"embeddable":true,"href":"https:\/\/lospoliticosveracruz.com\/index.php?rest_route=\/wp\/v2\/users\/2"}],"replies":[{"embeddable":true,"href":"https:\/\/lospoliticosveracruz.com\/index.php?rest_route=%2Fwp%2Fv2%2Fcomments&post=132853"}],"version-history":[{"count":1,"href":"https:\/\/lospoliticosveracruz.com\/index.php?rest_route=\/wp\/v2\/posts\/132853\/revisions"}],"predecessor-version":[{"id":132855,"href":"https:\/\/lospoliticosveracruz.com\/index.php?rest_route=\/wp\/v2\/posts\/132853\/revisions\/132855"}],"wp:attachment":[{"href":"https:\/\/lospoliticosveracruz.com\/index.php?rest_route=%2Fwp%2Fv2%2Fmedia&parent=132853"}],"wp:term":[{"taxonomy":"category","embeddable":true,"href":"https:\/\/lospoliticosveracruz.com\/index.php?rest_route=%2Fwp%2Fv2%2Fcategories&post=132853"},{"taxonomy":"post_tag","embeddable":true,"href":"https:\/\/lospoliticosveracruz.com\/index.php?rest_route=%2Fwp%2Fv2%2Ftags&post=132853"}],"curies":[{"name":"wp","href":"https:\/\/api.w.org\/{rel}","templated":true}]}}