{"id":13288,"date":"2014-11-05T21:41:06","date_gmt":"2014-11-06T03:41:06","guid":{"rendered":"http:\/\/www.lospoliticosveracruz.com.mx\/?p=13288"},"modified":"2014-11-05T21:41:06","modified_gmt":"2014-11-06T03:41:06","slug":"turismo-y-juegos-centroamericanos","status":"publish","type":"post","link":"https:\/\/lospoliticosveracruz.com\/?p=13288","title":{"rendered":"Turismo y Juegos Centroamericanos"},"content":{"rendered":"<p><a href=\"http:\/\/www.lospoliticosveracruz.com.mx\/wp-content\/uploads\/2014\/11\/Juegos-Centroamericanos.png\"><img loading=\"lazy\" decoding=\"async\" class=\"alignnone size-medium wp-image-13292\" src=\"http:\/\/www.lospoliticosveracruz.com.mx\/wp-content\/uploads\/2014\/11\/Juegos-Centroamericanos-300x143.png\" alt=\"Juegos Centroamericanos\" width=\"300\" height=\"143\" \/><\/a><\/p>\n<p><strong>Luis Alberto Romero<\/strong><\/p>\n<p><em>Hora Cero<\/em><\/p>\n<p>&nbsp;<\/p>\n<p>La nota fue publicada por el diario El Pa\u00eds, de Espa\u00f1a, y consigna datos emitidos por la Organizaci\u00f3n Mundial de Turismo; durante los primeros ocho meses del a\u00f1o, el n\u00famero de turistas internacionales que llegan a M\u00e9xico aument\u00f3 en un 19 por ciento y con ello, nuestro pa\u00eds se ubica en el liderazgo del continente en cuanto a esa actividad productiva.<\/p>\n<p>Ese incremento en el n\u00famero de visitantes provoc\u00f3 un aumento del 18 por ciento en los ingresos generados por el turismo en un pa\u00eds en el que esa actividad representa el 8.4 por ciento del Producto Interno Bruto.<\/p>\n<p>Entrevistado en el marco de la feria de turismo que se desarrolla en Londres, Inglaterra, Taleb Rifai, secretario general de dicho organismo internacional, se\u00f1al\u00f3 que ese aumento en la actividad tur\u00edstica nacional se debe b\u00e1sicamente a dos factores: la recuperaci\u00f3n econ\u00f3mica en los Estados Unidos, de donde proviene un alto porcentaje de los visitantes, y la mejor\u00eda en la imagen y la percepci\u00f3n que se tiene en otros pa\u00edses de M\u00e9xico; este \u00faltimo punto podr\u00eda cambiar como consecuencia de la crisis provocada por los recientes hechos de Iguala, la desaparici\u00f3n de los normalistas de Ayotzinapa.<\/p>\n<p>Sin embargo, de enero al mes de agosto del presente a\u00f1o, los n\u00fameros resultaron muy favorables para nuestro pa\u00eds. S\u00f3lo durante los primeros nueves meses de 2014, casi 10 millones de visitantes llegaron a M\u00e9xico por la v\u00eda a\u00e9rea, lo cual representa un aumento de m\u00e1s de 10 puntos porcentuales con relaci\u00f3n a 2013. De acuerdo con informes de la Secretar\u00eda de Turismo del Gobierno Federal y con datos del Banco de M\u00e9xico, los visitantes extranjeros han generado divisas por m\u00e1s de 11 mil 100 millones de d\u00f3lares.<\/p>\n<p>Hasta agosto, m\u00e1s de 5 millones 100 mil norteamericanos han viajado a M\u00e9xico, al igual que casi un mill\u00f3n 200 mil canadienses, 300 mil ingleses, 200 mil espa\u00f1oles e igual n\u00famero de colombianos; la lista de los diez visitantes a nuestro pa\u00eds, por naciones, la completan Brasil, Argentina, Francia, Alemania e Italia.<\/p>\n<p>En materia de turismo, nuestro pa\u00eds registra datos impresionantes: si el a\u00f1o anterior fue considerado como r\u00e9cord nacional en esa actividad, en 2014 los n\u00fameros indican que M\u00e9xico crece 400 por ciento m\u00e1s que el promedio internacional; todo ello ha provocado que este pa\u00eds pase del lugar 15 al 10 en la lista de los destinos m\u00e1s visitados.<\/p>\n<p>Entre las entidades federativas, Veracruz se ubica entre las que mayor crecimiento registran en actividades relacionadas con la econom\u00eda terciaria, el turismo entre ellas, con un aumento del 2 por ciento, superior al 1.8 del promedio nacional; a pesar de eso, dicho porcentaje est\u00e1 lejos del crecimiento que registran Baja California Sur, Estado de M\u00e9xico, Quer\u00e9taro, Hidalgo y Quintana Roo.<\/p>\n<p>Actualmente, la estrategia de promoci\u00f3n tur\u00edstica de la entidad se concentra en los Juegos Centroamericanos Veracruz 2014, evento en el que las autoridades conf\u00edan para generar una derrama superior a los 3 mil millones de pesos; sin embargo, se requiere mucho m\u00e1s que eso para participar, en mejores condiciones, en la distribuci\u00f3n de los beneficios de una actividad que ha significado, hasta hoy, m\u00e1s de 11 mil millones de d\u00f3lares para nuestro pa\u00eds. @luisromero85<\/p>\n","protected":false},"excerpt":{"rendered":"<p>Luis Alberto Romero Hora Cero &nbsp; La nota fue publicada por el diario El Pa\u00eds, de Espa\u00f1a, y consigna datos emitidos por la Organizaci\u00f3n Mundial de Turismo; durante los primeros ocho meses del a\u00f1o, el n\u00famero de turistas internacionales que llegan a M\u00e9xico aument\u00f3 en un 19 por ciento y con ello, nuestro pa\u00eds se [&hellip;]<\/p>\n","protected":false},"author":2,"featured_media":0,"comment_status":"open","ping_status":"open","sticky":false,"template":"","format":"standard","meta":{"tdm_status":"","tdm_grid_status":"","footnotes":""},"categories":[70],"tags":[276,395,722,723,195],"class_list":{"0":"post-13288","1":"post","2":"type-post","3":"status-publish","4":"format-standard","6":"category-de-opinion","7":"tag-juegos-centroamericanos-y-del-caribe-2014","8":"tag-mexico","9":"tag-organizacion-mundial-de-turismo","10":"tag-taleb-rifai","11":"tag-veracruz"},"yoast_head":"<!-- This site is optimized with the Yoast SEO plugin v27.4 - https:\/\/yoast.com\/product\/yoast-seo-wordpress\/ -->\n<title>Turismo y Juegos Centroamericanos - Los pol\u00edticos Veracruz<\/title>\n<meta name=\"robots\" content=\"index, follow, max-snippet:-1, max-image-preview:large, max-video-preview:-1\" \/>\n<link rel=\"canonical\" href=\"https:\/\/lospoliticosveracruz.com\/?p=13288\" \/>\n<meta property=\"og:locale\" content=\"es_ES\" \/>\n<meta property=\"og:type\" content=\"article\" \/>\n<meta property=\"og:title\" content=\"Turismo y Juegos Centroamericanos - Los pol\u00edticos Veracruz\" \/>\n<meta property=\"og:description\" content=\"Luis Alberto Romero Hora Cero &nbsp; La nota fue publicada por el diario El Pa\u00eds, de Espa\u00f1a, y consigna datos emitidos por la Organizaci\u00f3n Mundial de Turismo; durante los primeros ocho meses del a\u00f1o, el n\u00famero de turistas internacionales que llegan a M\u00e9xico aument\u00f3 en un 19 por ciento y con ello, nuestro pa\u00eds se [&hellip;]\" \/>\n<meta property=\"og:url\" content=\"https:\/\/lospoliticosveracruz.com\/?p=13288\" \/>\n<meta property=\"og:site_name\" content=\"Los pol\u00edticos Veracruz\" \/>\n<meta property=\"article:publisher\" content=\"https:\/\/www.facebook.com\/people\/Notimemes-de-los-Polticos\/61565672886568\/\" \/>\n<meta property=\"article:published_time\" content=\"2014-11-06T03:41:06+00:00\" \/>\n<meta property=\"og:image\" content=\"http:\/\/www.lospoliticosveracruz.com.mx\/wp-content\/uploads\/2014\/11\/Juegos-Centroamericanos-300x143.png\" \/>\n<meta name=\"author\" content=\"Lo viste en Los Pol\u00edticos\" \/>\n<meta name=\"twitter:card\" content=\"summary_large_image\" \/>\n<meta name=\"twitter:creator\" content=\"@LosPoliticosVer\" \/>\n<meta name=\"twitter:site\" content=\"@LosPoliticosVer\" \/>\n<meta name=\"twitter:label1\" content=\"Escrito por\" \/>\n\t<meta name=\"twitter:data1\" content=\"Lo viste en Los Pol\u00edticos\" \/>\n\t<meta name=\"twitter:label2\" content=\"Tiempo de lectura\" \/>\n\t<meta name=\"twitter:data2\" content=\"3 minutos\" \/>\n<script type=\"application\/ld+json\" class=\"yoast-schema-graph\">{\"@context\":\"https:\\\/\\\/schema.org\",\"@graph\":[{\"@type\":\"Article\",\"@id\":\"https:\\\/\\\/lospoliticosveracruz.com\\\/?p=13288#article\",\"isPartOf\":{\"@id\":\"https:\\\/\\\/lospoliticosveracruz.com\\\/?p=13288\"},\"author\":{\"name\":\"Lo viste en Los Pol\u00edticos\",\"@id\":\"https:\\\/\\\/lospoliticosveracruz.com\\\/#\\\/schema\\\/person\\\/b8702bb0e538456e6efd07080bf2a4a2\"},\"headline\":\"Turismo y Juegos Centroamericanos\",\"datePublished\":\"2014-11-06T03:41:06+00:00\",\"mainEntityOfPage\":{\"@id\":\"https:\\\/\\\/lospoliticosveracruz.com\\\/?p=13288\"},\"wordCount\":571,\"commentCount\":0,\"publisher\":{\"@id\":\"https:\\\/\\\/lospoliticosveracruz.com\\\/#organization\"},\"image\":{\"@id\":\"https:\\\/\\\/lospoliticosveracruz.com\\\/?p=13288#primaryimage\"},\"thumbnailUrl\":\"http:\\\/\\\/www.lospoliticosveracruz.com.mx\\\/wp-content\\\/uploads\\\/2014\\\/11\\\/Juegos-Centroamericanos-300x143.png\",\"keywords\":[\"Juegos Centroamericanos y del Caribe 2014\",\"M\u00e9xico\",\"Organizaci\u00f3n Mundial de Turismo\",\"Taleb Rifai\",\"Veracruz\"],\"articleSection\":[\"De Opini\u00f3n\"],\"inLanguage\":\"es\",\"potentialAction\":[{\"@type\":\"CommentAction\",\"name\":\"Comment\",\"target\":[\"https:\\\/\\\/lospoliticosveracruz.com\\\/?p=13288#respond\"]}]},{\"@type\":\"WebPage\",\"@id\":\"https:\\\/\\\/lospoliticosveracruz.com\\\/?p=13288\",\"url\":\"https:\\\/\\\/lospoliticosveracruz.com\\\/?p=13288\",\"name\":\"Turismo y Juegos Centroamericanos - Los pol\u00edticos Veracruz\",\"isPartOf\":{\"@id\":\"https:\\\/\\\/lospoliticosveracruz.com\\\/#website\"},\"primaryImageOfPage\":{\"@id\":\"https:\\\/\\\/lospoliticosveracruz.com\\\/?p=13288#primaryimage\"},\"image\":{\"@id\":\"https:\\\/\\\/lospoliticosveracruz.com\\\/?p=13288#primaryimage\"},\"thumbnailUrl\":\"http:\\\/\\\/www.lospoliticosveracruz.com.mx\\\/wp-content\\\/uploads\\\/2014\\\/11\\\/Juegos-Centroamericanos-300x143.png\",\"datePublished\":\"2014-11-06T03:41:06+00:00\",\"breadcrumb\":{\"@id\":\"https:\\\/\\\/lospoliticosveracruz.com\\\/?p=13288#breadcrumb\"},\"inLanguage\":\"es\",\"potentialAction\":[{\"@type\":\"ReadAction\",\"target\":[\"https:\\\/\\\/lospoliticosveracruz.com\\\/?p=13288\"]}]},{\"@type\":\"ImageObject\",\"inLanguage\":\"es\",\"@id\":\"https:\\\/\\\/lospoliticosveracruz.com\\\/?p=13288#primaryimage\",\"url\":\"http:\\\/\\\/www.lospoliticosveracruz.com.mx\\\/wp-content\\\/uploads\\\/2014\\\/11\\\/Juegos-Centroamericanos-300x143.png\",\"contentUrl\":\"http:\\\/\\\/www.lospoliticosveracruz.com.mx\\\/wp-content\\\/uploads\\\/2014\\\/11\\\/Juegos-Centroamericanos-300x143.png\"},{\"@type\":\"BreadcrumbList\",\"@id\":\"https:\\\/\\\/lospoliticosveracruz.com\\\/?p=13288#breadcrumb\",\"itemListElement\":[{\"@type\":\"ListItem\",\"position\":1,\"name\":\"Portada\",\"item\":\"https:\\\/\\\/lospoliticosveracruz.com\\\/\"},{\"@type\":\"ListItem\",\"position\":2,\"name\":\"Turismo y Juegos Centroamericanos\"}]},{\"@type\":\"WebSite\",\"@id\":\"https:\\\/\\\/lospoliticosveracruz.com\\\/#website\",\"url\":\"https:\\\/\\\/lospoliticosveracruz.com\\\/\",\"name\":\"Los pol\u00edticos Veracruz\",\"description\":\"\",\"publisher\":{\"@id\":\"https:\\\/\\\/lospoliticosveracruz.com\\\/#organization\"},\"potentialAction\":[{\"@type\":\"SearchAction\",\"target\":{\"@type\":\"EntryPoint\",\"urlTemplate\":\"https:\\\/\\\/lospoliticosveracruz.com\\\/?s={search_term_string}\"},\"query-input\":{\"@type\":\"PropertyValueSpecification\",\"valueRequired\":true,\"valueName\":\"search_term_string\"}}],\"inLanguage\":\"es\"},{\"@type\":\"Organization\",\"@id\":\"https:\\\/\\\/lospoliticosveracruz.com\\\/#organization\",\"name\":\"Los pol\u00edticos Veracruz\",\"url\":\"https:\\\/\\\/lospoliticosveracruz.com\\\/\",\"logo\":{\"@type\":\"ImageObject\",\"inLanguage\":\"es\",\"@id\":\"https:\\\/\\\/lospoliticosveracruz.com\\\/#\\\/schema\\\/logo\\\/image\\\/\",\"url\":\"https:\\\/\\\/lospoliticosveracruz.com\\\/wp-content\\\/uploads\\\/2025\\\/12\\\/Logo-Nuevo-LOS-POLITICOS-1.jpg\",\"contentUrl\":\"https:\\\/\\\/lospoliticosveracruz.com\\\/wp-content\\\/uploads\\\/2025\\\/12\\\/Logo-Nuevo-LOS-POLITICOS-1.jpg\",\"width\":260,\"height\":70,\"caption\":\"Los pol\u00edticos Veracruz\"},\"image\":{\"@id\":\"https:\\\/\\\/lospoliticosveracruz.com\\\/#\\\/schema\\\/logo\\\/image\\\/\"},\"sameAs\":[\"https:\\\/\\\/www.facebook.com\\\/people\\\/Notimemes-de-los-Polticos\\\/61565672886568\\\/\",\"https:\\\/\\\/x.com\\\/LosPoliticosVer\"]},{\"@type\":\"Person\",\"@id\":\"https:\\\/\\\/lospoliticosveracruz.com\\\/#\\\/schema\\\/person\\\/b8702bb0e538456e6efd07080bf2a4a2\",\"name\":\"Lo viste en Los Pol\u00edticos\",\"image\":{\"@type\":\"ImageObject\",\"inLanguage\":\"es\",\"@id\":\"https:\\\/\\\/secure.gravatar.com\\\/avatar\\\/3a8de04a2656d44082be478bd6c086daa447c4651605818287b9532d3d0bd435?s=96&d=mm&r=g\",\"url\":\"https:\\\/\\\/secure.gravatar.com\\\/avatar\\\/3a8de04a2656d44082be478bd6c086daa447c4651605818287b9532d3d0bd435?s=96&d=mm&r=g\",\"contentUrl\":\"https:\\\/\\\/secure.gravatar.com\\\/avatar\\\/3a8de04a2656d44082be478bd6c086daa447c4651605818287b9532d3d0bd435?s=96&d=mm&r=g\",\"caption\":\"Lo viste en Los Pol\u00edticos\"},\"url\":\"https:\\\/\\\/lospoliticosveracruz.com\\\/?author=2\"}]}<\/script>\n<!-- \/ Yoast SEO plugin. -->","yoast_head_json":{"title":"Turismo y Juegos Centroamericanos - Los pol\u00edticos Veracruz","robots":{"index":"index","follow":"follow","max-snippet":"max-snippet:-1","max-image-preview":"max-image-preview:large","max-video-preview":"max-video-preview:-1"},"canonical":"https:\/\/lospoliticosveracruz.com\/?p=13288","og_locale":"es_ES","og_type":"article","og_title":"Turismo y Juegos Centroamericanos - Los pol\u00edticos Veracruz","og_description":"Luis Alberto Romero Hora Cero &nbsp; La nota fue publicada por el diario El Pa\u00eds, de Espa\u00f1a, y consigna datos emitidos por la Organizaci\u00f3n Mundial de Turismo; durante los primeros ocho meses del a\u00f1o, el n\u00famero de turistas internacionales que llegan a M\u00e9xico aument\u00f3 en un 19 por ciento y con ello, nuestro pa\u00eds se [&hellip;]","og_url":"https:\/\/lospoliticosveracruz.com\/?p=13288","og_site_name":"Los pol\u00edticos Veracruz","article_publisher":"https:\/\/www.facebook.com\/people\/Notimemes-de-los-Polticos\/61565672886568\/","article_published_time":"2014-11-06T03:41:06+00:00","og_image":[{"url":"http:\/\/www.lospoliticosveracruz.com.mx\/wp-content\/uploads\/2014\/11\/Juegos-Centroamericanos-300x143.png","type":"","width":"","height":""}],"author":"Lo viste en Los Pol\u00edticos","twitter_card":"summary_large_image","twitter_creator":"@LosPoliticosVer","twitter_site":"@LosPoliticosVer","twitter_misc":{"Escrito por":"Lo viste en Los Pol\u00edticos","Tiempo de lectura":"3 minutos"},"schema":{"@context":"https:\/\/schema.org","@graph":[{"@type":"Article","@id":"https:\/\/lospoliticosveracruz.com\/?p=13288#article","isPartOf":{"@id":"https:\/\/lospoliticosveracruz.com\/?p=13288"},"author":{"name":"Lo viste en Los Pol\u00edticos","@id":"https:\/\/lospoliticosveracruz.com\/#\/schema\/person\/b8702bb0e538456e6efd07080bf2a4a2"},"headline":"Turismo y Juegos Centroamericanos","datePublished":"2014-11-06T03:41:06+00:00","mainEntityOfPage":{"@id":"https:\/\/lospoliticosveracruz.com\/?p=13288"},"wordCount":571,"commentCount":0,"publisher":{"@id":"https:\/\/lospoliticosveracruz.com\/#organization"},"image":{"@id":"https:\/\/lospoliticosveracruz.com\/?p=13288#primaryimage"},"thumbnailUrl":"http:\/\/www.lospoliticosveracruz.com.mx\/wp-content\/uploads\/2014\/11\/Juegos-Centroamericanos-300x143.png","keywords":["Juegos Centroamericanos y del Caribe 2014","M\u00e9xico","Organizaci\u00f3n Mundial de Turismo","Taleb Rifai","Veracruz"],"articleSection":["De Opini\u00f3n"],"inLanguage":"es","potentialAction":[{"@type":"CommentAction","name":"Comment","target":["https:\/\/lospoliticosveracruz.com\/?p=13288#respond"]}]},{"@type":"WebPage","@id":"https:\/\/lospoliticosveracruz.com\/?p=13288","url":"https:\/\/lospoliticosveracruz.com\/?p=13288","name":"Turismo y Juegos Centroamericanos - Los pol\u00edticos Veracruz","isPartOf":{"@id":"https:\/\/lospoliticosveracruz.com\/#website"},"primaryImageOfPage":{"@id":"https:\/\/lospoliticosveracruz.com\/?p=13288#primaryimage"},"image":{"@id":"https:\/\/lospoliticosveracruz.com\/?p=13288#primaryimage"},"thumbnailUrl":"http:\/\/www.lospoliticosveracruz.com.mx\/wp-content\/uploads\/2014\/11\/Juegos-Centroamericanos-300x143.png","datePublished":"2014-11-06T03:41:06+00:00","breadcrumb":{"@id":"https:\/\/lospoliticosveracruz.com\/?p=13288#breadcrumb"},"inLanguage":"es","potentialAction":[{"@type":"ReadAction","target":["https:\/\/lospoliticosveracruz.com\/?p=13288"]}]},{"@type":"ImageObject","inLanguage":"es","@id":"https:\/\/lospoliticosveracruz.com\/?p=13288#primaryimage","url":"http:\/\/www.lospoliticosveracruz.com.mx\/wp-content\/uploads\/2014\/11\/Juegos-Centroamericanos-300x143.png","contentUrl":"http:\/\/www.lospoliticosveracruz.com.mx\/wp-content\/uploads\/2014\/11\/Juegos-Centroamericanos-300x143.png"},{"@type":"BreadcrumbList","@id":"https:\/\/lospoliticosveracruz.com\/?p=13288#breadcrumb","itemListElement":[{"@type":"ListItem","position":1,"name":"Portada","item":"https:\/\/lospoliticosveracruz.com\/"},{"@type":"ListItem","position":2,"name":"Turismo y Juegos Centroamericanos"}]},{"@type":"WebSite","@id":"https:\/\/lospoliticosveracruz.com\/#website","url":"https:\/\/lospoliticosveracruz.com\/","name":"Los pol\u00edticos Veracruz","description":"","publisher":{"@id":"https:\/\/lospoliticosveracruz.com\/#organization"},"potentialAction":[{"@type":"SearchAction","target":{"@type":"EntryPoint","urlTemplate":"https:\/\/lospoliticosveracruz.com\/?s={search_term_string}"},"query-input":{"@type":"PropertyValueSpecification","valueRequired":true,"valueName":"search_term_string"}}],"inLanguage":"es"},{"@type":"Organization","@id":"https:\/\/lospoliticosveracruz.com\/#organization","name":"Los pol\u00edticos Veracruz","url":"https:\/\/lospoliticosveracruz.com\/","logo":{"@type":"ImageObject","inLanguage":"es","@id":"https:\/\/lospoliticosveracruz.com\/#\/schema\/logo\/image\/","url":"https:\/\/lospoliticosveracruz.com\/wp-content\/uploads\/2025\/12\/Logo-Nuevo-LOS-POLITICOS-1.jpg","contentUrl":"https:\/\/lospoliticosveracruz.com\/wp-content\/uploads\/2025\/12\/Logo-Nuevo-LOS-POLITICOS-1.jpg","width":260,"height":70,"caption":"Los pol\u00edticos Veracruz"},"image":{"@id":"https:\/\/lospoliticosveracruz.com\/#\/schema\/logo\/image\/"},"sameAs":["https:\/\/www.facebook.com\/people\/Notimemes-de-los-Polticos\/61565672886568\/","https:\/\/x.com\/LosPoliticosVer"]},{"@type":"Person","@id":"https:\/\/lospoliticosveracruz.com\/#\/schema\/person\/b8702bb0e538456e6efd07080bf2a4a2","name":"Lo viste en Los Pol\u00edticos","image":{"@type":"ImageObject","inLanguage":"es","@id":"https:\/\/secure.gravatar.com\/avatar\/3a8de04a2656d44082be478bd6c086daa447c4651605818287b9532d3d0bd435?s=96&d=mm&r=g","url":"https:\/\/secure.gravatar.com\/avatar\/3a8de04a2656d44082be478bd6c086daa447c4651605818287b9532d3d0bd435?s=96&d=mm&r=g","contentUrl":"https:\/\/secure.gravatar.com\/avatar\/3a8de04a2656d44082be478bd6c086daa447c4651605818287b9532d3d0bd435?s=96&d=mm&r=g","caption":"Lo viste en Los Pol\u00edticos"},"url":"https:\/\/lospoliticosveracruz.com\/?author=2"}]}},"_links":{"self":[{"href":"https:\/\/lospoliticosveracruz.com\/index.php?rest_route=\/wp\/v2\/posts\/13288","targetHints":{"allow":["GET"]}}],"collection":[{"href":"https:\/\/lospoliticosveracruz.com\/index.php?rest_route=\/wp\/v2\/posts"}],"about":[{"href":"https:\/\/lospoliticosveracruz.com\/index.php?rest_route=\/wp\/v2\/types\/post"}],"author":[{"embeddable":true,"href":"https:\/\/lospoliticosveracruz.com\/index.php?rest_route=\/wp\/v2\/users\/2"}],"replies":[{"embeddable":true,"href":"https:\/\/lospoliticosveracruz.com\/index.php?rest_route=%2Fwp%2Fv2%2Fcomments&post=13288"}],"version-history":[{"count":2,"href":"https:\/\/lospoliticosveracruz.com\/index.php?rest_route=\/wp\/v2\/posts\/13288\/revisions"}],"predecessor-version":[{"id":13293,"href":"https:\/\/lospoliticosveracruz.com\/index.php?rest_route=\/wp\/v2\/posts\/13288\/revisions\/13293"}],"wp:attachment":[{"href":"https:\/\/lospoliticosveracruz.com\/index.php?rest_route=%2Fwp%2Fv2%2Fmedia&parent=13288"}],"wp:term":[{"taxonomy":"category","embeddable":true,"href":"https:\/\/lospoliticosveracruz.com\/index.php?rest_route=%2Fwp%2Fv2%2Fcategories&post=13288"},{"taxonomy":"post_tag","embeddable":true,"href":"https:\/\/lospoliticosveracruz.com\/index.php?rest_route=%2Fwp%2Fv2%2Ftags&post=13288"}],"curies":[{"name":"wp","href":"https:\/\/api.w.org\/{rel}","templated":true}]}}