{"id":132968,"date":"2024-11-24T09:49:19","date_gmt":"2024-11-24T15:49:19","guid":{"rendered":"https:\/\/lospoliticosveracruz.com.mx\/?p=132968"},"modified":"2024-11-24T09:49:58","modified_gmt":"2024-11-24T15:49:58","slug":"transformando-zapata-verde","status":"publish","type":"post","link":"https:\/\/lospoliticosveracruz.com\/?p=132968","title":{"rendered":"TRANSFORMANDO ZAPATA VERDE"},"content":{"rendered":"\n<p><strong>Juan de Dios S\u00e1nchez Abreu<\/strong><\/p>\n\n\n\n<p><em>El Gordito de Oro<\/em><\/p>\n\n\n\n<p>*Ahora que ya arranc\u00f3 el proceso por parte del OPLE para el relevo de presidentes municipales en los 212 municipios del estado de Veracruz, no pierdan de vista en Boca del R\u00edo, a un \u201cCaballero\u201d que va a dar una gran sorpresa, y se va a postular para gobernar este tur\u00edstico ayuntamiento. \u00a1S\u00edguelo! *Las comparecencias que se est\u00e1n llevando a cabo en la legislatura del estado, de la glosa del VI informe de labores de gobierno de Cuitl\u00e1huac Garc\u00eda, son un verdadero ejemplo de que hay diputados que no saben que hacen en el Congreso, y los que tienen experiencia dejan en rid\u00edculo a los presidentes de las comisiones y a algunos secretarios del gabinete saliente. \u00a1As\u00ed es el nivel de pol\u00edtica en Veracruz!<\/p>\n\n\n<div class=\"wp-block-image\">\n<figure class=\"alignleft size-thumbnail\"><a href=\"https:\/\/lospoliticosveracruz.com.mx\/wp-content\/uploads\/2024\/05\/IMG_0341-e1716950925234.jpeg\"><img loading=\"lazy\" decoding=\"async\" width=\"150\" height=\"150\" src=\"https:\/\/lospoliticosveracruz.com.mx\/wp-content\/uploads\/2024\/05\/IMG_0341-150x150.jpeg\" alt=\"\" class=\"wp-image-125332\"\/><\/a><\/figure>\n<\/div>\n\n\n<p>*La primera semana de diciembre del presente a\u00f1o, se dar\u00e1 el relevo del nuevo Consejo del Colegio de Notarios del estado de Veracruz, dejando la presidencia el maestro Daniel Cordero G\u00e1lvez, notario p\u00fablico # 16 de la ciudad de Nogales, y entrado al relevo el maestro Joaqu\u00edn Tiburcio Galicia, notario p\u00fablico # 17 de la ciudad de Veracruz, Veracruz.<\/p>\n\n\n\n<p>**Toma protesta Renato Alarc\u00f3n Guevara como presidente de la asociaron civil \u201cTRANSFORMANDO ZAPATAVERDE A.C.\u201d.<\/p>\n\n\n\n<p>**Rodolfo Berd\u00f3n Azamar, un hombre que impulsa una nueva estrategia de trabajo en Catemaco.&nbsp;&nbsp;<\/p>\n\n\n\n<p>***Xalapa, Veracruz. En un ambiente de cordialidad y de amistad se llev\u00f3 a cabo, en el sal\u00f3n las terrazas (de la congregaci\u00f3n de Dos Bocas), la toma de protesta de la asociaci\u00f3n civil \u201cTRANSFORMANDO ZAPATAVERDE A.C.\u201d que preside Renato Alarc\u00f3n Guevara, junto con su comit\u00e9 integrado por Jos\u00e9 de Jes\u00fas C\u00e1rdenas, Judith Morales Briones, Cinthia Callejas Caballeros y Ra\u00fal Retureta D\u00edaz, quienes est\u00e1n preocupados por trabajar por el medio ambiente en el municipio de Emiliano Zapata. Juntos lucharemos por cuidar el agua que es un vital l\u00edquido para la vida diaria, sembraremos miles de \u00e1rboles en todas las comunidades para que la salud de todos los zapatenses sea m\u00e1s pr\u00f3spera, cada uno de los invitados al evento me conocen y saben de mi compromiso y seriedad en los trabajos que me comprometo, por eso les digo que juntos vamos por un mejor Emiliano Zapata; por su lado el diputado local y coordinador de la bancada de partido Verde en el Congreso del Estado, Marcelo Ru\u00edz S\u00e1nchez, felicit\u00f3 a Renato Alarc\u00f3n por su iniciativa de trabajar duro para mejorar el medio ambiente a favor de la sociedad; la historia nos lleva a que durante muchos a\u00f1os los seres humanos hemos ido destruyendo nuestro planeta, contaminando todos los d\u00edas cada rinc\u00f3n de nuestras ciudades, por eso estamos sufriendo muchos ciclones, huracanes, quema de \u00e1rboles, destrucci\u00f3n de bosques, contaminaci\u00f3n del agua, etc., por eso es necesario poner un alto a todas estas malas acciones en nuestro ambiente. En su intervenci\u00f3n, Edgar Herrera Lendechy, secretario general de Comit\u00e9 Estatal de partido Verde en el estado de Veracruz, se sinti\u00f3 muy contento por estar en este tipo de eventos que se deben de repetir en todo lo largo y ancho de Veracruz, realizar este tipo de iniciativas es importante para la vida diaria como la que hace mi amigo Renato Alarc\u00f3n, que es la de trabajar por mejorar el medio ambiente, ya que es muy importante para la ciudadan\u00eda; nosotros como partido Verde, estamos comprometidos a estar atentos a las peticiones de la poblaci\u00f3n veracruzana en el \u00e1mbito ambiental y social, continuaremos el trabajo que ven\u00eda realizando en el estado el diputado Marcelo Ru\u00edz, y seguiremos las instrucciones precisas de parte del diputado federal, y secretario de organizaci\u00f3n nacional del PVEM, Javier Herrera Borunda, seguir trabajando junto a la gobernadora Roc\u00edo Nahle por un Veracruz mejor. En el evento de toma de protesta estuvieron acompa\u00f1ando a Renato Alarc\u00f3n, el alcalde del municipio de Puente Nacional, Roberto Montiel (Calelas), Jenny Arroyo, Ren\u00e9 Herrera, Gustavo Murrieta, Jorge Alor, Fernando Feria, Rafael Alarc\u00f3n, Marcelino Romero Rodr\u00edguez, Oth\u00f3n Carrillo y Conrado B\u00e1ez Andrade; los j\u00f3venes Uziel Huesca, Arely Arredondo, Miranda Le\u00f3n, as\u00ed como un sin n\u00fameros de habitantes de las diversas comunidades de Emiliano Zapata.&nbsp;&nbsp; &nbsp; &nbsp; &nbsp;<\/p>\n\n\n\n<p>***En Catemaco tenemos un gran hombre comprometido con la poblaci\u00f3n, Don Rodolfo Berd\u00f3n Azamar, que impulsa una nueva estrategia de trabajo enfocado en la verdadera transformaci\u00f3n del turismo, cultura, deporte, ganader\u00eda, campo, sectores productivos, que terminaran de consolidar este municipio a trav\u00e9s de las inversiones como una de las zonas econ\u00f3micas m\u00e1s importantes de Veracruz. En esta tierra paradisiaca y m\u00e1gica, vio nacer y crecer a un personaje, al que nada le ha sido f\u00e1cil, y quien, a su avanzada edad, sigue conservando la \u00fanica herencia que le dej\u00f3 la vida, que es trabajar duro todos los d\u00edas para salir adelante. Su ejemplo es el de la honradez, ganar el pan con el sudor de su trabajo y sacar adelante a su familia. \u201cDon Fito\u201d, como le gusta le digan sus amigos, todav\u00eda tiene mucho que aportar a Catemaco; visionario busca dejar las huellas de su pasado por estas tierras que le han dado todo, y tener el honor de servirle con su experiencia desde cualquier espacio, trazando desde su perspectiva una ruta de desarrollo y crecimiento econ\u00f3mico para su pueblo querido, Catemaco, en coordinaci\u00f3n con las autoridades de gobierno para aterrizar proyectos exitosos. Es un hombre humilde de campo y ganader\u00eda, su pasi\u00f3n con constancia y dedicaci\u00f3n le han permitido ser exitoso en lo que se propone, le gusta ayudar a la gente que lo busca gestionando distintos programas que beneficien a su gente para mejorar el cultivo y la ganader\u00eda, que son sectores productivos importantes para la regi\u00f3n. Don Fito es el mejor ejemplo: \u201cCaminante no hay camino, se hace camino al andar\u201d. \u00a1No hay que perder de vista a Don Rodolfo!&nbsp;&nbsp;<\/p>\n\n\n\n<p>*Nos leemos la pr\u00f3xima semana. Te invitamos a que nos sigas por todas nuestras plataformas y redes sociales. Noticias y entrevista INNOVA-DIGITAL, L\u00daDICO con \u201cEL GORDITO DE ORO\u201d, y la revista virtual INNOVA-DIGITAL.<\/p>\n","protected":false},"excerpt":{"rendered":"<p>Juan de Dios S\u00e1nchez Abreu El Gordito de Oro *Ahora que ya arranc\u00f3 el proceso por parte del OPLE para el relevo de presidentes municipales en los 212 municipios del estado de Veracruz, no pierdan de vista en Boca del R\u00edo, a un \u201cCaballero\u201d que va a dar una gran sorpresa, y se va a [&hellip;]<\/p>\n","protected":false},"author":2,"featured_media":132305,"comment_status":"closed","ping_status":"closed","sticky":false,"template":"","format":"standard","meta":{"tdm_status":"","tdm_grid_status":"","footnotes":""},"categories":[70],"tags":[1563,1026,1128,195],"class_list":{"0":"post-132968","1":"post","2":"type-post","3":"status-publish","4":"format-standard","5":"has-post-thumbnail","7":"category-de-opinion","8":"tag-cuitlahuac-garcia-jimenez","9":"tag-morena","10":"tag-renato-alarcon-guevara","11":"tag-veracruz"},"yoast_head":"<!-- This site is optimized with the Yoast SEO plugin v27.4 - https:\/\/yoast.com\/product\/yoast-seo-wordpress\/ -->\n<title>TRANSFORMANDO ZAPATA VERDE - Los pol\u00edticos Veracruz<\/title>\n<meta name=\"robots\" content=\"index, follow, max-snippet:-1, max-image-preview:large, max-video-preview:-1\" \/>\n<link rel=\"canonical\" href=\"https:\/\/lospoliticosveracruz.com\/?p=132968\" \/>\n<meta property=\"og:locale\" content=\"es_ES\" \/>\n<meta property=\"og:type\" content=\"article\" \/>\n<meta property=\"og:title\" content=\"TRANSFORMANDO ZAPATA VERDE - Los pol\u00edticos Veracruz\" \/>\n<meta property=\"og:description\" content=\"Juan de Dios S\u00e1nchez Abreu El Gordito de Oro *Ahora que ya arranc\u00f3 el proceso por parte del OPLE para el relevo de presidentes municipales en los 212 municipios del estado de Veracruz, no pierdan de vista en Boca del R\u00edo, a un \u201cCaballero\u201d que va a dar una gran sorpresa, y se va a [&hellip;]\" \/>\n<meta property=\"og:url\" content=\"https:\/\/lospoliticosveracruz.com\/?p=132968\" \/>\n<meta property=\"og:site_name\" content=\"Los pol\u00edticos Veracruz\" \/>\n<meta property=\"article:publisher\" content=\"https:\/\/www.facebook.com\/people\/Notimemes-de-los-Polticos\/61565672886568\/\" \/>\n<meta property=\"article:published_time\" content=\"2024-11-24T15:49:19+00:00\" \/>\n<meta property=\"article:modified_time\" content=\"2024-11-24T15:49:58+00:00\" \/>\n<meta property=\"og:image\" content=\"https:\/\/lospoliticosveracruz.com\/wp-content\/uploads\/2024\/11\/Juan-de-Dios-SanchezAbreu.jpg\" \/>\n\t<meta property=\"og:image:width\" content=\"1250\" \/>\n\t<meta property=\"og:image:height\" content=\"667\" \/>\n\t<meta property=\"og:image:type\" content=\"image\/jpeg\" \/>\n<meta name=\"author\" content=\"Lo viste en Los Pol\u00edticos\" \/>\n<meta name=\"twitter:card\" content=\"summary_large_image\" \/>\n<meta name=\"twitter:creator\" content=\"@LosPoliticosVer\" \/>\n<meta name=\"twitter:site\" content=\"@LosPoliticosVer\" \/>\n<meta name=\"twitter:label1\" content=\"Escrito por\" \/>\n\t<meta name=\"twitter:data1\" content=\"Lo viste en Los Pol\u00edticos\" \/>\n\t<meta name=\"twitter:label2\" content=\"Tiempo de lectura\" \/>\n\t<meta name=\"twitter:data2\" content=\"5 minutos\" \/>\n<script type=\"application\/ld+json\" class=\"yoast-schema-graph\">{\"@context\":\"https:\\\/\\\/schema.org\",\"@graph\":[{\"@type\":\"Article\",\"@id\":\"https:\\\/\\\/lospoliticosveracruz.com\\\/?p=132968#article\",\"isPartOf\":{\"@id\":\"https:\\\/\\\/lospoliticosveracruz.com\\\/?p=132968\"},\"author\":{\"name\":\"Lo viste en Los Pol\u00edticos\",\"@id\":\"https:\\\/\\\/lospoliticosveracruz.com\\\/#\\\/schema\\\/person\\\/b8702bb0e538456e6efd07080bf2a4a2\"},\"headline\":\"TRANSFORMANDO ZAPATA VERDE\",\"datePublished\":\"2024-11-24T15:49:19+00:00\",\"dateModified\":\"2024-11-24T15:49:58+00:00\",\"mainEntityOfPage\":{\"@id\":\"https:\\\/\\\/lospoliticosveracruz.com\\\/?p=132968\"},\"wordCount\":1065,\"publisher\":{\"@id\":\"https:\\\/\\\/lospoliticosveracruz.com\\\/#organization\"},\"image\":{\"@id\":\"https:\\\/\\\/lospoliticosveracruz.com\\\/?p=132968#primaryimage\"},\"thumbnailUrl\":\"https:\\\/\\\/lospoliticosveracruz.com\\\/wp-content\\\/uploads\\\/2024\\\/11\\\/Juan-de-Dios-SanchezAbreu.jpg\",\"keywords\":[\"Cuitl\u00e1huac Garc\u00eda Jim\u00e9nez\",\"Morena\",\"Renato Alarc\u00f3n Guevara\",\"Veracruz\"],\"articleSection\":[\"De Opini\u00f3n\"],\"inLanguage\":\"es\"},{\"@type\":\"WebPage\",\"@id\":\"https:\\\/\\\/lospoliticosveracruz.com\\\/?p=132968\",\"url\":\"https:\\\/\\\/lospoliticosveracruz.com\\\/?p=132968\",\"name\":\"TRANSFORMANDO ZAPATA VERDE - Los pol\u00edticos Veracruz\",\"isPartOf\":{\"@id\":\"https:\\\/\\\/lospoliticosveracruz.com\\\/#website\"},\"primaryImageOfPage\":{\"@id\":\"https:\\\/\\\/lospoliticosveracruz.com\\\/?p=132968#primaryimage\"},\"image\":{\"@id\":\"https:\\\/\\\/lospoliticosveracruz.com\\\/?p=132968#primaryimage\"},\"thumbnailUrl\":\"https:\\\/\\\/lospoliticosveracruz.com\\\/wp-content\\\/uploads\\\/2024\\\/11\\\/Juan-de-Dios-SanchezAbreu.jpg\",\"datePublished\":\"2024-11-24T15:49:19+00:00\",\"dateModified\":\"2024-11-24T15:49:58+00:00\",\"breadcrumb\":{\"@id\":\"https:\\\/\\\/lospoliticosveracruz.com\\\/?p=132968#breadcrumb\"},\"inLanguage\":\"es\",\"potentialAction\":[{\"@type\":\"ReadAction\",\"target\":[\"https:\\\/\\\/lospoliticosveracruz.com\\\/?p=132968\"]}]},{\"@type\":\"ImageObject\",\"inLanguage\":\"es\",\"@id\":\"https:\\\/\\\/lospoliticosveracruz.com\\\/?p=132968#primaryimage\",\"url\":\"https:\\\/\\\/lospoliticosveracruz.com\\\/wp-content\\\/uploads\\\/2024\\\/11\\\/Juan-de-Dios-SanchezAbreu.jpg\",\"contentUrl\":\"https:\\\/\\\/lospoliticosveracruz.com\\\/wp-content\\\/uploads\\\/2024\\\/11\\\/Juan-de-Dios-SanchezAbreu.jpg\",\"width\":1250,\"height\":667},{\"@type\":\"BreadcrumbList\",\"@id\":\"https:\\\/\\\/lospoliticosveracruz.com\\\/?p=132968#breadcrumb\",\"itemListElement\":[{\"@type\":\"ListItem\",\"position\":1,\"name\":\"Portada\",\"item\":\"https:\\\/\\\/lospoliticosveracruz.com\\\/\"},{\"@type\":\"ListItem\",\"position\":2,\"name\":\"TRANSFORMANDO ZAPATA VERDE\"}]},{\"@type\":\"WebSite\",\"@id\":\"https:\\\/\\\/lospoliticosveracruz.com\\\/#website\",\"url\":\"https:\\\/\\\/lospoliticosveracruz.com\\\/\",\"name\":\"Los pol\u00edticos Veracruz\",\"description\":\"\",\"publisher\":{\"@id\":\"https:\\\/\\\/lospoliticosveracruz.com\\\/#organization\"},\"potentialAction\":[{\"@type\":\"SearchAction\",\"target\":{\"@type\":\"EntryPoint\",\"urlTemplate\":\"https:\\\/\\\/lospoliticosveracruz.com\\\/?s={search_term_string}\"},\"query-input\":{\"@type\":\"PropertyValueSpecification\",\"valueRequired\":true,\"valueName\":\"search_term_string\"}}],\"inLanguage\":\"es\"},{\"@type\":\"Organization\",\"@id\":\"https:\\\/\\\/lospoliticosveracruz.com\\\/#organization\",\"name\":\"Los pol\u00edticos Veracruz\",\"url\":\"https:\\\/\\\/lospoliticosveracruz.com\\\/\",\"logo\":{\"@type\":\"ImageObject\",\"inLanguage\":\"es\",\"@id\":\"https:\\\/\\\/lospoliticosveracruz.com\\\/#\\\/schema\\\/logo\\\/image\\\/\",\"url\":\"https:\\\/\\\/lospoliticosveracruz.com\\\/wp-content\\\/uploads\\\/2025\\\/12\\\/Logo-Nuevo-LOS-POLITICOS-1.jpg\",\"contentUrl\":\"https:\\\/\\\/lospoliticosveracruz.com\\\/wp-content\\\/uploads\\\/2025\\\/12\\\/Logo-Nuevo-LOS-POLITICOS-1.jpg\",\"width\":260,\"height\":70,\"caption\":\"Los pol\u00edticos Veracruz\"},\"image\":{\"@id\":\"https:\\\/\\\/lospoliticosveracruz.com\\\/#\\\/schema\\\/logo\\\/image\\\/\"},\"sameAs\":[\"https:\\\/\\\/www.facebook.com\\\/people\\\/Notimemes-de-los-Polticos\\\/61565672886568\\\/\",\"https:\\\/\\\/x.com\\\/LosPoliticosVer\"]},{\"@type\":\"Person\",\"@id\":\"https:\\\/\\\/lospoliticosveracruz.com\\\/#\\\/schema\\\/person\\\/b8702bb0e538456e6efd07080bf2a4a2\",\"name\":\"Lo viste en Los Pol\u00edticos\",\"image\":{\"@type\":\"ImageObject\",\"inLanguage\":\"es\",\"@id\":\"https:\\\/\\\/secure.gravatar.com\\\/avatar\\\/3a8de04a2656d44082be478bd6c086daa447c4651605818287b9532d3d0bd435?s=96&d=mm&r=g\",\"url\":\"https:\\\/\\\/secure.gravatar.com\\\/avatar\\\/3a8de04a2656d44082be478bd6c086daa447c4651605818287b9532d3d0bd435?s=96&d=mm&r=g\",\"contentUrl\":\"https:\\\/\\\/secure.gravatar.com\\\/avatar\\\/3a8de04a2656d44082be478bd6c086daa447c4651605818287b9532d3d0bd435?s=96&d=mm&r=g\",\"caption\":\"Lo viste en Los Pol\u00edticos\"},\"url\":\"https:\\\/\\\/lospoliticosveracruz.com\\\/?author=2\"}]}<\/script>\n<!-- \/ Yoast SEO plugin. -->","yoast_head_json":{"title":"TRANSFORMANDO ZAPATA VERDE - Los pol\u00edticos Veracruz","robots":{"index":"index","follow":"follow","max-snippet":"max-snippet:-1","max-image-preview":"max-image-preview:large","max-video-preview":"max-video-preview:-1"},"canonical":"https:\/\/lospoliticosveracruz.com\/?p=132968","og_locale":"es_ES","og_type":"article","og_title":"TRANSFORMANDO ZAPATA VERDE - Los pol\u00edticos Veracruz","og_description":"Juan de Dios S\u00e1nchez Abreu El Gordito de Oro *Ahora que ya arranc\u00f3 el proceso por parte del OPLE para el relevo de presidentes municipales en los 212 municipios del estado de Veracruz, no pierdan de vista en Boca del R\u00edo, a un \u201cCaballero\u201d que va a dar una gran sorpresa, y se va a [&hellip;]","og_url":"https:\/\/lospoliticosveracruz.com\/?p=132968","og_site_name":"Los pol\u00edticos Veracruz","article_publisher":"https:\/\/www.facebook.com\/people\/Notimemes-de-los-Polticos\/61565672886568\/","article_published_time":"2024-11-24T15:49:19+00:00","article_modified_time":"2024-11-24T15:49:58+00:00","og_image":[{"width":1250,"height":667,"url":"https:\/\/lospoliticosveracruz.com\/wp-content\/uploads\/2024\/11\/Juan-de-Dios-SanchezAbreu.jpg","type":"image\/jpeg"}],"author":"Lo viste en Los Pol\u00edticos","twitter_card":"summary_large_image","twitter_creator":"@LosPoliticosVer","twitter_site":"@LosPoliticosVer","twitter_misc":{"Escrito por":"Lo viste en Los Pol\u00edticos","Tiempo de lectura":"5 minutos"},"schema":{"@context":"https:\/\/schema.org","@graph":[{"@type":"Article","@id":"https:\/\/lospoliticosveracruz.com\/?p=132968#article","isPartOf":{"@id":"https:\/\/lospoliticosveracruz.com\/?p=132968"},"author":{"name":"Lo viste en Los Pol\u00edticos","@id":"https:\/\/lospoliticosveracruz.com\/#\/schema\/person\/b8702bb0e538456e6efd07080bf2a4a2"},"headline":"TRANSFORMANDO ZAPATA VERDE","datePublished":"2024-11-24T15:49:19+00:00","dateModified":"2024-11-24T15:49:58+00:00","mainEntityOfPage":{"@id":"https:\/\/lospoliticosveracruz.com\/?p=132968"},"wordCount":1065,"publisher":{"@id":"https:\/\/lospoliticosveracruz.com\/#organization"},"image":{"@id":"https:\/\/lospoliticosveracruz.com\/?p=132968#primaryimage"},"thumbnailUrl":"https:\/\/lospoliticosveracruz.com\/wp-content\/uploads\/2024\/11\/Juan-de-Dios-SanchezAbreu.jpg","keywords":["Cuitl\u00e1huac Garc\u00eda Jim\u00e9nez","Morena","Renato Alarc\u00f3n Guevara","Veracruz"],"articleSection":["De Opini\u00f3n"],"inLanguage":"es"},{"@type":"WebPage","@id":"https:\/\/lospoliticosveracruz.com\/?p=132968","url":"https:\/\/lospoliticosveracruz.com\/?p=132968","name":"TRANSFORMANDO ZAPATA VERDE - Los pol\u00edticos Veracruz","isPartOf":{"@id":"https:\/\/lospoliticosveracruz.com\/#website"},"primaryImageOfPage":{"@id":"https:\/\/lospoliticosveracruz.com\/?p=132968#primaryimage"},"image":{"@id":"https:\/\/lospoliticosveracruz.com\/?p=132968#primaryimage"},"thumbnailUrl":"https:\/\/lospoliticosveracruz.com\/wp-content\/uploads\/2024\/11\/Juan-de-Dios-SanchezAbreu.jpg","datePublished":"2024-11-24T15:49:19+00:00","dateModified":"2024-11-24T15:49:58+00:00","breadcrumb":{"@id":"https:\/\/lospoliticosveracruz.com\/?p=132968#breadcrumb"},"inLanguage":"es","potentialAction":[{"@type":"ReadAction","target":["https:\/\/lospoliticosveracruz.com\/?p=132968"]}]},{"@type":"ImageObject","inLanguage":"es","@id":"https:\/\/lospoliticosveracruz.com\/?p=132968#primaryimage","url":"https:\/\/lospoliticosveracruz.com\/wp-content\/uploads\/2024\/11\/Juan-de-Dios-SanchezAbreu.jpg","contentUrl":"https:\/\/lospoliticosveracruz.com\/wp-content\/uploads\/2024\/11\/Juan-de-Dios-SanchezAbreu.jpg","width":1250,"height":667},{"@type":"BreadcrumbList","@id":"https:\/\/lospoliticosveracruz.com\/?p=132968#breadcrumb","itemListElement":[{"@type":"ListItem","position":1,"name":"Portada","item":"https:\/\/lospoliticosveracruz.com\/"},{"@type":"ListItem","position":2,"name":"TRANSFORMANDO ZAPATA VERDE"}]},{"@type":"WebSite","@id":"https:\/\/lospoliticosveracruz.com\/#website","url":"https:\/\/lospoliticosveracruz.com\/","name":"Los pol\u00edticos Veracruz","description":"","publisher":{"@id":"https:\/\/lospoliticosveracruz.com\/#organization"},"potentialAction":[{"@type":"SearchAction","target":{"@type":"EntryPoint","urlTemplate":"https:\/\/lospoliticosveracruz.com\/?s={search_term_string}"},"query-input":{"@type":"PropertyValueSpecification","valueRequired":true,"valueName":"search_term_string"}}],"inLanguage":"es"},{"@type":"Organization","@id":"https:\/\/lospoliticosveracruz.com\/#organization","name":"Los pol\u00edticos Veracruz","url":"https:\/\/lospoliticosveracruz.com\/","logo":{"@type":"ImageObject","inLanguage":"es","@id":"https:\/\/lospoliticosveracruz.com\/#\/schema\/logo\/image\/","url":"https:\/\/lospoliticosveracruz.com\/wp-content\/uploads\/2025\/12\/Logo-Nuevo-LOS-POLITICOS-1.jpg","contentUrl":"https:\/\/lospoliticosveracruz.com\/wp-content\/uploads\/2025\/12\/Logo-Nuevo-LOS-POLITICOS-1.jpg","width":260,"height":70,"caption":"Los pol\u00edticos Veracruz"},"image":{"@id":"https:\/\/lospoliticosveracruz.com\/#\/schema\/logo\/image\/"},"sameAs":["https:\/\/www.facebook.com\/people\/Notimemes-de-los-Polticos\/61565672886568\/","https:\/\/x.com\/LosPoliticosVer"]},{"@type":"Person","@id":"https:\/\/lospoliticosveracruz.com\/#\/schema\/person\/b8702bb0e538456e6efd07080bf2a4a2","name":"Lo viste en Los Pol\u00edticos","image":{"@type":"ImageObject","inLanguage":"es","@id":"https:\/\/secure.gravatar.com\/avatar\/3a8de04a2656d44082be478bd6c086daa447c4651605818287b9532d3d0bd435?s=96&d=mm&r=g","url":"https:\/\/secure.gravatar.com\/avatar\/3a8de04a2656d44082be478bd6c086daa447c4651605818287b9532d3d0bd435?s=96&d=mm&r=g","contentUrl":"https:\/\/secure.gravatar.com\/avatar\/3a8de04a2656d44082be478bd6c086daa447c4651605818287b9532d3d0bd435?s=96&d=mm&r=g","caption":"Lo viste en Los Pol\u00edticos"},"url":"https:\/\/lospoliticosveracruz.com\/?author=2"}]}},"_links":{"self":[{"href":"https:\/\/lospoliticosveracruz.com\/index.php?rest_route=\/wp\/v2\/posts\/132968","targetHints":{"allow":["GET"]}}],"collection":[{"href":"https:\/\/lospoliticosveracruz.com\/index.php?rest_route=\/wp\/v2\/posts"}],"about":[{"href":"https:\/\/lospoliticosveracruz.com\/index.php?rest_route=\/wp\/v2\/types\/post"}],"author":[{"embeddable":true,"href":"https:\/\/lospoliticosveracruz.com\/index.php?rest_route=\/wp\/v2\/users\/2"}],"replies":[{"embeddable":true,"href":"https:\/\/lospoliticosveracruz.com\/index.php?rest_route=%2Fwp%2Fv2%2Fcomments&post=132968"}],"version-history":[{"count":1,"href":"https:\/\/lospoliticosveracruz.com\/index.php?rest_route=\/wp\/v2\/posts\/132968\/revisions"}],"predecessor-version":[{"id":132969,"href":"https:\/\/lospoliticosveracruz.com\/index.php?rest_route=\/wp\/v2\/posts\/132968\/revisions\/132969"}],"wp:featuredmedia":[{"embeddable":true,"href":"https:\/\/lospoliticosveracruz.com\/index.php?rest_route=\/wp\/v2\/media\/132305"}],"wp:attachment":[{"href":"https:\/\/lospoliticosveracruz.com\/index.php?rest_route=%2Fwp%2Fv2%2Fmedia&parent=132968"}],"wp:term":[{"taxonomy":"category","embeddable":true,"href":"https:\/\/lospoliticosveracruz.com\/index.php?rest_route=%2Fwp%2Fv2%2Fcategories&post=132968"},{"taxonomy":"post_tag","embeddable":true,"href":"https:\/\/lospoliticosveracruz.com\/index.php?rest_route=%2Fwp%2Fv2%2Ftags&post=132968"}],"curies":[{"name":"wp","href":"https:\/\/api.w.org\/{rel}","templated":true}]}}