{"id":13297,"date":"2014-11-05T22:11:26","date_gmt":"2014-11-06T04:11:26","guid":{"rendered":"http:\/\/www.lospoliticosveracruz.com.mx\/?p=13297"},"modified":"2014-11-05T22:11:26","modified_gmt":"2014-11-06T04:11:26","slug":"juegos-centroamericanos-la-desmemoria-historica","status":"publish","type":"post","link":"https:\/\/lospoliticosveracruz.com\/?p=13297","title":{"rendered":"Juegos centroamericanos, la desmemoria hist\u00f3rica"},"content":{"rendered":"<p><a href=\"http:\/\/www.lospoliticosveracruz.com.mx\/wp-content\/uploads\/2014\/11\/Los-Villanueva.jpg\"><img loading=\"lazy\" decoding=\"async\" class=\"alignnone size-medium wp-image-13303\" src=\"http:\/\/www.lospoliticosveracruz.com.mx\/wp-content\/uploads\/2014\/11\/Los-Villanueva-300x226.jpg\" alt=\"Los-Villanueva\" width=\"300\" height=\"226\" \/><\/a><\/p>\n<p><strong>Armando Ortiz<\/strong><\/p>\n<p><em>El Hijo Pr\u00f3digo<\/em><\/p>\n<p>&nbsp;<\/p>\n<p>Ocupados en los \u00faltimos toques de las instalaciones deportivas, y eso a pesar de que monse\u00f1or Gerardo Buganza aseguraba que \u00e9stas iban a estar listas para los primeros d\u00edas de octubre, los organizadores se han olvidado de algunos detalles sustanciales.<br \/>\nOcupados en ser los m\u00e1s importantes proveedores de infraestructura y de servicios para los Juegos Centroamericanos y del Caribe, gente como Harry Grappa y otros que quieren la mayor tajada del presupuesto deportivo, ni siquiera se han puesto a investigar el papel que Veracruz ha tenido en la historia de los Juegos Centroamericanos y del Caribe.<br \/>\nEs por ello que han pasado por alto varios detalles significativos. Uno de estos detalles ocurri\u00f3 en el mes de marzo de 1970, en los XI Juegos Centroamericanos y del Caribe realizados en Panam\u00e1; en ese pa\u00eds se llev\u00f3 a cabo una haza\u00f1a hist\u00f3rica, que puso en alto no s\u00f3lo el nombre de M\u00e9xico sino el de Veracruz.<br \/>\nEl peri\u00f3dico ESTO lo refer\u00eda de esta manera:<br \/>\n\u00abLa prueba m\u00e1s emotiva de la jornada de hoy fue la de steeplechase en la cual los hermanos Villanueva dieron una buena exhibici\u00f3n de pujanza y determinaci\u00f3n de triunfo. Con ser tan peque\u00f1os que m\u00e1s les convendr\u00eda pasar por debajo de obst\u00e1culos y bucear en los vados. Tienen alientos para despacharse a los enormes atletas rivales y a\u00fan mejorar marcas, para que no se diga que su superioridad es circunstancial. De acuerdo con la t\u00e1ctica mexicana, los dos Villanueva y Pedro Miranda, el otro competidor por los de casa, no dieron indicaciones de que les preocupara que Jos\u00e9 L\u00f3pez de Puerto Rico y Rogelio Valencia de Panam\u00e1 se hicieran del mando del grupo, desde luego, con la tercia de mexicanos respir\u00e1ndole en la espalda. A partir de la vuelta cinco, un mexicano, Pedro Miranda asumi\u00f3 el liderato y tanto el puertorrique\u00f1o como el paname\u00f1o comenzaron a colgarse hasta desaparecer del mapa.<br \/>\nDesde ese momento s\u00f3lo hubo color verde, blanco y colorado en la delantera. Con H\u00e9ctor Villanueva al frente y enseguida su hermano Antonio de mayor estatura, se desarroll\u00f3 el resto de la carrera mientras atr\u00e1s Pedro Miranda batallaba con el cubano Rigoberto Mendoza. En el \u00faltimo tramo Miranda se dio un chapuz\u00f3n, que no hab\u00eda otra forma de quitarse el calor que sent\u00eda, pero as\u00ed perdi\u00f3 el tercer lugar que disputaba al de la isla, en tanto H\u00e9ctor Villanueva impon\u00eda marca centroamericana y Antonio se apoderaba de la medalla de plata. Rigoberto de Cuba se llevaba la de bronce.<br \/>\nEl refresc\u00f3n no le hizo ning\u00fan bien en otro sentido a Pedro Miranda que hoy deber\u00e1 correr los 5000 metros planos.<br \/>\nH\u00e9ctor Villanueva hizo, 8\u201952\u2019\u20196 y 8\u201953\u2019\u20192 su fraterno competidor. R\u00e9cord anterior de Felipe Prado de M\u00e9xico en Kingston, 9\u201919\u2019\u20198. Como usted ver\u00e1 los Villanueva le dieron un buen baj\u00f3n a la marca\u00bb.<\/p>\n<p>Pues por estar ocupados en la repartici\u00f3n del pastel, a nadie se le ocurri\u00f3 llamar a los hermanos Villanueva, ni a H\u00e9ctor que fue el primer veracruzano en ganar una medalla en Juegos Centroamericanos, imponiendo marca. Tampoco se les ocurri\u00f3 llamar a Antonio \u201cEl chicles\u201d Villanueva, siquiera para que portaran la antorcha de los juegos aunque sea unos 15 metros.<br \/>\nYa hace unos d\u00edas el periodista Arturo Reyes Isidoro puntualizaba el olvido de un r\u00e9gimen desmemoriado que no hizo un s\u00f3lo bolet\u00edn de prensa para dar el p\u00e9same por la muerte de uno de los veracruzanos m\u00e1s ilustres del siglo XX, Jorge Salda\u00f1a. Esa desmemoria hist\u00f3rica ya es una costumbre en Veracruz; nunca se le hizo un homenaje a Roberto Williams en el Taj\u00edn, a pesar de que \u00e9l fue quien rescat\u00f3 el mito del Trueno Viejo.<br \/>\nEn lo deportivo ahora toca a los hermanos Villanueva, que por cierto ni siquiera han recibido invitaci\u00f3n para la ceremonia inaugural.<\/p>\n<p><a href=\"http:\/\/www.lospoliticosveracruz.com.mx\/wp-content\/uploads\/2014\/11\/Esto1.jpg\"><img loading=\"lazy\" decoding=\"async\" class=\"alignnone size-medium wp-image-13305\" src=\"http:\/\/www.lospoliticosveracruz.com.mx\/wp-content\/uploads\/2014\/11\/Esto1-233x300.jpg\" alt=\"Esto\" width=\"233\" height=\"300\" \/><\/a><\/p>\n<p><strong>Postdata 1: Homenaje en la Quinta de las rosas a Jorge Salda\u00f1a<\/strong><br \/>\nComo parte de las actividades a favor de la cultura, el DIF Estatal en coordinaci\u00f3n con el Programa de Fomento a la Lectura Libertad bajo Palabra, invita al homenaje \u201cRemembranza de Jorge Salda\u00f1a: una charla musical con Manuel Mungu\u00eda y Silvia Tomasa Rivera\u201d que se llevar\u00e1 a cabo el d\u00eda jueves 6 de noviembre a las 16:00 horas en la Casa Grande de La Quinta de las Rosas.<\/p>\n<p>&nbsp;<\/p>\n<p><strong>Postdata 2: Visitan estudiantes de Derecho el Palacio Legislativo<\/strong><br \/>\nPor invitaci\u00f3n del diputado local Ricardo Ahued Bardahuil, 31 estudiantes de La licenciatura en Derecho de la Universidad An\u00e1huac, campus Xalapa, visitaron este mi\u00e9rcoles el Palacio Legislativo. Acompa\u00f1ados por el director de su Facultad, Ruy Gabarr\u00f3n Hern\u00e1ndez, recorrieron las diversas \u00e1reas del inmueble y asistieron a la Primera Sesi\u00f3n Ordinaria del Primer Periodo Ordinario de Sesiones, del Segundo A\u00f1o de Ejercicio Constitucional.<\/p>\n<p>Armando Ortiz aortiz52@hotmail.com<\/p>\n","protected":false},"excerpt":{"rendered":"<p>Armando Ortiz El Hijo Pr\u00f3digo &nbsp; Ocupados en los \u00faltimos toques de las instalaciones deportivas, y eso a pesar de que monse\u00f1or Gerardo Buganza aseguraba que \u00e9stas iban a estar listas para los primeros d\u00edas de octubre, los organizadores se han olvidado de algunos detalles sustanciales. Ocupados en ser los m\u00e1s importantes proveedores de infraestructura [&hellip;]<\/p>\n","protected":false},"author":2,"featured_media":0,"comment_status":"open","ping_status":"open","sticky":false,"template":"","format":"standard","meta":{"tdm_status":"","tdm_grid_status":"","footnotes":""},"categories":[70],"tags":[730,276,729],"class_list":{"0":"post-13297","1":"post","2":"type-post","3":"status-publish","4":"format-standard","6":"category-de-opinion","7":"tag-esto","8":"tag-juegos-centroamericanos-y-del-caribe-2014","9":"tag-panama"},"yoast_head":"<!-- This site is optimized with the Yoast SEO plugin v27.4 - https:\/\/yoast.com\/product\/yoast-seo-wordpress\/ -->\n<title>Juegos centroamericanos, la desmemoria hist\u00f3rica - Los pol\u00edticos Veracruz<\/title>\n<meta name=\"robots\" content=\"index, follow, max-snippet:-1, max-image-preview:large, max-video-preview:-1\" \/>\n<link rel=\"canonical\" href=\"https:\/\/lospoliticosveracruz.com\/?p=13297\" \/>\n<meta property=\"og:locale\" content=\"es_ES\" \/>\n<meta property=\"og:type\" content=\"article\" \/>\n<meta property=\"og:title\" content=\"Juegos centroamericanos, la desmemoria hist\u00f3rica - Los pol\u00edticos Veracruz\" \/>\n<meta property=\"og:description\" content=\"Armando Ortiz El Hijo Pr\u00f3digo &nbsp; Ocupados en los \u00faltimos toques de las instalaciones deportivas, y eso a pesar de que monse\u00f1or Gerardo Buganza aseguraba que \u00e9stas iban a estar listas para los primeros d\u00edas de octubre, los organizadores se han olvidado de algunos detalles sustanciales. Ocupados en ser los m\u00e1s importantes proveedores de infraestructura [&hellip;]\" \/>\n<meta property=\"og:url\" content=\"https:\/\/lospoliticosveracruz.com\/?p=13297\" \/>\n<meta property=\"og:site_name\" content=\"Los pol\u00edticos Veracruz\" \/>\n<meta property=\"article:publisher\" content=\"https:\/\/www.facebook.com\/people\/Notimemes-de-los-Polticos\/61565672886568\/\" \/>\n<meta property=\"article:published_time\" content=\"2014-11-06T04:11:26+00:00\" \/>\n<meta property=\"og:image\" content=\"http:\/\/www.lospoliticosveracruz.com.mx\/wp-content\/uploads\/2014\/11\/Los-Villanueva-300x226.jpg\" \/>\n<meta name=\"author\" content=\"Lo viste en Los Pol\u00edticos\" \/>\n<meta name=\"twitter:card\" content=\"summary_large_image\" \/>\n<meta name=\"twitter:creator\" content=\"@LosPoliticosVer\" \/>\n<meta name=\"twitter:site\" content=\"@LosPoliticosVer\" \/>\n<meta name=\"twitter:label1\" content=\"Escrito por\" \/>\n\t<meta name=\"twitter:data1\" content=\"Lo viste en Los Pol\u00edticos\" \/>\n\t<meta name=\"twitter:label2\" content=\"Tiempo de lectura\" \/>\n\t<meta name=\"twitter:data2\" content=\"4 minutos\" \/>\n<script type=\"application\/ld+json\" class=\"yoast-schema-graph\">{\"@context\":\"https:\\\/\\\/schema.org\",\"@graph\":[{\"@type\":\"Article\",\"@id\":\"https:\\\/\\\/lospoliticosveracruz.com\\\/?p=13297#article\",\"isPartOf\":{\"@id\":\"https:\\\/\\\/lospoliticosveracruz.com\\\/?p=13297\"},\"author\":{\"name\":\"Lo viste en Los Pol\u00edticos\",\"@id\":\"https:\\\/\\\/lospoliticosveracruz.com\\\/#\\\/schema\\\/person\\\/b8702bb0e538456e6efd07080bf2a4a2\"},\"headline\":\"Juegos centroamericanos, la desmemoria hist\u00f3rica\",\"datePublished\":\"2014-11-06T04:11:26+00:00\",\"mainEntityOfPage\":{\"@id\":\"https:\\\/\\\/lospoliticosveracruz.com\\\/?p=13297\"},\"wordCount\":844,\"commentCount\":0,\"publisher\":{\"@id\":\"https:\\\/\\\/lospoliticosveracruz.com\\\/#organization\"},\"image\":{\"@id\":\"https:\\\/\\\/lospoliticosveracruz.com\\\/?p=13297#primaryimage\"},\"thumbnailUrl\":\"http:\\\/\\\/www.lospoliticosveracruz.com.mx\\\/wp-content\\\/uploads\\\/2014\\\/11\\\/Los-Villanueva-300x226.jpg\",\"keywords\":[\"ESTO\",\"Juegos Centroamericanos y del Caribe 2014\",\"Panam\u00e1\"],\"articleSection\":[\"De Opini\u00f3n\"],\"inLanguage\":\"es\",\"potentialAction\":[{\"@type\":\"CommentAction\",\"name\":\"Comment\",\"target\":[\"https:\\\/\\\/lospoliticosveracruz.com\\\/?p=13297#respond\"]}]},{\"@type\":\"WebPage\",\"@id\":\"https:\\\/\\\/lospoliticosveracruz.com\\\/?p=13297\",\"url\":\"https:\\\/\\\/lospoliticosveracruz.com\\\/?p=13297\",\"name\":\"Juegos centroamericanos, la desmemoria hist\u00f3rica - Los pol\u00edticos Veracruz\",\"isPartOf\":{\"@id\":\"https:\\\/\\\/lospoliticosveracruz.com\\\/#website\"},\"primaryImageOfPage\":{\"@id\":\"https:\\\/\\\/lospoliticosveracruz.com\\\/?p=13297#primaryimage\"},\"image\":{\"@id\":\"https:\\\/\\\/lospoliticosveracruz.com\\\/?p=13297#primaryimage\"},\"thumbnailUrl\":\"http:\\\/\\\/www.lospoliticosveracruz.com.mx\\\/wp-content\\\/uploads\\\/2014\\\/11\\\/Los-Villanueva-300x226.jpg\",\"datePublished\":\"2014-11-06T04:11:26+00:00\",\"breadcrumb\":{\"@id\":\"https:\\\/\\\/lospoliticosveracruz.com\\\/?p=13297#breadcrumb\"},\"inLanguage\":\"es\",\"potentialAction\":[{\"@type\":\"ReadAction\",\"target\":[\"https:\\\/\\\/lospoliticosveracruz.com\\\/?p=13297\"]}]},{\"@type\":\"ImageObject\",\"inLanguage\":\"es\",\"@id\":\"https:\\\/\\\/lospoliticosveracruz.com\\\/?p=13297#primaryimage\",\"url\":\"http:\\\/\\\/www.lospoliticosveracruz.com.mx\\\/wp-content\\\/uploads\\\/2014\\\/11\\\/Los-Villanueva-300x226.jpg\",\"contentUrl\":\"http:\\\/\\\/www.lospoliticosveracruz.com.mx\\\/wp-content\\\/uploads\\\/2014\\\/11\\\/Los-Villanueva-300x226.jpg\"},{\"@type\":\"BreadcrumbList\",\"@id\":\"https:\\\/\\\/lospoliticosveracruz.com\\\/?p=13297#breadcrumb\",\"itemListElement\":[{\"@type\":\"ListItem\",\"position\":1,\"name\":\"Portada\",\"item\":\"https:\\\/\\\/lospoliticosveracruz.com\\\/\"},{\"@type\":\"ListItem\",\"position\":2,\"name\":\"Juegos centroamericanos, la desmemoria hist\u00f3rica\"}]},{\"@type\":\"WebSite\",\"@id\":\"https:\\\/\\\/lospoliticosveracruz.com\\\/#website\",\"url\":\"https:\\\/\\\/lospoliticosveracruz.com\\\/\",\"name\":\"Los pol\u00edticos Veracruz\",\"description\":\"\",\"publisher\":{\"@id\":\"https:\\\/\\\/lospoliticosveracruz.com\\\/#organization\"},\"potentialAction\":[{\"@type\":\"SearchAction\",\"target\":{\"@type\":\"EntryPoint\",\"urlTemplate\":\"https:\\\/\\\/lospoliticosveracruz.com\\\/?s={search_term_string}\"},\"query-input\":{\"@type\":\"PropertyValueSpecification\",\"valueRequired\":true,\"valueName\":\"search_term_string\"}}],\"inLanguage\":\"es\"},{\"@type\":\"Organization\",\"@id\":\"https:\\\/\\\/lospoliticosveracruz.com\\\/#organization\",\"name\":\"Los pol\u00edticos Veracruz\",\"url\":\"https:\\\/\\\/lospoliticosveracruz.com\\\/\",\"logo\":{\"@type\":\"ImageObject\",\"inLanguage\":\"es\",\"@id\":\"https:\\\/\\\/lospoliticosveracruz.com\\\/#\\\/schema\\\/logo\\\/image\\\/\",\"url\":\"https:\\\/\\\/lospoliticosveracruz.com\\\/wp-content\\\/uploads\\\/2025\\\/12\\\/Logo-Nuevo-LOS-POLITICOS-1.jpg\",\"contentUrl\":\"https:\\\/\\\/lospoliticosveracruz.com\\\/wp-content\\\/uploads\\\/2025\\\/12\\\/Logo-Nuevo-LOS-POLITICOS-1.jpg\",\"width\":260,\"height\":70,\"caption\":\"Los pol\u00edticos Veracruz\"},\"image\":{\"@id\":\"https:\\\/\\\/lospoliticosveracruz.com\\\/#\\\/schema\\\/logo\\\/image\\\/\"},\"sameAs\":[\"https:\\\/\\\/www.facebook.com\\\/people\\\/Notimemes-de-los-Polticos\\\/61565672886568\\\/\",\"https:\\\/\\\/x.com\\\/LosPoliticosVer\"]},{\"@type\":\"Person\",\"@id\":\"https:\\\/\\\/lospoliticosveracruz.com\\\/#\\\/schema\\\/person\\\/b8702bb0e538456e6efd07080bf2a4a2\",\"name\":\"Lo viste en Los Pol\u00edticos\",\"image\":{\"@type\":\"ImageObject\",\"inLanguage\":\"es\",\"@id\":\"https:\\\/\\\/secure.gravatar.com\\\/avatar\\\/3a8de04a2656d44082be478bd6c086daa447c4651605818287b9532d3d0bd435?s=96&d=mm&r=g\",\"url\":\"https:\\\/\\\/secure.gravatar.com\\\/avatar\\\/3a8de04a2656d44082be478bd6c086daa447c4651605818287b9532d3d0bd435?s=96&d=mm&r=g\",\"contentUrl\":\"https:\\\/\\\/secure.gravatar.com\\\/avatar\\\/3a8de04a2656d44082be478bd6c086daa447c4651605818287b9532d3d0bd435?s=96&d=mm&r=g\",\"caption\":\"Lo viste en Los Pol\u00edticos\"},\"url\":\"https:\\\/\\\/lospoliticosveracruz.com\\\/?author=2\"}]}<\/script>\n<!-- \/ Yoast SEO plugin. -->","yoast_head_json":{"title":"Juegos centroamericanos, la desmemoria hist\u00f3rica - Los pol\u00edticos Veracruz","robots":{"index":"index","follow":"follow","max-snippet":"max-snippet:-1","max-image-preview":"max-image-preview:large","max-video-preview":"max-video-preview:-1"},"canonical":"https:\/\/lospoliticosveracruz.com\/?p=13297","og_locale":"es_ES","og_type":"article","og_title":"Juegos centroamericanos, la desmemoria hist\u00f3rica - Los pol\u00edticos Veracruz","og_description":"Armando Ortiz El Hijo Pr\u00f3digo &nbsp; Ocupados en los \u00faltimos toques de las instalaciones deportivas, y eso a pesar de que monse\u00f1or Gerardo Buganza aseguraba que \u00e9stas iban a estar listas para los primeros d\u00edas de octubre, los organizadores se han olvidado de algunos detalles sustanciales. Ocupados en ser los m\u00e1s importantes proveedores de infraestructura [&hellip;]","og_url":"https:\/\/lospoliticosveracruz.com\/?p=13297","og_site_name":"Los pol\u00edticos Veracruz","article_publisher":"https:\/\/www.facebook.com\/people\/Notimemes-de-los-Polticos\/61565672886568\/","article_published_time":"2014-11-06T04:11:26+00:00","og_image":[{"url":"http:\/\/www.lospoliticosveracruz.com.mx\/wp-content\/uploads\/2014\/11\/Los-Villanueva-300x226.jpg","type":"","width":"","height":""}],"author":"Lo viste en Los Pol\u00edticos","twitter_card":"summary_large_image","twitter_creator":"@LosPoliticosVer","twitter_site":"@LosPoliticosVer","twitter_misc":{"Escrito por":"Lo viste en Los Pol\u00edticos","Tiempo de lectura":"4 minutos"},"schema":{"@context":"https:\/\/schema.org","@graph":[{"@type":"Article","@id":"https:\/\/lospoliticosveracruz.com\/?p=13297#article","isPartOf":{"@id":"https:\/\/lospoliticosveracruz.com\/?p=13297"},"author":{"name":"Lo viste en Los Pol\u00edticos","@id":"https:\/\/lospoliticosveracruz.com\/#\/schema\/person\/b8702bb0e538456e6efd07080bf2a4a2"},"headline":"Juegos centroamericanos, la desmemoria hist\u00f3rica","datePublished":"2014-11-06T04:11:26+00:00","mainEntityOfPage":{"@id":"https:\/\/lospoliticosveracruz.com\/?p=13297"},"wordCount":844,"commentCount":0,"publisher":{"@id":"https:\/\/lospoliticosveracruz.com\/#organization"},"image":{"@id":"https:\/\/lospoliticosveracruz.com\/?p=13297#primaryimage"},"thumbnailUrl":"http:\/\/www.lospoliticosveracruz.com.mx\/wp-content\/uploads\/2014\/11\/Los-Villanueva-300x226.jpg","keywords":["ESTO","Juegos Centroamericanos y del Caribe 2014","Panam\u00e1"],"articleSection":["De Opini\u00f3n"],"inLanguage":"es","potentialAction":[{"@type":"CommentAction","name":"Comment","target":["https:\/\/lospoliticosveracruz.com\/?p=13297#respond"]}]},{"@type":"WebPage","@id":"https:\/\/lospoliticosveracruz.com\/?p=13297","url":"https:\/\/lospoliticosveracruz.com\/?p=13297","name":"Juegos centroamericanos, la desmemoria hist\u00f3rica - Los pol\u00edticos Veracruz","isPartOf":{"@id":"https:\/\/lospoliticosveracruz.com\/#website"},"primaryImageOfPage":{"@id":"https:\/\/lospoliticosveracruz.com\/?p=13297#primaryimage"},"image":{"@id":"https:\/\/lospoliticosveracruz.com\/?p=13297#primaryimage"},"thumbnailUrl":"http:\/\/www.lospoliticosveracruz.com.mx\/wp-content\/uploads\/2014\/11\/Los-Villanueva-300x226.jpg","datePublished":"2014-11-06T04:11:26+00:00","breadcrumb":{"@id":"https:\/\/lospoliticosveracruz.com\/?p=13297#breadcrumb"},"inLanguage":"es","potentialAction":[{"@type":"ReadAction","target":["https:\/\/lospoliticosveracruz.com\/?p=13297"]}]},{"@type":"ImageObject","inLanguage":"es","@id":"https:\/\/lospoliticosveracruz.com\/?p=13297#primaryimage","url":"http:\/\/www.lospoliticosveracruz.com.mx\/wp-content\/uploads\/2014\/11\/Los-Villanueva-300x226.jpg","contentUrl":"http:\/\/www.lospoliticosveracruz.com.mx\/wp-content\/uploads\/2014\/11\/Los-Villanueva-300x226.jpg"},{"@type":"BreadcrumbList","@id":"https:\/\/lospoliticosveracruz.com\/?p=13297#breadcrumb","itemListElement":[{"@type":"ListItem","position":1,"name":"Portada","item":"https:\/\/lospoliticosveracruz.com\/"},{"@type":"ListItem","position":2,"name":"Juegos centroamericanos, la desmemoria hist\u00f3rica"}]},{"@type":"WebSite","@id":"https:\/\/lospoliticosveracruz.com\/#website","url":"https:\/\/lospoliticosveracruz.com\/","name":"Los pol\u00edticos Veracruz","description":"","publisher":{"@id":"https:\/\/lospoliticosveracruz.com\/#organization"},"potentialAction":[{"@type":"SearchAction","target":{"@type":"EntryPoint","urlTemplate":"https:\/\/lospoliticosveracruz.com\/?s={search_term_string}"},"query-input":{"@type":"PropertyValueSpecification","valueRequired":true,"valueName":"search_term_string"}}],"inLanguage":"es"},{"@type":"Organization","@id":"https:\/\/lospoliticosveracruz.com\/#organization","name":"Los pol\u00edticos Veracruz","url":"https:\/\/lospoliticosveracruz.com\/","logo":{"@type":"ImageObject","inLanguage":"es","@id":"https:\/\/lospoliticosveracruz.com\/#\/schema\/logo\/image\/","url":"https:\/\/lospoliticosveracruz.com\/wp-content\/uploads\/2025\/12\/Logo-Nuevo-LOS-POLITICOS-1.jpg","contentUrl":"https:\/\/lospoliticosveracruz.com\/wp-content\/uploads\/2025\/12\/Logo-Nuevo-LOS-POLITICOS-1.jpg","width":260,"height":70,"caption":"Los pol\u00edticos Veracruz"},"image":{"@id":"https:\/\/lospoliticosveracruz.com\/#\/schema\/logo\/image\/"},"sameAs":["https:\/\/www.facebook.com\/people\/Notimemes-de-los-Polticos\/61565672886568\/","https:\/\/x.com\/LosPoliticosVer"]},{"@type":"Person","@id":"https:\/\/lospoliticosveracruz.com\/#\/schema\/person\/b8702bb0e538456e6efd07080bf2a4a2","name":"Lo viste en Los Pol\u00edticos","image":{"@type":"ImageObject","inLanguage":"es","@id":"https:\/\/secure.gravatar.com\/avatar\/3a8de04a2656d44082be478bd6c086daa447c4651605818287b9532d3d0bd435?s=96&d=mm&r=g","url":"https:\/\/secure.gravatar.com\/avatar\/3a8de04a2656d44082be478bd6c086daa447c4651605818287b9532d3d0bd435?s=96&d=mm&r=g","contentUrl":"https:\/\/secure.gravatar.com\/avatar\/3a8de04a2656d44082be478bd6c086daa447c4651605818287b9532d3d0bd435?s=96&d=mm&r=g","caption":"Lo viste en Los Pol\u00edticos"},"url":"https:\/\/lospoliticosveracruz.com\/?author=2"}]}},"_links":{"self":[{"href":"https:\/\/lospoliticosveracruz.com\/index.php?rest_route=\/wp\/v2\/posts\/13297","targetHints":{"allow":["GET"]}}],"collection":[{"href":"https:\/\/lospoliticosveracruz.com\/index.php?rest_route=\/wp\/v2\/posts"}],"about":[{"href":"https:\/\/lospoliticosveracruz.com\/index.php?rest_route=\/wp\/v2\/types\/post"}],"author":[{"embeddable":true,"href":"https:\/\/lospoliticosveracruz.com\/index.php?rest_route=\/wp\/v2\/users\/2"}],"replies":[{"embeddable":true,"href":"https:\/\/lospoliticosveracruz.com\/index.php?rest_route=%2Fwp%2Fv2%2Fcomments&post=13297"}],"version-history":[{"count":2,"href":"https:\/\/lospoliticosveracruz.com\/index.php?rest_route=\/wp\/v2\/posts\/13297\/revisions"}],"predecessor-version":[{"id":13306,"href":"https:\/\/lospoliticosveracruz.com\/index.php?rest_route=\/wp\/v2\/posts\/13297\/revisions\/13306"}],"wp:attachment":[{"href":"https:\/\/lospoliticosveracruz.com\/index.php?rest_route=%2Fwp%2Fv2%2Fmedia&parent=13297"}],"wp:term":[{"taxonomy":"category","embeddable":true,"href":"https:\/\/lospoliticosveracruz.com\/index.php?rest_route=%2Fwp%2Fv2%2Fcategories&post=13297"},{"taxonomy":"post_tag","embeddable":true,"href":"https:\/\/lospoliticosveracruz.com\/index.php?rest_route=%2Fwp%2Fv2%2Ftags&post=13297"}],"curies":[{"name":"wp","href":"https:\/\/api.w.org\/{rel}","templated":true}]}}