{"id":132978,"date":"2024-11-24T11:27:23","date_gmt":"2024-11-24T17:27:23","guid":{"rendered":"https:\/\/lospoliticosveracruz.com.mx\/?p=132978"},"modified":"2024-11-24T11:27:40","modified_gmt":"2024-11-24T17:27:40","slug":"la-tia-les-hace-fuchi","status":"publish","type":"post","link":"https:\/\/lospoliticosveracruz.com\/?p=132978","title":{"rendered":"LA T\u00cdA LES HACE FUCHI!"},"content":{"rendered":"\n<p><strong>Oved Contreras&nbsp;<\/strong><\/p>\n\n\n\n<p><em>Secas Mecas&nbsp;<\/em><\/p>\n\n\n\n<p>El primazo Eleazar Guerrero P\u00e9rez celebr\u00f3 ayer en Banderilla el octavo aniversario de la agrupaci\u00f3n \u201cUnidos Todos\u201d\u2026all\u00ed acudieron el gobernador Cuitl\u00e1huac Garc\u00eda, Esteban \u201cLarra\u201d Zepeta as\u00ed como algunos del gabinete estatal y\u00a0\u00a0diputados federales de Morena\u2026la t\u00eda Ch\u00edo se disculp\u00f3 que por agenda no pod\u00eda acudir a la pachanga pero nos dice el chismoso que la gobernadora electa no fue porque no soporta a Cheo Guerrero ni a los mandamases de \u201cUnidos Todos\u201d\u2026nos los baja de ladrones y por eso los mantuvo lejos de su campa\u00f1a\u2026ni siquiera los dej\u00f3 subir al templete en ninguno de sus eventos.<\/p>\n\n\n<div class=\"wp-block-image\">\n<figure class=\"alignleft size-medium\"><a href=\"https:\/\/lospoliticosveracruz.com.mx\/wp-content\/uploads\/2021\/10\/WhatsApp-Image-2021-10-02-at-15.20.25.jpeg\"><img loading=\"lazy\" decoding=\"async\" width=\"212\" height=\"300\" src=\"https:\/\/lospoliticosveracruz.com.mx\/wp-content\/uploads\/2021\/10\/WhatsApp-Image-2021-10-02-at-15.20.25-212x300.jpeg\" alt=\"\" class=\"wp-image-80177\" srcset=\"https:\/\/lospoliticosveracruz.com\/wp-content\/uploads\/2021\/10\/WhatsApp-Image-2021-10-02-at-15.20.25-212x300.jpeg 212w, https:\/\/lospoliticosveracruz.com\/wp-content\/uploads\/2021\/10\/WhatsApp-Image-2021-10-02-at-15.20.25-724x1024.jpeg 724w, https:\/\/lospoliticosveracruz.com\/wp-content\/uploads\/2021\/10\/WhatsApp-Image-2021-10-02-at-15.20.25-768x1086.jpeg 768w, https:\/\/lospoliticosveracruz.com\/wp-content\/uploads\/2021\/10\/WhatsApp-Image-2021-10-02-at-15.20.25.jpeg 905w\" sizes=\"auto, (max-width: 212px) 100vw, 212px\" \/><\/a><\/figure>\n<\/div>\n\n\n<p>Pero como la t\u00eda Ch\u00edo no quiso verse mal mand\u00f3 como representante a la comadrita Claudia Tello que convivi\u00f3 con Cuitl\u00e1huac y sus compinches\u2026y para parar oreja y enterarse de lo que platicaban Eleazar Guerrero y sus secuaces.<\/p>\n\n\n\n<p>Cheo Guerrero pretend\u00eda meter a sus candidatos en la pasada elecci\u00f3n federal pero la t\u00eda par\u00f3 en seco al primo y su lista de recomendados, y para el pr\u00f3ximo a\u00f1o tampoco le aceptar\u00e1n candidatos\u2026que se conforme con que le dieron una curul como plurinominal y con eso que se por bien servido\u2026al menos eso le garantiza impunidad con todo lo que pudo robar desde la subsecretar\u00eda de Finanzas.<\/p>\n\n\n\n<p>SE MUEVE LISSETHE\u2026muy loable la labor que realiza Lissethe Mart\u00ednez, quien desde su regidur\u00eda en el puerto de Veracruz, ha estado creando programas, actividades , y acercando beneficios a la ciudadan\u00eda que lo requiere, y es importante destacar que lo que percibe del erario p\u00fablico lo regresa en labor de atenci\u00f3n ciudadana.<\/p>\n\n\n\n<p>Hace unas semanas, la misma Regidora hab\u00eda donado c\u00e1maras de videovigilancia a varias escuelas y colonias del municipio, la que destrab\u00f3 temas para que se pudieran construir m\u00e1s escuelas para acercar la educaci\u00f3n a la poblaci\u00f3n adem\u00e1s cre\u00f3 el programa de cr\u00e9ditos para micro emprendedoras, y ayud\u00f3 a que m\u00e1s de un centenar de j\u00f3venes ingresaran a universidades p\u00fablicas mediante los cursos de preparaci\u00f3n para Examen de Admisi\u00f3n.<\/p>\n\n\n\n<p>Lissethe Mart\u00ednez igual puso en marcha el programa de \u00abMujer taxi segura en carnaval\u00bb&nbsp;&nbsp;y ha defendido el tema de g\u00e9nero en el Cabildo, y lo podemos ver en videos el tema del cuidado a las mujeres, no de palabra o porque est\u00e9 de moda, si no con acciones, como fue la solicitud para emplear botones de p\u00e1nico y c\u00e1maras, el pedir el regreso de los 5 millones de pesos que se quitaron al Instituto de la mujer, entre otros.&nbsp;<\/p>\n\n\n\n<p>La edil tom\u00f3 una actitud de propuesta en el Cabildo en lugar de generar confrontaciones est\u00e9riles, apost\u00f3 m\u00e1s al debate de ideas para generar mejores propuestas en beneficio de la gente\u2026es el tipo de mujeres que si deber\u00edan ser tomadas en cuenta para ocupar espacios en los gobiernos morenistas pero a veces arriba les gana la grilla y desperdician a sus representantes que s\u00ed tienen trabajo en territorio m\u00e1s que escritorio.<\/p>\n\n\n\n<p>QUIERE SER ALCALDE\u2026vaya fichita que result\u00f3 ser Jos\u00e9 Eduardo Utrera Carreto, quien despu\u00e9s de desempe\u00f1arse como coordinador de atenci\u00f3n ciudadana en el gobierno estatal y chofer de Cuitl\u00e1huac Garc\u00eda, ahora ya piensa en ser alcalde de su municipio Actopan y asegura que ya lo pact\u00f3 con el Ku\u00edkaras y que le vale lo que diga la t\u00eda Ch\u00edo, as\u00ed que solo es cuesti\u00f3n de tiempo.<\/p>\n\n\n\n<p>Mal har\u00edan los Morenos que tomar\u00e1n los acuerdos de las candidaturas si le permiten a este fulano ser candidato a alcalde de Actopan\u2026s\u00ed es candidato pero a una celda en Pacho Viejo\u2026basta echarle un ojito a su pasado reciente y a lo que dicen sus paisanos en Actopan quienes son testigos de c\u00f3mo se hinch\u00f3 los bolsillos de dinero gracias a su puesto cercano a Cuitl\u00e1huac Garc\u00eda.<\/p>\n\n\n\n<p>En mayo pasado ya NOTIVER dio fe de c\u00f3mo se mueve Jos\u00e9 Eduardo Utrera a trav\u00e9s de una denuncia que present\u00f3 Iv\u00e1n L\u00f3pez ante la Fiscal\u00eda General del Estado de Veracruz, con copia a la especializada en combate de la corrupci\u00f3n, para exigir se investigue a Jos\u00e9 Eduardo Utrera Carreto, a qui\u00e9n identifican como responsable coordinador de Atenci\u00f3n Ciudadana del gobierno del Estado, as\u00ed como chofer de Cuitl\u00e1huac Garc\u00eda Jim\u00e9nez.&nbsp;<\/p>\n\n\n\n<p>De acuerdo a la denuncia, Utrera Carreto habr\u00eda cometido delitos que culminan en un enriquecimiento inexplicable, pues en el municipio de Actopan le fue detectada una casona con acabados de lujo, as\u00ed como un autom\u00f3vil de marca suntuosa, que no coinciden con el sueldo e ingresos de un funcionario p\u00fablico.<\/p>\n\n\n\n<p>Claramente las caracter\u00edsticas del inmueble y el conglomerado de personas y veh\u00edculos oficiales en el exterior del edificio de marras no corresponden en absoluto con el presunto encargo ni la condici\u00f3n jer\u00e1rquica y menos a\u00fan con los ingresos que debiera tener Jos\u00e9 Eduardo Utrera Carreto.<\/p>\n","protected":false},"excerpt":{"rendered":"<p>Oved Contreras&nbsp; Secas Mecas&nbsp; El primazo Eleazar Guerrero P\u00e9rez celebr\u00f3 ayer en Banderilla el octavo aniversario de la agrupaci\u00f3n \u201cUnidos Todos\u201d\u2026all\u00ed acudieron el gobernador Cuitl\u00e1huac Garc\u00eda, Esteban \u201cLarra\u201d Zepeta as\u00ed como algunos del gabinete estatal y\u00a0\u00a0diputados federales de Morena\u2026la t\u00eda Ch\u00edo se disculp\u00f3 que por agenda no pod\u00eda acudir a la pachanga pero nos dice [&hellip;]<\/p>\n","protected":false},"author":2,"featured_media":119816,"comment_status":"closed","ping_status":"closed","sticky":false,"template":"","format":"standard","meta":{"tdm_status":"","tdm_grid_status":"","footnotes":""},"categories":[70],"tags":[19961],"class_list":{"0":"post-132978","1":"post","2":"type-post","3":"status-publish","4":"format-standard","5":"has-post-thumbnail","7":"category-de-opinion","8":"tag-claudia-tello"},"yoast_head":"<!-- This site is optimized with the Yoast SEO plugin v27.4 - https:\/\/yoast.com\/product\/yoast-seo-wordpress\/ -->\n<title>LA T\u00cdA LES HACE FUCHI! - Los pol\u00edticos Veracruz<\/title>\n<meta name=\"robots\" content=\"index, follow, max-snippet:-1, max-image-preview:large, max-video-preview:-1\" \/>\n<link rel=\"canonical\" href=\"https:\/\/lospoliticosveracruz.com\/?p=132978\" \/>\n<meta property=\"og:locale\" content=\"es_ES\" \/>\n<meta property=\"og:type\" content=\"article\" \/>\n<meta property=\"og:title\" content=\"LA T\u00cdA LES HACE FUCHI! - Los pol\u00edticos Veracruz\" \/>\n<meta property=\"og:description\" content=\"Oved Contreras&nbsp; Secas Mecas&nbsp; El primazo Eleazar Guerrero P\u00e9rez celebr\u00f3 ayer en Banderilla el octavo aniversario de la agrupaci\u00f3n \u201cUnidos Todos\u201d\u2026all\u00ed acudieron el gobernador Cuitl\u00e1huac Garc\u00eda, Esteban \u201cLarra\u201d Zepeta as\u00ed como algunos del gabinete estatal y\u00a0\u00a0diputados federales de Morena\u2026la t\u00eda Ch\u00edo se disculp\u00f3 que por agenda no pod\u00eda acudir a la pachanga pero nos dice [&hellip;]\" \/>\n<meta property=\"og:url\" content=\"https:\/\/lospoliticosveracruz.com\/?p=132978\" \/>\n<meta property=\"og:site_name\" content=\"Los pol\u00edticos Veracruz\" \/>\n<meta property=\"article:publisher\" content=\"https:\/\/www.facebook.com\/people\/Notimemes-de-los-Polticos\/61565672886568\/\" \/>\n<meta property=\"article:published_time\" content=\"2024-11-24T17:27:23+00:00\" \/>\n<meta property=\"article:modified_time\" content=\"2024-11-24T17:27:40+00:00\" \/>\n<meta property=\"og:image\" content=\"https:\/\/lospoliticosveracruz.com\/wp-content\/uploads\/2024\/03\/Oved-Contreras.jpg\" \/>\n\t<meta property=\"og:image:width\" content=\"1250\" \/>\n\t<meta property=\"og:image:height\" content=\"667\" \/>\n\t<meta property=\"og:image:type\" content=\"image\/jpeg\" \/>\n<meta name=\"author\" content=\"Lo viste en Los Pol\u00edticos\" \/>\n<meta name=\"twitter:card\" content=\"summary_large_image\" \/>\n<meta name=\"twitter:creator\" content=\"@LosPoliticosVer\" \/>\n<meta name=\"twitter:site\" content=\"@LosPoliticosVer\" \/>\n<meta name=\"twitter:label1\" content=\"Escrito por\" \/>\n\t<meta name=\"twitter:data1\" content=\"Lo viste en Los Pol\u00edticos\" \/>\n\t<meta name=\"twitter:label2\" content=\"Tiempo de lectura\" \/>\n\t<meta name=\"twitter:data2\" content=\"4 minutos\" \/>\n<script type=\"application\/ld+json\" class=\"yoast-schema-graph\">{\"@context\":\"https:\\\/\\\/schema.org\",\"@graph\":[{\"@type\":\"Article\",\"@id\":\"https:\\\/\\\/lospoliticosveracruz.com\\\/?p=132978#article\",\"isPartOf\":{\"@id\":\"https:\\\/\\\/lospoliticosveracruz.com\\\/?p=132978\"},\"author\":{\"name\":\"Lo viste en Los Pol\u00edticos\",\"@id\":\"https:\\\/\\\/lospoliticosveracruz.com\\\/#\\\/schema\\\/person\\\/b8702bb0e538456e6efd07080bf2a4a2\"},\"headline\":\"LA T\u00cdA LES HACE FUCHI!\",\"datePublished\":\"2024-11-24T17:27:23+00:00\",\"dateModified\":\"2024-11-24T17:27:40+00:00\",\"mainEntityOfPage\":{\"@id\":\"https:\\\/\\\/lospoliticosveracruz.com\\\/?p=132978\"},\"wordCount\":873,\"publisher\":{\"@id\":\"https:\\\/\\\/lospoliticosveracruz.com\\\/#organization\"},\"image\":{\"@id\":\"https:\\\/\\\/lospoliticosveracruz.com\\\/?p=132978#primaryimage\"},\"thumbnailUrl\":\"https:\\\/\\\/lospoliticosveracruz.com\\\/wp-content\\\/uploads\\\/2024\\\/03\\\/Oved-Contreras.jpg\",\"keywords\":[\"Claudia Tello\"],\"articleSection\":[\"De Opini\u00f3n\"],\"inLanguage\":\"es\"},{\"@type\":\"WebPage\",\"@id\":\"https:\\\/\\\/lospoliticosveracruz.com\\\/?p=132978\",\"url\":\"https:\\\/\\\/lospoliticosveracruz.com\\\/?p=132978\",\"name\":\"LA T\u00cdA LES HACE FUCHI! - Los pol\u00edticos Veracruz\",\"isPartOf\":{\"@id\":\"https:\\\/\\\/lospoliticosveracruz.com\\\/#website\"},\"primaryImageOfPage\":{\"@id\":\"https:\\\/\\\/lospoliticosveracruz.com\\\/?p=132978#primaryimage\"},\"image\":{\"@id\":\"https:\\\/\\\/lospoliticosveracruz.com\\\/?p=132978#primaryimage\"},\"thumbnailUrl\":\"https:\\\/\\\/lospoliticosveracruz.com\\\/wp-content\\\/uploads\\\/2024\\\/03\\\/Oved-Contreras.jpg\",\"datePublished\":\"2024-11-24T17:27:23+00:00\",\"dateModified\":\"2024-11-24T17:27:40+00:00\",\"breadcrumb\":{\"@id\":\"https:\\\/\\\/lospoliticosveracruz.com\\\/?p=132978#breadcrumb\"},\"inLanguage\":\"es\",\"potentialAction\":[{\"@type\":\"ReadAction\",\"target\":[\"https:\\\/\\\/lospoliticosveracruz.com\\\/?p=132978\"]}]},{\"@type\":\"ImageObject\",\"inLanguage\":\"es\",\"@id\":\"https:\\\/\\\/lospoliticosveracruz.com\\\/?p=132978#primaryimage\",\"url\":\"https:\\\/\\\/lospoliticosveracruz.com\\\/wp-content\\\/uploads\\\/2024\\\/03\\\/Oved-Contreras.jpg\",\"contentUrl\":\"https:\\\/\\\/lospoliticosveracruz.com\\\/wp-content\\\/uploads\\\/2024\\\/03\\\/Oved-Contreras.jpg\",\"width\":1250,\"height\":667},{\"@type\":\"BreadcrumbList\",\"@id\":\"https:\\\/\\\/lospoliticosveracruz.com\\\/?p=132978#breadcrumb\",\"itemListElement\":[{\"@type\":\"ListItem\",\"position\":1,\"name\":\"Portada\",\"item\":\"https:\\\/\\\/lospoliticosveracruz.com\\\/\"},{\"@type\":\"ListItem\",\"position\":2,\"name\":\"LA T\u00cdA LES HACE FUCHI!\"}]},{\"@type\":\"WebSite\",\"@id\":\"https:\\\/\\\/lospoliticosveracruz.com\\\/#website\",\"url\":\"https:\\\/\\\/lospoliticosveracruz.com\\\/\",\"name\":\"Los pol\u00edticos Veracruz\",\"description\":\"\",\"publisher\":{\"@id\":\"https:\\\/\\\/lospoliticosveracruz.com\\\/#organization\"},\"potentialAction\":[{\"@type\":\"SearchAction\",\"target\":{\"@type\":\"EntryPoint\",\"urlTemplate\":\"https:\\\/\\\/lospoliticosveracruz.com\\\/?s={search_term_string}\"},\"query-input\":{\"@type\":\"PropertyValueSpecification\",\"valueRequired\":true,\"valueName\":\"search_term_string\"}}],\"inLanguage\":\"es\"},{\"@type\":\"Organization\",\"@id\":\"https:\\\/\\\/lospoliticosveracruz.com\\\/#organization\",\"name\":\"Los pol\u00edticos Veracruz\",\"url\":\"https:\\\/\\\/lospoliticosveracruz.com\\\/\",\"logo\":{\"@type\":\"ImageObject\",\"inLanguage\":\"es\",\"@id\":\"https:\\\/\\\/lospoliticosveracruz.com\\\/#\\\/schema\\\/logo\\\/image\\\/\",\"url\":\"https:\\\/\\\/lospoliticosveracruz.com\\\/wp-content\\\/uploads\\\/2025\\\/12\\\/Logo-Nuevo-LOS-POLITICOS-1.jpg\",\"contentUrl\":\"https:\\\/\\\/lospoliticosveracruz.com\\\/wp-content\\\/uploads\\\/2025\\\/12\\\/Logo-Nuevo-LOS-POLITICOS-1.jpg\",\"width\":260,\"height\":70,\"caption\":\"Los pol\u00edticos Veracruz\"},\"image\":{\"@id\":\"https:\\\/\\\/lospoliticosveracruz.com\\\/#\\\/schema\\\/logo\\\/image\\\/\"},\"sameAs\":[\"https:\\\/\\\/www.facebook.com\\\/people\\\/Notimemes-de-los-Polticos\\\/61565672886568\\\/\",\"https:\\\/\\\/x.com\\\/LosPoliticosVer\"]},{\"@type\":\"Person\",\"@id\":\"https:\\\/\\\/lospoliticosveracruz.com\\\/#\\\/schema\\\/person\\\/b8702bb0e538456e6efd07080bf2a4a2\",\"name\":\"Lo viste en Los Pol\u00edticos\",\"image\":{\"@type\":\"ImageObject\",\"inLanguage\":\"es\",\"@id\":\"https:\\\/\\\/secure.gravatar.com\\\/avatar\\\/3a8de04a2656d44082be478bd6c086daa447c4651605818287b9532d3d0bd435?s=96&d=mm&r=g\",\"url\":\"https:\\\/\\\/secure.gravatar.com\\\/avatar\\\/3a8de04a2656d44082be478bd6c086daa447c4651605818287b9532d3d0bd435?s=96&d=mm&r=g\",\"contentUrl\":\"https:\\\/\\\/secure.gravatar.com\\\/avatar\\\/3a8de04a2656d44082be478bd6c086daa447c4651605818287b9532d3d0bd435?s=96&d=mm&r=g\",\"caption\":\"Lo viste en Los Pol\u00edticos\"},\"url\":\"https:\\\/\\\/lospoliticosveracruz.com\\\/?author=2\"}]}<\/script>\n<!-- \/ Yoast SEO plugin. -->","yoast_head_json":{"title":"LA T\u00cdA LES HACE FUCHI! - Los pol\u00edticos Veracruz","robots":{"index":"index","follow":"follow","max-snippet":"max-snippet:-1","max-image-preview":"max-image-preview:large","max-video-preview":"max-video-preview:-1"},"canonical":"https:\/\/lospoliticosveracruz.com\/?p=132978","og_locale":"es_ES","og_type":"article","og_title":"LA T\u00cdA LES HACE FUCHI! - Los pol\u00edticos Veracruz","og_description":"Oved Contreras&nbsp; Secas Mecas&nbsp; El primazo Eleazar Guerrero P\u00e9rez celebr\u00f3 ayer en Banderilla el octavo aniversario de la agrupaci\u00f3n \u201cUnidos Todos\u201d\u2026all\u00ed acudieron el gobernador Cuitl\u00e1huac Garc\u00eda, Esteban \u201cLarra\u201d Zepeta as\u00ed como algunos del gabinete estatal y\u00a0\u00a0diputados federales de Morena\u2026la t\u00eda Ch\u00edo se disculp\u00f3 que por agenda no pod\u00eda acudir a la pachanga pero nos dice [&hellip;]","og_url":"https:\/\/lospoliticosveracruz.com\/?p=132978","og_site_name":"Los pol\u00edticos Veracruz","article_publisher":"https:\/\/www.facebook.com\/people\/Notimemes-de-los-Polticos\/61565672886568\/","article_published_time":"2024-11-24T17:27:23+00:00","article_modified_time":"2024-11-24T17:27:40+00:00","og_image":[{"width":1250,"height":667,"url":"https:\/\/lospoliticosveracruz.com\/wp-content\/uploads\/2024\/03\/Oved-Contreras.jpg","type":"image\/jpeg"}],"author":"Lo viste en Los Pol\u00edticos","twitter_card":"summary_large_image","twitter_creator":"@LosPoliticosVer","twitter_site":"@LosPoliticosVer","twitter_misc":{"Escrito por":"Lo viste en Los Pol\u00edticos","Tiempo de lectura":"4 minutos"},"schema":{"@context":"https:\/\/schema.org","@graph":[{"@type":"Article","@id":"https:\/\/lospoliticosveracruz.com\/?p=132978#article","isPartOf":{"@id":"https:\/\/lospoliticosveracruz.com\/?p=132978"},"author":{"name":"Lo viste en Los Pol\u00edticos","@id":"https:\/\/lospoliticosveracruz.com\/#\/schema\/person\/b8702bb0e538456e6efd07080bf2a4a2"},"headline":"LA T\u00cdA LES HACE FUCHI!","datePublished":"2024-11-24T17:27:23+00:00","dateModified":"2024-11-24T17:27:40+00:00","mainEntityOfPage":{"@id":"https:\/\/lospoliticosveracruz.com\/?p=132978"},"wordCount":873,"publisher":{"@id":"https:\/\/lospoliticosveracruz.com\/#organization"},"image":{"@id":"https:\/\/lospoliticosveracruz.com\/?p=132978#primaryimage"},"thumbnailUrl":"https:\/\/lospoliticosveracruz.com\/wp-content\/uploads\/2024\/03\/Oved-Contreras.jpg","keywords":["Claudia Tello"],"articleSection":["De Opini\u00f3n"],"inLanguage":"es"},{"@type":"WebPage","@id":"https:\/\/lospoliticosveracruz.com\/?p=132978","url":"https:\/\/lospoliticosveracruz.com\/?p=132978","name":"LA T\u00cdA LES HACE FUCHI! - Los pol\u00edticos Veracruz","isPartOf":{"@id":"https:\/\/lospoliticosveracruz.com\/#website"},"primaryImageOfPage":{"@id":"https:\/\/lospoliticosveracruz.com\/?p=132978#primaryimage"},"image":{"@id":"https:\/\/lospoliticosveracruz.com\/?p=132978#primaryimage"},"thumbnailUrl":"https:\/\/lospoliticosveracruz.com\/wp-content\/uploads\/2024\/03\/Oved-Contreras.jpg","datePublished":"2024-11-24T17:27:23+00:00","dateModified":"2024-11-24T17:27:40+00:00","breadcrumb":{"@id":"https:\/\/lospoliticosveracruz.com\/?p=132978#breadcrumb"},"inLanguage":"es","potentialAction":[{"@type":"ReadAction","target":["https:\/\/lospoliticosveracruz.com\/?p=132978"]}]},{"@type":"ImageObject","inLanguage":"es","@id":"https:\/\/lospoliticosveracruz.com\/?p=132978#primaryimage","url":"https:\/\/lospoliticosveracruz.com\/wp-content\/uploads\/2024\/03\/Oved-Contreras.jpg","contentUrl":"https:\/\/lospoliticosveracruz.com\/wp-content\/uploads\/2024\/03\/Oved-Contreras.jpg","width":1250,"height":667},{"@type":"BreadcrumbList","@id":"https:\/\/lospoliticosveracruz.com\/?p=132978#breadcrumb","itemListElement":[{"@type":"ListItem","position":1,"name":"Portada","item":"https:\/\/lospoliticosveracruz.com\/"},{"@type":"ListItem","position":2,"name":"LA T\u00cdA LES HACE FUCHI!"}]},{"@type":"WebSite","@id":"https:\/\/lospoliticosveracruz.com\/#website","url":"https:\/\/lospoliticosveracruz.com\/","name":"Los pol\u00edticos Veracruz","description":"","publisher":{"@id":"https:\/\/lospoliticosveracruz.com\/#organization"},"potentialAction":[{"@type":"SearchAction","target":{"@type":"EntryPoint","urlTemplate":"https:\/\/lospoliticosveracruz.com\/?s={search_term_string}"},"query-input":{"@type":"PropertyValueSpecification","valueRequired":true,"valueName":"search_term_string"}}],"inLanguage":"es"},{"@type":"Organization","@id":"https:\/\/lospoliticosveracruz.com\/#organization","name":"Los pol\u00edticos Veracruz","url":"https:\/\/lospoliticosveracruz.com\/","logo":{"@type":"ImageObject","inLanguage":"es","@id":"https:\/\/lospoliticosveracruz.com\/#\/schema\/logo\/image\/","url":"https:\/\/lospoliticosveracruz.com\/wp-content\/uploads\/2025\/12\/Logo-Nuevo-LOS-POLITICOS-1.jpg","contentUrl":"https:\/\/lospoliticosveracruz.com\/wp-content\/uploads\/2025\/12\/Logo-Nuevo-LOS-POLITICOS-1.jpg","width":260,"height":70,"caption":"Los pol\u00edticos Veracruz"},"image":{"@id":"https:\/\/lospoliticosveracruz.com\/#\/schema\/logo\/image\/"},"sameAs":["https:\/\/www.facebook.com\/people\/Notimemes-de-los-Polticos\/61565672886568\/","https:\/\/x.com\/LosPoliticosVer"]},{"@type":"Person","@id":"https:\/\/lospoliticosveracruz.com\/#\/schema\/person\/b8702bb0e538456e6efd07080bf2a4a2","name":"Lo viste en Los Pol\u00edticos","image":{"@type":"ImageObject","inLanguage":"es","@id":"https:\/\/secure.gravatar.com\/avatar\/3a8de04a2656d44082be478bd6c086daa447c4651605818287b9532d3d0bd435?s=96&d=mm&r=g","url":"https:\/\/secure.gravatar.com\/avatar\/3a8de04a2656d44082be478bd6c086daa447c4651605818287b9532d3d0bd435?s=96&d=mm&r=g","contentUrl":"https:\/\/secure.gravatar.com\/avatar\/3a8de04a2656d44082be478bd6c086daa447c4651605818287b9532d3d0bd435?s=96&d=mm&r=g","caption":"Lo viste en Los Pol\u00edticos"},"url":"https:\/\/lospoliticosveracruz.com\/?author=2"}]}},"_links":{"self":[{"href":"https:\/\/lospoliticosveracruz.com\/index.php?rest_route=\/wp\/v2\/posts\/132978","targetHints":{"allow":["GET"]}}],"collection":[{"href":"https:\/\/lospoliticosveracruz.com\/index.php?rest_route=\/wp\/v2\/posts"}],"about":[{"href":"https:\/\/lospoliticosveracruz.com\/index.php?rest_route=\/wp\/v2\/types\/post"}],"author":[{"embeddable":true,"href":"https:\/\/lospoliticosveracruz.com\/index.php?rest_route=\/wp\/v2\/users\/2"}],"replies":[{"embeddable":true,"href":"https:\/\/lospoliticosveracruz.com\/index.php?rest_route=%2Fwp%2Fv2%2Fcomments&post=132978"}],"version-history":[{"count":1,"href":"https:\/\/lospoliticosveracruz.com\/index.php?rest_route=\/wp\/v2\/posts\/132978\/revisions"}],"predecessor-version":[{"id":132979,"href":"https:\/\/lospoliticosveracruz.com\/index.php?rest_route=\/wp\/v2\/posts\/132978\/revisions\/132979"}],"wp:featuredmedia":[{"embeddable":true,"href":"https:\/\/lospoliticosveracruz.com\/index.php?rest_route=\/wp\/v2\/media\/119816"}],"wp:attachment":[{"href":"https:\/\/lospoliticosveracruz.com\/index.php?rest_route=%2Fwp%2Fv2%2Fmedia&parent=132978"}],"wp:term":[{"taxonomy":"category","embeddable":true,"href":"https:\/\/lospoliticosveracruz.com\/index.php?rest_route=%2Fwp%2Fv2%2Fcategories&post=132978"},{"taxonomy":"post_tag","embeddable":true,"href":"https:\/\/lospoliticosveracruz.com\/index.php?rest_route=%2Fwp%2Fv2%2Ftags&post=132978"}],"curies":[{"name":"wp","href":"https:\/\/api.w.org\/{rel}","templated":true}]}}