{"id":132980,"date":"2024-11-24T13:00:55","date_gmt":"2024-11-24T19:00:55","guid":{"rendered":"https:\/\/lospoliticosveracruz.com.mx\/?p=132980"},"modified":"2024-11-24T13:01:10","modified_gmt":"2024-11-24T19:01:10","slug":"escala-la-dictadura","status":"publish","type":"post","link":"https:\/\/lospoliticosveracruz.com\/?p=132980","title":{"rendered":"ESCALA LA DICTADURA"},"content":{"rendered":"\n<p><strong>Inocencio Y\u00e1\u00f1ez Vicencio<\/strong><\/p>\n\n\n\n<p>Las instituciones pol\u00edticas deben contextualizarse para entenderse. Cada correlaci\u00f3n de fuerzas produce el andamiaje o aparato que expresa el poder surtido de esa relaci\u00f3n social, luego entonces hay que conocer la historia que hizo posible esa forma concreta de dominaci\u00f3n. Los te\u00f3ricos del Estado y del derecho y la teor\u00eda constitucional, c\u00f3mo Kelsen, que extraen\u00a0\u00a0sus f\u00f3rmulas de la pura l\u00f3gica acaban disolviendo el Estado en el derecho y produciendo un derecho sin espada, teniendo que remitir la validez de la Norma Suprema a otra Constituci\u00f3n hipot\u00e9tica.<\/p>\n\n\n<div class=\"wp-block-image\">\n<figure class=\"alignleft size-thumbnail\"><a href=\"https:\/\/lospoliticosveracruz.com.mx\/wp-content\/uploads\/2024\/05\/IMG_0341-e1716950925234.jpeg\"><img loading=\"lazy\" decoding=\"async\" width=\"150\" height=\"150\" src=\"https:\/\/lospoliticosveracruz.com.mx\/wp-content\/uploads\/2024\/05\/IMG_0341-150x150.jpeg\" alt=\"\" class=\"wp-image-125332\"\/><\/a><\/figure>\n<\/div>\n\n\n<p>Valga decir. No condenamos el absolutismo hist\u00f3ricamente sino racionalmente. Cuando escudri\u00f1amos la historia vemos que fue una forma que hizo posible la consumaci\u00f3n de lo que surgi\u00f3 de los escombros de la sociedad estamental y feudal. Polonia qued\u00f3 reducida a casi nada por la impotencia de la monarqu\u00eda a la hora de intentar sobreponerse a los cuerpos intermedios. Espa\u00f1a, hasta ahora sufre las consecuencias de no consumar en su momento la centralizaci\u00f3n del poder pol\u00edtico. Estados Unidos no conoci\u00f3 el feudalismo. Jamestown, es fundada en 1608, por 120 colonos enviados por la Compa\u00f1\u00eda Virginiana de Londres. Es el primer establecimiento despu\u00e9s de la ef\u00edmera Roanoke Island de 1584_1591. Todos son ingleses que huyen del r\u00e9gimen feudal absolutista de Inglaterra. Los puritanos que desembarcan en el Mayflower en 1620, son ingleses refugiados en Holanda, por la persecusi\u00f3n y que deciden venirse a proteger en Am\u00e9rica. El absolutismo no puede juzgarse desde una perspectiva de bueno o malo. Fue una soluci\u00f3n hist\u00f3rica, lo que no es permitido es regresar.<\/p>\n\n\n\n<p>En nuestro pa\u00eds tuvimos la dictadura porfirista que prolong\u00f3 la vida de la estructura colonial basada en la gran hacienda y el latifundismo, levantando a diversas corrientes en su contra. Unos quer\u00edan que esa dictadura fuera derrocada para colocar en su lugar un porfirismo sin Porfirio D\u00edaz. Otros reclamaban destruir el sistema semifeudal basado en la concentraci\u00f3n de la tierra y que se implantara un r\u00e9gimen liberal pero conciliado con los derechos y la justicia social. Todas las reacciones que tomaron las armas coincid\u00edan en que se fuera el dictador. Lo m\u00e1s importante. Todos quer\u00edan la democracia. Medero c\u00f3mo fiel representante de las \u00e9lites econ\u00f3micas dominantes, \u00fanicamente quer\u00eda cambiar al personal de gobierno y un Estado neutro. Por eso lo primero que hace es convocar a elecciones, tan libres que pierde la XXVI Legislatura. C\u00f3mo buen liberal, crey\u00f3 en la profesionalizaci\u00f3n del Ej\u00e9rcito Federal y que los hacendados, latifundistas, patrones, caciques, inversores, clericales&#8230; Iban a someterse al juego democr\u00e1tico, pues no. En la embajada de los Estados Unidos pact\u00f3 la derecha asesinar a Madero y acabar con la democracia, promoviendo al Chacal Victoriano Huerta. Con est\u00e1 traici\u00f3n aprendieron los revolucionarios que la derecha no permit\u00eda establecer s\u00fabitamente la democracia y que ten\u00eda que para lograrla deb\u00eda de recorrer un camino largo y gradual.<\/p>\n\n\n\n<p>Los revolucionarios convocaron a un Congreso Constituyente, que puede recriminarse qu\u00e9 antes que ley fuera programa social, pero es la misma reclamaci\u00f3n que hasta nuestros d\u00edas se le sigue haciendo a la primera Constituci\u00f3n de la Revoluci\u00f3n francesa de 1791. Es cierto que nuestra Constituci\u00f3n es de impronta liberal social, es decir, no se queda atrapada en un liberalismo petrificado que se sustenta en libertades y derechos, con un Estado de espaldas al pueblo, por el contrario, nuestra Constituci\u00f3n reconoce derechos individuales que no pueden ser reales mientras no doten a sus titulares de las condiciones materiales para ejercerlos y concretarlos, dando lugar a una democracia social.<\/p>\n\n\n\n<p>Hoy, la Constituci\u00f3n de 1917, tiene el m\u00e9rito de haber sido elogiada por Karl Loewenstein, el m\u00e1s connotado constitucionalista del siglo XX, pero en el momento de su promulgaci\u00f3n fue condenada por el Vaticano y los grupos patronales.<\/p>\n\n\n\n<p>Es verdad que ante la experiencia golpista de Victoriano Huerta y dem\u00e1s grupos derechistas, los revolucionarios mexicanos crearon tribunales agrarios, laborales, electorales&#8230; que depend\u00edan del gobierno. Por muchos a\u00f1os la misma procuraci\u00f3n de justicia est\u00e1 integrada a la administraci\u00f3n central. Crearon su partido para generar sus apoyos.<\/p>\n\n\n\n<p>La creaci\u00f3n de \u00f3rganos de jurisdicci\u00f3n agrarios, laborales, electorales, penales&#8230; aut\u00f3nomos es precisamente en correspondencia con el desarrollo de principios liberales que le den certeza a la justicia en esas materias para garantizar la libertad de los ciudadanos y darle mayor legitimidad al gobierno.<\/p>\n\n\n\n<p>La Reforma para darle facultades a la Secretar\u00eda de Seguridad P\u00fablica, para investigar, de existir un poder judicial o un organismo que haga las veces de tribunal constitucional, no pasar\u00eda porque est\u00e1 totalmente en contra de la estructura normativa, ya que esa funci\u00f3n la tiene un organismo legalmente aut\u00f3nomo, c\u00f3mo lo es la Fiscal\u00eda.<\/p>\n\n\n\n<p>Cu\u00e1l es el prop\u00f3sito de atribuirle funciones de investigar a la polic\u00eda? Sencillamente crear una KGB, para perseguir cr\u00edticos y enemigos de Morena. Que no nos vengan con que en el pasado hubo polic\u00eda secreta, servicios especiales, Brigada Blanca, Direcci\u00f3n Federal de Seguridad. Bueno, Hitler tuvo sus SSS, Brasil tuvo los escuadrones de la muerte. Nadie que mire hacia el futuro puede tener como fundamento experiencias superadas o irracionales.<\/p>\n\n\n\n<p>Lo que en estos momentos nadie en sus cinco sentidos puede negar, es que un r\u00e9gimen, en cualquier parte del mundo, que desmantele el poder judicial, que no permita al poder liberarivo liberar, no cambiar ni una coma a las iniciativas presidenciales, demandar penalmente a los diputados que votan contra la mayor\u00eda, que desde el Ejecutivo se estigmatiza a los opositores, que se implementan pol\u00edticas de depuraci\u00f3n en los medios de informaci\u00f3n, que se instala una jefatura en el \u00f3rgano encargado de organizar las elecciones a personas con credencial del partido oficial y se controla al \u00f3rgano encargado de calificar las elecciones, para que las elecciones sean meros tr\u00e1mites, que se destruye la autonom\u00eda de los \u00f3rganos aut\u00f3nomos encargados de vigilar y pedir cuentas a los gobernantes; se llama dictadura y que cada escala m\u00e1s, todo para que Morena se eternice en el poder y nadie lleve a la justicia a los v\u00e1ndalos que ahora gobiernan.<\/p>\n","protected":false},"excerpt":{"rendered":"<p>Inocencio Y\u00e1\u00f1ez Vicencio Las instituciones pol\u00edticas deben contextualizarse para entenderse. Cada correlaci\u00f3n de fuerzas produce el andamiaje o aparato que expresa el poder surtido de esa relaci\u00f3n social, luego entonces hay que conocer la historia que hizo posible esa forma concreta de dominaci\u00f3n. Los te\u00f3ricos del Estado y del derecho y la teor\u00eda constitucional, c\u00f3mo [&hellip;]<\/p>\n","protected":false},"author":2,"featured_media":120033,"comment_status":"closed","ping_status":"closed","sticky":false,"template":"","format":"standard","meta":{"tdm_status":"","tdm_grid_status":"","footnotes":""},"categories":[70],"tags":[8256],"class_list":{"0":"post-132980","1":"post","2":"type-post","3":"status-publish","4":"format-standard","5":"has-post-thumbnail","7":"category-de-opinion","8":"tag-inocencio-yanez-vicencio"},"yoast_head":"<!-- This site is optimized with the Yoast SEO plugin v27.4 - https:\/\/yoast.com\/product\/yoast-seo-wordpress\/ -->\n<title>ESCALA LA DICTADURA - Los pol\u00edticos Veracruz<\/title>\n<meta name=\"robots\" content=\"index, follow, max-snippet:-1, max-image-preview:large, max-video-preview:-1\" \/>\n<link rel=\"canonical\" href=\"https:\/\/lospoliticosveracruz.com\/?p=132980\" \/>\n<meta property=\"og:locale\" content=\"es_ES\" \/>\n<meta property=\"og:type\" content=\"article\" \/>\n<meta property=\"og:title\" content=\"ESCALA LA DICTADURA - Los pol\u00edticos Veracruz\" \/>\n<meta property=\"og:description\" content=\"Inocencio Y\u00e1\u00f1ez Vicencio Las instituciones pol\u00edticas deben contextualizarse para entenderse. Cada correlaci\u00f3n de fuerzas produce el andamiaje o aparato que expresa el poder surtido de esa relaci\u00f3n social, luego entonces hay que conocer la historia que hizo posible esa forma concreta de dominaci\u00f3n. Los te\u00f3ricos del Estado y del derecho y la teor\u00eda constitucional, c\u00f3mo [&hellip;]\" \/>\n<meta property=\"og:url\" content=\"https:\/\/lospoliticosveracruz.com\/?p=132980\" \/>\n<meta property=\"og:site_name\" content=\"Los pol\u00edticos Veracruz\" \/>\n<meta property=\"article:publisher\" content=\"https:\/\/www.facebook.com\/people\/Notimemes-de-los-Polticos\/61565672886568\/\" \/>\n<meta property=\"article:published_time\" content=\"2024-11-24T19:00:55+00:00\" \/>\n<meta property=\"article:modified_time\" content=\"2024-11-24T19:01:10+00:00\" \/>\n<meta property=\"og:image\" content=\"https:\/\/lospoliticosveracruz.com\/wp-content\/uploads\/2024\/03\/Inocencio-Yanez-Vicencio.jpg\" \/>\n\t<meta property=\"og:image:width\" content=\"1250\" \/>\n\t<meta property=\"og:image:height\" content=\"667\" \/>\n\t<meta property=\"og:image:type\" content=\"image\/jpeg\" \/>\n<meta name=\"author\" content=\"Lo viste en Los Pol\u00edticos\" \/>\n<meta name=\"twitter:card\" content=\"summary_large_image\" \/>\n<meta name=\"twitter:creator\" content=\"@LosPoliticosVer\" \/>\n<meta name=\"twitter:site\" content=\"@LosPoliticosVer\" \/>\n<meta name=\"twitter:label1\" content=\"Escrito por\" \/>\n\t<meta name=\"twitter:data1\" content=\"Lo viste en Los Pol\u00edticos\" \/>\n\t<meta name=\"twitter:label2\" content=\"Tiempo de lectura\" \/>\n\t<meta name=\"twitter:data2\" content=\"5 minutos\" \/>\n<script type=\"application\/ld+json\" class=\"yoast-schema-graph\">{\"@context\":\"https:\\\/\\\/schema.org\",\"@graph\":[{\"@type\":\"Article\",\"@id\":\"https:\\\/\\\/lospoliticosveracruz.com\\\/?p=132980#article\",\"isPartOf\":{\"@id\":\"https:\\\/\\\/lospoliticosveracruz.com\\\/?p=132980\"},\"author\":{\"name\":\"Lo viste en Los Pol\u00edticos\",\"@id\":\"https:\\\/\\\/lospoliticosveracruz.com\\\/#\\\/schema\\\/person\\\/b8702bb0e538456e6efd07080bf2a4a2\"},\"headline\":\"ESCALA LA DICTADURA\",\"datePublished\":\"2024-11-24T19:00:55+00:00\",\"dateModified\":\"2024-11-24T19:01:10+00:00\",\"mainEntityOfPage\":{\"@id\":\"https:\\\/\\\/lospoliticosveracruz.com\\\/?p=132980\"},\"wordCount\":1070,\"publisher\":{\"@id\":\"https:\\\/\\\/lospoliticosveracruz.com\\\/#organization\"},\"image\":{\"@id\":\"https:\\\/\\\/lospoliticosveracruz.com\\\/?p=132980#primaryimage\"},\"thumbnailUrl\":\"https:\\\/\\\/lospoliticosveracruz.com\\\/wp-content\\\/uploads\\\/2024\\\/03\\\/Inocencio-Yanez-Vicencio.jpg\",\"keywords\":[\"Inocencio Y\u00e1\u00f1ez Vicencio\"],\"articleSection\":[\"De Opini\u00f3n\"],\"inLanguage\":\"es\"},{\"@type\":\"WebPage\",\"@id\":\"https:\\\/\\\/lospoliticosveracruz.com\\\/?p=132980\",\"url\":\"https:\\\/\\\/lospoliticosveracruz.com\\\/?p=132980\",\"name\":\"ESCALA LA DICTADURA - Los pol\u00edticos Veracruz\",\"isPartOf\":{\"@id\":\"https:\\\/\\\/lospoliticosveracruz.com\\\/#website\"},\"primaryImageOfPage\":{\"@id\":\"https:\\\/\\\/lospoliticosveracruz.com\\\/?p=132980#primaryimage\"},\"image\":{\"@id\":\"https:\\\/\\\/lospoliticosveracruz.com\\\/?p=132980#primaryimage\"},\"thumbnailUrl\":\"https:\\\/\\\/lospoliticosveracruz.com\\\/wp-content\\\/uploads\\\/2024\\\/03\\\/Inocencio-Yanez-Vicencio.jpg\",\"datePublished\":\"2024-11-24T19:00:55+00:00\",\"dateModified\":\"2024-11-24T19:01:10+00:00\",\"breadcrumb\":{\"@id\":\"https:\\\/\\\/lospoliticosveracruz.com\\\/?p=132980#breadcrumb\"},\"inLanguage\":\"es\",\"potentialAction\":[{\"@type\":\"ReadAction\",\"target\":[\"https:\\\/\\\/lospoliticosveracruz.com\\\/?p=132980\"]}]},{\"@type\":\"ImageObject\",\"inLanguage\":\"es\",\"@id\":\"https:\\\/\\\/lospoliticosveracruz.com\\\/?p=132980#primaryimage\",\"url\":\"https:\\\/\\\/lospoliticosveracruz.com\\\/wp-content\\\/uploads\\\/2024\\\/03\\\/Inocencio-Yanez-Vicencio.jpg\",\"contentUrl\":\"https:\\\/\\\/lospoliticosveracruz.com\\\/wp-content\\\/uploads\\\/2024\\\/03\\\/Inocencio-Yanez-Vicencio.jpg\",\"width\":1250,\"height\":667},{\"@type\":\"BreadcrumbList\",\"@id\":\"https:\\\/\\\/lospoliticosveracruz.com\\\/?p=132980#breadcrumb\",\"itemListElement\":[{\"@type\":\"ListItem\",\"position\":1,\"name\":\"Portada\",\"item\":\"https:\\\/\\\/lospoliticosveracruz.com\\\/\"},{\"@type\":\"ListItem\",\"position\":2,\"name\":\"ESCALA LA DICTADURA\"}]},{\"@type\":\"WebSite\",\"@id\":\"https:\\\/\\\/lospoliticosveracruz.com\\\/#website\",\"url\":\"https:\\\/\\\/lospoliticosveracruz.com\\\/\",\"name\":\"Los pol\u00edticos Veracruz\",\"description\":\"\",\"publisher\":{\"@id\":\"https:\\\/\\\/lospoliticosveracruz.com\\\/#organization\"},\"potentialAction\":[{\"@type\":\"SearchAction\",\"target\":{\"@type\":\"EntryPoint\",\"urlTemplate\":\"https:\\\/\\\/lospoliticosveracruz.com\\\/?s={search_term_string}\"},\"query-input\":{\"@type\":\"PropertyValueSpecification\",\"valueRequired\":true,\"valueName\":\"search_term_string\"}}],\"inLanguage\":\"es\"},{\"@type\":\"Organization\",\"@id\":\"https:\\\/\\\/lospoliticosveracruz.com\\\/#organization\",\"name\":\"Los pol\u00edticos Veracruz\",\"url\":\"https:\\\/\\\/lospoliticosveracruz.com\\\/\",\"logo\":{\"@type\":\"ImageObject\",\"inLanguage\":\"es\",\"@id\":\"https:\\\/\\\/lospoliticosveracruz.com\\\/#\\\/schema\\\/logo\\\/image\\\/\",\"url\":\"https:\\\/\\\/lospoliticosveracruz.com\\\/wp-content\\\/uploads\\\/2025\\\/12\\\/Logo-Nuevo-LOS-POLITICOS-1.jpg\",\"contentUrl\":\"https:\\\/\\\/lospoliticosveracruz.com\\\/wp-content\\\/uploads\\\/2025\\\/12\\\/Logo-Nuevo-LOS-POLITICOS-1.jpg\",\"width\":260,\"height\":70,\"caption\":\"Los pol\u00edticos Veracruz\"},\"image\":{\"@id\":\"https:\\\/\\\/lospoliticosveracruz.com\\\/#\\\/schema\\\/logo\\\/image\\\/\"},\"sameAs\":[\"https:\\\/\\\/www.facebook.com\\\/people\\\/Notimemes-de-los-Polticos\\\/61565672886568\\\/\",\"https:\\\/\\\/x.com\\\/LosPoliticosVer\"]},{\"@type\":\"Person\",\"@id\":\"https:\\\/\\\/lospoliticosveracruz.com\\\/#\\\/schema\\\/person\\\/b8702bb0e538456e6efd07080bf2a4a2\",\"name\":\"Lo viste en Los Pol\u00edticos\",\"image\":{\"@type\":\"ImageObject\",\"inLanguage\":\"es\",\"@id\":\"https:\\\/\\\/secure.gravatar.com\\\/avatar\\\/3a8de04a2656d44082be478bd6c086daa447c4651605818287b9532d3d0bd435?s=96&d=mm&r=g\",\"url\":\"https:\\\/\\\/secure.gravatar.com\\\/avatar\\\/3a8de04a2656d44082be478bd6c086daa447c4651605818287b9532d3d0bd435?s=96&d=mm&r=g\",\"contentUrl\":\"https:\\\/\\\/secure.gravatar.com\\\/avatar\\\/3a8de04a2656d44082be478bd6c086daa447c4651605818287b9532d3d0bd435?s=96&d=mm&r=g\",\"caption\":\"Lo viste en Los Pol\u00edticos\"},\"url\":\"https:\\\/\\\/lospoliticosveracruz.com\\\/?author=2\"}]}<\/script>\n<!-- \/ Yoast SEO plugin. -->","yoast_head_json":{"title":"ESCALA LA DICTADURA - Los pol\u00edticos Veracruz","robots":{"index":"index","follow":"follow","max-snippet":"max-snippet:-1","max-image-preview":"max-image-preview:large","max-video-preview":"max-video-preview:-1"},"canonical":"https:\/\/lospoliticosveracruz.com\/?p=132980","og_locale":"es_ES","og_type":"article","og_title":"ESCALA LA DICTADURA - Los pol\u00edticos Veracruz","og_description":"Inocencio Y\u00e1\u00f1ez Vicencio Las instituciones pol\u00edticas deben contextualizarse para entenderse. Cada correlaci\u00f3n de fuerzas produce el andamiaje o aparato que expresa el poder surtido de esa relaci\u00f3n social, luego entonces hay que conocer la historia que hizo posible esa forma concreta de dominaci\u00f3n. Los te\u00f3ricos del Estado y del derecho y la teor\u00eda constitucional, c\u00f3mo [&hellip;]","og_url":"https:\/\/lospoliticosveracruz.com\/?p=132980","og_site_name":"Los pol\u00edticos Veracruz","article_publisher":"https:\/\/www.facebook.com\/people\/Notimemes-de-los-Polticos\/61565672886568\/","article_published_time":"2024-11-24T19:00:55+00:00","article_modified_time":"2024-11-24T19:01:10+00:00","og_image":[{"width":1250,"height":667,"url":"https:\/\/lospoliticosveracruz.com\/wp-content\/uploads\/2024\/03\/Inocencio-Yanez-Vicencio.jpg","type":"image\/jpeg"}],"author":"Lo viste en Los Pol\u00edticos","twitter_card":"summary_large_image","twitter_creator":"@LosPoliticosVer","twitter_site":"@LosPoliticosVer","twitter_misc":{"Escrito por":"Lo viste en Los Pol\u00edticos","Tiempo de lectura":"5 minutos"},"schema":{"@context":"https:\/\/schema.org","@graph":[{"@type":"Article","@id":"https:\/\/lospoliticosveracruz.com\/?p=132980#article","isPartOf":{"@id":"https:\/\/lospoliticosveracruz.com\/?p=132980"},"author":{"name":"Lo viste en Los Pol\u00edticos","@id":"https:\/\/lospoliticosveracruz.com\/#\/schema\/person\/b8702bb0e538456e6efd07080bf2a4a2"},"headline":"ESCALA LA DICTADURA","datePublished":"2024-11-24T19:00:55+00:00","dateModified":"2024-11-24T19:01:10+00:00","mainEntityOfPage":{"@id":"https:\/\/lospoliticosveracruz.com\/?p=132980"},"wordCount":1070,"publisher":{"@id":"https:\/\/lospoliticosveracruz.com\/#organization"},"image":{"@id":"https:\/\/lospoliticosveracruz.com\/?p=132980#primaryimage"},"thumbnailUrl":"https:\/\/lospoliticosveracruz.com\/wp-content\/uploads\/2024\/03\/Inocencio-Yanez-Vicencio.jpg","keywords":["Inocencio Y\u00e1\u00f1ez Vicencio"],"articleSection":["De Opini\u00f3n"],"inLanguage":"es"},{"@type":"WebPage","@id":"https:\/\/lospoliticosveracruz.com\/?p=132980","url":"https:\/\/lospoliticosveracruz.com\/?p=132980","name":"ESCALA LA DICTADURA - Los pol\u00edticos Veracruz","isPartOf":{"@id":"https:\/\/lospoliticosveracruz.com\/#website"},"primaryImageOfPage":{"@id":"https:\/\/lospoliticosveracruz.com\/?p=132980#primaryimage"},"image":{"@id":"https:\/\/lospoliticosveracruz.com\/?p=132980#primaryimage"},"thumbnailUrl":"https:\/\/lospoliticosveracruz.com\/wp-content\/uploads\/2024\/03\/Inocencio-Yanez-Vicencio.jpg","datePublished":"2024-11-24T19:00:55+00:00","dateModified":"2024-11-24T19:01:10+00:00","breadcrumb":{"@id":"https:\/\/lospoliticosveracruz.com\/?p=132980#breadcrumb"},"inLanguage":"es","potentialAction":[{"@type":"ReadAction","target":["https:\/\/lospoliticosveracruz.com\/?p=132980"]}]},{"@type":"ImageObject","inLanguage":"es","@id":"https:\/\/lospoliticosveracruz.com\/?p=132980#primaryimage","url":"https:\/\/lospoliticosveracruz.com\/wp-content\/uploads\/2024\/03\/Inocencio-Yanez-Vicencio.jpg","contentUrl":"https:\/\/lospoliticosveracruz.com\/wp-content\/uploads\/2024\/03\/Inocencio-Yanez-Vicencio.jpg","width":1250,"height":667},{"@type":"BreadcrumbList","@id":"https:\/\/lospoliticosveracruz.com\/?p=132980#breadcrumb","itemListElement":[{"@type":"ListItem","position":1,"name":"Portada","item":"https:\/\/lospoliticosveracruz.com\/"},{"@type":"ListItem","position":2,"name":"ESCALA LA DICTADURA"}]},{"@type":"WebSite","@id":"https:\/\/lospoliticosveracruz.com\/#website","url":"https:\/\/lospoliticosveracruz.com\/","name":"Los pol\u00edticos Veracruz","description":"","publisher":{"@id":"https:\/\/lospoliticosveracruz.com\/#organization"},"potentialAction":[{"@type":"SearchAction","target":{"@type":"EntryPoint","urlTemplate":"https:\/\/lospoliticosveracruz.com\/?s={search_term_string}"},"query-input":{"@type":"PropertyValueSpecification","valueRequired":true,"valueName":"search_term_string"}}],"inLanguage":"es"},{"@type":"Organization","@id":"https:\/\/lospoliticosveracruz.com\/#organization","name":"Los pol\u00edticos Veracruz","url":"https:\/\/lospoliticosveracruz.com\/","logo":{"@type":"ImageObject","inLanguage":"es","@id":"https:\/\/lospoliticosveracruz.com\/#\/schema\/logo\/image\/","url":"https:\/\/lospoliticosveracruz.com\/wp-content\/uploads\/2025\/12\/Logo-Nuevo-LOS-POLITICOS-1.jpg","contentUrl":"https:\/\/lospoliticosveracruz.com\/wp-content\/uploads\/2025\/12\/Logo-Nuevo-LOS-POLITICOS-1.jpg","width":260,"height":70,"caption":"Los pol\u00edticos Veracruz"},"image":{"@id":"https:\/\/lospoliticosveracruz.com\/#\/schema\/logo\/image\/"},"sameAs":["https:\/\/www.facebook.com\/people\/Notimemes-de-los-Polticos\/61565672886568\/","https:\/\/x.com\/LosPoliticosVer"]},{"@type":"Person","@id":"https:\/\/lospoliticosveracruz.com\/#\/schema\/person\/b8702bb0e538456e6efd07080bf2a4a2","name":"Lo viste en Los Pol\u00edticos","image":{"@type":"ImageObject","inLanguage":"es","@id":"https:\/\/secure.gravatar.com\/avatar\/3a8de04a2656d44082be478bd6c086daa447c4651605818287b9532d3d0bd435?s=96&d=mm&r=g","url":"https:\/\/secure.gravatar.com\/avatar\/3a8de04a2656d44082be478bd6c086daa447c4651605818287b9532d3d0bd435?s=96&d=mm&r=g","contentUrl":"https:\/\/secure.gravatar.com\/avatar\/3a8de04a2656d44082be478bd6c086daa447c4651605818287b9532d3d0bd435?s=96&d=mm&r=g","caption":"Lo viste en Los Pol\u00edticos"},"url":"https:\/\/lospoliticosveracruz.com\/?author=2"}]}},"_links":{"self":[{"href":"https:\/\/lospoliticosveracruz.com\/index.php?rest_route=\/wp\/v2\/posts\/132980","targetHints":{"allow":["GET"]}}],"collection":[{"href":"https:\/\/lospoliticosveracruz.com\/index.php?rest_route=\/wp\/v2\/posts"}],"about":[{"href":"https:\/\/lospoliticosveracruz.com\/index.php?rest_route=\/wp\/v2\/types\/post"}],"author":[{"embeddable":true,"href":"https:\/\/lospoliticosveracruz.com\/index.php?rest_route=\/wp\/v2\/users\/2"}],"replies":[{"embeddable":true,"href":"https:\/\/lospoliticosveracruz.com\/index.php?rest_route=%2Fwp%2Fv2%2Fcomments&post=132980"}],"version-history":[{"count":1,"href":"https:\/\/lospoliticosveracruz.com\/index.php?rest_route=\/wp\/v2\/posts\/132980\/revisions"}],"predecessor-version":[{"id":132981,"href":"https:\/\/lospoliticosveracruz.com\/index.php?rest_route=\/wp\/v2\/posts\/132980\/revisions\/132981"}],"wp:featuredmedia":[{"embeddable":true,"href":"https:\/\/lospoliticosveracruz.com\/index.php?rest_route=\/wp\/v2\/media\/120033"}],"wp:attachment":[{"href":"https:\/\/lospoliticosveracruz.com\/index.php?rest_route=%2Fwp%2Fv2%2Fmedia&parent=132980"}],"wp:term":[{"taxonomy":"category","embeddable":true,"href":"https:\/\/lospoliticosveracruz.com\/index.php?rest_route=%2Fwp%2Fv2%2Fcategories&post=132980"},{"taxonomy":"post_tag","embeddable":true,"href":"https:\/\/lospoliticosveracruz.com\/index.php?rest_route=%2Fwp%2Fv2%2Ftags&post=132980"}],"curies":[{"name":"wp","href":"https:\/\/api.w.org\/{rel}","templated":true}]}}