{"id":133159,"date":"2024-11-27T20:41:37","date_gmt":"2024-11-28T02:41:37","guid":{"rendered":"https:\/\/lospoliticosveracruz.com.mx\/?p=133159"},"modified":"2024-11-28T07:43:37","modified_gmt":"2024-11-28T13:43:37","slug":"133159","status":"publish","type":"post","link":"https:\/\/lospoliticosveracruz.com\/?p=133159","title":{"rendered":"LUPE Y SISNIEGA; JANETH Y DIEGO"},"content":{"rendered":"\n<p><br><strong>Salvador Mu\u00f1oz<\/strong><br><em>Los Pol\u00edticos<\/em><\/p>\n\n\n\n<p>Algo hay que resaltar en la intervenci\u00f3n de la diputada Indira Rosales San Rom\u00e1n cuando se dirigi\u00f3 a la titular de Sesver, Guadalupe D\u00edaz del Castillo: le toca hacer frente a la serie de irregularidades que sus antecesores le dejaron.<br>Hay que agregar algo a esa intervenci\u00f3n: Mucho de lo que gener\u00f3 esas irregularidades que cita la legisladora, se mantuvieron hasta el fin de esta administraci\u00f3n cuitlahuista y tienen nombre y apellido: Guadalupe D\u00edaz del Castillo y de Jorge Eduardo Sisniega Fern\u00e1ndez, director administrativo.<\/p>\n\n\n<div class=\"wp-block-image\">\n<figure class=\"alignleft size-medium\"><a href=\"https:\/\/lospoliticosveracruz.com.mx\/wp-content\/uploads\/2021\/10\/WhatsApp-Image-2021-10-02-at-15.20.25.jpeg\"><img loading=\"lazy\" decoding=\"async\" width=\"212\" height=\"300\" src=\"https:\/\/lospoliticosveracruz.com.mx\/wp-content\/uploads\/2021\/10\/WhatsApp-Image-2021-10-02-at-15.20.25-212x300.jpeg\" alt=\"\" class=\"wp-image-80177\" srcset=\"https:\/\/lospoliticosveracruz.com\/wp-content\/uploads\/2021\/10\/WhatsApp-Image-2021-10-02-at-15.20.25-212x300.jpeg 212w, https:\/\/lospoliticosveracruz.com\/wp-content\/uploads\/2021\/10\/WhatsApp-Image-2021-10-02-at-15.20.25-724x1024.jpeg 724w, https:\/\/lospoliticosveracruz.com\/wp-content\/uploads\/2021\/10\/WhatsApp-Image-2021-10-02-at-15.20.25-768x1086.jpeg 768w, https:\/\/lospoliticosveracruz.com\/wp-content\/uploads\/2021\/10\/WhatsApp-Image-2021-10-02-at-15.20.25.jpeg 905w\" sizes=\"auto, (max-width: 212px) 100vw, 212px\" \/><\/a><\/figure>\n<\/div>\n\n\n<p><br>Hay detalles que enfatizan el por qu\u00e9, como dijo la diputada Elena C\u00f3rdova Molina, dejan a Veracruz en terapia intensiva y una enorme chamba al cardi\u00f3logo Valent\u00edn Herrera Alarc\u00f3n.<br>Se habla ya de serias deficiencias en la entrega recepci\u00f3n y negatividad por parte de Guadalupe Diaz del Castillo y de Jorge Eduardo Sisniega Fern\u00e1ndez, en recibir al equipo de entrega-recepci\u00f3n de la Gobernadora Roc\u00edo Nahle.<br>A ello se a\u00fana las diversas ocasiones en que se presentaron problemas de log\u00edstica por parte del personal administrativo con el personal de la entrega-recepci\u00f3n a cargo del doctor Valent\u00edn Herrera Alarc\u00f3n.<br>Hay evidencias de que Jorge Sisniega basific\u00f3 a personal de confianza entregando plazas por arriba de personas con mayor tiempo de antig\u00fcedad dentro de la Secretar\u00eda de Salud.<br>En otros temas, sobre los aceleradores lineales del Cecan, los equipos llegaron, pero el uso y el espacio destinado para que estas unidades operen, no se encuentra listo, siguen en proceso de creaci\u00f3n y adaptaci\u00f3n lo que va en detrimento de los enfermos de c\u00e1ncer.<br>Ni qu\u00e9 decir del parque vehicular de la Sesver: por lo menos un 60% de las unidades se encuentran en malas (p\u00e9simas) condiciones, lo que complica la operatividad de la Secretar\u00eda de Salud.<br>Hay denuncias en la unidad de G\u00e9nero por represalias de la titular de Adicciones donde no cumpli\u00f3 con las medidas de seguridad aplicadas a una trabajadora, violentando sus derechos y optando por renunciar a su contrato laboral.<br>Hasta el momento, el cardi\u00f3logo Valent\u00edn Herrera Alarc\u00f3n ha sido prudente para no entorpecer los trabajos de entrega-recepci\u00f3n, pero no por ello, ciego al desfalco y el nulo trabajo desempe\u00f1ado durante esta administraci\u00f3n; funcionarios amparados bajo el poder y el mando de Cuitl\u00e1huac Garc\u00eda, quien orden\u00f3 poner todos los insumos humanos y t\u00e9cnicos al servicio de IMSS-Bienestar, quienes fueron contratados y muchos de ellos perdieron su antig\u00fcedad.<\/p>\n\n\n\n<p><strong>LA AUTORIDAD DE JANETH<br><\/strong>Por lo regular, a lo largo de estas comparecencias que menguan, destacan los diputados que son incisivos, cr\u00edticos, que argumentan y hacen ver inestables, mal, fuera de lugar al secretario cuestionado.<br>Ah\u00ed tenemos a H\u00e9ctor Yunes, Indira Rosales, Elena C\u00f3rdova y quiz\u00e1s hasta el Chino \u00c1vila, que aqu\u00ed entre nos, por cierto, es el dueto naranja que se ha aventado todas las comparecencias\u2026<br>Pero durante la comparecencia de la titular de Sesver, Guadalupe D\u00edaz del Castillo Flores, hay que resaltar el papel que desempe\u00f1\u00f3 la presidenta de la Comisi\u00f3n de Salud y Asistencia, Janeth Adanely Rodr\u00edguez Rodr\u00edguez.<br>La joven diputada local de Poza Rica llev\u00f3 de manera tersa pero firme la conducci\u00f3n de la Comparecencia, a tal grado que hizo sentir el rigor nada m\u00e1s y nada menos que a la legisladora azul, Indira Rosales San Rom\u00e1n en algo tan simple como el tiempo.<br>No se niega las tablas que tiene la porte\u00f1a a la hora de usar el micr\u00f3fono, pero mal no se vio la diputada Janeth, cuando sin aspavientos, le hizo entender a la panista que su tiempo se le hab\u00eda agotado para cuestionar a la titular de Salud \u00a1por dos ocasiones! Bast\u00f3 un ligero movimiento de cabeza para que le apagaran el micr\u00f3fono a Indira, quien ni chist\u00f3, acatando de cierto modo, la autoridad de Rodr\u00edguez Rodr\u00edguez.<\/p>\n\n\n\n<p><strong>LA INICIATIVA DE DIEGO<br><\/strong>Independientemente de los tonos, colores y matices pol\u00edticos que le quieran poner a la Iniciativa del diputado Diego Casta\u00f1eda Aburto, no deja de tener un criterio acorde con los tiempos de la Cuarta Transformaci\u00f3n, porque se da oportunidad de llevar al Fiscal en turno, a una evaluaci\u00f3n de desempe\u00f1o, algo as\u00ed como someterse a una \u201crevocaci\u00f3n de mandato\u201d\u2026<br>Hablo de la iniciativa de decreto que reforma y adiciona diversas disposiciones de la Constituci\u00f3n Pol\u00edtica local, en materia de Procuraci\u00f3n de Justicia, que contempla bajar de nueve a cuatro a\u00f1os el periodo en el cargo.<br>Hay que agregar un dato:<br>En la Autonom\u00eda de nuestra Fiscal\u00eda General del Estado, hemos tenido tres titulares y ninguno de ellos ha cumplido el plazo por el que fue elegido\u2026 pas\u00f3 el Fiscul\u00edn Luis \u00c1ngel Bravo; Juan Javier G\u00f3mez Cazar\u00edn tumb\u00f3 a Jorge Winckler y todo indica que Ver\u00f3nica Hern\u00e1ndez Giad\u00e1ns, quien ya lleva m\u00e1s de cuatro a\u00f1os al frente de la FGE, ha de dar un paso al lado en lugar de someterse a una Evaluaci\u00f3n en aras de un segundo periodo, y m\u00e1s despu\u00e9s de que pidiera a Juez retirar las \u00f3rdenes de aprehensi\u00f3n contra Miguel \u00c1ngel Yunes M\u00e1rquez, algo que no debe tener contentos a muchos\u2026 y muchas.<br>El presidente de la Comisi\u00f3n de Procuraci\u00f3n de Justicia propone que la o el titular de la FGE ser\u00e1 una persona honorable, con conocimientos y experiencia en el \u00e1mbito jur\u00eddico y de procuraci\u00f3n de justicia, capacidad de administraci\u00f3n y direcci\u00f3n institucional, dise\u00f1o y ejecuci\u00f3n de pol\u00edticas p\u00fablicas, independiente en su actuaci\u00f3n, con una visi\u00f3n de respeto y protecci\u00f3n a los derechos humanos, atenci\u00f3n a las v\u00edctimas y perspectiva de g\u00e9nero. \u00a1Una chamba para Di\u00f3genes, porque la o el Fiscal saldr\u00e1 de una terna!<br>En lo particular, el reducir de nueve a cuatro a\u00f1os la funci\u00f3n del Fiscal, y ser sometido a una evaluaci\u00f3n, ser\u00e1 un buen \u201cdesempe\u00f1\u00f3metro\u201d que en una de \u00e9sas, debiera replicarse en otros cargos\u2026<\/p>\n","protected":false},"excerpt":{"rendered":"<p>Salvador Mu\u00f1ozLos Pol\u00edticos Algo hay que resaltar en la intervenci\u00f3n de la diputada Indira Rosales San Rom\u00e1n cuando se dirigi\u00f3 a la titular de Sesver, Guadalupe D\u00edaz del Castillo: le toca hacer frente a la serie de irregularidades que sus antecesores le dejaron.Hay que agregar algo a esa intervenci\u00f3n: Mucho de lo que gener\u00f3 esas [&hellip;]<\/p>\n","protected":false},"author":2,"featured_media":119941,"comment_status":"closed","ping_status":"closed","sticky":false,"template":"","format":"standard","meta":{"tdm_status":"","tdm_grid_status":"","footnotes":""},"categories":[70],"tags":[297,15389,4673,20348,21496,13470,42383,23485,998,41241],"class_list":{"0":"post-133159","1":"post","2":"type-post","3":"status-publish","4":"format-standard","5":"has-post-thumbnail","7":"category-de-opinion","8":"tag-cecan","9":"tag-diego-castaneda-aburto","10":"tag-elena-cordova-molina","11":"tag-guadalupe-diaz-del-castillo","12":"tag-guadalupe-diaz-del-castillo-flores","13":"tag-imss-bienestar","14":"tag-janeth-adanely-rodriguez-rodriguez","15":"tag-jorge-eduardo-sisniega-fernandez","16":"tag-sesver","17":"tag-valentin-herrera-alarcon"},"yoast_head":"<!-- This site is optimized with the Yoast SEO plugin v27.4 - https:\/\/yoast.com\/product\/yoast-seo-wordpress\/ -->\n<title>LUPE Y SISNIEGA; JANETH Y DIEGO - Los pol\u00edticos Veracruz<\/title>\n<meta name=\"robots\" content=\"index, follow, max-snippet:-1, max-image-preview:large, max-video-preview:-1\" \/>\n<link rel=\"canonical\" href=\"https:\/\/lospoliticosveracruz.com\/?p=133159\" \/>\n<meta property=\"og:locale\" content=\"es_ES\" \/>\n<meta property=\"og:type\" content=\"article\" \/>\n<meta property=\"og:title\" content=\"LUPE Y SISNIEGA; JANETH Y DIEGO - Los pol\u00edticos Veracruz\" \/>\n<meta property=\"og:description\" content=\"Salvador Mu\u00f1ozLos Pol\u00edticos Algo hay que resaltar en la intervenci\u00f3n de la diputada Indira Rosales San Rom\u00e1n cuando se dirigi\u00f3 a la titular de Sesver, Guadalupe D\u00edaz del Castillo: le toca hacer frente a la serie de irregularidades que sus antecesores le dejaron.Hay que agregar algo a esa intervenci\u00f3n: Mucho de lo que gener\u00f3 esas [&hellip;]\" \/>\n<meta property=\"og:url\" content=\"https:\/\/lospoliticosveracruz.com\/?p=133159\" \/>\n<meta property=\"og:site_name\" content=\"Los pol\u00edticos Veracruz\" \/>\n<meta property=\"article:publisher\" content=\"https:\/\/www.facebook.com\/people\/Notimemes-de-los-Polticos\/61565672886568\/\" \/>\n<meta property=\"article:published_time\" content=\"2024-11-28T02:41:37+00:00\" \/>\n<meta property=\"article:modified_time\" content=\"2024-11-28T13:43:37+00:00\" \/>\n<meta property=\"og:image\" content=\"https:\/\/lospoliticosveracruz.com\/wp-content\/uploads\/2024\/03\/Salvador-Munoz.jpg\" \/>\n\t<meta property=\"og:image:width\" content=\"1250\" \/>\n\t<meta property=\"og:image:height\" content=\"667\" \/>\n\t<meta property=\"og:image:type\" content=\"image\/jpeg\" \/>\n<meta name=\"author\" content=\"Lo viste en Los Pol\u00edticos\" \/>\n<meta name=\"twitter:card\" content=\"summary_large_image\" \/>\n<meta name=\"twitter:creator\" content=\"@LosPoliticosVer\" \/>\n<meta name=\"twitter:site\" content=\"@LosPoliticosVer\" \/>\n<meta name=\"twitter:label1\" content=\"Escrito por\" \/>\n\t<meta name=\"twitter:data1\" content=\"Lo viste en Los Pol\u00edticos\" \/>\n\t<meta name=\"twitter:label2\" content=\"Tiempo de lectura\" \/>\n\t<meta name=\"twitter:data2\" content=\"5 minutos\" \/>\n<script type=\"application\/ld+json\" class=\"yoast-schema-graph\">{\"@context\":\"https:\\\/\\\/schema.org\",\"@graph\":[{\"@type\":\"Article\",\"@id\":\"https:\\\/\\\/lospoliticosveracruz.com\\\/?p=133159#article\",\"isPartOf\":{\"@id\":\"https:\\\/\\\/lospoliticosveracruz.com\\\/?p=133159\"},\"author\":{\"name\":\"Lo viste en Los Pol\u00edticos\",\"@id\":\"https:\\\/\\\/lospoliticosveracruz.com\\\/#\\\/schema\\\/person\\\/b8702bb0e538456e6efd07080bf2a4a2\"},\"headline\":\"LUPE Y SISNIEGA; JANETH Y DIEGO\",\"datePublished\":\"2024-11-28T02:41:37+00:00\",\"dateModified\":\"2024-11-28T13:43:37+00:00\",\"mainEntityOfPage\":{\"@id\":\"https:\\\/\\\/lospoliticosveracruz.com\\\/?p=133159\"},\"wordCount\":1054,\"publisher\":{\"@id\":\"https:\\\/\\\/lospoliticosveracruz.com\\\/#organization\"},\"image\":{\"@id\":\"https:\\\/\\\/lospoliticosveracruz.com\\\/?p=133159#primaryimage\"},\"thumbnailUrl\":\"https:\\\/\\\/lospoliticosveracruz.com\\\/wp-content\\\/uploads\\\/2024\\\/03\\\/Salvador-Munoz.jpg\",\"keywords\":[\"Cecan\",\"Diego Casta\u00f1eda Aburto\",\"Elena C\u00f3rdova Molina\",\"Guadalupe D\u00edaz del Castillo\",\"Guadalupe D\u00edaz del Castillo Flores\",\"IMSS-Bienestar\",\"Janeth Adanely Rodr\u00edguez Rodr\u00edguez\",\"Jorge Eduardo Sisniega Fern\u00e1ndez\",\"Sesver\",\"Valent\u00edn Herrera Alarc\u00f3n\"],\"articleSection\":[\"De Opini\u00f3n\"],\"inLanguage\":\"es\"},{\"@type\":\"WebPage\",\"@id\":\"https:\\\/\\\/lospoliticosveracruz.com\\\/?p=133159\",\"url\":\"https:\\\/\\\/lospoliticosveracruz.com\\\/?p=133159\",\"name\":\"LUPE Y SISNIEGA; JANETH Y DIEGO - Los pol\u00edticos Veracruz\",\"isPartOf\":{\"@id\":\"https:\\\/\\\/lospoliticosveracruz.com\\\/#website\"},\"primaryImageOfPage\":{\"@id\":\"https:\\\/\\\/lospoliticosveracruz.com\\\/?p=133159#primaryimage\"},\"image\":{\"@id\":\"https:\\\/\\\/lospoliticosveracruz.com\\\/?p=133159#primaryimage\"},\"thumbnailUrl\":\"https:\\\/\\\/lospoliticosveracruz.com\\\/wp-content\\\/uploads\\\/2024\\\/03\\\/Salvador-Munoz.jpg\",\"datePublished\":\"2024-11-28T02:41:37+00:00\",\"dateModified\":\"2024-11-28T13:43:37+00:00\",\"breadcrumb\":{\"@id\":\"https:\\\/\\\/lospoliticosveracruz.com\\\/?p=133159#breadcrumb\"},\"inLanguage\":\"es\",\"potentialAction\":[{\"@type\":\"ReadAction\",\"target\":[\"https:\\\/\\\/lospoliticosveracruz.com\\\/?p=133159\"]}]},{\"@type\":\"ImageObject\",\"inLanguage\":\"es\",\"@id\":\"https:\\\/\\\/lospoliticosveracruz.com\\\/?p=133159#primaryimage\",\"url\":\"https:\\\/\\\/lospoliticosveracruz.com\\\/wp-content\\\/uploads\\\/2024\\\/03\\\/Salvador-Munoz.jpg\",\"contentUrl\":\"https:\\\/\\\/lospoliticosveracruz.com\\\/wp-content\\\/uploads\\\/2024\\\/03\\\/Salvador-Munoz.jpg\",\"width\":1250,\"height\":667},{\"@type\":\"BreadcrumbList\",\"@id\":\"https:\\\/\\\/lospoliticosveracruz.com\\\/?p=133159#breadcrumb\",\"itemListElement\":[{\"@type\":\"ListItem\",\"position\":1,\"name\":\"Portada\",\"item\":\"https:\\\/\\\/lospoliticosveracruz.com\\\/\"},{\"@type\":\"ListItem\",\"position\":2,\"name\":\"LUPE Y SISNIEGA; JANETH Y DIEGO\"}]},{\"@type\":\"WebSite\",\"@id\":\"https:\\\/\\\/lospoliticosveracruz.com\\\/#website\",\"url\":\"https:\\\/\\\/lospoliticosveracruz.com\\\/\",\"name\":\"Los pol\u00edticos Veracruz\",\"description\":\"\",\"publisher\":{\"@id\":\"https:\\\/\\\/lospoliticosveracruz.com\\\/#organization\"},\"potentialAction\":[{\"@type\":\"SearchAction\",\"target\":{\"@type\":\"EntryPoint\",\"urlTemplate\":\"https:\\\/\\\/lospoliticosveracruz.com\\\/?s={search_term_string}\"},\"query-input\":{\"@type\":\"PropertyValueSpecification\",\"valueRequired\":true,\"valueName\":\"search_term_string\"}}],\"inLanguage\":\"es\"},{\"@type\":\"Organization\",\"@id\":\"https:\\\/\\\/lospoliticosveracruz.com\\\/#organization\",\"name\":\"Los pol\u00edticos Veracruz\",\"url\":\"https:\\\/\\\/lospoliticosveracruz.com\\\/\",\"logo\":{\"@type\":\"ImageObject\",\"inLanguage\":\"es\",\"@id\":\"https:\\\/\\\/lospoliticosveracruz.com\\\/#\\\/schema\\\/logo\\\/image\\\/\",\"url\":\"https:\\\/\\\/lospoliticosveracruz.com\\\/wp-content\\\/uploads\\\/2025\\\/12\\\/Logo-Nuevo-LOS-POLITICOS-1.jpg\",\"contentUrl\":\"https:\\\/\\\/lospoliticosveracruz.com\\\/wp-content\\\/uploads\\\/2025\\\/12\\\/Logo-Nuevo-LOS-POLITICOS-1.jpg\",\"width\":260,\"height\":70,\"caption\":\"Los pol\u00edticos Veracruz\"},\"image\":{\"@id\":\"https:\\\/\\\/lospoliticosveracruz.com\\\/#\\\/schema\\\/logo\\\/image\\\/\"},\"sameAs\":[\"https:\\\/\\\/www.facebook.com\\\/people\\\/Notimemes-de-los-Polticos\\\/61565672886568\\\/\",\"https:\\\/\\\/x.com\\\/LosPoliticosVer\"]},{\"@type\":\"Person\",\"@id\":\"https:\\\/\\\/lospoliticosveracruz.com\\\/#\\\/schema\\\/person\\\/b8702bb0e538456e6efd07080bf2a4a2\",\"name\":\"Lo viste en Los Pol\u00edticos\",\"image\":{\"@type\":\"ImageObject\",\"inLanguage\":\"es\",\"@id\":\"https:\\\/\\\/secure.gravatar.com\\\/avatar\\\/3a8de04a2656d44082be478bd6c086daa447c4651605818287b9532d3d0bd435?s=96&d=mm&r=g\",\"url\":\"https:\\\/\\\/secure.gravatar.com\\\/avatar\\\/3a8de04a2656d44082be478bd6c086daa447c4651605818287b9532d3d0bd435?s=96&d=mm&r=g\",\"contentUrl\":\"https:\\\/\\\/secure.gravatar.com\\\/avatar\\\/3a8de04a2656d44082be478bd6c086daa447c4651605818287b9532d3d0bd435?s=96&d=mm&r=g\",\"caption\":\"Lo viste en Los Pol\u00edticos\"},\"url\":\"https:\\\/\\\/lospoliticosveracruz.com\\\/?author=2\"}]}<\/script>\n<!-- \/ Yoast SEO plugin. -->","yoast_head_json":{"title":"LUPE Y SISNIEGA; JANETH Y DIEGO - Los pol\u00edticos Veracruz","robots":{"index":"index","follow":"follow","max-snippet":"max-snippet:-1","max-image-preview":"max-image-preview:large","max-video-preview":"max-video-preview:-1"},"canonical":"https:\/\/lospoliticosveracruz.com\/?p=133159","og_locale":"es_ES","og_type":"article","og_title":"LUPE Y SISNIEGA; JANETH Y DIEGO - Los pol\u00edticos Veracruz","og_description":"Salvador Mu\u00f1ozLos Pol\u00edticos Algo hay que resaltar en la intervenci\u00f3n de la diputada Indira Rosales San Rom\u00e1n cuando se dirigi\u00f3 a la titular de Sesver, Guadalupe D\u00edaz del Castillo: le toca hacer frente a la serie de irregularidades que sus antecesores le dejaron.Hay que agregar algo a esa intervenci\u00f3n: Mucho de lo que gener\u00f3 esas [&hellip;]","og_url":"https:\/\/lospoliticosveracruz.com\/?p=133159","og_site_name":"Los pol\u00edticos Veracruz","article_publisher":"https:\/\/www.facebook.com\/people\/Notimemes-de-los-Polticos\/61565672886568\/","article_published_time":"2024-11-28T02:41:37+00:00","article_modified_time":"2024-11-28T13:43:37+00:00","og_image":[{"width":1250,"height":667,"url":"https:\/\/lospoliticosveracruz.com\/wp-content\/uploads\/2024\/03\/Salvador-Munoz.jpg","type":"image\/jpeg"}],"author":"Lo viste en Los Pol\u00edticos","twitter_card":"summary_large_image","twitter_creator":"@LosPoliticosVer","twitter_site":"@LosPoliticosVer","twitter_misc":{"Escrito por":"Lo viste en Los Pol\u00edticos","Tiempo de lectura":"5 minutos"},"schema":{"@context":"https:\/\/schema.org","@graph":[{"@type":"Article","@id":"https:\/\/lospoliticosveracruz.com\/?p=133159#article","isPartOf":{"@id":"https:\/\/lospoliticosveracruz.com\/?p=133159"},"author":{"name":"Lo viste en Los Pol\u00edticos","@id":"https:\/\/lospoliticosveracruz.com\/#\/schema\/person\/b8702bb0e538456e6efd07080bf2a4a2"},"headline":"LUPE Y SISNIEGA; JANETH Y DIEGO","datePublished":"2024-11-28T02:41:37+00:00","dateModified":"2024-11-28T13:43:37+00:00","mainEntityOfPage":{"@id":"https:\/\/lospoliticosveracruz.com\/?p=133159"},"wordCount":1054,"publisher":{"@id":"https:\/\/lospoliticosveracruz.com\/#organization"},"image":{"@id":"https:\/\/lospoliticosveracruz.com\/?p=133159#primaryimage"},"thumbnailUrl":"https:\/\/lospoliticosveracruz.com\/wp-content\/uploads\/2024\/03\/Salvador-Munoz.jpg","keywords":["Cecan","Diego Casta\u00f1eda Aburto","Elena C\u00f3rdova Molina","Guadalupe D\u00edaz del Castillo","Guadalupe D\u00edaz del Castillo Flores","IMSS-Bienestar","Janeth Adanely Rodr\u00edguez Rodr\u00edguez","Jorge Eduardo Sisniega Fern\u00e1ndez","Sesver","Valent\u00edn Herrera Alarc\u00f3n"],"articleSection":["De Opini\u00f3n"],"inLanguage":"es"},{"@type":"WebPage","@id":"https:\/\/lospoliticosveracruz.com\/?p=133159","url":"https:\/\/lospoliticosveracruz.com\/?p=133159","name":"LUPE Y SISNIEGA; JANETH Y DIEGO - Los pol\u00edticos Veracruz","isPartOf":{"@id":"https:\/\/lospoliticosveracruz.com\/#website"},"primaryImageOfPage":{"@id":"https:\/\/lospoliticosveracruz.com\/?p=133159#primaryimage"},"image":{"@id":"https:\/\/lospoliticosveracruz.com\/?p=133159#primaryimage"},"thumbnailUrl":"https:\/\/lospoliticosveracruz.com\/wp-content\/uploads\/2024\/03\/Salvador-Munoz.jpg","datePublished":"2024-11-28T02:41:37+00:00","dateModified":"2024-11-28T13:43:37+00:00","breadcrumb":{"@id":"https:\/\/lospoliticosveracruz.com\/?p=133159#breadcrumb"},"inLanguage":"es","potentialAction":[{"@type":"ReadAction","target":["https:\/\/lospoliticosveracruz.com\/?p=133159"]}]},{"@type":"ImageObject","inLanguage":"es","@id":"https:\/\/lospoliticosveracruz.com\/?p=133159#primaryimage","url":"https:\/\/lospoliticosveracruz.com\/wp-content\/uploads\/2024\/03\/Salvador-Munoz.jpg","contentUrl":"https:\/\/lospoliticosveracruz.com\/wp-content\/uploads\/2024\/03\/Salvador-Munoz.jpg","width":1250,"height":667},{"@type":"BreadcrumbList","@id":"https:\/\/lospoliticosveracruz.com\/?p=133159#breadcrumb","itemListElement":[{"@type":"ListItem","position":1,"name":"Portada","item":"https:\/\/lospoliticosveracruz.com\/"},{"@type":"ListItem","position":2,"name":"LUPE Y SISNIEGA; JANETH Y DIEGO"}]},{"@type":"WebSite","@id":"https:\/\/lospoliticosveracruz.com\/#website","url":"https:\/\/lospoliticosveracruz.com\/","name":"Los pol\u00edticos Veracruz","description":"","publisher":{"@id":"https:\/\/lospoliticosveracruz.com\/#organization"},"potentialAction":[{"@type":"SearchAction","target":{"@type":"EntryPoint","urlTemplate":"https:\/\/lospoliticosveracruz.com\/?s={search_term_string}"},"query-input":{"@type":"PropertyValueSpecification","valueRequired":true,"valueName":"search_term_string"}}],"inLanguage":"es"},{"@type":"Organization","@id":"https:\/\/lospoliticosveracruz.com\/#organization","name":"Los pol\u00edticos Veracruz","url":"https:\/\/lospoliticosveracruz.com\/","logo":{"@type":"ImageObject","inLanguage":"es","@id":"https:\/\/lospoliticosveracruz.com\/#\/schema\/logo\/image\/","url":"https:\/\/lospoliticosveracruz.com\/wp-content\/uploads\/2025\/12\/Logo-Nuevo-LOS-POLITICOS-1.jpg","contentUrl":"https:\/\/lospoliticosveracruz.com\/wp-content\/uploads\/2025\/12\/Logo-Nuevo-LOS-POLITICOS-1.jpg","width":260,"height":70,"caption":"Los pol\u00edticos Veracruz"},"image":{"@id":"https:\/\/lospoliticosveracruz.com\/#\/schema\/logo\/image\/"},"sameAs":["https:\/\/www.facebook.com\/people\/Notimemes-de-los-Polticos\/61565672886568\/","https:\/\/x.com\/LosPoliticosVer"]},{"@type":"Person","@id":"https:\/\/lospoliticosveracruz.com\/#\/schema\/person\/b8702bb0e538456e6efd07080bf2a4a2","name":"Lo viste en Los Pol\u00edticos","image":{"@type":"ImageObject","inLanguage":"es","@id":"https:\/\/secure.gravatar.com\/avatar\/3a8de04a2656d44082be478bd6c086daa447c4651605818287b9532d3d0bd435?s=96&d=mm&r=g","url":"https:\/\/secure.gravatar.com\/avatar\/3a8de04a2656d44082be478bd6c086daa447c4651605818287b9532d3d0bd435?s=96&d=mm&r=g","contentUrl":"https:\/\/secure.gravatar.com\/avatar\/3a8de04a2656d44082be478bd6c086daa447c4651605818287b9532d3d0bd435?s=96&d=mm&r=g","caption":"Lo viste en Los Pol\u00edticos"},"url":"https:\/\/lospoliticosveracruz.com\/?author=2"}]}},"_links":{"self":[{"href":"https:\/\/lospoliticosveracruz.com\/index.php?rest_route=\/wp\/v2\/posts\/133159","targetHints":{"allow":["GET"]}}],"collection":[{"href":"https:\/\/lospoliticosveracruz.com\/index.php?rest_route=\/wp\/v2\/posts"}],"about":[{"href":"https:\/\/lospoliticosveracruz.com\/index.php?rest_route=\/wp\/v2\/types\/post"}],"author":[{"embeddable":true,"href":"https:\/\/lospoliticosveracruz.com\/index.php?rest_route=\/wp\/v2\/users\/2"}],"replies":[{"embeddable":true,"href":"https:\/\/lospoliticosveracruz.com\/index.php?rest_route=%2Fwp%2Fv2%2Fcomments&post=133159"}],"version-history":[{"count":2,"href":"https:\/\/lospoliticosveracruz.com\/index.php?rest_route=\/wp\/v2\/posts\/133159\/revisions"}],"predecessor-version":[{"id":133176,"href":"https:\/\/lospoliticosveracruz.com\/index.php?rest_route=\/wp\/v2\/posts\/133159\/revisions\/133176"}],"wp:featuredmedia":[{"embeddable":true,"href":"https:\/\/lospoliticosveracruz.com\/index.php?rest_route=\/wp\/v2\/media\/119941"}],"wp:attachment":[{"href":"https:\/\/lospoliticosveracruz.com\/index.php?rest_route=%2Fwp%2Fv2%2Fmedia&parent=133159"}],"wp:term":[{"taxonomy":"category","embeddable":true,"href":"https:\/\/lospoliticosveracruz.com\/index.php?rest_route=%2Fwp%2Fv2%2Fcategories&post=133159"},{"taxonomy":"post_tag","embeddable":true,"href":"https:\/\/lospoliticosveracruz.com\/index.php?rest_route=%2Fwp%2Fv2%2Ftags&post=133159"}],"curies":[{"name":"wp","href":"https:\/\/api.w.org\/{rel}","templated":true}]}}