{"id":133162,"date":"2024-11-28T05:25:59","date_gmt":"2024-11-28T11:25:59","guid":{"rendered":"https:\/\/lospoliticosveracruz.com.mx\/?p=133162"},"modified":"2024-11-28T05:33:04","modified_gmt":"2024-11-28T11:33:04","slug":"huerta-y-cazarin","status":"publish","type":"post","link":"https:\/\/lospoliticosveracruz.com\/?p=133162","title":{"rendered":"HUERTA Y CAZAR\u00cdN"},"content":{"rendered":"\n<p><strong>Jos\u00e9 Luis Ortega Vidal<\/strong><\/p>\n\n\n\n<p><em>Claroscuros<\/em><\/p>\n\n\n\n<p>(1)<br>La gira de Manuel Huerta Ladr\u00f3n de Guevara por el sur de Veracruz el pasado fin de semana, no fue para difundir o explicar las reformas constitucionales\u2026<br>Ese fue el anuncio oficial y en el caso de Texistepec, el senador morenista habl\u00f3 sobre la Reforma Judicial al mismo tiempo que apoy\u00f3 y promovi\u00f3 la imagen de Claudio Reyes, ciudadano local a quien la poblaci\u00f3n califica como \u201cun buen hombre\u2026\u201d<br>El punto esencial, sin embargo, ubica a Claudio Reyes como la carta de Manuel Huerta para la elecci\u00f3n municipal del pr\u00f3ximo a\u00f1o\u2026<br>Y si Claudio Reyes es el candidato del senador en Texistepec, en el caso de Acayucan su aliada es Deisy Juan Antonio, ex diputada local y ex candidata presidencial local en los comicios del 2021\u2026<br>Manuel Huerta pas\u00f3 por J\u00e1ltipan de Morelos y all\u00ed promovi\u00f3 \u2013e impulsa- al dentista Lucio Arturo Mart\u00ednez Zamora como su pieza para ir amarrando Ayuntamientos que apoyen su plan por la gubernatura\u2026<\/p>\n\n\n\n<p>(2)<br>Nada nuevo bajo el sol o Nihil novum sub sole, como clama la locuci\u00f3n latina\u2026<\/p>\n\n\n\n<p>(3)<br>Manuel Huerta aplica viejas pr\u00e1cticas de la pol\u00edtica: est\u00e1 peleando su cuota de poder dentro de MORENA y en torno a los comicios locales del 2025 en Veracruz\u2026de cara al futuro.<br>As\u00ed como lo ha hecho en el sur, el senador opera en toda la entidad\u2026<\/p>\n\n\n\n<p>(4)<br>Al sonar con fuerza el arribo de Juan Javier G\u00f3mez Cazar\u00edn como delegado estatal de BIENESTAR \u2013cargo a cuyo frente estuvo Manuel Huerta- el senador afirma que no le afecta el potencial nombramiento del hueyapense\u2026<br>Es falso: le importa, le ocupa y le preocupa\u2026<br>\u00bfPor qu\u00e9?<br>Muy simple: porque la base de operaci\u00f3n electoral que permiti\u00f3 a Huerta Ladr\u00f3n de Guevara convertirse en candidato a senador, se mont\u00f3 desde su cargo como delegado federal y cabeza de la operaci\u00f3n de los programas de BIENESTAR\u2026<br>Los recursos de BIENESTAR conforman la estructura ideol\u00f3gica, de operatividad sociopol\u00edtica, creada por Andr\u00e9s Manuel L\u00f3pez Obrador para construir el primer piso de la 4T mediante el compromiso, cara a cara, entre el Estado y los votantes\u2026<br>MORENA es el partido, la cara p\u00fablica de la operaci\u00f3n hist\u00f3rica ideada por AMLO para destruir un r\u00e9gimen e imponer uno nuevo muy parecido al anterior: el PRI, del cual emergi\u00f3 el propio Andr\u00e9s Manuel L\u00f3pez Obrador\u2026<br>De acuerdo a las versiones extraoficiales en territorio veracruzano, BIENESTAR es la herramienta que ahora ser\u00eda puesta en manos de Juan Javier G\u00f3mez Cazar\u00edn\u2026<br>El amigo muy cercano del gobernador Cuitl\u00e1huac Garc\u00eda Jim\u00e9nez podr\u00eda beneficiarse particularmente desde la poderosa delegaci\u00f3n de BIENESTAR\u2026de contar con la inteligencia y habilidad de Manuel Huerta.<br>Sin embargo, es obvio que no lo env\u00edan para que sue\u00f1e con ser gobernador, como Huerta, sino para entregar buenas cuentas a quien lo haya puesto ah\u00ed, es decir Roc\u00edo Nahle.<\/p>\n\n\n\n<p>(5)<br>El arte de la pol\u00edtica es sin\u00f3nimo de ejercicio de poder.<br>El poder es una condici\u00f3n estrictamente humana; porque los animales ejercen liderazgo pero no asumen poder alguno pues sus intereses no van m\u00e1s all\u00e1 de la sobrevivencia como especie.<br>El ser humano asume liderazgos como los animales, pero construye poder a partir del ego, de la ambici\u00f3n, de la codicia; de la b\u00fasqueda sin freno de conocimientos traducidos en logros maravillosos lo mismo que herramientas y procesos de autodestrucci\u00f3n.<br>El Ser pol\u00edtico, la condici\u00f3n pol\u00edtica, la estructura humana denominada pol\u00edtica, nace y muere con el humano mismo\u2026hasta hoy.<br>Debido a ello, en la praxis del poder los partidos pol\u00edticos y las ideolog\u00edas son meros andamiajes que unen a sus integrantes o aliados siempre que existe un enemigo com\u00fan\u2026<br>Los morenistas se protegen a s\u00ed mismos mientras el PRI o el PAN son fuertes\u2026<br>Pero la ausencia de un rival competitivo genera en autom\u00e1tico la lucha interna y entonces los morenistas -como le pas\u00f3 en su momento al PRI, al PAN y al PRD hasta su desaparici\u00f3n- han entrado a la etapa de las voraces pugnas intestinas\u2026<\/p>\n\n\n\n<p>(6)<br>He dicho en la entrega anterior de este art\u00edculo que la pieza del rey, en el ajedrez pol\u00edtico veracruzano, est\u00e1 en manos de la poderosa gobernadora electa, Roc\u00edo Nahle; mientras que la pieza de la reina es operada por Manuel Huerta Ladr\u00f3n de Guevara\u2026por el momento.<br>\u00bfA qu\u00e9 atribuyo el poder de Huerta?<br>A varios factores, de los cuales el m\u00e1s trascendente es su amistad de muchos a\u00f1os con la presidenta Claudia Sheinbaum; pero tambi\u00e9n a su paso por la delegaci\u00f3n de BIENESTAR, gracias a la cual result\u00f3 ganador en la contienda interna de MORENA para determinar la candidatura a la gubernatura durante el 2023.<br>Manuel Huerta gan\u00f3 aquella lucha guinda pero AMLO se inclin\u00f3 hacia Roc\u00edo Nahle\u2026<br>Ahora, Manuel vuelve por sus fueros y quiere colocar alcaldes para fortalecerse desde el 2025 de cara a la primera mitad del sexenio\u2026<br>He aqu\u00ed, sin embargo, que le podr\u00edan estar colocando un alfil \u2013o una torre- de nombre Juan Javier G\u00f3mez Cazar\u00edn\u2026<br>CONTINUAR\u00c1<\/p>\n","protected":false},"excerpt":{"rendered":"<p>Jos\u00e9 Luis Ortega Vidal Claroscuros (1)La gira de Manuel Huerta Ladr\u00f3n de Guevara por el sur de Veracruz el pasado fin de semana, no fue para difundir o explicar las reformas constitucionales\u2026Ese fue el anuncio oficial y en el caso de Texistepec, el senador morenista habl\u00f3 sobre la Reforma Judicial al mismo tiempo que apoy\u00f3 [&hellip;]<\/p>\n","protected":false},"author":2,"featured_media":119931,"comment_status":"closed","ping_status":"closed","sticky":false,"template":"","format":"standard","meta":{"tdm_status":"","tdm_grid_status":"","footnotes":""},"categories":[70],"tags":[12695,10317,1026,195],"class_list":{"0":"post-133162","1":"post","2":"type-post","3":"status-publish","4":"format-standard","5":"has-post-thumbnail","7":"category-de-opinion","8":"tag-juan-javier-gomez-cazarin","9":"tag-manuel-huerta","10":"tag-morena","11":"tag-veracruz"},"yoast_head":"<!-- This site is optimized with the Yoast SEO plugin v27.4 - https:\/\/yoast.com\/product\/yoast-seo-wordpress\/ -->\n<title>HUERTA Y CAZAR\u00cdN - Los pol\u00edticos Veracruz<\/title>\n<meta name=\"robots\" content=\"index, follow, max-snippet:-1, max-image-preview:large, max-video-preview:-1\" \/>\n<link rel=\"canonical\" href=\"https:\/\/lospoliticosveracruz.com\/?p=133162\" \/>\n<meta property=\"og:locale\" content=\"es_ES\" \/>\n<meta property=\"og:type\" content=\"article\" \/>\n<meta property=\"og:title\" content=\"HUERTA Y CAZAR\u00cdN - Los pol\u00edticos Veracruz\" \/>\n<meta property=\"og:description\" content=\"Jos\u00e9 Luis Ortega Vidal Claroscuros (1)La gira de Manuel Huerta Ladr\u00f3n de Guevara por el sur de Veracruz el pasado fin de semana, no fue para difundir o explicar las reformas constitucionales\u2026Ese fue el anuncio oficial y en el caso de Texistepec, el senador morenista habl\u00f3 sobre la Reforma Judicial al mismo tiempo que apoy\u00f3 [&hellip;]\" \/>\n<meta property=\"og:url\" content=\"https:\/\/lospoliticosveracruz.com\/?p=133162\" \/>\n<meta property=\"og:site_name\" content=\"Los pol\u00edticos Veracruz\" \/>\n<meta property=\"article:publisher\" content=\"https:\/\/www.facebook.com\/people\/Notimemes-de-los-Polticos\/61565672886568\/\" \/>\n<meta property=\"article:published_time\" content=\"2024-11-28T11:25:59+00:00\" \/>\n<meta property=\"article:modified_time\" content=\"2024-11-28T11:33:04+00:00\" \/>\n<meta property=\"og:image\" content=\"https:\/\/lospoliticosveracruz.com\/wp-content\/uploads\/2024\/03\/Jose-Luis-Ortega-Vidal.jpg\" \/>\n\t<meta property=\"og:image:width\" content=\"1250\" \/>\n\t<meta property=\"og:image:height\" content=\"667\" \/>\n\t<meta property=\"og:image:type\" content=\"image\/jpeg\" \/>\n<meta name=\"author\" content=\"Lo viste en Los Pol\u00edticos\" \/>\n<meta name=\"twitter:card\" content=\"summary_large_image\" \/>\n<meta name=\"twitter:creator\" content=\"@LosPoliticosVer\" \/>\n<meta name=\"twitter:site\" content=\"@LosPoliticosVer\" \/>\n<meta name=\"twitter:label1\" content=\"Escrito por\" \/>\n\t<meta name=\"twitter:data1\" content=\"Lo viste en Los Pol\u00edticos\" \/>\n\t<meta name=\"twitter:label2\" content=\"Tiempo de lectura\" \/>\n\t<meta name=\"twitter:data2\" content=\"4 minutos\" \/>\n<script type=\"application\/ld+json\" class=\"yoast-schema-graph\">{\"@context\":\"https:\\\/\\\/schema.org\",\"@graph\":[{\"@type\":\"Article\",\"@id\":\"https:\\\/\\\/lospoliticosveracruz.com\\\/?p=133162#article\",\"isPartOf\":{\"@id\":\"https:\\\/\\\/lospoliticosveracruz.com\\\/?p=133162\"},\"author\":{\"name\":\"Lo viste en Los Pol\u00edticos\",\"@id\":\"https:\\\/\\\/lospoliticosveracruz.com\\\/#\\\/schema\\\/person\\\/b8702bb0e538456e6efd07080bf2a4a2\"},\"headline\":\"HUERTA Y CAZAR\u00cdN\",\"datePublished\":\"2024-11-28T11:25:59+00:00\",\"dateModified\":\"2024-11-28T11:33:04+00:00\",\"mainEntityOfPage\":{\"@id\":\"https:\\\/\\\/lospoliticosveracruz.com\\\/?p=133162\"},\"wordCount\":881,\"publisher\":{\"@id\":\"https:\\\/\\\/lospoliticosveracruz.com\\\/#organization\"},\"image\":{\"@id\":\"https:\\\/\\\/lospoliticosveracruz.com\\\/?p=133162#primaryimage\"},\"thumbnailUrl\":\"https:\\\/\\\/lospoliticosveracruz.com\\\/wp-content\\\/uploads\\\/2024\\\/03\\\/Jose-Luis-Ortega-Vidal.jpg\",\"keywords\":[\"Juan Javier G\u00f3mez Cazar\u00edn\",\"Manuel Huerta\",\"Morena\",\"Veracruz\"],\"articleSection\":[\"De Opini\u00f3n\"],\"inLanguage\":\"es\"},{\"@type\":\"WebPage\",\"@id\":\"https:\\\/\\\/lospoliticosveracruz.com\\\/?p=133162\",\"url\":\"https:\\\/\\\/lospoliticosveracruz.com\\\/?p=133162\",\"name\":\"HUERTA Y CAZAR\u00cdN - Los pol\u00edticos Veracruz\",\"isPartOf\":{\"@id\":\"https:\\\/\\\/lospoliticosveracruz.com\\\/#website\"},\"primaryImageOfPage\":{\"@id\":\"https:\\\/\\\/lospoliticosveracruz.com\\\/?p=133162#primaryimage\"},\"image\":{\"@id\":\"https:\\\/\\\/lospoliticosveracruz.com\\\/?p=133162#primaryimage\"},\"thumbnailUrl\":\"https:\\\/\\\/lospoliticosveracruz.com\\\/wp-content\\\/uploads\\\/2024\\\/03\\\/Jose-Luis-Ortega-Vidal.jpg\",\"datePublished\":\"2024-11-28T11:25:59+00:00\",\"dateModified\":\"2024-11-28T11:33:04+00:00\",\"breadcrumb\":{\"@id\":\"https:\\\/\\\/lospoliticosveracruz.com\\\/?p=133162#breadcrumb\"},\"inLanguage\":\"es\",\"potentialAction\":[{\"@type\":\"ReadAction\",\"target\":[\"https:\\\/\\\/lospoliticosveracruz.com\\\/?p=133162\"]}]},{\"@type\":\"ImageObject\",\"inLanguage\":\"es\",\"@id\":\"https:\\\/\\\/lospoliticosveracruz.com\\\/?p=133162#primaryimage\",\"url\":\"https:\\\/\\\/lospoliticosveracruz.com\\\/wp-content\\\/uploads\\\/2024\\\/03\\\/Jose-Luis-Ortega-Vidal.jpg\",\"contentUrl\":\"https:\\\/\\\/lospoliticosveracruz.com\\\/wp-content\\\/uploads\\\/2024\\\/03\\\/Jose-Luis-Ortega-Vidal.jpg\",\"width\":1250,\"height\":667},{\"@type\":\"BreadcrumbList\",\"@id\":\"https:\\\/\\\/lospoliticosveracruz.com\\\/?p=133162#breadcrumb\",\"itemListElement\":[{\"@type\":\"ListItem\",\"position\":1,\"name\":\"Portada\",\"item\":\"https:\\\/\\\/lospoliticosveracruz.com\\\/\"},{\"@type\":\"ListItem\",\"position\":2,\"name\":\"HUERTA Y CAZAR\u00cdN\"}]},{\"@type\":\"WebSite\",\"@id\":\"https:\\\/\\\/lospoliticosveracruz.com\\\/#website\",\"url\":\"https:\\\/\\\/lospoliticosveracruz.com\\\/\",\"name\":\"Los pol\u00edticos Veracruz\",\"description\":\"\",\"publisher\":{\"@id\":\"https:\\\/\\\/lospoliticosveracruz.com\\\/#organization\"},\"potentialAction\":[{\"@type\":\"SearchAction\",\"target\":{\"@type\":\"EntryPoint\",\"urlTemplate\":\"https:\\\/\\\/lospoliticosveracruz.com\\\/?s={search_term_string}\"},\"query-input\":{\"@type\":\"PropertyValueSpecification\",\"valueRequired\":true,\"valueName\":\"search_term_string\"}}],\"inLanguage\":\"es\"},{\"@type\":\"Organization\",\"@id\":\"https:\\\/\\\/lospoliticosveracruz.com\\\/#organization\",\"name\":\"Los pol\u00edticos Veracruz\",\"url\":\"https:\\\/\\\/lospoliticosveracruz.com\\\/\",\"logo\":{\"@type\":\"ImageObject\",\"inLanguage\":\"es\",\"@id\":\"https:\\\/\\\/lospoliticosveracruz.com\\\/#\\\/schema\\\/logo\\\/image\\\/\",\"url\":\"https:\\\/\\\/lospoliticosveracruz.com\\\/wp-content\\\/uploads\\\/2025\\\/12\\\/Logo-Nuevo-LOS-POLITICOS-1.jpg\",\"contentUrl\":\"https:\\\/\\\/lospoliticosveracruz.com\\\/wp-content\\\/uploads\\\/2025\\\/12\\\/Logo-Nuevo-LOS-POLITICOS-1.jpg\",\"width\":260,\"height\":70,\"caption\":\"Los pol\u00edticos Veracruz\"},\"image\":{\"@id\":\"https:\\\/\\\/lospoliticosveracruz.com\\\/#\\\/schema\\\/logo\\\/image\\\/\"},\"sameAs\":[\"https:\\\/\\\/www.facebook.com\\\/people\\\/Notimemes-de-los-Polticos\\\/61565672886568\\\/\",\"https:\\\/\\\/x.com\\\/LosPoliticosVer\"]},{\"@type\":\"Person\",\"@id\":\"https:\\\/\\\/lospoliticosveracruz.com\\\/#\\\/schema\\\/person\\\/b8702bb0e538456e6efd07080bf2a4a2\",\"name\":\"Lo viste en Los Pol\u00edticos\",\"image\":{\"@type\":\"ImageObject\",\"inLanguage\":\"es\",\"@id\":\"https:\\\/\\\/secure.gravatar.com\\\/avatar\\\/3a8de04a2656d44082be478bd6c086daa447c4651605818287b9532d3d0bd435?s=96&d=mm&r=g\",\"url\":\"https:\\\/\\\/secure.gravatar.com\\\/avatar\\\/3a8de04a2656d44082be478bd6c086daa447c4651605818287b9532d3d0bd435?s=96&d=mm&r=g\",\"contentUrl\":\"https:\\\/\\\/secure.gravatar.com\\\/avatar\\\/3a8de04a2656d44082be478bd6c086daa447c4651605818287b9532d3d0bd435?s=96&d=mm&r=g\",\"caption\":\"Lo viste en Los Pol\u00edticos\"},\"url\":\"https:\\\/\\\/lospoliticosveracruz.com\\\/?author=2\"}]}<\/script>\n<!-- \/ Yoast SEO plugin. -->","yoast_head_json":{"title":"HUERTA Y CAZAR\u00cdN - Los pol\u00edticos Veracruz","robots":{"index":"index","follow":"follow","max-snippet":"max-snippet:-1","max-image-preview":"max-image-preview:large","max-video-preview":"max-video-preview:-1"},"canonical":"https:\/\/lospoliticosveracruz.com\/?p=133162","og_locale":"es_ES","og_type":"article","og_title":"HUERTA Y CAZAR\u00cdN - Los pol\u00edticos Veracruz","og_description":"Jos\u00e9 Luis Ortega Vidal Claroscuros (1)La gira de Manuel Huerta Ladr\u00f3n de Guevara por el sur de Veracruz el pasado fin de semana, no fue para difundir o explicar las reformas constitucionales\u2026Ese fue el anuncio oficial y en el caso de Texistepec, el senador morenista habl\u00f3 sobre la Reforma Judicial al mismo tiempo que apoy\u00f3 [&hellip;]","og_url":"https:\/\/lospoliticosveracruz.com\/?p=133162","og_site_name":"Los pol\u00edticos Veracruz","article_publisher":"https:\/\/www.facebook.com\/people\/Notimemes-de-los-Polticos\/61565672886568\/","article_published_time":"2024-11-28T11:25:59+00:00","article_modified_time":"2024-11-28T11:33:04+00:00","og_image":[{"width":1250,"height":667,"url":"https:\/\/lospoliticosveracruz.com\/wp-content\/uploads\/2024\/03\/Jose-Luis-Ortega-Vidal.jpg","type":"image\/jpeg"}],"author":"Lo viste en Los Pol\u00edticos","twitter_card":"summary_large_image","twitter_creator":"@LosPoliticosVer","twitter_site":"@LosPoliticosVer","twitter_misc":{"Escrito por":"Lo viste en Los Pol\u00edticos","Tiempo de lectura":"4 minutos"},"schema":{"@context":"https:\/\/schema.org","@graph":[{"@type":"Article","@id":"https:\/\/lospoliticosveracruz.com\/?p=133162#article","isPartOf":{"@id":"https:\/\/lospoliticosveracruz.com\/?p=133162"},"author":{"name":"Lo viste en Los Pol\u00edticos","@id":"https:\/\/lospoliticosveracruz.com\/#\/schema\/person\/b8702bb0e538456e6efd07080bf2a4a2"},"headline":"HUERTA Y CAZAR\u00cdN","datePublished":"2024-11-28T11:25:59+00:00","dateModified":"2024-11-28T11:33:04+00:00","mainEntityOfPage":{"@id":"https:\/\/lospoliticosveracruz.com\/?p=133162"},"wordCount":881,"publisher":{"@id":"https:\/\/lospoliticosveracruz.com\/#organization"},"image":{"@id":"https:\/\/lospoliticosveracruz.com\/?p=133162#primaryimage"},"thumbnailUrl":"https:\/\/lospoliticosveracruz.com\/wp-content\/uploads\/2024\/03\/Jose-Luis-Ortega-Vidal.jpg","keywords":["Juan Javier G\u00f3mez Cazar\u00edn","Manuel Huerta","Morena","Veracruz"],"articleSection":["De Opini\u00f3n"],"inLanguage":"es"},{"@type":"WebPage","@id":"https:\/\/lospoliticosveracruz.com\/?p=133162","url":"https:\/\/lospoliticosveracruz.com\/?p=133162","name":"HUERTA Y CAZAR\u00cdN - Los pol\u00edticos Veracruz","isPartOf":{"@id":"https:\/\/lospoliticosveracruz.com\/#website"},"primaryImageOfPage":{"@id":"https:\/\/lospoliticosveracruz.com\/?p=133162#primaryimage"},"image":{"@id":"https:\/\/lospoliticosveracruz.com\/?p=133162#primaryimage"},"thumbnailUrl":"https:\/\/lospoliticosveracruz.com\/wp-content\/uploads\/2024\/03\/Jose-Luis-Ortega-Vidal.jpg","datePublished":"2024-11-28T11:25:59+00:00","dateModified":"2024-11-28T11:33:04+00:00","breadcrumb":{"@id":"https:\/\/lospoliticosveracruz.com\/?p=133162#breadcrumb"},"inLanguage":"es","potentialAction":[{"@type":"ReadAction","target":["https:\/\/lospoliticosveracruz.com\/?p=133162"]}]},{"@type":"ImageObject","inLanguage":"es","@id":"https:\/\/lospoliticosveracruz.com\/?p=133162#primaryimage","url":"https:\/\/lospoliticosveracruz.com\/wp-content\/uploads\/2024\/03\/Jose-Luis-Ortega-Vidal.jpg","contentUrl":"https:\/\/lospoliticosveracruz.com\/wp-content\/uploads\/2024\/03\/Jose-Luis-Ortega-Vidal.jpg","width":1250,"height":667},{"@type":"BreadcrumbList","@id":"https:\/\/lospoliticosveracruz.com\/?p=133162#breadcrumb","itemListElement":[{"@type":"ListItem","position":1,"name":"Portada","item":"https:\/\/lospoliticosveracruz.com\/"},{"@type":"ListItem","position":2,"name":"HUERTA Y CAZAR\u00cdN"}]},{"@type":"WebSite","@id":"https:\/\/lospoliticosveracruz.com\/#website","url":"https:\/\/lospoliticosveracruz.com\/","name":"Los pol\u00edticos Veracruz","description":"","publisher":{"@id":"https:\/\/lospoliticosveracruz.com\/#organization"},"potentialAction":[{"@type":"SearchAction","target":{"@type":"EntryPoint","urlTemplate":"https:\/\/lospoliticosveracruz.com\/?s={search_term_string}"},"query-input":{"@type":"PropertyValueSpecification","valueRequired":true,"valueName":"search_term_string"}}],"inLanguage":"es"},{"@type":"Organization","@id":"https:\/\/lospoliticosveracruz.com\/#organization","name":"Los pol\u00edticos Veracruz","url":"https:\/\/lospoliticosveracruz.com\/","logo":{"@type":"ImageObject","inLanguage":"es","@id":"https:\/\/lospoliticosveracruz.com\/#\/schema\/logo\/image\/","url":"https:\/\/lospoliticosveracruz.com\/wp-content\/uploads\/2025\/12\/Logo-Nuevo-LOS-POLITICOS-1.jpg","contentUrl":"https:\/\/lospoliticosveracruz.com\/wp-content\/uploads\/2025\/12\/Logo-Nuevo-LOS-POLITICOS-1.jpg","width":260,"height":70,"caption":"Los pol\u00edticos Veracruz"},"image":{"@id":"https:\/\/lospoliticosveracruz.com\/#\/schema\/logo\/image\/"},"sameAs":["https:\/\/www.facebook.com\/people\/Notimemes-de-los-Polticos\/61565672886568\/","https:\/\/x.com\/LosPoliticosVer"]},{"@type":"Person","@id":"https:\/\/lospoliticosveracruz.com\/#\/schema\/person\/b8702bb0e538456e6efd07080bf2a4a2","name":"Lo viste en Los Pol\u00edticos","image":{"@type":"ImageObject","inLanguage":"es","@id":"https:\/\/secure.gravatar.com\/avatar\/3a8de04a2656d44082be478bd6c086daa447c4651605818287b9532d3d0bd435?s=96&d=mm&r=g","url":"https:\/\/secure.gravatar.com\/avatar\/3a8de04a2656d44082be478bd6c086daa447c4651605818287b9532d3d0bd435?s=96&d=mm&r=g","contentUrl":"https:\/\/secure.gravatar.com\/avatar\/3a8de04a2656d44082be478bd6c086daa447c4651605818287b9532d3d0bd435?s=96&d=mm&r=g","caption":"Lo viste en Los Pol\u00edticos"},"url":"https:\/\/lospoliticosveracruz.com\/?author=2"}]}},"_links":{"self":[{"href":"https:\/\/lospoliticosveracruz.com\/index.php?rest_route=\/wp\/v2\/posts\/133162","targetHints":{"allow":["GET"]}}],"collection":[{"href":"https:\/\/lospoliticosveracruz.com\/index.php?rest_route=\/wp\/v2\/posts"}],"about":[{"href":"https:\/\/lospoliticosveracruz.com\/index.php?rest_route=\/wp\/v2\/types\/post"}],"author":[{"embeddable":true,"href":"https:\/\/lospoliticosveracruz.com\/index.php?rest_route=\/wp\/v2\/users\/2"}],"replies":[{"embeddable":true,"href":"https:\/\/lospoliticosveracruz.com\/index.php?rest_route=%2Fwp%2Fv2%2Fcomments&post=133162"}],"version-history":[{"count":2,"href":"https:\/\/lospoliticosveracruz.com\/index.php?rest_route=\/wp\/v2\/posts\/133162\/revisions"}],"predecessor-version":[{"id":133164,"href":"https:\/\/lospoliticosveracruz.com\/index.php?rest_route=\/wp\/v2\/posts\/133162\/revisions\/133164"}],"wp:featuredmedia":[{"embeddable":true,"href":"https:\/\/lospoliticosveracruz.com\/index.php?rest_route=\/wp\/v2\/media\/119931"}],"wp:attachment":[{"href":"https:\/\/lospoliticosveracruz.com\/index.php?rest_route=%2Fwp%2Fv2%2Fmedia&parent=133162"}],"wp:term":[{"taxonomy":"category","embeddable":true,"href":"https:\/\/lospoliticosveracruz.com\/index.php?rest_route=%2Fwp%2Fv2%2Fcategories&post=133162"},{"taxonomy":"post_tag","embeddable":true,"href":"https:\/\/lospoliticosveracruz.com\/index.php?rest_route=%2Fwp%2Fv2%2Ftags&post=133162"}],"curies":[{"name":"wp","href":"https:\/\/api.w.org\/{rel}","templated":true}]}}