{"id":13320,"date":"2014-11-06T08:44:49","date_gmt":"2014-11-06T14:44:49","guid":{"rendered":"http:\/\/www.lospoliticosveracruz.com.mx\/?p=13320"},"modified":"2014-11-06T08:44:49","modified_gmt":"2014-11-06T14:44:49","slug":"por-que-hara-tanto-calor-hoy","status":"publish","type":"post","link":"https:\/\/lospoliticosveracruz.com\/?p=13320","title":{"rendered":"\u00bfPor qu\u00e9 har\u00e1 tanto calor hoy?"},"content":{"rendered":"<p><a href=\"http:\/\/www.lospoliticosveracruz.com.mx\/wp-content\/uploads\/2014\/11\/Arbol1.jpg\"><img loading=\"lazy\" decoding=\"async\" class=\"alignnone size-medium wp-image-13322\" src=\"http:\/\/www.lospoliticosveracruz.com.mx\/wp-content\/uploads\/2014\/11\/Arbol1-300x150.jpg\" alt=\"Arbol\" width=\"300\" height=\"150\" \/><\/a><\/p>\n<p><strong>Antonio Alonso<\/strong><\/p>\n<p>&nbsp;<\/p>\n<p>\u00bfSab\u00eda que, desde la d\u00e9cada de los 80\u2019s, hemos emitido cerca de 400 mil millones de toneladas de di\u00f3xido de carbono (CO2) a la atm\u00f3sfera? Para ser una cantidad tan grande, es curioso que no podamos verlo, pero \u00e9ste mort\u00edfero gas resulta ser pr\u00e1cticamente imperceptible.<br \/>\nEntre China y Estados Unidos producen cerca del 50% de \u00e9ste contaminante, que procede principalmente del uso de combustibles f\u00f3siles. Es lamentable que desde 1878, en la Exposici\u00f3n Universal de Par\u00eds, ya se hayan dado a conocer los beneficios del uso de la energ\u00eda solar, a trav\u00e9s de un invento de Augustin Mouchot y se haya preferido el uso del petr\u00f3leo porque result\u00f3 ser a\u00fan m\u00e1s barato y f\u00e1cil de obtener que el carb\u00f3n.<br \/>\nEl emisor de CO2 m\u00e1s grande con que cuenta la naturaleza es el gas volc\u00e1nico, que no alcanza ni el 10%. El consumo de carb\u00f3n representa el 44% de las emisiones globales de \u00e9ste gas, seguido por el 36% del que se produce por el uso de petr\u00f3leo, de acuerdo con estad\u00edsticas del Earth Policy Institute.<br \/>\nAparentemente, el petr\u00f3leo y otros combustibles f\u00f3siles, as\u00ed como algunos recursos que hoy sabemos que no son renovables, en alg\u00fan momento de la historia -posiblemente durante la Revoluci\u00f3n Industrial- fueron considerados \u201crecursos abundantes\u201d, y fue como inici\u00f3 la carrera por su explotaci\u00f3n y comercializaci\u00f3n, y con sus bajos costos acabaron con el sue\u00f1o de la energ\u00eda limpia.<br \/>\nLa acumulaci\u00f3n de di\u00f3xido de carbono en la atm\u00f3sfera produce algo llamado \u201cefecto invernadero\u201d, y los cient\u00edficos ambientalistas tienen el 95% de la certeza de que se debe mayormente al uso de combustibles f\u00f3siles. El efecto invernadero consiste en que \u00e9sta nube de gases impide que la Tierra proyecte de vuelta la radiaci\u00f3n que emite el Sol, provocando que todo ese calor sea absorbido por la superficie que algunos denominan \u201coscura\u201d; la superficie \u201cblanca\u201d, la que refleja naturalmente \u00e9sta energ\u00eda calor\u00edfica, es la de los hielos polares.<br \/>\nDe acuerdo con el Grupo Intergubernamental de Expertos sobre el Cambio Clim\u00e1tico (IPCC), desde el a\u00f1o 1906 al 2005, la temperatura media de la superficie terrestre aument\u00f3 0.74 \u00b0C, pero dentro de unos cien a\u00f1os, podr\u00eda aumentar en seis grados. Esto ya supone graves riesgos en la agricultura, pues por cada grado por arriba de la media disminuye un 10% el rendimiento de los cultivos de cereales como trigo, arroz y ma\u00edz, seg\u00fan estudios de Jos\u00e9 Larios Mart\u00f3n, investigador del Consejo Andaluz de Medio Ambiente.<br \/>\nPor si fuera eso poco, durante el siglo pasado los niveles del mar aumentaron unos 17 cent\u00edmetros, y se espera que, al finalizar \u00e9ste siglo, el nivel aumente unos dos metros. Adem\u00e1s, los niveles de tierra congelada en invierno disminuyeron 7% durante todo el siglo XX.<br \/>\nLas concentraciones de di\u00f3xido de carbono en la atm\u00f3sfera alcanzan ya niveles que no se han visto en 650 mil a\u00f1os, la desaparici\u00f3n de los hielos glaciares est\u00e1 a punto de llegar al punto de \u201cno retorno\u201d, de acuerdo con observaciones de la NASA y la Universidad de California. La National Oceanic Atmospheric Administration (NOAA), dice que es el nivel m\u00e1s alto en 2.1 millones de a\u00f1os.<br \/>\n\u00abLos glaciares seguir\u00e1n derriti\u00e9ndose hasta que desaparezcan, y el hecho de que reaccionen casi simult\u00e1neamente se\u00f1ala una causa com\u00fan\u00bb, que es el aumento de las temperaturas en el oc\u00e9ano que est\u00e1 haciendo que los glaciares se contraigan y derritan en el mar, asevera Eric Rignot, profesor de\u00a0Ciencias del Sistema de la Tierra de la Universidad de California\u00a0y glaci\u00f3logo del\u00a0Laboratorio de Propulsi\u00f3n a Chorro de la NASA\u00a0en Pasadena.<br \/>\nY la cosa se pone peor, pues el permafrost (un tipo de hielo que existe en las regiones m\u00e1s fr\u00edas del planeta, y que ha estado ah\u00ed por cientos o miles y quiz\u00e1s millones de a\u00f1os), tiene doce a\u00f1os que ha comenzado a derretirse y contribuye a la liberaci\u00f3n de gases de efecto invernadero a la atm\u00f3sfera, esto seg\u00fan el Centro de Permafrost (CENPERM) en el Departamento de Geociencias y Administraci\u00f3n de Recursos Naturales de la Universidad de Copenhague, en Dinamarca.<br \/>\nEl permafrost ocupa cerca del 16% de la superficie terrestre y el fondo marino, y almacena cerca de 1672 billones de toneladas de CO2 y metano, una cantidad \u2013dicen- similar a la que est\u00e1 contenida en la atm\u00f3sfera. El metano tiene unas cien veces el poder de efecto invernadero del di\u00f3xido de carbono.<br \/>\nQueda claro. Estamos a punto de alcanzar el punto de no retorno, la National Oceanic Atmospheric Administration (NOAA) y el Instituto Polar Noruego dicen que ese punto pod\u00eda ser el a\u00f1o 2017; y tenemos de aqu\u00ed a entonces \u00a0para estabilizar la situaci\u00f3n y reducir las concentraciones de gases invernadero por debajo de niveles que \u201cno supongan disparar mecanismos de retroalimentaci\u00f3n que hagan el calentamiento global imparable\u201d.<br \/>\n\u00bfA\u00fan te preguntas por qu\u00e9 hace tanto calor hoy? \u00bfQu\u00e9 rayos est\u00e1s haciendo al respecto?<\/p>\n","protected":false},"excerpt":{"rendered":"<p>Antonio Alonso &nbsp; \u00bfSab\u00eda que, desde la d\u00e9cada de los 80\u2019s, hemos emitido cerca de 400 mil millones de toneladas de di\u00f3xido de carbono (CO2) a la atm\u00f3sfera? Para ser una cantidad tan grande, es curioso que no podamos verlo, pero \u00e9ste mort\u00edfero gas resulta ser pr\u00e1cticamente imperceptible. Entre China y Estados Unidos producen cerca [&hellip;]<\/p>\n","protected":false},"author":2,"featured_media":0,"comment_status":"open","ping_status":"open","sticky":false,"template":"","format":"standard","meta":{"tdm_status":"","tdm_grid_status":"","footnotes":""},"categories":[70],"tags":[747,749,748],"class_list":{"0":"post-13320","1":"post","2":"type-post","3":"status-publish","4":"format-standard","6":"category-de-opinion","7":"tag-carbono","8":"tag-combustible","9":"tag-invernadero"},"yoast_head":"<!-- This site is optimized with the Yoast SEO plugin v27.4 - https:\/\/yoast.com\/product\/yoast-seo-wordpress\/ -->\n<title>\u00bfPor qu\u00e9 har\u00e1 tanto calor hoy? - Los pol\u00edticos Veracruz<\/title>\n<meta name=\"robots\" content=\"index, follow, max-snippet:-1, max-image-preview:large, max-video-preview:-1\" \/>\n<link rel=\"canonical\" href=\"https:\/\/lospoliticosveracruz.com\/?p=13320\" \/>\n<meta property=\"og:locale\" content=\"es_ES\" \/>\n<meta property=\"og:type\" content=\"article\" \/>\n<meta property=\"og:title\" content=\"\u00bfPor qu\u00e9 har\u00e1 tanto calor hoy? - Los pol\u00edticos Veracruz\" \/>\n<meta property=\"og:description\" content=\"Antonio Alonso &nbsp; \u00bfSab\u00eda que, desde la d\u00e9cada de los 80\u2019s, hemos emitido cerca de 400 mil millones de toneladas de di\u00f3xido de carbono (CO2) a la atm\u00f3sfera? Para ser una cantidad tan grande, es curioso que no podamos verlo, pero \u00e9ste mort\u00edfero gas resulta ser pr\u00e1cticamente imperceptible. Entre China y Estados Unidos producen cerca [&hellip;]\" \/>\n<meta property=\"og:url\" content=\"https:\/\/lospoliticosveracruz.com\/?p=13320\" \/>\n<meta property=\"og:site_name\" content=\"Los pol\u00edticos Veracruz\" \/>\n<meta property=\"article:publisher\" content=\"https:\/\/www.facebook.com\/people\/Notimemes-de-los-Polticos\/61565672886568\/\" \/>\n<meta property=\"article:published_time\" content=\"2014-11-06T14:44:49+00:00\" \/>\n<meta property=\"og:image\" content=\"http:\/\/www.lospoliticosveracruz.com.mx\/wp-content\/uploads\/2014\/11\/Arbol1-300x150.jpg\" \/>\n<meta name=\"author\" content=\"Lo viste en Los Pol\u00edticos\" \/>\n<meta name=\"twitter:card\" content=\"summary_large_image\" \/>\n<meta name=\"twitter:creator\" content=\"@LosPoliticosVer\" \/>\n<meta name=\"twitter:site\" content=\"@LosPoliticosVer\" \/>\n<meta name=\"twitter:label1\" content=\"Escrito por\" \/>\n\t<meta name=\"twitter:data1\" content=\"Lo viste en Los Pol\u00edticos\" \/>\n\t<meta name=\"twitter:label2\" content=\"Tiempo de lectura\" \/>\n\t<meta name=\"twitter:data2\" content=\"4 minutos\" \/>\n<script type=\"application\/ld+json\" class=\"yoast-schema-graph\">{\"@context\":\"https:\\\/\\\/schema.org\",\"@graph\":[{\"@type\":\"Article\",\"@id\":\"https:\\\/\\\/lospoliticosveracruz.com\\\/?p=13320#article\",\"isPartOf\":{\"@id\":\"https:\\\/\\\/lospoliticosveracruz.com\\\/?p=13320\"},\"author\":{\"name\":\"Lo viste en Los Pol\u00edticos\",\"@id\":\"https:\\\/\\\/lospoliticosveracruz.com\\\/#\\\/schema\\\/person\\\/b8702bb0e538456e6efd07080bf2a4a2\"},\"headline\":\"\u00bfPor qu\u00e9 har\u00e1 tanto calor hoy?\",\"datePublished\":\"2014-11-06T14:44:49+00:00\",\"mainEntityOfPage\":{\"@id\":\"https:\\\/\\\/lospoliticosveracruz.com\\\/?p=13320\"},\"wordCount\":871,\"commentCount\":0,\"publisher\":{\"@id\":\"https:\\\/\\\/lospoliticosveracruz.com\\\/#organization\"},\"image\":{\"@id\":\"https:\\\/\\\/lospoliticosveracruz.com\\\/?p=13320#primaryimage\"},\"thumbnailUrl\":\"http:\\\/\\\/www.lospoliticosveracruz.com.mx\\\/wp-content\\\/uploads\\\/2014\\\/11\\\/Arbol1-300x150.jpg\",\"keywords\":[\"carbono\",\"combustible\",\"invernadero\"],\"articleSection\":[\"De Opini\u00f3n\"],\"inLanguage\":\"es\",\"potentialAction\":[{\"@type\":\"CommentAction\",\"name\":\"Comment\",\"target\":[\"https:\\\/\\\/lospoliticosveracruz.com\\\/?p=13320#respond\"]}]},{\"@type\":\"WebPage\",\"@id\":\"https:\\\/\\\/lospoliticosveracruz.com\\\/?p=13320\",\"url\":\"https:\\\/\\\/lospoliticosveracruz.com\\\/?p=13320\",\"name\":\"\u00bfPor qu\u00e9 har\u00e1 tanto calor hoy? - Los pol\u00edticos Veracruz\",\"isPartOf\":{\"@id\":\"https:\\\/\\\/lospoliticosveracruz.com\\\/#website\"},\"primaryImageOfPage\":{\"@id\":\"https:\\\/\\\/lospoliticosveracruz.com\\\/?p=13320#primaryimage\"},\"image\":{\"@id\":\"https:\\\/\\\/lospoliticosveracruz.com\\\/?p=13320#primaryimage\"},\"thumbnailUrl\":\"http:\\\/\\\/www.lospoliticosveracruz.com.mx\\\/wp-content\\\/uploads\\\/2014\\\/11\\\/Arbol1-300x150.jpg\",\"datePublished\":\"2014-11-06T14:44:49+00:00\",\"breadcrumb\":{\"@id\":\"https:\\\/\\\/lospoliticosveracruz.com\\\/?p=13320#breadcrumb\"},\"inLanguage\":\"es\",\"potentialAction\":[{\"@type\":\"ReadAction\",\"target\":[\"https:\\\/\\\/lospoliticosveracruz.com\\\/?p=13320\"]}]},{\"@type\":\"ImageObject\",\"inLanguage\":\"es\",\"@id\":\"https:\\\/\\\/lospoliticosveracruz.com\\\/?p=13320#primaryimage\",\"url\":\"http:\\\/\\\/www.lospoliticosveracruz.com.mx\\\/wp-content\\\/uploads\\\/2014\\\/11\\\/Arbol1-300x150.jpg\",\"contentUrl\":\"http:\\\/\\\/www.lospoliticosveracruz.com.mx\\\/wp-content\\\/uploads\\\/2014\\\/11\\\/Arbol1-300x150.jpg\"},{\"@type\":\"BreadcrumbList\",\"@id\":\"https:\\\/\\\/lospoliticosveracruz.com\\\/?p=13320#breadcrumb\",\"itemListElement\":[{\"@type\":\"ListItem\",\"position\":1,\"name\":\"Portada\",\"item\":\"https:\\\/\\\/lospoliticosveracruz.com\\\/\"},{\"@type\":\"ListItem\",\"position\":2,\"name\":\"\u00bfPor qu\u00e9 har\u00e1 tanto calor hoy?\"}]},{\"@type\":\"WebSite\",\"@id\":\"https:\\\/\\\/lospoliticosveracruz.com\\\/#website\",\"url\":\"https:\\\/\\\/lospoliticosveracruz.com\\\/\",\"name\":\"Los pol\u00edticos Veracruz\",\"description\":\"\",\"publisher\":{\"@id\":\"https:\\\/\\\/lospoliticosveracruz.com\\\/#organization\"},\"potentialAction\":[{\"@type\":\"SearchAction\",\"target\":{\"@type\":\"EntryPoint\",\"urlTemplate\":\"https:\\\/\\\/lospoliticosveracruz.com\\\/?s={search_term_string}\"},\"query-input\":{\"@type\":\"PropertyValueSpecification\",\"valueRequired\":true,\"valueName\":\"search_term_string\"}}],\"inLanguage\":\"es\"},{\"@type\":\"Organization\",\"@id\":\"https:\\\/\\\/lospoliticosveracruz.com\\\/#organization\",\"name\":\"Los pol\u00edticos Veracruz\",\"url\":\"https:\\\/\\\/lospoliticosveracruz.com\\\/\",\"logo\":{\"@type\":\"ImageObject\",\"inLanguage\":\"es\",\"@id\":\"https:\\\/\\\/lospoliticosveracruz.com\\\/#\\\/schema\\\/logo\\\/image\\\/\",\"url\":\"https:\\\/\\\/lospoliticosveracruz.com\\\/wp-content\\\/uploads\\\/2025\\\/12\\\/Logo-Nuevo-LOS-POLITICOS-1.jpg\",\"contentUrl\":\"https:\\\/\\\/lospoliticosveracruz.com\\\/wp-content\\\/uploads\\\/2025\\\/12\\\/Logo-Nuevo-LOS-POLITICOS-1.jpg\",\"width\":260,\"height\":70,\"caption\":\"Los pol\u00edticos Veracruz\"},\"image\":{\"@id\":\"https:\\\/\\\/lospoliticosveracruz.com\\\/#\\\/schema\\\/logo\\\/image\\\/\"},\"sameAs\":[\"https:\\\/\\\/www.facebook.com\\\/people\\\/Notimemes-de-los-Polticos\\\/61565672886568\\\/\",\"https:\\\/\\\/x.com\\\/LosPoliticosVer\"]},{\"@type\":\"Person\",\"@id\":\"https:\\\/\\\/lospoliticosveracruz.com\\\/#\\\/schema\\\/person\\\/b8702bb0e538456e6efd07080bf2a4a2\",\"name\":\"Lo viste en Los Pol\u00edticos\",\"image\":{\"@type\":\"ImageObject\",\"inLanguage\":\"es\",\"@id\":\"https:\\\/\\\/secure.gravatar.com\\\/avatar\\\/3a8de04a2656d44082be478bd6c086daa447c4651605818287b9532d3d0bd435?s=96&d=mm&r=g\",\"url\":\"https:\\\/\\\/secure.gravatar.com\\\/avatar\\\/3a8de04a2656d44082be478bd6c086daa447c4651605818287b9532d3d0bd435?s=96&d=mm&r=g\",\"contentUrl\":\"https:\\\/\\\/secure.gravatar.com\\\/avatar\\\/3a8de04a2656d44082be478bd6c086daa447c4651605818287b9532d3d0bd435?s=96&d=mm&r=g\",\"caption\":\"Lo viste en Los Pol\u00edticos\"},\"url\":\"https:\\\/\\\/lospoliticosveracruz.com\\\/?author=2\"}]}<\/script>\n<!-- \/ Yoast SEO plugin. -->","yoast_head_json":{"title":"\u00bfPor qu\u00e9 har\u00e1 tanto calor hoy? - Los pol\u00edticos Veracruz","robots":{"index":"index","follow":"follow","max-snippet":"max-snippet:-1","max-image-preview":"max-image-preview:large","max-video-preview":"max-video-preview:-1"},"canonical":"https:\/\/lospoliticosveracruz.com\/?p=13320","og_locale":"es_ES","og_type":"article","og_title":"\u00bfPor qu\u00e9 har\u00e1 tanto calor hoy? - Los pol\u00edticos Veracruz","og_description":"Antonio Alonso &nbsp; \u00bfSab\u00eda que, desde la d\u00e9cada de los 80\u2019s, hemos emitido cerca de 400 mil millones de toneladas de di\u00f3xido de carbono (CO2) a la atm\u00f3sfera? Para ser una cantidad tan grande, es curioso que no podamos verlo, pero \u00e9ste mort\u00edfero gas resulta ser pr\u00e1cticamente imperceptible. Entre China y Estados Unidos producen cerca [&hellip;]","og_url":"https:\/\/lospoliticosveracruz.com\/?p=13320","og_site_name":"Los pol\u00edticos Veracruz","article_publisher":"https:\/\/www.facebook.com\/people\/Notimemes-de-los-Polticos\/61565672886568\/","article_published_time":"2014-11-06T14:44:49+00:00","og_image":[{"url":"http:\/\/www.lospoliticosveracruz.com.mx\/wp-content\/uploads\/2014\/11\/Arbol1-300x150.jpg","type":"","width":"","height":""}],"author":"Lo viste en Los Pol\u00edticos","twitter_card":"summary_large_image","twitter_creator":"@LosPoliticosVer","twitter_site":"@LosPoliticosVer","twitter_misc":{"Escrito por":"Lo viste en Los Pol\u00edticos","Tiempo de lectura":"4 minutos"},"schema":{"@context":"https:\/\/schema.org","@graph":[{"@type":"Article","@id":"https:\/\/lospoliticosveracruz.com\/?p=13320#article","isPartOf":{"@id":"https:\/\/lospoliticosveracruz.com\/?p=13320"},"author":{"name":"Lo viste en Los Pol\u00edticos","@id":"https:\/\/lospoliticosveracruz.com\/#\/schema\/person\/b8702bb0e538456e6efd07080bf2a4a2"},"headline":"\u00bfPor qu\u00e9 har\u00e1 tanto calor hoy?","datePublished":"2014-11-06T14:44:49+00:00","mainEntityOfPage":{"@id":"https:\/\/lospoliticosveracruz.com\/?p=13320"},"wordCount":871,"commentCount":0,"publisher":{"@id":"https:\/\/lospoliticosveracruz.com\/#organization"},"image":{"@id":"https:\/\/lospoliticosveracruz.com\/?p=13320#primaryimage"},"thumbnailUrl":"http:\/\/www.lospoliticosveracruz.com.mx\/wp-content\/uploads\/2014\/11\/Arbol1-300x150.jpg","keywords":["carbono","combustible","invernadero"],"articleSection":["De Opini\u00f3n"],"inLanguage":"es","potentialAction":[{"@type":"CommentAction","name":"Comment","target":["https:\/\/lospoliticosveracruz.com\/?p=13320#respond"]}]},{"@type":"WebPage","@id":"https:\/\/lospoliticosveracruz.com\/?p=13320","url":"https:\/\/lospoliticosveracruz.com\/?p=13320","name":"\u00bfPor qu\u00e9 har\u00e1 tanto calor hoy? - Los pol\u00edticos Veracruz","isPartOf":{"@id":"https:\/\/lospoliticosveracruz.com\/#website"},"primaryImageOfPage":{"@id":"https:\/\/lospoliticosveracruz.com\/?p=13320#primaryimage"},"image":{"@id":"https:\/\/lospoliticosveracruz.com\/?p=13320#primaryimage"},"thumbnailUrl":"http:\/\/www.lospoliticosveracruz.com.mx\/wp-content\/uploads\/2014\/11\/Arbol1-300x150.jpg","datePublished":"2014-11-06T14:44:49+00:00","breadcrumb":{"@id":"https:\/\/lospoliticosveracruz.com\/?p=13320#breadcrumb"},"inLanguage":"es","potentialAction":[{"@type":"ReadAction","target":["https:\/\/lospoliticosveracruz.com\/?p=13320"]}]},{"@type":"ImageObject","inLanguage":"es","@id":"https:\/\/lospoliticosveracruz.com\/?p=13320#primaryimage","url":"http:\/\/www.lospoliticosveracruz.com.mx\/wp-content\/uploads\/2014\/11\/Arbol1-300x150.jpg","contentUrl":"http:\/\/www.lospoliticosveracruz.com.mx\/wp-content\/uploads\/2014\/11\/Arbol1-300x150.jpg"},{"@type":"BreadcrumbList","@id":"https:\/\/lospoliticosveracruz.com\/?p=13320#breadcrumb","itemListElement":[{"@type":"ListItem","position":1,"name":"Portada","item":"https:\/\/lospoliticosveracruz.com\/"},{"@type":"ListItem","position":2,"name":"\u00bfPor qu\u00e9 har\u00e1 tanto calor hoy?"}]},{"@type":"WebSite","@id":"https:\/\/lospoliticosveracruz.com\/#website","url":"https:\/\/lospoliticosveracruz.com\/","name":"Los pol\u00edticos Veracruz","description":"","publisher":{"@id":"https:\/\/lospoliticosveracruz.com\/#organization"},"potentialAction":[{"@type":"SearchAction","target":{"@type":"EntryPoint","urlTemplate":"https:\/\/lospoliticosveracruz.com\/?s={search_term_string}"},"query-input":{"@type":"PropertyValueSpecification","valueRequired":true,"valueName":"search_term_string"}}],"inLanguage":"es"},{"@type":"Organization","@id":"https:\/\/lospoliticosveracruz.com\/#organization","name":"Los pol\u00edticos Veracruz","url":"https:\/\/lospoliticosveracruz.com\/","logo":{"@type":"ImageObject","inLanguage":"es","@id":"https:\/\/lospoliticosveracruz.com\/#\/schema\/logo\/image\/","url":"https:\/\/lospoliticosveracruz.com\/wp-content\/uploads\/2025\/12\/Logo-Nuevo-LOS-POLITICOS-1.jpg","contentUrl":"https:\/\/lospoliticosveracruz.com\/wp-content\/uploads\/2025\/12\/Logo-Nuevo-LOS-POLITICOS-1.jpg","width":260,"height":70,"caption":"Los pol\u00edticos Veracruz"},"image":{"@id":"https:\/\/lospoliticosveracruz.com\/#\/schema\/logo\/image\/"},"sameAs":["https:\/\/www.facebook.com\/people\/Notimemes-de-los-Polticos\/61565672886568\/","https:\/\/x.com\/LosPoliticosVer"]},{"@type":"Person","@id":"https:\/\/lospoliticosveracruz.com\/#\/schema\/person\/b8702bb0e538456e6efd07080bf2a4a2","name":"Lo viste en Los Pol\u00edticos","image":{"@type":"ImageObject","inLanguage":"es","@id":"https:\/\/secure.gravatar.com\/avatar\/3a8de04a2656d44082be478bd6c086daa447c4651605818287b9532d3d0bd435?s=96&d=mm&r=g","url":"https:\/\/secure.gravatar.com\/avatar\/3a8de04a2656d44082be478bd6c086daa447c4651605818287b9532d3d0bd435?s=96&d=mm&r=g","contentUrl":"https:\/\/secure.gravatar.com\/avatar\/3a8de04a2656d44082be478bd6c086daa447c4651605818287b9532d3d0bd435?s=96&d=mm&r=g","caption":"Lo viste en Los Pol\u00edticos"},"url":"https:\/\/lospoliticosveracruz.com\/?author=2"}]}},"_links":{"self":[{"href":"https:\/\/lospoliticosveracruz.com\/index.php?rest_route=\/wp\/v2\/posts\/13320","targetHints":{"allow":["GET"]}}],"collection":[{"href":"https:\/\/lospoliticosveracruz.com\/index.php?rest_route=\/wp\/v2\/posts"}],"about":[{"href":"https:\/\/lospoliticosveracruz.com\/index.php?rest_route=\/wp\/v2\/types\/post"}],"author":[{"embeddable":true,"href":"https:\/\/lospoliticosveracruz.com\/index.php?rest_route=\/wp\/v2\/users\/2"}],"replies":[{"embeddable":true,"href":"https:\/\/lospoliticosveracruz.com\/index.php?rest_route=%2Fwp%2Fv2%2Fcomments&post=13320"}],"version-history":[{"count":1,"href":"https:\/\/lospoliticosveracruz.com\/index.php?rest_route=\/wp\/v2\/posts\/13320\/revisions"}],"predecessor-version":[{"id":13323,"href":"https:\/\/lospoliticosveracruz.com\/index.php?rest_route=\/wp\/v2\/posts\/13320\/revisions\/13323"}],"wp:attachment":[{"href":"https:\/\/lospoliticosveracruz.com\/index.php?rest_route=%2Fwp%2Fv2%2Fmedia&parent=13320"}],"wp:term":[{"taxonomy":"category","embeddable":true,"href":"https:\/\/lospoliticosveracruz.com\/index.php?rest_route=%2Fwp%2Fv2%2Fcategories&post=13320"},{"taxonomy":"post_tag","embeddable":true,"href":"https:\/\/lospoliticosveracruz.com\/index.php?rest_route=%2Fwp%2Fv2%2Ftags&post=13320"}],"curies":[{"name":"wp","href":"https:\/\/api.w.org\/{rel}","templated":true}]}}