{"id":13327,"date":"2014-11-06T10:58:02","date_gmt":"2014-11-06T16:58:02","guid":{"rendered":"http:\/\/www.lospoliticosveracruz.com.mx\/?p=13327"},"modified":"2014-11-06T10:58:02","modified_gmt":"2014-11-06T16:58:02","slug":"la-magna-estela-de-luz-xalapena","status":"publish","type":"post","link":"https:\/\/lospoliticosveracruz.com\/?p=13327","title":{"rendered":"La magna estela de luz xalape\u00f1a"},"content":{"rendered":"<p><a href=\"http:\/\/www.lospoliticosveracruz.com.mx\/wp-content\/uploads\/2014\/11\/Muro-de-Am\u00e9rico.jpg\"><img loading=\"lazy\" decoding=\"async\" class=\"alignnone size-medium wp-image-13328\" src=\"http:\/\/www.lospoliticosveracruz.com.mx\/wp-content\/uploads\/2014\/11\/Muro-de-Am\u00e9rico-300x199.jpg\" alt=\"Muro de Am\u00e9rico\" width=\"300\" height=\"199\" \/><\/a><\/p>\n<p><strong>Miguel Angel Cristiani G.<\/strong><\/p>\n<p><em>Bit\u00e1cora Veracruz<\/em><\/p>\n<p>Si durante la administraci\u00f3n del presidente Felipe Calder\u00f3n Hinojosa se construy\u00f3 en el DF la Estela de Luz, que se supone ser\u00eda un monumento conmemorativo de los festejos del bicentenario de la independencia y centenario de la revoluci\u00f3n mexicana, que acab\u00f3 siendo un monumento a la corrupci\u00f3n porque se gastaron m\u00e1s de 1,500 millones de pesos, en el terru\u00f1o veracruzano, el alcalde de la capital del estado, Am\u00e9rico Z\u00fa\u00f1iga Mart\u00ednez no se ha querido quedar atr\u00e1s y ha mandado a construir tambi\u00e9n a marchas forzadas a unos d\u00edas de que se inicien los Juegos Deportivos Centroamericanos y del Caribe, una placa tambi\u00e9n de m\u00e1rmol aunque no de las mismas dimensiones de la del DF.<\/p>\n<p>Se supone que lo que se anuncia como una \u201cmega estructura que soportar\u00e1 una pieza de m\u00e1rmol de 5 metros de altura por 3.70 de ancho\u201d servir\u00e1 para dar la bienvenida a los visitantes de los Juegos Centroamericanos.<\/p>\n<p>Pero posiblemente no se pens\u00f3 detenidamente en la construcci\u00f3n de esa mini torre de m\u00e1rmol, que se encuentra en el camell\u00f3n de la avenida L\u00e1zaro C\u00e1rdenas y la avenida Xalapa, precisamente frente a las oficinas de la Secretar\u00eda de Finanzas y Planeaci\u00f3n, por lo que luego de los juegos deportivos, podr\u00eda convertirse en un muro de lamentaciones, en donde grafiteros podr\u00e1n darse gusto.<\/p>\n<p>Lo cierto es que tambi\u00e9n todos aquellos que tienen adeudos, podr\u00e1n acudir a lo que m\u00e1s que un muro de bienvenida, ser\u00e1 un muro de lamentaciones, si bien nos va.<\/p>\n<p>Pero adem\u00e1s, el ayuntamiento que preside Am\u00e9rico Z\u00fa\u00f1iga Mart\u00ednez no conforme con la construcci\u00f3n de una mini estela de m\u00e1rmol, anuncia que est\u00e1 buscando el sitio indicado, en donde colocar y construir otra loza de saludos a los visitantes, que podr\u00eda ubicarse en el arco sur, all\u00e1 por el rumbo del vel\u00f3dromo, a la salida a Coatepec.<\/p>\n<p>Considera el ayuntamiento de Xalapa que \u201cser\u00e1 nuestro saludo de bienvenida a todos los paseantes y una muestra de lo que se puede hacer aqu\u00ed en Xalapa\u201d.<br \/>\nBien dicen en mi pueblo que quienes no aprenden de la historia est\u00e1n condenados a repetir los mismos errores, por lo pronto aqu\u00ed en Xalapa, como si no hubiera nada mejor en qu\u00e9 gastar el presupuesto millonario, se les ocurre construir placas de m\u00e1rmol monumentales.<\/p>\n<p>Habr\u00eda que recordar que en el Distrito Federal, a un costado de Chapultepec, sobre la avenida Reforma se encuentra la \u201cEstela de Luz\u201d un monumento conmemorativo de la Ciudad de M\u00e9xico, construido entre 2010 y 2011 con motivo de los festejos del Bicentenario de la Independencia Mexicana y del Centenario de la Revoluci\u00f3n Mexicana.<\/p>\n<p>Fue inaugurado el 7 de enero del 2012 acompa\u00f1ado de un show de luz y sonido. De acuerdo con el Presidente Felipe Calder\u00f3n Hinojosa, \u00abpor su importancia simb\u00f3lica y belleza arquitect\u00f3nica, este monumento se sumar\u00e1 a la majestuosidad de obras tan emblem\u00e1ticas y admiradas por todos los mexicanos, como son el \u00c1ngel de la Independencia, el Hemiciclo a Ju\u00e1rez o el Monumento a la Revoluci\u00f3n\u00bb.<\/p>\n<p>La inauguraci\u00f3n del monumento conmemorativo se hab\u00eda previsto para el 15 de septiembre de 2010 en la Ciudad de M\u00e9xico. Sin embargo, por diversas cuestiones la obra no se concluy\u00f3 hasta finales de diciembre de 2011, y finalmente inaugurado el 7 de enero de 2012 por el presidente Calder\u00f3n, despu\u00e9s de 15 meses de retraso.<\/p>\n<p>Al d\u00eda siguiente se suscitaron protestas p\u00fablicas en el sitio, por internet y en medios masivos de comunicaci\u00f3n.<\/p>\n<p>En 2011 se destaparon varios esc\u00e1ndalos que pusieron al descubierto presuntos malos manejos con el fondo destinado a la construcci\u00f3n de Estela de Luz, administrado por la Secretar\u00eda de Educaci\u00f3n P\u00fablica que encabezaba Alonso Lujambio.<\/p>\n<p>Por todos estos problemas, su costo, presupuestado inicialmente en 200 millones de pesos se dispar\u00f3 hasta alcanzar la cifra de 1,035.88 millones de pesos, lo cual subi\u00f3 otra vez a 1,575 millones de pesos, alimentando los rumores de mal manejo del presupuesto.<\/p>\n","protected":false},"excerpt":{"rendered":"<p>Miguel Angel Cristiani G. Bit\u00e1cora Veracruz Si durante la administraci\u00f3n del presidente Felipe Calder\u00f3n Hinojosa se construy\u00f3 en el DF la Estela de Luz, que se supone ser\u00eda un monumento conmemorativo de los festejos del bicentenario de la independencia y centenario de la revoluci\u00f3n mexicana, que acab\u00f3 siendo un monumento a la corrupci\u00f3n porque se [&hellip;]<\/p>\n","protected":false},"author":2,"featured_media":0,"comment_status":"open","ping_status":"open","sticky":false,"template":"","format":"standard","meta":{"tdm_status":"","tdm_grid_status":"","footnotes":""},"categories":[70],"tags":[539,282,753,754],"class_list":{"0":"post-13327","1":"post","2":"type-post","3":"status-publish","4":"format-standard","6":"category-de-opinion","7":"tag-americo-zuniga-martinez","8":"tag-corrupcion","9":"tag-estela-de-luz","10":"tag-muro-de-lamentaciones"},"yoast_head":"<!-- This site is optimized with the Yoast SEO plugin v27.4 - https:\/\/yoast.com\/product\/yoast-seo-wordpress\/ -->\n<title>La magna estela de luz xalape\u00f1a - Los pol\u00edticos Veracruz<\/title>\n<meta name=\"robots\" content=\"index, follow, max-snippet:-1, max-image-preview:large, max-video-preview:-1\" \/>\n<link rel=\"canonical\" href=\"https:\/\/lospoliticosveracruz.com\/?p=13327\" \/>\n<meta property=\"og:locale\" content=\"es_ES\" \/>\n<meta property=\"og:type\" content=\"article\" \/>\n<meta property=\"og:title\" content=\"La magna estela de luz xalape\u00f1a - Los pol\u00edticos Veracruz\" \/>\n<meta property=\"og:description\" content=\"Miguel Angel Cristiani G. Bit\u00e1cora Veracruz Si durante la administraci\u00f3n del presidente Felipe Calder\u00f3n Hinojosa se construy\u00f3 en el DF la Estela de Luz, que se supone ser\u00eda un monumento conmemorativo de los festejos del bicentenario de la independencia y centenario de la revoluci\u00f3n mexicana, que acab\u00f3 siendo un monumento a la corrupci\u00f3n porque se [&hellip;]\" \/>\n<meta property=\"og:url\" content=\"https:\/\/lospoliticosveracruz.com\/?p=13327\" \/>\n<meta property=\"og:site_name\" content=\"Los pol\u00edticos Veracruz\" \/>\n<meta property=\"article:publisher\" content=\"https:\/\/www.facebook.com\/people\/Notimemes-de-los-Polticos\/61565672886568\/\" \/>\n<meta property=\"article:published_time\" content=\"2014-11-06T16:58:02+00:00\" \/>\n<meta property=\"og:image\" content=\"https:\/\/lospoliticosveracruz.com\/wp-content\/uploads\/2016\/07\/Logo-Dor.jpg\" \/>\n\t<meta property=\"og:image:width\" content=\"200\" \/>\n\t<meta property=\"og:image:height\" content=\"200\" \/>\n\t<meta property=\"og:image:type\" content=\"image\/jpeg\" \/>\n<meta name=\"author\" content=\"Lo viste en Los Pol\u00edticos\" \/>\n<meta name=\"twitter:card\" content=\"summary_large_image\" \/>\n<meta name=\"twitter:creator\" content=\"@LosPoliticosVer\" \/>\n<meta name=\"twitter:site\" content=\"@LosPoliticosVer\" \/>\n<meta name=\"twitter:label1\" content=\"Escrito por\" \/>\n\t<meta name=\"twitter:data1\" content=\"Lo viste en Los Pol\u00edticos\" \/>\n\t<meta name=\"twitter:label2\" content=\"Tiempo de lectura\" \/>\n\t<meta name=\"twitter:data2\" content=\"3 minutos\" \/>\n<script type=\"application\/ld+json\" class=\"yoast-schema-graph\">{\"@context\":\"https:\\\/\\\/schema.org\",\"@graph\":[{\"@type\":\"Article\",\"@id\":\"https:\\\/\\\/lospoliticosveracruz.com\\\/?p=13327#article\",\"isPartOf\":{\"@id\":\"https:\\\/\\\/lospoliticosveracruz.com\\\/?p=13327\"},\"author\":{\"name\":\"Lo viste en Los Pol\u00edticos\",\"@id\":\"https:\\\/\\\/lospoliticosveracruz.com\\\/#\\\/schema\\\/person\\\/b8702bb0e538456e6efd07080bf2a4a2\"},\"headline\":\"La magna estela de luz xalape\u00f1a\",\"datePublished\":\"2014-11-06T16:58:02+00:00\",\"mainEntityOfPage\":{\"@id\":\"https:\\\/\\\/lospoliticosveracruz.com\\\/?p=13327\"},\"wordCount\":701,\"commentCount\":0,\"publisher\":{\"@id\":\"https:\\\/\\\/lospoliticosveracruz.com\\\/#organization\"},\"keywords\":[\"Am\u00e9rico Z\u00fa\u00f1iga Mart\u00ednez\",\"corrupci\u00f3n\",\"Estela de Luz\",\"muro de lamentaciones\"],\"articleSection\":[\"De Opini\u00f3n\"],\"inLanguage\":\"es\",\"potentialAction\":[{\"@type\":\"CommentAction\",\"name\":\"Comment\",\"target\":[\"https:\\\/\\\/lospoliticosveracruz.com\\\/?p=13327#respond\"]}]},{\"@type\":\"WebPage\",\"@id\":\"https:\\\/\\\/lospoliticosveracruz.com\\\/?p=13327\",\"url\":\"https:\\\/\\\/lospoliticosveracruz.com\\\/?p=13327\",\"name\":\"La magna estela de luz xalape\u00f1a - Los pol\u00edticos Veracruz\",\"isPartOf\":{\"@id\":\"https:\\\/\\\/lospoliticosveracruz.com\\\/#website\"},\"datePublished\":\"2014-11-06T16:58:02+00:00\",\"breadcrumb\":{\"@id\":\"https:\\\/\\\/lospoliticosveracruz.com\\\/?p=13327#breadcrumb\"},\"inLanguage\":\"es\",\"potentialAction\":[{\"@type\":\"ReadAction\",\"target\":[\"https:\\\/\\\/lospoliticosveracruz.com\\\/?p=13327\"]}]},{\"@type\":\"BreadcrumbList\",\"@id\":\"https:\\\/\\\/lospoliticosveracruz.com\\\/?p=13327#breadcrumb\",\"itemListElement\":[{\"@type\":\"ListItem\",\"position\":1,\"name\":\"Portada\",\"item\":\"https:\\\/\\\/lospoliticosveracruz.com\\\/\"},{\"@type\":\"ListItem\",\"position\":2,\"name\":\"La magna estela de luz xalape\u00f1a\"}]},{\"@type\":\"WebSite\",\"@id\":\"https:\\\/\\\/lospoliticosveracruz.com\\\/#website\",\"url\":\"https:\\\/\\\/lospoliticosveracruz.com\\\/\",\"name\":\"Los pol\u00edticos Veracruz\",\"description\":\"\",\"publisher\":{\"@id\":\"https:\\\/\\\/lospoliticosveracruz.com\\\/#organization\"},\"potentialAction\":[{\"@type\":\"SearchAction\",\"target\":{\"@type\":\"EntryPoint\",\"urlTemplate\":\"https:\\\/\\\/lospoliticosveracruz.com\\\/?s={search_term_string}\"},\"query-input\":{\"@type\":\"PropertyValueSpecification\",\"valueRequired\":true,\"valueName\":\"search_term_string\"}}],\"inLanguage\":\"es\"},{\"@type\":\"Organization\",\"@id\":\"https:\\\/\\\/lospoliticosveracruz.com\\\/#organization\",\"name\":\"Los pol\u00edticos Veracruz\",\"url\":\"https:\\\/\\\/lospoliticosveracruz.com\\\/\",\"logo\":{\"@type\":\"ImageObject\",\"inLanguage\":\"es\",\"@id\":\"https:\\\/\\\/lospoliticosveracruz.com\\\/#\\\/schema\\\/logo\\\/image\\\/\",\"url\":\"https:\\\/\\\/lospoliticosveracruz.com\\\/wp-content\\\/uploads\\\/2025\\\/12\\\/Logo-Nuevo-LOS-POLITICOS-1.jpg\",\"contentUrl\":\"https:\\\/\\\/lospoliticosveracruz.com\\\/wp-content\\\/uploads\\\/2025\\\/12\\\/Logo-Nuevo-LOS-POLITICOS-1.jpg\",\"width\":260,\"height\":70,\"caption\":\"Los pol\u00edticos Veracruz\"},\"image\":{\"@id\":\"https:\\\/\\\/lospoliticosveracruz.com\\\/#\\\/schema\\\/logo\\\/image\\\/\"},\"sameAs\":[\"https:\\\/\\\/www.facebook.com\\\/people\\\/Notimemes-de-los-Polticos\\\/61565672886568\\\/\",\"https:\\\/\\\/x.com\\\/LosPoliticosVer\"]},{\"@type\":\"Person\",\"@id\":\"https:\\\/\\\/lospoliticosveracruz.com\\\/#\\\/schema\\\/person\\\/b8702bb0e538456e6efd07080bf2a4a2\",\"name\":\"Lo viste en Los Pol\u00edticos\",\"image\":{\"@type\":\"ImageObject\",\"inLanguage\":\"es\",\"@id\":\"https:\\\/\\\/secure.gravatar.com\\\/avatar\\\/3a8de04a2656d44082be478bd6c086daa447c4651605818287b9532d3d0bd435?s=96&d=mm&r=g\",\"url\":\"https:\\\/\\\/secure.gravatar.com\\\/avatar\\\/3a8de04a2656d44082be478bd6c086daa447c4651605818287b9532d3d0bd435?s=96&d=mm&r=g\",\"contentUrl\":\"https:\\\/\\\/secure.gravatar.com\\\/avatar\\\/3a8de04a2656d44082be478bd6c086daa447c4651605818287b9532d3d0bd435?s=96&d=mm&r=g\",\"caption\":\"Lo viste en Los Pol\u00edticos\"},\"url\":\"https:\\\/\\\/lospoliticosveracruz.com\\\/?author=2\"}]}<\/script>\n<!-- \/ Yoast SEO plugin. -->","yoast_head_json":{"title":"La magna estela de luz xalape\u00f1a - Los pol\u00edticos Veracruz","robots":{"index":"index","follow":"follow","max-snippet":"max-snippet:-1","max-image-preview":"max-image-preview:large","max-video-preview":"max-video-preview:-1"},"canonical":"https:\/\/lospoliticosveracruz.com\/?p=13327","og_locale":"es_ES","og_type":"article","og_title":"La magna estela de luz xalape\u00f1a - Los pol\u00edticos Veracruz","og_description":"Miguel Angel Cristiani G. Bit\u00e1cora Veracruz Si durante la administraci\u00f3n del presidente Felipe Calder\u00f3n Hinojosa se construy\u00f3 en el DF la Estela de Luz, que se supone ser\u00eda un monumento conmemorativo de los festejos del bicentenario de la independencia y centenario de la revoluci\u00f3n mexicana, que acab\u00f3 siendo un monumento a la corrupci\u00f3n porque se [&hellip;]","og_url":"https:\/\/lospoliticosveracruz.com\/?p=13327","og_site_name":"Los pol\u00edticos Veracruz","article_publisher":"https:\/\/www.facebook.com\/people\/Notimemes-de-los-Polticos\/61565672886568\/","article_published_time":"2014-11-06T16:58:02+00:00","og_image":[{"width":200,"height":200,"url":"https:\/\/lospoliticosveracruz.com\/wp-content\/uploads\/2016\/07\/Logo-Dor.jpg","type":"image\/jpeg"}],"author":"Lo viste en Los Pol\u00edticos","twitter_card":"summary_large_image","twitter_creator":"@LosPoliticosVer","twitter_site":"@LosPoliticosVer","twitter_misc":{"Escrito por":"Lo viste en Los Pol\u00edticos","Tiempo de lectura":"3 minutos"},"schema":{"@context":"https:\/\/schema.org","@graph":[{"@type":"Article","@id":"https:\/\/lospoliticosveracruz.com\/?p=13327#article","isPartOf":{"@id":"https:\/\/lospoliticosveracruz.com\/?p=13327"},"author":{"name":"Lo viste en Los Pol\u00edticos","@id":"https:\/\/lospoliticosveracruz.com\/#\/schema\/person\/b8702bb0e538456e6efd07080bf2a4a2"},"headline":"La magna estela de luz xalape\u00f1a","datePublished":"2014-11-06T16:58:02+00:00","mainEntityOfPage":{"@id":"https:\/\/lospoliticosveracruz.com\/?p=13327"},"wordCount":701,"commentCount":0,"publisher":{"@id":"https:\/\/lospoliticosveracruz.com\/#organization"},"keywords":["Am\u00e9rico Z\u00fa\u00f1iga Mart\u00ednez","corrupci\u00f3n","Estela de Luz","muro de lamentaciones"],"articleSection":["De Opini\u00f3n"],"inLanguage":"es","potentialAction":[{"@type":"CommentAction","name":"Comment","target":["https:\/\/lospoliticosveracruz.com\/?p=13327#respond"]}]},{"@type":"WebPage","@id":"https:\/\/lospoliticosveracruz.com\/?p=13327","url":"https:\/\/lospoliticosveracruz.com\/?p=13327","name":"La magna estela de luz xalape\u00f1a - Los pol\u00edticos Veracruz","isPartOf":{"@id":"https:\/\/lospoliticosveracruz.com\/#website"},"datePublished":"2014-11-06T16:58:02+00:00","breadcrumb":{"@id":"https:\/\/lospoliticosveracruz.com\/?p=13327#breadcrumb"},"inLanguage":"es","potentialAction":[{"@type":"ReadAction","target":["https:\/\/lospoliticosveracruz.com\/?p=13327"]}]},{"@type":"BreadcrumbList","@id":"https:\/\/lospoliticosveracruz.com\/?p=13327#breadcrumb","itemListElement":[{"@type":"ListItem","position":1,"name":"Portada","item":"https:\/\/lospoliticosveracruz.com\/"},{"@type":"ListItem","position":2,"name":"La magna estela de luz xalape\u00f1a"}]},{"@type":"WebSite","@id":"https:\/\/lospoliticosveracruz.com\/#website","url":"https:\/\/lospoliticosveracruz.com\/","name":"Los pol\u00edticos Veracruz","description":"","publisher":{"@id":"https:\/\/lospoliticosveracruz.com\/#organization"},"potentialAction":[{"@type":"SearchAction","target":{"@type":"EntryPoint","urlTemplate":"https:\/\/lospoliticosveracruz.com\/?s={search_term_string}"},"query-input":{"@type":"PropertyValueSpecification","valueRequired":true,"valueName":"search_term_string"}}],"inLanguage":"es"},{"@type":"Organization","@id":"https:\/\/lospoliticosveracruz.com\/#organization","name":"Los pol\u00edticos Veracruz","url":"https:\/\/lospoliticosveracruz.com\/","logo":{"@type":"ImageObject","inLanguage":"es","@id":"https:\/\/lospoliticosveracruz.com\/#\/schema\/logo\/image\/","url":"https:\/\/lospoliticosveracruz.com\/wp-content\/uploads\/2025\/12\/Logo-Nuevo-LOS-POLITICOS-1.jpg","contentUrl":"https:\/\/lospoliticosveracruz.com\/wp-content\/uploads\/2025\/12\/Logo-Nuevo-LOS-POLITICOS-1.jpg","width":260,"height":70,"caption":"Los pol\u00edticos Veracruz"},"image":{"@id":"https:\/\/lospoliticosveracruz.com\/#\/schema\/logo\/image\/"},"sameAs":["https:\/\/www.facebook.com\/people\/Notimemes-de-los-Polticos\/61565672886568\/","https:\/\/x.com\/LosPoliticosVer"]},{"@type":"Person","@id":"https:\/\/lospoliticosveracruz.com\/#\/schema\/person\/b8702bb0e538456e6efd07080bf2a4a2","name":"Lo viste en Los Pol\u00edticos","image":{"@type":"ImageObject","inLanguage":"es","@id":"https:\/\/secure.gravatar.com\/avatar\/3a8de04a2656d44082be478bd6c086daa447c4651605818287b9532d3d0bd435?s=96&d=mm&r=g","url":"https:\/\/secure.gravatar.com\/avatar\/3a8de04a2656d44082be478bd6c086daa447c4651605818287b9532d3d0bd435?s=96&d=mm&r=g","contentUrl":"https:\/\/secure.gravatar.com\/avatar\/3a8de04a2656d44082be478bd6c086daa447c4651605818287b9532d3d0bd435?s=96&d=mm&r=g","caption":"Lo viste en Los Pol\u00edticos"},"url":"https:\/\/lospoliticosveracruz.com\/?author=2"}]}},"_links":{"self":[{"href":"https:\/\/lospoliticosveracruz.com\/index.php?rest_route=\/wp\/v2\/posts\/13327","targetHints":{"allow":["GET"]}}],"collection":[{"href":"https:\/\/lospoliticosveracruz.com\/index.php?rest_route=\/wp\/v2\/posts"}],"about":[{"href":"https:\/\/lospoliticosveracruz.com\/index.php?rest_route=\/wp\/v2\/types\/post"}],"author":[{"embeddable":true,"href":"https:\/\/lospoliticosveracruz.com\/index.php?rest_route=\/wp\/v2\/users\/2"}],"replies":[{"embeddable":true,"href":"https:\/\/lospoliticosveracruz.com\/index.php?rest_route=%2Fwp%2Fv2%2Fcomments&post=13327"}],"version-history":[{"count":1,"href":"https:\/\/lospoliticosveracruz.com\/index.php?rest_route=\/wp\/v2\/posts\/13327\/revisions"}],"predecessor-version":[{"id":13329,"href":"https:\/\/lospoliticosveracruz.com\/index.php?rest_route=\/wp\/v2\/posts\/13327\/revisions\/13329"}],"wp:attachment":[{"href":"https:\/\/lospoliticosveracruz.com\/index.php?rest_route=%2Fwp%2Fv2%2Fmedia&parent=13327"}],"wp:term":[{"taxonomy":"category","embeddable":true,"href":"https:\/\/lospoliticosveracruz.com\/index.php?rest_route=%2Fwp%2Fv2%2Fcategories&post=13327"},{"taxonomy":"post_tag","embeddable":true,"href":"https:\/\/lospoliticosveracruz.com\/index.php?rest_route=%2Fwp%2Fv2%2Ftags&post=13327"}],"curies":[{"name":"wp","href":"https:\/\/api.w.org\/{rel}","templated":true}]}}