{"id":13330,"date":"2014-11-06T13:03:23","date_gmt":"2014-11-06T19:03:23","guid":{"rendered":"http:\/\/www.lospoliticosveracruz.com.mx\/?p=13330"},"modified":"2014-11-06T13:03:23","modified_gmt":"2014-11-06T19:03:23","slug":"los-abarca-la-telenovela-de-pena","status":"publish","type":"post","link":"https:\/\/lospoliticosveracruz.com\/?p=13330","title":{"rendered":"Los Abarca: La telenovela de Pe\u00f1a"},"content":{"rendered":"<p><a href=\"http:\/\/www.lospoliticosveracruz.com.mx\/wp-content\/uploads\/2014\/11\/Ayotzinapa.jpg\"><img loading=\"lazy\" decoding=\"async\" class=\"alignnone size-medium wp-image-13331\" src=\"http:\/\/www.lospoliticosveracruz.com.mx\/wp-content\/uploads\/2014\/11\/Ayotzinapa-300x225.jpg\" alt=\"Ayotzinapa\" width=\"300\" height=\"225\" \/><\/a><\/p>\n<p><strong>Claudia Guerrero Mart\u00ednez<\/strong><\/p>\n<p><em>Entre lo ut\u00f3pico y lo verdadero<\/em><\/p>\n<p>&nbsp;<\/p>\n<p>Una detenci\u00f3n que nos deber\u00eda congratular\u2026 A \u00e9stas alturas de inconformidad colectiva sobre el caso de las desaparici\u00f3n de los 43 normalistas de Ayotzinapa, lo que provoca es extra\u00f1eza\u2026La madrugada del lunes 03 de noviembre, lo que era ya un rumor, oficialmente se confirmaba la detenci\u00f3n del exalcalde de Iguala Jos\u00e9 Luis Abarca y su esposa, Mar\u00eda de los \u00c1ngeles Pineda, quienes estaban presuntamente ocultos en una casa en la delegaci\u00f3n Ermita Iztapalapa, en la Ciudad de M\u00e9xico\u2026<\/p>\n<p>La que aqu\u00ed escribe, no cree en coincidencias\u2026 Pues, es \u201ccoincidente\u201d, que el expresidente municipal de Iguala, Guerrero era del PRD\u2026 Que este, al igual que su esposa, aspiraban una diputaci\u00f3n federal por el PRD\u2026 Fueron aprendidos en M\u00e9xico, DF, en un estado donde gobierna el PRD\u2026 Coincidencia, en una delegaci\u00f3n donde gobierna tambi\u00e9n el PRD y los medios de comunicaci\u00f3n nacionales oficialistas, est\u00e1n emprendiendo una clara campa\u00f1a de desprestigio en contra de todo lo que huela a perredistas, lig\u00e1ndolos con el C\u00e1rtel de los Beltr\u00e1n Leyva, Guerreros Unidos y otros grupos delincuenciales del narcotr\u00e1fico\u2026 Una tras otra, son las notas directas de c\u00f3mo y de manera directa, el PRD est\u00e1 permeado por el narco y la delincuencia organizada\u2026<\/p>\n<p>Mientras y de forma adrede, ponen en segundo plano el asunto de los j\u00f3venes normalistas\u2026 Peor, cuando encuentran a los presuntos autores intelectuales, pero no, a los estudiantes de Ayotzinapa\u2026 Demeritan las notas de los padres de los desaparecidos criticando la pasividad del Presidente Enrique Pe\u00f1a Nieto y de su Consejo de Seguridad Nacional\u2026 Como novela policiaca o una pel\u00edcula de Silvestre Stallone, los Abarca burlaron retenes, inteligencia policiaca y todo el aparato de espionaje gubernamental, pasando cercos, filtros y operadores, para as\u00ed, por varias semanas estar presuntamente escondidos en la Ciudad de M\u00e9xico\u2026<\/p>\n<p>Inteligentes lectores, no perdamos puntos importantes en este asunto\u2026 \u00bfSi hay una recompensa por tu localizaci\u00f3n, por qu\u00e9 acercarte a donde est\u00e1 tu peor cazador, que es la PGR?&#8230; \u00bfAlguien cree, en verdad, que los esposos Abarca tienen todo el poder para ser los autores intelectuales del ataque y desaparici\u00f3n de los 43 normalistas?&#8230; La casa de seguridad y su descuido, las prendas de vestir y sombreros, los enseres, veladoras prendidas, los perros de compa\u00f1\u00eda, en fin, todo el lugar con una imagen insalubre donde viv\u00edan ocultos Jos\u00e9 Luis Abarca y Mar\u00eda de los \u00c1ngeles Pineda, ponen en tela de juicio si en verdad estaban escondidos en ese lugar y s\u00f3lo sea una recreaci\u00f3n de escenarios para ocultar el verdadero sitio donde fueron detenidos\u2026 Y lo m\u00e1s extra\u00f1o, nadie percibi\u00f3 el operativo, nadie vio nada extra\u00f1o, nadie oy\u00f3 el despliegue policiaco, a la hora de las detenciones y nadie not\u00f3 la entrada de muebles, enseres y todo lo alojado en el inmueble, junto con los nuevos vecinos\u2026<\/p>\n<p>Esperamos equivocarnos y s\u00f3lo sean suspicacias sin sustento y malos pensamientos&#8230;Que con \u00e9sta detenci\u00f3n se localice el paradero de los j\u00f3venes de Ayotzinapa y tambi\u00e9n, de los culpables de los cuerpos enterrados en fosas clandestinas, encontradas en la b\u00fasqueda de los normalistas\u2026 No queremos demeritar el trabajo de la PGR y del Gobierno de Pe\u00f1a Nieto, pero vemos inconsistencias en el c\u00f3mo, cu\u00e1ndo, d\u00f3nde y por qu\u00e9 de la detenci\u00f3n de Los Abarca\u2026 Y se percibe un manto de suspicacias y extra\u00f1amientos\u2026<\/p>\n<p>Y volvemos a decirlo, la mal llamada \u201cpareja imperial\u201d, como medios de comunicaci\u00f3n los han apodado, ya rinden su declaratoria en la SEIDO y en las pr\u00f3ximas horas, presuntamente se sabr\u00e1 a detalle, sobre la localizaci\u00f3n de los normalistas, pero tambi\u00e9n, sobre \u00e9sta red de C\u00e1rteles de los Beltr\u00e1n Leyva y de Guerreros Unidos\u2026 Lo lamentable de esto, es que todo ser\u00e1 usado como arma letal para el PRD y debilitarlo en su imagen en las pr\u00f3ximas elecciones federales, prevaleciendo m\u00e1s el inter\u00e9s electoral y poniendo en segundo plano, la localizaci\u00f3n de los estudiantes y sin darles certeza a los desesperados familiares\u2026 Indignante y vergonzoso esto, pero en la pol\u00edtica pesan m\u00e1s los intereses partidistas, que el bienestar de la ciudadan\u00eda\u2026<\/p>\n<p>&nbsp;<\/p>\n<p><strong>Quejas en la Universidad Veracruzana<\/strong><\/p>\n<p>En administraciones anteriores y en la actual, teniendo como Rectora a Sara Ladr\u00f3n de Guevara, existen empleado que se sienten inamovibles y adem\u00e1s, gracias a artima\u00f1as de chismes y mentiras, consiguen congraciarse con sus jefes y crean una ambiente de sospecha, para as\u00ed evitar que otros, puedan tener los mismos beneficios que gozan algunos cu\u00e1ntos\u2026 Y esto no es nuevo en las oficinas gubernamentales y mucho menos, en la Rector\u00eda de la Universidad Veracruzana\u2026<\/p>\n<p>Y son ya, varias quejas de la prepotencia desmedida y beneficios que goza Alejandra Aburto N\u00fa\u00f1ez, actual Secretaria Particular de la Secretar\u00eda Acad\u00e9mica de la UV, teniendo como titular a la Mtra. Leticia Rodr\u00edguez Audirac\u2026<\/p>\n<p>En tiempos del exrector de la UV, Rafael Hern\u00e1ndez Villalpando, es el inicio de la hoy secretaria particular Alejandra Aburto, quien se ha desarrollado en las \u00e1reas de Direcci\u00f3n de Contabilidad y Vinculaci\u00f3n General en 1991, colaborando muy de cerca con el entonces Secretario de Finanzas, Timoteo Aldana Carri\u00f3n\u2026 Cuando era asistente administrativa de la exsecretaria Acad\u00e9mica Ma. Pilar Velasco, le fue asignada la plaza Analista \u201cC\u201d, como personal de apoyo, pero curiosamente, desde entonces obtiene compensaciones, bonos y trato preferencial\u2026<\/p>\n<p>Siendo Secretario Acad\u00e9mico Ricardo Corzo Ram\u00edrez, a Alejandra Aburto N\u00fa\u00f1ez se le autoriz\u00f3 para firmar cheques como funcionaria y tarjetas firmadas por ella, en las cuales, remit\u00eda \u00f3rdenes del exrector Ra\u00fal Arias Lovillo para que liberaran recursos y se hablan de cerca de 300 mil pesos\u2026 En la actual administraci\u00f3n, estos dineros no se comprueban y su destino es desconocido\u2026 Hoy, Aburto N\u00fa\u00f1ez es Secretaria Particular de Leticia Rodr\u00edguez Audirac, Secretaria Acad\u00e9mica de la UV, de quien se sabe, se ausenta mucho y le delega a su asistente la autorizaci\u00f3n de todo tipo de tr\u00e1mite, entre ellos el financiero\u2026 Este fen\u00f3meno est\u00e1 pasando, al igual, como ocurri\u00f3 en la \u201cUniversiada Nacional 2012\u201d, cuando Rodr\u00edguez Audirac era Secretaria T\u00e9cnica de la Rector\u00eda\u2026<\/p>\n<p>Acusan a Alejandra Aburto N\u00fa\u00f1ez de fugar informaci\u00f3n a exrectores, exsecretarios acad\u00e9micos y funcionarios de la UV\u2026 Y coincidente, \u00e9sta llega a la Presidencia de la agrupaci\u00f3n Empleados de Confianza de la UV (ECUV), la cual preside Jacobo Res\u00e9ndiz Pelayo\u2026 Nuestra pregunta obligada: \u00bfSabr\u00e1 todo esto, la Rectora Sara Ladr\u00f3n de Guevara?&#8230; Ah\u00ed dejamos estos datos, pues el tr\u00e1fico de influencias que se percibe en la UV es impresionante\u2026<\/p>\n<p>Notita importante: Los esperamos en la segunda transmisi\u00f3n de C\u00edrculo Rojo del Periodismo Veracruzano, este viernes, en punto de las 19:00 horas en www.periodicoveraz.com y enlazamos trasmisiones con el Portal www.eldemocrata.com&#8230; Los esperamos\u2026<\/p>\n","protected":false},"excerpt":{"rendered":"<p>Claudia Guerrero Mart\u00ednez Entre lo ut\u00f3pico y lo verdadero &nbsp; Una detenci\u00f3n que nos deber\u00eda congratular\u2026 A \u00e9stas alturas de inconformidad colectiva sobre el caso de las desaparici\u00f3n de los 43 normalistas de Ayotzinapa, lo que provoca es extra\u00f1eza\u2026La madrugada del lunes 03 de noviembre, lo que era ya un rumor, oficialmente se confirmaba la [&hellip;]<\/p>\n","protected":false},"author":2,"featured_media":0,"comment_status":"open","ping_status":"open","sticky":false,"template":"","format":"standard","meta":{"tdm_status":"","tdm_grid_status":"","footnotes":""},"categories":[70],"tags":[101,756,755,743,172],"class_list":{"0":"post-13330","1":"post","2":"type-post","3":"status-publish","4":"format-standard","6":"category-de-opinion","7":"tag-ayotzinapa","8":"tag-leticia-rodriguez-audirac","9":"tag-sara-ladron-de-guevara","10":"tag-televisa","11":"tag-uv"},"yoast_head":"<!-- This site is optimized with the Yoast SEO plugin v27.4 - https:\/\/yoast.com\/product\/yoast-seo-wordpress\/ -->\n<title>Los Abarca: La telenovela de Pe\u00f1a - Los pol\u00edticos Veracruz<\/title>\n<meta name=\"robots\" content=\"index, follow, max-snippet:-1, max-image-preview:large, max-video-preview:-1\" \/>\n<link rel=\"canonical\" href=\"https:\/\/lospoliticosveracruz.com\/?p=13330\" \/>\n<meta property=\"og:locale\" content=\"es_ES\" \/>\n<meta property=\"og:type\" content=\"article\" \/>\n<meta property=\"og:title\" content=\"Los Abarca: La telenovela de Pe\u00f1a - Los pol\u00edticos Veracruz\" \/>\n<meta property=\"og:description\" content=\"Claudia Guerrero Mart\u00ednez Entre lo ut\u00f3pico y lo verdadero &nbsp; Una detenci\u00f3n que nos deber\u00eda congratular\u2026 A \u00e9stas alturas de inconformidad colectiva sobre el caso de las desaparici\u00f3n de los 43 normalistas de Ayotzinapa, lo que provoca es extra\u00f1eza\u2026La madrugada del lunes 03 de noviembre, lo que era ya un rumor, oficialmente se confirmaba la [&hellip;]\" \/>\n<meta property=\"og:url\" content=\"https:\/\/lospoliticosveracruz.com\/?p=13330\" \/>\n<meta property=\"og:site_name\" content=\"Los pol\u00edticos Veracruz\" \/>\n<meta property=\"article:publisher\" content=\"https:\/\/www.facebook.com\/people\/Notimemes-de-los-Polticos\/61565672886568\/\" \/>\n<meta property=\"article:published_time\" content=\"2014-11-06T19:03:23+00:00\" \/>\n<meta property=\"og:image\" content=\"http:\/\/www.lospoliticosveracruz.com.mx\/wp-content\/uploads\/2014\/11\/Ayotzinapa-300x225.jpg\" \/>\n<meta name=\"author\" content=\"Lo viste en Los Pol\u00edticos\" \/>\n<meta name=\"twitter:card\" content=\"summary_large_image\" \/>\n<meta name=\"twitter:creator\" content=\"@LosPoliticosVer\" \/>\n<meta name=\"twitter:site\" content=\"@LosPoliticosVer\" \/>\n<meta name=\"twitter:label1\" content=\"Escrito por\" \/>\n\t<meta name=\"twitter:data1\" content=\"Lo viste en Los Pol\u00edticos\" \/>\n\t<meta name=\"twitter:label2\" content=\"Tiempo de lectura\" \/>\n\t<meta name=\"twitter:data2\" content=\"6 minutos\" \/>\n<script type=\"application\/ld+json\" class=\"yoast-schema-graph\">{\"@context\":\"https:\\\/\\\/schema.org\",\"@graph\":[{\"@type\":\"Article\",\"@id\":\"https:\\\/\\\/lospoliticosveracruz.com\\\/?p=13330#article\",\"isPartOf\":{\"@id\":\"https:\\\/\\\/lospoliticosveracruz.com\\\/?p=13330\"},\"author\":{\"name\":\"Lo viste en Los Pol\u00edticos\",\"@id\":\"https:\\\/\\\/lospoliticosveracruz.com\\\/#\\\/schema\\\/person\\\/b8702bb0e538456e6efd07080bf2a4a2\"},\"headline\":\"Los Abarca: La telenovela de Pe\u00f1a\",\"datePublished\":\"2014-11-06T19:03:23+00:00\",\"mainEntityOfPage\":{\"@id\":\"https:\\\/\\\/lospoliticosveracruz.com\\\/?p=13330\"},\"wordCount\":1194,\"commentCount\":0,\"publisher\":{\"@id\":\"https:\\\/\\\/lospoliticosveracruz.com\\\/#organization\"},\"image\":{\"@id\":\"https:\\\/\\\/lospoliticosveracruz.com\\\/?p=13330#primaryimage\"},\"thumbnailUrl\":\"http:\\\/\\\/www.lospoliticosveracruz.com.mx\\\/wp-content\\\/uploads\\\/2014\\\/11\\\/Ayotzinapa-300x225.jpg\",\"keywords\":[\"Ayotzinapa\",\"Leticia Rodr\u00edguez Audirac\",\"Sara Ladr\u00f3n de Guevara\",\"Televisa\",\"UV\"],\"articleSection\":[\"De Opini\u00f3n\"],\"inLanguage\":\"es\",\"potentialAction\":[{\"@type\":\"CommentAction\",\"name\":\"Comment\",\"target\":[\"https:\\\/\\\/lospoliticosveracruz.com\\\/?p=13330#respond\"]}]},{\"@type\":\"WebPage\",\"@id\":\"https:\\\/\\\/lospoliticosveracruz.com\\\/?p=13330\",\"url\":\"https:\\\/\\\/lospoliticosveracruz.com\\\/?p=13330\",\"name\":\"Los Abarca: La telenovela de Pe\u00f1a - Los pol\u00edticos Veracruz\",\"isPartOf\":{\"@id\":\"https:\\\/\\\/lospoliticosveracruz.com\\\/#website\"},\"primaryImageOfPage\":{\"@id\":\"https:\\\/\\\/lospoliticosveracruz.com\\\/?p=13330#primaryimage\"},\"image\":{\"@id\":\"https:\\\/\\\/lospoliticosveracruz.com\\\/?p=13330#primaryimage\"},\"thumbnailUrl\":\"http:\\\/\\\/www.lospoliticosveracruz.com.mx\\\/wp-content\\\/uploads\\\/2014\\\/11\\\/Ayotzinapa-300x225.jpg\",\"datePublished\":\"2014-11-06T19:03:23+00:00\",\"breadcrumb\":{\"@id\":\"https:\\\/\\\/lospoliticosveracruz.com\\\/?p=13330#breadcrumb\"},\"inLanguage\":\"es\",\"potentialAction\":[{\"@type\":\"ReadAction\",\"target\":[\"https:\\\/\\\/lospoliticosveracruz.com\\\/?p=13330\"]}]},{\"@type\":\"ImageObject\",\"inLanguage\":\"es\",\"@id\":\"https:\\\/\\\/lospoliticosveracruz.com\\\/?p=13330#primaryimage\",\"url\":\"http:\\\/\\\/www.lospoliticosveracruz.com.mx\\\/wp-content\\\/uploads\\\/2014\\\/11\\\/Ayotzinapa-300x225.jpg\",\"contentUrl\":\"http:\\\/\\\/www.lospoliticosveracruz.com.mx\\\/wp-content\\\/uploads\\\/2014\\\/11\\\/Ayotzinapa-300x225.jpg\"},{\"@type\":\"BreadcrumbList\",\"@id\":\"https:\\\/\\\/lospoliticosveracruz.com\\\/?p=13330#breadcrumb\",\"itemListElement\":[{\"@type\":\"ListItem\",\"position\":1,\"name\":\"Portada\",\"item\":\"https:\\\/\\\/lospoliticosveracruz.com\\\/\"},{\"@type\":\"ListItem\",\"position\":2,\"name\":\"Los Abarca: La telenovela de Pe\u00f1a\"}]},{\"@type\":\"WebSite\",\"@id\":\"https:\\\/\\\/lospoliticosveracruz.com\\\/#website\",\"url\":\"https:\\\/\\\/lospoliticosveracruz.com\\\/\",\"name\":\"Los pol\u00edticos Veracruz\",\"description\":\"\",\"publisher\":{\"@id\":\"https:\\\/\\\/lospoliticosveracruz.com\\\/#organization\"},\"potentialAction\":[{\"@type\":\"SearchAction\",\"target\":{\"@type\":\"EntryPoint\",\"urlTemplate\":\"https:\\\/\\\/lospoliticosveracruz.com\\\/?s={search_term_string}\"},\"query-input\":{\"@type\":\"PropertyValueSpecification\",\"valueRequired\":true,\"valueName\":\"search_term_string\"}}],\"inLanguage\":\"es\"},{\"@type\":\"Organization\",\"@id\":\"https:\\\/\\\/lospoliticosveracruz.com\\\/#organization\",\"name\":\"Los pol\u00edticos Veracruz\",\"url\":\"https:\\\/\\\/lospoliticosveracruz.com\\\/\",\"logo\":{\"@type\":\"ImageObject\",\"inLanguage\":\"es\",\"@id\":\"https:\\\/\\\/lospoliticosveracruz.com\\\/#\\\/schema\\\/logo\\\/image\\\/\",\"url\":\"https:\\\/\\\/lospoliticosveracruz.com\\\/wp-content\\\/uploads\\\/2025\\\/12\\\/Logo-Nuevo-LOS-POLITICOS-1.jpg\",\"contentUrl\":\"https:\\\/\\\/lospoliticosveracruz.com\\\/wp-content\\\/uploads\\\/2025\\\/12\\\/Logo-Nuevo-LOS-POLITICOS-1.jpg\",\"width\":260,\"height\":70,\"caption\":\"Los pol\u00edticos Veracruz\"},\"image\":{\"@id\":\"https:\\\/\\\/lospoliticosveracruz.com\\\/#\\\/schema\\\/logo\\\/image\\\/\"},\"sameAs\":[\"https:\\\/\\\/www.facebook.com\\\/people\\\/Notimemes-de-los-Polticos\\\/61565672886568\\\/\",\"https:\\\/\\\/x.com\\\/LosPoliticosVer\"]},{\"@type\":\"Person\",\"@id\":\"https:\\\/\\\/lospoliticosveracruz.com\\\/#\\\/schema\\\/person\\\/b8702bb0e538456e6efd07080bf2a4a2\",\"name\":\"Lo viste en Los Pol\u00edticos\",\"image\":{\"@type\":\"ImageObject\",\"inLanguage\":\"es\",\"@id\":\"https:\\\/\\\/secure.gravatar.com\\\/avatar\\\/3a8de04a2656d44082be478bd6c086daa447c4651605818287b9532d3d0bd435?s=96&d=mm&r=g\",\"url\":\"https:\\\/\\\/secure.gravatar.com\\\/avatar\\\/3a8de04a2656d44082be478bd6c086daa447c4651605818287b9532d3d0bd435?s=96&d=mm&r=g\",\"contentUrl\":\"https:\\\/\\\/secure.gravatar.com\\\/avatar\\\/3a8de04a2656d44082be478bd6c086daa447c4651605818287b9532d3d0bd435?s=96&d=mm&r=g\",\"caption\":\"Lo viste en Los Pol\u00edticos\"},\"url\":\"https:\\\/\\\/lospoliticosveracruz.com\\\/?author=2\"}]}<\/script>\n<!-- \/ Yoast SEO plugin. -->","yoast_head_json":{"title":"Los Abarca: La telenovela de Pe\u00f1a - Los pol\u00edticos Veracruz","robots":{"index":"index","follow":"follow","max-snippet":"max-snippet:-1","max-image-preview":"max-image-preview:large","max-video-preview":"max-video-preview:-1"},"canonical":"https:\/\/lospoliticosveracruz.com\/?p=13330","og_locale":"es_ES","og_type":"article","og_title":"Los Abarca: La telenovela de Pe\u00f1a - Los pol\u00edticos Veracruz","og_description":"Claudia Guerrero Mart\u00ednez Entre lo ut\u00f3pico y lo verdadero &nbsp; Una detenci\u00f3n que nos deber\u00eda congratular\u2026 A \u00e9stas alturas de inconformidad colectiva sobre el caso de las desaparici\u00f3n de los 43 normalistas de Ayotzinapa, lo que provoca es extra\u00f1eza\u2026La madrugada del lunes 03 de noviembre, lo que era ya un rumor, oficialmente se confirmaba la [&hellip;]","og_url":"https:\/\/lospoliticosveracruz.com\/?p=13330","og_site_name":"Los pol\u00edticos Veracruz","article_publisher":"https:\/\/www.facebook.com\/people\/Notimemes-de-los-Polticos\/61565672886568\/","article_published_time":"2014-11-06T19:03:23+00:00","og_image":[{"url":"http:\/\/www.lospoliticosveracruz.com.mx\/wp-content\/uploads\/2014\/11\/Ayotzinapa-300x225.jpg","type":"","width":"","height":""}],"author":"Lo viste en Los Pol\u00edticos","twitter_card":"summary_large_image","twitter_creator":"@LosPoliticosVer","twitter_site":"@LosPoliticosVer","twitter_misc":{"Escrito por":"Lo viste en Los Pol\u00edticos","Tiempo de lectura":"6 minutos"},"schema":{"@context":"https:\/\/schema.org","@graph":[{"@type":"Article","@id":"https:\/\/lospoliticosveracruz.com\/?p=13330#article","isPartOf":{"@id":"https:\/\/lospoliticosveracruz.com\/?p=13330"},"author":{"name":"Lo viste en Los Pol\u00edticos","@id":"https:\/\/lospoliticosveracruz.com\/#\/schema\/person\/b8702bb0e538456e6efd07080bf2a4a2"},"headline":"Los Abarca: La telenovela de Pe\u00f1a","datePublished":"2014-11-06T19:03:23+00:00","mainEntityOfPage":{"@id":"https:\/\/lospoliticosveracruz.com\/?p=13330"},"wordCount":1194,"commentCount":0,"publisher":{"@id":"https:\/\/lospoliticosveracruz.com\/#organization"},"image":{"@id":"https:\/\/lospoliticosveracruz.com\/?p=13330#primaryimage"},"thumbnailUrl":"http:\/\/www.lospoliticosveracruz.com.mx\/wp-content\/uploads\/2014\/11\/Ayotzinapa-300x225.jpg","keywords":["Ayotzinapa","Leticia Rodr\u00edguez Audirac","Sara Ladr\u00f3n de Guevara","Televisa","UV"],"articleSection":["De Opini\u00f3n"],"inLanguage":"es","potentialAction":[{"@type":"CommentAction","name":"Comment","target":["https:\/\/lospoliticosveracruz.com\/?p=13330#respond"]}]},{"@type":"WebPage","@id":"https:\/\/lospoliticosveracruz.com\/?p=13330","url":"https:\/\/lospoliticosveracruz.com\/?p=13330","name":"Los Abarca: La telenovela de Pe\u00f1a - Los pol\u00edticos Veracruz","isPartOf":{"@id":"https:\/\/lospoliticosveracruz.com\/#website"},"primaryImageOfPage":{"@id":"https:\/\/lospoliticosveracruz.com\/?p=13330#primaryimage"},"image":{"@id":"https:\/\/lospoliticosveracruz.com\/?p=13330#primaryimage"},"thumbnailUrl":"http:\/\/www.lospoliticosveracruz.com.mx\/wp-content\/uploads\/2014\/11\/Ayotzinapa-300x225.jpg","datePublished":"2014-11-06T19:03:23+00:00","breadcrumb":{"@id":"https:\/\/lospoliticosveracruz.com\/?p=13330#breadcrumb"},"inLanguage":"es","potentialAction":[{"@type":"ReadAction","target":["https:\/\/lospoliticosveracruz.com\/?p=13330"]}]},{"@type":"ImageObject","inLanguage":"es","@id":"https:\/\/lospoliticosveracruz.com\/?p=13330#primaryimage","url":"http:\/\/www.lospoliticosveracruz.com.mx\/wp-content\/uploads\/2014\/11\/Ayotzinapa-300x225.jpg","contentUrl":"http:\/\/www.lospoliticosveracruz.com.mx\/wp-content\/uploads\/2014\/11\/Ayotzinapa-300x225.jpg"},{"@type":"BreadcrumbList","@id":"https:\/\/lospoliticosveracruz.com\/?p=13330#breadcrumb","itemListElement":[{"@type":"ListItem","position":1,"name":"Portada","item":"https:\/\/lospoliticosveracruz.com\/"},{"@type":"ListItem","position":2,"name":"Los Abarca: La telenovela de Pe\u00f1a"}]},{"@type":"WebSite","@id":"https:\/\/lospoliticosveracruz.com\/#website","url":"https:\/\/lospoliticosveracruz.com\/","name":"Los pol\u00edticos Veracruz","description":"","publisher":{"@id":"https:\/\/lospoliticosveracruz.com\/#organization"},"potentialAction":[{"@type":"SearchAction","target":{"@type":"EntryPoint","urlTemplate":"https:\/\/lospoliticosveracruz.com\/?s={search_term_string}"},"query-input":{"@type":"PropertyValueSpecification","valueRequired":true,"valueName":"search_term_string"}}],"inLanguage":"es"},{"@type":"Organization","@id":"https:\/\/lospoliticosveracruz.com\/#organization","name":"Los pol\u00edticos Veracruz","url":"https:\/\/lospoliticosveracruz.com\/","logo":{"@type":"ImageObject","inLanguage":"es","@id":"https:\/\/lospoliticosveracruz.com\/#\/schema\/logo\/image\/","url":"https:\/\/lospoliticosveracruz.com\/wp-content\/uploads\/2025\/12\/Logo-Nuevo-LOS-POLITICOS-1.jpg","contentUrl":"https:\/\/lospoliticosveracruz.com\/wp-content\/uploads\/2025\/12\/Logo-Nuevo-LOS-POLITICOS-1.jpg","width":260,"height":70,"caption":"Los pol\u00edticos Veracruz"},"image":{"@id":"https:\/\/lospoliticosveracruz.com\/#\/schema\/logo\/image\/"},"sameAs":["https:\/\/www.facebook.com\/people\/Notimemes-de-los-Polticos\/61565672886568\/","https:\/\/x.com\/LosPoliticosVer"]},{"@type":"Person","@id":"https:\/\/lospoliticosveracruz.com\/#\/schema\/person\/b8702bb0e538456e6efd07080bf2a4a2","name":"Lo viste en Los Pol\u00edticos","image":{"@type":"ImageObject","inLanguage":"es","@id":"https:\/\/secure.gravatar.com\/avatar\/3a8de04a2656d44082be478bd6c086daa447c4651605818287b9532d3d0bd435?s=96&d=mm&r=g","url":"https:\/\/secure.gravatar.com\/avatar\/3a8de04a2656d44082be478bd6c086daa447c4651605818287b9532d3d0bd435?s=96&d=mm&r=g","contentUrl":"https:\/\/secure.gravatar.com\/avatar\/3a8de04a2656d44082be478bd6c086daa447c4651605818287b9532d3d0bd435?s=96&d=mm&r=g","caption":"Lo viste en Los Pol\u00edticos"},"url":"https:\/\/lospoliticosveracruz.com\/?author=2"}]}},"_links":{"self":[{"href":"https:\/\/lospoliticosveracruz.com\/index.php?rest_route=\/wp\/v2\/posts\/13330","targetHints":{"allow":["GET"]}}],"collection":[{"href":"https:\/\/lospoliticosveracruz.com\/index.php?rest_route=\/wp\/v2\/posts"}],"about":[{"href":"https:\/\/lospoliticosveracruz.com\/index.php?rest_route=\/wp\/v2\/types\/post"}],"author":[{"embeddable":true,"href":"https:\/\/lospoliticosveracruz.com\/index.php?rest_route=\/wp\/v2\/users\/2"}],"replies":[{"embeddable":true,"href":"https:\/\/lospoliticosveracruz.com\/index.php?rest_route=%2Fwp%2Fv2%2Fcomments&post=13330"}],"version-history":[{"count":1,"href":"https:\/\/lospoliticosveracruz.com\/index.php?rest_route=\/wp\/v2\/posts\/13330\/revisions"}],"predecessor-version":[{"id":13332,"href":"https:\/\/lospoliticosveracruz.com\/index.php?rest_route=\/wp\/v2\/posts\/13330\/revisions\/13332"}],"wp:attachment":[{"href":"https:\/\/lospoliticosveracruz.com\/index.php?rest_route=%2Fwp%2Fv2%2Fmedia&parent=13330"}],"wp:term":[{"taxonomy":"category","embeddable":true,"href":"https:\/\/lospoliticosveracruz.com\/index.php?rest_route=%2Fwp%2Fv2%2Fcategories&post=13330"},{"taxonomy":"post_tag","embeddable":true,"href":"https:\/\/lospoliticosveracruz.com\/index.php?rest_route=%2Fwp%2Fv2%2Ftags&post=13330"}],"curies":[{"name":"wp","href":"https:\/\/api.w.org\/{rel}","templated":true}]}}