{"id":13345,"date":"2014-11-06T21:18:18","date_gmt":"2014-11-07T03:18:18","guid":{"rendered":"http:\/\/www.lospoliticosveracruz.com.mx\/?p=13345"},"modified":"2014-11-06T21:18:18","modified_gmt":"2014-11-07T03:18:18","slug":"de-las-manifestaciones-al-vandalismo","status":"publish","type":"post","link":"https:\/\/lospoliticosveracruz.com\/?p=13345","title":{"rendered":"De las manifestaciones al vandalismo"},"content":{"rendered":"<p><a href=\"http:\/\/www.lospoliticosveracruz.com.mx\/wp-content\/uploads\/2014\/11\/Prepa-Ju\u00e1rez.jpg\"><img loading=\"lazy\" decoding=\"async\" class=\"alignnone size-medium wp-image-13347\" src=\"http:\/\/www.lospoliticosveracruz.com.mx\/wp-content\/uploads\/2014\/11\/Prepa-Ju\u00e1rez-300x215.jpg\" alt=\"Prepa Ju\u00e1rez\" width=\"300\" height=\"215\" \/><\/a><\/p>\n<p><strong>Luis Alberto Romero<\/strong><\/p>\n<p><em>Hora Cero<\/em><\/p>\n<p>&nbsp;<\/p>\n<p>Como consecuencia de los lamentables hechos ocurridos durante la madrugada del pasado 26 de septiembre en Iguala, que arrojaron como saldo seis personas asesinadas y 42 estudiantes desaparecidos, se ha desatado reacciones en todo el pa\u00eds, as\u00ed como expresiones de solidaridad y exigencias de justicia en el \u00e1mbito internacional.<\/p>\n<p>Hasta hoy, a pesar de que hay 59 detenidos, las autoridades no han logrado esclarecer la agresi\u00f3n contra los normalistas y contra los integrantes del equipo de f\u00fatbol \u201cLos Avispones\u201d de Chilpancingo.<\/p>\n<p>Entre los detenidos se encuentran el ex alcalde de Iguala, Jos\u00e9 Luis Abarca, y su esposa, Mar\u00eda de los \u00c1ngeles Pineda, 26 polic\u00edas de ese municipio y otros 14 de Cocula; 13 integrantes de la organizaci\u00f3n delincuencial \u201cGuerreros Unidos\u201d y dos informantes al servicio de este grupo. Sin embargo, existen otras \u00f3rdenes de aprehensi\u00f3n que est\u00e1n pendientes, b\u00e1sicamente criminales y funcionarios municipales como el director de seguridad p\u00fablica de Iguala, Felipe Flores Vel\u00e1zquez.<\/p>\n<p>Adicionalmente, expertos argentinos en antropolog\u00eda forense realizan estudios para la identificaci\u00f3n de al menos 28 cuerpos que fueron encontrados en fosas clandestinas ubicadas en esa zona.<\/p>\n<p>Los hechos han provocado la indignaci\u00f3n internacional y serios da\u00f1os a la imagen de nuestro pa\u00eds, as\u00ed como movilizaciones estudiantiles en protesta porque los normalistas no han sido encontrados. Este mi\u00e9rcoles 5 de noviembre, por ejemplo, maestros de la Coordinadora de Trabajadores de la Educaci\u00f3n de Guerrero bloquearon la Autopista del Sol y tomaron la caseta de peaje en la carretera Cuernavaca-Distrito Federal; igual ocurre en entidades como Michoac\u00e1n, Morelos y Estado de M\u00e9xico.<\/p>\n<p>S\u00f3lo en el Distrito Federal, 115 escuelas se declararon en paro de 72 horas. En el \u00e1mbito internacional, hubo manifestaciones en ciudades como Nueva York, Montevideo, Praga y muchas otras.<\/p>\n<p>En la entidad, alumnos de diversas instituciones educativas se sumaron al paro nacional; destacan facultades de la Universidad Veracruzana, de la Benem\u00e9rita Escuela Normal Veracruzana, y de la Escuela de Bachilleres Art\u00edculo Tercero, entre muchas otras; los estudiantes se suman a la exigencia nacional para que sean encontrados los normalistas desaparecidos; y castigados, los responsables de los hechos.<\/p>\n<p>En ese contexto, durante los d\u00edas recientes han ocurrido manifestaciones de protesta y marchas estudiantiles en la capital de Veracruz; casi todas han sido pac\u00edficas; sin embargo dos de ellas llaman la atenci\u00f3n porque, evidentemente, salieron de control: la que se registr\u00f3 el 29 de octubre en la que j\u00f3venes encapuchados bloquearon calles y realizaron pintas en comercios del centro de Xalapa; y la ocurrida la noche del mi\u00e9rcoles 5 de noviembre, cuando prendieron fuego en la puerta de Palacio de Gobierno, incurriendo, en ambos casos, en reprobables actos vand\u00e1licos.<\/p>\n<p>La protesta estudiantil es comprensible, al igual que las manifestaciones y las expresiones de inconformidad por la desaparici\u00f3n de los normalistas; sin embargo, cuando las marchas salen de control o son usadas, como en este caso, para desestabilizar o para cometer vandalismo s\u00f3lo provocan rechazo social. Conscientes de ello, los estudiantes de la UV y los de la Escuela Normal Veracruzana se deslindaron de los hechos mencionados y acusaron que grupos externos han infiltraron el movimiento. @luisromero85<\/p>\n","protected":false},"excerpt":{"rendered":"<p>Luis Alberto Romero Hora Cero &nbsp; Como consecuencia de los lamentables hechos ocurridos durante la madrugada del pasado 26 de septiembre en Iguala, que arrojaron como saldo seis personas asesinadas y 42 estudiantes desaparecidos, se ha desatado reacciones en todo el pa\u00eds, as\u00ed como expresiones de solidaridad y exigencias de justicia en el \u00e1mbito internacional. [&hellip;]<\/p>\n","protected":false},"author":2,"featured_media":0,"comment_status":"open","ping_status":"open","sticky":false,"template":"","format":"standard","meta":{"tdm_status":"","tdm_grid_status":"","footnotes":""},"categories":[70],"tags":[379,92,124,125,758,759],"class_list":{"0":"post-13345","1":"post","2":"type-post","3":"status-publish","4":"format-standard","6":"category-de-opinion","7":"tag-distrito-federal","8":"tag-guerrero","9":"tag-iguala","10":"tag-jose-luis-abarca","11":"tag-maria-de-los-angeles-pineda","12":"tag-normal-veracruzana"},"yoast_head":"<!-- This site is optimized with the Yoast SEO plugin v27.4 - https:\/\/yoast.com\/product\/yoast-seo-wordpress\/ -->\n<title>De las manifestaciones al vandalismo - Los pol\u00edticos Veracruz<\/title>\n<meta name=\"robots\" content=\"index, follow, max-snippet:-1, max-image-preview:large, max-video-preview:-1\" \/>\n<link rel=\"canonical\" href=\"https:\/\/lospoliticosveracruz.com\/?p=13345\" \/>\n<meta property=\"og:locale\" content=\"es_ES\" \/>\n<meta property=\"og:type\" content=\"article\" \/>\n<meta property=\"og:title\" content=\"De las manifestaciones al vandalismo - Los pol\u00edticos Veracruz\" \/>\n<meta property=\"og:description\" content=\"Luis Alberto Romero Hora Cero &nbsp; Como consecuencia de los lamentables hechos ocurridos durante la madrugada del pasado 26 de septiembre en Iguala, que arrojaron como saldo seis personas asesinadas y 42 estudiantes desaparecidos, se ha desatado reacciones en todo el pa\u00eds, as\u00ed como expresiones de solidaridad y exigencias de justicia en el \u00e1mbito internacional. [&hellip;]\" \/>\n<meta property=\"og:url\" content=\"https:\/\/lospoliticosveracruz.com\/?p=13345\" \/>\n<meta property=\"og:site_name\" content=\"Los pol\u00edticos Veracruz\" \/>\n<meta property=\"article:publisher\" content=\"https:\/\/www.facebook.com\/people\/Notimemes-de-los-Polticos\/61565672886568\/\" \/>\n<meta property=\"article:published_time\" content=\"2014-11-07T03:18:18+00:00\" \/>\n<meta property=\"og:image\" content=\"https:\/\/lospoliticosveracruz.com\/wp-content\/uploads\/2016\/07\/Logo-Dor.jpg\" \/>\n\t<meta property=\"og:image:width\" content=\"200\" \/>\n\t<meta property=\"og:image:height\" content=\"200\" \/>\n\t<meta property=\"og:image:type\" content=\"image\/jpeg\" \/>\n<meta name=\"author\" content=\"Lo viste en Los Pol\u00edticos\" \/>\n<meta name=\"twitter:card\" content=\"summary_large_image\" \/>\n<meta name=\"twitter:creator\" content=\"@LosPoliticosVer\" \/>\n<meta name=\"twitter:site\" content=\"@LosPoliticosVer\" \/>\n<meta name=\"twitter:label1\" content=\"Escrito por\" \/>\n\t<meta name=\"twitter:data1\" content=\"Lo viste en Los Pol\u00edticos\" \/>\n\t<meta name=\"twitter:label2\" content=\"Tiempo de lectura\" \/>\n\t<meta name=\"twitter:data2\" content=\"3 minutos\" \/>\n<script type=\"application\/ld+json\" class=\"yoast-schema-graph\">{\"@context\":\"https:\\\/\\\/schema.org\",\"@graph\":[{\"@type\":\"Article\",\"@id\":\"https:\\\/\\\/lospoliticosveracruz.com\\\/?p=13345#article\",\"isPartOf\":{\"@id\":\"https:\\\/\\\/lospoliticosveracruz.com\\\/?p=13345\"},\"author\":{\"name\":\"Lo viste en Los Pol\u00edticos\",\"@id\":\"https:\\\/\\\/lospoliticosveracruz.com\\\/#\\\/schema\\\/person\\\/b8702bb0e538456e6efd07080bf2a4a2\"},\"headline\":\"De las manifestaciones al vandalismo\",\"datePublished\":\"2014-11-07T03:18:18+00:00\",\"mainEntityOfPage\":{\"@id\":\"https:\\\/\\\/lospoliticosveracruz.com\\\/?p=13345\"},\"wordCount\":539,\"commentCount\":0,\"publisher\":{\"@id\":\"https:\\\/\\\/lospoliticosveracruz.com\\\/#organization\"},\"keywords\":[\"Distrito Federal\",\"Guerrero\",\"Iguala\",\"Jos\u00e9 Luis Abarca\",\"Mar\u00eda de los \u00c1ngeles Pineda\",\"Normal Veracruzana\"],\"articleSection\":[\"De Opini\u00f3n\"],\"inLanguage\":\"es\",\"potentialAction\":[{\"@type\":\"CommentAction\",\"name\":\"Comment\",\"target\":[\"https:\\\/\\\/lospoliticosveracruz.com\\\/?p=13345#respond\"]}]},{\"@type\":\"WebPage\",\"@id\":\"https:\\\/\\\/lospoliticosveracruz.com\\\/?p=13345\",\"url\":\"https:\\\/\\\/lospoliticosveracruz.com\\\/?p=13345\",\"name\":\"De las manifestaciones al vandalismo - Los pol\u00edticos Veracruz\",\"isPartOf\":{\"@id\":\"https:\\\/\\\/lospoliticosveracruz.com\\\/#website\"},\"datePublished\":\"2014-11-07T03:18:18+00:00\",\"breadcrumb\":{\"@id\":\"https:\\\/\\\/lospoliticosveracruz.com\\\/?p=13345#breadcrumb\"},\"inLanguage\":\"es\",\"potentialAction\":[{\"@type\":\"ReadAction\",\"target\":[\"https:\\\/\\\/lospoliticosveracruz.com\\\/?p=13345\"]}]},{\"@type\":\"BreadcrumbList\",\"@id\":\"https:\\\/\\\/lospoliticosveracruz.com\\\/?p=13345#breadcrumb\",\"itemListElement\":[{\"@type\":\"ListItem\",\"position\":1,\"name\":\"Portada\",\"item\":\"https:\\\/\\\/lospoliticosveracruz.com\\\/\"},{\"@type\":\"ListItem\",\"position\":2,\"name\":\"De las manifestaciones al vandalismo\"}]},{\"@type\":\"WebSite\",\"@id\":\"https:\\\/\\\/lospoliticosveracruz.com\\\/#website\",\"url\":\"https:\\\/\\\/lospoliticosveracruz.com\\\/\",\"name\":\"Los pol\u00edticos Veracruz\",\"description\":\"\",\"publisher\":{\"@id\":\"https:\\\/\\\/lospoliticosveracruz.com\\\/#organization\"},\"potentialAction\":[{\"@type\":\"SearchAction\",\"target\":{\"@type\":\"EntryPoint\",\"urlTemplate\":\"https:\\\/\\\/lospoliticosveracruz.com\\\/?s={search_term_string}\"},\"query-input\":{\"@type\":\"PropertyValueSpecification\",\"valueRequired\":true,\"valueName\":\"search_term_string\"}}],\"inLanguage\":\"es\"},{\"@type\":\"Organization\",\"@id\":\"https:\\\/\\\/lospoliticosveracruz.com\\\/#organization\",\"name\":\"Los pol\u00edticos Veracruz\",\"url\":\"https:\\\/\\\/lospoliticosveracruz.com\\\/\",\"logo\":{\"@type\":\"ImageObject\",\"inLanguage\":\"es\",\"@id\":\"https:\\\/\\\/lospoliticosveracruz.com\\\/#\\\/schema\\\/logo\\\/image\\\/\",\"url\":\"https:\\\/\\\/lospoliticosveracruz.com\\\/wp-content\\\/uploads\\\/2025\\\/12\\\/Logo-Nuevo-LOS-POLITICOS-1.jpg\",\"contentUrl\":\"https:\\\/\\\/lospoliticosveracruz.com\\\/wp-content\\\/uploads\\\/2025\\\/12\\\/Logo-Nuevo-LOS-POLITICOS-1.jpg\",\"width\":260,\"height\":70,\"caption\":\"Los pol\u00edticos Veracruz\"},\"image\":{\"@id\":\"https:\\\/\\\/lospoliticosveracruz.com\\\/#\\\/schema\\\/logo\\\/image\\\/\"},\"sameAs\":[\"https:\\\/\\\/www.facebook.com\\\/people\\\/Notimemes-de-los-Polticos\\\/61565672886568\\\/\",\"https:\\\/\\\/x.com\\\/LosPoliticosVer\"]},{\"@type\":\"Person\",\"@id\":\"https:\\\/\\\/lospoliticosveracruz.com\\\/#\\\/schema\\\/person\\\/b8702bb0e538456e6efd07080bf2a4a2\",\"name\":\"Lo viste en Los Pol\u00edticos\",\"image\":{\"@type\":\"ImageObject\",\"inLanguage\":\"es\",\"@id\":\"https:\\\/\\\/secure.gravatar.com\\\/avatar\\\/3a8de04a2656d44082be478bd6c086daa447c4651605818287b9532d3d0bd435?s=96&d=mm&r=g\",\"url\":\"https:\\\/\\\/secure.gravatar.com\\\/avatar\\\/3a8de04a2656d44082be478bd6c086daa447c4651605818287b9532d3d0bd435?s=96&d=mm&r=g\",\"contentUrl\":\"https:\\\/\\\/secure.gravatar.com\\\/avatar\\\/3a8de04a2656d44082be478bd6c086daa447c4651605818287b9532d3d0bd435?s=96&d=mm&r=g\",\"caption\":\"Lo viste en Los Pol\u00edticos\"},\"url\":\"https:\\\/\\\/lospoliticosveracruz.com\\\/?author=2\"}]}<\/script>\n<!-- \/ Yoast SEO plugin. -->","yoast_head_json":{"title":"De las manifestaciones al vandalismo - Los pol\u00edticos Veracruz","robots":{"index":"index","follow":"follow","max-snippet":"max-snippet:-1","max-image-preview":"max-image-preview:large","max-video-preview":"max-video-preview:-1"},"canonical":"https:\/\/lospoliticosveracruz.com\/?p=13345","og_locale":"es_ES","og_type":"article","og_title":"De las manifestaciones al vandalismo - Los pol\u00edticos Veracruz","og_description":"Luis Alberto Romero Hora Cero &nbsp; Como consecuencia de los lamentables hechos ocurridos durante la madrugada del pasado 26 de septiembre en Iguala, que arrojaron como saldo seis personas asesinadas y 42 estudiantes desaparecidos, se ha desatado reacciones en todo el pa\u00eds, as\u00ed como expresiones de solidaridad y exigencias de justicia en el \u00e1mbito internacional. [&hellip;]","og_url":"https:\/\/lospoliticosveracruz.com\/?p=13345","og_site_name":"Los pol\u00edticos Veracruz","article_publisher":"https:\/\/www.facebook.com\/people\/Notimemes-de-los-Polticos\/61565672886568\/","article_published_time":"2014-11-07T03:18:18+00:00","og_image":[{"width":200,"height":200,"url":"https:\/\/lospoliticosveracruz.com\/wp-content\/uploads\/2016\/07\/Logo-Dor.jpg","type":"image\/jpeg"}],"author":"Lo viste en Los Pol\u00edticos","twitter_card":"summary_large_image","twitter_creator":"@LosPoliticosVer","twitter_site":"@LosPoliticosVer","twitter_misc":{"Escrito por":"Lo viste en Los Pol\u00edticos","Tiempo de lectura":"3 minutos"},"schema":{"@context":"https:\/\/schema.org","@graph":[{"@type":"Article","@id":"https:\/\/lospoliticosveracruz.com\/?p=13345#article","isPartOf":{"@id":"https:\/\/lospoliticosveracruz.com\/?p=13345"},"author":{"name":"Lo viste en Los Pol\u00edticos","@id":"https:\/\/lospoliticosveracruz.com\/#\/schema\/person\/b8702bb0e538456e6efd07080bf2a4a2"},"headline":"De las manifestaciones al vandalismo","datePublished":"2014-11-07T03:18:18+00:00","mainEntityOfPage":{"@id":"https:\/\/lospoliticosveracruz.com\/?p=13345"},"wordCount":539,"commentCount":0,"publisher":{"@id":"https:\/\/lospoliticosveracruz.com\/#organization"},"keywords":["Distrito Federal","Guerrero","Iguala","Jos\u00e9 Luis Abarca","Mar\u00eda de los \u00c1ngeles Pineda","Normal Veracruzana"],"articleSection":["De Opini\u00f3n"],"inLanguage":"es","potentialAction":[{"@type":"CommentAction","name":"Comment","target":["https:\/\/lospoliticosveracruz.com\/?p=13345#respond"]}]},{"@type":"WebPage","@id":"https:\/\/lospoliticosveracruz.com\/?p=13345","url":"https:\/\/lospoliticosveracruz.com\/?p=13345","name":"De las manifestaciones al vandalismo - Los pol\u00edticos Veracruz","isPartOf":{"@id":"https:\/\/lospoliticosveracruz.com\/#website"},"datePublished":"2014-11-07T03:18:18+00:00","breadcrumb":{"@id":"https:\/\/lospoliticosveracruz.com\/?p=13345#breadcrumb"},"inLanguage":"es","potentialAction":[{"@type":"ReadAction","target":["https:\/\/lospoliticosveracruz.com\/?p=13345"]}]},{"@type":"BreadcrumbList","@id":"https:\/\/lospoliticosveracruz.com\/?p=13345#breadcrumb","itemListElement":[{"@type":"ListItem","position":1,"name":"Portada","item":"https:\/\/lospoliticosveracruz.com\/"},{"@type":"ListItem","position":2,"name":"De las manifestaciones al vandalismo"}]},{"@type":"WebSite","@id":"https:\/\/lospoliticosveracruz.com\/#website","url":"https:\/\/lospoliticosveracruz.com\/","name":"Los pol\u00edticos Veracruz","description":"","publisher":{"@id":"https:\/\/lospoliticosveracruz.com\/#organization"},"potentialAction":[{"@type":"SearchAction","target":{"@type":"EntryPoint","urlTemplate":"https:\/\/lospoliticosveracruz.com\/?s={search_term_string}"},"query-input":{"@type":"PropertyValueSpecification","valueRequired":true,"valueName":"search_term_string"}}],"inLanguage":"es"},{"@type":"Organization","@id":"https:\/\/lospoliticosveracruz.com\/#organization","name":"Los pol\u00edticos Veracruz","url":"https:\/\/lospoliticosveracruz.com\/","logo":{"@type":"ImageObject","inLanguage":"es","@id":"https:\/\/lospoliticosveracruz.com\/#\/schema\/logo\/image\/","url":"https:\/\/lospoliticosveracruz.com\/wp-content\/uploads\/2025\/12\/Logo-Nuevo-LOS-POLITICOS-1.jpg","contentUrl":"https:\/\/lospoliticosveracruz.com\/wp-content\/uploads\/2025\/12\/Logo-Nuevo-LOS-POLITICOS-1.jpg","width":260,"height":70,"caption":"Los pol\u00edticos Veracruz"},"image":{"@id":"https:\/\/lospoliticosveracruz.com\/#\/schema\/logo\/image\/"},"sameAs":["https:\/\/www.facebook.com\/people\/Notimemes-de-los-Polticos\/61565672886568\/","https:\/\/x.com\/LosPoliticosVer"]},{"@type":"Person","@id":"https:\/\/lospoliticosveracruz.com\/#\/schema\/person\/b8702bb0e538456e6efd07080bf2a4a2","name":"Lo viste en Los Pol\u00edticos","image":{"@type":"ImageObject","inLanguage":"es","@id":"https:\/\/secure.gravatar.com\/avatar\/3a8de04a2656d44082be478bd6c086daa447c4651605818287b9532d3d0bd435?s=96&d=mm&r=g","url":"https:\/\/secure.gravatar.com\/avatar\/3a8de04a2656d44082be478bd6c086daa447c4651605818287b9532d3d0bd435?s=96&d=mm&r=g","contentUrl":"https:\/\/secure.gravatar.com\/avatar\/3a8de04a2656d44082be478bd6c086daa447c4651605818287b9532d3d0bd435?s=96&d=mm&r=g","caption":"Lo viste en Los Pol\u00edticos"},"url":"https:\/\/lospoliticosveracruz.com\/?author=2"}]}},"_links":{"self":[{"href":"https:\/\/lospoliticosveracruz.com\/index.php?rest_route=\/wp\/v2\/posts\/13345","targetHints":{"allow":["GET"]}}],"collection":[{"href":"https:\/\/lospoliticosveracruz.com\/index.php?rest_route=\/wp\/v2\/posts"}],"about":[{"href":"https:\/\/lospoliticosveracruz.com\/index.php?rest_route=\/wp\/v2\/types\/post"}],"author":[{"embeddable":true,"href":"https:\/\/lospoliticosveracruz.com\/index.php?rest_route=\/wp\/v2\/users\/2"}],"replies":[{"embeddable":true,"href":"https:\/\/lospoliticosveracruz.com\/index.php?rest_route=%2Fwp%2Fv2%2Fcomments&post=13345"}],"version-history":[{"count":2,"href":"https:\/\/lospoliticosveracruz.com\/index.php?rest_route=\/wp\/v2\/posts\/13345\/revisions"}],"predecessor-version":[{"id":13348,"href":"https:\/\/lospoliticosveracruz.com\/index.php?rest_route=\/wp\/v2\/posts\/13345\/revisions\/13348"}],"wp:attachment":[{"href":"https:\/\/lospoliticosveracruz.com\/index.php?rest_route=%2Fwp%2Fv2%2Fmedia&parent=13345"}],"wp:term":[{"taxonomy":"category","embeddable":true,"href":"https:\/\/lospoliticosveracruz.com\/index.php?rest_route=%2Fwp%2Fv2%2Fcategories&post=13345"},{"taxonomy":"post_tag","embeddable":true,"href":"https:\/\/lospoliticosveracruz.com\/index.php?rest_route=%2Fwp%2Fv2%2Ftags&post=13345"}],"curies":[{"name":"wp","href":"https:\/\/api.w.org\/{rel}","templated":true}]}}