{"id":133466,"date":"2024-12-03T07:51:45","date_gmt":"2024-12-03T13:51:45","guid":{"rendered":"https:\/\/lospoliticosveracruz.com.mx\/?p=133466"},"modified":"2024-12-03T07:58:38","modified_gmt":"2024-12-03T13:58:38","slug":"paridad-de-genero-cartas-rumbo-al-2025","status":"publish","type":"post","link":"https:\/\/lospoliticosveracruz.com\/?p=133466","title":{"rendered":"PARIDAD DE G\u00c9NERO, CARTAS RUMBO AL 2025"},"content":{"rendered":"\n<p><strong>Luis Alberto Romero<\/strong><\/p>\n\n\n\n<p><em>Hora cero<\/em><\/p>\n\n\n\n<p>En el proceso electoral de 2025 en Veracruz, la renovaci\u00f3n de las presidencias municipales, los partidos pol\u00edticos y coaliciones deber\u00e1n postular a mujeres para al menos el 50% de los cargos en disputa.<\/p>\n\n\n\n<p>Morena, PAN, PVEM, PRI, PT y MC competir\u00e1n por m\u00e1s de mil cargos en el proceso electoral veracruzano: 212 presidencias municipales, el mismo n\u00famero de sindicaturas y 630 regidur\u00edas. La mitad de esos espacios, e incluso en una proporci\u00f3n mayor, estar\u00e1n ocupados por mujeres. Esta es una realidad definida por las leyes en materia de paridad de g\u00e9nero.<\/p>\n\n\n\n<p>En Veracruz, el reto que enfrentan los partidos y coaliciones radica en postular mujeres en municipios donde, en el proceso anterior, fueron candidatos hombres.<\/p>\n\n\n\n<p>Por ejemplo, en el caso de Morena, este reto se presenta en ciudades como Xalapa, C\u00f3rdoba, Coatzacoalcos y Poza Rica, entre otras, donde los ayuntamientos est\u00e1n actualmente encabezados por hombres.<\/p>\n\n\n\n<p>Se espera que la gobernadora Roc\u00edo Nahle impulse esta consigna, no solo para garantizar la paridad de g\u00e9nero en la mitad de los municipios, sino tambi\u00e9n en los ayuntamientos m\u00e1s importantes del estado. Su objetivo ser\u00e1 fortalecer el empoderamiento de las mujeres en la pol\u00edtica local.<\/p>\n\n\n\n<p>En Xalapa, por ejemplo, se ha mencionado a la directora del Instituto de Pensiones del Estado, Daniela Griego, como una opci\u00f3n para la candidatura de Morena a la alcald\u00eda. Con prudencia, Griego Ceballos ha se\u00f1alado que esperar\u00e1 a conocer los t\u00e9rminos de la convocatoria para tomar una decisi\u00f3n. Cuestionada por los medios locales, la funcionaria ratificada en su cargo por la gobernadora, indic\u00f3 que el proceso interno comenzar\u00e1 en unos meses, y que, despu\u00e9s de dialogar con Nahle, tomar\u00e1 una decisi\u00f3n. No hay prisa, afirma Griego, quien es una de las fundadoras del Movimiento de Regeneraci\u00f3n Nacional (Morena) y una de las figuras m\u00e1s destacadas del morenismo local.<\/p>\n\n\n\n<p>Otros municipios donde las mujeres representan un alto nivel de competitividad pol\u00edtica son Veracruz, Boca del R\u00edo y C\u00f3rdoba.<\/p>\n\n\n\n<p>En C\u00f3rdoba, la s\u00edndica Vania L\u00f3pez Gonz\u00e1lez, quien recientemente asumi\u00f3 la presidencia del Consejo Nacional de Regidores y S\u00edndicos de M\u00e9xico, es otra mujer destacada.<\/p>\n\n\n\n<p>En el contexto de su toma de protesta, L\u00f3pez Gonz\u00e1lez, quien surgi\u00f3 del Partido Verde y mantiene v\u00ednculos con el diputado Javier Herrera Borunda, se\u00f1al\u00f3 que trabajar\u00e1 para construir un federalismo eficiente, con un enfoque en los grandes desaf\u00edos del pa\u00eds. Adem\u00e1s, destac\u00f3 el trabajo realizado en el municipio cordob\u00e9s: \u201cEn C\u00f3rdoba, Pueblo M\u00e1gico, logramos publicar un programa municipal de desarrollo urbano con visi\u00f3n de mediano y largo plazo, el cual nos proporciona la ruta para dotar a nuestro municipio de orden y certeza en el camino hacia el desarrollo sostenible\u201d.<\/p>\n\n\n\n<p>Otro municipio donde una mujer podr\u00eda ser candidata a la alcald\u00eda en 2025 es Boca del R\u00edo, donde la diputada local Bertha Ahued Malpica tiene grandes posibilidades. Integrante de una familia reconocida en la zona conurbada, la legisladora preside las comisiones de Atenci\u00f3n y Protecci\u00f3n de Periodistas y de la Medalla Adolfo Ruiz Cortines. Adem\u00e1s, forma parte de dos comisiones clave: Hacienda Municipal y Vigilancia, lo que le ha conferido un papel relevante en el Congreso local. Su fortaleza radica en su presencia destacada en su zona de origen y en su cercan\u00eda con el grupo en el poder.<\/p>\n\n\n\n<p>En la zona conurbada Veracruz-Boca del R\u00edo tambi\u00e9n figuran dos mujeres por la oposici\u00f3n: la diputada local Indira Rosales y la legisladora federal, Marijose Gamboa; esta \u00faltima se perfila como la carta fuerte del PAN para la alcald\u00eda de Boca del R\u00edo.<\/p>\n\n\n\n<p>Estos son solo algunos ejemplos de municipios veracruzanos clave: Xalapa, Veracruz, C\u00f3rdoba y Boca del R\u00edo, donde las mujeres parecen estar perfiladas para buscar las alcald\u00edas en 2025.<\/p>\n\n\n\n<p>Con seguridad, hay m\u00e1s mujeres que podr\u00edan levantar la mano en esos y otros municipios. Al final, cada partido y coalici\u00f3n deber\u00e1 garantizar que al menos 500 de los mil cargos en disputa se respeten los principios de paridad de g\u00e9nero.<\/p>\n\n\n\n<p>\u00bfQu\u00e9 pasa con la disputa por el Ayuntamiento de Veracruz?<\/p>\n\n\n\n<p>En el caso del municipio de Veracruz, parece que el acuerdo entre los partidos que integran la 4T, Morena, PVEM y PT, est\u00e1 tomado; se anticipa que el m\u00e9todo para la selecci\u00f3n del candidato de la coalici\u00f3n ser\u00e1 la encuesta.<\/p>\n\n\n\n<p>Se habla de cuatro posibles protagonistas: la diputada federal Rosa Mar\u00eda Hern\u00e1ndez Espejo, con dos elecciones consecutivas ganadas y casi cuatro d\u00e9cadas de trayectoria en los medios de comunicaci\u00f3n; y el legislador local Pep\u00edn Ruiz, quien en t\u00e9rminos de opini\u00f3n p\u00fablica ha crecido de forma considerable, particularmente en los recientes dos a\u00f1os; Anil\u00fa Ingram, ex diputada local y federal, ex delegada de la extinta Sedesol en la entidad; y Ricardo Exsome, empresario y ex candidato a la presidencia municipal.<\/p>\n\n\n\n<p>@luisromero85<\/p>\n","protected":false},"excerpt":{"rendered":"<p>Luis Alberto Romero Hora cero En el proceso electoral de 2025 en Veracruz, la renovaci\u00f3n de las presidencias municipales, los partidos pol\u00edticos y coaliciones deber\u00e1n postular a mujeres para al menos el 50% de los cargos en disputa. Morena, PAN, PVEM, PRI, PT y MC competir\u00e1n por m\u00e1s de mil cargos en el proceso electoral [&hellip;]<\/p>\n","protected":false},"author":2,"featured_media":119912,"comment_status":"closed","ping_status":"closed","sticky":false,"template":"","format":"standard","meta":{"tdm_status":"","tdm_grid_status":"","footnotes":""},"categories":[70],"tags":[751,5622,1026,195,96],"class_list":{"0":"post-133466","1":"post","2":"type-post","3":"status-publish","4":"format-standard","5":"has-post-thumbnail","7":"category-de-opinion","8":"tag-cordoba","9":"tag-daniela-griego","10":"tag-morena","11":"tag-veracruz","12":"tag-xalapa"},"yoast_head":"<!-- This site is optimized with the Yoast SEO plugin v27.4 - https:\/\/yoast.com\/product\/yoast-seo-wordpress\/ -->\n<title>PARIDAD DE G\u00c9NERO, CARTAS RUMBO AL 2025 - Los pol\u00edticos Veracruz<\/title>\n<meta name=\"robots\" content=\"index, follow, max-snippet:-1, max-image-preview:large, max-video-preview:-1\" \/>\n<link rel=\"canonical\" href=\"https:\/\/lospoliticosveracruz.com\/?p=133466\" \/>\n<meta property=\"og:locale\" content=\"es_ES\" \/>\n<meta property=\"og:type\" content=\"article\" \/>\n<meta property=\"og:title\" content=\"PARIDAD DE G\u00c9NERO, CARTAS RUMBO AL 2025 - Los pol\u00edticos Veracruz\" \/>\n<meta property=\"og:description\" content=\"Luis Alberto Romero Hora cero En el proceso electoral de 2025 en Veracruz, la renovaci\u00f3n de las presidencias municipales, los partidos pol\u00edticos y coaliciones deber\u00e1n postular a mujeres para al menos el 50% de los cargos en disputa. Morena, PAN, PVEM, PRI, PT y MC competir\u00e1n por m\u00e1s de mil cargos en el proceso electoral [&hellip;]\" \/>\n<meta property=\"og:url\" content=\"https:\/\/lospoliticosveracruz.com\/?p=133466\" \/>\n<meta property=\"og:site_name\" content=\"Los pol\u00edticos Veracruz\" \/>\n<meta property=\"article:publisher\" content=\"https:\/\/www.facebook.com\/people\/Notimemes-de-los-Polticos\/61565672886568\/\" \/>\n<meta property=\"article:published_time\" content=\"2024-12-03T13:51:45+00:00\" \/>\n<meta property=\"article:modified_time\" content=\"2024-12-03T13:58:38+00:00\" \/>\n<meta property=\"og:image\" content=\"https:\/\/lospoliticosveracruz.com\/wp-content\/uploads\/2024\/03\/Luis-Romero.jpg\" \/>\n\t<meta property=\"og:image:width\" content=\"1250\" \/>\n\t<meta property=\"og:image:height\" content=\"667\" \/>\n\t<meta property=\"og:image:type\" content=\"image\/jpeg\" \/>\n<meta name=\"author\" content=\"Lo viste en Los Pol\u00edticos\" \/>\n<meta name=\"twitter:card\" content=\"summary_large_image\" \/>\n<meta name=\"twitter:creator\" content=\"@LosPoliticosVer\" \/>\n<meta name=\"twitter:site\" content=\"@LosPoliticosVer\" \/>\n<meta name=\"twitter:label1\" content=\"Escrito por\" \/>\n\t<meta name=\"twitter:data1\" content=\"Lo viste en Los Pol\u00edticos\" \/>\n\t<meta name=\"twitter:label2\" content=\"Tiempo de lectura\" \/>\n\t<meta name=\"twitter:data2\" content=\"4 minutos\" \/>\n<script type=\"application\/ld+json\" class=\"yoast-schema-graph\">{\"@context\":\"https:\\\/\\\/schema.org\",\"@graph\":[{\"@type\":\"Article\",\"@id\":\"https:\\\/\\\/lospoliticosveracruz.com\\\/?p=133466#article\",\"isPartOf\":{\"@id\":\"https:\\\/\\\/lospoliticosveracruz.com\\\/?p=133466\"},\"author\":{\"name\":\"Lo viste en Los Pol\u00edticos\",\"@id\":\"https:\\\/\\\/lospoliticosveracruz.com\\\/#\\\/schema\\\/person\\\/b8702bb0e538456e6efd07080bf2a4a2\"},\"headline\":\"PARIDAD DE G\u00c9NERO, CARTAS RUMBO AL 2025\",\"datePublished\":\"2024-12-03T13:51:45+00:00\",\"dateModified\":\"2024-12-03T13:58:38+00:00\",\"mainEntityOfPage\":{\"@id\":\"https:\\\/\\\/lospoliticosveracruz.com\\\/?p=133466\"},\"wordCount\":856,\"publisher\":{\"@id\":\"https:\\\/\\\/lospoliticosveracruz.com\\\/#organization\"},\"image\":{\"@id\":\"https:\\\/\\\/lospoliticosveracruz.com\\\/?p=133466#primaryimage\"},\"thumbnailUrl\":\"https:\\\/\\\/lospoliticosveracruz.com\\\/wp-content\\\/uploads\\\/2024\\\/03\\\/Luis-Romero.jpg\",\"keywords\":[\"C\u00f3rdoba\",\"Daniela Griego\",\"Morena\",\"Veracruz\",\"Xalapa\"],\"articleSection\":[\"De Opini\u00f3n\"],\"inLanguage\":\"es\"},{\"@type\":\"WebPage\",\"@id\":\"https:\\\/\\\/lospoliticosveracruz.com\\\/?p=133466\",\"url\":\"https:\\\/\\\/lospoliticosveracruz.com\\\/?p=133466\",\"name\":\"PARIDAD DE G\u00c9NERO, CARTAS RUMBO AL 2025 - Los pol\u00edticos Veracruz\",\"isPartOf\":{\"@id\":\"https:\\\/\\\/lospoliticosveracruz.com\\\/#website\"},\"primaryImageOfPage\":{\"@id\":\"https:\\\/\\\/lospoliticosveracruz.com\\\/?p=133466#primaryimage\"},\"image\":{\"@id\":\"https:\\\/\\\/lospoliticosveracruz.com\\\/?p=133466#primaryimage\"},\"thumbnailUrl\":\"https:\\\/\\\/lospoliticosveracruz.com\\\/wp-content\\\/uploads\\\/2024\\\/03\\\/Luis-Romero.jpg\",\"datePublished\":\"2024-12-03T13:51:45+00:00\",\"dateModified\":\"2024-12-03T13:58:38+00:00\",\"breadcrumb\":{\"@id\":\"https:\\\/\\\/lospoliticosveracruz.com\\\/?p=133466#breadcrumb\"},\"inLanguage\":\"es\",\"potentialAction\":[{\"@type\":\"ReadAction\",\"target\":[\"https:\\\/\\\/lospoliticosveracruz.com\\\/?p=133466\"]}]},{\"@type\":\"ImageObject\",\"inLanguage\":\"es\",\"@id\":\"https:\\\/\\\/lospoliticosveracruz.com\\\/?p=133466#primaryimage\",\"url\":\"https:\\\/\\\/lospoliticosveracruz.com\\\/wp-content\\\/uploads\\\/2024\\\/03\\\/Luis-Romero.jpg\",\"contentUrl\":\"https:\\\/\\\/lospoliticosveracruz.com\\\/wp-content\\\/uploads\\\/2024\\\/03\\\/Luis-Romero.jpg\",\"width\":1250,\"height\":667},{\"@type\":\"BreadcrumbList\",\"@id\":\"https:\\\/\\\/lospoliticosveracruz.com\\\/?p=133466#breadcrumb\",\"itemListElement\":[{\"@type\":\"ListItem\",\"position\":1,\"name\":\"Portada\",\"item\":\"https:\\\/\\\/lospoliticosveracruz.com\\\/\"},{\"@type\":\"ListItem\",\"position\":2,\"name\":\"PARIDAD DE G\u00c9NERO, CARTAS RUMBO AL 2025\"}]},{\"@type\":\"WebSite\",\"@id\":\"https:\\\/\\\/lospoliticosveracruz.com\\\/#website\",\"url\":\"https:\\\/\\\/lospoliticosveracruz.com\\\/\",\"name\":\"Los pol\u00edticos Veracruz\",\"description\":\"\",\"publisher\":{\"@id\":\"https:\\\/\\\/lospoliticosveracruz.com\\\/#organization\"},\"potentialAction\":[{\"@type\":\"SearchAction\",\"target\":{\"@type\":\"EntryPoint\",\"urlTemplate\":\"https:\\\/\\\/lospoliticosveracruz.com\\\/?s={search_term_string}\"},\"query-input\":{\"@type\":\"PropertyValueSpecification\",\"valueRequired\":true,\"valueName\":\"search_term_string\"}}],\"inLanguage\":\"es\"},{\"@type\":\"Organization\",\"@id\":\"https:\\\/\\\/lospoliticosveracruz.com\\\/#organization\",\"name\":\"Los pol\u00edticos Veracruz\",\"url\":\"https:\\\/\\\/lospoliticosveracruz.com\\\/\",\"logo\":{\"@type\":\"ImageObject\",\"inLanguage\":\"es\",\"@id\":\"https:\\\/\\\/lospoliticosveracruz.com\\\/#\\\/schema\\\/logo\\\/image\\\/\",\"url\":\"https:\\\/\\\/lospoliticosveracruz.com\\\/wp-content\\\/uploads\\\/2025\\\/12\\\/Logo-Nuevo-LOS-POLITICOS-1.jpg\",\"contentUrl\":\"https:\\\/\\\/lospoliticosveracruz.com\\\/wp-content\\\/uploads\\\/2025\\\/12\\\/Logo-Nuevo-LOS-POLITICOS-1.jpg\",\"width\":260,\"height\":70,\"caption\":\"Los pol\u00edticos Veracruz\"},\"image\":{\"@id\":\"https:\\\/\\\/lospoliticosveracruz.com\\\/#\\\/schema\\\/logo\\\/image\\\/\"},\"sameAs\":[\"https:\\\/\\\/www.facebook.com\\\/people\\\/Notimemes-de-los-Polticos\\\/61565672886568\\\/\",\"https:\\\/\\\/x.com\\\/LosPoliticosVer\"]},{\"@type\":\"Person\",\"@id\":\"https:\\\/\\\/lospoliticosveracruz.com\\\/#\\\/schema\\\/person\\\/b8702bb0e538456e6efd07080bf2a4a2\",\"name\":\"Lo viste en Los Pol\u00edticos\",\"image\":{\"@type\":\"ImageObject\",\"inLanguage\":\"es\",\"@id\":\"https:\\\/\\\/secure.gravatar.com\\\/avatar\\\/3a8de04a2656d44082be478bd6c086daa447c4651605818287b9532d3d0bd435?s=96&d=mm&r=g\",\"url\":\"https:\\\/\\\/secure.gravatar.com\\\/avatar\\\/3a8de04a2656d44082be478bd6c086daa447c4651605818287b9532d3d0bd435?s=96&d=mm&r=g\",\"contentUrl\":\"https:\\\/\\\/secure.gravatar.com\\\/avatar\\\/3a8de04a2656d44082be478bd6c086daa447c4651605818287b9532d3d0bd435?s=96&d=mm&r=g\",\"caption\":\"Lo viste en Los Pol\u00edticos\"},\"url\":\"https:\\\/\\\/lospoliticosveracruz.com\\\/?author=2\"}]}<\/script>\n<!-- \/ Yoast SEO plugin. -->","yoast_head_json":{"title":"PARIDAD DE G\u00c9NERO, CARTAS RUMBO AL 2025 - Los pol\u00edticos Veracruz","robots":{"index":"index","follow":"follow","max-snippet":"max-snippet:-1","max-image-preview":"max-image-preview:large","max-video-preview":"max-video-preview:-1"},"canonical":"https:\/\/lospoliticosveracruz.com\/?p=133466","og_locale":"es_ES","og_type":"article","og_title":"PARIDAD DE G\u00c9NERO, CARTAS RUMBO AL 2025 - Los pol\u00edticos Veracruz","og_description":"Luis Alberto Romero Hora cero En el proceso electoral de 2025 en Veracruz, la renovaci\u00f3n de las presidencias municipales, los partidos pol\u00edticos y coaliciones deber\u00e1n postular a mujeres para al menos el 50% de los cargos en disputa. Morena, PAN, PVEM, PRI, PT y MC competir\u00e1n por m\u00e1s de mil cargos en el proceso electoral [&hellip;]","og_url":"https:\/\/lospoliticosveracruz.com\/?p=133466","og_site_name":"Los pol\u00edticos Veracruz","article_publisher":"https:\/\/www.facebook.com\/people\/Notimemes-de-los-Polticos\/61565672886568\/","article_published_time":"2024-12-03T13:51:45+00:00","article_modified_time":"2024-12-03T13:58:38+00:00","og_image":[{"width":1250,"height":667,"url":"https:\/\/lospoliticosveracruz.com\/wp-content\/uploads\/2024\/03\/Luis-Romero.jpg","type":"image\/jpeg"}],"author":"Lo viste en Los Pol\u00edticos","twitter_card":"summary_large_image","twitter_creator":"@LosPoliticosVer","twitter_site":"@LosPoliticosVer","twitter_misc":{"Escrito por":"Lo viste en Los Pol\u00edticos","Tiempo de lectura":"4 minutos"},"schema":{"@context":"https:\/\/schema.org","@graph":[{"@type":"Article","@id":"https:\/\/lospoliticosveracruz.com\/?p=133466#article","isPartOf":{"@id":"https:\/\/lospoliticosveracruz.com\/?p=133466"},"author":{"name":"Lo viste en Los Pol\u00edticos","@id":"https:\/\/lospoliticosveracruz.com\/#\/schema\/person\/b8702bb0e538456e6efd07080bf2a4a2"},"headline":"PARIDAD DE G\u00c9NERO, CARTAS RUMBO AL 2025","datePublished":"2024-12-03T13:51:45+00:00","dateModified":"2024-12-03T13:58:38+00:00","mainEntityOfPage":{"@id":"https:\/\/lospoliticosveracruz.com\/?p=133466"},"wordCount":856,"publisher":{"@id":"https:\/\/lospoliticosveracruz.com\/#organization"},"image":{"@id":"https:\/\/lospoliticosveracruz.com\/?p=133466#primaryimage"},"thumbnailUrl":"https:\/\/lospoliticosveracruz.com\/wp-content\/uploads\/2024\/03\/Luis-Romero.jpg","keywords":["C\u00f3rdoba","Daniela Griego","Morena","Veracruz","Xalapa"],"articleSection":["De Opini\u00f3n"],"inLanguage":"es"},{"@type":"WebPage","@id":"https:\/\/lospoliticosveracruz.com\/?p=133466","url":"https:\/\/lospoliticosveracruz.com\/?p=133466","name":"PARIDAD DE G\u00c9NERO, CARTAS RUMBO AL 2025 - Los pol\u00edticos Veracruz","isPartOf":{"@id":"https:\/\/lospoliticosveracruz.com\/#website"},"primaryImageOfPage":{"@id":"https:\/\/lospoliticosveracruz.com\/?p=133466#primaryimage"},"image":{"@id":"https:\/\/lospoliticosveracruz.com\/?p=133466#primaryimage"},"thumbnailUrl":"https:\/\/lospoliticosveracruz.com\/wp-content\/uploads\/2024\/03\/Luis-Romero.jpg","datePublished":"2024-12-03T13:51:45+00:00","dateModified":"2024-12-03T13:58:38+00:00","breadcrumb":{"@id":"https:\/\/lospoliticosveracruz.com\/?p=133466#breadcrumb"},"inLanguage":"es","potentialAction":[{"@type":"ReadAction","target":["https:\/\/lospoliticosveracruz.com\/?p=133466"]}]},{"@type":"ImageObject","inLanguage":"es","@id":"https:\/\/lospoliticosveracruz.com\/?p=133466#primaryimage","url":"https:\/\/lospoliticosveracruz.com\/wp-content\/uploads\/2024\/03\/Luis-Romero.jpg","contentUrl":"https:\/\/lospoliticosveracruz.com\/wp-content\/uploads\/2024\/03\/Luis-Romero.jpg","width":1250,"height":667},{"@type":"BreadcrumbList","@id":"https:\/\/lospoliticosveracruz.com\/?p=133466#breadcrumb","itemListElement":[{"@type":"ListItem","position":1,"name":"Portada","item":"https:\/\/lospoliticosveracruz.com\/"},{"@type":"ListItem","position":2,"name":"PARIDAD DE G\u00c9NERO, CARTAS RUMBO AL 2025"}]},{"@type":"WebSite","@id":"https:\/\/lospoliticosveracruz.com\/#website","url":"https:\/\/lospoliticosveracruz.com\/","name":"Los pol\u00edticos Veracruz","description":"","publisher":{"@id":"https:\/\/lospoliticosveracruz.com\/#organization"},"potentialAction":[{"@type":"SearchAction","target":{"@type":"EntryPoint","urlTemplate":"https:\/\/lospoliticosveracruz.com\/?s={search_term_string}"},"query-input":{"@type":"PropertyValueSpecification","valueRequired":true,"valueName":"search_term_string"}}],"inLanguage":"es"},{"@type":"Organization","@id":"https:\/\/lospoliticosveracruz.com\/#organization","name":"Los pol\u00edticos Veracruz","url":"https:\/\/lospoliticosveracruz.com\/","logo":{"@type":"ImageObject","inLanguage":"es","@id":"https:\/\/lospoliticosveracruz.com\/#\/schema\/logo\/image\/","url":"https:\/\/lospoliticosveracruz.com\/wp-content\/uploads\/2025\/12\/Logo-Nuevo-LOS-POLITICOS-1.jpg","contentUrl":"https:\/\/lospoliticosveracruz.com\/wp-content\/uploads\/2025\/12\/Logo-Nuevo-LOS-POLITICOS-1.jpg","width":260,"height":70,"caption":"Los pol\u00edticos Veracruz"},"image":{"@id":"https:\/\/lospoliticosveracruz.com\/#\/schema\/logo\/image\/"},"sameAs":["https:\/\/www.facebook.com\/people\/Notimemes-de-los-Polticos\/61565672886568\/","https:\/\/x.com\/LosPoliticosVer"]},{"@type":"Person","@id":"https:\/\/lospoliticosveracruz.com\/#\/schema\/person\/b8702bb0e538456e6efd07080bf2a4a2","name":"Lo viste en Los Pol\u00edticos","image":{"@type":"ImageObject","inLanguage":"es","@id":"https:\/\/secure.gravatar.com\/avatar\/3a8de04a2656d44082be478bd6c086daa447c4651605818287b9532d3d0bd435?s=96&d=mm&r=g","url":"https:\/\/secure.gravatar.com\/avatar\/3a8de04a2656d44082be478bd6c086daa447c4651605818287b9532d3d0bd435?s=96&d=mm&r=g","contentUrl":"https:\/\/secure.gravatar.com\/avatar\/3a8de04a2656d44082be478bd6c086daa447c4651605818287b9532d3d0bd435?s=96&d=mm&r=g","caption":"Lo viste en Los Pol\u00edticos"},"url":"https:\/\/lospoliticosveracruz.com\/?author=2"}]}},"_links":{"self":[{"href":"https:\/\/lospoliticosveracruz.com\/index.php?rest_route=\/wp\/v2\/posts\/133466","targetHints":{"allow":["GET"]}}],"collection":[{"href":"https:\/\/lospoliticosveracruz.com\/index.php?rest_route=\/wp\/v2\/posts"}],"about":[{"href":"https:\/\/lospoliticosveracruz.com\/index.php?rest_route=\/wp\/v2\/types\/post"}],"author":[{"embeddable":true,"href":"https:\/\/lospoliticosveracruz.com\/index.php?rest_route=\/wp\/v2\/users\/2"}],"replies":[{"embeddable":true,"href":"https:\/\/lospoliticosveracruz.com\/index.php?rest_route=%2Fwp%2Fv2%2Fcomments&post=133466"}],"version-history":[{"count":2,"href":"https:\/\/lospoliticosveracruz.com\/index.php?rest_route=\/wp\/v2\/posts\/133466\/revisions"}],"predecessor-version":[{"id":133468,"href":"https:\/\/lospoliticosveracruz.com\/index.php?rest_route=\/wp\/v2\/posts\/133466\/revisions\/133468"}],"wp:featuredmedia":[{"embeddable":true,"href":"https:\/\/lospoliticosveracruz.com\/index.php?rest_route=\/wp\/v2\/media\/119912"}],"wp:attachment":[{"href":"https:\/\/lospoliticosveracruz.com\/index.php?rest_route=%2Fwp%2Fv2%2Fmedia&parent=133466"}],"wp:term":[{"taxonomy":"category","embeddable":true,"href":"https:\/\/lospoliticosveracruz.com\/index.php?rest_route=%2Fwp%2Fv2%2Fcategories&post=133466"},{"taxonomy":"post_tag","embeddable":true,"href":"https:\/\/lospoliticosveracruz.com\/index.php?rest_route=%2Fwp%2Fv2%2Ftags&post=133466"}],"curies":[{"name":"wp","href":"https:\/\/api.w.org\/{rel}","templated":true}]}}