{"id":133469,"date":"2024-12-03T09:49:38","date_gmt":"2024-12-03T15:49:38","guid":{"rendered":"https:\/\/lospoliticosveracruz.com.mx\/?p=133469"},"modified":"2024-12-03T09:50:17","modified_gmt":"2024-12-03T15:50:17","slug":"posibles-deportaciones-masivas-de-veracruzanos","status":"publish","type":"post","link":"https:\/\/lospoliticosveracruz.com\/?p=133469","title":{"rendered":"POSIBLES DEPORTACIONES MASIVAS DE VERACRUZANOS"},"content":{"rendered":"\n<p><br><strong>Fanny Y\u00e9pez<\/strong><br><em>La Columna<\/em><br>Ante el amago del Presidente de Estados Unidos Donald Trump de expulsar masivamente a miles de mexicanos, esta entidad est\u00e1 obligada a implementar pol\u00edticas p\u00fablicas urgentes, para atender las posibles demandas que generen los paisanos que pudieran ser deportados.<br>Los paisanos que posiblemente sean extraditados, demandar\u00e1n a los gobiernos de sus respectivos estados, empleos bien remunerados, viviendas dignas, escuelas seguridad social, (m\u00e9dicos y medicinas) y seguridad. Estos son los rubros que deber\u00e1n atender las autoridades.<br>El INEGI expone que, en 2020, de Veracruz de Ignacio de la Llave salieron 36 mil 493 personas para vivir en otro pa\u00eds, 81 de cada 100 se fueron a Estados Unidos de Am\u00e9rica. A nivel nacional se registraron 802,807, de ellos 77 de cada 100 se fueron a Estados Unidos de Am\u00e9rica.<br>Solamente durante el transcurso de 2023, un total de 16 mil 622 veracruzanos decidieron abandonar sus hogares y cruzar la frontera en busca de residencia en suelo estadounidense; sin embargo, fueron localizados y devueltos por las autoridades migratorias.<br>Hace 4 a\u00f1os, para ser m\u00e1s precisos, en el 2019 un total de 12 mil 548 veracruzanos fueron devueltos a M\u00e9xico desde Estados Unidos, colocando a la entidad en sexto lugar a nivel nacional; sin embargo, entre 2019 y 2021, se observ\u00f3 una tendencia a la baja, con 11 mil 461 y 9 mil 230 migrantes veracruzanos devueltos, respectivamente.<br>El a\u00f1o 2022 marc\u00f3 un punto \u00e1lgido con la cifra m\u00e1s alta de deportaciones de veracruzanos de los \u00faltimos cinco a\u00f1os, con un total de 20 mil 869 personas deportadas por las autoridades estadounidenses.<br>Entre 2022 y 2023, el n\u00famero de eventos de devoluci\u00f3n de mexicanos disminuy\u00f3 en un 0.9 por ciento, pasando de 258,000 a 214,849 personas mexicanas devueltas desde Estados Unidos.<br>De los veracruzanos en el extranjero, 32 mil 243 residen en Estados Unidos y 4 mil 424 en Canad\u00e1.<br>Los diez consulados de M\u00e9xico en Estados Unidos, con el mayor n\u00famero de expediciones de matr\u00edculas consulares de alta seguridad, a originarios de Veracruz son:<br>Chicago, Raleigh, Atlanta, Houston, Dallas, Nueva York, Los \u00c1ngeles, Orlando, Indian\u00e1polis, Milwaukee.<br>Los paisanos radicados en la Uni\u00f3n Americana consideran que las advertencias de Trump no se quedar\u00e1n en el discurso y temen que haya medidas m\u00e1s radicales contra los migrantes, por lo que se preparan para lo peor.<br>\u201cDebemos prepararnos para lo peor\u201d, se\u00f1ala Artemio Arreola, activista mexicano radicado en Estados Unidos. Su preocupaci\u00f3n no se debe a las propuestas que, como candidato en 2024, hizo Donald Trump, sino a la pol\u00edtica antiinmigrante que ya aplic\u00f3 el pol\u00edtico republicano cuando fue presidente entre 2017 y 2021.<br>Cabe recordar que, en ese cuatrienio, el gobierno de Trump deport\u00f3 a 1.5 millones de migrantes indocumentados, impuso el programa \u201cQu\u00e9date en M\u00e9xico\u201d, construy\u00f3 386 kil\u00f3metros de muro fronterizo e instaur\u00f3 el llamado T\u00edtulo 42.<br>Arreola, director pol\u00edtico de la Coalici\u00f3n de Illinois para los Derechos de los Inmigrantes y Refugiados en Estados Unidos, explica que en la comunidad de mexicanos hay temor por lo que pueda hacer Trump a partir de enero, pues no s\u00f3lo llega m\u00e1s radicalizado en su postura antiinmigrante, sino tambi\u00e9n con mayor fuerza pol\u00edtica, porque el Partido Republicano gan\u00f3 el control del Senado y conservar\u00e1 el de la C\u00e1mara de Representantes.<\/p>\n","protected":false},"excerpt":{"rendered":"<p>Fanny Y\u00e9pezLa ColumnaAnte el amago del Presidente de Estados Unidos Donald Trump de expulsar masivamente a miles de mexicanos, esta entidad est\u00e1 obligada a implementar pol\u00edticas p\u00fablicas urgentes, para atender las posibles demandas que generen los paisanos que pudieran ser deportados.Los paisanos que posiblemente sean extraditados, demandar\u00e1n a los gobiernos de sus respectivos estados, empleos [&hellip;]<\/p>\n","protected":false},"author":2,"featured_media":126076,"comment_status":"closed","ping_status":"closed","sticky":false,"template":"","format":"standard","meta":{"tdm_status":"","tdm_grid_status":"","footnotes":""},"categories":[70],"tags":[42423,2846,178,195],"class_list":{"0":"post-133469","1":"post","2":"type-post","3":"status-publish","4":"format-standard","5":"has-post-thumbnail","7":"category-de-opinion","8":"tag-deportaciones","9":"tag-donald-trump","10":"tag-inegi","11":"tag-veracruz"},"yoast_head":"<!-- This site is optimized with the Yoast SEO plugin v27.4 - https:\/\/yoast.com\/product\/yoast-seo-wordpress\/ -->\n<title>POSIBLES DEPORTACIONES MASIVAS DE VERACRUZANOS - Los pol\u00edticos Veracruz<\/title>\n<meta name=\"robots\" content=\"index, follow, max-snippet:-1, max-image-preview:large, max-video-preview:-1\" \/>\n<link rel=\"canonical\" href=\"https:\/\/lospoliticosveracruz.com\/?p=133469\" \/>\n<meta property=\"og:locale\" content=\"es_ES\" \/>\n<meta property=\"og:type\" content=\"article\" \/>\n<meta property=\"og:title\" content=\"POSIBLES DEPORTACIONES MASIVAS DE VERACRUZANOS - Los pol\u00edticos Veracruz\" \/>\n<meta property=\"og:description\" content=\"Fanny Y\u00e9pezLa ColumnaAnte el amago del Presidente de Estados Unidos Donald Trump de expulsar masivamente a miles de mexicanos, esta entidad est\u00e1 obligada a implementar pol\u00edticas p\u00fablicas urgentes, para atender las posibles demandas que generen los paisanos que pudieran ser deportados.Los paisanos que posiblemente sean extraditados, demandar\u00e1n a los gobiernos de sus respectivos estados, empleos [&hellip;]\" \/>\n<meta property=\"og:url\" content=\"https:\/\/lospoliticosveracruz.com\/?p=133469\" \/>\n<meta property=\"og:site_name\" content=\"Los pol\u00edticos Veracruz\" \/>\n<meta property=\"article:publisher\" content=\"https:\/\/www.facebook.com\/people\/Notimemes-de-los-Polticos\/61565672886568\/\" \/>\n<meta property=\"article:published_time\" content=\"2024-12-03T15:49:38+00:00\" \/>\n<meta property=\"article:modified_time\" content=\"2024-12-03T15:50:17+00:00\" \/>\n<meta property=\"og:image\" content=\"https:\/\/lospoliticosveracruz.com\/wp-content\/uploads\/2024\/06\/Fanny-Yepez.jpg\" \/>\n\t<meta property=\"og:image:width\" content=\"1250\" \/>\n\t<meta property=\"og:image:height\" content=\"667\" \/>\n\t<meta property=\"og:image:type\" content=\"image\/jpeg\" \/>\n<meta name=\"author\" content=\"Lo viste en Los Pol\u00edticos\" \/>\n<meta name=\"twitter:card\" content=\"summary_large_image\" \/>\n<meta name=\"twitter:creator\" content=\"@LosPoliticosVer\" \/>\n<meta name=\"twitter:site\" content=\"@LosPoliticosVer\" \/>\n<meta name=\"twitter:label1\" content=\"Escrito por\" \/>\n\t<meta name=\"twitter:data1\" content=\"Lo viste en Los Pol\u00edticos\" \/>\n\t<meta name=\"twitter:label2\" content=\"Tiempo de lectura\" \/>\n\t<meta name=\"twitter:data2\" content=\"3 minutos\" \/>\n<script type=\"application\/ld+json\" class=\"yoast-schema-graph\">{\"@context\":\"https:\\\/\\\/schema.org\",\"@graph\":[{\"@type\":\"Article\",\"@id\":\"https:\\\/\\\/lospoliticosveracruz.com\\\/?p=133469#article\",\"isPartOf\":{\"@id\":\"https:\\\/\\\/lospoliticosveracruz.com\\\/?p=133469\"},\"author\":{\"name\":\"Lo viste en Los Pol\u00edticos\",\"@id\":\"https:\\\/\\\/lospoliticosveracruz.com\\\/#\\\/schema\\\/person\\\/b8702bb0e538456e6efd07080bf2a4a2\"},\"headline\":\"POSIBLES DEPORTACIONES MASIVAS DE VERACRUZANOS\",\"datePublished\":\"2024-12-03T15:49:38+00:00\",\"dateModified\":\"2024-12-03T15:50:17+00:00\",\"mainEntityOfPage\":{\"@id\":\"https:\\\/\\\/lospoliticosveracruz.com\\\/?p=133469\"},\"wordCount\":544,\"publisher\":{\"@id\":\"https:\\\/\\\/lospoliticosveracruz.com\\\/#organization\"},\"image\":{\"@id\":\"https:\\\/\\\/lospoliticosveracruz.com\\\/?p=133469#primaryimage\"},\"thumbnailUrl\":\"https:\\\/\\\/lospoliticosveracruz.com\\\/wp-content\\\/uploads\\\/2024\\\/06\\\/Fanny-Yepez.jpg\",\"keywords\":[\"deportaciones\",\"Donald Trump\",\"Inegi\",\"Veracruz\"],\"articleSection\":[\"De Opini\u00f3n\"],\"inLanguage\":\"es\"},{\"@type\":\"WebPage\",\"@id\":\"https:\\\/\\\/lospoliticosveracruz.com\\\/?p=133469\",\"url\":\"https:\\\/\\\/lospoliticosveracruz.com\\\/?p=133469\",\"name\":\"POSIBLES DEPORTACIONES MASIVAS DE VERACRUZANOS - Los pol\u00edticos Veracruz\",\"isPartOf\":{\"@id\":\"https:\\\/\\\/lospoliticosveracruz.com\\\/#website\"},\"primaryImageOfPage\":{\"@id\":\"https:\\\/\\\/lospoliticosveracruz.com\\\/?p=133469#primaryimage\"},\"image\":{\"@id\":\"https:\\\/\\\/lospoliticosveracruz.com\\\/?p=133469#primaryimage\"},\"thumbnailUrl\":\"https:\\\/\\\/lospoliticosveracruz.com\\\/wp-content\\\/uploads\\\/2024\\\/06\\\/Fanny-Yepez.jpg\",\"datePublished\":\"2024-12-03T15:49:38+00:00\",\"dateModified\":\"2024-12-03T15:50:17+00:00\",\"breadcrumb\":{\"@id\":\"https:\\\/\\\/lospoliticosveracruz.com\\\/?p=133469#breadcrumb\"},\"inLanguage\":\"es\",\"potentialAction\":[{\"@type\":\"ReadAction\",\"target\":[\"https:\\\/\\\/lospoliticosveracruz.com\\\/?p=133469\"]}]},{\"@type\":\"ImageObject\",\"inLanguage\":\"es\",\"@id\":\"https:\\\/\\\/lospoliticosveracruz.com\\\/?p=133469#primaryimage\",\"url\":\"https:\\\/\\\/lospoliticosveracruz.com\\\/wp-content\\\/uploads\\\/2024\\\/06\\\/Fanny-Yepez.jpg\",\"contentUrl\":\"https:\\\/\\\/lospoliticosveracruz.com\\\/wp-content\\\/uploads\\\/2024\\\/06\\\/Fanny-Yepez.jpg\",\"width\":1250,\"height\":667},{\"@type\":\"BreadcrumbList\",\"@id\":\"https:\\\/\\\/lospoliticosveracruz.com\\\/?p=133469#breadcrumb\",\"itemListElement\":[{\"@type\":\"ListItem\",\"position\":1,\"name\":\"Portada\",\"item\":\"https:\\\/\\\/lospoliticosveracruz.com\\\/\"},{\"@type\":\"ListItem\",\"position\":2,\"name\":\"POSIBLES DEPORTACIONES MASIVAS DE VERACRUZANOS\"}]},{\"@type\":\"WebSite\",\"@id\":\"https:\\\/\\\/lospoliticosveracruz.com\\\/#website\",\"url\":\"https:\\\/\\\/lospoliticosveracruz.com\\\/\",\"name\":\"Los pol\u00edticos Veracruz\",\"description\":\"\",\"publisher\":{\"@id\":\"https:\\\/\\\/lospoliticosveracruz.com\\\/#organization\"},\"potentialAction\":[{\"@type\":\"SearchAction\",\"target\":{\"@type\":\"EntryPoint\",\"urlTemplate\":\"https:\\\/\\\/lospoliticosveracruz.com\\\/?s={search_term_string}\"},\"query-input\":{\"@type\":\"PropertyValueSpecification\",\"valueRequired\":true,\"valueName\":\"search_term_string\"}}],\"inLanguage\":\"es\"},{\"@type\":\"Organization\",\"@id\":\"https:\\\/\\\/lospoliticosveracruz.com\\\/#organization\",\"name\":\"Los pol\u00edticos Veracruz\",\"url\":\"https:\\\/\\\/lospoliticosveracruz.com\\\/\",\"logo\":{\"@type\":\"ImageObject\",\"inLanguage\":\"es\",\"@id\":\"https:\\\/\\\/lospoliticosveracruz.com\\\/#\\\/schema\\\/logo\\\/image\\\/\",\"url\":\"https:\\\/\\\/lospoliticosveracruz.com\\\/wp-content\\\/uploads\\\/2025\\\/12\\\/Logo-Nuevo-LOS-POLITICOS-1.jpg\",\"contentUrl\":\"https:\\\/\\\/lospoliticosveracruz.com\\\/wp-content\\\/uploads\\\/2025\\\/12\\\/Logo-Nuevo-LOS-POLITICOS-1.jpg\",\"width\":260,\"height\":70,\"caption\":\"Los pol\u00edticos Veracruz\"},\"image\":{\"@id\":\"https:\\\/\\\/lospoliticosveracruz.com\\\/#\\\/schema\\\/logo\\\/image\\\/\"},\"sameAs\":[\"https:\\\/\\\/www.facebook.com\\\/people\\\/Notimemes-de-los-Polticos\\\/61565672886568\\\/\",\"https:\\\/\\\/x.com\\\/LosPoliticosVer\"]},{\"@type\":\"Person\",\"@id\":\"https:\\\/\\\/lospoliticosveracruz.com\\\/#\\\/schema\\\/person\\\/b8702bb0e538456e6efd07080bf2a4a2\",\"name\":\"Lo viste en Los Pol\u00edticos\",\"image\":{\"@type\":\"ImageObject\",\"inLanguage\":\"es\",\"@id\":\"https:\\\/\\\/secure.gravatar.com\\\/avatar\\\/3a8de04a2656d44082be478bd6c086daa447c4651605818287b9532d3d0bd435?s=96&d=mm&r=g\",\"url\":\"https:\\\/\\\/secure.gravatar.com\\\/avatar\\\/3a8de04a2656d44082be478bd6c086daa447c4651605818287b9532d3d0bd435?s=96&d=mm&r=g\",\"contentUrl\":\"https:\\\/\\\/secure.gravatar.com\\\/avatar\\\/3a8de04a2656d44082be478bd6c086daa447c4651605818287b9532d3d0bd435?s=96&d=mm&r=g\",\"caption\":\"Lo viste en Los Pol\u00edticos\"},\"url\":\"https:\\\/\\\/lospoliticosveracruz.com\\\/?author=2\"}]}<\/script>\n<!-- \/ Yoast SEO plugin. -->","yoast_head_json":{"title":"POSIBLES DEPORTACIONES MASIVAS DE VERACRUZANOS - Los pol\u00edticos Veracruz","robots":{"index":"index","follow":"follow","max-snippet":"max-snippet:-1","max-image-preview":"max-image-preview:large","max-video-preview":"max-video-preview:-1"},"canonical":"https:\/\/lospoliticosveracruz.com\/?p=133469","og_locale":"es_ES","og_type":"article","og_title":"POSIBLES DEPORTACIONES MASIVAS DE VERACRUZANOS - Los pol\u00edticos Veracruz","og_description":"Fanny Y\u00e9pezLa ColumnaAnte el amago del Presidente de Estados Unidos Donald Trump de expulsar masivamente a miles de mexicanos, esta entidad est\u00e1 obligada a implementar pol\u00edticas p\u00fablicas urgentes, para atender las posibles demandas que generen los paisanos que pudieran ser deportados.Los paisanos que posiblemente sean extraditados, demandar\u00e1n a los gobiernos de sus respectivos estados, empleos [&hellip;]","og_url":"https:\/\/lospoliticosveracruz.com\/?p=133469","og_site_name":"Los pol\u00edticos Veracruz","article_publisher":"https:\/\/www.facebook.com\/people\/Notimemes-de-los-Polticos\/61565672886568\/","article_published_time":"2024-12-03T15:49:38+00:00","article_modified_time":"2024-12-03T15:50:17+00:00","og_image":[{"width":1250,"height":667,"url":"https:\/\/lospoliticosveracruz.com\/wp-content\/uploads\/2024\/06\/Fanny-Yepez.jpg","type":"image\/jpeg"}],"author":"Lo viste en Los Pol\u00edticos","twitter_card":"summary_large_image","twitter_creator":"@LosPoliticosVer","twitter_site":"@LosPoliticosVer","twitter_misc":{"Escrito por":"Lo viste en Los Pol\u00edticos","Tiempo de lectura":"3 minutos"},"schema":{"@context":"https:\/\/schema.org","@graph":[{"@type":"Article","@id":"https:\/\/lospoliticosveracruz.com\/?p=133469#article","isPartOf":{"@id":"https:\/\/lospoliticosveracruz.com\/?p=133469"},"author":{"name":"Lo viste en Los Pol\u00edticos","@id":"https:\/\/lospoliticosveracruz.com\/#\/schema\/person\/b8702bb0e538456e6efd07080bf2a4a2"},"headline":"POSIBLES DEPORTACIONES MASIVAS DE VERACRUZANOS","datePublished":"2024-12-03T15:49:38+00:00","dateModified":"2024-12-03T15:50:17+00:00","mainEntityOfPage":{"@id":"https:\/\/lospoliticosveracruz.com\/?p=133469"},"wordCount":544,"publisher":{"@id":"https:\/\/lospoliticosveracruz.com\/#organization"},"image":{"@id":"https:\/\/lospoliticosveracruz.com\/?p=133469#primaryimage"},"thumbnailUrl":"https:\/\/lospoliticosveracruz.com\/wp-content\/uploads\/2024\/06\/Fanny-Yepez.jpg","keywords":["deportaciones","Donald Trump","Inegi","Veracruz"],"articleSection":["De Opini\u00f3n"],"inLanguage":"es"},{"@type":"WebPage","@id":"https:\/\/lospoliticosveracruz.com\/?p=133469","url":"https:\/\/lospoliticosveracruz.com\/?p=133469","name":"POSIBLES DEPORTACIONES MASIVAS DE VERACRUZANOS - Los pol\u00edticos Veracruz","isPartOf":{"@id":"https:\/\/lospoliticosveracruz.com\/#website"},"primaryImageOfPage":{"@id":"https:\/\/lospoliticosveracruz.com\/?p=133469#primaryimage"},"image":{"@id":"https:\/\/lospoliticosveracruz.com\/?p=133469#primaryimage"},"thumbnailUrl":"https:\/\/lospoliticosveracruz.com\/wp-content\/uploads\/2024\/06\/Fanny-Yepez.jpg","datePublished":"2024-12-03T15:49:38+00:00","dateModified":"2024-12-03T15:50:17+00:00","breadcrumb":{"@id":"https:\/\/lospoliticosveracruz.com\/?p=133469#breadcrumb"},"inLanguage":"es","potentialAction":[{"@type":"ReadAction","target":["https:\/\/lospoliticosveracruz.com\/?p=133469"]}]},{"@type":"ImageObject","inLanguage":"es","@id":"https:\/\/lospoliticosveracruz.com\/?p=133469#primaryimage","url":"https:\/\/lospoliticosveracruz.com\/wp-content\/uploads\/2024\/06\/Fanny-Yepez.jpg","contentUrl":"https:\/\/lospoliticosveracruz.com\/wp-content\/uploads\/2024\/06\/Fanny-Yepez.jpg","width":1250,"height":667},{"@type":"BreadcrumbList","@id":"https:\/\/lospoliticosveracruz.com\/?p=133469#breadcrumb","itemListElement":[{"@type":"ListItem","position":1,"name":"Portada","item":"https:\/\/lospoliticosveracruz.com\/"},{"@type":"ListItem","position":2,"name":"POSIBLES DEPORTACIONES MASIVAS DE VERACRUZANOS"}]},{"@type":"WebSite","@id":"https:\/\/lospoliticosveracruz.com\/#website","url":"https:\/\/lospoliticosveracruz.com\/","name":"Los pol\u00edticos Veracruz","description":"","publisher":{"@id":"https:\/\/lospoliticosveracruz.com\/#organization"},"potentialAction":[{"@type":"SearchAction","target":{"@type":"EntryPoint","urlTemplate":"https:\/\/lospoliticosveracruz.com\/?s={search_term_string}"},"query-input":{"@type":"PropertyValueSpecification","valueRequired":true,"valueName":"search_term_string"}}],"inLanguage":"es"},{"@type":"Organization","@id":"https:\/\/lospoliticosveracruz.com\/#organization","name":"Los pol\u00edticos Veracruz","url":"https:\/\/lospoliticosveracruz.com\/","logo":{"@type":"ImageObject","inLanguage":"es","@id":"https:\/\/lospoliticosveracruz.com\/#\/schema\/logo\/image\/","url":"https:\/\/lospoliticosveracruz.com\/wp-content\/uploads\/2025\/12\/Logo-Nuevo-LOS-POLITICOS-1.jpg","contentUrl":"https:\/\/lospoliticosveracruz.com\/wp-content\/uploads\/2025\/12\/Logo-Nuevo-LOS-POLITICOS-1.jpg","width":260,"height":70,"caption":"Los pol\u00edticos Veracruz"},"image":{"@id":"https:\/\/lospoliticosveracruz.com\/#\/schema\/logo\/image\/"},"sameAs":["https:\/\/www.facebook.com\/people\/Notimemes-de-los-Polticos\/61565672886568\/","https:\/\/x.com\/LosPoliticosVer"]},{"@type":"Person","@id":"https:\/\/lospoliticosveracruz.com\/#\/schema\/person\/b8702bb0e538456e6efd07080bf2a4a2","name":"Lo viste en Los Pol\u00edticos","image":{"@type":"ImageObject","inLanguage":"es","@id":"https:\/\/secure.gravatar.com\/avatar\/3a8de04a2656d44082be478bd6c086daa447c4651605818287b9532d3d0bd435?s=96&d=mm&r=g","url":"https:\/\/secure.gravatar.com\/avatar\/3a8de04a2656d44082be478bd6c086daa447c4651605818287b9532d3d0bd435?s=96&d=mm&r=g","contentUrl":"https:\/\/secure.gravatar.com\/avatar\/3a8de04a2656d44082be478bd6c086daa447c4651605818287b9532d3d0bd435?s=96&d=mm&r=g","caption":"Lo viste en Los Pol\u00edticos"},"url":"https:\/\/lospoliticosveracruz.com\/?author=2"}]}},"_links":{"self":[{"href":"https:\/\/lospoliticosveracruz.com\/index.php?rest_route=\/wp\/v2\/posts\/133469","targetHints":{"allow":["GET"]}}],"collection":[{"href":"https:\/\/lospoliticosveracruz.com\/index.php?rest_route=\/wp\/v2\/posts"}],"about":[{"href":"https:\/\/lospoliticosveracruz.com\/index.php?rest_route=\/wp\/v2\/types\/post"}],"author":[{"embeddable":true,"href":"https:\/\/lospoliticosveracruz.com\/index.php?rest_route=\/wp\/v2\/users\/2"}],"replies":[{"embeddable":true,"href":"https:\/\/lospoliticosveracruz.com\/index.php?rest_route=%2Fwp%2Fv2%2Fcomments&post=133469"}],"version-history":[{"count":1,"href":"https:\/\/lospoliticosveracruz.com\/index.php?rest_route=\/wp\/v2\/posts\/133469\/revisions"}],"predecessor-version":[{"id":133470,"href":"https:\/\/lospoliticosveracruz.com\/index.php?rest_route=\/wp\/v2\/posts\/133469\/revisions\/133470"}],"wp:featuredmedia":[{"embeddable":true,"href":"https:\/\/lospoliticosveracruz.com\/index.php?rest_route=\/wp\/v2\/media\/126076"}],"wp:attachment":[{"href":"https:\/\/lospoliticosveracruz.com\/index.php?rest_route=%2Fwp%2Fv2%2Fmedia&parent=133469"}],"wp:term":[{"taxonomy":"category","embeddable":true,"href":"https:\/\/lospoliticosveracruz.com\/index.php?rest_route=%2Fwp%2Fv2%2Fcategories&post=133469"},{"taxonomy":"post_tag","embeddable":true,"href":"https:\/\/lospoliticosveracruz.com\/index.php?rest_route=%2Fwp%2Fv2%2Ftags&post=133469"}],"curies":[{"name":"wp","href":"https:\/\/api.w.org\/{rel}","templated":true}]}}