{"id":133494,"date":"2024-12-03T18:55:36","date_gmt":"2024-12-04T00:55:36","guid":{"rendered":"https:\/\/lospoliticosveracruz.com.mx\/?p=133494"},"modified":"2024-12-03T18:55:49","modified_gmt":"2024-12-04T00:55:49","slug":"feminicidios-7","status":"publish","type":"post","link":"https:\/\/lospoliticosveracruz.com\/?p=133494","title":{"rendered":"FEMINICIDIOS"},"content":{"rendered":"\n<p><strong>Guadalupe H. Mar<br><\/strong><em>Mira Pol\u00edtica<\/em><\/p>\n\n\n\n<p><strong>TOLERADA IMPUNIDAD<\/strong> \u2026 Con el inicio de un nuevo gobierno estatal en Veracruz, renace la esperanza de que algunas o muchas cosas cambien y, sobre todo, que se revierta la impunidad, ese s\u00edntoma de un Estado ausente que prevaleci\u00f3 en los \u00faltimos seis a\u00f1os, particularmente en los m\u00e1s de 300 casos de feminicidios cometidos en la entidad veracruzana.<br>Alba Alem\u00e1n, joven y destacada periodista, egresada de la Facultad de Comunicaci\u00f3n de la Universidad Veracruzana (UV), en reciente recuento que public\u00f3 en E-Consulta, dio a conocer que durante el sexenio del ingeniero mec\u00e1nico electricista e inventor Cuitl\u00e1huac Garc\u00eda Jim\u00e9nez, se cometieron 336 feminicidios, entre otros delitos de los llamados de alto impacto.<\/p>\n\n\n<div class=\"wp-block-image\">\n<figure class=\"alignleft size-thumbnail\"><a href=\"https:\/\/lospoliticosveracruz.com.mx\/wp-content\/uploads\/2024\/05\/IMG_0341-e1716950925234.jpeg\"><img loading=\"lazy\" decoding=\"async\" width=\"150\" height=\"150\" src=\"https:\/\/lospoliticosveracruz.com.mx\/wp-content\/uploads\/2024\/05\/IMG_0341-150x150.jpeg\" alt=\"\" class=\"wp-image-125332\"\/><\/a><\/figure>\n<\/div>\n\n\n<p><br>De esos 336 feminicidios, las y los veracruzanos desconocemos cu\u00e1ntos fueron resueltos, cu\u00e1ntos feminicidas fueron detenidos, juzgados y encarcelados, pues la todav\u00eda titular de la Fiscal\u00eda General del estado de Veracruz (Fgever), la abogada Ver\u00f3nica Hern\u00e1ndez Giad\u00e1ns, nunca, que nosotros sepamos, rindi\u00f3 un informe al respecto.<br>La impunidad, s\u00edntoma de un Estado ausente, ha prevalecido en Veracruz.<br>Ello, por cierto, amables lectoras y lectores, nos recuerda que, en noviembre de 2015, hace casi diez a\u00f1os, en el gobierno de Javier Duarte de Ochoa, el fil\u00f3sofo espa\u00f1ol Fernando Savater autor de varios libros, entre ellos \u201c\u00c9tica para Amador\u201d, vino a la Universidad Veracruzana a dictar una conferencia magistral, evento en el cual expres\u00f3 textualmente: \u00abPero lo malo no es la corrupci\u00f3n en s\u00ed, sino la impunidad. Hay que combatir la impunidad, lo que desmoraliza a la sociedad es ver que los corruptos son impunes y que las leyes est\u00e1n hechas como esas redes que solo atrapan peces peque\u00f1os\u00bb.<br>Concluy\u00f3 con una frase que dicha en Veracruz ha quedado para la posteridad, \u201cm\u00e1s que el delito, lo que duele es la impunidad\u201d.<br>DE MUJER A MUJER \u2026 Por eso resulta esperanzador lo que expres\u00f3 en su toma de posesi\u00f3n la gobernadora del estado de Veracruz, la ingeniera qu\u00edmica Norma Roc\u00edo Nahle Garc\u00eda, quien prometi\u00f3 m\u00e1s justicia para las mujeres al decir, \u201cVamos a concentrar todo nuestro esfuerzo y energ\u00eda para trabajar de la mano con los diferentes organismos y con el Poder Judicial para eliminar la impunidad y aplicar justicia \u2026 ya hemos contemplado para el pr\u00f3ximo a\u00f1o, un aumento del 18 por ciento, m\u00e1s de 400 millones de pesos para iniciar con la construcci\u00f3n de los Centros de Justicia para las mujeres\u201d.<br>Sabe y seguramente tiene los datos Nahle Garc\u00eda, de que, en los tiempos de su antecesor, se antepon\u00eda la revictimizaci\u00f3n a la procuraci\u00f3n de justicia para las mujeres, pretendiendo tapar el sol con un dedo.<br>Por eso adelant\u00f3 en su toma de posesi\u00f3n que en su gobierno, \u201cse podr\u00e1 solicitar protecci\u00f3n sin necesidad de presentar una denuncia o iniciar una carpeta de investigaci\u00f3n, la cual se atender\u00e1 de manera inmediata por un juez en l\u00ednea, vamos a cuidar a las mujeres\u201d, prometi\u00f3.<br>En ese mismo sentido, la gobernadora veracruzana adelant\u00f3 que seguir\u00e1 trabajando con los colectivos de b\u00fasqueda de personas desaparecidas en Veracruz.<br>\u201cSeguiremos trabajando de la mano para que las familias se reencuentren con aquellos ausentes\u201d, dijo a modo de compromiso.<br>\u00c1RBOL QUE NACE TORCIDO \u2026 Por eso y muchas cosas m\u00e1s, es que se da como un hecho el relevo de la actual titular de la Fgever, la abogada Ver\u00f3nica Hern\u00e1ndez Giadans, quien al quinto de los nueve a\u00f1os para los que fue elegida, dejar\u00eda el cargo ante una inminente reforma a la ley promovida por supuesto, por la gobernadora la ingeniera qu\u00edmica Norma Roc\u00edo Nahle Garc\u00eda.<br>Para relevar a la cuitahuista titular de la Fgever, se menciona a la abogada y doctora Honoris Causa por el Instituto Mexicano de L\u00edderes de Excelencia (IMELE), Leslie M\u00f3nica Garibo Puga, quien estuvo cerca de la actual gobernadora del estado, cuando esta era la secretaria de Energ\u00eda del gobierno federal y ella titular de la jefatura de la Unidad de Pol\u00edticas de Exploraci\u00f3n y Extracci\u00f3n de Hidrocarburos de la Sener.<br>En t\u00e9rminos pol\u00edticos, Leslie M\u00f3nica Garibo Puga es gente de Norma Roc\u00edo Nahle Garc\u00eda, por ello es cuesti\u00f3n de horas la salida de Ver\u00f3nica Hern\u00e1ndez Giadans de la titularidad de la Fiscal\u00eda General del estado, cargo que seguramente dejar\u00e1 sin aspavientos, en silente aceptaci\u00f3n, para no correr la misma suerte que sus antecesores Luis \u00c1ngel Bravo Contreras y Jorge Winckler Ort\u00edz.<br>Aunque bueno, en pol\u00edtica es casi ley que los carniceros de hoy ser\u00e1n las reses del ma\u00f1ana.<br>D\u00cdGALO SIN MIEDO \u2026 Al correo electr\u00f3nico guadalupehmar@gmail.com<\/p>\n","protected":false},"excerpt":{"rendered":"<p>Guadalupe H. MarMira Pol\u00edtica TOLERADA IMPUNIDAD \u2026 Con el inicio de un nuevo gobierno estatal en Veracruz, renace la esperanza de que algunas o muchas cosas cambien y, sobre todo, que se revierta la impunidad, ese s\u00edntoma de un Estado ausente que prevaleci\u00f3 en los \u00faltimos seis a\u00f1os, particularmente en los m\u00e1s de 300 casos [&hellip;]<\/p>\n","protected":false},"author":2,"featured_media":119929,"comment_status":"closed","ping_status":"closed","sticky":false,"template":"","format":"standard","meta":{"tdm_status":"","tdm_grid_status":"","footnotes":""},"categories":[70],"tags":[42429,826,1606],"class_list":{"0":"post-133494","1":"post","2":"type-post","3":"status-publish","4":"format-standard","5":"has-post-thumbnail","7":"category-de-opinion","8":"tag-facultad-de-comunicacion-de-la-universidad-veracruzana","9":"tag-feminicidios","10":"tag-guadalupe-h-mar"},"yoast_head":"<!-- This site is optimized with the Yoast SEO plugin v27.4 - https:\/\/yoast.com\/product\/yoast-seo-wordpress\/ -->\n<title>FEMINICIDIOS - Los pol\u00edticos Veracruz<\/title>\n<meta name=\"robots\" content=\"index, follow, max-snippet:-1, max-image-preview:large, max-video-preview:-1\" \/>\n<link rel=\"canonical\" href=\"https:\/\/lospoliticosveracruz.com\/?p=133494\" \/>\n<meta property=\"og:locale\" content=\"es_ES\" \/>\n<meta property=\"og:type\" content=\"article\" \/>\n<meta property=\"og:title\" content=\"FEMINICIDIOS - Los pol\u00edticos Veracruz\" \/>\n<meta property=\"og:description\" content=\"Guadalupe H. MarMira Pol\u00edtica TOLERADA IMPUNIDAD \u2026 Con el inicio de un nuevo gobierno estatal en Veracruz, renace la esperanza de que algunas o muchas cosas cambien y, sobre todo, que se revierta la impunidad, ese s\u00edntoma de un Estado ausente que prevaleci\u00f3 en los \u00faltimos seis a\u00f1os, particularmente en los m\u00e1s de 300 casos [&hellip;]\" \/>\n<meta property=\"og:url\" content=\"https:\/\/lospoliticosveracruz.com\/?p=133494\" \/>\n<meta property=\"og:site_name\" content=\"Los pol\u00edticos Veracruz\" \/>\n<meta property=\"article:publisher\" content=\"https:\/\/www.facebook.com\/people\/Notimemes-de-los-Polticos\/61565672886568\/\" \/>\n<meta property=\"article:published_time\" content=\"2024-12-04T00:55:36+00:00\" \/>\n<meta property=\"article:modified_time\" content=\"2024-12-04T00:55:49+00:00\" \/>\n<meta property=\"og:image\" content=\"https:\/\/lospoliticosveracruz.com\/wp-content\/uploads\/2024\/03\/Lupita-Mar.jpg\" \/>\n\t<meta property=\"og:image:width\" content=\"1250\" \/>\n\t<meta property=\"og:image:height\" content=\"667\" \/>\n\t<meta property=\"og:image:type\" content=\"image\/jpeg\" \/>\n<meta name=\"author\" content=\"Lo viste en Los Pol\u00edticos\" \/>\n<meta name=\"twitter:card\" content=\"summary_large_image\" \/>\n<meta name=\"twitter:creator\" content=\"@LosPoliticosVer\" \/>\n<meta name=\"twitter:site\" content=\"@LosPoliticosVer\" \/>\n<meta name=\"twitter:label1\" content=\"Escrito por\" \/>\n\t<meta name=\"twitter:data1\" content=\"Lo viste en Los Pol\u00edticos\" \/>\n\t<meta name=\"twitter:label2\" content=\"Tiempo de lectura\" \/>\n\t<meta name=\"twitter:data2\" content=\"4 minutos\" \/>\n<script type=\"application\/ld+json\" class=\"yoast-schema-graph\">{\"@context\":\"https:\\\/\\\/schema.org\",\"@graph\":[{\"@type\":\"Article\",\"@id\":\"https:\\\/\\\/lospoliticosveracruz.com\\\/?p=133494#article\",\"isPartOf\":{\"@id\":\"https:\\\/\\\/lospoliticosveracruz.com\\\/?p=133494\"},\"author\":{\"name\":\"Lo viste en Los Pol\u00edticos\",\"@id\":\"https:\\\/\\\/lospoliticosveracruz.com\\\/#\\\/schema\\\/person\\\/b8702bb0e538456e6efd07080bf2a4a2\"},\"headline\":\"FEMINICIDIOS\",\"datePublished\":\"2024-12-04T00:55:36+00:00\",\"dateModified\":\"2024-12-04T00:55:49+00:00\",\"mainEntityOfPage\":{\"@id\":\"https:\\\/\\\/lospoliticosveracruz.com\\\/?p=133494\"},\"wordCount\":808,\"publisher\":{\"@id\":\"https:\\\/\\\/lospoliticosveracruz.com\\\/#organization\"},\"image\":{\"@id\":\"https:\\\/\\\/lospoliticosveracruz.com\\\/?p=133494#primaryimage\"},\"thumbnailUrl\":\"https:\\\/\\\/lospoliticosveracruz.com\\\/wp-content\\\/uploads\\\/2024\\\/03\\\/Lupita-Mar.jpg\",\"keywords\":[\"Facultad de Comunicaci\u00f3n de la Universidad Veracruzana\",\"feminicidios\",\"Guadalupe H. Mar\"],\"articleSection\":[\"De Opini\u00f3n\"],\"inLanguage\":\"es\"},{\"@type\":\"WebPage\",\"@id\":\"https:\\\/\\\/lospoliticosveracruz.com\\\/?p=133494\",\"url\":\"https:\\\/\\\/lospoliticosveracruz.com\\\/?p=133494\",\"name\":\"FEMINICIDIOS - Los pol\u00edticos Veracruz\",\"isPartOf\":{\"@id\":\"https:\\\/\\\/lospoliticosveracruz.com\\\/#website\"},\"primaryImageOfPage\":{\"@id\":\"https:\\\/\\\/lospoliticosveracruz.com\\\/?p=133494#primaryimage\"},\"image\":{\"@id\":\"https:\\\/\\\/lospoliticosveracruz.com\\\/?p=133494#primaryimage\"},\"thumbnailUrl\":\"https:\\\/\\\/lospoliticosveracruz.com\\\/wp-content\\\/uploads\\\/2024\\\/03\\\/Lupita-Mar.jpg\",\"datePublished\":\"2024-12-04T00:55:36+00:00\",\"dateModified\":\"2024-12-04T00:55:49+00:00\",\"breadcrumb\":{\"@id\":\"https:\\\/\\\/lospoliticosveracruz.com\\\/?p=133494#breadcrumb\"},\"inLanguage\":\"es\",\"potentialAction\":[{\"@type\":\"ReadAction\",\"target\":[\"https:\\\/\\\/lospoliticosveracruz.com\\\/?p=133494\"]}]},{\"@type\":\"ImageObject\",\"inLanguage\":\"es\",\"@id\":\"https:\\\/\\\/lospoliticosveracruz.com\\\/?p=133494#primaryimage\",\"url\":\"https:\\\/\\\/lospoliticosveracruz.com\\\/wp-content\\\/uploads\\\/2024\\\/03\\\/Lupita-Mar.jpg\",\"contentUrl\":\"https:\\\/\\\/lospoliticosveracruz.com\\\/wp-content\\\/uploads\\\/2024\\\/03\\\/Lupita-Mar.jpg\",\"width\":1250,\"height\":667},{\"@type\":\"BreadcrumbList\",\"@id\":\"https:\\\/\\\/lospoliticosveracruz.com\\\/?p=133494#breadcrumb\",\"itemListElement\":[{\"@type\":\"ListItem\",\"position\":1,\"name\":\"Portada\",\"item\":\"https:\\\/\\\/lospoliticosveracruz.com\\\/\"},{\"@type\":\"ListItem\",\"position\":2,\"name\":\"FEMINICIDIOS\"}]},{\"@type\":\"WebSite\",\"@id\":\"https:\\\/\\\/lospoliticosveracruz.com\\\/#website\",\"url\":\"https:\\\/\\\/lospoliticosveracruz.com\\\/\",\"name\":\"Los pol\u00edticos Veracruz\",\"description\":\"\",\"publisher\":{\"@id\":\"https:\\\/\\\/lospoliticosveracruz.com\\\/#organization\"},\"potentialAction\":[{\"@type\":\"SearchAction\",\"target\":{\"@type\":\"EntryPoint\",\"urlTemplate\":\"https:\\\/\\\/lospoliticosveracruz.com\\\/?s={search_term_string}\"},\"query-input\":{\"@type\":\"PropertyValueSpecification\",\"valueRequired\":true,\"valueName\":\"search_term_string\"}}],\"inLanguage\":\"es\"},{\"@type\":\"Organization\",\"@id\":\"https:\\\/\\\/lospoliticosveracruz.com\\\/#organization\",\"name\":\"Los pol\u00edticos Veracruz\",\"url\":\"https:\\\/\\\/lospoliticosveracruz.com\\\/\",\"logo\":{\"@type\":\"ImageObject\",\"inLanguage\":\"es\",\"@id\":\"https:\\\/\\\/lospoliticosveracruz.com\\\/#\\\/schema\\\/logo\\\/image\\\/\",\"url\":\"https:\\\/\\\/lospoliticosveracruz.com\\\/wp-content\\\/uploads\\\/2025\\\/12\\\/Logo-Nuevo-LOS-POLITICOS-1.jpg\",\"contentUrl\":\"https:\\\/\\\/lospoliticosveracruz.com\\\/wp-content\\\/uploads\\\/2025\\\/12\\\/Logo-Nuevo-LOS-POLITICOS-1.jpg\",\"width\":260,\"height\":70,\"caption\":\"Los pol\u00edticos Veracruz\"},\"image\":{\"@id\":\"https:\\\/\\\/lospoliticosveracruz.com\\\/#\\\/schema\\\/logo\\\/image\\\/\"},\"sameAs\":[\"https:\\\/\\\/www.facebook.com\\\/people\\\/Notimemes-de-los-Polticos\\\/61565672886568\\\/\",\"https:\\\/\\\/x.com\\\/LosPoliticosVer\"]},{\"@type\":\"Person\",\"@id\":\"https:\\\/\\\/lospoliticosveracruz.com\\\/#\\\/schema\\\/person\\\/b8702bb0e538456e6efd07080bf2a4a2\",\"name\":\"Lo viste en Los Pol\u00edticos\",\"image\":{\"@type\":\"ImageObject\",\"inLanguage\":\"es\",\"@id\":\"https:\\\/\\\/secure.gravatar.com\\\/avatar\\\/3a8de04a2656d44082be478bd6c086daa447c4651605818287b9532d3d0bd435?s=96&d=mm&r=g\",\"url\":\"https:\\\/\\\/secure.gravatar.com\\\/avatar\\\/3a8de04a2656d44082be478bd6c086daa447c4651605818287b9532d3d0bd435?s=96&d=mm&r=g\",\"contentUrl\":\"https:\\\/\\\/secure.gravatar.com\\\/avatar\\\/3a8de04a2656d44082be478bd6c086daa447c4651605818287b9532d3d0bd435?s=96&d=mm&r=g\",\"caption\":\"Lo viste en Los Pol\u00edticos\"},\"url\":\"https:\\\/\\\/lospoliticosveracruz.com\\\/?author=2\"}]}<\/script>\n<!-- \/ Yoast SEO plugin. -->","yoast_head_json":{"title":"FEMINICIDIOS - Los pol\u00edticos Veracruz","robots":{"index":"index","follow":"follow","max-snippet":"max-snippet:-1","max-image-preview":"max-image-preview:large","max-video-preview":"max-video-preview:-1"},"canonical":"https:\/\/lospoliticosveracruz.com\/?p=133494","og_locale":"es_ES","og_type":"article","og_title":"FEMINICIDIOS - Los pol\u00edticos Veracruz","og_description":"Guadalupe H. MarMira Pol\u00edtica TOLERADA IMPUNIDAD \u2026 Con el inicio de un nuevo gobierno estatal en Veracruz, renace la esperanza de que algunas o muchas cosas cambien y, sobre todo, que se revierta la impunidad, ese s\u00edntoma de un Estado ausente que prevaleci\u00f3 en los \u00faltimos seis a\u00f1os, particularmente en los m\u00e1s de 300 casos [&hellip;]","og_url":"https:\/\/lospoliticosveracruz.com\/?p=133494","og_site_name":"Los pol\u00edticos Veracruz","article_publisher":"https:\/\/www.facebook.com\/people\/Notimemes-de-los-Polticos\/61565672886568\/","article_published_time":"2024-12-04T00:55:36+00:00","article_modified_time":"2024-12-04T00:55:49+00:00","og_image":[{"width":1250,"height":667,"url":"https:\/\/lospoliticosveracruz.com\/wp-content\/uploads\/2024\/03\/Lupita-Mar.jpg","type":"image\/jpeg"}],"author":"Lo viste en Los Pol\u00edticos","twitter_card":"summary_large_image","twitter_creator":"@LosPoliticosVer","twitter_site":"@LosPoliticosVer","twitter_misc":{"Escrito por":"Lo viste en Los Pol\u00edticos","Tiempo de lectura":"4 minutos"},"schema":{"@context":"https:\/\/schema.org","@graph":[{"@type":"Article","@id":"https:\/\/lospoliticosveracruz.com\/?p=133494#article","isPartOf":{"@id":"https:\/\/lospoliticosveracruz.com\/?p=133494"},"author":{"name":"Lo viste en Los Pol\u00edticos","@id":"https:\/\/lospoliticosveracruz.com\/#\/schema\/person\/b8702bb0e538456e6efd07080bf2a4a2"},"headline":"FEMINICIDIOS","datePublished":"2024-12-04T00:55:36+00:00","dateModified":"2024-12-04T00:55:49+00:00","mainEntityOfPage":{"@id":"https:\/\/lospoliticosveracruz.com\/?p=133494"},"wordCount":808,"publisher":{"@id":"https:\/\/lospoliticosveracruz.com\/#organization"},"image":{"@id":"https:\/\/lospoliticosveracruz.com\/?p=133494#primaryimage"},"thumbnailUrl":"https:\/\/lospoliticosveracruz.com\/wp-content\/uploads\/2024\/03\/Lupita-Mar.jpg","keywords":["Facultad de Comunicaci\u00f3n de la Universidad Veracruzana","feminicidios","Guadalupe H. Mar"],"articleSection":["De Opini\u00f3n"],"inLanguage":"es"},{"@type":"WebPage","@id":"https:\/\/lospoliticosveracruz.com\/?p=133494","url":"https:\/\/lospoliticosveracruz.com\/?p=133494","name":"FEMINICIDIOS - Los pol\u00edticos Veracruz","isPartOf":{"@id":"https:\/\/lospoliticosveracruz.com\/#website"},"primaryImageOfPage":{"@id":"https:\/\/lospoliticosveracruz.com\/?p=133494#primaryimage"},"image":{"@id":"https:\/\/lospoliticosveracruz.com\/?p=133494#primaryimage"},"thumbnailUrl":"https:\/\/lospoliticosveracruz.com\/wp-content\/uploads\/2024\/03\/Lupita-Mar.jpg","datePublished":"2024-12-04T00:55:36+00:00","dateModified":"2024-12-04T00:55:49+00:00","breadcrumb":{"@id":"https:\/\/lospoliticosveracruz.com\/?p=133494#breadcrumb"},"inLanguage":"es","potentialAction":[{"@type":"ReadAction","target":["https:\/\/lospoliticosveracruz.com\/?p=133494"]}]},{"@type":"ImageObject","inLanguage":"es","@id":"https:\/\/lospoliticosveracruz.com\/?p=133494#primaryimage","url":"https:\/\/lospoliticosveracruz.com\/wp-content\/uploads\/2024\/03\/Lupita-Mar.jpg","contentUrl":"https:\/\/lospoliticosveracruz.com\/wp-content\/uploads\/2024\/03\/Lupita-Mar.jpg","width":1250,"height":667},{"@type":"BreadcrumbList","@id":"https:\/\/lospoliticosveracruz.com\/?p=133494#breadcrumb","itemListElement":[{"@type":"ListItem","position":1,"name":"Portada","item":"https:\/\/lospoliticosveracruz.com\/"},{"@type":"ListItem","position":2,"name":"FEMINICIDIOS"}]},{"@type":"WebSite","@id":"https:\/\/lospoliticosveracruz.com\/#website","url":"https:\/\/lospoliticosveracruz.com\/","name":"Los pol\u00edticos Veracruz","description":"","publisher":{"@id":"https:\/\/lospoliticosveracruz.com\/#organization"},"potentialAction":[{"@type":"SearchAction","target":{"@type":"EntryPoint","urlTemplate":"https:\/\/lospoliticosveracruz.com\/?s={search_term_string}"},"query-input":{"@type":"PropertyValueSpecification","valueRequired":true,"valueName":"search_term_string"}}],"inLanguage":"es"},{"@type":"Organization","@id":"https:\/\/lospoliticosveracruz.com\/#organization","name":"Los pol\u00edticos Veracruz","url":"https:\/\/lospoliticosveracruz.com\/","logo":{"@type":"ImageObject","inLanguage":"es","@id":"https:\/\/lospoliticosveracruz.com\/#\/schema\/logo\/image\/","url":"https:\/\/lospoliticosveracruz.com\/wp-content\/uploads\/2025\/12\/Logo-Nuevo-LOS-POLITICOS-1.jpg","contentUrl":"https:\/\/lospoliticosveracruz.com\/wp-content\/uploads\/2025\/12\/Logo-Nuevo-LOS-POLITICOS-1.jpg","width":260,"height":70,"caption":"Los pol\u00edticos Veracruz"},"image":{"@id":"https:\/\/lospoliticosveracruz.com\/#\/schema\/logo\/image\/"},"sameAs":["https:\/\/www.facebook.com\/people\/Notimemes-de-los-Polticos\/61565672886568\/","https:\/\/x.com\/LosPoliticosVer"]},{"@type":"Person","@id":"https:\/\/lospoliticosveracruz.com\/#\/schema\/person\/b8702bb0e538456e6efd07080bf2a4a2","name":"Lo viste en Los Pol\u00edticos","image":{"@type":"ImageObject","inLanguage":"es","@id":"https:\/\/secure.gravatar.com\/avatar\/3a8de04a2656d44082be478bd6c086daa447c4651605818287b9532d3d0bd435?s=96&d=mm&r=g","url":"https:\/\/secure.gravatar.com\/avatar\/3a8de04a2656d44082be478bd6c086daa447c4651605818287b9532d3d0bd435?s=96&d=mm&r=g","contentUrl":"https:\/\/secure.gravatar.com\/avatar\/3a8de04a2656d44082be478bd6c086daa447c4651605818287b9532d3d0bd435?s=96&d=mm&r=g","caption":"Lo viste en Los Pol\u00edticos"},"url":"https:\/\/lospoliticosveracruz.com\/?author=2"}]}},"_links":{"self":[{"href":"https:\/\/lospoliticosveracruz.com\/index.php?rest_route=\/wp\/v2\/posts\/133494","targetHints":{"allow":["GET"]}}],"collection":[{"href":"https:\/\/lospoliticosveracruz.com\/index.php?rest_route=\/wp\/v2\/posts"}],"about":[{"href":"https:\/\/lospoliticosveracruz.com\/index.php?rest_route=\/wp\/v2\/types\/post"}],"author":[{"embeddable":true,"href":"https:\/\/lospoliticosveracruz.com\/index.php?rest_route=\/wp\/v2\/users\/2"}],"replies":[{"embeddable":true,"href":"https:\/\/lospoliticosveracruz.com\/index.php?rest_route=%2Fwp%2Fv2%2Fcomments&post=133494"}],"version-history":[{"count":1,"href":"https:\/\/lospoliticosveracruz.com\/index.php?rest_route=\/wp\/v2\/posts\/133494\/revisions"}],"predecessor-version":[{"id":133495,"href":"https:\/\/lospoliticosveracruz.com\/index.php?rest_route=\/wp\/v2\/posts\/133494\/revisions\/133495"}],"wp:featuredmedia":[{"embeddable":true,"href":"https:\/\/lospoliticosveracruz.com\/index.php?rest_route=\/wp\/v2\/media\/119929"}],"wp:attachment":[{"href":"https:\/\/lospoliticosveracruz.com\/index.php?rest_route=%2Fwp%2Fv2%2Fmedia&parent=133494"}],"wp:term":[{"taxonomy":"category","embeddable":true,"href":"https:\/\/lospoliticosveracruz.com\/index.php?rest_route=%2Fwp%2Fv2%2Fcategories&post=133494"},{"taxonomy":"post_tag","embeddable":true,"href":"https:\/\/lospoliticosveracruz.com\/index.php?rest_route=%2Fwp%2Fv2%2Ftags&post=133494"}],"curies":[{"name":"wp","href":"https:\/\/api.w.org\/{rel}","templated":true}]}}