{"id":133526,"date":"2024-12-04T07:21:37","date_gmt":"2024-12-04T13:21:37","guid":{"rendered":"https:\/\/lospoliticosveracruz.com.mx\/?p=133526"},"modified":"2024-12-04T07:22:07","modified_gmt":"2024-12-04T13:22:07","slug":"cazarin-en-bienestar-llego-a-barrer-para-atras","status":"publish","type":"post","link":"https:\/\/lospoliticosveracruz.com\/?p=133526","title":{"rendered":"CAZAR\u00cdN EN BIENESTAR: \u00bfLLEG\u00d3 A BARRER PARA ATR\u00c1S?"},"content":{"rendered":"\n<p><strong>Yamiri Rodr\u00edguez Madrid<\/strong><\/p>\n\n\n\n<p><em>La vuelta a Veracruz en un\u00a0teclazo<\/em><\/p>\n\n\n\n<p>Las y los trabajadores de la delegaci\u00f3n federal de Bienestar tienen semanas soportando los vendavales. &nbsp; Primero fue por el jaloneo entre los exdelegados, Manuel Huerta Ladr\u00f3n de Guevara y Daisy&nbsp;Lludmila&nbsp;Mart\u00ednez C\u00e1mara; ahora por la llegada del nuevo titular, el exdiputado Juan Javier G\u00f3mez&nbsp;Cazar\u00edn; solo esperan el&nbsp;sacudid\u00f3n&nbsp;en la n\u00f3mina.<\/p>\n\n\n\n<p>Cuando Manuel Huerta fue a contender por el Senado de&nbsp;la &nbsp;Rep\u00fablica&nbsp;present\u00f3 su renuncia y, en su lugar se nombr\u00f3 a Daisy&nbsp;Lludmila&nbsp;para que no hubiese sobresaltos en la dependencia federal. &nbsp; En octubre decidieron ratificarla en la cargo pues ya conoc\u00eda bien el funcionamiento y, adem\u00e1s, su padre, Lucas Mart\u00ednez, expresidente municipal de J\u00e1ltipan, fue gran amigo del expresidente Andr\u00e9s Manuel L\u00f3pez Obrador, pues fue fundador del Movimiento de Regeneraci\u00f3n Nacional (Morena), en el sur del estado.<\/p>\n\n\n\n<p>Todo iba terso, como cuchillo en mantequilla, hasta que empezaron los desencuentros con las cercanas a su antecesor, al punto que se dec\u00eda que por lo menos una docena de ellas ser\u00edan corridas pues supuestamente cada una de ellas ten\u00eda a otras diez personas cobrando, pero sin trabajar ah\u00ed: aviadores les dicen.<\/p>\n\n\n\n<p>Eso aliment\u00f3 el desencuentro y propici\u00f3 que el gusto de la ratificaci\u00f3n solo le durara unos cuantos d\u00edas y volvieran a poner en el foco al oriundo de Hueyapan de Ocampo para quedarse en el cargo. Y digo, volvieran a poner en el foco porque antes de ratificarla a ella, G\u00f3mez&nbsp;Cazar\u00edn&nbsp;era la primera opci\u00f3n, pero se aceler\u00f3 anunciando el cargo que le iba a dar, que lo pusieron en hielo. Sin embargo, la suerte lo socorri\u00f3 por el nivel del jaloneo entre los otros dos personajes.<\/p>\n\n\n\n<p>Juan Javier G\u00f3mez forma parte de otro grupo pol\u00edtico, de otra tribu. &nbsp;En seis a\u00f1os nunca tuvo afinidad con Manuel Huerta, pero su segundo de abordo es cercano al Senador. &nbsp;Dicen los trabajadores que supuestamente Huerta les dice que no hay de que preocuparse, pues todo seguir\u00e1 igual. &nbsp;Al mismo tiempo se preguntan si&nbsp;Cazar\u00edn&nbsp;s\u00ed se atrever\u00e1 a depurar la n\u00f3mina, como una de sus primeras acciones o el control seguir\u00e1 estando en manos del Senador.<\/p>\n\n\n\n<p>Lo que menos quieren es que salgan unas novias y entren&nbsp;otras\u2026.Se parece tanto a las viejas pr\u00e1cticas del PRI que tanto criticaron&nbsp;que hoy&nbsp;Cazar\u00edn&nbsp;tiene la oportunidad de dar un manotazo y poner la casa en orden.<\/p>\n\n\n\n<p>@YamiriRodr\u00edguez<\/p>\n","protected":false},"excerpt":{"rendered":"<p>Yamiri Rodr\u00edguez Madrid La vuelta a Veracruz en un\u00a0teclazo Las y los trabajadores de la delegaci\u00f3n federal de Bienestar tienen semanas soportando los vendavales. &nbsp; Primero fue por el jaloneo entre los exdelegados, Manuel Huerta Ladr\u00f3n de Guevara y Daisy&nbsp;Lludmila&nbsp;Mart\u00ednez C\u00e1mara; ahora por la llegada del nuevo titular, el exdiputado Juan Javier G\u00f3mez&nbsp;Cazar\u00edn; solo esperan [&hellip;]<\/p>\n","protected":false},"author":2,"featured_media":133405,"comment_status":"closed","ping_status":"closed","sticky":false,"template":"","format":"standard","meta":{"tdm_status":"","tdm_grid_status":"","footnotes":""},"categories":[70],"tags":[12695,1850,1026,3578,195],"class_list":{"0":"post-133526","1":"post","2":"type-post","3":"status-publish","4":"format-standard","5":"has-post-thumbnail","7":"category-de-opinion","8":"tag-juan-javier-gomez-cazarin","9":"tag-manuel-huerta-ladron-de-guevara","10":"tag-morena","11":"tag-rocio-nahle","12":"tag-veracruz"},"yoast_head":"<!-- This site is optimized with the Yoast SEO plugin v27.4 - https:\/\/yoast.com\/product\/yoast-seo-wordpress\/ -->\n<title>CAZAR\u00cdN EN BIENESTAR: \u00bfLLEG\u00d3 A BARRER PARA ATR\u00c1S? - Los pol\u00edticos Veracruz<\/title>\n<meta name=\"robots\" content=\"index, follow, max-snippet:-1, max-image-preview:large, max-video-preview:-1\" \/>\n<link rel=\"canonical\" href=\"https:\/\/lospoliticosveracruz.com\/?p=133526\" \/>\n<meta property=\"og:locale\" content=\"es_ES\" \/>\n<meta property=\"og:type\" content=\"article\" \/>\n<meta property=\"og:title\" content=\"CAZAR\u00cdN EN BIENESTAR: \u00bfLLEG\u00d3 A BARRER PARA ATR\u00c1S? - Los pol\u00edticos Veracruz\" \/>\n<meta property=\"og:description\" content=\"Yamiri Rodr\u00edguez Madrid La vuelta a Veracruz en un\u00a0teclazo Las y los trabajadores de la delegaci\u00f3n federal de Bienestar tienen semanas soportando los vendavales. &nbsp; Primero fue por el jaloneo entre los exdelegados, Manuel Huerta Ladr\u00f3n de Guevara y Daisy&nbsp;Lludmila&nbsp;Mart\u00ednez C\u00e1mara; ahora por la llegada del nuevo titular, el exdiputado Juan Javier G\u00f3mez&nbsp;Cazar\u00edn; solo esperan [&hellip;]\" \/>\n<meta property=\"og:url\" content=\"https:\/\/lospoliticosveracruz.com\/?p=133526\" \/>\n<meta property=\"og:site_name\" content=\"Los pol\u00edticos Veracruz\" \/>\n<meta property=\"article:publisher\" content=\"https:\/\/www.facebook.com\/people\/Notimemes-de-los-Polticos\/61565672886568\/\" \/>\n<meta property=\"article:published_time\" content=\"2024-12-04T13:21:37+00:00\" \/>\n<meta property=\"article:modified_time\" content=\"2024-12-04T13:22:07+00:00\" \/>\n<meta property=\"og:image\" content=\"https:\/\/lospoliticosveracruz.com\/wp-content\/uploads\/2024\/12\/Yamiri.jpg\" \/>\n\t<meta property=\"og:image:width\" content=\"1250\" \/>\n\t<meta property=\"og:image:height\" content=\"667\" \/>\n\t<meta property=\"og:image:type\" content=\"image\/jpeg\" \/>\n<meta name=\"author\" content=\"Lo viste en Los Pol\u00edticos\" \/>\n<meta name=\"twitter:card\" content=\"summary_large_image\" \/>\n<meta name=\"twitter:creator\" content=\"@LosPoliticosVer\" \/>\n<meta name=\"twitter:site\" content=\"@LosPoliticosVer\" \/>\n<meta name=\"twitter:label1\" content=\"Escrito por\" \/>\n\t<meta name=\"twitter:data1\" content=\"Lo viste en Los Pol\u00edticos\" \/>\n\t<meta name=\"twitter:label2\" content=\"Tiempo de lectura\" \/>\n\t<meta name=\"twitter:data2\" content=\"2 minutos\" \/>\n<script type=\"application\/ld+json\" class=\"yoast-schema-graph\">{\"@context\":\"https:\\\/\\\/schema.org\",\"@graph\":[{\"@type\":\"Article\",\"@id\":\"https:\\\/\\\/lospoliticosveracruz.com\\\/?p=133526#article\",\"isPartOf\":{\"@id\":\"https:\\\/\\\/lospoliticosveracruz.com\\\/?p=133526\"},\"author\":{\"name\":\"Lo viste en Los Pol\u00edticos\",\"@id\":\"https:\\\/\\\/lospoliticosveracruz.com\\\/#\\\/schema\\\/person\\\/b8702bb0e538456e6efd07080bf2a4a2\"},\"headline\":\"CAZAR\u00cdN EN BIENESTAR: \u00bfLLEG\u00d3 A BARRER PARA ATR\u00c1S?\",\"datePublished\":\"2024-12-04T13:21:37+00:00\",\"dateModified\":\"2024-12-04T13:22:07+00:00\",\"mainEntityOfPage\":{\"@id\":\"https:\\\/\\\/lospoliticosveracruz.com\\\/?p=133526\"},\"wordCount\":466,\"publisher\":{\"@id\":\"https:\\\/\\\/lospoliticosveracruz.com\\\/#organization\"},\"image\":{\"@id\":\"https:\\\/\\\/lospoliticosveracruz.com\\\/?p=133526#primaryimage\"},\"thumbnailUrl\":\"https:\\\/\\\/lospoliticosveracruz.com\\\/wp-content\\\/uploads\\\/2024\\\/12\\\/Yamiri.jpg\",\"keywords\":[\"Juan Javier G\u00f3mez Cazar\u00edn\",\"Manuel Huerta Ladr\u00f3n de Guevara\",\"Morena\",\"Roc\u00edo Nahle\",\"Veracruz\"],\"articleSection\":[\"De Opini\u00f3n\"],\"inLanguage\":\"es\"},{\"@type\":\"WebPage\",\"@id\":\"https:\\\/\\\/lospoliticosveracruz.com\\\/?p=133526\",\"url\":\"https:\\\/\\\/lospoliticosveracruz.com\\\/?p=133526\",\"name\":\"CAZAR\u00cdN EN BIENESTAR: \u00bfLLEG\u00d3 A BARRER PARA ATR\u00c1S? - Los pol\u00edticos Veracruz\",\"isPartOf\":{\"@id\":\"https:\\\/\\\/lospoliticosveracruz.com\\\/#website\"},\"primaryImageOfPage\":{\"@id\":\"https:\\\/\\\/lospoliticosveracruz.com\\\/?p=133526#primaryimage\"},\"image\":{\"@id\":\"https:\\\/\\\/lospoliticosveracruz.com\\\/?p=133526#primaryimage\"},\"thumbnailUrl\":\"https:\\\/\\\/lospoliticosveracruz.com\\\/wp-content\\\/uploads\\\/2024\\\/12\\\/Yamiri.jpg\",\"datePublished\":\"2024-12-04T13:21:37+00:00\",\"dateModified\":\"2024-12-04T13:22:07+00:00\",\"breadcrumb\":{\"@id\":\"https:\\\/\\\/lospoliticosveracruz.com\\\/?p=133526#breadcrumb\"},\"inLanguage\":\"es\",\"potentialAction\":[{\"@type\":\"ReadAction\",\"target\":[\"https:\\\/\\\/lospoliticosveracruz.com\\\/?p=133526\"]}]},{\"@type\":\"ImageObject\",\"inLanguage\":\"es\",\"@id\":\"https:\\\/\\\/lospoliticosveracruz.com\\\/?p=133526#primaryimage\",\"url\":\"https:\\\/\\\/lospoliticosveracruz.com\\\/wp-content\\\/uploads\\\/2024\\\/12\\\/Yamiri.jpg\",\"contentUrl\":\"https:\\\/\\\/lospoliticosveracruz.com\\\/wp-content\\\/uploads\\\/2024\\\/12\\\/Yamiri.jpg\",\"width\":1250,\"height\":667},{\"@type\":\"BreadcrumbList\",\"@id\":\"https:\\\/\\\/lospoliticosveracruz.com\\\/?p=133526#breadcrumb\",\"itemListElement\":[{\"@type\":\"ListItem\",\"position\":1,\"name\":\"Portada\",\"item\":\"https:\\\/\\\/lospoliticosveracruz.com\\\/\"},{\"@type\":\"ListItem\",\"position\":2,\"name\":\"CAZAR\u00cdN EN BIENESTAR: \u00bfLLEG\u00d3 A BARRER PARA ATR\u00c1S?\"}]},{\"@type\":\"WebSite\",\"@id\":\"https:\\\/\\\/lospoliticosveracruz.com\\\/#website\",\"url\":\"https:\\\/\\\/lospoliticosveracruz.com\\\/\",\"name\":\"Los pol\u00edticos Veracruz\",\"description\":\"\",\"publisher\":{\"@id\":\"https:\\\/\\\/lospoliticosveracruz.com\\\/#organization\"},\"potentialAction\":[{\"@type\":\"SearchAction\",\"target\":{\"@type\":\"EntryPoint\",\"urlTemplate\":\"https:\\\/\\\/lospoliticosveracruz.com\\\/?s={search_term_string}\"},\"query-input\":{\"@type\":\"PropertyValueSpecification\",\"valueRequired\":true,\"valueName\":\"search_term_string\"}}],\"inLanguage\":\"es\"},{\"@type\":\"Organization\",\"@id\":\"https:\\\/\\\/lospoliticosveracruz.com\\\/#organization\",\"name\":\"Los pol\u00edticos Veracruz\",\"url\":\"https:\\\/\\\/lospoliticosveracruz.com\\\/\",\"logo\":{\"@type\":\"ImageObject\",\"inLanguage\":\"es\",\"@id\":\"https:\\\/\\\/lospoliticosveracruz.com\\\/#\\\/schema\\\/logo\\\/image\\\/\",\"url\":\"https:\\\/\\\/lospoliticosveracruz.com\\\/wp-content\\\/uploads\\\/2025\\\/12\\\/Logo-Nuevo-LOS-POLITICOS-1.jpg\",\"contentUrl\":\"https:\\\/\\\/lospoliticosveracruz.com\\\/wp-content\\\/uploads\\\/2025\\\/12\\\/Logo-Nuevo-LOS-POLITICOS-1.jpg\",\"width\":260,\"height\":70,\"caption\":\"Los pol\u00edticos Veracruz\"},\"image\":{\"@id\":\"https:\\\/\\\/lospoliticosveracruz.com\\\/#\\\/schema\\\/logo\\\/image\\\/\"},\"sameAs\":[\"https:\\\/\\\/www.facebook.com\\\/people\\\/Notimemes-de-los-Polticos\\\/61565672886568\\\/\",\"https:\\\/\\\/x.com\\\/LosPoliticosVer\"]},{\"@type\":\"Person\",\"@id\":\"https:\\\/\\\/lospoliticosveracruz.com\\\/#\\\/schema\\\/person\\\/b8702bb0e538456e6efd07080bf2a4a2\",\"name\":\"Lo viste en Los Pol\u00edticos\",\"image\":{\"@type\":\"ImageObject\",\"inLanguage\":\"es\",\"@id\":\"https:\\\/\\\/secure.gravatar.com\\\/avatar\\\/3a8de04a2656d44082be478bd6c086daa447c4651605818287b9532d3d0bd435?s=96&d=mm&r=g\",\"url\":\"https:\\\/\\\/secure.gravatar.com\\\/avatar\\\/3a8de04a2656d44082be478bd6c086daa447c4651605818287b9532d3d0bd435?s=96&d=mm&r=g\",\"contentUrl\":\"https:\\\/\\\/secure.gravatar.com\\\/avatar\\\/3a8de04a2656d44082be478bd6c086daa447c4651605818287b9532d3d0bd435?s=96&d=mm&r=g\",\"caption\":\"Lo viste en Los Pol\u00edticos\"},\"url\":\"https:\\\/\\\/lospoliticosveracruz.com\\\/?author=2\"}]}<\/script>\n<!-- \/ Yoast SEO plugin. -->","yoast_head_json":{"title":"CAZAR\u00cdN EN BIENESTAR: \u00bfLLEG\u00d3 A BARRER PARA ATR\u00c1S? - Los pol\u00edticos Veracruz","robots":{"index":"index","follow":"follow","max-snippet":"max-snippet:-1","max-image-preview":"max-image-preview:large","max-video-preview":"max-video-preview:-1"},"canonical":"https:\/\/lospoliticosveracruz.com\/?p=133526","og_locale":"es_ES","og_type":"article","og_title":"CAZAR\u00cdN EN BIENESTAR: \u00bfLLEG\u00d3 A BARRER PARA ATR\u00c1S? - Los pol\u00edticos Veracruz","og_description":"Yamiri Rodr\u00edguez Madrid La vuelta a Veracruz en un\u00a0teclazo Las y los trabajadores de la delegaci\u00f3n federal de Bienestar tienen semanas soportando los vendavales. &nbsp; Primero fue por el jaloneo entre los exdelegados, Manuel Huerta Ladr\u00f3n de Guevara y Daisy&nbsp;Lludmila&nbsp;Mart\u00ednez C\u00e1mara; ahora por la llegada del nuevo titular, el exdiputado Juan Javier G\u00f3mez&nbsp;Cazar\u00edn; solo esperan [&hellip;]","og_url":"https:\/\/lospoliticosveracruz.com\/?p=133526","og_site_name":"Los pol\u00edticos Veracruz","article_publisher":"https:\/\/www.facebook.com\/people\/Notimemes-de-los-Polticos\/61565672886568\/","article_published_time":"2024-12-04T13:21:37+00:00","article_modified_time":"2024-12-04T13:22:07+00:00","og_image":[{"width":1250,"height":667,"url":"https:\/\/lospoliticosveracruz.com\/wp-content\/uploads\/2024\/12\/Yamiri.jpg","type":"image\/jpeg"}],"author":"Lo viste en Los Pol\u00edticos","twitter_card":"summary_large_image","twitter_creator":"@LosPoliticosVer","twitter_site":"@LosPoliticosVer","twitter_misc":{"Escrito por":"Lo viste en Los Pol\u00edticos","Tiempo de lectura":"2 minutos"},"schema":{"@context":"https:\/\/schema.org","@graph":[{"@type":"Article","@id":"https:\/\/lospoliticosveracruz.com\/?p=133526#article","isPartOf":{"@id":"https:\/\/lospoliticosveracruz.com\/?p=133526"},"author":{"name":"Lo viste en Los Pol\u00edticos","@id":"https:\/\/lospoliticosveracruz.com\/#\/schema\/person\/b8702bb0e538456e6efd07080bf2a4a2"},"headline":"CAZAR\u00cdN EN BIENESTAR: \u00bfLLEG\u00d3 A BARRER PARA ATR\u00c1S?","datePublished":"2024-12-04T13:21:37+00:00","dateModified":"2024-12-04T13:22:07+00:00","mainEntityOfPage":{"@id":"https:\/\/lospoliticosveracruz.com\/?p=133526"},"wordCount":466,"publisher":{"@id":"https:\/\/lospoliticosveracruz.com\/#organization"},"image":{"@id":"https:\/\/lospoliticosveracruz.com\/?p=133526#primaryimage"},"thumbnailUrl":"https:\/\/lospoliticosveracruz.com\/wp-content\/uploads\/2024\/12\/Yamiri.jpg","keywords":["Juan Javier G\u00f3mez Cazar\u00edn","Manuel Huerta Ladr\u00f3n de Guevara","Morena","Roc\u00edo Nahle","Veracruz"],"articleSection":["De Opini\u00f3n"],"inLanguage":"es"},{"@type":"WebPage","@id":"https:\/\/lospoliticosveracruz.com\/?p=133526","url":"https:\/\/lospoliticosveracruz.com\/?p=133526","name":"CAZAR\u00cdN EN BIENESTAR: \u00bfLLEG\u00d3 A BARRER PARA ATR\u00c1S? - Los pol\u00edticos Veracruz","isPartOf":{"@id":"https:\/\/lospoliticosveracruz.com\/#website"},"primaryImageOfPage":{"@id":"https:\/\/lospoliticosveracruz.com\/?p=133526#primaryimage"},"image":{"@id":"https:\/\/lospoliticosveracruz.com\/?p=133526#primaryimage"},"thumbnailUrl":"https:\/\/lospoliticosveracruz.com\/wp-content\/uploads\/2024\/12\/Yamiri.jpg","datePublished":"2024-12-04T13:21:37+00:00","dateModified":"2024-12-04T13:22:07+00:00","breadcrumb":{"@id":"https:\/\/lospoliticosveracruz.com\/?p=133526#breadcrumb"},"inLanguage":"es","potentialAction":[{"@type":"ReadAction","target":["https:\/\/lospoliticosveracruz.com\/?p=133526"]}]},{"@type":"ImageObject","inLanguage":"es","@id":"https:\/\/lospoliticosveracruz.com\/?p=133526#primaryimage","url":"https:\/\/lospoliticosveracruz.com\/wp-content\/uploads\/2024\/12\/Yamiri.jpg","contentUrl":"https:\/\/lospoliticosveracruz.com\/wp-content\/uploads\/2024\/12\/Yamiri.jpg","width":1250,"height":667},{"@type":"BreadcrumbList","@id":"https:\/\/lospoliticosveracruz.com\/?p=133526#breadcrumb","itemListElement":[{"@type":"ListItem","position":1,"name":"Portada","item":"https:\/\/lospoliticosveracruz.com\/"},{"@type":"ListItem","position":2,"name":"CAZAR\u00cdN EN BIENESTAR: \u00bfLLEG\u00d3 A BARRER PARA ATR\u00c1S?"}]},{"@type":"WebSite","@id":"https:\/\/lospoliticosveracruz.com\/#website","url":"https:\/\/lospoliticosveracruz.com\/","name":"Los pol\u00edticos Veracruz","description":"","publisher":{"@id":"https:\/\/lospoliticosveracruz.com\/#organization"},"potentialAction":[{"@type":"SearchAction","target":{"@type":"EntryPoint","urlTemplate":"https:\/\/lospoliticosveracruz.com\/?s={search_term_string}"},"query-input":{"@type":"PropertyValueSpecification","valueRequired":true,"valueName":"search_term_string"}}],"inLanguage":"es"},{"@type":"Organization","@id":"https:\/\/lospoliticosveracruz.com\/#organization","name":"Los pol\u00edticos Veracruz","url":"https:\/\/lospoliticosveracruz.com\/","logo":{"@type":"ImageObject","inLanguage":"es","@id":"https:\/\/lospoliticosveracruz.com\/#\/schema\/logo\/image\/","url":"https:\/\/lospoliticosveracruz.com\/wp-content\/uploads\/2025\/12\/Logo-Nuevo-LOS-POLITICOS-1.jpg","contentUrl":"https:\/\/lospoliticosveracruz.com\/wp-content\/uploads\/2025\/12\/Logo-Nuevo-LOS-POLITICOS-1.jpg","width":260,"height":70,"caption":"Los pol\u00edticos Veracruz"},"image":{"@id":"https:\/\/lospoliticosveracruz.com\/#\/schema\/logo\/image\/"},"sameAs":["https:\/\/www.facebook.com\/people\/Notimemes-de-los-Polticos\/61565672886568\/","https:\/\/x.com\/LosPoliticosVer"]},{"@type":"Person","@id":"https:\/\/lospoliticosveracruz.com\/#\/schema\/person\/b8702bb0e538456e6efd07080bf2a4a2","name":"Lo viste en Los Pol\u00edticos","image":{"@type":"ImageObject","inLanguage":"es","@id":"https:\/\/secure.gravatar.com\/avatar\/3a8de04a2656d44082be478bd6c086daa447c4651605818287b9532d3d0bd435?s=96&d=mm&r=g","url":"https:\/\/secure.gravatar.com\/avatar\/3a8de04a2656d44082be478bd6c086daa447c4651605818287b9532d3d0bd435?s=96&d=mm&r=g","contentUrl":"https:\/\/secure.gravatar.com\/avatar\/3a8de04a2656d44082be478bd6c086daa447c4651605818287b9532d3d0bd435?s=96&d=mm&r=g","caption":"Lo viste en Los Pol\u00edticos"},"url":"https:\/\/lospoliticosveracruz.com\/?author=2"}]}},"_links":{"self":[{"href":"https:\/\/lospoliticosveracruz.com\/index.php?rest_route=\/wp\/v2\/posts\/133526","targetHints":{"allow":["GET"]}}],"collection":[{"href":"https:\/\/lospoliticosveracruz.com\/index.php?rest_route=\/wp\/v2\/posts"}],"about":[{"href":"https:\/\/lospoliticosveracruz.com\/index.php?rest_route=\/wp\/v2\/types\/post"}],"author":[{"embeddable":true,"href":"https:\/\/lospoliticosveracruz.com\/index.php?rest_route=\/wp\/v2\/users\/2"}],"replies":[{"embeddable":true,"href":"https:\/\/lospoliticosveracruz.com\/index.php?rest_route=%2Fwp%2Fv2%2Fcomments&post=133526"}],"version-history":[{"count":1,"href":"https:\/\/lospoliticosveracruz.com\/index.php?rest_route=\/wp\/v2\/posts\/133526\/revisions"}],"predecessor-version":[{"id":133528,"href":"https:\/\/lospoliticosveracruz.com\/index.php?rest_route=\/wp\/v2\/posts\/133526\/revisions\/133528"}],"wp:featuredmedia":[{"embeddable":true,"href":"https:\/\/lospoliticosveracruz.com\/index.php?rest_route=\/wp\/v2\/media\/133405"}],"wp:attachment":[{"href":"https:\/\/lospoliticosveracruz.com\/index.php?rest_route=%2Fwp%2Fv2%2Fmedia&parent=133526"}],"wp:term":[{"taxonomy":"category","embeddable":true,"href":"https:\/\/lospoliticosveracruz.com\/index.php?rest_route=%2Fwp%2Fv2%2Fcategories&post=133526"},{"taxonomy":"post_tag","embeddable":true,"href":"https:\/\/lospoliticosveracruz.com\/index.php?rest_route=%2Fwp%2Fv2%2Ftags&post=133526"}],"curies":[{"name":"wp","href":"https:\/\/api.w.org\/{rel}","templated":true}]}}