{"id":133582,"date":"2024-12-04T21:49:32","date_gmt":"2024-12-05T03:49:32","guid":{"rendered":"https:\/\/lospoliticosveracruz.com.mx\/?p=133582"},"modified":"2024-12-04T21:49:42","modified_gmt":"2024-12-05T03:49:42","slug":"revanchas-o-nuevas-oportunidades","status":"publish","type":"post","link":"https:\/\/lospoliticosveracruz.com\/?p=133582","title":{"rendered":"REVANCHAS O NUEVAS OPORTUNIDADES"},"content":{"rendered":"\n<p><strong>Manolo Victorio<br><\/strong><\/p>\n\n\n\n<p><em>Carpe Diem<br><\/em><\/p>\n\n\n\n<p>La salida intempestiva de Leslie M\u00f3nica Garibo Puga de la Contralor\u00eda General del Estado, la noche del viernes 13 de septiembre del 2019, se cocin\u00f3 desde el mediod\u00eda en Casa Veracruz, donde Cuitl\u00e1huac Garc\u00eda Jim\u00e9nez le habr\u00eda ordenado retractarse en dos temas.<br>El primero, relacionado con la denuncia (CGE\/922\/2019) que la propia titular de la CGE interpuso finalmente contra Miguel \u00c1ngel Vega Garc\u00eda, sembrado por Eric Patrocinio Cisneros Burgos como director general de Transparencia, Anticorrupci\u00f3n y Funci\u00f3n P\u00fablica, pese a una cauda de sospechas por la llamada \u2018Estafa Maestra\u2019 que llev\u00f3 a Rosario Robles en la c\u00e1rcel a principios del obradorato.<\/p>\n\n\n<div class=\"wp-block-image\">\n<figure class=\"alignleft size-medium\"><a href=\"https:\/\/lospoliticosveracruz.com.mx\/wp-content\/uploads\/2021\/10\/WhatsApp-Image-2021-10-02-at-15.20.25.jpeg\"><img loading=\"lazy\" decoding=\"async\" width=\"212\" height=\"300\" src=\"https:\/\/lospoliticosveracruz.com.mx\/wp-content\/uploads\/2021\/10\/WhatsApp-Image-2021-10-02-at-15.20.25-212x300.jpeg\" alt=\"\" class=\"wp-image-80177\" srcset=\"https:\/\/lospoliticosveracruz.com\/wp-content\/uploads\/2021\/10\/WhatsApp-Image-2021-10-02-at-15.20.25-212x300.jpeg 212w, https:\/\/lospoliticosveracruz.com\/wp-content\/uploads\/2021\/10\/WhatsApp-Image-2021-10-02-at-15.20.25-724x1024.jpeg 724w, https:\/\/lospoliticosveracruz.com\/wp-content\/uploads\/2021\/10\/WhatsApp-Image-2021-10-02-at-15.20.25-768x1086.jpeg 768w, https:\/\/lospoliticosveracruz.com\/wp-content\/uploads\/2021\/10\/WhatsApp-Image-2021-10-02-at-15.20.25.jpeg 905w\" sizes=\"auto, (max-width: 212px) 100vw, 212px\" \/><\/a><\/figure>\n<\/div>\n\n\n<p><br>La segunda tuvo que ver con el arrendamiento de las patrullas de la Secretaria de Seguridad P\u00fablica, acci\u00f3n que no convenci\u00f3 a la contralora, ni a quien la recomend\u00f3 para el puesto, la entonces titular de la Secretaria de Energ\u00eda, Norma Roc\u00edo Nahle Garc\u00eda, hoy gobernadora 85 en la historia pol\u00edtica de Veracruz.<br>Y como dir\u00eda alguna vez el t\u00e9cnico del Atl\u00e9tico de Madrid, Diego \u2018El cholo\u2019 Simeone, \u201cen el f\u00fatbol, como en la vida, no hay revanchas. Hay nuevas oportunidades\u201d, hoy Leslie M\u00f3nica puede erigirse en vengadora, con el garrote de la ley en la mano, de afrentas pasadas en el inicio del sexenio cuitlahuista o en una adecuaci\u00f3n de los nuevos tiempos que corren, corregir desde la Fiscal\u00eda General del Estado la proclividad machista hacia la violencia por cuesti\u00f3n de g\u00e9nero que ella misma sufri\u00f3.<br>El tiempo de mujeres, esgrimido en el discurso actual podr\u00eda materializarse con el imperio de la procuraci\u00f3n de justicia, maquillaje afor\u00edstico que oculta la vieja conseja popular de &#8216;los carniceros de hoy ser\u00e1n las reses del ma\u00f1ana&#8217;.<br>Y en esta rueda de la fortuna de altas y bajas en el ejercicio del poder, la propia Leslie M\u00f3nica debe tener fresca la memoria del desencuentro con su jefe, a quien no le dio la satisfacci\u00f3n de correrla del gabinete. Ella redact\u00f3 su renuncia y la dej\u00f3 en el escritorio de Cuitl\u00e1huac Garc\u00eda Jim\u00e9nez, con el redoble de los tambores militares en los ensayos previos a la noche del grito en ese 2019.<br>La exclusi\u00f3n de Leslie M\u00f3nica Garibo Puga del para\u00edso cuitlahuista fue el primer desaire directo contra Norma Roc\u00edo Nahle, quien hab\u00eda sembrado sus piezas para armar la estructura que le permitiera llegar a la gubernatura, empresa coronada con \u00e9xito pese a las zancadillas de oscuros personajes que ahora forman parte de la horda de apestados a quienes el precepto b\u00edblico les recomienda que m\u00e1s les le valdr\u00eda se colgaran una piedra de molino al cuello y se hundieran en el mar.<br>En el destierro involuntario, Leslie Norma Garibo Puga se fue a la CDMX, ah\u00ed cuando hac\u00eda antesala en la oficina de Irma Er\u00e9ndira Sandoval, a la saz\u00f3n titular de la Secretar\u00eda de la Funci\u00f3n P\u00fablica (2018-2021), quien le habr\u00eda ofrecido irse como contralora en por lo menos dos estados disponibles, recibi\u00f3 un telefonazo.<br>\u00bfD\u00f3nde est\u00e1s?<br>El resto es historia, Leslie M\u00f3nica Garibo Puga \u2018cay\u00f3 para arriba\u2019 al ser designada por Roc\u00edo Nahle Garc\u00eda como titular de la Jefatura de Unidad de Asuntos Jur\u00eddicos de la SENER.<br>Desde esa posici\u00f3n contribuy\u00f3 a la compra de la primera refiner\u00eda mexicana en suelo gringo, Deer Park, en Texas, adquirida en 2022 a la petrolera Shell en 600 millones de d\u00f3lares.<br>Los colaboradores de la abogada Garibo sostienen que, desde su oficina, se confeccionaron algunas l\u00edneas de acci\u00f3n que hoy aterrizan en la llamada reforma al poder judicial, concretamente en la elecci\u00f3n de jueces, ministros y magistrados, proyectada constitucionalmente para el primer domingo de junio del 2025.<br>Las cartas credenciales que trae Leslie Garibo est\u00e1n m\u00e1s que sometidas a la prueba del escrutinio del profesionalismo.<br>La cercan\u00eda con la gobernadora Nahle s\u00f3lo ser\u00eda la guinda del pastel.<br>Adem\u00e1s, es tiempo de mujeres.<br>Ah\u00ed est\u00e1, como respaldo hemerogr\u00e1fico, el discurso del domingo 1 de diciembre, desde La Plazoleta Lerdo: \u201cquiero enviar un mensaje a todas las mujeres veracruzanas, a nuestras abuelas, madres, hijas, nietas y todas las ni\u00f1as, decirles que s\u00ed se puede, (\u2026) para que nunca m\u00e1s en Veracruz haya discriminaci\u00f3n en cualquier sentido por g\u00e9nero, por origen, etnia, credo o pensamiento\u201d.<br>Y el remache, aplicado a los nuevos tiempos de la pol\u00edtica, acentuados con el aroma de mujer: \u201cEn Veracruz y en M\u00e9xico las mujeres somos libres, somos fuertes, somos capaces y tambi\u00e9n por nuestra esencia femenina, somos bellas\u2026\u201d<br>\u2026 de otro costal.<br>Apenas transcurre la primera semana en el sexenio Nhalista y bajo la epidermis de la tranquilidad pol\u00edtica y las formas que debieran respetar el goce y disfrute del tiempo de la gobernadora, se libran batallas intestinas por las nominaciones a las candidaturas en los 212 municipios.<br>La geopol\u00edtica no descansa. Depende del municipio la correlatividad de las pasiones es directamente proporcional con la importancia de la alcald\u00eda.<br>En Paso de Ovejas, el alcalde morenista Mario Mafara Ram\u00edrez, primo Adolfo Ram\u00edrez Arana, dirigente de lo que queda del PRI, quiere imponer a su hijo Luis Felipe Mafara Romero, como candidato a la presidencia municipal en la alianza Morena-PT-PVEM, pese a la advertencia de la jefa pol\u00edtica Nahle de que en Morena no se permitir\u00e1 heredar puestos a familiares directos.<br>Ante la inviabilidad de heredar la silla municipal, el alcalde maniobra para imponer a Pamela Isidoro Cervantes, oriunda de Tolome, como candidata de la posible alianza Morena-PT-PVEM.<br>Otro personaje encartado es Uriel Peralta, por Movimiento Ciudadano, a quien los pobladores tachan de arrogante y soberbio.<br>Quien podr\u00eda ser factor ganador es el abogado y profesor del COBAEV, Josiel Acosta Moreno, apuntalado por el sindicato magisterial y la filia de la presidenta de la mesa directiva de la 67 Legislatura, Tanya Carola Viveros Ch\u00e1zaro.<br>Acosta Moreno, viene caminando hace ya 20 a\u00f1os y ha tenido funciones municipales tambi\u00e9n, adem\u00e1s de la actividad docente.<br>El profesor, arropado por un amplio sector poblacional de Paso de Ovejas, trabaja con su A.C. \u00abJuntos Avanzamos\u201d, confiado en ganar la encuesta interna de Morena.<br>La base simpatizante amenaza con armar un zipizape si detectan alguna triqui\u00f1uela armada por el alcalde Mafara.<br>En todas partes se cuecen habas; pero en Paso de Ovejas, a comaladas, seg\u00fan el radar de los visores pol\u00edticos que perciben a priori las trampas del alcalde.<br>columnacarpediem@gmail.com<\/p>\n","protected":false},"excerpt":{"rendered":"<p>Manolo Victorio Carpe Diem La salida intempestiva de Leslie M\u00f3nica Garibo Puga de la Contralor\u00eda General del Estado, la noche del viernes 13 de septiembre del 2019, se cocin\u00f3 desde el mediod\u00eda en Casa Veracruz, donde Cuitl\u00e1huac Garc\u00eda Jim\u00e9nez le habr\u00eda ordenado retractarse en dos temas.El primero, relacionado con la denuncia (CGE\/922\/2019) que la propia [&hellip;]<\/p>\n","protected":false},"author":2,"featured_media":119925,"comment_status":"closed","ping_status":"closed","sticky":false,"template":"","format":"standard","meta":{"tdm_status":"","tdm_grid_status":"","footnotes":""},"categories":[70],"tags":[14547,28396],"class_list":{"0":"post-133582","1":"post","2":"type-post","3":"status-publish","4":"format-standard","5":"has-post-thumbnail","7":"category-de-opinion","8":"tag-leslie-monica-garibo-puga","9":"tag-manolo-victorio"},"yoast_head":"<!-- This site is optimized with the Yoast SEO plugin v27.4 - https:\/\/yoast.com\/product\/yoast-seo-wordpress\/ -->\n<title>REVANCHAS O NUEVAS OPORTUNIDADES - Los pol\u00edticos Veracruz<\/title>\n<meta name=\"robots\" content=\"index, follow, max-snippet:-1, max-image-preview:large, max-video-preview:-1\" \/>\n<link rel=\"canonical\" href=\"https:\/\/lospoliticosveracruz.com\/?p=133582\" \/>\n<meta property=\"og:locale\" content=\"es_ES\" \/>\n<meta property=\"og:type\" content=\"article\" \/>\n<meta property=\"og:title\" content=\"REVANCHAS O NUEVAS OPORTUNIDADES - Los pol\u00edticos Veracruz\" \/>\n<meta property=\"og:description\" content=\"Manolo Victorio Carpe Diem La salida intempestiva de Leslie M\u00f3nica Garibo Puga de la Contralor\u00eda General del Estado, la noche del viernes 13 de septiembre del 2019, se cocin\u00f3 desde el mediod\u00eda en Casa Veracruz, donde Cuitl\u00e1huac Garc\u00eda Jim\u00e9nez le habr\u00eda ordenado retractarse en dos temas.El primero, relacionado con la denuncia (CGE\/922\/2019) que la propia [&hellip;]\" \/>\n<meta property=\"og:url\" content=\"https:\/\/lospoliticosveracruz.com\/?p=133582\" \/>\n<meta property=\"og:site_name\" content=\"Los pol\u00edticos Veracruz\" \/>\n<meta property=\"article:publisher\" content=\"https:\/\/www.facebook.com\/people\/Notimemes-de-los-Polticos\/61565672886568\/\" \/>\n<meta property=\"article:published_time\" content=\"2024-12-05T03:49:32+00:00\" \/>\n<meta property=\"article:modified_time\" content=\"2024-12-05T03:49:42+00:00\" \/>\n<meta property=\"og:image\" content=\"https:\/\/lospoliticosveracruz.com\/wp-content\/uploads\/2024\/03\/Manolo-Victorio.jpg\" \/>\n\t<meta property=\"og:image:width\" content=\"1250\" \/>\n\t<meta property=\"og:image:height\" content=\"667\" \/>\n\t<meta property=\"og:image:type\" content=\"image\/jpeg\" \/>\n<meta name=\"author\" content=\"Lo viste en Los Pol\u00edticos\" \/>\n<meta name=\"twitter:card\" content=\"summary_large_image\" \/>\n<meta name=\"twitter:creator\" content=\"@LosPoliticosVer\" \/>\n<meta name=\"twitter:site\" content=\"@LosPoliticosVer\" \/>\n<meta name=\"twitter:label1\" content=\"Escrito por\" \/>\n\t<meta name=\"twitter:data1\" content=\"Lo viste en Los Pol\u00edticos\" \/>\n\t<meta name=\"twitter:label2\" content=\"Tiempo de lectura\" \/>\n\t<meta name=\"twitter:data2\" content=\"6 minutos\" \/>\n<script type=\"application\/ld+json\" class=\"yoast-schema-graph\">{\"@context\":\"https:\\\/\\\/schema.org\",\"@graph\":[{\"@type\":\"Article\",\"@id\":\"https:\\\/\\\/lospoliticosveracruz.com\\\/?p=133582#article\",\"isPartOf\":{\"@id\":\"https:\\\/\\\/lospoliticosveracruz.com\\\/?p=133582\"},\"author\":{\"name\":\"Lo viste en Los Pol\u00edticos\",\"@id\":\"https:\\\/\\\/lospoliticosveracruz.com\\\/#\\\/schema\\\/person\\\/b8702bb0e538456e6efd07080bf2a4a2\"},\"headline\":\"REVANCHAS O NUEVAS OPORTUNIDADES\",\"datePublished\":\"2024-12-05T03:49:32+00:00\",\"dateModified\":\"2024-12-05T03:49:42+00:00\",\"mainEntityOfPage\":{\"@id\":\"https:\\\/\\\/lospoliticosveracruz.com\\\/?p=133582\"},\"wordCount\":1122,\"publisher\":{\"@id\":\"https:\\\/\\\/lospoliticosveracruz.com\\\/#organization\"},\"image\":{\"@id\":\"https:\\\/\\\/lospoliticosveracruz.com\\\/?p=133582#primaryimage\"},\"thumbnailUrl\":\"https:\\\/\\\/lospoliticosveracruz.com\\\/wp-content\\\/uploads\\\/2024\\\/03\\\/Manolo-Victorio.jpg\",\"keywords\":[\"Leslie M\u00f3nica Garibo Puga\",\"Manolo Victorio\"],\"articleSection\":[\"De Opini\u00f3n\"],\"inLanguage\":\"es\"},{\"@type\":\"WebPage\",\"@id\":\"https:\\\/\\\/lospoliticosveracruz.com\\\/?p=133582\",\"url\":\"https:\\\/\\\/lospoliticosveracruz.com\\\/?p=133582\",\"name\":\"REVANCHAS O NUEVAS OPORTUNIDADES - Los pol\u00edticos Veracruz\",\"isPartOf\":{\"@id\":\"https:\\\/\\\/lospoliticosveracruz.com\\\/#website\"},\"primaryImageOfPage\":{\"@id\":\"https:\\\/\\\/lospoliticosveracruz.com\\\/?p=133582#primaryimage\"},\"image\":{\"@id\":\"https:\\\/\\\/lospoliticosveracruz.com\\\/?p=133582#primaryimage\"},\"thumbnailUrl\":\"https:\\\/\\\/lospoliticosveracruz.com\\\/wp-content\\\/uploads\\\/2024\\\/03\\\/Manolo-Victorio.jpg\",\"datePublished\":\"2024-12-05T03:49:32+00:00\",\"dateModified\":\"2024-12-05T03:49:42+00:00\",\"breadcrumb\":{\"@id\":\"https:\\\/\\\/lospoliticosveracruz.com\\\/?p=133582#breadcrumb\"},\"inLanguage\":\"es\",\"potentialAction\":[{\"@type\":\"ReadAction\",\"target\":[\"https:\\\/\\\/lospoliticosveracruz.com\\\/?p=133582\"]}]},{\"@type\":\"ImageObject\",\"inLanguage\":\"es\",\"@id\":\"https:\\\/\\\/lospoliticosveracruz.com\\\/?p=133582#primaryimage\",\"url\":\"https:\\\/\\\/lospoliticosveracruz.com\\\/wp-content\\\/uploads\\\/2024\\\/03\\\/Manolo-Victorio.jpg\",\"contentUrl\":\"https:\\\/\\\/lospoliticosveracruz.com\\\/wp-content\\\/uploads\\\/2024\\\/03\\\/Manolo-Victorio.jpg\",\"width\":1250,\"height\":667},{\"@type\":\"BreadcrumbList\",\"@id\":\"https:\\\/\\\/lospoliticosveracruz.com\\\/?p=133582#breadcrumb\",\"itemListElement\":[{\"@type\":\"ListItem\",\"position\":1,\"name\":\"Portada\",\"item\":\"https:\\\/\\\/lospoliticosveracruz.com\\\/\"},{\"@type\":\"ListItem\",\"position\":2,\"name\":\"REVANCHAS O NUEVAS OPORTUNIDADES\"}]},{\"@type\":\"WebSite\",\"@id\":\"https:\\\/\\\/lospoliticosveracruz.com\\\/#website\",\"url\":\"https:\\\/\\\/lospoliticosveracruz.com\\\/\",\"name\":\"Los pol\u00edticos Veracruz\",\"description\":\"\",\"publisher\":{\"@id\":\"https:\\\/\\\/lospoliticosveracruz.com\\\/#organization\"},\"potentialAction\":[{\"@type\":\"SearchAction\",\"target\":{\"@type\":\"EntryPoint\",\"urlTemplate\":\"https:\\\/\\\/lospoliticosveracruz.com\\\/?s={search_term_string}\"},\"query-input\":{\"@type\":\"PropertyValueSpecification\",\"valueRequired\":true,\"valueName\":\"search_term_string\"}}],\"inLanguage\":\"es\"},{\"@type\":\"Organization\",\"@id\":\"https:\\\/\\\/lospoliticosveracruz.com\\\/#organization\",\"name\":\"Los pol\u00edticos Veracruz\",\"url\":\"https:\\\/\\\/lospoliticosveracruz.com\\\/\",\"logo\":{\"@type\":\"ImageObject\",\"inLanguage\":\"es\",\"@id\":\"https:\\\/\\\/lospoliticosveracruz.com\\\/#\\\/schema\\\/logo\\\/image\\\/\",\"url\":\"https:\\\/\\\/lospoliticosveracruz.com\\\/wp-content\\\/uploads\\\/2025\\\/12\\\/Logo-Nuevo-LOS-POLITICOS-1.jpg\",\"contentUrl\":\"https:\\\/\\\/lospoliticosveracruz.com\\\/wp-content\\\/uploads\\\/2025\\\/12\\\/Logo-Nuevo-LOS-POLITICOS-1.jpg\",\"width\":260,\"height\":70,\"caption\":\"Los pol\u00edticos Veracruz\"},\"image\":{\"@id\":\"https:\\\/\\\/lospoliticosveracruz.com\\\/#\\\/schema\\\/logo\\\/image\\\/\"},\"sameAs\":[\"https:\\\/\\\/www.facebook.com\\\/people\\\/Notimemes-de-los-Polticos\\\/61565672886568\\\/\",\"https:\\\/\\\/x.com\\\/LosPoliticosVer\"]},{\"@type\":\"Person\",\"@id\":\"https:\\\/\\\/lospoliticosveracruz.com\\\/#\\\/schema\\\/person\\\/b8702bb0e538456e6efd07080bf2a4a2\",\"name\":\"Lo viste en Los Pol\u00edticos\",\"image\":{\"@type\":\"ImageObject\",\"inLanguage\":\"es\",\"@id\":\"https:\\\/\\\/secure.gravatar.com\\\/avatar\\\/3a8de04a2656d44082be478bd6c086daa447c4651605818287b9532d3d0bd435?s=96&d=mm&r=g\",\"url\":\"https:\\\/\\\/secure.gravatar.com\\\/avatar\\\/3a8de04a2656d44082be478bd6c086daa447c4651605818287b9532d3d0bd435?s=96&d=mm&r=g\",\"contentUrl\":\"https:\\\/\\\/secure.gravatar.com\\\/avatar\\\/3a8de04a2656d44082be478bd6c086daa447c4651605818287b9532d3d0bd435?s=96&d=mm&r=g\",\"caption\":\"Lo viste en Los Pol\u00edticos\"},\"url\":\"https:\\\/\\\/lospoliticosveracruz.com\\\/?author=2\"}]}<\/script>\n<!-- \/ Yoast SEO plugin. -->","yoast_head_json":{"title":"REVANCHAS O NUEVAS OPORTUNIDADES - Los pol\u00edticos Veracruz","robots":{"index":"index","follow":"follow","max-snippet":"max-snippet:-1","max-image-preview":"max-image-preview:large","max-video-preview":"max-video-preview:-1"},"canonical":"https:\/\/lospoliticosveracruz.com\/?p=133582","og_locale":"es_ES","og_type":"article","og_title":"REVANCHAS O NUEVAS OPORTUNIDADES - Los pol\u00edticos Veracruz","og_description":"Manolo Victorio Carpe Diem La salida intempestiva de Leslie M\u00f3nica Garibo Puga de la Contralor\u00eda General del Estado, la noche del viernes 13 de septiembre del 2019, se cocin\u00f3 desde el mediod\u00eda en Casa Veracruz, donde Cuitl\u00e1huac Garc\u00eda Jim\u00e9nez le habr\u00eda ordenado retractarse en dos temas.El primero, relacionado con la denuncia (CGE\/922\/2019) que la propia [&hellip;]","og_url":"https:\/\/lospoliticosveracruz.com\/?p=133582","og_site_name":"Los pol\u00edticos Veracruz","article_publisher":"https:\/\/www.facebook.com\/people\/Notimemes-de-los-Polticos\/61565672886568\/","article_published_time":"2024-12-05T03:49:32+00:00","article_modified_time":"2024-12-05T03:49:42+00:00","og_image":[{"width":1250,"height":667,"url":"https:\/\/lospoliticosveracruz.com\/wp-content\/uploads\/2024\/03\/Manolo-Victorio.jpg","type":"image\/jpeg"}],"author":"Lo viste en Los Pol\u00edticos","twitter_card":"summary_large_image","twitter_creator":"@LosPoliticosVer","twitter_site":"@LosPoliticosVer","twitter_misc":{"Escrito por":"Lo viste en Los Pol\u00edticos","Tiempo de lectura":"6 minutos"},"schema":{"@context":"https:\/\/schema.org","@graph":[{"@type":"Article","@id":"https:\/\/lospoliticosveracruz.com\/?p=133582#article","isPartOf":{"@id":"https:\/\/lospoliticosveracruz.com\/?p=133582"},"author":{"name":"Lo viste en Los Pol\u00edticos","@id":"https:\/\/lospoliticosveracruz.com\/#\/schema\/person\/b8702bb0e538456e6efd07080bf2a4a2"},"headline":"REVANCHAS O NUEVAS OPORTUNIDADES","datePublished":"2024-12-05T03:49:32+00:00","dateModified":"2024-12-05T03:49:42+00:00","mainEntityOfPage":{"@id":"https:\/\/lospoliticosveracruz.com\/?p=133582"},"wordCount":1122,"publisher":{"@id":"https:\/\/lospoliticosveracruz.com\/#organization"},"image":{"@id":"https:\/\/lospoliticosveracruz.com\/?p=133582#primaryimage"},"thumbnailUrl":"https:\/\/lospoliticosveracruz.com\/wp-content\/uploads\/2024\/03\/Manolo-Victorio.jpg","keywords":["Leslie M\u00f3nica Garibo Puga","Manolo Victorio"],"articleSection":["De Opini\u00f3n"],"inLanguage":"es"},{"@type":"WebPage","@id":"https:\/\/lospoliticosveracruz.com\/?p=133582","url":"https:\/\/lospoliticosveracruz.com\/?p=133582","name":"REVANCHAS O NUEVAS OPORTUNIDADES - Los pol\u00edticos Veracruz","isPartOf":{"@id":"https:\/\/lospoliticosveracruz.com\/#website"},"primaryImageOfPage":{"@id":"https:\/\/lospoliticosveracruz.com\/?p=133582#primaryimage"},"image":{"@id":"https:\/\/lospoliticosveracruz.com\/?p=133582#primaryimage"},"thumbnailUrl":"https:\/\/lospoliticosveracruz.com\/wp-content\/uploads\/2024\/03\/Manolo-Victorio.jpg","datePublished":"2024-12-05T03:49:32+00:00","dateModified":"2024-12-05T03:49:42+00:00","breadcrumb":{"@id":"https:\/\/lospoliticosveracruz.com\/?p=133582#breadcrumb"},"inLanguage":"es","potentialAction":[{"@type":"ReadAction","target":["https:\/\/lospoliticosveracruz.com\/?p=133582"]}]},{"@type":"ImageObject","inLanguage":"es","@id":"https:\/\/lospoliticosveracruz.com\/?p=133582#primaryimage","url":"https:\/\/lospoliticosveracruz.com\/wp-content\/uploads\/2024\/03\/Manolo-Victorio.jpg","contentUrl":"https:\/\/lospoliticosveracruz.com\/wp-content\/uploads\/2024\/03\/Manolo-Victorio.jpg","width":1250,"height":667},{"@type":"BreadcrumbList","@id":"https:\/\/lospoliticosveracruz.com\/?p=133582#breadcrumb","itemListElement":[{"@type":"ListItem","position":1,"name":"Portada","item":"https:\/\/lospoliticosveracruz.com\/"},{"@type":"ListItem","position":2,"name":"REVANCHAS O NUEVAS OPORTUNIDADES"}]},{"@type":"WebSite","@id":"https:\/\/lospoliticosveracruz.com\/#website","url":"https:\/\/lospoliticosveracruz.com\/","name":"Los pol\u00edticos Veracruz","description":"","publisher":{"@id":"https:\/\/lospoliticosveracruz.com\/#organization"},"potentialAction":[{"@type":"SearchAction","target":{"@type":"EntryPoint","urlTemplate":"https:\/\/lospoliticosveracruz.com\/?s={search_term_string}"},"query-input":{"@type":"PropertyValueSpecification","valueRequired":true,"valueName":"search_term_string"}}],"inLanguage":"es"},{"@type":"Organization","@id":"https:\/\/lospoliticosveracruz.com\/#organization","name":"Los pol\u00edticos Veracruz","url":"https:\/\/lospoliticosveracruz.com\/","logo":{"@type":"ImageObject","inLanguage":"es","@id":"https:\/\/lospoliticosveracruz.com\/#\/schema\/logo\/image\/","url":"https:\/\/lospoliticosveracruz.com\/wp-content\/uploads\/2025\/12\/Logo-Nuevo-LOS-POLITICOS-1.jpg","contentUrl":"https:\/\/lospoliticosveracruz.com\/wp-content\/uploads\/2025\/12\/Logo-Nuevo-LOS-POLITICOS-1.jpg","width":260,"height":70,"caption":"Los pol\u00edticos Veracruz"},"image":{"@id":"https:\/\/lospoliticosveracruz.com\/#\/schema\/logo\/image\/"},"sameAs":["https:\/\/www.facebook.com\/people\/Notimemes-de-los-Polticos\/61565672886568\/","https:\/\/x.com\/LosPoliticosVer"]},{"@type":"Person","@id":"https:\/\/lospoliticosveracruz.com\/#\/schema\/person\/b8702bb0e538456e6efd07080bf2a4a2","name":"Lo viste en Los Pol\u00edticos","image":{"@type":"ImageObject","inLanguage":"es","@id":"https:\/\/secure.gravatar.com\/avatar\/3a8de04a2656d44082be478bd6c086daa447c4651605818287b9532d3d0bd435?s=96&d=mm&r=g","url":"https:\/\/secure.gravatar.com\/avatar\/3a8de04a2656d44082be478bd6c086daa447c4651605818287b9532d3d0bd435?s=96&d=mm&r=g","contentUrl":"https:\/\/secure.gravatar.com\/avatar\/3a8de04a2656d44082be478bd6c086daa447c4651605818287b9532d3d0bd435?s=96&d=mm&r=g","caption":"Lo viste en Los Pol\u00edticos"},"url":"https:\/\/lospoliticosveracruz.com\/?author=2"}]}},"_links":{"self":[{"href":"https:\/\/lospoliticosveracruz.com\/index.php?rest_route=\/wp\/v2\/posts\/133582","targetHints":{"allow":["GET"]}}],"collection":[{"href":"https:\/\/lospoliticosveracruz.com\/index.php?rest_route=\/wp\/v2\/posts"}],"about":[{"href":"https:\/\/lospoliticosveracruz.com\/index.php?rest_route=\/wp\/v2\/types\/post"}],"author":[{"embeddable":true,"href":"https:\/\/lospoliticosveracruz.com\/index.php?rest_route=\/wp\/v2\/users\/2"}],"replies":[{"embeddable":true,"href":"https:\/\/lospoliticosveracruz.com\/index.php?rest_route=%2Fwp%2Fv2%2Fcomments&post=133582"}],"version-history":[{"count":1,"href":"https:\/\/lospoliticosveracruz.com\/index.php?rest_route=\/wp\/v2\/posts\/133582\/revisions"}],"predecessor-version":[{"id":133583,"href":"https:\/\/lospoliticosveracruz.com\/index.php?rest_route=\/wp\/v2\/posts\/133582\/revisions\/133583"}],"wp:featuredmedia":[{"embeddable":true,"href":"https:\/\/lospoliticosveracruz.com\/index.php?rest_route=\/wp\/v2\/media\/119925"}],"wp:attachment":[{"href":"https:\/\/lospoliticosveracruz.com\/index.php?rest_route=%2Fwp%2Fv2%2Fmedia&parent=133582"}],"wp:term":[{"taxonomy":"category","embeddable":true,"href":"https:\/\/lospoliticosveracruz.com\/index.php?rest_route=%2Fwp%2Fv2%2Fcategories&post=133582"},{"taxonomy":"post_tag","embeddable":true,"href":"https:\/\/lospoliticosveracruz.com\/index.php?rest_route=%2Fwp%2Fv2%2Ftags&post=133582"}],"curies":[{"name":"wp","href":"https:\/\/api.w.org\/{rel}","templated":true}]}}