{"id":133607,"date":"2024-12-05T08:03:29","date_gmt":"2024-12-05T14:03:29","guid":{"rendered":"https:\/\/lospoliticosveracruz.com.mx\/?p=133607"},"modified":"2024-12-05T08:06:26","modified_gmt":"2024-12-05T14:06:26","slug":"el-informe-de-boca","status":"publish","type":"post","link":"https:\/\/lospoliticosveracruz.com\/?p=133607","title":{"rendered":"EL INFORME DE BOCA"},"content":{"rendered":"\n<p><strong>Oved Contreras<br><\/strong><em>Secas Mecas<\/em><\/p>\n\n\n\n<p>El alcalde Juan Manuel Unanue se gan\u00f3 el reconocimiento de propios y extra\u00f1os por su ejemplar trabajo al frente del Ayuntamiento de Boca del R\u00edo, y en su caso s\u00ed aplica aquello de que amor con amor se paga: el municipio boque\u00f1o respira desarrollo y bienestar ciudadano, y no por nada, su municipio fue el \u00fanico donde MORENA perdi\u00f3 la diputaci\u00f3n local y federal, cuando en el resto del estado arras\u00f3 en las urnas.<\/p>\n\n\n<div class=\"wp-block-image\">\n<figure class=\"alignleft size-medium\"><a href=\"https:\/\/lospoliticosveracruz.com.mx\/wp-content\/uploads\/2021\/10\/Zacauilt.jpg\"><img decoding=\"async\" src=\"https:\/\/lospoliticosveracruz.com.mx\/wp-content\/uploads\/2021\/10\/Zacauilt-150x300.jpg\" alt=\"\" class=\"wp-image-80558\"\/><\/a><\/figure>\n<\/div>\n\n\n<p>Juan Manuel Unanue rindi\u00f3 su Tercer Informe de Gobierno ante m\u00e1s de 5 mil boque\u00f1os, donde destac\u00f3 que este a\u00f1o se invirtieron m\u00e1s de 122 millones de pesos en obra p\u00fablica adem\u00e1s de que se benefici\u00f3 a m\u00e1s de 20 mil alumnos con entrega de aires acondicionados.<\/p>\n\n\n\n<p>\u201cNuestro trabajo no se limita solo a la infraestructura; hemos llevado a cabo de manera muy especial, programas in\u00e9ditos en inversi\u00f3n a la educaci\u00f3n y al deporte. Adem\u00e1s, hemos impulsado la econom\u00eda en todos sus niveles, conscientes de que desde el crecimiento econ\u00f3mico podemos generar oportunidades que beneficien no solo a la ciudad, sino tambi\u00e9n a cada hogar\u201d, expres\u00f3 el<br>Edil.<\/p>\n\n\n\n<p>Acompa\u00f1ado por su esposa Melina Rivera de Un\u00e1nue y su hija Aitana, adem\u00e1s de sus se\u00f1ores padres y familia, Unanue Abascal enfatiz\u00f3 que gracias al trabajo de su gobierno, actualmente Boca del R\u00edo ofrece mejores oportunidades para que m\u00e1s personas encuentren un lugar mejor para vivir y trabajar.<\/p>\n\n\n\n<p>En los tres a\u00f1os de gobierno se ha trabajado incansablemente para mejorar la calidad de vida de todos los boque\u00f1os, esto gracias al trabajo en conjunto entre el Ayuntamiento de Boca del R\u00edo y el DIF Municipal que encabeza su Presidenta Melina Rivera de Un\u00e1nue, y se han enfocado en apoyar a quienes m\u00e1s lo necesitan, proporcionando m\u00e1s de 4,500 aparatos funcionales, operaciones para mejorar la visi\u00f3n, medicamentos, diversas intervenciones quir\u00fargicas y otros servicios m\u00e9dicos esenciales.<\/p>\n\n\n\n<p>Durante la Sesi\u00f3n Solemne de Cabildo, estuvieron presentes representantes de las Fuerzas Armadas, representaci\u00f3n del Gobierno Estatal de Veracruz, Alcaldes y Ex Alcaldes, as\u00ed como Legisladores Federales y Estatales\u2026resalta la presencia de la diputada Maryjose Gamboa que tambi\u00e9n fue aplaudida por los boque\u00f1os presentes en reconocimiento al trabajo realizado como representante popular.<\/p>\n\n\n\n<p><strong>NO SE HAGAN BOLAS<\/strong>\u2026se pusieron las cosas calientes entre las tribus morenistas del puerto de Veracruz, y empezaron a realizar sus propias encuestas a trav\u00e9s de redes sociales como si eso posicionar\u00e1 m\u00e1s a sus gallos o gallinas para la alcald\u00eda del puerto de Veracruz.<\/p>\n\n\n\n<p>Lo cierto es que ya hay acuerdo para que Veracruz se defina por encuesta y en ella van a participar Rosa Mar\u00eda Hern\u00e1ndez Espejo, Ricardo Exsome, Anil\u00fa Ingram y Pep\u00edn Ruiz\u2026contra todos los pron\u00f3sticos, los ex priistas salen bien en las \u00faltimas mediciones hasta Mamil\u00fa es bien vista por los porte\u00f1os a pesar de sus haters que le pusieron marca personal en sus publicaciones en redes.<\/p>\n\n\n\n<p>A Bertha Ahued la est\u00e1n promoviendo para que vaya por Boca del R\u00edo pero aguas con el tema de la residencia\u2026se le puede complicar la candidatura por andar manipulando papeles para simular que vive all\u00e1 cuando es diputada local por Veracruz.<\/p>\n\n\n\n<p><strong>ANDA FURIOSO\u2026<\/strong> Al ex comisionado del Instituto de la Polic\u00eda Auxiliar y Protecci\u00f3n Patrimonial para el Estado de Veracruz (IPAX), H\u00e9ctor Manuel Rivera Hern\u00e1ndez, anda que lo calienta ni el sol y parece que le doli\u00f3 mucho que no lo ratificaran en el puesto, a\u00fan cuando anduvo de queda bien durante la campa\u00f1a de Roc\u00edo Nahle para la gubernatura de Veracruz, tanto que en un chat de polic\u00edas mostr\u00f3 cuando dolido est\u00e1 contra la gobernadora,, al grado de que se quej\u00f3 de que est\u00e1n \u00abmarinando\u00bb a las dependencias policiales, por la gran cantidad de mandos originarios de la Semar que est\u00e1 colocando el nuevo titular de la Secretar\u00eda de Seguridad P\u00fablica del Estado de Veracruz, Alfonso Reyes Garc\u00e9s.<\/p>\n\n\n\n<p>H\u00e9ctor Riveros acusa que esto es \u00abindiscriminaci\u00f3n\u00bb, aunque a lo mejor quiso decir que es discriminaci\u00f3n. Por lo pronto, un marino es el nuevo titular del Ipax, Luis Fernando Ba\u00f1os V\u00e1zquez, el cual dicen carece de experiencia policial. Mientras que H\u00e9ctor Riveros dej\u00f3 a la jefa de Recursos Humanos, Carolina Hern\u00e1ndez, una amiga suya \u00abmuy cercana\u00bb, al igual que a Alicia Montes de Oca, gerente de Administraci\u00f3n, para que sean sus ojos y o\u00eddos en la instituci\u00f3n y que cuiden queno se conozcan sus desviaciones administrativas.<\/p>\n\n\n\n<p><strong>QU\u00c9 S\u00cd HUBO ROBO<\/strong>\u2026mal empieza la secretaria de Seguridad P\u00fablica de la t\u00eda Ch\u00edo negando los hechos delictivos que ocurren en Veracruz\u2026ayer salieron a desmentir que un trailer que transportaba material para el concierto de Luis Miguel hab\u00eda sido robado horas antes del evento.<\/p>\n\n\n\n<p>Pero horas m\u00e1s tarde del desmentido oficial del gobierno estatal, la empresa proveedora del Sol de M\u00e9xico aclar\u00f3 que s\u00ed fueron v\u00edctimas de la delincuencia en carreteras veracruzanas\u2026A trav\u00e9s de la cuenta oficial de PISOMEX, empresa dedicada al piso modular y escenarios en M\u00e9xico, responsable del traslado del equipo de Luis Miguel, comparti\u00f3 un comunicado en donde confirma que fueron v\u00edctimas de un asalto en donde, a mano armada, fueron despojados de todo lo que llevaban en el transporte.<\/p>\n\n\n\n<p>En relaci\u00f3n con las notas que han circulado sobre el robo de equipo transportado en un tr\u00e1iler con destino al concierto de Luis Miguel en Veracruz, Piso Modular y Escenarios de M\u00e9xico S.A. de C.V. desea confirmar que estos lamentables hechos son ciertos.<\/p>\n\n\n\n<p>\u201cEl pasado 3 de diciembre, fuimos v\u00edctimas de la delincuencia que azota las carreteras de nuestro pa\u00eds. El robo se llev\u00f3 a cabo con violencia y a mano armada, poniendo en riesgo la integridad de quienes estaban involucrados en el transporte del equipo\u201d, recalca la empresa\u2026que entienda el gobierno: no se puede tapar el Sol con un dedo\u2026las cosas no se resuelven negando que ocurran.<\/p>\n","protected":false},"excerpt":{"rendered":"<p>Oved ContrerasSecas Mecas El alcalde Juan Manuel Unanue se gan\u00f3 el reconocimiento de propios y extra\u00f1os por su ejemplar trabajo al frente del Ayuntamiento de Boca del R\u00edo, y en su caso s\u00ed aplica aquello de que amor con amor se paga: el municipio boque\u00f1o respira desarrollo y bienestar ciudadano, y no por nada, su [&hellip;]<\/p>\n","protected":false},"author":2,"featured_media":119816,"comment_status":"closed","ping_status":"closed","sticky":false,"template":"","format":"standard","meta":{"tdm_status":"","tdm_grid_status":"","footnotes":""},"categories":[70],"tags":[40563,42442,3915,17579,1731,1937],"class_list":{"0":"post-133607","1":"post","2":"type-post","3":"status-publish","4":"format-standard","5":"has-post-thumbnail","7":"category-de-opinion","8":"tag-bertha-ahued","9":"tag-hector-manuel-rivera-hernandez","10":"tag-ipax","11":"tag-juan-manuel-unanue","12":"tag-luis-miguel","13":"tag-maryjose-gamboa"},"yoast_head":"<!-- This site is optimized with the Yoast SEO plugin v27.4 - https:\/\/yoast.com\/product\/yoast-seo-wordpress\/ -->\n<title>EL INFORME DE BOCA - Los pol\u00edticos Veracruz<\/title>\n<meta name=\"robots\" content=\"index, follow, max-snippet:-1, max-image-preview:large, max-video-preview:-1\" \/>\n<link rel=\"canonical\" href=\"https:\/\/lospoliticosveracruz.com\/?p=133607\" \/>\n<meta property=\"og:locale\" content=\"es_ES\" \/>\n<meta property=\"og:type\" content=\"article\" \/>\n<meta property=\"og:title\" content=\"EL INFORME DE BOCA - Los pol\u00edticos Veracruz\" \/>\n<meta property=\"og:description\" content=\"Oved ContrerasSecas Mecas El alcalde Juan Manuel Unanue se gan\u00f3 el reconocimiento de propios y extra\u00f1os por su ejemplar trabajo al frente del Ayuntamiento de Boca del R\u00edo, y en su caso s\u00ed aplica aquello de que amor con amor se paga: el municipio boque\u00f1o respira desarrollo y bienestar ciudadano, y no por nada, su [&hellip;]\" \/>\n<meta property=\"og:url\" content=\"https:\/\/lospoliticosveracruz.com\/?p=133607\" \/>\n<meta property=\"og:site_name\" content=\"Los pol\u00edticos Veracruz\" \/>\n<meta property=\"article:publisher\" content=\"https:\/\/www.facebook.com\/people\/Notimemes-de-los-Polticos\/61565672886568\/\" \/>\n<meta property=\"article:published_time\" content=\"2024-12-05T14:03:29+00:00\" \/>\n<meta property=\"article:modified_time\" content=\"2024-12-05T14:06:26+00:00\" \/>\n<meta property=\"og:image\" content=\"https:\/\/lospoliticosveracruz.com\/wp-content\/uploads\/2024\/03\/Oved-Contreras.jpg\" \/>\n\t<meta property=\"og:image:width\" content=\"1250\" \/>\n\t<meta property=\"og:image:height\" content=\"667\" \/>\n\t<meta property=\"og:image:type\" content=\"image\/jpeg\" \/>\n<meta name=\"author\" content=\"Lo viste en Los Pol\u00edticos\" \/>\n<meta name=\"twitter:card\" content=\"summary_large_image\" \/>\n<meta name=\"twitter:creator\" content=\"@LosPoliticosVer\" \/>\n<meta name=\"twitter:site\" content=\"@LosPoliticosVer\" \/>\n<meta name=\"twitter:label1\" content=\"Escrito por\" \/>\n\t<meta name=\"twitter:data1\" content=\"Lo viste en Los Pol\u00edticos\" \/>\n\t<meta name=\"twitter:label2\" content=\"Tiempo de lectura\" \/>\n\t<meta name=\"twitter:data2\" content=\"5 minutos\" \/>\n<script type=\"application\/ld+json\" class=\"yoast-schema-graph\">{\"@context\":\"https:\\\/\\\/schema.org\",\"@graph\":[{\"@type\":\"Article\",\"@id\":\"https:\\\/\\\/lospoliticosveracruz.com\\\/?p=133607#article\",\"isPartOf\":{\"@id\":\"https:\\\/\\\/lospoliticosveracruz.com\\\/?p=133607\"},\"author\":{\"name\":\"Lo viste en Los Pol\u00edticos\",\"@id\":\"https:\\\/\\\/lospoliticosveracruz.com\\\/#\\\/schema\\\/person\\\/b8702bb0e538456e6efd07080bf2a4a2\"},\"headline\":\"EL INFORME DE BOCA\",\"datePublished\":\"2024-12-05T14:03:29+00:00\",\"dateModified\":\"2024-12-05T14:06:26+00:00\",\"mainEntityOfPage\":{\"@id\":\"https:\\\/\\\/lospoliticosveracruz.com\\\/?p=133607\"},\"wordCount\":1042,\"publisher\":{\"@id\":\"https:\\\/\\\/lospoliticosveracruz.com\\\/#organization\"},\"image\":{\"@id\":\"https:\\\/\\\/lospoliticosveracruz.com\\\/?p=133607#primaryimage\"},\"thumbnailUrl\":\"https:\\\/\\\/lospoliticosveracruz.com\\\/wp-content\\\/uploads\\\/2024\\\/03\\\/Oved-Contreras.jpg\",\"keywords\":[\"Bertha Ahued\",\"H\u00e9ctor Manuel Rivera Hern\u00e1ndez\",\"IPAX\",\"Juan Manuel Unanue\",\"Luis Miguel\",\"Maryjose Gamboa\"],\"articleSection\":[\"De Opini\u00f3n\"],\"inLanguage\":\"es\"},{\"@type\":\"WebPage\",\"@id\":\"https:\\\/\\\/lospoliticosveracruz.com\\\/?p=133607\",\"url\":\"https:\\\/\\\/lospoliticosveracruz.com\\\/?p=133607\",\"name\":\"EL INFORME DE BOCA - Los pol\u00edticos Veracruz\",\"isPartOf\":{\"@id\":\"https:\\\/\\\/lospoliticosveracruz.com\\\/#website\"},\"primaryImageOfPage\":{\"@id\":\"https:\\\/\\\/lospoliticosveracruz.com\\\/?p=133607#primaryimage\"},\"image\":{\"@id\":\"https:\\\/\\\/lospoliticosveracruz.com\\\/?p=133607#primaryimage\"},\"thumbnailUrl\":\"https:\\\/\\\/lospoliticosveracruz.com\\\/wp-content\\\/uploads\\\/2024\\\/03\\\/Oved-Contreras.jpg\",\"datePublished\":\"2024-12-05T14:03:29+00:00\",\"dateModified\":\"2024-12-05T14:06:26+00:00\",\"breadcrumb\":{\"@id\":\"https:\\\/\\\/lospoliticosveracruz.com\\\/?p=133607#breadcrumb\"},\"inLanguage\":\"es\",\"potentialAction\":[{\"@type\":\"ReadAction\",\"target\":[\"https:\\\/\\\/lospoliticosveracruz.com\\\/?p=133607\"]}]},{\"@type\":\"ImageObject\",\"inLanguage\":\"es\",\"@id\":\"https:\\\/\\\/lospoliticosveracruz.com\\\/?p=133607#primaryimage\",\"url\":\"https:\\\/\\\/lospoliticosveracruz.com\\\/wp-content\\\/uploads\\\/2024\\\/03\\\/Oved-Contreras.jpg\",\"contentUrl\":\"https:\\\/\\\/lospoliticosveracruz.com\\\/wp-content\\\/uploads\\\/2024\\\/03\\\/Oved-Contreras.jpg\",\"width\":1250,\"height\":667},{\"@type\":\"BreadcrumbList\",\"@id\":\"https:\\\/\\\/lospoliticosveracruz.com\\\/?p=133607#breadcrumb\",\"itemListElement\":[{\"@type\":\"ListItem\",\"position\":1,\"name\":\"Portada\",\"item\":\"https:\\\/\\\/lospoliticosveracruz.com\\\/\"},{\"@type\":\"ListItem\",\"position\":2,\"name\":\"EL INFORME DE BOCA\"}]},{\"@type\":\"WebSite\",\"@id\":\"https:\\\/\\\/lospoliticosveracruz.com\\\/#website\",\"url\":\"https:\\\/\\\/lospoliticosveracruz.com\\\/\",\"name\":\"Los pol\u00edticos Veracruz\",\"description\":\"\",\"publisher\":{\"@id\":\"https:\\\/\\\/lospoliticosveracruz.com\\\/#organization\"},\"potentialAction\":[{\"@type\":\"SearchAction\",\"target\":{\"@type\":\"EntryPoint\",\"urlTemplate\":\"https:\\\/\\\/lospoliticosveracruz.com\\\/?s={search_term_string}\"},\"query-input\":{\"@type\":\"PropertyValueSpecification\",\"valueRequired\":true,\"valueName\":\"search_term_string\"}}],\"inLanguage\":\"es\"},{\"@type\":\"Organization\",\"@id\":\"https:\\\/\\\/lospoliticosveracruz.com\\\/#organization\",\"name\":\"Los pol\u00edticos Veracruz\",\"url\":\"https:\\\/\\\/lospoliticosveracruz.com\\\/\",\"logo\":{\"@type\":\"ImageObject\",\"inLanguage\":\"es\",\"@id\":\"https:\\\/\\\/lospoliticosveracruz.com\\\/#\\\/schema\\\/logo\\\/image\\\/\",\"url\":\"https:\\\/\\\/lospoliticosveracruz.com\\\/wp-content\\\/uploads\\\/2025\\\/12\\\/Logo-Nuevo-LOS-POLITICOS-1.jpg\",\"contentUrl\":\"https:\\\/\\\/lospoliticosveracruz.com\\\/wp-content\\\/uploads\\\/2025\\\/12\\\/Logo-Nuevo-LOS-POLITICOS-1.jpg\",\"width\":260,\"height\":70,\"caption\":\"Los pol\u00edticos Veracruz\"},\"image\":{\"@id\":\"https:\\\/\\\/lospoliticosveracruz.com\\\/#\\\/schema\\\/logo\\\/image\\\/\"},\"sameAs\":[\"https:\\\/\\\/www.facebook.com\\\/people\\\/Notimemes-de-los-Polticos\\\/61565672886568\\\/\",\"https:\\\/\\\/x.com\\\/LosPoliticosVer\"]},{\"@type\":\"Person\",\"@id\":\"https:\\\/\\\/lospoliticosveracruz.com\\\/#\\\/schema\\\/person\\\/b8702bb0e538456e6efd07080bf2a4a2\",\"name\":\"Lo viste en Los Pol\u00edticos\",\"image\":{\"@type\":\"ImageObject\",\"inLanguage\":\"es\",\"@id\":\"https:\\\/\\\/secure.gravatar.com\\\/avatar\\\/3a8de04a2656d44082be478bd6c086daa447c4651605818287b9532d3d0bd435?s=96&d=mm&r=g\",\"url\":\"https:\\\/\\\/secure.gravatar.com\\\/avatar\\\/3a8de04a2656d44082be478bd6c086daa447c4651605818287b9532d3d0bd435?s=96&d=mm&r=g\",\"contentUrl\":\"https:\\\/\\\/secure.gravatar.com\\\/avatar\\\/3a8de04a2656d44082be478bd6c086daa447c4651605818287b9532d3d0bd435?s=96&d=mm&r=g\",\"caption\":\"Lo viste en Los Pol\u00edticos\"},\"url\":\"https:\\\/\\\/lospoliticosveracruz.com\\\/?author=2\"}]}<\/script>\n<!-- \/ Yoast SEO plugin. -->","yoast_head_json":{"title":"EL INFORME DE BOCA - Los pol\u00edticos Veracruz","robots":{"index":"index","follow":"follow","max-snippet":"max-snippet:-1","max-image-preview":"max-image-preview:large","max-video-preview":"max-video-preview:-1"},"canonical":"https:\/\/lospoliticosveracruz.com\/?p=133607","og_locale":"es_ES","og_type":"article","og_title":"EL INFORME DE BOCA - Los pol\u00edticos Veracruz","og_description":"Oved ContrerasSecas Mecas El alcalde Juan Manuel Unanue se gan\u00f3 el reconocimiento de propios y extra\u00f1os por su ejemplar trabajo al frente del Ayuntamiento de Boca del R\u00edo, y en su caso s\u00ed aplica aquello de que amor con amor se paga: el municipio boque\u00f1o respira desarrollo y bienestar ciudadano, y no por nada, su [&hellip;]","og_url":"https:\/\/lospoliticosveracruz.com\/?p=133607","og_site_name":"Los pol\u00edticos Veracruz","article_publisher":"https:\/\/www.facebook.com\/people\/Notimemes-de-los-Polticos\/61565672886568\/","article_published_time":"2024-12-05T14:03:29+00:00","article_modified_time":"2024-12-05T14:06:26+00:00","og_image":[{"width":1250,"height":667,"url":"https:\/\/lospoliticosveracruz.com\/wp-content\/uploads\/2024\/03\/Oved-Contreras.jpg","type":"image\/jpeg"}],"author":"Lo viste en Los Pol\u00edticos","twitter_card":"summary_large_image","twitter_creator":"@LosPoliticosVer","twitter_site":"@LosPoliticosVer","twitter_misc":{"Escrito por":"Lo viste en Los Pol\u00edticos","Tiempo de lectura":"5 minutos"},"schema":{"@context":"https:\/\/schema.org","@graph":[{"@type":"Article","@id":"https:\/\/lospoliticosveracruz.com\/?p=133607#article","isPartOf":{"@id":"https:\/\/lospoliticosveracruz.com\/?p=133607"},"author":{"name":"Lo viste en Los Pol\u00edticos","@id":"https:\/\/lospoliticosveracruz.com\/#\/schema\/person\/b8702bb0e538456e6efd07080bf2a4a2"},"headline":"EL INFORME DE BOCA","datePublished":"2024-12-05T14:03:29+00:00","dateModified":"2024-12-05T14:06:26+00:00","mainEntityOfPage":{"@id":"https:\/\/lospoliticosveracruz.com\/?p=133607"},"wordCount":1042,"publisher":{"@id":"https:\/\/lospoliticosveracruz.com\/#organization"},"image":{"@id":"https:\/\/lospoliticosveracruz.com\/?p=133607#primaryimage"},"thumbnailUrl":"https:\/\/lospoliticosveracruz.com\/wp-content\/uploads\/2024\/03\/Oved-Contreras.jpg","keywords":["Bertha Ahued","H\u00e9ctor Manuel Rivera Hern\u00e1ndez","IPAX","Juan Manuel Unanue","Luis Miguel","Maryjose Gamboa"],"articleSection":["De Opini\u00f3n"],"inLanguage":"es"},{"@type":"WebPage","@id":"https:\/\/lospoliticosveracruz.com\/?p=133607","url":"https:\/\/lospoliticosveracruz.com\/?p=133607","name":"EL INFORME DE BOCA - Los pol\u00edticos Veracruz","isPartOf":{"@id":"https:\/\/lospoliticosveracruz.com\/#website"},"primaryImageOfPage":{"@id":"https:\/\/lospoliticosveracruz.com\/?p=133607#primaryimage"},"image":{"@id":"https:\/\/lospoliticosveracruz.com\/?p=133607#primaryimage"},"thumbnailUrl":"https:\/\/lospoliticosveracruz.com\/wp-content\/uploads\/2024\/03\/Oved-Contreras.jpg","datePublished":"2024-12-05T14:03:29+00:00","dateModified":"2024-12-05T14:06:26+00:00","breadcrumb":{"@id":"https:\/\/lospoliticosveracruz.com\/?p=133607#breadcrumb"},"inLanguage":"es","potentialAction":[{"@type":"ReadAction","target":["https:\/\/lospoliticosveracruz.com\/?p=133607"]}]},{"@type":"ImageObject","inLanguage":"es","@id":"https:\/\/lospoliticosveracruz.com\/?p=133607#primaryimage","url":"https:\/\/lospoliticosveracruz.com\/wp-content\/uploads\/2024\/03\/Oved-Contreras.jpg","contentUrl":"https:\/\/lospoliticosveracruz.com\/wp-content\/uploads\/2024\/03\/Oved-Contreras.jpg","width":1250,"height":667},{"@type":"BreadcrumbList","@id":"https:\/\/lospoliticosveracruz.com\/?p=133607#breadcrumb","itemListElement":[{"@type":"ListItem","position":1,"name":"Portada","item":"https:\/\/lospoliticosveracruz.com\/"},{"@type":"ListItem","position":2,"name":"EL INFORME DE BOCA"}]},{"@type":"WebSite","@id":"https:\/\/lospoliticosveracruz.com\/#website","url":"https:\/\/lospoliticosveracruz.com\/","name":"Los pol\u00edticos Veracruz","description":"","publisher":{"@id":"https:\/\/lospoliticosveracruz.com\/#organization"},"potentialAction":[{"@type":"SearchAction","target":{"@type":"EntryPoint","urlTemplate":"https:\/\/lospoliticosveracruz.com\/?s={search_term_string}"},"query-input":{"@type":"PropertyValueSpecification","valueRequired":true,"valueName":"search_term_string"}}],"inLanguage":"es"},{"@type":"Organization","@id":"https:\/\/lospoliticosveracruz.com\/#organization","name":"Los pol\u00edticos Veracruz","url":"https:\/\/lospoliticosveracruz.com\/","logo":{"@type":"ImageObject","inLanguage":"es","@id":"https:\/\/lospoliticosveracruz.com\/#\/schema\/logo\/image\/","url":"https:\/\/lospoliticosveracruz.com\/wp-content\/uploads\/2025\/12\/Logo-Nuevo-LOS-POLITICOS-1.jpg","contentUrl":"https:\/\/lospoliticosveracruz.com\/wp-content\/uploads\/2025\/12\/Logo-Nuevo-LOS-POLITICOS-1.jpg","width":260,"height":70,"caption":"Los pol\u00edticos Veracruz"},"image":{"@id":"https:\/\/lospoliticosveracruz.com\/#\/schema\/logo\/image\/"},"sameAs":["https:\/\/www.facebook.com\/people\/Notimemes-de-los-Polticos\/61565672886568\/","https:\/\/x.com\/LosPoliticosVer"]},{"@type":"Person","@id":"https:\/\/lospoliticosveracruz.com\/#\/schema\/person\/b8702bb0e538456e6efd07080bf2a4a2","name":"Lo viste en Los Pol\u00edticos","image":{"@type":"ImageObject","inLanguage":"es","@id":"https:\/\/secure.gravatar.com\/avatar\/3a8de04a2656d44082be478bd6c086daa447c4651605818287b9532d3d0bd435?s=96&d=mm&r=g","url":"https:\/\/secure.gravatar.com\/avatar\/3a8de04a2656d44082be478bd6c086daa447c4651605818287b9532d3d0bd435?s=96&d=mm&r=g","contentUrl":"https:\/\/secure.gravatar.com\/avatar\/3a8de04a2656d44082be478bd6c086daa447c4651605818287b9532d3d0bd435?s=96&d=mm&r=g","caption":"Lo viste en Los Pol\u00edticos"},"url":"https:\/\/lospoliticosveracruz.com\/?author=2"}]}},"_links":{"self":[{"href":"https:\/\/lospoliticosveracruz.com\/index.php?rest_route=\/wp\/v2\/posts\/133607","targetHints":{"allow":["GET"]}}],"collection":[{"href":"https:\/\/lospoliticosveracruz.com\/index.php?rest_route=\/wp\/v2\/posts"}],"about":[{"href":"https:\/\/lospoliticosveracruz.com\/index.php?rest_route=\/wp\/v2\/types\/post"}],"author":[{"embeddable":true,"href":"https:\/\/lospoliticosveracruz.com\/index.php?rest_route=\/wp\/v2\/users\/2"}],"replies":[{"embeddable":true,"href":"https:\/\/lospoliticosveracruz.com\/index.php?rest_route=%2Fwp%2Fv2%2Fcomments&post=133607"}],"version-history":[{"count":1,"href":"https:\/\/lospoliticosveracruz.com\/index.php?rest_route=\/wp\/v2\/posts\/133607\/revisions"}],"predecessor-version":[{"id":133608,"href":"https:\/\/lospoliticosveracruz.com\/index.php?rest_route=\/wp\/v2\/posts\/133607\/revisions\/133608"}],"wp:featuredmedia":[{"embeddable":true,"href":"https:\/\/lospoliticosveracruz.com\/index.php?rest_route=\/wp\/v2\/media\/119816"}],"wp:attachment":[{"href":"https:\/\/lospoliticosveracruz.com\/index.php?rest_route=%2Fwp%2Fv2%2Fmedia&parent=133607"}],"wp:term":[{"taxonomy":"category","embeddable":true,"href":"https:\/\/lospoliticosveracruz.com\/index.php?rest_route=%2Fwp%2Fv2%2Fcategories&post=133607"},{"taxonomy":"post_tag","embeddable":true,"href":"https:\/\/lospoliticosveracruz.com\/index.php?rest_route=%2Fwp%2Fv2%2Ftags&post=133607"}],"curies":[{"name":"wp","href":"https:\/\/api.w.org\/{rel}","templated":true}]}}