{"id":133625,"date":"2024-12-05T10:14:39","date_gmt":"2024-12-05T16:14:39","guid":{"rendered":"https:\/\/lospoliticosveracruz.com.mx\/?p=133625"},"modified":"2024-12-05T10:15:04","modified_gmt":"2024-12-05T16:15:04","slug":"la-primera-de-85","status":"publish","type":"post","link":"https:\/\/lospoliticosveracruz.com\/?p=133625","title":{"rendered":"LA PRIMERA DE 85"},"content":{"rendered":"\n<p><strong>Rafael Fararoni Maga\u00f1a<\/strong>&nbsp;<\/p>\n\n\n\n<p>El Apunte de Rafa<\/p>\n\n\n\n<p>\u201cNo llego sola, llegamos todas\u201d fue una de las frases emitidas en su discurso de llegada a la presidencia y con estas palabras la doctora Claudia Sheinbaum demuestra que su gesti\u00f3n, en definitiva, tendr\u00e1 tambi\u00e9n un enfoque de g\u00e9nero.<\/p>\n\n\n\n<p>Y c\u00f3mo no hacerlo, si en M\u00e9xico existen m\u00e1s de 65 millones de mujeres que equivalen al 51. 2% de la poblaci\u00f3n nacional y que viven diariamente situaciones de inequidad que limitan su libertad, su potencial, y su independencia econ\u00f3mica.&nbsp;&nbsp;Si bien, el porcentaje de mujeres econ\u00f3micamente activas incrementa con el nivel de escolaridad, 3 de cada 10 permanecen fuera del mercado laboral. Si a esto sumamos factores como violencia de g\u00e9nero, brecha salarial en empleos formales, trabajo dom\u00e9stico no remunerado, inequidad en oportunidades para emprender, y otros aspectos en los que las ni\u00f1as y las mujeres mexicanas transitan en su d\u00eda a d\u00eda, la labor de nuestro gobierno federal, estatal y todos nosotros como sociedad cobra una importancia no menor.&nbsp;<\/p>\n\n\n\n<p>Mucho que lograr en t\u00e9rminos de pol\u00edticas p\u00fablicas. Caigamos en cuenta de esta cifra: las mujeres realizan poco m\u00e1s del 73.6 % del trabajo dom\u00e9stico y de cuidados no remunerado; esto equivale al 22.8% del Producto Interno Bruto (PIB) nacional. La brecha de g\u00e9nero se acent\u00faa a\u00fan m\u00e1s cuando volteamos a ver los n\u00fameros de mujeres que participan en ciencia, tecnolog\u00eda, ingenier\u00eda y matem\u00e1ticas (STEM por sus siglas en ingl\u00e9s) donde seg\u00fan el Instituto Mexicano para la Competitividad, solo 3 de cada 10 profesionistas en estas ramas, son mujeres.&nbsp;<\/p>\n\n\n\n<p>Trabajar para lograr la equidad entre hombres y mujeres en M\u00e9xico no es, como muchos sostienen, una moda discursiva pasajera. El hecho de lograr que m\u00e1s mujeres sean econ\u00f3micamente activas e independientes no es solo cuesti\u00f3n de humanidad y justicia; es cuesti\u00f3n tambi\u00e9n de rentabilidad y productividad. La participaci\u00f3n igualitaria de las mujeres elevar\u00e1 la competitividad de nuestro estado porque la diversidad de talento conlleva diversidad de visiones e innovaci\u00f3n.&nbsp;<\/p>\n\n\n\n<p>Como gobierno, y m\u00e1s ahora bajo el liderazgo de una mujer a cargo de la presidencia y la primera gobernadora que tiene ya el Estado de Veracruz, Roc\u00edo Nahle Garc\u00eda, necesitamos visibilizar el talento femenino, fomentar lugares inclusivos para su desarrollo, establecer pol\u00edticas p\u00fablicas que las coloquen en un lugar digno y justo. Hoy m\u00e1s que nunca e imposible de postergar, se requiere de un esfuerzo colectivo de los gobiernos, instituciones acad\u00e9micas, empresas y sociedad en general. El Estado, por su parte debe asegurar las condiciones para que m\u00e1s ni\u00f1as tengan acceso a educaci\u00f3n b\u00e1sica, y puedan aspirar a mejores empleos cuando salgan al mercado laboral y seguramente as\u00ed ser\u00e1 en esta nueva administraci\u00f3n gubernamental. En este sentido vale la pena resaltar que el discurso de nuestra Gobernadora Roc\u00edo Nahle en su toma de protesta fue muy revelador, ya que al respecto mencion\u00f3 que: \u201cUno de mis objetivos es que en este maravilloso estado si bien soy la primera, no sea la \u00fanica, que despu\u00e9s de m\u00ed lleguen m\u00e1s mujeres\u201d.<\/p>\n\n\n\n<p>La visi\u00f3n que Roc\u00edo Nahle nos comparti\u00f3 a los Veracruzanos en este solemne acto fue muy clara y m\u00e1s cuando al inicio expres\u00f3 que: \u201c por primera vez una mujer gobernar\u00e1 Veracruz en 200 a\u00f1os de historia y tras el paso de 84 hombres en a titularidad del Poder Ejecutivo del estado, algunos de ellos, dijo, personajes ilustres.<\/p>\n\n\n\n<p>\u201cAs\u00ed que, en el turno 85, se abre la puerta, para que nosotras, las mujeres, nuestras hermanas, hijas y ni\u00f1as transcurran por el camino que hoy de la mano con nuestra presidenta construimos a lo largo y ancho de nuestra patria\u201d.<\/p>\n\n\n\n<p>M\u00e9xico no podr\u00e1 alcanzar el crecimiento anhelado hasta que no tengamos a la mitad de su poblaci\u00f3n en igualdad de circunstancias para desarrollarse libremente.&nbsp;&nbsp;Hoy, en nuestro estado retomamos el compromiso con ellas y bajo la gu\u00eda de nuestra presidenta y nuestra Gobernadora, trabajaremos para lograr un Veracruz m\u00e1s justo y solidario. Se los debemos a ellas y lo merecemos todos como ciudadanos. Cono servidor p\u00fablico y como ciudadano me sumo al acompa\u00f1amiento de todas estas acciones que se plantean desde la c\u00fapula y sobre todo las enfocadas desde las reformas constitucionales en materia de igualdad sustantiva, las cuales, adem\u00e1s de saldar una deuda hist\u00f3rica del Estado Mexicano con las mujeres, establece el mandato expreso de garantizar el goce y ejercicio del derecho de las mujeres a una igualdad en los \u00e1mbitos social, jur\u00eddico, econ\u00f3mico y cultural. Ese ha sido siempre mi compromiso y lo seguir\u00e1 siendo.<\/p>\n","protected":false},"excerpt":{"rendered":"<p>Rafael Fararoni Maga\u00f1a&nbsp; El Apunte de Rafa \u201cNo llego sola, llegamos todas\u201d fue una de las frases emitidas en su discurso de llegada a la presidencia y con estas palabras la doctora Claudia Sheinbaum demuestra que su gesti\u00f3n, en definitiva, tendr\u00e1 tambi\u00e9n un enfoque de g\u00e9nero. Y c\u00f3mo no hacerlo, si en M\u00e9xico existen m\u00e1s [&hellip;]<\/p>\n","protected":false},"author":2,"featured_media":130690,"comment_status":"closed","ping_status":"closed","sticky":false,"template":"","format":"standard","meta":{"tdm_status":"","tdm_grid_status":"","footnotes":""},"categories":[70],"tags":[],"class_list":{"0":"post-133625","1":"post","2":"type-post","3":"status-publish","4":"format-standard","5":"has-post-thumbnail","7":"category-de-opinion"},"yoast_head":"<!-- This site is optimized with the Yoast SEO plugin v27.4 - https:\/\/yoast.com\/product\/yoast-seo-wordpress\/ -->\n<title>LA PRIMERA DE 85 - Los pol\u00edticos Veracruz<\/title>\n<meta name=\"robots\" content=\"index, follow, max-snippet:-1, max-image-preview:large, max-video-preview:-1\" \/>\n<link rel=\"canonical\" href=\"https:\/\/lospoliticosveracruz.com\/?p=133625\" \/>\n<meta property=\"og:locale\" content=\"es_ES\" \/>\n<meta property=\"og:type\" content=\"article\" \/>\n<meta property=\"og:title\" content=\"LA PRIMERA DE 85 - Los pol\u00edticos Veracruz\" \/>\n<meta property=\"og:description\" content=\"Rafael Fararoni Maga\u00f1a&nbsp; El Apunte de Rafa \u201cNo llego sola, llegamos todas\u201d fue una de las frases emitidas en su discurso de llegada a la presidencia y con estas palabras la doctora Claudia Sheinbaum demuestra que su gesti\u00f3n, en definitiva, tendr\u00e1 tambi\u00e9n un enfoque de g\u00e9nero. Y c\u00f3mo no hacerlo, si en M\u00e9xico existen m\u00e1s [&hellip;]\" \/>\n<meta property=\"og:url\" content=\"https:\/\/lospoliticosveracruz.com\/?p=133625\" \/>\n<meta property=\"og:site_name\" content=\"Los pol\u00edticos Veracruz\" \/>\n<meta property=\"article:publisher\" content=\"https:\/\/www.facebook.com\/people\/Notimemes-de-los-Polticos\/61565672886568\/\" \/>\n<meta property=\"article:published_time\" content=\"2024-12-05T16:14:39+00:00\" \/>\n<meta property=\"article:modified_time\" content=\"2024-12-05T16:15:04+00:00\" \/>\n<meta property=\"og:image\" content=\"https:\/\/lospoliticosveracruz.com\/wp-content\/uploads\/2024\/10\/Rafa-Fararoni.jpg\" \/>\n\t<meta property=\"og:image:width\" content=\"1250\" \/>\n\t<meta property=\"og:image:height\" content=\"667\" \/>\n\t<meta property=\"og:image:type\" content=\"image\/jpeg\" \/>\n<meta name=\"author\" content=\"Lo viste en Los Pol\u00edticos\" \/>\n<meta name=\"twitter:card\" content=\"summary_large_image\" \/>\n<meta name=\"twitter:creator\" content=\"@LosPoliticosVer\" \/>\n<meta name=\"twitter:site\" content=\"@LosPoliticosVer\" \/>\n<meta name=\"twitter:label1\" content=\"Escrito por\" \/>\n\t<meta name=\"twitter:data1\" content=\"Lo viste en Los Pol\u00edticos\" \/>\n\t<meta name=\"twitter:label2\" content=\"Tiempo de lectura\" \/>\n\t<meta name=\"twitter:data2\" content=\"4 minutos\" \/>\n<script type=\"application\/ld+json\" class=\"yoast-schema-graph\">{\"@context\":\"https:\\\/\\\/schema.org\",\"@graph\":[{\"@type\":\"Article\",\"@id\":\"https:\\\/\\\/lospoliticosveracruz.com\\\/?p=133625#article\",\"isPartOf\":{\"@id\":\"https:\\\/\\\/lospoliticosveracruz.com\\\/?p=133625\"},\"author\":{\"name\":\"Lo viste en Los Pol\u00edticos\",\"@id\":\"https:\\\/\\\/lospoliticosveracruz.com\\\/#\\\/schema\\\/person\\\/b8702bb0e538456e6efd07080bf2a4a2\"},\"headline\":\"LA PRIMERA DE 85\",\"datePublished\":\"2024-12-05T16:14:39+00:00\",\"dateModified\":\"2024-12-05T16:15:04+00:00\",\"mainEntityOfPage\":{\"@id\":\"https:\\\/\\\/lospoliticosveracruz.com\\\/?p=133625\"},\"wordCount\":808,\"publisher\":{\"@id\":\"https:\\\/\\\/lospoliticosveracruz.com\\\/#organization\"},\"image\":{\"@id\":\"https:\\\/\\\/lospoliticosveracruz.com\\\/?p=133625#primaryimage\"},\"thumbnailUrl\":\"https:\\\/\\\/lospoliticosveracruz.com\\\/wp-content\\\/uploads\\\/2024\\\/10\\\/Rafa-Fararoni.jpg\",\"articleSection\":[\"De Opini\u00f3n\"],\"inLanguage\":\"es\"},{\"@type\":\"WebPage\",\"@id\":\"https:\\\/\\\/lospoliticosveracruz.com\\\/?p=133625\",\"url\":\"https:\\\/\\\/lospoliticosveracruz.com\\\/?p=133625\",\"name\":\"LA PRIMERA DE 85 - Los pol\u00edticos Veracruz\",\"isPartOf\":{\"@id\":\"https:\\\/\\\/lospoliticosveracruz.com\\\/#website\"},\"primaryImageOfPage\":{\"@id\":\"https:\\\/\\\/lospoliticosveracruz.com\\\/?p=133625#primaryimage\"},\"image\":{\"@id\":\"https:\\\/\\\/lospoliticosveracruz.com\\\/?p=133625#primaryimage\"},\"thumbnailUrl\":\"https:\\\/\\\/lospoliticosveracruz.com\\\/wp-content\\\/uploads\\\/2024\\\/10\\\/Rafa-Fararoni.jpg\",\"datePublished\":\"2024-12-05T16:14:39+00:00\",\"dateModified\":\"2024-12-05T16:15:04+00:00\",\"breadcrumb\":{\"@id\":\"https:\\\/\\\/lospoliticosveracruz.com\\\/?p=133625#breadcrumb\"},\"inLanguage\":\"es\",\"potentialAction\":[{\"@type\":\"ReadAction\",\"target\":[\"https:\\\/\\\/lospoliticosveracruz.com\\\/?p=133625\"]}]},{\"@type\":\"ImageObject\",\"inLanguage\":\"es\",\"@id\":\"https:\\\/\\\/lospoliticosveracruz.com\\\/?p=133625#primaryimage\",\"url\":\"https:\\\/\\\/lospoliticosveracruz.com\\\/wp-content\\\/uploads\\\/2024\\\/10\\\/Rafa-Fararoni.jpg\",\"contentUrl\":\"https:\\\/\\\/lospoliticosveracruz.com\\\/wp-content\\\/uploads\\\/2024\\\/10\\\/Rafa-Fararoni.jpg\",\"width\":1250,\"height\":667},{\"@type\":\"BreadcrumbList\",\"@id\":\"https:\\\/\\\/lospoliticosveracruz.com\\\/?p=133625#breadcrumb\",\"itemListElement\":[{\"@type\":\"ListItem\",\"position\":1,\"name\":\"Portada\",\"item\":\"https:\\\/\\\/lospoliticosveracruz.com\\\/\"},{\"@type\":\"ListItem\",\"position\":2,\"name\":\"LA PRIMERA DE 85\"}]},{\"@type\":\"WebSite\",\"@id\":\"https:\\\/\\\/lospoliticosveracruz.com\\\/#website\",\"url\":\"https:\\\/\\\/lospoliticosveracruz.com\\\/\",\"name\":\"Los pol\u00edticos Veracruz\",\"description\":\"\",\"publisher\":{\"@id\":\"https:\\\/\\\/lospoliticosveracruz.com\\\/#organization\"},\"potentialAction\":[{\"@type\":\"SearchAction\",\"target\":{\"@type\":\"EntryPoint\",\"urlTemplate\":\"https:\\\/\\\/lospoliticosveracruz.com\\\/?s={search_term_string}\"},\"query-input\":{\"@type\":\"PropertyValueSpecification\",\"valueRequired\":true,\"valueName\":\"search_term_string\"}}],\"inLanguage\":\"es\"},{\"@type\":\"Organization\",\"@id\":\"https:\\\/\\\/lospoliticosveracruz.com\\\/#organization\",\"name\":\"Los pol\u00edticos Veracruz\",\"url\":\"https:\\\/\\\/lospoliticosveracruz.com\\\/\",\"logo\":{\"@type\":\"ImageObject\",\"inLanguage\":\"es\",\"@id\":\"https:\\\/\\\/lospoliticosveracruz.com\\\/#\\\/schema\\\/logo\\\/image\\\/\",\"url\":\"https:\\\/\\\/lospoliticosveracruz.com\\\/wp-content\\\/uploads\\\/2025\\\/12\\\/Logo-Nuevo-LOS-POLITICOS-1.jpg\",\"contentUrl\":\"https:\\\/\\\/lospoliticosveracruz.com\\\/wp-content\\\/uploads\\\/2025\\\/12\\\/Logo-Nuevo-LOS-POLITICOS-1.jpg\",\"width\":260,\"height\":70,\"caption\":\"Los pol\u00edticos Veracruz\"},\"image\":{\"@id\":\"https:\\\/\\\/lospoliticosveracruz.com\\\/#\\\/schema\\\/logo\\\/image\\\/\"},\"sameAs\":[\"https:\\\/\\\/www.facebook.com\\\/people\\\/Notimemes-de-los-Polticos\\\/61565672886568\\\/\",\"https:\\\/\\\/x.com\\\/LosPoliticosVer\"]},{\"@type\":\"Person\",\"@id\":\"https:\\\/\\\/lospoliticosveracruz.com\\\/#\\\/schema\\\/person\\\/b8702bb0e538456e6efd07080bf2a4a2\",\"name\":\"Lo viste en Los Pol\u00edticos\",\"image\":{\"@type\":\"ImageObject\",\"inLanguage\":\"es\",\"@id\":\"https:\\\/\\\/secure.gravatar.com\\\/avatar\\\/3a8de04a2656d44082be478bd6c086daa447c4651605818287b9532d3d0bd435?s=96&d=mm&r=g\",\"url\":\"https:\\\/\\\/secure.gravatar.com\\\/avatar\\\/3a8de04a2656d44082be478bd6c086daa447c4651605818287b9532d3d0bd435?s=96&d=mm&r=g\",\"contentUrl\":\"https:\\\/\\\/secure.gravatar.com\\\/avatar\\\/3a8de04a2656d44082be478bd6c086daa447c4651605818287b9532d3d0bd435?s=96&d=mm&r=g\",\"caption\":\"Lo viste en Los Pol\u00edticos\"},\"url\":\"https:\\\/\\\/lospoliticosveracruz.com\\\/?author=2\"}]}<\/script>\n<!-- \/ Yoast SEO plugin. -->","yoast_head_json":{"title":"LA PRIMERA DE 85 - Los pol\u00edticos Veracruz","robots":{"index":"index","follow":"follow","max-snippet":"max-snippet:-1","max-image-preview":"max-image-preview:large","max-video-preview":"max-video-preview:-1"},"canonical":"https:\/\/lospoliticosveracruz.com\/?p=133625","og_locale":"es_ES","og_type":"article","og_title":"LA PRIMERA DE 85 - Los pol\u00edticos Veracruz","og_description":"Rafael Fararoni Maga\u00f1a&nbsp; El Apunte de Rafa \u201cNo llego sola, llegamos todas\u201d fue una de las frases emitidas en su discurso de llegada a la presidencia y con estas palabras la doctora Claudia Sheinbaum demuestra que su gesti\u00f3n, en definitiva, tendr\u00e1 tambi\u00e9n un enfoque de g\u00e9nero. Y c\u00f3mo no hacerlo, si en M\u00e9xico existen m\u00e1s [&hellip;]","og_url":"https:\/\/lospoliticosveracruz.com\/?p=133625","og_site_name":"Los pol\u00edticos Veracruz","article_publisher":"https:\/\/www.facebook.com\/people\/Notimemes-de-los-Polticos\/61565672886568\/","article_published_time":"2024-12-05T16:14:39+00:00","article_modified_time":"2024-12-05T16:15:04+00:00","og_image":[{"width":1250,"height":667,"url":"https:\/\/lospoliticosveracruz.com\/wp-content\/uploads\/2024\/10\/Rafa-Fararoni.jpg","type":"image\/jpeg"}],"author":"Lo viste en Los Pol\u00edticos","twitter_card":"summary_large_image","twitter_creator":"@LosPoliticosVer","twitter_site":"@LosPoliticosVer","twitter_misc":{"Escrito por":"Lo viste en Los Pol\u00edticos","Tiempo de lectura":"4 minutos"},"schema":{"@context":"https:\/\/schema.org","@graph":[{"@type":"Article","@id":"https:\/\/lospoliticosveracruz.com\/?p=133625#article","isPartOf":{"@id":"https:\/\/lospoliticosveracruz.com\/?p=133625"},"author":{"name":"Lo viste en Los Pol\u00edticos","@id":"https:\/\/lospoliticosveracruz.com\/#\/schema\/person\/b8702bb0e538456e6efd07080bf2a4a2"},"headline":"LA PRIMERA DE 85","datePublished":"2024-12-05T16:14:39+00:00","dateModified":"2024-12-05T16:15:04+00:00","mainEntityOfPage":{"@id":"https:\/\/lospoliticosveracruz.com\/?p=133625"},"wordCount":808,"publisher":{"@id":"https:\/\/lospoliticosveracruz.com\/#organization"},"image":{"@id":"https:\/\/lospoliticosveracruz.com\/?p=133625#primaryimage"},"thumbnailUrl":"https:\/\/lospoliticosveracruz.com\/wp-content\/uploads\/2024\/10\/Rafa-Fararoni.jpg","articleSection":["De Opini\u00f3n"],"inLanguage":"es"},{"@type":"WebPage","@id":"https:\/\/lospoliticosveracruz.com\/?p=133625","url":"https:\/\/lospoliticosveracruz.com\/?p=133625","name":"LA PRIMERA DE 85 - Los pol\u00edticos Veracruz","isPartOf":{"@id":"https:\/\/lospoliticosveracruz.com\/#website"},"primaryImageOfPage":{"@id":"https:\/\/lospoliticosveracruz.com\/?p=133625#primaryimage"},"image":{"@id":"https:\/\/lospoliticosveracruz.com\/?p=133625#primaryimage"},"thumbnailUrl":"https:\/\/lospoliticosveracruz.com\/wp-content\/uploads\/2024\/10\/Rafa-Fararoni.jpg","datePublished":"2024-12-05T16:14:39+00:00","dateModified":"2024-12-05T16:15:04+00:00","breadcrumb":{"@id":"https:\/\/lospoliticosveracruz.com\/?p=133625#breadcrumb"},"inLanguage":"es","potentialAction":[{"@type":"ReadAction","target":["https:\/\/lospoliticosveracruz.com\/?p=133625"]}]},{"@type":"ImageObject","inLanguage":"es","@id":"https:\/\/lospoliticosveracruz.com\/?p=133625#primaryimage","url":"https:\/\/lospoliticosveracruz.com\/wp-content\/uploads\/2024\/10\/Rafa-Fararoni.jpg","contentUrl":"https:\/\/lospoliticosveracruz.com\/wp-content\/uploads\/2024\/10\/Rafa-Fararoni.jpg","width":1250,"height":667},{"@type":"BreadcrumbList","@id":"https:\/\/lospoliticosveracruz.com\/?p=133625#breadcrumb","itemListElement":[{"@type":"ListItem","position":1,"name":"Portada","item":"https:\/\/lospoliticosveracruz.com\/"},{"@type":"ListItem","position":2,"name":"LA PRIMERA DE 85"}]},{"@type":"WebSite","@id":"https:\/\/lospoliticosveracruz.com\/#website","url":"https:\/\/lospoliticosveracruz.com\/","name":"Los pol\u00edticos Veracruz","description":"","publisher":{"@id":"https:\/\/lospoliticosveracruz.com\/#organization"},"potentialAction":[{"@type":"SearchAction","target":{"@type":"EntryPoint","urlTemplate":"https:\/\/lospoliticosveracruz.com\/?s={search_term_string}"},"query-input":{"@type":"PropertyValueSpecification","valueRequired":true,"valueName":"search_term_string"}}],"inLanguage":"es"},{"@type":"Organization","@id":"https:\/\/lospoliticosveracruz.com\/#organization","name":"Los pol\u00edticos Veracruz","url":"https:\/\/lospoliticosveracruz.com\/","logo":{"@type":"ImageObject","inLanguage":"es","@id":"https:\/\/lospoliticosveracruz.com\/#\/schema\/logo\/image\/","url":"https:\/\/lospoliticosveracruz.com\/wp-content\/uploads\/2025\/12\/Logo-Nuevo-LOS-POLITICOS-1.jpg","contentUrl":"https:\/\/lospoliticosveracruz.com\/wp-content\/uploads\/2025\/12\/Logo-Nuevo-LOS-POLITICOS-1.jpg","width":260,"height":70,"caption":"Los pol\u00edticos Veracruz"},"image":{"@id":"https:\/\/lospoliticosveracruz.com\/#\/schema\/logo\/image\/"},"sameAs":["https:\/\/www.facebook.com\/people\/Notimemes-de-los-Polticos\/61565672886568\/","https:\/\/x.com\/LosPoliticosVer"]},{"@type":"Person","@id":"https:\/\/lospoliticosveracruz.com\/#\/schema\/person\/b8702bb0e538456e6efd07080bf2a4a2","name":"Lo viste en Los Pol\u00edticos","image":{"@type":"ImageObject","inLanguage":"es","@id":"https:\/\/secure.gravatar.com\/avatar\/3a8de04a2656d44082be478bd6c086daa447c4651605818287b9532d3d0bd435?s=96&d=mm&r=g","url":"https:\/\/secure.gravatar.com\/avatar\/3a8de04a2656d44082be478bd6c086daa447c4651605818287b9532d3d0bd435?s=96&d=mm&r=g","contentUrl":"https:\/\/secure.gravatar.com\/avatar\/3a8de04a2656d44082be478bd6c086daa447c4651605818287b9532d3d0bd435?s=96&d=mm&r=g","caption":"Lo viste en Los Pol\u00edticos"},"url":"https:\/\/lospoliticosveracruz.com\/?author=2"}]}},"_links":{"self":[{"href":"https:\/\/lospoliticosveracruz.com\/index.php?rest_route=\/wp\/v2\/posts\/133625","targetHints":{"allow":["GET"]}}],"collection":[{"href":"https:\/\/lospoliticosveracruz.com\/index.php?rest_route=\/wp\/v2\/posts"}],"about":[{"href":"https:\/\/lospoliticosveracruz.com\/index.php?rest_route=\/wp\/v2\/types\/post"}],"author":[{"embeddable":true,"href":"https:\/\/lospoliticosveracruz.com\/index.php?rest_route=\/wp\/v2\/users\/2"}],"replies":[{"embeddable":true,"href":"https:\/\/lospoliticosveracruz.com\/index.php?rest_route=%2Fwp%2Fv2%2Fcomments&post=133625"}],"version-history":[{"count":1,"href":"https:\/\/lospoliticosveracruz.com\/index.php?rest_route=\/wp\/v2\/posts\/133625\/revisions"}],"predecessor-version":[{"id":133626,"href":"https:\/\/lospoliticosveracruz.com\/index.php?rest_route=\/wp\/v2\/posts\/133625\/revisions\/133626"}],"wp:featuredmedia":[{"embeddable":true,"href":"https:\/\/lospoliticosveracruz.com\/index.php?rest_route=\/wp\/v2\/media\/130690"}],"wp:attachment":[{"href":"https:\/\/lospoliticosveracruz.com\/index.php?rest_route=%2Fwp%2Fv2%2Fmedia&parent=133625"}],"wp:term":[{"taxonomy":"category","embeddable":true,"href":"https:\/\/lospoliticosveracruz.com\/index.php?rest_route=%2Fwp%2Fv2%2Fcategories&post=133625"},{"taxonomy":"post_tag","embeddable":true,"href":"https:\/\/lospoliticosveracruz.com\/index.php?rest_route=%2Fwp%2Fv2%2Ftags&post=133625"}],"curies":[{"name":"wp","href":"https:\/\/api.w.org\/{rel}","templated":true}]}}