{"id":133677,"date":"2024-12-06T07:44:15","date_gmt":"2024-12-06T13:44:15","guid":{"rendered":"https:\/\/lospoliticosveracruz.com.mx\/?p=133677"},"modified":"2024-12-06T07:44:37","modified_gmt":"2024-12-06T13:44:37","slug":"patron-jarocho","status":"publish","type":"post","link":"https:\/\/lospoliticosveracruz.com\/?p=133677","title":{"rendered":"PATR\u00d3N JAROCHO"},"content":{"rendered":"\n<p><strong>Oved Contreras<br><\/strong><em>Secas Mecas<\/em><\/p>\n\n\n\n<p>Como resultado de un proceso electoral, la Confederaci\u00f3n Patronal de la Rep\u00fablica Mexicana (Coparmex) eligi\u00f3 hoy a Juan Jos\u00e9 Sierra \u00c1lvarez como el pr\u00f3ximo presidente de dicho sindicato patronal.El contador p\u00fablico, originario de Veracruz y quien fuera vicepresidente nacional de Centros Empresariales y Federaciones, fue elegido por mayor\u00eda de votos en Asamblea General, en la que participaron los presidentes de 71 centros empresariales del pa\u00eds.<br>A partir del 1 de enero de 2025, Sierra \u00c1lvarez sustituir\u00e1 a Jos\u00e9 Medina Mora, quien estuvo al frente del organismo durante cuatro a\u00f1os.<\/p>\n\n\n\n<p>En su discurso como presidente electo, Sierra \u00c1lvarez hizo un llamado a la unidad de los empresarios para enfrentar los desaf\u00edos que&nbsp;M\u00e9xico tiene por delante\u2026y precis\u00f3 que hoy Coparmex es m\u00e1s fuerte que nunca \u201cy nuestro pa\u00eds nos necesita. Trabajemos todos juntos para construir la naci\u00f3n que so\u00f1amos y merecemos\u201d. Adem\u00e1s, destac\u00f3 su compromiso de trabajar para reducir la pobreza y la desigualdad, promoviendo un desarrollo inclusivo y posicionando a las empresas como agentes de cambio y transformaci\u00f3n social\u2026bien por Juan Jos\u00e9 Sierra.<\/p>\n\n\n\n<p><strong>D\u00cdA CINCO<\/strong>\u2026y nada\u2026ya casi una semana de que el Kuicaras se fue del gobierno y la presi Claudia no lo ha llamado al gabinete\u2026ni un telefonazo ni un whatsappazo\u2026ni un mensseguer en el Feisbuk\u2026que pasar\u00e1??\u2026.que misterio habr\u00e1??\u2026puede ser mi gran noche\u2026.juar juar juar\u2026as\u00ed como canta el divo de Linares, el espa\u00f1ol Rafail\u2026as\u00ed merito ha de andar pregunt\u00e1ndose el Cuitlacoche\u2026.<\/p>\n\n\n\n<p>N0 que le iban a dar un cargo s\u00faper-mega estrat\u00e9gico all\u00e1 en la capirucha??? y que ah\u00ed mero iba a poner en pr\u00e1ctica toda su sapiencia en ingenier\u00eda\u2026y har\u00eda lucir el diploma que el entreg\u00f3 el Martincillo Aguilar de la UV como inventor ???\u2026.pos nada\u2026eso de inventor pos solo de chismes porque nada le han cumplido\u2026.<\/p>\n\n\n\n<p>Al Kuicaras le est\u00e1 pasando igualito que en la campa\u00f1a y en la postcampa\u00f1a\u2026.tanto cacare\u00f3 el huevo antes de ponerlo\u2026tanto que dijo y jur\u00f3 que se ir\u00eda de Veracruz pal altiplano y que los jarochos no se lo merec\u00edan\u2026y es la hora que sigue esperando\u2026ya van cinco d\u00edas y todo apunta a que ser\u00e1n m\u00e1s\u2026a ver si no lo llaman pal 28 de diciembre\u2026pa que lo hagan inocente palomita\u2026..juar juar juar\u2026<\/p>\n\n\n\n<p><strong>\u00c9L Y SU JOTCHO<\/strong>\u2026eso s\u00ed\u2026el Kuicaras tampoco no se ha ido de vaca-ciones\u2026ser\u00e1 porque no tiene con qui\u00e9n pos lana le sobra\u2026y que tampoco se haga el solitario porque acarrea como diez guachomas, mal encarados y empistolados\u2026.pos que se los jale pa Canc\u00fan\u2026o pa Cuba\u2026total lo que pasa en el Caribe\u2026se queda en el Caribe\u2026.que haga maletaaaassss\u2026<\/p>\n\n\n\n<p>Por mientras\u2026.anda por all\u00ed de perra flaca en Xalapa\u2026dicen que lo vieron en un partido de Los Halcones en la zona universitaria\u2026y que si no es por sus escoltas\u2026y las camionetotas que lo llevan y traen\u2026.la gente ni siquiera se entera que es \u00e9l\u2026ni fu ni fa\u2026si como gobernador no lo pelaban\u2026.ahora que est\u00e1 desempleado pos mucho menos\u2026.<\/p>\n\n\n\n<p>Los que le siguen la pista cuentan que hasta se comi\u00f3 un jotcho\u2026(dije j-o-t-c-h-o\u2026de hot dog\u2026) \u00e9l y su alma\u2026y el vendedor ni siquiera supo que le estaba vendiendo el &#8216;esnake&#8217;\u2026si no se lo hubiera cobrado al triple\u2026o le hubiera puesto un purgante pa desquitarse de todo lo que hizo en palacio de gobierno\u2026.<\/p>\n\n\n\n<p>Hasta cuando lo llamar\u00e1 Claudis\u2026???\u2026.sepa Dios\u2026pero nosotros estamos que ni comemos de la preocupaci\u00f3n\u2026.juar juar juar\u2026p\u00f3nganlo siquiera a barrer la calle pa que tenga algo en que ocuparse\u2026.porque tambi\u00e9n en la UV\u2026donde prometi\u00f3 que regresar\u00eda a dar clases (sustote pa los alumnos\u2026.juar juar)\u2026ya casi est\u00e1n de vacaciones\u2026.aburrrrr..<\/p>\n\n\n\n<p><strong>A LA CHINADA<\/strong>\u2026.la presiClaudia y su secre de Econom\u00eda\u2026el karnal Marcelo Ebrard\u2026ya sentenciaron que se les acab\u00f3 la fiesta a los chinos\u2026ahora que el Donald Trump amenaza con poner aranceles a los productos mexicanos por dejar pasar productos de China pa los Yunaites\u2026quesque M\u00e9xico permite el contrabando chino y se lo escasqueta al vecino pa\u00eds por medio del T-MEC\u2026<\/p>\n\n\n\n<p>El karnal Marcelo ya hasta desmantel\u00f3 una plaza de puestos de pura fayuca china en la capirucha y que va por m\u00e1s\u2026.tons la voz de alerta es tambi\u00e9n pa los chinos de la tribu de ac\u00e1\u2026porque hasta pueden ir por ellos\u2026.se les va acabar la fiesta al Chino \u00c1vila\u2026el diputeibol del congreso local\u2026al exgoberneitor Fla-chino R\u00edos Alvarado\u2026.y al Terremoto Veracruzano\u2026.la Namiko Matzumoto de derechos humanos\u2026<\/p>\n\n\n\n<p>Tambi\u00e9n al Chino Valdez del \u00c1guila de Veracruz\u2026a todos esos chinos los van a mandar a la chinada\u2026igualito que a otros que por ah\u00ed andan haciendo chinaderas\u2026juar juar juar.<\/p>\n\n\n\n<p><strong>Peroooooooo<\/strong>\u2026desde ahorita le paramos el alto al Karnal y a la presipeja pa que no se metan con El Chino de las revistas\u2026el del puesto de Los Portales\u2026porque ese s\u00ed es gente de bien\u2026chambeador y honrado\u2026no como los pol\u00edtiquillos esos que enlistamos\u2026.y adem\u00e1s es nuestro carnal de a devis\u2026si se meten con El Chino se meten con todos los jarochos\u2026chiras pelassss\u2026!!!<\/p>\n","protected":false},"excerpt":{"rendered":"<p>Oved ContrerasSecas Mecas Como resultado de un proceso electoral, la Confederaci\u00f3n Patronal de la Rep\u00fablica Mexicana (Coparmex) eligi\u00f3 hoy a Juan Jos\u00e9 Sierra \u00c1lvarez como el pr\u00f3ximo presidente de dicho sindicato patronal.El contador p\u00fablico, originario de Veracruz y quien fuera vicepresidente nacional de Centros Empresariales y Federaciones, fue elegido por mayor\u00eda de votos en Asamblea [&hellip;]<\/p>\n","protected":false},"author":2,"featured_media":119816,"comment_status":"closed","ping_status":"closed","sticky":false,"template":"","format":"standard","meta":{"tdm_status":"","tdm_grid_status":"","footnotes":""},"categories":[70],"tags":[1563,34084,11467,1026,39715,195],"class_list":{"0":"post-133677","1":"post","2":"type-post","3":"status-publish","4":"format-standard","5":"has-post-thumbnail","7":"category-de-opinion","8":"tag-cuitlahuac-garcia-jimenez","9":"tag-jose-medina-mora","10":"tag-juan-jose-sierra-alvarez","11":"tag-morena","12":"tag-oved-contreras","13":"tag-veracruz"},"yoast_head":"<!-- This site is optimized with the Yoast SEO plugin v27.4 - https:\/\/yoast.com\/product\/yoast-seo-wordpress\/ -->\n<title>PATR\u00d3N JAROCHO - Los pol\u00edticos Veracruz<\/title>\n<meta name=\"robots\" content=\"index, follow, max-snippet:-1, max-image-preview:large, max-video-preview:-1\" \/>\n<link rel=\"canonical\" href=\"https:\/\/lospoliticosveracruz.com\/?p=133677\" \/>\n<meta property=\"og:locale\" content=\"es_ES\" \/>\n<meta property=\"og:type\" content=\"article\" \/>\n<meta property=\"og:title\" content=\"PATR\u00d3N JAROCHO - Los pol\u00edticos Veracruz\" \/>\n<meta property=\"og:description\" content=\"Oved ContrerasSecas Mecas Como resultado de un proceso electoral, la Confederaci\u00f3n Patronal de la Rep\u00fablica Mexicana (Coparmex) eligi\u00f3 hoy a Juan Jos\u00e9 Sierra \u00c1lvarez como el pr\u00f3ximo presidente de dicho sindicato patronal.El contador p\u00fablico, originario de Veracruz y quien fuera vicepresidente nacional de Centros Empresariales y Federaciones, fue elegido por mayor\u00eda de votos en Asamblea [&hellip;]\" \/>\n<meta property=\"og:url\" content=\"https:\/\/lospoliticosveracruz.com\/?p=133677\" \/>\n<meta property=\"og:site_name\" content=\"Los pol\u00edticos Veracruz\" \/>\n<meta property=\"article:publisher\" content=\"https:\/\/www.facebook.com\/people\/Notimemes-de-los-Polticos\/61565672886568\/\" \/>\n<meta property=\"article:published_time\" content=\"2024-12-06T13:44:15+00:00\" \/>\n<meta property=\"article:modified_time\" content=\"2024-12-06T13:44:37+00:00\" \/>\n<meta property=\"og:image\" content=\"https:\/\/lospoliticosveracruz.com\/wp-content\/uploads\/2024\/03\/Oved-Contreras.jpg\" \/>\n\t<meta property=\"og:image:width\" content=\"1250\" \/>\n\t<meta property=\"og:image:height\" content=\"667\" \/>\n\t<meta property=\"og:image:type\" content=\"image\/jpeg\" \/>\n<meta name=\"author\" content=\"Lo viste en Los Pol\u00edticos\" \/>\n<meta name=\"twitter:card\" content=\"summary_large_image\" \/>\n<meta name=\"twitter:creator\" content=\"@LosPoliticosVer\" \/>\n<meta name=\"twitter:site\" content=\"@LosPoliticosVer\" \/>\n<meta name=\"twitter:label1\" content=\"Escrito por\" \/>\n\t<meta name=\"twitter:data1\" content=\"Lo viste en Los Pol\u00edticos\" \/>\n\t<meta name=\"twitter:label2\" content=\"Tiempo de lectura\" \/>\n\t<meta name=\"twitter:data2\" content=\"5 minutos\" \/>\n<script type=\"application\/ld+json\" class=\"yoast-schema-graph\">{\"@context\":\"https:\\\/\\\/schema.org\",\"@graph\":[{\"@type\":\"Article\",\"@id\":\"https:\\\/\\\/lospoliticosveracruz.com\\\/?p=133677#article\",\"isPartOf\":{\"@id\":\"https:\\\/\\\/lospoliticosveracruz.com\\\/?p=133677\"},\"author\":{\"name\":\"Lo viste en Los Pol\u00edticos\",\"@id\":\"https:\\\/\\\/lospoliticosveracruz.com\\\/#\\\/schema\\\/person\\\/b8702bb0e538456e6efd07080bf2a4a2\"},\"headline\":\"PATR\u00d3N JAROCHO\",\"datePublished\":\"2024-12-06T13:44:15+00:00\",\"dateModified\":\"2024-12-06T13:44:37+00:00\",\"mainEntityOfPage\":{\"@id\":\"https:\\\/\\\/lospoliticosveracruz.com\\\/?p=133677\"},\"wordCount\":915,\"publisher\":{\"@id\":\"https:\\\/\\\/lospoliticosveracruz.com\\\/#organization\"},\"image\":{\"@id\":\"https:\\\/\\\/lospoliticosveracruz.com\\\/?p=133677#primaryimage\"},\"thumbnailUrl\":\"https:\\\/\\\/lospoliticosveracruz.com\\\/wp-content\\\/uploads\\\/2024\\\/03\\\/Oved-Contreras.jpg\",\"keywords\":[\"Cuitl\u00e1huac Garc\u00eda Jim\u00e9nez\",\"Jos\u00e9 Medina Mora\",\"Juan Jos\u00e9 Sierra \u00c1lvarez\",\"Morena\",\"Oved Contreras\",\"Veracruz\"],\"articleSection\":[\"De Opini\u00f3n\"],\"inLanguage\":\"es\"},{\"@type\":\"WebPage\",\"@id\":\"https:\\\/\\\/lospoliticosveracruz.com\\\/?p=133677\",\"url\":\"https:\\\/\\\/lospoliticosveracruz.com\\\/?p=133677\",\"name\":\"PATR\u00d3N JAROCHO - Los pol\u00edticos Veracruz\",\"isPartOf\":{\"@id\":\"https:\\\/\\\/lospoliticosveracruz.com\\\/#website\"},\"primaryImageOfPage\":{\"@id\":\"https:\\\/\\\/lospoliticosveracruz.com\\\/?p=133677#primaryimage\"},\"image\":{\"@id\":\"https:\\\/\\\/lospoliticosveracruz.com\\\/?p=133677#primaryimage\"},\"thumbnailUrl\":\"https:\\\/\\\/lospoliticosveracruz.com\\\/wp-content\\\/uploads\\\/2024\\\/03\\\/Oved-Contreras.jpg\",\"datePublished\":\"2024-12-06T13:44:15+00:00\",\"dateModified\":\"2024-12-06T13:44:37+00:00\",\"breadcrumb\":{\"@id\":\"https:\\\/\\\/lospoliticosveracruz.com\\\/?p=133677#breadcrumb\"},\"inLanguage\":\"es\",\"potentialAction\":[{\"@type\":\"ReadAction\",\"target\":[\"https:\\\/\\\/lospoliticosveracruz.com\\\/?p=133677\"]}]},{\"@type\":\"ImageObject\",\"inLanguage\":\"es\",\"@id\":\"https:\\\/\\\/lospoliticosveracruz.com\\\/?p=133677#primaryimage\",\"url\":\"https:\\\/\\\/lospoliticosveracruz.com\\\/wp-content\\\/uploads\\\/2024\\\/03\\\/Oved-Contreras.jpg\",\"contentUrl\":\"https:\\\/\\\/lospoliticosveracruz.com\\\/wp-content\\\/uploads\\\/2024\\\/03\\\/Oved-Contreras.jpg\",\"width\":1250,\"height\":667},{\"@type\":\"BreadcrumbList\",\"@id\":\"https:\\\/\\\/lospoliticosveracruz.com\\\/?p=133677#breadcrumb\",\"itemListElement\":[{\"@type\":\"ListItem\",\"position\":1,\"name\":\"Portada\",\"item\":\"https:\\\/\\\/lospoliticosveracruz.com\\\/\"},{\"@type\":\"ListItem\",\"position\":2,\"name\":\"PATR\u00d3N JAROCHO\"}]},{\"@type\":\"WebSite\",\"@id\":\"https:\\\/\\\/lospoliticosveracruz.com\\\/#website\",\"url\":\"https:\\\/\\\/lospoliticosveracruz.com\\\/\",\"name\":\"Los pol\u00edticos Veracruz\",\"description\":\"\",\"publisher\":{\"@id\":\"https:\\\/\\\/lospoliticosveracruz.com\\\/#organization\"},\"potentialAction\":[{\"@type\":\"SearchAction\",\"target\":{\"@type\":\"EntryPoint\",\"urlTemplate\":\"https:\\\/\\\/lospoliticosveracruz.com\\\/?s={search_term_string}\"},\"query-input\":{\"@type\":\"PropertyValueSpecification\",\"valueRequired\":true,\"valueName\":\"search_term_string\"}}],\"inLanguage\":\"es\"},{\"@type\":\"Organization\",\"@id\":\"https:\\\/\\\/lospoliticosveracruz.com\\\/#organization\",\"name\":\"Los pol\u00edticos Veracruz\",\"url\":\"https:\\\/\\\/lospoliticosveracruz.com\\\/\",\"logo\":{\"@type\":\"ImageObject\",\"inLanguage\":\"es\",\"@id\":\"https:\\\/\\\/lospoliticosveracruz.com\\\/#\\\/schema\\\/logo\\\/image\\\/\",\"url\":\"https:\\\/\\\/lospoliticosveracruz.com\\\/wp-content\\\/uploads\\\/2025\\\/12\\\/Logo-Nuevo-LOS-POLITICOS-1.jpg\",\"contentUrl\":\"https:\\\/\\\/lospoliticosveracruz.com\\\/wp-content\\\/uploads\\\/2025\\\/12\\\/Logo-Nuevo-LOS-POLITICOS-1.jpg\",\"width\":260,\"height\":70,\"caption\":\"Los pol\u00edticos Veracruz\"},\"image\":{\"@id\":\"https:\\\/\\\/lospoliticosveracruz.com\\\/#\\\/schema\\\/logo\\\/image\\\/\"},\"sameAs\":[\"https:\\\/\\\/www.facebook.com\\\/people\\\/Notimemes-de-los-Polticos\\\/61565672886568\\\/\",\"https:\\\/\\\/x.com\\\/LosPoliticosVer\"]},{\"@type\":\"Person\",\"@id\":\"https:\\\/\\\/lospoliticosveracruz.com\\\/#\\\/schema\\\/person\\\/b8702bb0e538456e6efd07080bf2a4a2\",\"name\":\"Lo viste en Los Pol\u00edticos\",\"image\":{\"@type\":\"ImageObject\",\"inLanguage\":\"es\",\"@id\":\"https:\\\/\\\/secure.gravatar.com\\\/avatar\\\/3a8de04a2656d44082be478bd6c086daa447c4651605818287b9532d3d0bd435?s=96&d=mm&r=g\",\"url\":\"https:\\\/\\\/secure.gravatar.com\\\/avatar\\\/3a8de04a2656d44082be478bd6c086daa447c4651605818287b9532d3d0bd435?s=96&d=mm&r=g\",\"contentUrl\":\"https:\\\/\\\/secure.gravatar.com\\\/avatar\\\/3a8de04a2656d44082be478bd6c086daa447c4651605818287b9532d3d0bd435?s=96&d=mm&r=g\",\"caption\":\"Lo viste en Los Pol\u00edticos\"},\"url\":\"https:\\\/\\\/lospoliticosveracruz.com\\\/?author=2\"}]}<\/script>\n<!-- \/ Yoast SEO plugin. -->","yoast_head_json":{"title":"PATR\u00d3N JAROCHO - Los pol\u00edticos Veracruz","robots":{"index":"index","follow":"follow","max-snippet":"max-snippet:-1","max-image-preview":"max-image-preview:large","max-video-preview":"max-video-preview:-1"},"canonical":"https:\/\/lospoliticosveracruz.com\/?p=133677","og_locale":"es_ES","og_type":"article","og_title":"PATR\u00d3N JAROCHO - Los pol\u00edticos Veracruz","og_description":"Oved ContrerasSecas Mecas Como resultado de un proceso electoral, la Confederaci\u00f3n Patronal de la Rep\u00fablica Mexicana (Coparmex) eligi\u00f3 hoy a Juan Jos\u00e9 Sierra \u00c1lvarez como el pr\u00f3ximo presidente de dicho sindicato patronal.El contador p\u00fablico, originario de Veracruz y quien fuera vicepresidente nacional de Centros Empresariales y Federaciones, fue elegido por mayor\u00eda de votos en Asamblea [&hellip;]","og_url":"https:\/\/lospoliticosveracruz.com\/?p=133677","og_site_name":"Los pol\u00edticos Veracruz","article_publisher":"https:\/\/www.facebook.com\/people\/Notimemes-de-los-Polticos\/61565672886568\/","article_published_time":"2024-12-06T13:44:15+00:00","article_modified_time":"2024-12-06T13:44:37+00:00","og_image":[{"width":1250,"height":667,"url":"https:\/\/lospoliticosveracruz.com\/wp-content\/uploads\/2024\/03\/Oved-Contreras.jpg","type":"image\/jpeg"}],"author":"Lo viste en Los Pol\u00edticos","twitter_card":"summary_large_image","twitter_creator":"@LosPoliticosVer","twitter_site":"@LosPoliticosVer","twitter_misc":{"Escrito por":"Lo viste en Los Pol\u00edticos","Tiempo de lectura":"5 minutos"},"schema":{"@context":"https:\/\/schema.org","@graph":[{"@type":"Article","@id":"https:\/\/lospoliticosveracruz.com\/?p=133677#article","isPartOf":{"@id":"https:\/\/lospoliticosveracruz.com\/?p=133677"},"author":{"name":"Lo viste en Los Pol\u00edticos","@id":"https:\/\/lospoliticosveracruz.com\/#\/schema\/person\/b8702bb0e538456e6efd07080bf2a4a2"},"headline":"PATR\u00d3N JAROCHO","datePublished":"2024-12-06T13:44:15+00:00","dateModified":"2024-12-06T13:44:37+00:00","mainEntityOfPage":{"@id":"https:\/\/lospoliticosveracruz.com\/?p=133677"},"wordCount":915,"publisher":{"@id":"https:\/\/lospoliticosveracruz.com\/#organization"},"image":{"@id":"https:\/\/lospoliticosveracruz.com\/?p=133677#primaryimage"},"thumbnailUrl":"https:\/\/lospoliticosveracruz.com\/wp-content\/uploads\/2024\/03\/Oved-Contreras.jpg","keywords":["Cuitl\u00e1huac Garc\u00eda Jim\u00e9nez","Jos\u00e9 Medina Mora","Juan Jos\u00e9 Sierra \u00c1lvarez","Morena","Oved Contreras","Veracruz"],"articleSection":["De Opini\u00f3n"],"inLanguage":"es"},{"@type":"WebPage","@id":"https:\/\/lospoliticosveracruz.com\/?p=133677","url":"https:\/\/lospoliticosveracruz.com\/?p=133677","name":"PATR\u00d3N JAROCHO - Los pol\u00edticos Veracruz","isPartOf":{"@id":"https:\/\/lospoliticosveracruz.com\/#website"},"primaryImageOfPage":{"@id":"https:\/\/lospoliticosveracruz.com\/?p=133677#primaryimage"},"image":{"@id":"https:\/\/lospoliticosveracruz.com\/?p=133677#primaryimage"},"thumbnailUrl":"https:\/\/lospoliticosveracruz.com\/wp-content\/uploads\/2024\/03\/Oved-Contreras.jpg","datePublished":"2024-12-06T13:44:15+00:00","dateModified":"2024-12-06T13:44:37+00:00","breadcrumb":{"@id":"https:\/\/lospoliticosveracruz.com\/?p=133677#breadcrumb"},"inLanguage":"es","potentialAction":[{"@type":"ReadAction","target":["https:\/\/lospoliticosveracruz.com\/?p=133677"]}]},{"@type":"ImageObject","inLanguage":"es","@id":"https:\/\/lospoliticosveracruz.com\/?p=133677#primaryimage","url":"https:\/\/lospoliticosveracruz.com\/wp-content\/uploads\/2024\/03\/Oved-Contreras.jpg","contentUrl":"https:\/\/lospoliticosveracruz.com\/wp-content\/uploads\/2024\/03\/Oved-Contreras.jpg","width":1250,"height":667},{"@type":"BreadcrumbList","@id":"https:\/\/lospoliticosveracruz.com\/?p=133677#breadcrumb","itemListElement":[{"@type":"ListItem","position":1,"name":"Portada","item":"https:\/\/lospoliticosveracruz.com\/"},{"@type":"ListItem","position":2,"name":"PATR\u00d3N JAROCHO"}]},{"@type":"WebSite","@id":"https:\/\/lospoliticosveracruz.com\/#website","url":"https:\/\/lospoliticosveracruz.com\/","name":"Los pol\u00edticos Veracruz","description":"","publisher":{"@id":"https:\/\/lospoliticosveracruz.com\/#organization"},"potentialAction":[{"@type":"SearchAction","target":{"@type":"EntryPoint","urlTemplate":"https:\/\/lospoliticosveracruz.com\/?s={search_term_string}"},"query-input":{"@type":"PropertyValueSpecification","valueRequired":true,"valueName":"search_term_string"}}],"inLanguage":"es"},{"@type":"Organization","@id":"https:\/\/lospoliticosveracruz.com\/#organization","name":"Los pol\u00edticos Veracruz","url":"https:\/\/lospoliticosveracruz.com\/","logo":{"@type":"ImageObject","inLanguage":"es","@id":"https:\/\/lospoliticosveracruz.com\/#\/schema\/logo\/image\/","url":"https:\/\/lospoliticosveracruz.com\/wp-content\/uploads\/2025\/12\/Logo-Nuevo-LOS-POLITICOS-1.jpg","contentUrl":"https:\/\/lospoliticosveracruz.com\/wp-content\/uploads\/2025\/12\/Logo-Nuevo-LOS-POLITICOS-1.jpg","width":260,"height":70,"caption":"Los pol\u00edticos Veracruz"},"image":{"@id":"https:\/\/lospoliticosveracruz.com\/#\/schema\/logo\/image\/"},"sameAs":["https:\/\/www.facebook.com\/people\/Notimemes-de-los-Polticos\/61565672886568\/","https:\/\/x.com\/LosPoliticosVer"]},{"@type":"Person","@id":"https:\/\/lospoliticosveracruz.com\/#\/schema\/person\/b8702bb0e538456e6efd07080bf2a4a2","name":"Lo viste en Los Pol\u00edticos","image":{"@type":"ImageObject","inLanguage":"es","@id":"https:\/\/secure.gravatar.com\/avatar\/3a8de04a2656d44082be478bd6c086daa447c4651605818287b9532d3d0bd435?s=96&d=mm&r=g","url":"https:\/\/secure.gravatar.com\/avatar\/3a8de04a2656d44082be478bd6c086daa447c4651605818287b9532d3d0bd435?s=96&d=mm&r=g","contentUrl":"https:\/\/secure.gravatar.com\/avatar\/3a8de04a2656d44082be478bd6c086daa447c4651605818287b9532d3d0bd435?s=96&d=mm&r=g","caption":"Lo viste en Los Pol\u00edticos"},"url":"https:\/\/lospoliticosveracruz.com\/?author=2"}]}},"_links":{"self":[{"href":"https:\/\/lospoliticosveracruz.com\/index.php?rest_route=\/wp\/v2\/posts\/133677","targetHints":{"allow":["GET"]}}],"collection":[{"href":"https:\/\/lospoliticosveracruz.com\/index.php?rest_route=\/wp\/v2\/posts"}],"about":[{"href":"https:\/\/lospoliticosveracruz.com\/index.php?rest_route=\/wp\/v2\/types\/post"}],"author":[{"embeddable":true,"href":"https:\/\/lospoliticosveracruz.com\/index.php?rest_route=\/wp\/v2\/users\/2"}],"replies":[{"embeddable":true,"href":"https:\/\/lospoliticosveracruz.com\/index.php?rest_route=%2Fwp%2Fv2%2Fcomments&post=133677"}],"version-history":[{"count":2,"href":"https:\/\/lospoliticosveracruz.com\/index.php?rest_route=\/wp\/v2\/posts\/133677\/revisions"}],"predecessor-version":[{"id":133679,"href":"https:\/\/lospoliticosveracruz.com\/index.php?rest_route=\/wp\/v2\/posts\/133677\/revisions\/133679"}],"wp:featuredmedia":[{"embeddable":true,"href":"https:\/\/lospoliticosveracruz.com\/index.php?rest_route=\/wp\/v2\/media\/119816"}],"wp:attachment":[{"href":"https:\/\/lospoliticosveracruz.com\/index.php?rest_route=%2Fwp%2Fv2%2Fmedia&parent=133677"}],"wp:term":[{"taxonomy":"category","embeddable":true,"href":"https:\/\/lospoliticosveracruz.com\/index.php?rest_route=%2Fwp%2Fv2%2Fcategories&post=133677"},{"taxonomy":"post_tag","embeddable":true,"href":"https:\/\/lospoliticosveracruz.com\/index.php?rest_route=%2Fwp%2Fv2%2Ftags&post=133677"}],"curies":[{"name":"wp","href":"https:\/\/api.w.org\/{rel}","templated":true}]}}