{"id":133685,"date":"2024-12-06T08:56:44","date_gmt":"2024-12-06T14:56:44","guid":{"rendered":"https:\/\/lospoliticosveracruz.com.mx\/?p=133685"},"modified":"2024-12-06T08:56:56","modified_gmt":"2024-12-06T14:56:56","slug":"en-graves-aprietos-economicos-muchos-alcaldes","status":"publish","type":"post","link":"https:\/\/lospoliticosveracruz.com\/?p=133685","title":{"rendered":"EN GRAVES APRIETOS ECON\u00d3MICOS MUCHOS ALCALDES"},"content":{"rendered":"\n<p><strong>Fanny Y\u00e9pez<\/strong><\/p>\n\n\n\n<p><em>La Columna<br><\/em><\/p>\n\n\n\n<p>Decenas de presidentes municipales en forma ilusa, consideraban que hab\u00edan evadido la acci\u00f3n de la justicia, porque fueron a expiar sus culpas econ\u00f3micas a un despacho contable situado en una Torre del municipio de Boca del Rio. D\u00e9jenme decirles que est\u00e1n equivocados, que el destino los alcanzo y que pr\u00f3ximamente se ver\u00e1n obligados a presentarse ante la justicia a explicar el desvi\u00f3 de cientos de millones de pesos, que no aparecieron pero que figuran en las auditor\u00edas practicadas por el \u00d3rgano de Fiscalizaci\u00f3n Superior.<\/p>\n\n\n<div class=\"wp-block-image\">\n<figure class=\"alignleft size-medium\"><a href=\"https:\/\/lospoliticosveracruz.com.mx\/wp-content\/uploads\/2021\/10\/Zacauilt.jpg\"><img decoding=\"async\" src=\"https:\/\/lospoliticosveracruz.com.mx\/wp-content\/uploads\/2021\/10\/Zacauilt-150x300.jpg\" alt=\"\" class=\"wp-image-80558\"\/><\/a><\/figure>\n<\/div>\n\n\n<p><br>No se\u00f1ores alcaldes, este no ser\u00e1 el a\u00f1o de \u201cHIDALGO\u201d, pr\u00f3ximamente se ventilar\u00e1n las irregularidades cometidas durante su cuatrienio, esto suceder\u00e1, aunque hayan acordado con el conglomerado contable que se situ\u00f3 en la Torre JV Residencial, Blvd. Manuel \u00c1vila Camacho 3534, Costa de Oro, 94299 Boca del R\u00edo, que seguramente tambi\u00e9n ser\u00e1 investigado.<br>Hay que recordar que el \u00d3rgano de Fiscalizaci\u00f3n Superior (Orfis), ha presentado m\u00e1s 50 denuncias ante el Tribunal de Justicia de Administrativa (Trijaev), relacionados con da\u00f1os patrimoniales detectados en gobiernos anteriores y la actual administraci\u00f3n estatal, confirm\u00f3 la auditora general, Delia Gonz\u00e1lez Cobos.<br>Por lo tanto, los mun\u00edcipes y sus tesoreros deben estar enterados o advertidos que no hay ning\u00fan blindaje que les permita evadir la acci\u00f3n de la justicia, no habr\u00e1 impunidad al haberse enriquecido a costillas del erario p\u00fablico.<br>De 212 ayuntamientos que hay en el estado de Veracruz, 179 tienen un presunto da\u00f1o patrimonial por mil 344 millones 291 mil 432.50 pesos que, corresponden al ejercicio fiscal de la Cuenta P\u00fablica 2023.<br>Entre las principales irregularidades se encuentran la falta de comprobaci\u00f3n de gastos por obras, la carencia de validaciones y permisos para obra p\u00fablica, obras pagadas sin ejecutarse y recursos p\u00fablicos usados durante las precampa\u00f1as.<br>En el mes de septiembre pasado el Poder Legislativo recibi\u00f3 de la titular del ORFIS Veracruz, Delia Gonz\u00e1lez Cobos, el Informe de Resultados General Ejecutivo e Informes Individuales de la Cuenta P\u00fablica 2023, en los tiempos establecidos por la Ley de Fiscalizaci\u00f3n del Estado.<br>La Comisi\u00f3n Permanente de Vigilancia del Congreso del Estado consider\u00f3 como positivo, que haya aumentado el n\u00famero de ayuntamientos que lograron subsanar a tiempo observaciones del ORFIS Veracruz, librando da\u00f1o patrimonial.<br>Cabe se\u00f1alar que entre 2006 y 2018 fueron aprehendidos ex alcaldes de los municipios de Tecolutla, Benito Ju\u00e1rez, Saltabarranca, Coxquihui, Tuxpan, Las Choapas, Las Minas, Tlacojalpan, Coyutla, Fort\u00edn, Yanga y Pajapan. Ning\u00fan pez gordo, pero en esta ocasi\u00f3n se prev\u00e9 que caigan ediles que manejaron presupuestos voluminosos como si fueran sus cuentas bancarias particulares, que adquirieron lujosas residencias, ranchos, empresas particulares y autom\u00f3viles o camionetas nuevecitas de paquete.<br>Ojal\u00e1 que los diputados locales y federales no salgan al paso a defender a sus correligionarios, los representantes populares en este y otros casos similares est\u00e1n obligados a proteger los intereses del pueblo. Todos deben actuar apegados a derecho y no permitir la impunidad.<br><strong>MALVERSACION o PECULADO<\/strong> es definido como la apropiaci\u00f3n indebida o desviaci\u00f3n por un funcionario p\u00fablico o por una persona que dirija una entidad del sector privado o cumpla una funci\u00f3n en ella, de bienes, fondos o t\u00edtulos p\u00fablicos o privados o cualquier otra cosa de valor que se hayan confiado al funcionario en virtud.<br>Que el art\u00edculo 261 del C\u00f3digo Penal que contiene la figura del delito de peculado, en su primer p\u00e1rrafo establece que \u00abSer\u00e1 reprimido con reclusi\u00f3n o prisi\u00f3n de dos a diez a\u00f1os e inhabilitaci\u00f3n absoluta perpetua, el funcionario que sustrajere caudales o efectos cuya administraci\u00f3n, percepci\u00f3n o custodia le haya sido confiados.<\/p>\n","protected":false},"excerpt":{"rendered":"<p>Fanny Y\u00e9pez La Columna Decenas de presidentes municipales en forma ilusa, consideraban que hab\u00edan evadido la acci\u00f3n de la justicia, porque fueron a expiar sus culpas econ\u00f3micas a un despacho contable situado en una Torre del municipio de Boca del Rio. D\u00e9jenme decirles que est\u00e1n equivocados, que el destino los alcanzo y que pr\u00f3ximamente se [&hellip;]<\/p>\n","protected":false},"author":2,"featured_media":126076,"comment_status":"closed","ping_status":"closed","sticky":false,"template":"","format":"standard","meta":{"tdm_status":"","tdm_grid_status":"","footnotes":""},"categories":[70],"tags":[15181,3398,35813],"class_list":{"0":"post-133685","1":"post","2":"type-post","3":"status-publish","4":"format-standard","5":"has-post-thumbnail","7":"category-de-opinion","8":"tag-delia-gonzalez-cobos","9":"tag-fanny-yepez","10":"tag-orfis-veracruz"},"yoast_head":"<!-- This site is optimized with the Yoast SEO plugin v27.4 - https:\/\/yoast.com\/product\/yoast-seo-wordpress\/ -->\n<title>EN GRAVES APRIETOS ECON\u00d3MICOS MUCHOS ALCALDES - Los pol\u00edticos Veracruz<\/title>\n<meta name=\"robots\" content=\"index, follow, max-snippet:-1, max-image-preview:large, max-video-preview:-1\" \/>\n<link rel=\"canonical\" href=\"https:\/\/lospoliticosveracruz.com\/?p=133685\" \/>\n<meta property=\"og:locale\" content=\"es_ES\" \/>\n<meta property=\"og:type\" content=\"article\" \/>\n<meta property=\"og:title\" content=\"EN GRAVES APRIETOS ECON\u00d3MICOS MUCHOS ALCALDES - Los pol\u00edticos Veracruz\" \/>\n<meta property=\"og:description\" content=\"Fanny Y\u00e9pez La Columna Decenas de presidentes municipales en forma ilusa, consideraban que hab\u00edan evadido la acci\u00f3n de la justicia, porque fueron a expiar sus culpas econ\u00f3micas a un despacho contable situado en una Torre del municipio de Boca del Rio. D\u00e9jenme decirles que est\u00e1n equivocados, que el destino los alcanzo y que pr\u00f3ximamente se [&hellip;]\" \/>\n<meta property=\"og:url\" content=\"https:\/\/lospoliticosveracruz.com\/?p=133685\" \/>\n<meta property=\"og:site_name\" content=\"Los pol\u00edticos Veracruz\" \/>\n<meta property=\"article:publisher\" content=\"https:\/\/www.facebook.com\/people\/Notimemes-de-los-Polticos\/61565672886568\/\" \/>\n<meta property=\"article:published_time\" content=\"2024-12-06T14:56:44+00:00\" \/>\n<meta property=\"article:modified_time\" content=\"2024-12-06T14:56:56+00:00\" \/>\n<meta property=\"og:image\" content=\"https:\/\/lospoliticosveracruz.com\/wp-content\/uploads\/2024\/06\/Fanny-Yepez.jpg\" \/>\n\t<meta property=\"og:image:width\" content=\"1250\" \/>\n\t<meta property=\"og:image:height\" content=\"667\" \/>\n\t<meta property=\"og:image:type\" content=\"image\/jpeg\" \/>\n<meta name=\"author\" content=\"Lo viste en Los Pol\u00edticos\" \/>\n<meta name=\"twitter:card\" content=\"summary_large_image\" \/>\n<meta name=\"twitter:creator\" content=\"@LosPoliticosVer\" \/>\n<meta name=\"twitter:site\" content=\"@LosPoliticosVer\" \/>\n<meta name=\"twitter:label1\" content=\"Escrito por\" \/>\n\t<meta name=\"twitter:data1\" content=\"Lo viste en Los Pol\u00edticos\" \/>\n\t<meta name=\"twitter:label2\" content=\"Tiempo de lectura\" \/>\n\t<meta name=\"twitter:data2\" content=\"3 minutos\" \/>\n<script type=\"application\/ld+json\" class=\"yoast-schema-graph\">{\"@context\":\"https:\\\/\\\/schema.org\",\"@graph\":[{\"@type\":\"Article\",\"@id\":\"https:\\\/\\\/lospoliticosveracruz.com\\\/?p=133685#article\",\"isPartOf\":{\"@id\":\"https:\\\/\\\/lospoliticosveracruz.com\\\/?p=133685\"},\"author\":{\"name\":\"Lo viste en Los Pol\u00edticos\",\"@id\":\"https:\\\/\\\/lospoliticosveracruz.com\\\/#\\\/schema\\\/person\\\/b8702bb0e538456e6efd07080bf2a4a2\"},\"headline\":\"EN GRAVES APRIETOS ECON\u00d3MICOS MUCHOS ALCALDES\",\"datePublished\":\"2024-12-06T14:56:44+00:00\",\"dateModified\":\"2024-12-06T14:56:56+00:00\",\"mainEntityOfPage\":{\"@id\":\"https:\\\/\\\/lospoliticosveracruz.com\\\/?p=133685\"},\"wordCount\":636,\"publisher\":{\"@id\":\"https:\\\/\\\/lospoliticosveracruz.com\\\/#organization\"},\"image\":{\"@id\":\"https:\\\/\\\/lospoliticosveracruz.com\\\/?p=133685#primaryimage\"},\"thumbnailUrl\":\"https:\\\/\\\/lospoliticosveracruz.com\\\/wp-content\\\/uploads\\\/2024\\\/06\\\/Fanny-Yepez.jpg\",\"keywords\":[\"Delia Gonz\u00e1lez Cobos\",\"Fanny Y\u00e9pez\",\"ORFIS Veracruz\"],\"articleSection\":[\"De Opini\u00f3n\"],\"inLanguage\":\"es\"},{\"@type\":\"WebPage\",\"@id\":\"https:\\\/\\\/lospoliticosveracruz.com\\\/?p=133685\",\"url\":\"https:\\\/\\\/lospoliticosveracruz.com\\\/?p=133685\",\"name\":\"EN GRAVES APRIETOS ECON\u00d3MICOS MUCHOS ALCALDES - Los pol\u00edticos Veracruz\",\"isPartOf\":{\"@id\":\"https:\\\/\\\/lospoliticosveracruz.com\\\/#website\"},\"primaryImageOfPage\":{\"@id\":\"https:\\\/\\\/lospoliticosveracruz.com\\\/?p=133685#primaryimage\"},\"image\":{\"@id\":\"https:\\\/\\\/lospoliticosveracruz.com\\\/?p=133685#primaryimage\"},\"thumbnailUrl\":\"https:\\\/\\\/lospoliticosveracruz.com\\\/wp-content\\\/uploads\\\/2024\\\/06\\\/Fanny-Yepez.jpg\",\"datePublished\":\"2024-12-06T14:56:44+00:00\",\"dateModified\":\"2024-12-06T14:56:56+00:00\",\"breadcrumb\":{\"@id\":\"https:\\\/\\\/lospoliticosveracruz.com\\\/?p=133685#breadcrumb\"},\"inLanguage\":\"es\",\"potentialAction\":[{\"@type\":\"ReadAction\",\"target\":[\"https:\\\/\\\/lospoliticosveracruz.com\\\/?p=133685\"]}]},{\"@type\":\"ImageObject\",\"inLanguage\":\"es\",\"@id\":\"https:\\\/\\\/lospoliticosveracruz.com\\\/?p=133685#primaryimage\",\"url\":\"https:\\\/\\\/lospoliticosveracruz.com\\\/wp-content\\\/uploads\\\/2024\\\/06\\\/Fanny-Yepez.jpg\",\"contentUrl\":\"https:\\\/\\\/lospoliticosveracruz.com\\\/wp-content\\\/uploads\\\/2024\\\/06\\\/Fanny-Yepez.jpg\",\"width\":1250,\"height\":667},{\"@type\":\"BreadcrumbList\",\"@id\":\"https:\\\/\\\/lospoliticosveracruz.com\\\/?p=133685#breadcrumb\",\"itemListElement\":[{\"@type\":\"ListItem\",\"position\":1,\"name\":\"Portada\",\"item\":\"https:\\\/\\\/lospoliticosveracruz.com\\\/\"},{\"@type\":\"ListItem\",\"position\":2,\"name\":\"EN GRAVES APRIETOS ECON\u00d3MICOS MUCHOS ALCALDES\"}]},{\"@type\":\"WebSite\",\"@id\":\"https:\\\/\\\/lospoliticosveracruz.com\\\/#website\",\"url\":\"https:\\\/\\\/lospoliticosveracruz.com\\\/\",\"name\":\"Los pol\u00edticos Veracruz\",\"description\":\"\",\"publisher\":{\"@id\":\"https:\\\/\\\/lospoliticosveracruz.com\\\/#organization\"},\"potentialAction\":[{\"@type\":\"SearchAction\",\"target\":{\"@type\":\"EntryPoint\",\"urlTemplate\":\"https:\\\/\\\/lospoliticosveracruz.com\\\/?s={search_term_string}\"},\"query-input\":{\"@type\":\"PropertyValueSpecification\",\"valueRequired\":true,\"valueName\":\"search_term_string\"}}],\"inLanguage\":\"es\"},{\"@type\":\"Organization\",\"@id\":\"https:\\\/\\\/lospoliticosveracruz.com\\\/#organization\",\"name\":\"Los pol\u00edticos Veracruz\",\"url\":\"https:\\\/\\\/lospoliticosveracruz.com\\\/\",\"logo\":{\"@type\":\"ImageObject\",\"inLanguage\":\"es\",\"@id\":\"https:\\\/\\\/lospoliticosveracruz.com\\\/#\\\/schema\\\/logo\\\/image\\\/\",\"url\":\"https:\\\/\\\/lospoliticosveracruz.com\\\/wp-content\\\/uploads\\\/2025\\\/12\\\/Logo-Nuevo-LOS-POLITICOS-1.jpg\",\"contentUrl\":\"https:\\\/\\\/lospoliticosveracruz.com\\\/wp-content\\\/uploads\\\/2025\\\/12\\\/Logo-Nuevo-LOS-POLITICOS-1.jpg\",\"width\":260,\"height\":70,\"caption\":\"Los pol\u00edticos Veracruz\"},\"image\":{\"@id\":\"https:\\\/\\\/lospoliticosveracruz.com\\\/#\\\/schema\\\/logo\\\/image\\\/\"},\"sameAs\":[\"https:\\\/\\\/www.facebook.com\\\/people\\\/Notimemes-de-los-Polticos\\\/61565672886568\\\/\",\"https:\\\/\\\/x.com\\\/LosPoliticosVer\"]},{\"@type\":\"Person\",\"@id\":\"https:\\\/\\\/lospoliticosveracruz.com\\\/#\\\/schema\\\/person\\\/b8702bb0e538456e6efd07080bf2a4a2\",\"name\":\"Lo viste en Los Pol\u00edticos\",\"image\":{\"@type\":\"ImageObject\",\"inLanguage\":\"es\",\"@id\":\"https:\\\/\\\/secure.gravatar.com\\\/avatar\\\/3a8de04a2656d44082be478bd6c086daa447c4651605818287b9532d3d0bd435?s=96&d=mm&r=g\",\"url\":\"https:\\\/\\\/secure.gravatar.com\\\/avatar\\\/3a8de04a2656d44082be478bd6c086daa447c4651605818287b9532d3d0bd435?s=96&d=mm&r=g\",\"contentUrl\":\"https:\\\/\\\/secure.gravatar.com\\\/avatar\\\/3a8de04a2656d44082be478bd6c086daa447c4651605818287b9532d3d0bd435?s=96&d=mm&r=g\",\"caption\":\"Lo viste en Los Pol\u00edticos\"},\"url\":\"https:\\\/\\\/lospoliticosveracruz.com\\\/?author=2\"}]}<\/script>\n<!-- \/ Yoast SEO plugin. -->","yoast_head_json":{"title":"EN GRAVES APRIETOS ECON\u00d3MICOS MUCHOS ALCALDES - Los pol\u00edticos Veracruz","robots":{"index":"index","follow":"follow","max-snippet":"max-snippet:-1","max-image-preview":"max-image-preview:large","max-video-preview":"max-video-preview:-1"},"canonical":"https:\/\/lospoliticosveracruz.com\/?p=133685","og_locale":"es_ES","og_type":"article","og_title":"EN GRAVES APRIETOS ECON\u00d3MICOS MUCHOS ALCALDES - Los pol\u00edticos Veracruz","og_description":"Fanny Y\u00e9pez La Columna Decenas de presidentes municipales en forma ilusa, consideraban que hab\u00edan evadido la acci\u00f3n de la justicia, porque fueron a expiar sus culpas econ\u00f3micas a un despacho contable situado en una Torre del municipio de Boca del Rio. D\u00e9jenme decirles que est\u00e1n equivocados, que el destino los alcanzo y que pr\u00f3ximamente se [&hellip;]","og_url":"https:\/\/lospoliticosveracruz.com\/?p=133685","og_site_name":"Los pol\u00edticos Veracruz","article_publisher":"https:\/\/www.facebook.com\/people\/Notimemes-de-los-Polticos\/61565672886568\/","article_published_time":"2024-12-06T14:56:44+00:00","article_modified_time":"2024-12-06T14:56:56+00:00","og_image":[{"width":1250,"height":667,"url":"https:\/\/lospoliticosveracruz.com\/wp-content\/uploads\/2024\/06\/Fanny-Yepez.jpg","type":"image\/jpeg"}],"author":"Lo viste en Los Pol\u00edticos","twitter_card":"summary_large_image","twitter_creator":"@LosPoliticosVer","twitter_site":"@LosPoliticosVer","twitter_misc":{"Escrito por":"Lo viste en Los Pol\u00edticos","Tiempo de lectura":"3 minutos"},"schema":{"@context":"https:\/\/schema.org","@graph":[{"@type":"Article","@id":"https:\/\/lospoliticosveracruz.com\/?p=133685#article","isPartOf":{"@id":"https:\/\/lospoliticosveracruz.com\/?p=133685"},"author":{"name":"Lo viste en Los Pol\u00edticos","@id":"https:\/\/lospoliticosveracruz.com\/#\/schema\/person\/b8702bb0e538456e6efd07080bf2a4a2"},"headline":"EN GRAVES APRIETOS ECON\u00d3MICOS MUCHOS ALCALDES","datePublished":"2024-12-06T14:56:44+00:00","dateModified":"2024-12-06T14:56:56+00:00","mainEntityOfPage":{"@id":"https:\/\/lospoliticosveracruz.com\/?p=133685"},"wordCount":636,"publisher":{"@id":"https:\/\/lospoliticosveracruz.com\/#organization"},"image":{"@id":"https:\/\/lospoliticosveracruz.com\/?p=133685#primaryimage"},"thumbnailUrl":"https:\/\/lospoliticosveracruz.com\/wp-content\/uploads\/2024\/06\/Fanny-Yepez.jpg","keywords":["Delia Gonz\u00e1lez Cobos","Fanny Y\u00e9pez","ORFIS Veracruz"],"articleSection":["De Opini\u00f3n"],"inLanguage":"es"},{"@type":"WebPage","@id":"https:\/\/lospoliticosveracruz.com\/?p=133685","url":"https:\/\/lospoliticosveracruz.com\/?p=133685","name":"EN GRAVES APRIETOS ECON\u00d3MICOS MUCHOS ALCALDES - Los pol\u00edticos Veracruz","isPartOf":{"@id":"https:\/\/lospoliticosveracruz.com\/#website"},"primaryImageOfPage":{"@id":"https:\/\/lospoliticosveracruz.com\/?p=133685#primaryimage"},"image":{"@id":"https:\/\/lospoliticosveracruz.com\/?p=133685#primaryimage"},"thumbnailUrl":"https:\/\/lospoliticosveracruz.com\/wp-content\/uploads\/2024\/06\/Fanny-Yepez.jpg","datePublished":"2024-12-06T14:56:44+00:00","dateModified":"2024-12-06T14:56:56+00:00","breadcrumb":{"@id":"https:\/\/lospoliticosveracruz.com\/?p=133685#breadcrumb"},"inLanguage":"es","potentialAction":[{"@type":"ReadAction","target":["https:\/\/lospoliticosveracruz.com\/?p=133685"]}]},{"@type":"ImageObject","inLanguage":"es","@id":"https:\/\/lospoliticosveracruz.com\/?p=133685#primaryimage","url":"https:\/\/lospoliticosveracruz.com\/wp-content\/uploads\/2024\/06\/Fanny-Yepez.jpg","contentUrl":"https:\/\/lospoliticosveracruz.com\/wp-content\/uploads\/2024\/06\/Fanny-Yepez.jpg","width":1250,"height":667},{"@type":"BreadcrumbList","@id":"https:\/\/lospoliticosveracruz.com\/?p=133685#breadcrumb","itemListElement":[{"@type":"ListItem","position":1,"name":"Portada","item":"https:\/\/lospoliticosveracruz.com\/"},{"@type":"ListItem","position":2,"name":"EN GRAVES APRIETOS ECON\u00d3MICOS MUCHOS ALCALDES"}]},{"@type":"WebSite","@id":"https:\/\/lospoliticosveracruz.com\/#website","url":"https:\/\/lospoliticosveracruz.com\/","name":"Los pol\u00edticos Veracruz","description":"","publisher":{"@id":"https:\/\/lospoliticosveracruz.com\/#organization"},"potentialAction":[{"@type":"SearchAction","target":{"@type":"EntryPoint","urlTemplate":"https:\/\/lospoliticosveracruz.com\/?s={search_term_string}"},"query-input":{"@type":"PropertyValueSpecification","valueRequired":true,"valueName":"search_term_string"}}],"inLanguage":"es"},{"@type":"Organization","@id":"https:\/\/lospoliticosveracruz.com\/#organization","name":"Los pol\u00edticos Veracruz","url":"https:\/\/lospoliticosveracruz.com\/","logo":{"@type":"ImageObject","inLanguage":"es","@id":"https:\/\/lospoliticosveracruz.com\/#\/schema\/logo\/image\/","url":"https:\/\/lospoliticosveracruz.com\/wp-content\/uploads\/2025\/12\/Logo-Nuevo-LOS-POLITICOS-1.jpg","contentUrl":"https:\/\/lospoliticosveracruz.com\/wp-content\/uploads\/2025\/12\/Logo-Nuevo-LOS-POLITICOS-1.jpg","width":260,"height":70,"caption":"Los pol\u00edticos Veracruz"},"image":{"@id":"https:\/\/lospoliticosveracruz.com\/#\/schema\/logo\/image\/"},"sameAs":["https:\/\/www.facebook.com\/people\/Notimemes-de-los-Polticos\/61565672886568\/","https:\/\/x.com\/LosPoliticosVer"]},{"@type":"Person","@id":"https:\/\/lospoliticosveracruz.com\/#\/schema\/person\/b8702bb0e538456e6efd07080bf2a4a2","name":"Lo viste en Los Pol\u00edticos","image":{"@type":"ImageObject","inLanguage":"es","@id":"https:\/\/secure.gravatar.com\/avatar\/3a8de04a2656d44082be478bd6c086daa447c4651605818287b9532d3d0bd435?s=96&d=mm&r=g","url":"https:\/\/secure.gravatar.com\/avatar\/3a8de04a2656d44082be478bd6c086daa447c4651605818287b9532d3d0bd435?s=96&d=mm&r=g","contentUrl":"https:\/\/secure.gravatar.com\/avatar\/3a8de04a2656d44082be478bd6c086daa447c4651605818287b9532d3d0bd435?s=96&d=mm&r=g","caption":"Lo viste en Los Pol\u00edticos"},"url":"https:\/\/lospoliticosveracruz.com\/?author=2"}]}},"_links":{"self":[{"href":"https:\/\/lospoliticosveracruz.com\/index.php?rest_route=\/wp\/v2\/posts\/133685","targetHints":{"allow":["GET"]}}],"collection":[{"href":"https:\/\/lospoliticosveracruz.com\/index.php?rest_route=\/wp\/v2\/posts"}],"about":[{"href":"https:\/\/lospoliticosveracruz.com\/index.php?rest_route=\/wp\/v2\/types\/post"}],"author":[{"embeddable":true,"href":"https:\/\/lospoliticosveracruz.com\/index.php?rest_route=\/wp\/v2\/users\/2"}],"replies":[{"embeddable":true,"href":"https:\/\/lospoliticosveracruz.com\/index.php?rest_route=%2Fwp%2Fv2%2Fcomments&post=133685"}],"version-history":[{"count":1,"href":"https:\/\/lospoliticosveracruz.com\/index.php?rest_route=\/wp\/v2\/posts\/133685\/revisions"}],"predecessor-version":[{"id":133686,"href":"https:\/\/lospoliticosveracruz.com\/index.php?rest_route=\/wp\/v2\/posts\/133685\/revisions\/133686"}],"wp:featuredmedia":[{"embeddable":true,"href":"https:\/\/lospoliticosveracruz.com\/index.php?rest_route=\/wp\/v2\/media\/126076"}],"wp:attachment":[{"href":"https:\/\/lospoliticosveracruz.com\/index.php?rest_route=%2Fwp%2Fv2%2Fmedia&parent=133685"}],"wp:term":[{"taxonomy":"category","embeddable":true,"href":"https:\/\/lospoliticosveracruz.com\/index.php?rest_route=%2Fwp%2Fv2%2Fcategories&post=133685"},{"taxonomy":"post_tag","embeddable":true,"href":"https:\/\/lospoliticosveracruz.com\/index.php?rest_route=%2Fwp%2Fv2%2Ftags&post=133685"}],"curies":[{"name":"wp","href":"https:\/\/api.w.org\/{rel}","templated":true}]}}