{"id":13376,"date":"2014-11-09T19:58:20","date_gmt":"2014-11-10T01:58:20","guid":{"rendered":"http:\/\/www.lospoliticosveracruz.com.mx\/?p=13376"},"modified":"2014-11-09T20:00:39","modified_gmt":"2014-11-10T02:00:39","slug":"pepe-2016","status":"publish","type":"post","link":"https:\/\/lospoliticosveracruz.com\/?p=13376","title":{"rendered":"Pepe 2016"},"content":{"rendered":"<p>&nbsp;<\/p>\n<p><a href=\"http:\/\/www.lospoliticosveracruz.com.mx\/wp-content\/uploads\/2014\/09\/Pepe-2BYunes-2BVidegaray-2Bcopia.jpg\"><img loading=\"lazy\" decoding=\"async\" class=\"alignnone size-medium wp-image-10166\" src=\"http:\/\/www.lospoliticosveracruz.com.mx\/wp-content\/uploads\/2014\/09\/Pepe-2BYunes-2BVidegaray-2Bcopia-300x254.jpg\" alt=\"Pepe-2BYunes-2BVidegaray-2Bcopia\" width=\"300\" height=\"254\" \/><\/a><\/p>\n<p><strong>Iv\u00e1n Calder\u00f3n<\/strong><\/p>\n<p><em>Perfilando<\/em><\/p>\n<p>&nbsp;<\/p>\n<p>A\u00fan falta mucho trecho para la elecci\u00f3n a candidato a gobernador en Veracruz y los motores de la polarizaci\u00f3n ya est\u00e1n encendidos.<\/p>\n<p>Hay que decirlo, como en todo proceso pol\u00edtico, se sueltan mitos y realidades.<\/p>\n<p>En tierras jarochas, los diferentes sectores de la sociedad empiezan a dar por ciertos algunos argumentos que quedar\u00e1n en su momento en el limbo legal, \u00f3 de llegar a darse, ser\u00e1 catastr\u00f3fico para el desarrollo del estado.<\/p>\n<p>Uno de ellos, los dos a\u00f1os de mandato constitucional.<\/p>\n<p>Es una realidad, si la legislatura llegara a aprobar un bienio electoral ser\u00e1 un suceso desafortunado para los veracruzanos.<\/p>\n<p>Sin pensarse en los da\u00f1os colaterales, el partido en el poder estar\u00e1 apostando hasta su permanencia en el Palacio de Gobierno.<\/p>\n<p>Bajo el contexto de dos a\u00f1os, seguramente el Revolucionario Institucional no lograr\u00e1 acordar con todas las corrientes del partido.<\/p>\n<p>Sum\u00e1ndole al costo de las reformas y la situaci\u00f3n social que vive el pa\u00eds, el tricolor ser\u00e1 una instituci\u00f3n sin potencia y sin rumbo.<\/p>\n<p>Es m\u00e1s, todos estos argumentos aprovechados por la oposici\u00f3n, con un buen candidato emanado hasta del mismo PRI que recoja a los heridos del Duartismo, pondr\u00e1n en jaque al sistema.<\/p>\n<p>Este escenario no lo quieren en el altiplano, ni mucho menos los priistas de Veracruz, quienes encabezados por el gobernador Javier Duarte siguen estudiando si aprobar\u00e1n esta propuesta, o quedar\u00e1 detenida.<\/p>\n<p>Incluso su mayor cabildero y expositor medi\u00e1tico, Alberto Silva Ramos ya se midi\u00f3 y se pes\u00f3.<\/p>\n<p>El actual Coordinador de Comunicaci\u00f3n Social y presumiblemente pr\u00f3ximo diputado federal sabe perfectamente que no le dar\u00e1n los n\u00fameros.<\/p>\n<p>Beto Silva no podr\u00e1 ser un gobernador chiquito.<\/p>\n<p>El oriundo de Tuxpan conoce perfectamente sus alcances, y se encuentra en el entendido que esta responsabilidad de llegar a darse, seguramente caer\u00e1 en un pol\u00edtico perspicaz, que acuerde con todos, que gane amigos, de piel morena y sangre sure\u00f1a.<\/p>\n<p>Pero esta es otra historia.<\/p>\n<p>Lo que s\u00ed es cierto, es que el tema de los dos a\u00f1os de gobierno ser\u00eda una complicada apuesta de un PRI Veracruzano que con un liderazgo de pl\u00e1stico, vive los peores momentos de su historia.<\/p>\n<p>Es un contexto efectivo, la Presidencia no querr\u00e1 perder a Veracruz.<\/p>\n<p>E indudablemente en el 2016 se elegir\u00e1 a un candidato que sea cercano a las pol\u00edticas p\u00fablicas del Gobierno de la Rep\u00fablica.<\/p>\n<p>Seguramente esta figura caer\u00e1 en Jos\u00e9 Yunes Zorrilla un senador af\u00edn a la estrategia econ\u00f3mica de la federaci\u00f3n.<\/p>\n<p>Adem\u00e1s de esto, Pepe Yunes cuenta con el respaldo irrestricto de l\u00edderes, sectores, organizaciones, iniciativa privada y sociedad civil.<\/p>\n<p>Esto ya lo demostr\u00f3.<\/p>\n<p>Desafortunadamente algunos j\u00f3venes pr\u00f3speros y hasta el mismo H\u00e9ctor Yunes adelantaron los tiempos.<\/p>\n<p>Ellos mismos forzaron a la gente, al gobernador y al presidente.<\/p>\n<p>Faltando menos de dos a\u00f1os para la elecci\u00f3n el panorama se est\u00e1 aclarando y existe un senador que recorre mesuradamente todos los rincones del estado preparando as\u00ed su plataforma electoral.<\/p>\n<p>S\u00f3lo falta una lucha \u00e9pica.<\/p>\n<p>Todo ser\u00e1 a favor o en contra de un bienio administrativo.<\/p>\n<p>Ser\u00e1 nuevamente el tema de moda, pero despu\u00e9s de los centroamericanos.<\/p>\n<p>A sus \u00f3rdenes<\/p>\n<p>@IvanKalderon<\/p>\n","protected":false},"excerpt":{"rendered":"<p>&nbsp; Iv\u00e1n Calder\u00f3n Perfilando &nbsp; A\u00fan falta mucho trecho para la elecci\u00f3n a candidato a gobernador en Veracruz y los motores de la polarizaci\u00f3n ya est\u00e1n encendidos. Hay que decirlo, como en todo proceso pol\u00edtico, se sueltan mitos y realidades. En tierras jarochas, los diferentes sectores de la sociedad empiezan a dar por ciertos algunos [&hellip;]<\/p>\n","protected":false},"author":2,"featured_media":0,"comment_status":"open","ping_status":"open","sticky":false,"template":"","format":"standard","meta":{"tdm_status":"","tdm_grid_status":"","footnotes":""},"categories":[70],"tags":[162,570,251],"class_list":{"0":"post-13376","1":"post","2":"type-post","3":"status-publish","4":"format-standard","6":"category-de-opinion","7":"tag-javier-duarte","8":"tag-pepe-yunes","9":"tag-pri"},"yoast_head":"<!-- This site is optimized with the Yoast SEO plugin v27.4 - https:\/\/yoast.com\/product\/yoast-seo-wordpress\/ -->\n<title>Pepe 2016 - Los pol\u00edticos Veracruz<\/title>\n<meta name=\"robots\" content=\"index, follow, max-snippet:-1, max-image-preview:large, max-video-preview:-1\" \/>\n<link rel=\"canonical\" href=\"https:\/\/lospoliticosveracruz.com\/?p=13376\" \/>\n<meta property=\"og:locale\" content=\"es_ES\" \/>\n<meta property=\"og:type\" content=\"article\" \/>\n<meta property=\"og:title\" content=\"Pepe 2016 - Los pol\u00edticos Veracruz\" \/>\n<meta property=\"og:description\" content=\"&nbsp; Iv\u00e1n Calder\u00f3n Perfilando &nbsp; A\u00fan falta mucho trecho para la elecci\u00f3n a candidato a gobernador en Veracruz y los motores de la polarizaci\u00f3n ya est\u00e1n encendidos. Hay que decirlo, como en todo proceso pol\u00edtico, se sueltan mitos y realidades. En tierras jarochas, los diferentes sectores de la sociedad empiezan a dar por ciertos algunos [&hellip;]\" \/>\n<meta property=\"og:url\" content=\"https:\/\/lospoliticosveracruz.com\/?p=13376\" \/>\n<meta property=\"og:site_name\" content=\"Los pol\u00edticos Veracruz\" \/>\n<meta property=\"article:publisher\" content=\"https:\/\/www.facebook.com\/people\/Notimemes-de-los-Polticos\/61565672886568\/\" \/>\n<meta property=\"article:published_time\" content=\"2014-11-10T01:58:20+00:00\" \/>\n<meta property=\"article:modified_time\" content=\"2014-11-10T02:00:39+00:00\" \/>\n<meta property=\"og:image\" content=\"http:\/\/www.lospoliticosveracruz.com.mx\/wp-content\/uploads\/2014\/09\/Pepe-2BYunes-2BVidegaray-2Bcopia-300x254.jpg\" \/>\n<meta name=\"author\" content=\"Lo viste en Los Pol\u00edticos\" \/>\n<meta name=\"twitter:card\" content=\"summary_large_image\" \/>\n<meta name=\"twitter:creator\" content=\"@LosPoliticosVer\" \/>\n<meta name=\"twitter:site\" content=\"@LosPoliticosVer\" \/>\n<meta name=\"twitter:label1\" content=\"Escrito por\" \/>\n\t<meta name=\"twitter:data1\" content=\"Lo viste en Los Pol\u00edticos\" \/>\n\t<meta name=\"twitter:label2\" content=\"Tiempo de lectura\" \/>\n\t<meta name=\"twitter:data2\" content=\"3 minutos\" \/>\n<script type=\"application\/ld+json\" class=\"yoast-schema-graph\">{\"@context\":\"https:\\\/\\\/schema.org\",\"@graph\":[{\"@type\":\"Article\",\"@id\":\"https:\\\/\\\/lospoliticosveracruz.com\\\/?p=13376#article\",\"isPartOf\":{\"@id\":\"https:\\\/\\\/lospoliticosveracruz.com\\\/?p=13376\"},\"author\":{\"name\":\"Lo viste en Los Pol\u00edticos\",\"@id\":\"https:\\\/\\\/lospoliticosveracruz.com\\\/#\\\/schema\\\/person\\\/b8702bb0e538456e6efd07080bf2a4a2\"},\"headline\":\"Pepe 2016\",\"datePublished\":\"2014-11-10T01:58:20+00:00\",\"dateModified\":\"2014-11-10T02:00:39+00:00\",\"mainEntityOfPage\":{\"@id\":\"https:\\\/\\\/lospoliticosveracruz.com\\\/?p=13376\"},\"wordCount\":557,\"commentCount\":0,\"publisher\":{\"@id\":\"https:\\\/\\\/lospoliticosveracruz.com\\\/#organization\"},\"image\":{\"@id\":\"https:\\\/\\\/lospoliticosveracruz.com\\\/?p=13376#primaryimage\"},\"thumbnailUrl\":\"http:\\\/\\\/www.lospoliticosveracruz.com.mx\\\/wp-content\\\/uploads\\\/2014\\\/09\\\/Pepe-2BYunes-2BVidegaray-2Bcopia-300x254.jpg\",\"keywords\":[\"Javier Duarte\",\"Pepe Yunes\",\"PRI\"],\"articleSection\":[\"De Opini\u00f3n\"],\"inLanguage\":\"es\",\"potentialAction\":[{\"@type\":\"CommentAction\",\"name\":\"Comment\",\"target\":[\"https:\\\/\\\/lospoliticosveracruz.com\\\/?p=13376#respond\"]}]},{\"@type\":\"WebPage\",\"@id\":\"https:\\\/\\\/lospoliticosveracruz.com\\\/?p=13376\",\"url\":\"https:\\\/\\\/lospoliticosveracruz.com\\\/?p=13376\",\"name\":\"Pepe 2016 - Los pol\u00edticos Veracruz\",\"isPartOf\":{\"@id\":\"https:\\\/\\\/lospoliticosveracruz.com\\\/#website\"},\"primaryImageOfPage\":{\"@id\":\"https:\\\/\\\/lospoliticosveracruz.com\\\/?p=13376#primaryimage\"},\"image\":{\"@id\":\"https:\\\/\\\/lospoliticosveracruz.com\\\/?p=13376#primaryimage\"},\"thumbnailUrl\":\"http:\\\/\\\/www.lospoliticosveracruz.com.mx\\\/wp-content\\\/uploads\\\/2014\\\/09\\\/Pepe-2BYunes-2BVidegaray-2Bcopia-300x254.jpg\",\"datePublished\":\"2014-11-10T01:58:20+00:00\",\"dateModified\":\"2014-11-10T02:00:39+00:00\",\"breadcrumb\":{\"@id\":\"https:\\\/\\\/lospoliticosveracruz.com\\\/?p=13376#breadcrumb\"},\"inLanguage\":\"es\",\"potentialAction\":[{\"@type\":\"ReadAction\",\"target\":[\"https:\\\/\\\/lospoliticosveracruz.com\\\/?p=13376\"]}]},{\"@type\":\"ImageObject\",\"inLanguage\":\"es\",\"@id\":\"https:\\\/\\\/lospoliticosveracruz.com\\\/?p=13376#primaryimage\",\"url\":\"http:\\\/\\\/www.lospoliticosveracruz.com.mx\\\/wp-content\\\/uploads\\\/2014\\\/09\\\/Pepe-2BYunes-2BVidegaray-2Bcopia-300x254.jpg\",\"contentUrl\":\"http:\\\/\\\/www.lospoliticosveracruz.com.mx\\\/wp-content\\\/uploads\\\/2014\\\/09\\\/Pepe-2BYunes-2BVidegaray-2Bcopia-300x254.jpg\"},{\"@type\":\"BreadcrumbList\",\"@id\":\"https:\\\/\\\/lospoliticosveracruz.com\\\/?p=13376#breadcrumb\",\"itemListElement\":[{\"@type\":\"ListItem\",\"position\":1,\"name\":\"Portada\",\"item\":\"https:\\\/\\\/lospoliticosveracruz.com\\\/\"},{\"@type\":\"ListItem\",\"position\":2,\"name\":\"Pepe 2016\"}]},{\"@type\":\"WebSite\",\"@id\":\"https:\\\/\\\/lospoliticosveracruz.com\\\/#website\",\"url\":\"https:\\\/\\\/lospoliticosveracruz.com\\\/\",\"name\":\"Los pol\u00edticos Veracruz\",\"description\":\"\",\"publisher\":{\"@id\":\"https:\\\/\\\/lospoliticosveracruz.com\\\/#organization\"},\"potentialAction\":[{\"@type\":\"SearchAction\",\"target\":{\"@type\":\"EntryPoint\",\"urlTemplate\":\"https:\\\/\\\/lospoliticosveracruz.com\\\/?s={search_term_string}\"},\"query-input\":{\"@type\":\"PropertyValueSpecification\",\"valueRequired\":true,\"valueName\":\"search_term_string\"}}],\"inLanguage\":\"es\"},{\"@type\":\"Organization\",\"@id\":\"https:\\\/\\\/lospoliticosveracruz.com\\\/#organization\",\"name\":\"Los pol\u00edticos Veracruz\",\"url\":\"https:\\\/\\\/lospoliticosveracruz.com\\\/\",\"logo\":{\"@type\":\"ImageObject\",\"inLanguage\":\"es\",\"@id\":\"https:\\\/\\\/lospoliticosveracruz.com\\\/#\\\/schema\\\/logo\\\/image\\\/\",\"url\":\"https:\\\/\\\/lospoliticosveracruz.com\\\/wp-content\\\/uploads\\\/2025\\\/12\\\/Logo-Nuevo-LOS-POLITICOS-1.jpg\",\"contentUrl\":\"https:\\\/\\\/lospoliticosveracruz.com\\\/wp-content\\\/uploads\\\/2025\\\/12\\\/Logo-Nuevo-LOS-POLITICOS-1.jpg\",\"width\":260,\"height\":70,\"caption\":\"Los pol\u00edticos Veracruz\"},\"image\":{\"@id\":\"https:\\\/\\\/lospoliticosveracruz.com\\\/#\\\/schema\\\/logo\\\/image\\\/\"},\"sameAs\":[\"https:\\\/\\\/www.facebook.com\\\/people\\\/Notimemes-de-los-Polticos\\\/61565672886568\\\/\",\"https:\\\/\\\/x.com\\\/LosPoliticosVer\"]},{\"@type\":\"Person\",\"@id\":\"https:\\\/\\\/lospoliticosveracruz.com\\\/#\\\/schema\\\/person\\\/b8702bb0e538456e6efd07080bf2a4a2\",\"name\":\"Lo viste en Los Pol\u00edticos\",\"image\":{\"@type\":\"ImageObject\",\"inLanguage\":\"es\",\"@id\":\"https:\\\/\\\/secure.gravatar.com\\\/avatar\\\/3a8de04a2656d44082be478bd6c086daa447c4651605818287b9532d3d0bd435?s=96&d=mm&r=g\",\"url\":\"https:\\\/\\\/secure.gravatar.com\\\/avatar\\\/3a8de04a2656d44082be478bd6c086daa447c4651605818287b9532d3d0bd435?s=96&d=mm&r=g\",\"contentUrl\":\"https:\\\/\\\/secure.gravatar.com\\\/avatar\\\/3a8de04a2656d44082be478bd6c086daa447c4651605818287b9532d3d0bd435?s=96&d=mm&r=g\",\"caption\":\"Lo viste en Los Pol\u00edticos\"},\"url\":\"https:\\\/\\\/lospoliticosveracruz.com\\\/?author=2\"}]}<\/script>\n<!-- \/ Yoast SEO plugin. -->","yoast_head_json":{"title":"Pepe 2016 - Los pol\u00edticos Veracruz","robots":{"index":"index","follow":"follow","max-snippet":"max-snippet:-1","max-image-preview":"max-image-preview:large","max-video-preview":"max-video-preview:-1"},"canonical":"https:\/\/lospoliticosveracruz.com\/?p=13376","og_locale":"es_ES","og_type":"article","og_title":"Pepe 2016 - Los pol\u00edticos Veracruz","og_description":"&nbsp; Iv\u00e1n Calder\u00f3n Perfilando &nbsp; A\u00fan falta mucho trecho para la elecci\u00f3n a candidato a gobernador en Veracruz y los motores de la polarizaci\u00f3n ya est\u00e1n encendidos. Hay que decirlo, como en todo proceso pol\u00edtico, se sueltan mitos y realidades. En tierras jarochas, los diferentes sectores de la sociedad empiezan a dar por ciertos algunos [&hellip;]","og_url":"https:\/\/lospoliticosveracruz.com\/?p=13376","og_site_name":"Los pol\u00edticos Veracruz","article_publisher":"https:\/\/www.facebook.com\/people\/Notimemes-de-los-Polticos\/61565672886568\/","article_published_time":"2014-11-10T01:58:20+00:00","article_modified_time":"2014-11-10T02:00:39+00:00","og_image":[{"url":"http:\/\/www.lospoliticosveracruz.com.mx\/wp-content\/uploads\/2014\/09\/Pepe-2BYunes-2BVidegaray-2Bcopia-300x254.jpg","type":"","width":"","height":""}],"author":"Lo viste en Los Pol\u00edticos","twitter_card":"summary_large_image","twitter_creator":"@LosPoliticosVer","twitter_site":"@LosPoliticosVer","twitter_misc":{"Escrito por":"Lo viste en Los Pol\u00edticos","Tiempo de lectura":"3 minutos"},"schema":{"@context":"https:\/\/schema.org","@graph":[{"@type":"Article","@id":"https:\/\/lospoliticosveracruz.com\/?p=13376#article","isPartOf":{"@id":"https:\/\/lospoliticosveracruz.com\/?p=13376"},"author":{"name":"Lo viste en Los Pol\u00edticos","@id":"https:\/\/lospoliticosveracruz.com\/#\/schema\/person\/b8702bb0e538456e6efd07080bf2a4a2"},"headline":"Pepe 2016","datePublished":"2014-11-10T01:58:20+00:00","dateModified":"2014-11-10T02:00:39+00:00","mainEntityOfPage":{"@id":"https:\/\/lospoliticosveracruz.com\/?p=13376"},"wordCount":557,"commentCount":0,"publisher":{"@id":"https:\/\/lospoliticosveracruz.com\/#organization"},"image":{"@id":"https:\/\/lospoliticosveracruz.com\/?p=13376#primaryimage"},"thumbnailUrl":"http:\/\/www.lospoliticosveracruz.com.mx\/wp-content\/uploads\/2014\/09\/Pepe-2BYunes-2BVidegaray-2Bcopia-300x254.jpg","keywords":["Javier Duarte","Pepe Yunes","PRI"],"articleSection":["De Opini\u00f3n"],"inLanguage":"es","potentialAction":[{"@type":"CommentAction","name":"Comment","target":["https:\/\/lospoliticosveracruz.com\/?p=13376#respond"]}]},{"@type":"WebPage","@id":"https:\/\/lospoliticosveracruz.com\/?p=13376","url":"https:\/\/lospoliticosveracruz.com\/?p=13376","name":"Pepe 2016 - Los pol\u00edticos Veracruz","isPartOf":{"@id":"https:\/\/lospoliticosveracruz.com\/#website"},"primaryImageOfPage":{"@id":"https:\/\/lospoliticosveracruz.com\/?p=13376#primaryimage"},"image":{"@id":"https:\/\/lospoliticosveracruz.com\/?p=13376#primaryimage"},"thumbnailUrl":"http:\/\/www.lospoliticosveracruz.com.mx\/wp-content\/uploads\/2014\/09\/Pepe-2BYunes-2BVidegaray-2Bcopia-300x254.jpg","datePublished":"2014-11-10T01:58:20+00:00","dateModified":"2014-11-10T02:00:39+00:00","breadcrumb":{"@id":"https:\/\/lospoliticosveracruz.com\/?p=13376#breadcrumb"},"inLanguage":"es","potentialAction":[{"@type":"ReadAction","target":["https:\/\/lospoliticosveracruz.com\/?p=13376"]}]},{"@type":"ImageObject","inLanguage":"es","@id":"https:\/\/lospoliticosveracruz.com\/?p=13376#primaryimage","url":"http:\/\/www.lospoliticosveracruz.com.mx\/wp-content\/uploads\/2014\/09\/Pepe-2BYunes-2BVidegaray-2Bcopia-300x254.jpg","contentUrl":"http:\/\/www.lospoliticosveracruz.com.mx\/wp-content\/uploads\/2014\/09\/Pepe-2BYunes-2BVidegaray-2Bcopia-300x254.jpg"},{"@type":"BreadcrumbList","@id":"https:\/\/lospoliticosveracruz.com\/?p=13376#breadcrumb","itemListElement":[{"@type":"ListItem","position":1,"name":"Portada","item":"https:\/\/lospoliticosveracruz.com\/"},{"@type":"ListItem","position":2,"name":"Pepe 2016"}]},{"@type":"WebSite","@id":"https:\/\/lospoliticosveracruz.com\/#website","url":"https:\/\/lospoliticosveracruz.com\/","name":"Los pol\u00edticos Veracruz","description":"","publisher":{"@id":"https:\/\/lospoliticosveracruz.com\/#organization"},"potentialAction":[{"@type":"SearchAction","target":{"@type":"EntryPoint","urlTemplate":"https:\/\/lospoliticosveracruz.com\/?s={search_term_string}"},"query-input":{"@type":"PropertyValueSpecification","valueRequired":true,"valueName":"search_term_string"}}],"inLanguage":"es"},{"@type":"Organization","@id":"https:\/\/lospoliticosveracruz.com\/#organization","name":"Los pol\u00edticos Veracruz","url":"https:\/\/lospoliticosveracruz.com\/","logo":{"@type":"ImageObject","inLanguage":"es","@id":"https:\/\/lospoliticosveracruz.com\/#\/schema\/logo\/image\/","url":"https:\/\/lospoliticosveracruz.com\/wp-content\/uploads\/2025\/12\/Logo-Nuevo-LOS-POLITICOS-1.jpg","contentUrl":"https:\/\/lospoliticosveracruz.com\/wp-content\/uploads\/2025\/12\/Logo-Nuevo-LOS-POLITICOS-1.jpg","width":260,"height":70,"caption":"Los pol\u00edticos Veracruz"},"image":{"@id":"https:\/\/lospoliticosveracruz.com\/#\/schema\/logo\/image\/"},"sameAs":["https:\/\/www.facebook.com\/people\/Notimemes-de-los-Polticos\/61565672886568\/","https:\/\/x.com\/LosPoliticosVer"]},{"@type":"Person","@id":"https:\/\/lospoliticosveracruz.com\/#\/schema\/person\/b8702bb0e538456e6efd07080bf2a4a2","name":"Lo viste en Los Pol\u00edticos","image":{"@type":"ImageObject","inLanguage":"es","@id":"https:\/\/secure.gravatar.com\/avatar\/3a8de04a2656d44082be478bd6c086daa447c4651605818287b9532d3d0bd435?s=96&d=mm&r=g","url":"https:\/\/secure.gravatar.com\/avatar\/3a8de04a2656d44082be478bd6c086daa447c4651605818287b9532d3d0bd435?s=96&d=mm&r=g","contentUrl":"https:\/\/secure.gravatar.com\/avatar\/3a8de04a2656d44082be478bd6c086daa447c4651605818287b9532d3d0bd435?s=96&d=mm&r=g","caption":"Lo viste en Los Pol\u00edticos"},"url":"https:\/\/lospoliticosveracruz.com\/?author=2"}]}},"_links":{"self":[{"href":"https:\/\/lospoliticosveracruz.com\/index.php?rest_route=\/wp\/v2\/posts\/13376","targetHints":{"allow":["GET"]}}],"collection":[{"href":"https:\/\/lospoliticosveracruz.com\/index.php?rest_route=\/wp\/v2\/posts"}],"about":[{"href":"https:\/\/lospoliticosveracruz.com\/index.php?rest_route=\/wp\/v2\/types\/post"}],"author":[{"embeddable":true,"href":"https:\/\/lospoliticosveracruz.com\/index.php?rest_route=\/wp\/v2\/users\/2"}],"replies":[{"embeddable":true,"href":"https:\/\/lospoliticosveracruz.com\/index.php?rest_route=%2Fwp%2Fv2%2Fcomments&post=13376"}],"version-history":[{"count":2,"href":"https:\/\/lospoliticosveracruz.com\/index.php?rest_route=\/wp\/v2\/posts\/13376\/revisions"}],"predecessor-version":[{"id":13379,"href":"https:\/\/lospoliticosveracruz.com\/index.php?rest_route=\/wp\/v2\/posts\/13376\/revisions\/13379"}],"wp:attachment":[{"href":"https:\/\/lospoliticosveracruz.com\/index.php?rest_route=%2Fwp%2Fv2%2Fmedia&parent=13376"}],"wp:term":[{"taxonomy":"category","embeddable":true,"href":"https:\/\/lospoliticosveracruz.com\/index.php?rest_route=%2Fwp%2Fv2%2Fcategories&post=13376"},{"taxonomy":"post_tag","embeddable":true,"href":"https:\/\/lospoliticosveracruz.com\/index.php?rest_route=%2Fwp%2Fv2%2Ftags&post=13376"}],"curies":[{"name":"wp","href":"https:\/\/api.w.org\/{rel}","templated":true}]}}