{"id":133887,"date":"2024-12-10T12:34:55","date_gmt":"2024-12-10T18:34:55","guid":{"rendered":"https:\/\/lospoliticosveracruz.com.mx\/?p=133887"},"modified":"2024-12-10T12:35:10","modified_gmt":"2024-12-10T18:35:10","slug":"hector-habla-mal-de-hector","status":"publish","type":"post","link":"https:\/\/lospoliticosveracruz.com\/?p=133887","title":{"rendered":"H\u00c9CTOR HABLA MAL DE H\u00c9CTOR\u00a0"},"content":{"rendered":"\n<p><strong>Inocencio Y\u00e1\u00f1ez Vicencio<\/strong><\/p>\n\n\n\n<p>Dec\u00eda Don Jes\u00fas Reyes Heroles, que es preferible ocuparse de los problemas que de las personas.\u00a0\u00a0Que m\u00e1s quisiera que seguir al pie de la letra la recomendaci\u00f3n de mi ilustre paisano, pero a veces hay personas que encarnas conductas o fen\u00f3menos.\u00a0\u00a0Este parece ser el caso de H\u00e9ctor Yunes\u00a0\u00a0Landa.<\/p>\n\n\n<div class=\"wp-block-image\">\n<figure class=\"alignleft size-thumbnail\"><a href=\"https:\/\/lospoliticosveracruz.com.mx\/wp-content\/uploads\/2024\/05\/IMG_0341-e1716950925234.jpeg\"><img loading=\"lazy\" decoding=\"async\" width=\"150\" height=\"150\" src=\"https:\/\/lospoliticosveracruz.com.mx\/wp-content\/uploads\/2024\/05\/IMG_0341-150x150.jpeg\" alt=\"\" class=\"wp-image-125332\"\/><\/a><\/figure>\n<\/div>\n\n\n<p>Dada la muy, pero muy cercana relaci\u00f3n de H\u00e9ctor con Dante Delgado, es muy dif\u00edcil saber si el d\u00eda de ayer su desbordado reconocimiento de apertura a Roc\u00edo Nahle, fue por las recientes referencias que tuvo para el&nbsp;&nbsp;fundador del auto denominado Movimiento Ciudadano o por el saludo que relata que recibi\u00f3 de ella.<\/p>\n\n\n\n<p>Si hacemos una revisi\u00f3n de los escritos del oriundos de Soledad de Doblado, vemos que cr\u00edtica a toro pasado, cuando \u00e9l hizo p\u00fablicas sus reuniones amistosas con el saliente gobernador. Hoy mismo expresa su pesar por la muerte del diputado del Partido Verde, por el distrito de Zongolica, a consecuencia de que actualmente el Estado no cumple con su principal funci\u00f3n que es brindar seguridad a la vida y a los bienes de sus ciudadanos , pero no levanta la voz para decirle al gobierno de Nahle, que no basta con comprometerse a castigar ese delito sino que tiene la obligaci\u00f3n de prevenirlo. Desde luego ya es ganancia que no se hayan apresurado a declarar que las principales l\u00edneas de investigaci\u00f3n son un ajuste de cuentas o l\u00edos de faldas . Ser\u00e1 porque el atentado se perpetr\u00f3 contra un miembro de un partido aliado. Erencia del pasado? No pueden porque contin\u00faa el mismo partido y la misma pol\u00edtica:&nbsp;&nbsp;abrazos no balazos.<\/p>\n\n\n\n<p>Muchos a\u00f1os cre\u00ed que H\u00e9ctor, ten\u00eda todo para merecer las mejores oportunidades. Lo apoy\u00e9 para suceder a Fidel.&nbsp;&nbsp;Hasta en una ocasi\u00f3n me dijo el de Nopaltepec que si no le diera cancha no lo dejar\u00eda utilizar el presupuesto del Congreso para promocionarse. Cuando vi que todo se decid\u00eda a favor de Duarte, ped\u00ed que se le dejara seguir hasta el final, pero no, precipitaron el destape. A m\u00ed me cost\u00f3 enemistarme con Duarte. Cuando Duarte lo hace presidente del CDE del PRI, en lugar de trabajar para su partido, declara que trabaja para ser senador, lo que yo reprob\u00e9 y por ello pide mi salida de la presidencia de la Fundaci\u00f3n Colosio, colocando en mi lugar a Fernando S\u00e1nchez, hoy colaborador de Dante. Obviamente le gust\u00f3 que yo fuera cr\u00edtico pero no con \u00e9l.&nbsp;&nbsp;Lo \u00fanico que le expres\u00e9 es que trabajar\u00e1 por su partido y que como resultados de su trabajo se ganar\u00e1 la senadur\u00eda.<\/p>\n\n\n\n<p>Derivado de mi condena al agandalle que hizo de las pluris del PRI en 2018, me hizo un reclamo que me orill\u00f3 a responderle en el mismo tono que me enfrent\u00f3. En la selecci\u00f3n interna me llam\u00f3 para pedirme que si el resultaba candidato a la gubernatura lo apoyar\u00e1 en la contienda constitucional , lo que respond\u00ed afirmativamente. \u00c9l sabe que as\u00ed hubiera sido. La pol\u00edtica no es cosa de puros. Esa concepci\u00f3n me aterroriza. El problema es que se equivoc\u00f3 brutalmente al asegurar que sus familiares no votar\u00edan a favor de la destrucci\u00f3n del poder judicial y su escrito de la v\u00edspera a esa felon\u00eda qued\u00f3 registrado como de apoyo a esa infamia.<\/p>\n\n\n\n<p>Todos sabemos que durante los \u00faltimos a\u00f1os se dedic\u00f3 a desangrar la membres\u00eda de su partido y que su organizaci\u00f3n la nutrido de buscachambas, que para concretar sus espectativas, necesita que opere como bolsa de trabajo y para que opere como bolsa de trabajo&nbsp;&nbsp;debe entregarse al gobernador en turno. Si hoy parece chivo en cristaler\u00eda es porque quiere renovar su relaci\u00f3n clientelar con Morena, nom\u00e1s que es tanta la presi\u00f3n que tiene de su bolsa de trabajo que no se ha percatado que ya entr\u00f3 en plena decadencia y en lugar de cerrar su ciclo con un poco de dignidad, la dilapida ante los v\u00e1ndalos que nos gobiernan.<\/p>\n\n\n\n<p>Estos caudillos aldeanos no se conforman con haber sacado del PRI , diputaciones, notar\u00edas para ellos y sus hijos&#8230; sino que todav\u00eda siguen ofreciendo sus servicios a Nahle, con el cuento de que desean que le vaya bien a ella, porque si le va bien a ella, nos va bien a todos. Habiase visto tanto cinismo!<\/p>\n\n\n\n<p>Par\u00eds bien vale una misa, dijo el protestante Enrique IV, para reinar una sociedad cat\u00f3lica. Alguien cree que un simple saludo vale olvidar que Roc\u00edo Nahle, es se\u00f1alada del mayor desv\u00edo de recursos de este siglo, que resulta gobernadora de Veracruz, despu\u00e9s de una fallida Reforma para legalizar su condici\u00f3n de no veracruzana, que sale ganadora de una elecciones organizadas y calificadas por \u00f3rganos tomados por los morenistas, que es parte de la banda aliada del crimen organizado, que es militante de los destructores de la Rep\u00fablica, que es parte de los cuatreros que todos los d\u00edas linchan y persiguen a las voces cr\u00edticas, que es parte de la pandilla que utiliza el presupuesto de educaci\u00f3n, salud, vivienda, seguridad, para comprar votos&#8230;<\/p>\n\n\n\n<p>Nadie como tu H\u00e9ctor, hace en Veracruz, un espect\u00e1culo de entreguismo pol\u00edtico del PRI, cuando m\u00e1s urgido est\u00e1 de ser rescatado como una alternativa aut\u00f3noma para sacar de su madriguera a las ratas morenistas. La sociedad necesita a los partidos, lo que no necesita es vividores de la pol\u00edtica como H\u00e9ctor.<\/p>\n","protected":false},"excerpt":{"rendered":"<p>Inocencio Y\u00e1\u00f1ez Vicencio Dec\u00eda Don Jes\u00fas Reyes Heroles, que es preferible ocuparse de los problemas que de las personas.\u00a0\u00a0Que m\u00e1s quisiera que seguir al pie de la letra la recomendaci\u00f3n de mi ilustre paisano, pero a veces hay personas que encarnas conductas o fen\u00f3menos.\u00a0\u00a0Este parece ser el caso de H\u00e9ctor Yunes\u00a0\u00a0Landa. Dada la muy, pero [&hellip;]<\/p>\n","protected":false},"author":2,"featured_media":120033,"comment_status":"closed","ping_status":"closed","sticky":false,"template":"","format":"standard","meta":{"tdm_status":"","tdm_grid_status":"","footnotes":""},"categories":[70],"tags":[8256],"class_list":{"0":"post-133887","1":"post","2":"type-post","3":"status-publish","4":"format-standard","5":"has-post-thumbnail","7":"category-de-opinion","8":"tag-inocencio-yanez-vicencio"},"yoast_head":"<!-- This site is optimized with the Yoast SEO plugin v27.4 - https:\/\/yoast.com\/product\/yoast-seo-wordpress\/ -->\n<title>H\u00c9CTOR HABLA MAL DE H\u00c9CTOR\u00a0 - Los pol\u00edticos Veracruz<\/title>\n<meta name=\"robots\" content=\"index, follow, max-snippet:-1, max-image-preview:large, max-video-preview:-1\" \/>\n<link rel=\"canonical\" href=\"https:\/\/lospoliticosveracruz.com\/?p=133887\" \/>\n<meta property=\"og:locale\" content=\"es_ES\" \/>\n<meta property=\"og:type\" content=\"article\" \/>\n<meta property=\"og:title\" content=\"H\u00c9CTOR HABLA MAL DE H\u00c9CTOR\u00a0 - Los pol\u00edticos Veracruz\" \/>\n<meta property=\"og:description\" content=\"Inocencio Y\u00e1\u00f1ez Vicencio Dec\u00eda Don Jes\u00fas Reyes Heroles, que es preferible ocuparse de los problemas que de las personas.\u00a0\u00a0Que m\u00e1s quisiera que seguir al pie de la letra la recomendaci\u00f3n de mi ilustre paisano, pero a veces hay personas que encarnas conductas o fen\u00f3menos.\u00a0\u00a0Este parece ser el caso de H\u00e9ctor Yunes\u00a0\u00a0Landa. Dada la muy, pero [&hellip;]\" \/>\n<meta property=\"og:url\" content=\"https:\/\/lospoliticosveracruz.com\/?p=133887\" \/>\n<meta property=\"og:site_name\" content=\"Los pol\u00edticos Veracruz\" \/>\n<meta property=\"article:publisher\" content=\"https:\/\/www.facebook.com\/people\/Notimemes-de-los-Polticos\/61565672886568\/\" \/>\n<meta property=\"article:published_time\" content=\"2024-12-10T18:34:55+00:00\" \/>\n<meta property=\"article:modified_time\" content=\"2024-12-10T18:35:10+00:00\" \/>\n<meta property=\"og:image\" content=\"https:\/\/lospoliticosveracruz.com\/wp-content\/uploads\/2024\/03\/Inocencio-Yanez-Vicencio.jpg\" \/>\n\t<meta property=\"og:image:width\" content=\"1250\" \/>\n\t<meta property=\"og:image:height\" content=\"667\" \/>\n\t<meta property=\"og:image:type\" content=\"image\/jpeg\" \/>\n<meta name=\"author\" content=\"Lo viste en Los Pol\u00edticos\" \/>\n<meta name=\"twitter:card\" content=\"summary_large_image\" \/>\n<meta name=\"twitter:creator\" content=\"@LosPoliticosVer\" \/>\n<meta name=\"twitter:site\" content=\"@LosPoliticosVer\" \/>\n<meta name=\"twitter:label1\" content=\"Escrito por\" \/>\n\t<meta name=\"twitter:data1\" content=\"Lo viste en Los Pol\u00edticos\" \/>\n\t<meta name=\"twitter:label2\" content=\"Tiempo de lectura\" \/>\n\t<meta name=\"twitter:data2\" content=\"5 minutos\" \/>\n<script type=\"application\/ld+json\" class=\"yoast-schema-graph\">{\"@context\":\"https:\\\/\\\/schema.org\",\"@graph\":[{\"@type\":\"Article\",\"@id\":\"https:\\\/\\\/lospoliticosveracruz.com\\\/?p=133887#article\",\"isPartOf\":{\"@id\":\"https:\\\/\\\/lospoliticosveracruz.com\\\/?p=133887\"},\"author\":{\"name\":\"Lo viste en Los Pol\u00edticos\",\"@id\":\"https:\\\/\\\/lospoliticosveracruz.com\\\/#\\\/schema\\\/person\\\/b8702bb0e538456e6efd07080bf2a4a2\"},\"headline\":\"H\u00c9CTOR HABLA MAL DE H\u00c9CTOR\u00a0\",\"datePublished\":\"2024-12-10T18:34:55+00:00\",\"dateModified\":\"2024-12-10T18:35:10+00:00\",\"mainEntityOfPage\":{\"@id\":\"https:\\\/\\\/lospoliticosveracruz.com\\\/?p=133887\"},\"wordCount\":957,\"publisher\":{\"@id\":\"https:\\\/\\\/lospoliticosveracruz.com\\\/#organization\"},\"image\":{\"@id\":\"https:\\\/\\\/lospoliticosveracruz.com\\\/?p=133887#primaryimage\"},\"thumbnailUrl\":\"https:\\\/\\\/lospoliticosveracruz.com\\\/wp-content\\\/uploads\\\/2024\\\/03\\\/Inocencio-Yanez-Vicencio.jpg\",\"keywords\":[\"Inocencio Y\u00e1\u00f1ez Vicencio\"],\"articleSection\":[\"De Opini\u00f3n\"],\"inLanguage\":\"es\"},{\"@type\":\"WebPage\",\"@id\":\"https:\\\/\\\/lospoliticosveracruz.com\\\/?p=133887\",\"url\":\"https:\\\/\\\/lospoliticosveracruz.com\\\/?p=133887\",\"name\":\"H\u00c9CTOR HABLA MAL DE H\u00c9CTOR\u00a0 - Los pol\u00edticos Veracruz\",\"isPartOf\":{\"@id\":\"https:\\\/\\\/lospoliticosveracruz.com\\\/#website\"},\"primaryImageOfPage\":{\"@id\":\"https:\\\/\\\/lospoliticosveracruz.com\\\/?p=133887#primaryimage\"},\"image\":{\"@id\":\"https:\\\/\\\/lospoliticosveracruz.com\\\/?p=133887#primaryimage\"},\"thumbnailUrl\":\"https:\\\/\\\/lospoliticosveracruz.com\\\/wp-content\\\/uploads\\\/2024\\\/03\\\/Inocencio-Yanez-Vicencio.jpg\",\"datePublished\":\"2024-12-10T18:34:55+00:00\",\"dateModified\":\"2024-12-10T18:35:10+00:00\",\"breadcrumb\":{\"@id\":\"https:\\\/\\\/lospoliticosveracruz.com\\\/?p=133887#breadcrumb\"},\"inLanguage\":\"es\",\"potentialAction\":[{\"@type\":\"ReadAction\",\"target\":[\"https:\\\/\\\/lospoliticosveracruz.com\\\/?p=133887\"]}]},{\"@type\":\"ImageObject\",\"inLanguage\":\"es\",\"@id\":\"https:\\\/\\\/lospoliticosveracruz.com\\\/?p=133887#primaryimage\",\"url\":\"https:\\\/\\\/lospoliticosveracruz.com\\\/wp-content\\\/uploads\\\/2024\\\/03\\\/Inocencio-Yanez-Vicencio.jpg\",\"contentUrl\":\"https:\\\/\\\/lospoliticosveracruz.com\\\/wp-content\\\/uploads\\\/2024\\\/03\\\/Inocencio-Yanez-Vicencio.jpg\",\"width\":1250,\"height\":667},{\"@type\":\"BreadcrumbList\",\"@id\":\"https:\\\/\\\/lospoliticosveracruz.com\\\/?p=133887#breadcrumb\",\"itemListElement\":[{\"@type\":\"ListItem\",\"position\":1,\"name\":\"Portada\",\"item\":\"https:\\\/\\\/lospoliticosveracruz.com\\\/\"},{\"@type\":\"ListItem\",\"position\":2,\"name\":\"H\u00c9CTOR HABLA MAL DE H\u00c9CTOR\u00a0\"}]},{\"@type\":\"WebSite\",\"@id\":\"https:\\\/\\\/lospoliticosveracruz.com\\\/#website\",\"url\":\"https:\\\/\\\/lospoliticosveracruz.com\\\/\",\"name\":\"Los pol\u00edticos Veracruz\",\"description\":\"\",\"publisher\":{\"@id\":\"https:\\\/\\\/lospoliticosveracruz.com\\\/#organization\"},\"potentialAction\":[{\"@type\":\"SearchAction\",\"target\":{\"@type\":\"EntryPoint\",\"urlTemplate\":\"https:\\\/\\\/lospoliticosveracruz.com\\\/?s={search_term_string}\"},\"query-input\":{\"@type\":\"PropertyValueSpecification\",\"valueRequired\":true,\"valueName\":\"search_term_string\"}}],\"inLanguage\":\"es\"},{\"@type\":\"Organization\",\"@id\":\"https:\\\/\\\/lospoliticosveracruz.com\\\/#organization\",\"name\":\"Los pol\u00edticos Veracruz\",\"url\":\"https:\\\/\\\/lospoliticosveracruz.com\\\/\",\"logo\":{\"@type\":\"ImageObject\",\"inLanguage\":\"es\",\"@id\":\"https:\\\/\\\/lospoliticosveracruz.com\\\/#\\\/schema\\\/logo\\\/image\\\/\",\"url\":\"https:\\\/\\\/lospoliticosveracruz.com\\\/wp-content\\\/uploads\\\/2025\\\/12\\\/Logo-Nuevo-LOS-POLITICOS-1.jpg\",\"contentUrl\":\"https:\\\/\\\/lospoliticosveracruz.com\\\/wp-content\\\/uploads\\\/2025\\\/12\\\/Logo-Nuevo-LOS-POLITICOS-1.jpg\",\"width\":260,\"height\":70,\"caption\":\"Los pol\u00edticos Veracruz\"},\"image\":{\"@id\":\"https:\\\/\\\/lospoliticosveracruz.com\\\/#\\\/schema\\\/logo\\\/image\\\/\"},\"sameAs\":[\"https:\\\/\\\/www.facebook.com\\\/people\\\/Notimemes-de-los-Polticos\\\/61565672886568\\\/\",\"https:\\\/\\\/x.com\\\/LosPoliticosVer\"]},{\"@type\":\"Person\",\"@id\":\"https:\\\/\\\/lospoliticosveracruz.com\\\/#\\\/schema\\\/person\\\/b8702bb0e538456e6efd07080bf2a4a2\",\"name\":\"Lo viste en Los Pol\u00edticos\",\"image\":{\"@type\":\"ImageObject\",\"inLanguage\":\"es\",\"@id\":\"https:\\\/\\\/secure.gravatar.com\\\/avatar\\\/3a8de04a2656d44082be478bd6c086daa447c4651605818287b9532d3d0bd435?s=96&d=mm&r=g\",\"url\":\"https:\\\/\\\/secure.gravatar.com\\\/avatar\\\/3a8de04a2656d44082be478bd6c086daa447c4651605818287b9532d3d0bd435?s=96&d=mm&r=g\",\"contentUrl\":\"https:\\\/\\\/secure.gravatar.com\\\/avatar\\\/3a8de04a2656d44082be478bd6c086daa447c4651605818287b9532d3d0bd435?s=96&d=mm&r=g\",\"caption\":\"Lo viste en Los Pol\u00edticos\"},\"url\":\"https:\\\/\\\/lospoliticosveracruz.com\\\/?author=2\"}]}<\/script>\n<!-- \/ Yoast SEO plugin. -->","yoast_head_json":{"title":"H\u00c9CTOR HABLA MAL DE H\u00c9CTOR\u00a0 - Los pol\u00edticos Veracruz","robots":{"index":"index","follow":"follow","max-snippet":"max-snippet:-1","max-image-preview":"max-image-preview:large","max-video-preview":"max-video-preview:-1"},"canonical":"https:\/\/lospoliticosveracruz.com\/?p=133887","og_locale":"es_ES","og_type":"article","og_title":"H\u00c9CTOR HABLA MAL DE H\u00c9CTOR\u00a0 - Los pol\u00edticos Veracruz","og_description":"Inocencio Y\u00e1\u00f1ez Vicencio Dec\u00eda Don Jes\u00fas Reyes Heroles, que es preferible ocuparse de los problemas que de las personas.\u00a0\u00a0Que m\u00e1s quisiera que seguir al pie de la letra la recomendaci\u00f3n de mi ilustre paisano, pero a veces hay personas que encarnas conductas o fen\u00f3menos.\u00a0\u00a0Este parece ser el caso de H\u00e9ctor Yunes\u00a0\u00a0Landa. Dada la muy, pero [&hellip;]","og_url":"https:\/\/lospoliticosveracruz.com\/?p=133887","og_site_name":"Los pol\u00edticos Veracruz","article_publisher":"https:\/\/www.facebook.com\/people\/Notimemes-de-los-Polticos\/61565672886568\/","article_published_time":"2024-12-10T18:34:55+00:00","article_modified_time":"2024-12-10T18:35:10+00:00","og_image":[{"width":1250,"height":667,"url":"https:\/\/lospoliticosveracruz.com\/wp-content\/uploads\/2024\/03\/Inocencio-Yanez-Vicencio.jpg","type":"image\/jpeg"}],"author":"Lo viste en Los Pol\u00edticos","twitter_card":"summary_large_image","twitter_creator":"@LosPoliticosVer","twitter_site":"@LosPoliticosVer","twitter_misc":{"Escrito por":"Lo viste en Los Pol\u00edticos","Tiempo de lectura":"5 minutos"},"schema":{"@context":"https:\/\/schema.org","@graph":[{"@type":"Article","@id":"https:\/\/lospoliticosveracruz.com\/?p=133887#article","isPartOf":{"@id":"https:\/\/lospoliticosveracruz.com\/?p=133887"},"author":{"name":"Lo viste en Los Pol\u00edticos","@id":"https:\/\/lospoliticosveracruz.com\/#\/schema\/person\/b8702bb0e538456e6efd07080bf2a4a2"},"headline":"H\u00c9CTOR HABLA MAL DE H\u00c9CTOR\u00a0","datePublished":"2024-12-10T18:34:55+00:00","dateModified":"2024-12-10T18:35:10+00:00","mainEntityOfPage":{"@id":"https:\/\/lospoliticosveracruz.com\/?p=133887"},"wordCount":957,"publisher":{"@id":"https:\/\/lospoliticosveracruz.com\/#organization"},"image":{"@id":"https:\/\/lospoliticosveracruz.com\/?p=133887#primaryimage"},"thumbnailUrl":"https:\/\/lospoliticosveracruz.com\/wp-content\/uploads\/2024\/03\/Inocencio-Yanez-Vicencio.jpg","keywords":["Inocencio Y\u00e1\u00f1ez Vicencio"],"articleSection":["De Opini\u00f3n"],"inLanguage":"es"},{"@type":"WebPage","@id":"https:\/\/lospoliticosveracruz.com\/?p=133887","url":"https:\/\/lospoliticosveracruz.com\/?p=133887","name":"H\u00c9CTOR HABLA MAL DE H\u00c9CTOR\u00a0 - Los pol\u00edticos Veracruz","isPartOf":{"@id":"https:\/\/lospoliticosveracruz.com\/#website"},"primaryImageOfPage":{"@id":"https:\/\/lospoliticosveracruz.com\/?p=133887#primaryimage"},"image":{"@id":"https:\/\/lospoliticosveracruz.com\/?p=133887#primaryimage"},"thumbnailUrl":"https:\/\/lospoliticosveracruz.com\/wp-content\/uploads\/2024\/03\/Inocencio-Yanez-Vicencio.jpg","datePublished":"2024-12-10T18:34:55+00:00","dateModified":"2024-12-10T18:35:10+00:00","breadcrumb":{"@id":"https:\/\/lospoliticosveracruz.com\/?p=133887#breadcrumb"},"inLanguage":"es","potentialAction":[{"@type":"ReadAction","target":["https:\/\/lospoliticosveracruz.com\/?p=133887"]}]},{"@type":"ImageObject","inLanguage":"es","@id":"https:\/\/lospoliticosveracruz.com\/?p=133887#primaryimage","url":"https:\/\/lospoliticosveracruz.com\/wp-content\/uploads\/2024\/03\/Inocencio-Yanez-Vicencio.jpg","contentUrl":"https:\/\/lospoliticosveracruz.com\/wp-content\/uploads\/2024\/03\/Inocencio-Yanez-Vicencio.jpg","width":1250,"height":667},{"@type":"BreadcrumbList","@id":"https:\/\/lospoliticosveracruz.com\/?p=133887#breadcrumb","itemListElement":[{"@type":"ListItem","position":1,"name":"Portada","item":"https:\/\/lospoliticosveracruz.com\/"},{"@type":"ListItem","position":2,"name":"H\u00c9CTOR HABLA MAL DE H\u00c9CTOR\u00a0"}]},{"@type":"WebSite","@id":"https:\/\/lospoliticosveracruz.com\/#website","url":"https:\/\/lospoliticosveracruz.com\/","name":"Los pol\u00edticos Veracruz","description":"","publisher":{"@id":"https:\/\/lospoliticosveracruz.com\/#organization"},"potentialAction":[{"@type":"SearchAction","target":{"@type":"EntryPoint","urlTemplate":"https:\/\/lospoliticosveracruz.com\/?s={search_term_string}"},"query-input":{"@type":"PropertyValueSpecification","valueRequired":true,"valueName":"search_term_string"}}],"inLanguage":"es"},{"@type":"Organization","@id":"https:\/\/lospoliticosveracruz.com\/#organization","name":"Los pol\u00edticos Veracruz","url":"https:\/\/lospoliticosveracruz.com\/","logo":{"@type":"ImageObject","inLanguage":"es","@id":"https:\/\/lospoliticosveracruz.com\/#\/schema\/logo\/image\/","url":"https:\/\/lospoliticosveracruz.com\/wp-content\/uploads\/2025\/12\/Logo-Nuevo-LOS-POLITICOS-1.jpg","contentUrl":"https:\/\/lospoliticosveracruz.com\/wp-content\/uploads\/2025\/12\/Logo-Nuevo-LOS-POLITICOS-1.jpg","width":260,"height":70,"caption":"Los pol\u00edticos Veracruz"},"image":{"@id":"https:\/\/lospoliticosveracruz.com\/#\/schema\/logo\/image\/"},"sameAs":["https:\/\/www.facebook.com\/people\/Notimemes-de-los-Polticos\/61565672886568\/","https:\/\/x.com\/LosPoliticosVer"]},{"@type":"Person","@id":"https:\/\/lospoliticosveracruz.com\/#\/schema\/person\/b8702bb0e538456e6efd07080bf2a4a2","name":"Lo viste en Los Pol\u00edticos","image":{"@type":"ImageObject","inLanguage":"es","@id":"https:\/\/secure.gravatar.com\/avatar\/3a8de04a2656d44082be478bd6c086daa447c4651605818287b9532d3d0bd435?s=96&d=mm&r=g","url":"https:\/\/secure.gravatar.com\/avatar\/3a8de04a2656d44082be478bd6c086daa447c4651605818287b9532d3d0bd435?s=96&d=mm&r=g","contentUrl":"https:\/\/secure.gravatar.com\/avatar\/3a8de04a2656d44082be478bd6c086daa447c4651605818287b9532d3d0bd435?s=96&d=mm&r=g","caption":"Lo viste en Los Pol\u00edticos"},"url":"https:\/\/lospoliticosveracruz.com\/?author=2"}]}},"_links":{"self":[{"href":"https:\/\/lospoliticosveracruz.com\/index.php?rest_route=\/wp\/v2\/posts\/133887","targetHints":{"allow":["GET"]}}],"collection":[{"href":"https:\/\/lospoliticosveracruz.com\/index.php?rest_route=\/wp\/v2\/posts"}],"about":[{"href":"https:\/\/lospoliticosveracruz.com\/index.php?rest_route=\/wp\/v2\/types\/post"}],"author":[{"embeddable":true,"href":"https:\/\/lospoliticosveracruz.com\/index.php?rest_route=\/wp\/v2\/users\/2"}],"replies":[{"embeddable":true,"href":"https:\/\/lospoliticosveracruz.com\/index.php?rest_route=%2Fwp%2Fv2%2Fcomments&post=133887"}],"version-history":[{"count":2,"href":"https:\/\/lospoliticosveracruz.com\/index.php?rest_route=\/wp\/v2\/posts\/133887\/revisions"}],"predecessor-version":[{"id":133889,"href":"https:\/\/lospoliticosveracruz.com\/index.php?rest_route=\/wp\/v2\/posts\/133887\/revisions\/133889"}],"wp:featuredmedia":[{"embeddable":true,"href":"https:\/\/lospoliticosveracruz.com\/index.php?rest_route=\/wp\/v2\/media\/120033"}],"wp:attachment":[{"href":"https:\/\/lospoliticosveracruz.com\/index.php?rest_route=%2Fwp%2Fv2%2Fmedia&parent=133887"}],"wp:term":[{"taxonomy":"category","embeddable":true,"href":"https:\/\/lospoliticosveracruz.com\/index.php?rest_route=%2Fwp%2Fv2%2Fcategories&post=133887"},{"taxonomy":"post_tag","embeddable":true,"href":"https:\/\/lospoliticosveracruz.com\/index.php?rest_route=%2Fwp%2Fv2%2Ftags&post=133887"}],"curies":[{"name":"wp","href":"https:\/\/api.w.org\/{rel}","templated":true}]}}